{"id":11891,"date":"2016-04-24T22:09:10","date_gmt":"2016-04-25T01:09:10","guid":{"rendered":"http:\/\/blogunasp.com.br\/?p=11891"},"modified":"2019-06-16T16:43:19","modified_gmt":"2019-06-16T19:43:19","slug":"como-prevenir-e-tratar-h1n1","status":"publish","type":"post","link":"https:\/\/unasp.br\/blog\/como-prevenir-e-tratar-h1n1\/","title":{"rendered":"Gripe H1N1: Como diagnosticar, prevenir e tratar?"},"content":{"rendered":"<p>[vc_row][vc_column][vc_text_paragraph]A gripe H1N1 \u00e9 uma doen\u00e7a causada por uma muta\u00e7\u00e3o do v\u00edrus da gripe. Tamb\u00e9m conhecida como gripe Influenza tipo A ou gripe su\u00edna. Assim, existem 3 tipos de v\u00edrus influenza: A, B e C. O v\u00edrus influenza C causa apenas infec\u00e7\u00f5es respirat\u00f3rias brandas, n\u00e3o possui impacto na sa\u00fade p\u00fablica e n\u00e3o est\u00e1 relacionado com epidemias. Mas, o v\u00edrus influenza A e B s\u00e3o respons\u00e1veis por epidemias sazonais, sendo o v\u00edrus influenza A respons\u00e1vel pelas grandes pandemias.<\/p>\n<p>Sendo assim, <a href=\"http:\/\/g1.globo.com\/ciencia-e-saude\/noticia\/2012\/06\/gripe-h1n1-em-2009-matou-mais-que-o-estimado-diz-estudo.html\"><strong>o v\u00edrus se disseminou pelo mundo em 2009<\/strong><\/a>, causando uma pandemia mundial \u2013 at\u00e9 o ano seguinte, 19 mil pessoas morreram segundo a <strong>OMS (Organiza\u00e7\u00e3o Mundial da Sa\u00fade)<\/strong>. Dessa forma, em 2016 j\u00e1 foram confirmadas pelo <strong>Minist\u00e9rio da Sa\u00fade<\/strong>, at\u00e9 o dia 9 de abril, 153 mortes por\u00a0<span class=\"premium-tip\">H1N1<\/span>\u00a0em todo o pa\u00eds. Ali\u00e1s, por ser uma doen\u00e7a que dissemina principalmente no inverno a <a href=\"http:\/\/www.iff.fiocruz.br\/index.php\/8-noticias\/239-h1n1sintomas\"><strong>Gripe H1N1<\/strong><\/a> chegou cedo aqui no pa\u00eds. Por isso, \u00e9 muito importante tomar certos cuidados desde agora.<\/p>\n<p style=\"text-align: center;\"><a href=\"https:\/\/www.unasp.br\/blog\/wp-content\/uploads\/2016\/04\/H1N1-01.jpg\"><img loading=\"lazy\" decoding=\"async\" class=\"aligncenter wp-image-11901\" src=\"https:\/\/www.unasp.br\/blog\/wp-content\/uploads\/2016\/04\/H1N1-01-1024x1024.jpg\" alt=\"H1N1-01\" width=\"800\" height=\"800\" srcset=\"https:\/\/cdn.unasp.br\/blog\/wp-content\/uploads\/2016\/04\/24213138\/H1N1-01-1024x1024.jpg 1024w, https:\/\/cdn.unasp.br\/blog\/wp-content\/uploads\/2016\/04\/24213138\/H1N1-01-150x150.jpg 150w, https:\/\/cdn.unasp.br\/blog\/wp-content\/uploads\/2016\/04\/24213138\/H1N1-01-300x300.jpg 300w, https:\/\/cdn.unasp.br\/blog\/wp-content\/uploads\/2016\/04\/24213138\/H1N1-01-768x768.jpg 768w, https:\/\/cdn.unasp.br\/blog\/wp-content\/uploads\/2016\/04\/24213138\/H1N1-01.jpg 1250w\" sizes=\"(max-width: 800px) 100vw, 800px\" \/><\/a><\/p>\n<h2><strong>Quais s\u00e3o as causas e tipo de transmiss\u00f5es?<\/strong><\/h2>\n<p>Portanto, a transmiss\u00e3o ocorre da mesma forma que a gripe comum.\u00a0Ap\u00f3s ser infectada pelo v\u00edrus uma pessoa pode demorar de um a quatro dias para apresentar os sintomas da doen\u00e7a. Por\u00e9m, pode demorar de um a sete dias para transmit\u00ed-lo a outras pessoas.<\/p>\n<p style=\"text-align: center;\"><a href=\"https:\/\/www.unasp.br\/blog\/wp-content\/uploads\/2016\/04\/H1N1-02-e1461541876731.jpg\"><img loading=\"lazy\" decoding=\"async\" class=\"aligncenter wp-image-11911 size-full\" src=\"https:\/\/www.unasp.br\/blog\/wp-content\/uploads\/2016\/04\/H1N1-02-e1461541876731.jpg\" alt=\"H1N1-02\" width=\"800\" height=\"800\" srcset=\"https:\/\/cdn.unasp.br\/blog\/wp-content\/uploads\/2016\/04\/24213146\/H1N1-02-e1461541876731.jpg 800w, https:\/\/cdn.unasp.br\/blog\/wp-content\/uploads\/2016\/04\/24213146\/H1N1-02-e1461541876731-150x150.jpg 150w, https:\/\/cdn.unasp.br\/blog\/wp-content\/uploads\/2016\/04\/24213146\/H1N1-02-e1461541876731-300x300.jpg 300w, https:\/\/cdn.unasp.br\/blog\/wp-content\/uploads\/2016\/04\/24213146\/H1N1-02-e1461541876731-768x768.jpg 768w\" sizes=\"(max-width: 800px) 100vw, 800px\" \/><\/a><\/p>\n<p>Por isso, para confirmar a doen\u00e7a \u00e9 necess\u00e1rio um diagn\u00f3stico m\u00e9dico, mas os principais sintomas s\u00e3o muito parecidos com a gripe comum, como:\u00a0febre, tosse, dor de garganta, calafrios e dores pelo corpo.<\/p>\n<p>Dor local: m\u00fasculos<br \/>\nNo aparelho gastrointestinal: diarreia, n\u00e1usea ou v\u00f4mito No corpo: febre, calafrios ou fadiga<br \/>\nNo nariz: congest\u00e3o, nariz escorrendo ou espirros e falta de ar.<\/p>\n<p style=\"text-align: center;\"><a href=\"https:\/\/www.unasp.br\/blog\/wp-content\/uploads\/2016\/04\/H1N1-SINTOMAS-04-e1461542463804.jpg\"><img loading=\"lazy\" decoding=\"async\" class=\"aligncenter wp-image-11921 size-full\" src=\"https:\/\/www.unasp.br\/blog\/wp-content\/uploads\/2016\/04\/H1N1-SINTOMAS-04-e1461542463804.jpg\" alt=\"H1N1 SINTOMAS-04\" width=\"800\" height=\"800\" srcset=\"https:\/\/cdn.unasp.br\/blog\/wp-content\/uploads\/2016\/04\/24213154\/H1N1-SINTOMAS-04-e1461542463804.jpg 800w, https:\/\/cdn.unasp.br\/blog\/wp-content\/uploads\/2016\/04\/24213154\/H1N1-SINTOMAS-04-e1461542463804-150x150.jpg 150w, https:\/\/cdn.unasp.br\/blog\/wp-content\/uploads\/2016\/04\/24213154\/H1N1-SINTOMAS-04-e1461542463804-300x300.jpg 300w, https:\/\/cdn.unasp.br\/blog\/wp-content\/uploads\/2016\/04\/24213154\/H1N1-SINTOMAS-04-e1461542463804-768x768.jpg 768w\" sizes=\"(max-width: 800px) 100vw, 800px\" \/><\/a><\/p>\n<p>Dessa maneira, para prevenir o cont\u00e1gio a\u00a0gripe <strong>H1N1<\/strong> segue as mesmas diretrizes da preven\u00e7\u00e3o de qualquer tipo de gripe, s\u00f3 que o cuidado deve ser redobrado:<\/p>\n<p>&#8211; Sendo assim, evite manter contato muito pr\u00f3ximo com uma pessoa que esteja infectada<\/p>\n<p>&#8211; Lave sempre as m\u00e3os com \u00e1gua e sab\u00e3o e evite levar as m\u00e3os ao rosto e, principalmente, \u00e0 boca<\/p>\n<p>&#8211; Leve sempre um frasco com \u00e1lcool-gel para garantir que as m\u00e3os sempre estejam esterilizadas<\/p>\n<p>&#8211; Mantenha h\u00e1bitos saud\u00e1veis. Alimente-se bem e coma bastante verduras e frutas. Beba bastante \u00e1gua<\/p>\n<p>&#8211; N\u00e3o compartilhe utens\u00edlios de uso pessoal, como toalhas, copos, talheres e travesseiros<\/p>\n<p>&#8211; Ali\u00e1s, se achar necess\u00e1rio, utilize uma m\u00e1scara para proteger-se de got\u00edculas infectadas que possam estar no ar<\/p>\n<p>&#8211; Evite frequentar locais fechados ou com muitas pessoas<\/p>\n<p>&#8211; Verifique com um m\u00e9dico se h\u00e1 necessidade de tomar a vacina que j\u00e1 est\u00e1 dispon\u00edvel contra a gripe H1N1.[\/vc_text_paragraph][vc_text_paragraph]<\/p>\n<h3>Est\u00e1 gostando dos conte\u00fados?<\/h3>\n<p>Assine a newsletter e receba todas as novidade direto no seu e-mail![\/vc_text_paragraph][vc_newsletter_with_email newsletter_id=&#8221;blog_conteudo_1&#8243; newsletter_msg_success=&#8221;Valeu por se inscrever! Em breve mandaremos as novidades do blog!&#8221;][vc_text_paragraph]<\/p>\n<p style=\"text-align: center;\"><a href=\"https:\/\/www.unasp.br\/blog\/wp-content\/uploads\/2016\/04\/H1N1-05.jpg\"><img loading=\"lazy\" decoding=\"async\" class=\"aligncenter wp-image-11922\" src=\"https:\/\/www.unasp.br\/blog\/wp-content\/uploads\/2016\/04\/H1N1-05-1024x1024.jpg\" alt=\"H1N1-05\" width=\"800\" height=\"800\" srcset=\"https:\/\/cdn.unasp.br\/blog\/wp-content\/uploads\/2016\/04\/24213205\/H1N1-05-1024x1024.jpg 1024w, https:\/\/cdn.unasp.br\/blog\/wp-content\/uploads\/2016\/04\/24213205\/H1N1-05-150x150.jpg 150w, https:\/\/cdn.unasp.br\/blog\/wp-content\/uploads\/2016\/04\/24213205\/H1N1-05-300x300.jpg 300w, https:\/\/cdn.unasp.br\/blog\/wp-content\/uploads\/2016\/04\/24213205\/H1N1-05-768x768.jpg 768w, https:\/\/cdn.unasp.br\/blog\/wp-content\/uploads\/2016\/04\/24213205\/H1N1-05.jpg 1250w\" sizes=\"(max-width: 800px) 100vw, 800px\" \/><\/a><\/p>\n<p>Entretanto, a maioria dos casos de gripe H1N1 foram sanados completamente sem a necessidade de interna\u00e7\u00e3o hospitalar ou do uso de antivirais. Mas, em alguns casos, no entanto, o uso de medicamentos e a observa\u00e7\u00e3o cl\u00ednica s\u00e3o necess\u00e1rios para garantir a recupera\u00e7\u00e3o do paciente.<\/p>\n<p style=\"text-align: center;\"><a href=\"https:\/\/www.unasp.br\/blog\/wp-content\/uploads\/2016\/04\/H1N1-06-e1461542598861.jpg\"><img loading=\"lazy\" decoding=\"async\" class=\"aligncenter wp-image-11941 size-full\" src=\"https:\/\/www.unasp.br\/blog\/wp-content\/uploads\/2016\/04\/H1N1-06-e1461542598861.jpg\" alt=\"H1N1-06\" width=\"800\" height=\"800\" srcset=\"https:\/\/cdn.unasp.br\/blog\/wp-content\/uploads\/2016\/04\/24213212\/H1N1-06-e1461542598861.jpg 800w, https:\/\/cdn.unasp.br\/blog\/wp-content\/uploads\/2016\/04\/24213212\/H1N1-06-e1461542598861-150x150.jpg 150w, https:\/\/cdn.unasp.br\/blog\/wp-content\/uploads\/2016\/04\/24213212\/H1N1-06-e1461542598861-300x300.jpg 300w, https:\/\/cdn.unasp.br\/blog\/wp-content\/uploads\/2016\/04\/24213212\/H1N1-06-e1461542598861-768x768.jpg 768w\" sizes=\"(max-width: 800px) 100vw, 800px\" \/><\/a><\/p>\n<p>No entanto, o <strong>Minist\u00e9rio da Sa\u00fade<\/strong> considera fatores de risco para complica\u00e7\u00e3o, com indica\u00e7\u00e3o de tratamento, tais casos como:<\/p>\n<p>&#8211; Gr\u00e1vidas em qualquer idade gestacional;<\/p>\n<p>&#8211; Pu\u00e9rperas at\u00e9 duas semanas ap\u00f3s o parto (incluindo as que tiveram aborto ou perda fetal);<\/p>\n<p>&#8211; Adultos com mais de\u00a060 anos;<\/p>\n<p>&#8211; Crian\u00e7as com menos de 2 anos;<\/p>\n<p>&#8211; Popula\u00e7\u00e3o ind\u00edgena;<\/p>\n<p>&#8211; Pneumopatias (incluindo asma); Cardiovasculopatias (excluindo hipertens\u00e3o arterial sist\u00eamica); Nefropatias; Hepatopatias;<\/p>\n<p>&#8211; Doen\u00e7as hematol\u00f3gicas (incluindo anemia falciforme);<\/p>\n<p>&#8211; Dist\u00farbios metab\u00f3licos (incluindo diabetes mellitus descompensado);<\/p>\n<p>&#8211; Transtornos neurol\u00f3gicos que podem comprometer a fun\u00e7\u00e3o respirat\u00f3ria ou aumentar o risco de aspira\u00e7\u00e3o (disfun\u00e7\u00e3o cognitiva, les\u00f5es medulares, epilepsia, paralisia cerebral, S\u00edndrome de Down, atraso de desenvolvimento, AVC ou doen\u00e7as neuromusculares);<\/p>\n<p>&#8211; Imunossupress\u00e3o (incluindo medicamentosa ou pelo v\u00edrus da imunodefici\u00eancia humana);<\/p>\n<p>&#8211; Obesidade;<\/p>\n<p>&#8211; Indiv\u00edduos menores de 19 anos de idade em uso prolongado com \u00e1cido acetilsalic\u00edlico (risco de S\u00edndrome de Reye).<\/p>\n<p style=\"text-align: center;\"><a href=\"https:\/\/www.unasp.br\/blog\/wp-content\/uploads\/2016\/04\/H1N1-07-e1461542826606.jpg\"><img loading=\"lazy\" decoding=\"async\" class=\"aligncenter wp-image-11951 size-full\" src=\"https:\/\/www.unasp.br\/blog\/wp-content\/uploads\/2016\/04\/H1N1-07-e1461542826606.jpg\" alt=\"H1N1-07\" width=\"800\" height=\"800\" srcset=\"https:\/\/cdn.unasp.br\/blog\/wp-content\/uploads\/2016\/04\/24213219\/H1N1-07-e1461542826606.jpg 800w, https:\/\/cdn.unasp.br\/blog\/wp-content\/uploads\/2016\/04\/24213219\/H1N1-07-e1461542826606-150x150.jpg 150w, https:\/\/cdn.unasp.br\/blog\/wp-content\/uploads\/2016\/04\/24213219\/H1N1-07-e1461542826606-300x300.jpg 300w, https:\/\/cdn.unasp.br\/blog\/wp-content\/uploads\/2016\/04\/24213219\/H1N1-07-e1461542826606-768x768.jpg 768w\" sizes=\"(max-width: 800px) 100vw, 800px\" \/><\/a><\/p>\n<h2><strong>Orienta\u00e7\u00f5es<\/strong><\/h2>\n<p>&#8211; Indiv\u00edduos que apresentem sintomas de gripe devem:<\/p>\n<p>&#8211; Evitar sair de casa em per\u00edodo de transmiss\u00e3o da doen\u00e7a (at\u00e9 7 dias ap\u00f3s o in\u00edcio dos sintomas);<\/p>\n<p>&#8211; Restringir ambiente de trabalho para evitar dissemina\u00e7\u00e3o;<\/p>\n<p>&#8211; Evitar aglomera\u00e7\u00f5es e ambientes fechados, procurando manter os ambientes ventilados;<\/p>\n<p>&#8211; Adotar h\u00e1bitos saud\u00e1veis, como alimenta\u00e7\u00e3o balanceada e ingest\u00e3o de l\u00edquidos;<\/p>\n<p><strong><a href=\"http:\/\/portalsaude.saude.gov.br\/index.php\/o-ministerio\/principal\/secretarias\/svs\/influenza\" target=\"_blank\" rel=\"noopener\">Fonte: Portal da Sa\u00fade\u00a0<\/a><\/strong><\/p>\n<h2>Leia tamb\u00e9m:<\/h2>\n<ul>\n<li style=\"text-align: left;\"><a href=\"https:\/\/www.unasp.br\/blog\/cuidar-da-saude-na-rotina\/\"><strong>6 dicas para cuidar da sa\u00fade na rotina de estudos<\/strong><\/a><\/li>\n<li style=\"text-align: left;\"><a href=\"https:\/\/www.unasp.br\/blog\/saude-do-futuro\/\"><strong>Sa\u00fade do futuro: mais conectada e high-tech. Descubra o que vem por a\u00ed!<\/strong><\/a><\/li>\n<li style=\"text-align: left;\"><a href=\"https:\/\/www.unasp.br\/blog\/habitos-para-manter-a-saude-em-dia\/\"><strong>6 h\u00e1bitos para manter a sa\u00fade f\u00edsica e mental em dia<\/strong><\/a><\/li>\n<li style=\"text-align: left;\"><a href=\"https:\/\/www.unasp.br\/blog\/saude-emocional-08-atitudes\/\"><strong>Sa\u00fade emocional: 08 atitudes que v\u00e3o deixar o seu dia t\u00e3o melhor!<\/strong><\/a><\/li>\n<\/ul>\n<p>&nbsp;<\/p>\n<p>[\/vc_text_paragraph][vc_text_paragraph]<\/p>\n<h3>Ei, n\u00e3o v\u00e1 embora sem assinar a nossa newsletter!<\/h3>\n<p>\u00c9 s\u00f3 colocar seu e-mail aqui em baixo para receber os melhores conte\u00fados do blog.[\/vc_text_paragraph][vc_newsletter_with_email newsletter_id=&#8221;blog_conteudo_2&#8243; newsletter_msg_success=&#8221;Valeu por se inscrever! Em breve mandaremos as novidades do blog!&#8221;][\/vc_column][\/vc_row]<\/p>\n","protected":false},"excerpt":{"rendered":"<p>[vc_row][vc_column][vc_text_paragraph]A gripe H1N1 \u00e9 uma doen\u00e7a causada por uma muta\u00e7\u00e3o do v\u00edrus da gripe. Tamb\u00e9m conhecida como gripe Influenza tipo A ou gripe su\u00edna. Assim, existem 3 tipos de v\u00edrus influenza: A, B e C. O v\u00edrus influenza C causa apenas infec\u00e7\u00f5es respirat\u00f3rias brandas, n\u00e3o possui impacto na sa\u00fade p\u00fablica e n\u00e3o est\u00e1 relacionado com [&hellip;]<\/p>\n","protected":false},"author":45,"featured_media":11901,"comment_status":"open","ping_status":"open","sticky":false,"template":"","format":"standard","meta":{"footnotes":""},"categories":[180],"tags":[],"yoast_head":"<!-- This site is optimized with the Yoast SEO plugin v22.0 - https:\/\/yoast.com\/wordpress\/plugins\/seo\/ -->\n<title>Gripe H1N1: Como diagnosticar, prevenir e tratar?<\/title>\n<meta name=\"description\" content=\"A gripe H1N1 \u00e9 uma doen\u00e7a causada por uma muta\u00e7\u00e3o do v\u00edrus da gripe. Por isso, listamos alguns h\u00e1bitos para voc\u00ea prevenir e tratar dessa doen\u00e7a.\" \/>\n<meta name=\"robots\" content=\"index, follow, max-snippet:-1, max-image-preview:large, max-video-preview:-1\" \/>\n<link rel=\"canonical\" href=\"https:\/\/unasp.br\/blog\/como-prevenir-e-tratar-h1n1\/\" \/>\n<meta property=\"og:locale\" content=\"pt_BR\" \/>\n<meta property=\"og:type\" content=\"article\" \/>\n<meta property=\"og:title\" content=\"Gripe H1N1: Como diagnosticar, prevenir e tratar?\" \/>\n<meta property=\"og:description\" content=\"A gripe H1N1 \u00e9 uma doen\u00e7a causada por uma muta\u00e7\u00e3o do v\u00edrus da gripe. Por isso, listamos alguns h\u00e1bitos para voc\u00ea prevenir e tratar dessa doen\u00e7a.\" \/>\n<meta property=\"og:url\" content=\"https:\/\/unasp.br\/blog\/como-prevenir-e-tratar-h1n1\/\" \/>\n<meta property=\"og:site_name\" content=\"Blog do UNASP\" \/>\n<meta property=\"article:published_time\" content=\"2016-04-25T01:09:10+00:00\" \/>\n<meta property=\"article:modified_time\" content=\"2019-06-16T19:43:19+00:00\" \/>\n<meta property=\"og:image\" content=\"https:\/\/cdn.unasp.br\/blog\/wp-content\/uploads\/2016\/04\/24213138\/H1N1-01.jpg\" \/>\n\t<meta property=\"og:image:width\" content=\"1250\" \/>\n\t<meta property=\"og:image:height\" content=\"1250\" \/>\n\t<meta property=\"og:image:type\" content=\"image\/jpeg\" \/>\n<meta name=\"author\" content=\"Marketing UNASP - Blog\" \/>\n<meta name=\"twitter:card\" content=\"summary_large_image\" \/>\n<meta name=\"twitter:label1\" content=\"Escrito por\" \/>\n\t<meta name=\"twitter:data1\" content=\"Marketing UNASP - Blog\" \/>\n\t<meta name=\"twitter:label2\" content=\"Est. tempo de leitura\" \/>\n\t<meta name=\"twitter:data2\" content=\"5 minutos\" \/>\n<script type=\"application\/ld+json\" class=\"yoast-schema-graph\">{\"@context\":\"https:\/\/schema.org\",\"@graph\":[{\"@type\":\"WebPage\",\"@id\":\"https:\/\/unasp.br\/blog\/como-prevenir-e-tratar-h1n1\/\",\"url\":\"https:\/\/unasp.br\/blog\/como-prevenir-e-tratar-h1n1\/\",\"name\":\"Gripe H1N1: Como diagnosticar, prevenir e tratar?\",\"isPartOf\":{\"@id\":\"https:\/\/unasp.br\/blog\/#website\"},\"datePublished\":\"2016-04-25T01:09:10+00:00\",\"dateModified\":\"2019-06-16T19:43:19+00:00\",\"author\":{\"@id\":\"https:\/\/unasp.br\/blog\/#\/schema\/person\/0342ec8726577903070b312b0842c614\"},\"description\":\"A gripe H1N1 \u00e9 uma doen\u00e7a causada por uma muta\u00e7\u00e3o do v\u00edrus da gripe. Por isso, listamos alguns h\u00e1bitos para voc\u00ea prevenir e tratar dessa doen\u00e7a.\",\"breadcrumb\":{\"@id\":\"https:\/\/unasp.br\/blog\/como-prevenir-e-tratar-h1n1\/#breadcrumb\"},\"inLanguage\":\"pt-BR\",\"potentialAction\":[{\"@type\":\"ReadAction\",\"target\":[\"https:\/\/unasp.br\/blog\/como-prevenir-e-tratar-h1n1\/\"]}]},{\"@type\":\"BreadcrumbList\",\"@id\":\"https:\/\/unasp.br\/blog\/como-prevenir-e-tratar-h1n1\/#breadcrumb\",\"itemListElement\":[{\"@type\":\"ListItem\",\"position\":1,\"name\":\"In\u00edcio\",\"item\":\"https:\/\/unasp.br\/blog\/\"},{\"@type\":\"ListItem\",\"position\":2,\"name\":\"Gripe H1N1: Como diagnosticar, prevenir e tratar?\"}]},{\"@type\":\"WebSite\",\"@id\":\"https:\/\/unasp.br\/blog\/#website\",\"url\":\"https:\/\/unasp.br\/blog\/\",\"name\":\"Blog do UNASP\",\"description\":\"Centro Universit\u00e1rio Adventista de S\u00e3o Paulo\",\"potentialAction\":[{\"@type\":\"SearchAction\",\"target\":{\"@type\":\"EntryPoint\",\"urlTemplate\":\"https:\/\/unasp.br\/blog\/?s={search_term_string}\"},\"query-input\":\"required name=search_term_string\"}],\"inLanguage\":\"pt-BR\"},{\"@type\":\"Person\",\"@id\":\"https:\/\/unasp.br\/blog\/#\/schema\/person\/0342ec8726577903070b312b0842c614\",\"name\":\"Marketing UNASP - Blog\",\"image\":{\"@type\":\"ImageObject\",\"inLanguage\":\"pt-BR\",\"@id\":\"https:\/\/unasp.br\/blog\/#\/schema\/person\/image\/\",\"url\":\"https:\/\/cdn.unasp.br\/blog\/wp-content\/uploads\/2022\/04\/AVATAR-UNASP-150x150.jpg\",\"contentUrl\":\"https:\/\/cdn.unasp.br\/blog\/wp-content\/uploads\/2022\/04\/AVATAR-UNASP-150x150.jpg\",\"caption\":\"Marketing UNASP - Blog\"},\"url\":\"https:\/\/unasp.br\/blog\/author\/marketing-unasp\/\"}]}<\/script>\n<!-- \/ Yoast SEO plugin. -->","yoast_head_json":{"title":"Gripe H1N1: Como diagnosticar, prevenir e tratar?","description":"A gripe H1N1 \u00e9 uma doen\u00e7a causada por uma muta\u00e7\u00e3o do v\u00edrus da gripe. Por isso, listamos alguns h\u00e1bitos para voc\u00ea prevenir e tratar dessa doen\u00e7a.","robots":{"index":"index","follow":"follow","max-snippet":"max-snippet:-1","max-image-preview":"max-image-preview:large","max-video-preview":"max-video-preview:-1"},"canonical":"https:\/\/unasp.br\/blog\/como-prevenir-e-tratar-h1n1\/","og_locale":"pt_BR","og_type":"article","og_title":"Gripe H1N1: Como diagnosticar, prevenir e tratar?","og_description":"A gripe H1N1 \u00e9 uma doen\u00e7a causada por uma muta\u00e7\u00e3o do v\u00edrus da gripe. Por isso, listamos alguns h\u00e1bitos para voc\u00ea prevenir e tratar dessa doen\u00e7a.","og_url":"https:\/\/unasp.br\/blog\/como-prevenir-e-tratar-h1n1\/","og_site_name":"Blog do UNASP","article_published_time":"2016-04-25T01:09:10+00:00","article_modified_time":"2019-06-16T19:43:19+00:00","og_image":[{"width":1250,"height":1250,"url":"https:\/\/cdn.unasp.br\/blog\/wp-content\/uploads\/2016\/04\/24213138\/H1N1-01.jpg","type":"image\/jpeg"}],"author":"Marketing UNASP - Blog","twitter_card":"summary_large_image","twitter_misc":{"Escrito por":"Marketing UNASP - Blog","Est. tempo de leitura":"5 minutos"},"schema":{"@context":"https:\/\/schema.org","@graph":[{"@type":"WebPage","@id":"https:\/\/unasp.br\/blog\/como-prevenir-e-tratar-h1n1\/","url":"https:\/\/unasp.br\/blog\/como-prevenir-e-tratar-h1n1\/","name":"Gripe H1N1: Como diagnosticar, prevenir e tratar?","isPartOf":{"@id":"https:\/\/unasp.br\/blog\/#website"},"datePublished":"2016-04-25T01:09:10+00:00","dateModified":"2019-06-16T19:43:19+00:00","author":{"@id":"https:\/\/unasp.br\/blog\/#\/schema\/person\/0342ec8726577903070b312b0842c614"},"description":"A gripe H1N1 \u00e9 uma doen\u00e7a causada por uma muta\u00e7\u00e3o do v\u00edrus da gripe. Por isso, listamos alguns h\u00e1bitos para voc\u00ea prevenir e tratar dessa doen\u00e7a.","breadcrumb":{"@id":"https:\/\/unasp.br\/blog\/como-prevenir-e-tratar-h1n1\/#breadcrumb"},"inLanguage":"pt-BR","potentialAction":[{"@type":"ReadAction","target":["https:\/\/unasp.br\/blog\/como-prevenir-e-tratar-h1n1\/"]}]},{"@type":"BreadcrumbList","@id":"https:\/\/unasp.br\/blog\/como-prevenir-e-tratar-h1n1\/#breadcrumb","itemListElement":[{"@type":"ListItem","position":1,"name":"In\u00edcio","item":"https:\/\/unasp.br\/blog\/"},{"@type":"ListItem","position":2,"name":"Gripe H1N1: Como diagnosticar, prevenir e tratar?"}]},{"@type":"WebSite","@id":"https:\/\/unasp.br\/blog\/#website","url":"https:\/\/unasp.br\/blog\/","name":"Blog do UNASP","description":"Centro Universit\u00e1rio Adventista de S\u00e3o Paulo","potentialAction":[{"@type":"SearchAction","target":{"@type":"EntryPoint","urlTemplate":"https:\/\/unasp.br\/blog\/?s={search_term_string}"},"query-input":"required name=search_term_string"}],"inLanguage":"pt-BR"},{"@type":"Person","@id":"https:\/\/unasp.br\/blog\/#\/schema\/person\/0342ec8726577903070b312b0842c614","name":"Marketing UNASP - Blog","image":{"@type":"ImageObject","inLanguage":"pt-BR","@id":"https:\/\/unasp.br\/blog\/#\/schema\/person\/image\/","url":"https:\/\/cdn.unasp.br\/blog\/wp-content\/uploads\/2022\/04\/AVATAR-UNASP-150x150.jpg","contentUrl":"https:\/\/cdn.unasp.br\/blog\/wp-content\/uploads\/2022\/04\/AVATAR-UNASP-150x150.jpg","caption":"Marketing UNASP - Blog"},"url":"https:\/\/unasp.br\/blog\/author\/marketing-unasp\/"}]}},"_links":{"self":[{"href":"https:\/\/unasp.br\/blog\/wp-json\/wp\/v2\/posts\/11891"}],"collection":[{"href":"https:\/\/unasp.br\/blog\/wp-json\/wp\/v2\/posts"}],"about":[{"href":"https:\/\/unasp.br\/blog\/wp-json\/wp\/v2\/types\/post"}],"author":[{"embeddable":true,"href":"https:\/\/unasp.br\/blog\/wp-json\/wp\/v2\/users\/45"}],"replies":[{"embeddable":true,"href":"https:\/\/unasp.br\/blog\/wp-json\/wp\/v2\/comments?post=11891"}],"version-history":[{"count":5,"href":"https:\/\/unasp.br\/blog\/wp-json\/wp\/v2\/posts\/11891\/revisions"}],"predecessor-version":[{"id":61017,"href":"https:\/\/unasp.br\/blog\/wp-json\/wp\/v2\/posts\/11891\/revisions\/61017"}],"wp:featuredmedia":[{"embeddable":true,"href":"https:\/\/unasp.br\/blog\/wp-json\/wp\/v2\/media\/11901"}],"wp:attachment":[{"href":"https:\/\/unasp.br\/blog\/wp-json\/wp\/v2\/media?parent=11891"}],"wp:term":[{"taxonomy":"category","embeddable":true,"href":"https:\/\/unasp.br\/blog\/wp-json\/wp\/v2\/categories?post=11891"},{"taxonomy":"post_tag","embeddable":true,"href":"https:\/\/unasp.br\/blog\/wp-json\/wp\/v2\/tags?post=11891"}],"curies":[{"name":"wp","href":"https:\/\/api.w.org\/{rel}","templated":true}]}}