{"id":15461,"date":"2016-09-29T14:04:53","date_gmt":"2016-09-29T17:04:53","guid":{"rendered":"http:\/\/blogunasp.com.br\/?p=15461"},"modified":"2019-02-05T20:50:24","modified_gmt":"2019-02-05T22:50:24","slug":"estude-para-o-vestibular-unasp-proposta-de-redacao-2015","status":"publish","type":"post","link":"https:\/\/unasp.br\/blog\/estude-para-o-vestibular-unasp-proposta-de-redacao-2015\/","title":{"rendered":"Estude para o vestibular Unasp: Proposta de reda\u00e7\u00e3o 2015"},"content":{"rendered":"<p>[vc_row][vc_column][vc_text_paragraph]<\/p>\n<div class=\"column\">\n<p style=\"text-align: center;\"><span style=\"text-align: left;\">Para ajudar voc\u00ea, que <\/span><a style=\"text-align: left;\" href=\"http:\/\/unasp.edu.br\/ProcessoSeletivo\/Home\">vai prestar o vestibular do Unasp<\/a><span style=\"text-align: left;\">, nossa equipe do Processo Seletivo est\u00e1 liberando os temas das reda\u00e7\u00f5es das provas dos \u00faltimos cinco anos! A partir de hoje todos os dias voc\u00ea pode acessar nosso blog para conferir os temas.<\/span><\/p>\n<\/div>\n<p>Preparados? Vamos estudar!<\/p>\n<p><em>Os temas de hoje foram exigidos no exame de 2015.\u00a0<\/em><\/p>\n<p><strong><em>Observa\u00e7\u00f5es:<\/em><\/strong><\/p>\n<p><em>\u2022 Leia as duas propostas e escolha uma delas;<\/em><\/p>\n<p><em>\u2022 Lembre<\/em><em>\u2010<\/em><em>se de que a produ\u00e7\u00e3o de seu texto dissertativo argumentativo requer o uso da l\u00edngua escrita culta eque dissertar \u00e9 expor ideias de modo claro e coerente. Portanto, suas conclus\u00f5es devem decorrer da<\/em>\u2028<em>argumenta\u00e7\u00e3o que voc\u00ea tiver apresentado;<\/em><\/p>\n<p><em>\u2022 Seu texto dever\u00e1 ter, pelo menos;<\/em><\/p>\n<p><em>\u2022 D\u00ea um t\u00edtulo ao seu texto.<\/em><\/p>\n<hr \/>\n<h2><span style=\"color: #ff6600;\"><strong>PROPOSTA A: Gentileza e Simpatia<\/strong><\/span><\/h2>\n<h2><strong>Texto 1<\/strong><\/h2>\n<p>H\u00e1, nas sociedades contempor\u00e2neas em geral, um abandono das formas de boa conviv\u00eancia. \u00c9 como se a gentileza tivesse sido banida dos arranjos sociais. Basta observar as pessoas no tr\u00e2nsito: \u00e9 uma guerra constante entre motoristas, pedestres e autoridades fiscalizadoras. Nas trocas comerciais, \u00e9 semelhante: quando \u00e9 que somos bem tratados? E em reparti\u00e7\u00f5es p\u00fablicas? Parece que toda vez temos que implorar por bom atendimento. Isso \u00e9 um reflexo da perda de algo fundamental para o bom andamento de uma sociedade: a necessidade da gentileza, do cuidado e da aten\u00e7\u00e3o com o outro.<\/p>\n<p style=\"text-align: right;\"><em>Tiago Boldariniy<\/em><\/p>\n<p>[\/vc_text_paragraph][vc_text_paragraph]<\/p>\n<h3>Est\u00e1 gostando dos conte\u00fados?<\/h3>\n<p>Assine a newsletter e receba todas as novidade direto no seu e-mail![\/vc_text_paragraph][vc_newsletter_with_email newsletter_id=&#8221;blog_conteudo_1&#8243; newsletter_msg_success=&#8221;Valeu por se inscrever! Em breve mandaremos as novidades do blog!&#8221;][vc_text_paragraph]<\/p>\n<div class=\"column\" style=\"text-align: left;\">\n<div class=\"page\" title=\"Page 2\">\n<div class=\"layoutArea\">\n<div class=\"column\"><\/div>\n<h2><strong>Texto 2<\/strong><\/h2>\n<p>O que \u00e9 ser gentil e simp\u00e1tico pra voc\u00ea? Qual a import\u00e2ncia da gentileza e da simpatia na sociedade? Gentileza e simpatia ainda existem? Como?<\/p>\n<p style=\"text-align: right;\"><em>Pergunta postada no YahooBrasil<\/em><em>\u2010<\/em><em>Respostas, acesso em 09\/2010 (adaptado)<\/em><\/p>\n<p>&nbsp;<\/p>\n<h2><span style=\"color: #ff6600;\"><strong>PROPOSTA B: Fofoca<\/strong><\/span><\/h2>\n<h2><strong>Texto 1<\/strong><\/h2>\n<p>A fofoca tem muitas caras. Uma delas consiste em espalharmos o que n\u00e3o \u00e9 verdade, o que \u00e9 apenas um boato; outra, em passarmos adiante a verdade a n\u00f3s confiada de modo confidencial. (&#8230;) Podemos fugir de ambas as situa\u00e7\u00f5es. Quando recortamos a verdade contada em sigilo e a colamos em outra moldura, em outro contexto, furtamos da verdade suas condi\u00e7\u00f5es de produ\u00e7\u00e3o originais e o que era um ato de confiss\u00e3o e de grandeza pode se transformar numa arma de acusa\u00e7\u00e3o e deprecia\u00e7\u00e3o. J\u00e1 n\u00e3o \u00e9 mais a verdade.<\/p>\n<p style=\"text-align: right;\"><em>O educador e a fofoca virtual, J C Perez<\/em><\/p>\n<h2><strong>Texto 2<\/strong><\/h2>\n<p>Caros leitores, a fofoca n\u00e3o tem compaix\u00e3o. Ou melhor, os fofoqueiros n\u00e3o t\u00eam piedade. Eles t\u00eam \u00e9 inveja. E ela n\u00e3o deixa espa\u00e7o \u00e0 raz\u00e3o, \u00e0 compaix\u00e3o pelo outro. A fofoca mobiliza for\u00e7as irracionais, geralmente est\u00e1 acompanhada pela infelicidade, pela raiva ou ang\u00fastia. Se eu n\u00e3o estou feliz, a culpa \u00e9 do outro, pensa o fofoqueiro. Os indiv\u00edduos tomados pela fofoca ou inveja, perturbam a vida e o trabalho dos colegas. Difamam, bisbilhotam outras pessoas. Paradoxalmente, t\u00eam medo da responsabilidade e da liberdade.<\/p>\n<p style=\"text-align: right;\"><em>Luciana Andrade<\/em><\/p>\n<\/div>\n<\/div>\n<\/div>\n<p>[\/vc_text_paragraph][vc_text_paragraph]<\/p>\n<h3>Ei, n\u00e3o v\u00e1 embora sem assinar a nossa newsletter!<\/h3>\n<p>\u00c9 s\u00f3 colocar seu e-mail aqui em baixo para receber os melhores conte\u00fados do blog.[\/vc_text_paragraph][vc_newsletter_with_email newsletter_id=&#8221;blog_conteudo_2&#8243; newsletter_msg_success=&#8221;Valeu por se inscrever! Em breve mandaremos as novidades do blog!&#8221;][vc_text_paragraph]<\/p>\n<h2><span style=\"color: #ff6600;\">Leia tamb\u00e9m:<\/span><\/h2>\n<p><a href=\"https:\/\/www.unasp.br\/blog\/estude-para-o-vestibular-unasp-proposta-de-redacao-2014\/\">&#8211; Proposta de reda\u00e7\u00e3o 2014<\/a><\/p>\n<p><a href=\"https:\/\/www.unasp.br\/blog\/estude-para-o-vestibular-unasp-proposta-de-redacao-2013\/\">&#8211; Proposta de reda\u00e7\u00e3o 2013<\/a><\/p>\n<p><a href=\"https:\/\/www.unasp.br\/blog\/estude-para-o-vestibular-unasp-proposta-de-redacao-unasp-2012\/\">&#8211; Proposta de reda\u00e7\u00e3o 2012<\/a><\/p>\n<p><a href=\"https:\/\/www.unasp.br\/blog\/estude-para-o-vestibular-unasp-proposta-de-redacao-unasp-2011\/\">&#8211; Proposta de reda\u00e7\u00e3o 2011<\/a>[\/vc_text_paragraph][\/vc_column][\/vc_row]<\/p>\n","protected":false},"excerpt":{"rendered":"<p>[vc_row][vc_column][vc_text_paragraph] Para ajudar voc\u00ea, que vai prestar o vestibular do Unasp, nossa equipe do Processo Seletivo est\u00e1 liberando os temas das reda\u00e7\u00f5es das provas dos \u00faltimos cinco anos! A partir de hoje todos os dias voc\u00ea pode acessar nosso blog para conferir os temas. Preparados? Vamos estudar! Os temas de hoje foram exigidos no exame [&hellip;]<\/p>\n","protected":false},"author":45,"featured_media":15501,"comment_status":"open","ping_status":"open","sticky":false,"template":"","format":"standard","meta":{"footnotes":""},"categories":[740],"tags":[305,491,534],"yoast_head":"<!-- This site is optimized with the Yoast SEO plugin v22.0 - https:\/\/yoast.com\/wordpress\/plugins\/seo\/ -->\n<title>Estude para o vestibular Unasp: Proposta de reda\u00e7\u00e3o 2015 - Blog do UNASP<\/title>\n<meta name=\"robots\" content=\"index, follow, max-snippet:-1, max-image-preview:large, max-video-preview:-1\" \/>\n<link rel=\"canonical\" href=\"https:\/\/unasp.br\/blog\/estude-para-o-vestibular-unasp-proposta-de-redacao-2015\/\" \/>\n<meta property=\"og:locale\" content=\"pt_BR\" \/>\n<meta property=\"og:type\" content=\"article\" \/>\n<meta property=\"og:title\" content=\"Estude para o vestibular Unasp: Proposta de reda\u00e7\u00e3o 2015 - Blog do UNASP\" \/>\n<meta property=\"og:description\" content=\"[vc_row][vc_column][vc_text_paragraph] Para ajudar voc\u00ea, que vai prestar o vestibular do Unasp, nossa equipe do Processo Seletivo est\u00e1 liberando os temas das reda\u00e7\u00f5es das provas dos \u00faltimos cinco anos! A partir de hoje todos os dias voc\u00ea pode acessar nosso blog para conferir os temas. Preparados? Vamos estudar! Os temas de hoje foram exigidos no exame [&hellip;]\" \/>\n<meta property=\"og:url\" content=\"https:\/\/unasp.br\/blog\/estude-para-o-vestibular-unasp-proposta-de-redacao-2015\/\" \/>\n<meta property=\"og:site_name\" content=\"Blog do UNASP\" \/>\n<meta property=\"article:published_time\" content=\"2016-09-29T17:04:53+00:00\" \/>\n<meta property=\"article:modified_time\" content=\"2019-02-05T22:50:24+00:00\" \/>\n<meta property=\"og:image\" content=\"https:\/\/cdn.unasp.br\/blog\/wp-content\/uploads\/2016\/09\/24215957\/I-e1475167324937.png\" \/>\n\t<meta property=\"og:image:width\" content=\"700\" \/>\n\t<meta property=\"og:image:height\" content=\"467\" \/>\n\t<meta property=\"og:image:type\" content=\"image\/png\" \/>\n<meta name=\"author\" content=\"Marketing UNASP - Blog\" \/>\n<meta name=\"twitter:card\" content=\"summary_large_image\" \/>\n<meta name=\"twitter:label1\" content=\"Escrito por\" \/>\n\t<meta name=\"twitter:data1\" content=\"Marketing UNASP - Blog\" \/>\n\t<meta name=\"twitter:label2\" content=\"Est. tempo de leitura\" \/>\n\t<meta name=\"twitter:data2\" content=\"3 minutos\" \/>\n<script type=\"application\/ld+json\" class=\"yoast-schema-graph\">{\"@context\":\"https:\/\/schema.org\",\"@graph\":[{\"@type\":\"WebPage\",\"@id\":\"https:\/\/unasp.br\/blog\/estude-para-o-vestibular-unasp-proposta-de-redacao-2015\/\",\"url\":\"https:\/\/unasp.br\/blog\/estude-para-o-vestibular-unasp-proposta-de-redacao-2015\/\",\"name\":\"Estude para o vestibular Unasp: Proposta de reda\u00e7\u00e3o 2015 - Blog do UNASP\",\"isPartOf\":{\"@id\":\"https:\/\/unasp.br\/blog\/#website\"},\"datePublished\":\"2016-09-29T17:04:53+00:00\",\"dateModified\":\"2019-02-05T22:50:24+00:00\",\"author\":{\"@id\":\"https:\/\/unasp.br\/blog\/#\/schema\/person\/0342ec8726577903070b312b0842c614\"},\"breadcrumb\":{\"@id\":\"https:\/\/unasp.br\/blog\/estude-para-o-vestibular-unasp-proposta-de-redacao-2015\/#breadcrumb\"},\"inLanguage\":\"pt-BR\",\"potentialAction\":[{\"@type\":\"ReadAction\",\"target\":[\"https:\/\/unasp.br\/blog\/estude-para-o-vestibular-unasp-proposta-de-redacao-2015\/\"]}]},{\"@type\":\"BreadcrumbList\",\"@id\":\"https:\/\/unasp.br\/blog\/estude-para-o-vestibular-unasp-proposta-de-redacao-2015\/#breadcrumb\",\"itemListElement\":[{\"@type\":\"ListItem\",\"position\":1,\"name\":\"In\u00edcio\",\"item\":\"https:\/\/unasp.br\/blog\/\"},{\"@type\":\"ListItem\",\"position\":2,\"name\":\"Estude para o vestibular Unasp: Proposta de reda\u00e7\u00e3o 2015\"}]},{\"@type\":\"WebSite\",\"@id\":\"https:\/\/unasp.br\/blog\/#website\",\"url\":\"https:\/\/unasp.br\/blog\/\",\"name\":\"Blog do UNASP\",\"description\":\"Centro Universit\u00e1rio Adventista de S\u00e3o Paulo\",\"potentialAction\":[{\"@type\":\"SearchAction\",\"target\":{\"@type\":\"EntryPoint\",\"urlTemplate\":\"https:\/\/unasp.br\/blog\/?s={search_term_string}\"},\"query-input\":\"required name=search_term_string\"}],\"inLanguage\":\"pt-BR\"},{\"@type\":\"Person\",\"@id\":\"https:\/\/unasp.br\/blog\/#\/schema\/person\/0342ec8726577903070b312b0842c614\",\"name\":\"Marketing UNASP - Blog\",\"image\":{\"@type\":\"ImageObject\",\"inLanguage\":\"pt-BR\",\"@id\":\"https:\/\/unasp.br\/blog\/#\/schema\/person\/image\/\",\"url\":\"https:\/\/cdn.unasp.br\/blog\/wp-content\/uploads\/2022\/04\/AVATAR-UNASP-150x150.jpg\",\"contentUrl\":\"https:\/\/cdn.unasp.br\/blog\/wp-content\/uploads\/2022\/04\/AVATAR-UNASP-150x150.jpg\",\"caption\":\"Marketing UNASP - Blog\"},\"url\":\"https:\/\/unasp.br\/blog\/author\/marketing-unasp\/\"}]}<\/script>\n<!-- \/ Yoast SEO plugin. -->","yoast_head_json":{"title":"Estude para o vestibular Unasp: Proposta de reda\u00e7\u00e3o 2015 - Blog do UNASP","robots":{"index":"index","follow":"follow","max-snippet":"max-snippet:-1","max-image-preview":"max-image-preview:large","max-video-preview":"max-video-preview:-1"},"canonical":"https:\/\/unasp.br\/blog\/estude-para-o-vestibular-unasp-proposta-de-redacao-2015\/","og_locale":"pt_BR","og_type":"article","og_title":"Estude para o vestibular Unasp: Proposta de reda\u00e7\u00e3o 2015 - Blog do UNASP","og_description":"[vc_row][vc_column][vc_text_paragraph] Para ajudar voc\u00ea, que vai prestar o vestibular do Unasp, nossa equipe do Processo Seletivo est\u00e1 liberando os temas das reda\u00e7\u00f5es das provas dos \u00faltimos cinco anos! A partir de hoje todos os dias voc\u00ea pode acessar nosso blog para conferir os temas. Preparados? Vamos estudar! Os temas de hoje foram exigidos no exame [&hellip;]","og_url":"https:\/\/unasp.br\/blog\/estude-para-o-vestibular-unasp-proposta-de-redacao-2015\/","og_site_name":"Blog do UNASP","article_published_time":"2016-09-29T17:04:53+00:00","article_modified_time":"2019-02-05T22:50:24+00:00","og_image":[{"width":700,"height":467,"url":"https:\/\/cdn.unasp.br\/blog\/wp-content\/uploads\/2016\/09\/24215957\/I-e1475167324937.png","type":"image\/png"}],"author":"Marketing UNASP - Blog","twitter_card":"summary_large_image","twitter_misc":{"Escrito por":"Marketing UNASP - Blog","Est. tempo de leitura":"3 minutos"},"schema":{"@context":"https:\/\/schema.org","@graph":[{"@type":"WebPage","@id":"https:\/\/unasp.br\/blog\/estude-para-o-vestibular-unasp-proposta-de-redacao-2015\/","url":"https:\/\/unasp.br\/blog\/estude-para-o-vestibular-unasp-proposta-de-redacao-2015\/","name":"Estude para o vestibular Unasp: Proposta de reda\u00e7\u00e3o 2015 - Blog do UNASP","isPartOf":{"@id":"https:\/\/unasp.br\/blog\/#website"},"datePublished":"2016-09-29T17:04:53+00:00","dateModified":"2019-02-05T22:50:24+00:00","author":{"@id":"https:\/\/unasp.br\/blog\/#\/schema\/person\/0342ec8726577903070b312b0842c614"},"breadcrumb":{"@id":"https:\/\/unasp.br\/blog\/estude-para-o-vestibular-unasp-proposta-de-redacao-2015\/#breadcrumb"},"inLanguage":"pt-BR","potentialAction":[{"@type":"ReadAction","target":["https:\/\/unasp.br\/blog\/estude-para-o-vestibular-unasp-proposta-de-redacao-2015\/"]}]},{"@type":"BreadcrumbList","@id":"https:\/\/unasp.br\/blog\/estude-para-o-vestibular-unasp-proposta-de-redacao-2015\/#breadcrumb","itemListElement":[{"@type":"ListItem","position":1,"name":"In\u00edcio","item":"https:\/\/unasp.br\/blog\/"},{"@type":"ListItem","position":2,"name":"Estude para o vestibular Unasp: Proposta de reda\u00e7\u00e3o 2015"}]},{"@type":"WebSite","@id":"https:\/\/unasp.br\/blog\/#website","url":"https:\/\/unasp.br\/blog\/","name":"Blog do UNASP","description":"Centro Universit\u00e1rio Adventista de S\u00e3o Paulo","potentialAction":[{"@type":"SearchAction","target":{"@type":"EntryPoint","urlTemplate":"https:\/\/unasp.br\/blog\/?s={search_term_string}"},"query-input":"required name=search_term_string"}],"inLanguage":"pt-BR"},{"@type":"Person","@id":"https:\/\/unasp.br\/blog\/#\/schema\/person\/0342ec8726577903070b312b0842c614","name":"Marketing UNASP - Blog","image":{"@type":"ImageObject","inLanguage":"pt-BR","@id":"https:\/\/unasp.br\/blog\/#\/schema\/person\/image\/","url":"https:\/\/cdn.unasp.br\/blog\/wp-content\/uploads\/2022\/04\/AVATAR-UNASP-150x150.jpg","contentUrl":"https:\/\/cdn.unasp.br\/blog\/wp-content\/uploads\/2022\/04\/AVATAR-UNASP-150x150.jpg","caption":"Marketing UNASP - Blog"},"url":"https:\/\/unasp.br\/blog\/author\/marketing-unasp\/"}]}},"_links":{"self":[{"href":"https:\/\/unasp.br\/blog\/wp-json\/wp\/v2\/posts\/15461"}],"collection":[{"href":"https:\/\/unasp.br\/blog\/wp-json\/wp\/v2\/posts"}],"about":[{"href":"https:\/\/unasp.br\/blog\/wp-json\/wp\/v2\/types\/post"}],"author":[{"embeddable":true,"href":"https:\/\/unasp.br\/blog\/wp-json\/wp\/v2\/users\/45"}],"replies":[{"embeddable":true,"href":"https:\/\/unasp.br\/blog\/wp-json\/wp\/v2\/comments?post=15461"}],"version-history":[{"count":6,"href":"https:\/\/unasp.br\/blog\/wp-json\/wp\/v2\/posts\/15461\/revisions"}],"predecessor-version":[{"id":52410,"href":"https:\/\/unasp.br\/blog\/wp-json\/wp\/v2\/posts\/15461\/revisions\/52410"}],"wp:featuredmedia":[{"embeddable":true,"href":"https:\/\/unasp.br\/blog\/wp-json\/wp\/v2\/media\/15501"}],"wp:attachment":[{"href":"https:\/\/unasp.br\/blog\/wp-json\/wp\/v2\/media?parent=15461"}],"wp:term":[{"taxonomy":"category","embeddable":true,"href":"https:\/\/unasp.br\/blog\/wp-json\/wp\/v2\/categories?post=15461"},{"taxonomy":"post_tag","embeddable":true,"href":"https:\/\/unasp.br\/blog\/wp-json\/wp\/v2\/tags?post=15461"}],"curies":[{"name":"wp","href":"https:\/\/api.w.org\/{rel}","templated":true}]}}