{"id":44428,"date":"2018-10-11T09:00:32","date_gmt":"2018-10-11T12:00:32","guid":{"rendered":"https:\/\/www.unasp.br\/blog\/?p=44428"},"modified":"2019-01-21T11:38:35","modified_gmt":"2019-01-21T13:38:35","slug":"outubro-rosa-prevenir-o-cancer-de-mama","status":"publish","type":"post","link":"https:\/\/unasp.br\/blog\/outubro-rosa-prevenir-o-cancer-de-mama\/","title":{"rendered":"Outubro Rosa: vamos conversar sobre a preven\u00e7\u00e3o do c\u00e2ncer de mama?"},"content":{"rendered":"<p>[vc_row][vc_column][vc_text_paragraph]<\/p>\n<blockquote>\n<h2><strong>O c\u00e2ncer de mama \u00e9 uma das doen\u00e7as mais comuns entre as mulheres. Por isso, a campanha Outubro Rosa busca conscientiz\u00e1-las sobre os benef\u00edcios de cuidar da sa\u00fade. Saiba como!<\/strong><\/h2>\n<\/blockquote>\n<p>O movimento Outubro Rosa teve in\u00edcio h\u00e1 pouco mais de 20 anos. Desde que come\u00e7ou, seu objetivo \u00e9 estimular a participa\u00e7\u00e3o da popula\u00e7\u00e3o para a conscientiza\u00e7\u00e3o e preven\u00e7\u00e3o do c\u00e2ncer de mama nas mulheres.<\/p>\n<p>Provavelmente voc\u00ea j\u00e1 deve ter visto ou participado de correntes em prol desta campanha nas redes sociais ou em sua comunidade. Embora seja uma doen\u00e7a que atinge 100 vezes mais as mulheres, todos podem fazer a sua parte. Afinal de contas, trata-se de uma quest\u00e3o de sa\u00fade p\u00fablica.<\/p>\n<p>Logo, precisamos conversar melhor sobre esse assunto e entender o que \u00e9 a doen\u00e7a, como tratar e o que podemos fazer em caso de d\u00favida. Dessa forma, estaremos contribuindo para maior qualidade de vida e a manuten\u00e7\u00e3o de h\u00e1bitos saud\u00e1veis para evitar esse c\u00e2ncer.<\/p>\n<h2><strong>O que \u00e9 o c\u00e2ncer de mama?<\/strong><\/h2>\n<p>O nosso corpo \u00e9 formado por uma quantidade enorme de c\u00e9lulas. S\u00e3o\u00a0<strong>10 trilh\u00f5es de c\u00e9lulas<\/strong>\u00a0que trabalham de maneira integrada, donde cada uma possui uma fun\u00e7\u00e3o espec\u00edfica, a saber: nutri\u00e7\u00e3o, prote\u00e7\u00e3o, produ\u00e7\u00e3o de energia e reprodu\u00e7\u00e3o. No entanto nem sempre as c\u00e9lulas boas e saud\u00e1veis s\u00e3o as mais presentes. E quando ocorre o crescimento desordenado de c\u00e9lulas n\u00e3o saud\u00e1veis surgem algumas doen\u00e7as, como o c\u00e2ncer de mama.<\/p>\n<p>O c\u00e2ncer de mama \u00e9 uma doen\u00e7a causada pela multiplica\u00e7\u00e3o de c\u00e9lulas anormais da mama, que formam um tumor. H\u00e1 v\u00e1rios tipos de c\u00e2ncer de mama. Alguns tipos t\u00eam desenvolvimento r\u00e1pido enquanto outros s\u00e3o mais lentos. (<a href=\"http:\/\/www.inca.gov.br\/outubro-rosa\/cancer-mama.asp\">Fonte: Inca<\/a>)<\/p>\n<p>No intuito de facilitar nossa compreens\u00e3o sobre esse assunto, separamos um v\u00eddeo bem curtinho, de apenas 90 segundos de explica\u00e7\u00e3o da Dr\u00aa Fabiana Makdssi, produzido pelo portal SA\u00daDE, sobre o c\u00e2ncer de mama. D\u00e1 o play.[\/vc_text_paragraph][vc_video link=&#8221;https:\/\/www.youtube.com\/watch?time_continue=20&amp;v=mwA7rPt8nrw &#8220;][vc_text_paragraph]Entretanto apenas entender o que \u00e9 a doen\u00e7a na teoria e n\u00e3o fazer nada em rela\u00e7\u00e3o \u00e0 preven\u00e7\u00e3o, n\u00e3o ir\u00e1 resolve o problema. De acordo com o <a href=\"http:\/\/www.inca.gov.br\/estimativa\/2018\/sintese-de-resultados-comentarios.asp\">Instituto Nacional de C\u00e2ncer no Brasil<\/a>, estimam-se 59.700 casos novos de c\u00e2ncer de mama entre 2018 e 2019. Com um risco estimado de 56,33 casos a cada 100 mil mulheres. Os n\u00fameros consider\u00e1veis! O c\u00e2ncer de mama \u00e9 uma doen\u00e7a que mata e n\u00f3s precisamos conversar sobre ela. A campanha Outubro Rosa estimula o engajamento dos pacientes para a busca do tratamento adequado.[\/vc_text_paragraph][vc_text_paragraph]<\/p>\n<h3>Est\u00e1 gostando dos conte\u00fados?<\/h3>\n<p>Assine a newsletter e receba todas as novidade direto no seu e-mail![\/vc_text_paragraph][vc_newsletter_with_email newsletter_id=&#8221;blog_conteudo_1&#8243; newsletter_msg_success=&#8221;Valeu por se inscrever! Em breve mandaremos as novidades do blog!&#8221;][vc_text_paragraph]<\/p>\n<h2><strong>Sintomas<\/strong><\/h2>\n<p>Semelhante a outras doen\u00e7as, o c\u00e2ncer de mama tamb\u00e9m possui uma s\u00e9rie de sintomas que facilitam o descobrimento do tumor. E quando \u00e9 descoberto no in\u00edcio, possui mais chance de cura, cerca de 95% com o tratamento correto.<\/p>\n<blockquote>\n<h3><em>Mulheres na faixa dos 40 a 69 anos est\u00e3o propensas a doen\u00e7a.<\/em><\/h3>\n<\/blockquote>\n<p>Por isso, \u00e9 importante que fiquem atentas e observem as mamas ao sentir algum desconforto. De acordo com o Instituto Nacional de C\u00e2ncer Jos\u00e9 Alencar Gomes da Silva, o <a href=\"http:\/\/www.inca.gov.br\/outubro-rosa\/sinais-sintomas.asp\" target=\"_blank\" rel=\"noopener\">INCA<\/a>, \u00a0esses s\u00e3o alguns dos principais sintomas:<\/p>\n<p><strong>\u2022<\/strong> Caro\u00e7o (n\u00f3dulo) fixo, endurecido e, geralmente, indolor;<\/p>\n<p><strong>\u2022<\/strong> Pele da mama avermelhada, retra\u00edda ou parecida com casca de laranja;<\/p>\n<p><strong>\u2022<\/strong> Altera\u00e7\u00f5es no bico do peito (mamilo);<\/p>\n<p><strong>\u2022<\/strong> Pequenos n\u00f3dulos na regi\u00e3o embaixo dos bra\u00e7os (axilas) ou no pesco\u00e7o;<\/p>\n<p><strong>\u2022<\/strong> Sa\u00edda espont\u00e2nea de l\u00edquido dos mamilos.<\/p>\n<p>Em seguida, uma imagem que ajuda a entender melhor os sintomas, veja os 12 mais comuns:<\/p>\n<p><img loading=\"lazy\" decoding=\"async\" class=\"aligncenter wp-image-44429 size-large\" src=\"https:\/\/www.unasp.br\/blog\/wp-content\/uploads\/2018\/10\/sintomas-cancer-de-mama-598x1024.jpg\" alt=\"\" width=\"598\" height=\"1024\" srcset=\"https:\/\/cdn.unasp.br\/blog\/wp-content\/uploads\/2018\/10\/sintomas-cancer-de-mama.jpg 598w, https:\/\/cdn.unasp.br\/blog\/wp-content\/uploads\/2018\/10\/sintomas-cancer-de-mama-175x300.jpg 175w, https:\/\/cdn.unasp.br\/blog\/wp-content\/uploads\/2018\/10\/sintomas-cancer-de-mama-350x600.jpg 350w, https:\/\/cdn.unasp.br\/blog\/wp-content\/uploads\/2018\/10\/sintomas-cancer-de-mama-467x800.jpg 467w, https:\/\/cdn.unasp.br\/blog\/wp-content\/uploads\/2018\/10\/sintomas-cancer-de-mama-420x720.jpg 420w, https:\/\/cdn.unasp.br\/blog\/wp-content\/uploads\/2018\/10\/sintomas-cancer-de-mama-292x500.jpg 292w, https:\/\/cdn.unasp.br\/blog\/wp-content\/uploads\/2018\/10\/sintomas-cancer-de-mama-280x480.jpg 280w, https:\/\/cdn.unasp.br\/blog\/wp-content\/uploads\/2018\/10\/sintomas-cancer-de-mama-164x280.jpg 164w, https:\/\/cdn.unasp.br\/blog\/wp-content\/uploads\/2018\/10\/sintomas-cancer-de-mama-234x400.jpg 234w, https:\/\/cdn.unasp.br\/blog\/wp-content\/uploads\/2018\/10\/sintomas-cancer-de-mama-146x250.jpg 146w, https:\/\/cdn.unasp.br\/blog\/wp-content\/uploads\/2018\/10\/sintomas-cancer-de-mama-117x200.jpg 117w, https:\/\/cdn.unasp.br\/blog\/wp-content\/uploads\/2018\/10\/sintomas-cancer-de-mama-88x150.jpg 88w\" sizes=\"(max-width: 598px) 100vw, 598px\" \/><\/p>\n<h2>O que aumenta o risco?<\/h2>\n<p>O c\u00e2ncer de mama n\u00e3o tem somente uma causa. A idade \u00e9 um dos mais importantes fatores de risco para a doen\u00e7a (cerca de quatro em cada cinco casos ocorrem ap\u00f3s os 50 anos). Outros fatores que aumentam o risco da doen\u00e7a s\u00e3o:<\/p>\n<h3><strong>Fatores ambientais e comportamentais:<\/strong><\/h3>\n<ul>\n<li>Obesidade e sobrepeso ap\u00f3s a menopausa;<\/li>\n<li>Sedentarismo (n\u00e3o fazer exerc\u00edcios);<\/li>\n<li>Consumo de bebida alco\u00f3lica;<\/li>\n<li>Exposi\u00e7\u00e3o frequente a radia\u00e7\u00f5es ionizantes (Raios-X).<\/li>\n<\/ul>\n<h3><strong>Fatores da hist\u00f3ria reprodutiva e hormonal<\/strong><\/h3>\n<ul>\n<li>Primeira menstrua\u00e7\u00e3o antes de 12 anos;<\/li>\n<li>N\u00e3o ter tido filhos;<\/li>\n<li>Primeira gravidez ap\u00f3s os 30 anos;<\/li>\n<li>N\u00e3o ter amamentado;<\/li>\n<li>Parar de menstruar (menopausa) ap\u00f3s os 55 anos;<\/li>\n<li>Uso de contraceptivos hormonais (estrog\u00eanio-progesterona);<\/li>\n<li>Ter feito reposi\u00e7\u00e3o hormonal p\u00f3s-menopausa, principalmente por mais de cinco anos.<\/li>\n<\/ul>\n<h3><strong>Fatores gen\u00e9ticos e heredit\u00e1rios<\/strong><\/h3>\n<ul type=\"disc\">\n<li>Hist\u00f3ria familiar de c\u00e2ncer de ov\u00e1rio;<\/li>\n<li>Casos de c\u00e2ncer de mama na fam\u00edlia, principalmente antes dos 50 anos;<\/li>\n<li>Hist\u00f3ria familiar de c\u00e2ncer de mama em homens;<\/li>\n<li>Altera\u00e7\u00e3o gen\u00e9tica, especialmente nos genes BRCA1 e BRCA2.<\/li>\n<\/ul>\n<h2><strong>Exames<\/strong><\/h2>\n<p>Realizar o autoexame das mamas j\u00e1 foi bastante recomendado tempos atr\u00e1s, entretanto algumas dificuldades de entender a anatomia do \u00f3rg\u00e3o traziam diagn\u00f3sticos imprecisos. Ou seja, hoje ele ainda \u00e9 praticado por algumas mulheres em casa e durante o banho, mas para uma efic\u00e1cia e comprova\u00e7\u00e3o da doen\u00e7a, \u00e9 necess\u00e1rio fazer uma mamografia.<\/p>\n<p>O Sistema \u00danico de Sa\u00fade, SUS, oferece exames de mamografia e tratamento do c\u00e2ncer de mama tamb\u00e9m. Ent\u00e3o, n\u00e3o h\u00e1 desculpas para n\u00e3o se cuidar. Sendo assim, se voc\u00ea j\u00e1 passou dos 40, realizou o autoexame ou possui hist\u00f3rico de casos de c\u00e2ncer na fam\u00edlia, est\u00e1 na hora de procurar um m\u00e9dico e realizar a mamografia.<\/p>\n<h2><strong>Preven\u00e7\u00e3o<\/strong><\/h2>\n<p>De acordo com o INCA, cerca de 30% dos casos de c\u00e2ncer de mama podem ser evitados praticando h\u00e1bitos saud\u00e1veis como:<\/p>\n<p><strong>\u2022\u00a0<\/strong>Praticar atividade f\u00edsica regularmente;<\/p>\n<p><strong>\u2022<\/strong> Alimentar-se de forma saud\u00e1vel;<\/p>\n<p><strong>\u2022<\/strong> Manter o peso corporal adequado;<\/p>\n<p><strong>\u2022<\/strong> Evitar o consumo de bebidas alco\u00f3licas;<\/p>\n<p><strong>\u2022<\/strong> Amamentar.<\/p>\n<h2><strong>A import\u00e2ncia do Outubro Rosa<\/strong><\/h2>\n<p>De fato, os ideais da campanha Outubro Rosa n\u00e3o devem ser abordados apenas no m\u00eas de outubro. At\u00e9 porque o aparecimento de doen\u00e7as, diagn\u00f3sticos e tratamentos acontecem o ano inteiro. Portanto, voc\u00ea pode fazer a diferen\u00e7a na sua vida e na vida de outras pessoas. Seja conversando sobre isso com amigos e familiares ou compartilhando mensagens de apoio \u00e0 campanha em suas redes sociais.<\/p>\n<p>Ali\u00e1s, somos todos a favor da vida, o que significa que devemos combater e prevenir doen\u00e7as que podem causar a morte. Afinal de contas, apoiamos o ser humano. Ent\u00e3o, se voc\u00ea ainda tiver d\u00favidas ou quiser saber mais, n\u00e3o deixe de falar com a gente. \u00c9 s\u00f3 deixar o seu coment\u00e1rio logo abaixo.<\/p>\n<p>At\u00e9 a pr\u00f3xima![\/vc_text_paragraph][vc_newsletter_with_email newsletter_id=&#8221;blog_conteudo_2&#8243; newsletter_msg_success=&#8221;Valeu por se inscrever! Em breve mandaremos as novidades do blog!&#8221;][vc_text_paragraph]<\/p>\n<h3>Ei, n\u00e3o v\u00e1 embora sem assinar a nossa newsletter!<\/h3>\n<p>\u00c9 s\u00f3 colocar seu e-mail aqui em baixo para receber os melhores conte\u00fados do blog.[\/vc_text_paragraph][vc_text_paragraph]<\/p>\n<h2>Leia tamb\u00e9m:<\/h2>\n<p><a href=\"https:\/\/www.unasp.br\/blog\/setembro-amarelo-prevencao-suicidio\/\" target=\"_blank\" rel=\"noopener\"><strong>\u2022 Setembro Amarelo: precisamos falar sobre a preven\u00e7\u00e3o ao suic\u00eddio.<\/strong><\/a><\/p>\n<p><strong><a href=\"https:\/\/www.unasp.br\/blog\/aplicativos-emocoes\/\">\u2022\u00a0Sa\u00fade emocional: aplicativos para voc\u00ea aprender a lidar com as emo\u00e7\u00f5es.<\/a><\/strong><\/p>\n<p><strong><a href=\"https:\/\/www.unasp.br\/blog\/10-atitudes-para-melhorar-a-rotina\/\">\u2022\u00a0Sua rotina pode melhorar infinitamente com essas 10 atitudes.<\/a><\/strong><\/p>\n<p><strong><a href=\"https:\/\/www.unasp.br\/blog\/atitudes-aliviar-o-estresse\/\">\u2022\u00a07 Atitudes que v\u00e3o te ajudar a aliviar o estresse do cotidiano.<\/a><\/strong>[\/vc_text_paragraph][\/vc_column][\/vc_row]<\/p>\n","protected":false},"excerpt":{"rendered":"<p>[vc_row][vc_column][vc_text_paragraph] O c\u00e2ncer de mama \u00e9 uma das doen\u00e7as mais comuns entre as mulheres. Por isso, a campanha Outubro Rosa busca conscientiz\u00e1-las sobre os benef\u00edcios de cuidar da sa\u00fade. Saiba como! O movimento Outubro Rosa teve in\u00edcio h\u00e1 pouco mais de 20 anos. Desde que come\u00e7ou, seu objetivo \u00e9 estimular a participa\u00e7\u00e3o da popula\u00e7\u00e3o para [&hellip;]<\/p>\n","protected":false},"author":94,"featured_media":44487,"comment_status":"open","ping_status":"open","sticky":false,"template":"","format":"standard","meta":{"footnotes":""},"categories":[180],"tags":[1612,1611,1610,498],"yoast_head":"<!-- This site is optimized with the Yoast SEO plugin v22.0 - https:\/\/yoast.com\/wordpress\/plugins\/seo\/ -->\n<title>Outubro Rosa: vamos conversar sobre a preven\u00e7\u00e3o do c\u00e2ncer de mama?<\/title>\n<meta name=\"description\" content=\"Sabe o que \u00e9 o c\u00e2ncer de mama e quais s\u00e3o os sintomas? Descubra o que a campanha Outubro Rosa incentiva e saiba o que voc\u00ea pode fazer lendo esse post.\" \/>\n<meta name=\"robots\" content=\"index, follow, max-snippet:-1, max-image-preview:large, max-video-preview:-1\" \/>\n<link rel=\"canonical\" href=\"https:\/\/unasp.br\/blog\/outubro-rosa-prevenir-o-cancer-de-mama\/\" \/>\n<meta property=\"og:locale\" content=\"pt_BR\" \/>\n<meta property=\"og:type\" content=\"article\" \/>\n<meta property=\"og:title\" content=\"Outubro Rosa: vamos conversar sobre a preven\u00e7\u00e3o do c\u00e2ncer de mama?\" \/>\n<meta property=\"og:description\" content=\"Sabe o que \u00e9 o c\u00e2ncer de mama e quais s\u00e3o os sintomas? Descubra o que a campanha Outubro Rosa incentiva e saiba o que voc\u00ea pode fazer lendo esse post.\" \/>\n<meta property=\"og:url\" content=\"https:\/\/unasp.br\/blog\/outubro-rosa-prevenir-o-cancer-de-mama\/\" \/>\n<meta property=\"og:site_name\" content=\"Blog do UNASP\" \/>\n<meta property=\"article:published_time\" content=\"2018-10-11T12:00:32+00:00\" \/>\n<meta property=\"article:modified_time\" content=\"2019-01-21T13:38:35+00:00\" \/>\n<meta property=\"og:image\" content=\"https:\/\/cdn.unasp.br\/blog\/wp-content\/uploads\/2018\/10\/shutterstock_598594562-e1539001118749.jpg\" \/>\n\t<meta property=\"og:image:width\" content=\"924\" \/>\n\t<meta property=\"og:image:height\" content=\"616\" \/>\n\t<meta property=\"og:image:type\" content=\"image\/jpeg\" \/>\n<meta name=\"author\" content=\"user_login user_login\" \/>\n<meta name=\"twitter:card\" content=\"summary_large_image\" \/>\n<meta name=\"twitter:label1\" content=\"Escrito por\" \/>\n\t<meta name=\"twitter:data1\" content=\"user_login user_login\" \/>\n\t<meta name=\"twitter:label2\" content=\"Est. tempo de leitura\" \/>\n\t<meta name=\"twitter:data2\" content=\"6 minutos\" \/>\n<script type=\"application\/ld+json\" class=\"yoast-schema-graph\">{\"@context\":\"https:\/\/schema.org\",\"@graph\":[{\"@type\":\"WebPage\",\"@id\":\"https:\/\/unasp.br\/blog\/outubro-rosa-prevenir-o-cancer-de-mama\/\",\"url\":\"https:\/\/unasp.br\/blog\/outubro-rosa-prevenir-o-cancer-de-mama\/\",\"name\":\"Outubro Rosa: vamos conversar sobre a preven\u00e7\u00e3o do c\u00e2ncer de mama?\",\"isPartOf\":{\"@id\":\"https:\/\/unasp.br\/blog\/#website\"},\"datePublished\":\"2018-10-11T12:00:32+00:00\",\"dateModified\":\"2019-01-21T13:38:35+00:00\",\"author\":{\"@id\":\"https:\/\/unasp.br\/blog\/#\/schema\/person\/6cd3641a3eb6d90fce0b0926c5a4456b\"},\"description\":\"Sabe o que \u00e9 o c\u00e2ncer de mama e quais s\u00e3o os sintomas? Descubra o que a campanha Outubro Rosa incentiva e saiba o que voc\u00ea pode fazer lendo esse post.\",\"breadcrumb\":{\"@id\":\"https:\/\/unasp.br\/blog\/outubro-rosa-prevenir-o-cancer-de-mama\/#breadcrumb\"},\"inLanguage\":\"pt-BR\",\"potentialAction\":[{\"@type\":\"ReadAction\",\"target\":[\"https:\/\/unasp.br\/blog\/outubro-rosa-prevenir-o-cancer-de-mama\/\"]}]},{\"@type\":\"BreadcrumbList\",\"@id\":\"https:\/\/unasp.br\/blog\/outubro-rosa-prevenir-o-cancer-de-mama\/#breadcrumb\",\"itemListElement\":[{\"@type\":\"ListItem\",\"position\":1,\"name\":\"In\u00edcio\",\"item\":\"https:\/\/unasp.br\/blog\/\"},{\"@type\":\"ListItem\",\"position\":2,\"name\":\"Outubro Rosa: vamos conversar sobre a preven\u00e7\u00e3o do c\u00e2ncer de mama?\"}]},{\"@type\":\"WebSite\",\"@id\":\"https:\/\/unasp.br\/blog\/#website\",\"url\":\"https:\/\/unasp.br\/blog\/\",\"name\":\"Blog do UNASP\",\"description\":\"Centro Universit\u00e1rio Adventista de S\u00e3o Paulo\",\"potentialAction\":[{\"@type\":\"SearchAction\",\"target\":{\"@type\":\"EntryPoint\",\"urlTemplate\":\"https:\/\/unasp.br\/blog\/?s={search_term_string}\"},\"query-input\":\"required name=search_term_string\"}],\"inLanguage\":\"pt-BR\"},{\"@type\":\"Person\",\"@id\":\"https:\/\/unasp.br\/blog\/#\/schema\/person\/6cd3641a3eb6d90fce0b0926c5a4456b\",\"name\":\"user_login user_login\",\"image\":{\"@type\":\"ImageObject\",\"inLanguage\":\"pt-BR\",\"@id\":\"https:\/\/unasp.br\/blog\/#\/schema\/person\/image\/\",\"url\":\"https:\/\/secure.gravatar.com\/avatar\/34321051a691b4ae0a7c11cd8c2116e3?s=96&d=mm&r=g\",\"contentUrl\":\"https:\/\/secure.gravatar.com\/avatar\/34321051a691b4ae0a7c11cd8c2116e3?s=96&d=mm&r=g\",\"caption\":\"user_login user_login\"},\"url\":\"https:\/\/unasp.br\/blog\/author\/user_login\/\"}]}<\/script>\n<!-- \/ Yoast SEO plugin. -->","yoast_head_json":{"title":"Outubro Rosa: vamos conversar sobre a preven\u00e7\u00e3o do c\u00e2ncer de mama?","description":"Sabe o que \u00e9 o c\u00e2ncer de mama e quais s\u00e3o os sintomas? Descubra o que a campanha Outubro Rosa incentiva e saiba o que voc\u00ea pode fazer lendo esse post.","robots":{"index":"index","follow":"follow","max-snippet":"max-snippet:-1","max-image-preview":"max-image-preview:large","max-video-preview":"max-video-preview:-1"},"canonical":"https:\/\/unasp.br\/blog\/outubro-rosa-prevenir-o-cancer-de-mama\/","og_locale":"pt_BR","og_type":"article","og_title":"Outubro Rosa: vamos conversar sobre a preven\u00e7\u00e3o do c\u00e2ncer de mama?","og_description":"Sabe o que \u00e9 o c\u00e2ncer de mama e quais s\u00e3o os sintomas? Descubra o que a campanha Outubro Rosa incentiva e saiba o que voc\u00ea pode fazer lendo esse post.","og_url":"https:\/\/unasp.br\/blog\/outubro-rosa-prevenir-o-cancer-de-mama\/","og_site_name":"Blog do UNASP","article_published_time":"2018-10-11T12:00:32+00:00","article_modified_time":"2019-01-21T13:38:35+00:00","og_image":[{"width":924,"height":616,"url":"https:\/\/cdn.unasp.br\/blog\/wp-content\/uploads\/2018\/10\/shutterstock_598594562-e1539001118749.jpg","type":"image\/jpeg"}],"author":"user_login user_login","twitter_card":"summary_large_image","twitter_misc":{"Escrito por":"user_login user_login","Est. tempo de leitura":"6 minutos"},"schema":{"@context":"https:\/\/schema.org","@graph":[{"@type":"WebPage","@id":"https:\/\/unasp.br\/blog\/outubro-rosa-prevenir-o-cancer-de-mama\/","url":"https:\/\/unasp.br\/blog\/outubro-rosa-prevenir-o-cancer-de-mama\/","name":"Outubro Rosa: vamos conversar sobre a preven\u00e7\u00e3o do c\u00e2ncer de mama?","isPartOf":{"@id":"https:\/\/unasp.br\/blog\/#website"},"datePublished":"2018-10-11T12:00:32+00:00","dateModified":"2019-01-21T13:38:35+00:00","author":{"@id":"https:\/\/unasp.br\/blog\/#\/schema\/person\/6cd3641a3eb6d90fce0b0926c5a4456b"},"description":"Sabe o que \u00e9 o c\u00e2ncer de mama e quais s\u00e3o os sintomas? Descubra o que a campanha Outubro Rosa incentiva e saiba o que voc\u00ea pode fazer lendo esse post.","breadcrumb":{"@id":"https:\/\/unasp.br\/blog\/outubro-rosa-prevenir-o-cancer-de-mama\/#breadcrumb"},"inLanguage":"pt-BR","potentialAction":[{"@type":"ReadAction","target":["https:\/\/unasp.br\/blog\/outubro-rosa-prevenir-o-cancer-de-mama\/"]}]},{"@type":"BreadcrumbList","@id":"https:\/\/unasp.br\/blog\/outubro-rosa-prevenir-o-cancer-de-mama\/#breadcrumb","itemListElement":[{"@type":"ListItem","position":1,"name":"In\u00edcio","item":"https:\/\/unasp.br\/blog\/"},{"@type":"ListItem","position":2,"name":"Outubro Rosa: vamos conversar sobre a preven\u00e7\u00e3o do c\u00e2ncer de mama?"}]},{"@type":"WebSite","@id":"https:\/\/unasp.br\/blog\/#website","url":"https:\/\/unasp.br\/blog\/","name":"Blog do UNASP","description":"Centro Universit\u00e1rio Adventista de S\u00e3o Paulo","potentialAction":[{"@type":"SearchAction","target":{"@type":"EntryPoint","urlTemplate":"https:\/\/unasp.br\/blog\/?s={search_term_string}"},"query-input":"required name=search_term_string"}],"inLanguage":"pt-BR"},{"@type":"Person","@id":"https:\/\/unasp.br\/blog\/#\/schema\/person\/6cd3641a3eb6d90fce0b0926c5a4456b","name":"user_login user_login","image":{"@type":"ImageObject","inLanguage":"pt-BR","@id":"https:\/\/unasp.br\/blog\/#\/schema\/person\/image\/","url":"https:\/\/secure.gravatar.com\/avatar\/34321051a691b4ae0a7c11cd8c2116e3?s=96&d=mm&r=g","contentUrl":"https:\/\/secure.gravatar.com\/avatar\/34321051a691b4ae0a7c11cd8c2116e3?s=96&d=mm&r=g","caption":"user_login user_login"},"url":"https:\/\/unasp.br\/blog\/author\/user_login\/"}]}},"_links":{"self":[{"href":"https:\/\/unasp.br\/blog\/wp-json\/wp\/v2\/posts\/44428"}],"collection":[{"href":"https:\/\/unasp.br\/blog\/wp-json\/wp\/v2\/posts"}],"about":[{"href":"https:\/\/unasp.br\/blog\/wp-json\/wp\/v2\/types\/post"}],"author":[{"embeddable":true,"href":"https:\/\/unasp.br\/blog\/wp-json\/wp\/v2\/users\/94"}],"replies":[{"embeddable":true,"href":"https:\/\/unasp.br\/blog\/wp-json\/wp\/v2\/comments?post=44428"}],"version-history":[{"count":10,"href":"https:\/\/unasp.br\/blog\/wp-json\/wp\/v2\/posts\/44428\/revisions"}],"predecessor-version":[{"id":51173,"href":"https:\/\/unasp.br\/blog\/wp-json\/wp\/v2\/posts\/44428\/revisions\/51173"}],"wp:featuredmedia":[{"embeddable":true,"href":"https:\/\/unasp.br\/blog\/wp-json\/wp\/v2\/media\/44487"}],"wp:attachment":[{"href":"https:\/\/unasp.br\/blog\/wp-json\/wp\/v2\/media?parent=44428"}],"wp:term":[{"taxonomy":"category","embeddable":true,"href":"https:\/\/unasp.br\/blog\/wp-json\/wp\/v2\/categories?post=44428"},{"taxonomy":"post_tag","embeddable":true,"href":"https:\/\/unasp.br\/blog\/wp-json\/wp\/v2\/tags?post=44428"}],"curies":[{"name":"wp","href":"https:\/\/api.w.org\/{rel}","templated":true}]}}