{"id":47728,"date":"2019-01-02T17:52:12","date_gmt":"2019-01-02T19:52:12","guid":{"rendered":"https:\/\/www.unasp.br\/blog\/?p=47728"},"modified":"2019-01-18T11:37:00","modified_gmt":"2019-01-18T13:37:00","slug":"pedagogia-o-que-voce-vai-estudar","status":"publish","type":"post","link":"https:\/\/unasp.br\/blog\/pedagogia-o-que-voce-vai-estudar\/","title":{"rendered":"Pedagogia: veja o que voc\u00ea vai estudar durante a gradua\u00e7\u00e3o"},"content":{"rendered":"<p>[vc_row][vc_column][vc_text_paragraph]<\/p>\n<h2><strong>Voc\u00ea acha que Pedagogia pode ser a profiss\u00e3o dos seus sonhos? A<\/strong><strong>ntes de optar por ela descubra quais s\u00e3o as principais disciplinas, compet\u00eancias e \u00e1reas desenvolvidas ao longo do curso. E fa\u00e7a a sua escolha de forma assertiva.\u00a0<\/strong><\/h2>\n<p>Uma das mais antigas profiss\u00f5es e respons\u00e1vel por formar bons cidad\u00e3os, voc\u00ea consegue imaginar de qual estamos falando? Se caso voc\u00ea palpitou por educa\u00e7\u00e3o, pedagogia ou professor, voc\u00ea est\u00e1 correto!<\/p>\n<p>O curso de <a href=\"https:\/\/www.unasp.br\/cursos\/ec\/graduacao\/pedagogia\/\">Licenciatura em Pedagogia<\/a>, visa preparar profissionais que contribuir\u00e3o com a forma\u00e7\u00e3o das futuras gera\u00e7\u00f5es. E, se voc\u00ea chegou at\u00e9 aqui \u00e9 porque provavelmente a gradua\u00e7\u00e3o de\u00a0<a href=\"https:\/\/www.unasp.br\/cursos\/ec\/graduacao\/pedagogia\/\">Pedagogia<\/a> chama sua aten\u00e7\u00e3o, certo? Pois bem, nesse momento de escolha, quanto mais informa\u00e7\u00f5es voc\u00ea tiver sobre o curso, melhor!<\/p>\n<p>Esse momento da vida \u00e9 muito importante, porque a escolha de uma faculdade ditar\u00e1 muito dos seus caminhos futuros. Ent\u00e3o, com intuito de te ajudar, preparamos esse post para voc\u00ea conhecer mais sobre o curso de Pedagogia e tirar todas as suas d\u00favidas.<\/p>\n<blockquote>\n<h3><em>Uma dica importante: antes de escolher a sua gradua\u00e7\u00e3o, d\u00ea uma olhada nas matrizes curriculares que as faculdades oferecem.\u00a0<\/em><\/h3>\n<\/blockquote>\n<p>Nas matrizes curriculares que as faculdades oferecem, voc\u00ea encontrar\u00e1 informa\u00e7\u00f5es sobre os objetivos do curso, compet\u00eancias e \u00e1reas a serem desenvolvidas. Al\u00e9m disso, elas dar\u00e3o uma boa pista para descobrir se esse curso combina mesmo com o seu perfil e aspira\u00e7\u00f5es pessoais.<\/p>\n<p>Nesse post falaremos especificamente sobre o curso de\u00a0<a href=\"https:\/\/www.unasp.br\/cursos\/ec\/graduacao\/pedagogia\/\">Pedagogia<\/a> oferecido aqui no Unasp. Mas n\u00e3o se preocupe, de forma geral em qualquer faculdade, os cursos s\u00e3o bem parecidos.<\/p>\n<h2><strong>Sobre o curso<\/strong><\/h2>\n<p>Em <a href=\"https:\/\/www.unasp.br\/cursos\/ec\/graduacao\/pedagogia\/\">Pedagogia<\/a>\u00a0voc\u00ea vai aprender a aplicar as metodologias adequadas \u00e0s fases do desenvolvimento humano, construindo a aprendizagem e valores em todas as etapas da vida do estudante.<\/p>\n<p>Esse curso forma o universit\u00e1rio para atuar nas s\u00e9ries iniciais do Ensino Fundamental, Educa\u00e7\u00e3o Infantil e Gest\u00e3o Educacional. A pr\u00e1tica profissional est\u00e1 associada \u00e0 teoria desde o in\u00edcio do curso.<\/p>\n<h2><strong>Objetivos do curso<\/strong><\/h2>\n<p>Para a gradua\u00e7\u00e3o em Pedagogia, aqui no Unasp, foram estabelecidos alguns objetivos.<\/p>\n<p>O curso de Pedagogia tem por objetivo principal a forma\u00e7\u00e3o de educadores cr\u00edticos da realidade sociocultural e educacional.<\/p>\n<p>Al\u00e9m disso, que possibilite ao futuro profissional atuar: na doc\u00eancia da educa\u00e7\u00e3o infantil e nos anos iniciais do ensino fundamental, nos cursos de ensino m\u00e9dio, modalidade normal. Na gest\u00e3o educacional, em cursos de educa\u00e7\u00e3o b\u00e1sica e profissional na \u00e1rea de servi\u00e7os e apoio escolar. Al\u00e9m de outras \u00e1reas nas quais sejam previstos conhecimentos pedag\u00f3gicos e na pesquisa.<\/p>\n<h2>Objetivos espec\u00edficos do curso<\/h2>\n<p>\u2022 Conhecer e dominar os conte\u00fados b\u00e1sicos relacionados \u00e0s \u00e1reas\/disciplinas de conhecimento e \u00e0s quest\u00f5es sociais que ser\u00e3o objeto da atividade docente.<\/p>\n<p>\u2022 Adaptar esses conte\u00fados \u00e0s atividades desenvolvidas pelos alunos, de acordo com o seu grau de desenvolvimento.<\/p>\n<p>\u2022 Relacionar os conte\u00fados b\u00e1sicos relativos \u00e0s \u00e1reas\/disciplinas de conhecimento ensinados na educa\u00e7\u00e3o infantil e s\u00e9ries iniciais do ensino fundamental, com os fatos, tend\u00eancias, fen\u00f4menos e movimentos da atualidade e com os fatos significativos da vida pessoal, social e profissional dos alunos.<\/p>\n<p>\u2022 Compreender a doc\u00eancia como a\u00e7\u00e3o educativa e processo pedag\u00f3gico, met\u00f3dico e intencional constru\u00eddo em rela\u00e7\u00f5es sociais, \u00e9tnico-raciais e produtivas, desenvolvendo-se na articula\u00e7\u00e3o entre conhecimentos cient\u00edficos e culturais, valores \u00e9ticos e est\u00e9ticos inerentes a processos de aprendizagem, de socializa\u00e7\u00e3o e de constru\u00e7\u00e3o do conhecimento, no \u00e2mbito do di\u00e1logo entre diferentes vis\u00f5es do mundo.<\/p>\n<p>\u2022 Articular atividade educacional nas diferentes formas de gest\u00e3o educacional, na organiza\u00e7\u00e3o do trabalho pedag\u00f3gico escolar, no planejamento, execu\u00e7\u00e3o e avalia\u00e7\u00e3o de atividades educativas e nos valores comuns como: solidariedade, coopera\u00e7\u00e3o, responsabilidade e compromisso.<\/p>\n<p>\u2022 Conhecer globalmente a atua\u00e7\u00e3o pr\u00e1tica enquanto gestor nos diferentes n\u00edveis de ensino e o conhecimento da escola como organiza\u00e7\u00e3o complexa que tenha a fun\u00e7\u00e3o de promover a educa\u00e7\u00e3o para a cidadania.<\/p>\n<p>\u2022 Promover a gest\u00e3o participativa nos v\u00e1rios segmentos: desde a concep\u00e7\u00e3o, implementa\u00e7\u00e3o e avalia\u00e7\u00e3o, organiza\u00e7\u00e3o e funcionamento de sistemas e de institui\u00e7\u00f5es de ensino.<\/p>\n<p>\u2022 Desenvolver esp\u00edrito investigativo, articulador e difusor dos conhecimentos cient\u00edficos e tecnol\u00f3gicos.<\/p>\n<p>\u2022 Promover a inicia\u00e7\u00e3o cient\u00edfica, considerando a realidade s\u00f3cio cultural, os processos de ensino\/aprendizagem em diferentes meio ambientes, bem como as propostas curriculares, organiza\u00e7\u00e3o do trabalho educativo e pr\u00e1ticas pedag\u00f3gicas.[\/vc_text_paragraph][vc_video link=&#8221;https:\/\/www.youtube.com\/watch?v=t9FVTe2aiQA &#8220;][vc_text_paragraph]<\/p>\n<h3>Est\u00e1 gostando dos conte\u00fados?<\/h3>\n<p>Assine a newsletter e receba todas as novidade direto no seu e-mail![\/vc_text_paragraph][vc_newsletter_with_email list_id=&#8221;47b58773cd&#8221; return_type=&#8221;Mensagem de sucesso abaixo&#8221; title=&#8221;Est\u00e1 gostando do conte\u00fado?&#8221; subtitle=&#8221;Ent\u00e3o, assine a nossa newsletter e receba as novidade do Blog do Unasp direto no seu email!&#8221; newsletter_msg_success=&#8221;Valeu por se inscrever! Em breve mandaremos as novidades do blog!&#8221; newsletter_id=&#8221;blog_conteudo_1&#8243;][vc_text_paragraph]<\/p>\n<h2><strong>Compet\u00eancias e habilidades que voc\u00ea ir\u00e1 desenvolver durante o curso<\/strong><\/h2>\n<p>N\u00e3o podemos afirmar com 100% de precis\u00e3o o que voc\u00ea estudar\u00e1 no decorrer da gradua\u00e7\u00e3o em outra institui\u00e7\u00e3o. Como j\u00e1 dissemos, as diretrizes do curso de Pedagogia variam de uma institui\u00e7\u00e3o para outra.<\/p>\n<p>Aqui no Unasp, por exemplo, todos os cursos possuem um Programa de Curso que fica \u00e0 disposi\u00e7\u00e3o do aluno para download. Para <strong>baixar<\/strong>, basta ir at\u00e9 a <a href=\"https:\/\/www.unasp.br\/cursos\/\">p\u00e1gina de cursos<\/a>, escolher o curso desejado e o campus de sua escolha e depois clicar em <strong>Programa do Curso<\/strong> no lado direito da sua tela. F\u00e1cil, n\u00e9?<\/p>\n<p>Mas, de maneira geral, os cursos de Pedagogia nas diferentes institui\u00e7\u00f5es, tamb\u00e9m possuem muitas caracter\u00edsticas em comum.<\/p>\n<p>A partir do institu\u00eddo pelas Diretrizes Curriculares Nacionais para o Curso de Gradua\u00e7\u00e3o em Pedagogia, licenciatura, foi organizado o perfil do egresso, suas Compet\u00eancias e Habilidades coerentes com os princ\u00edpios filos\u00f3ficos do UNASP. Para tanto, foram considerados dois aspectos de forma\u00e7\u00e3o: o <strong>pessoal<\/strong> e o <strong>profissional<\/strong>.<\/p>\n<p>As compet\u00eancias e habilidades da forma\u00e7\u00e3o pessoal foram distribu\u00eddas em quatro dimens\u00f5es: f\u00edsica, mental, social e espiritual. J\u00e1 para a forma\u00e7\u00e3o profissional s\u00e3o seis dimens\u00f5es: ensino, gest\u00e3o, inicia\u00e7\u00e3o cient\u00edfica, extens\u00e3o, \u00e9tica e cidadania, pensamento cr\u00edtico.<\/p>\n<h3><strong>Compet\u00eancias a serem desenvolvidas no curso<\/strong><\/h3>\n<p><em><strong>Forma\u00e7\u00e3o Pessoal<\/strong><\/em><\/p>\n<p>\u2022 Dimens\u00e3o f\u00edsica: Ter ci\u00eancia do valor de manter a boa sa\u00fade e a qualidade de vida a partir de conhecimentos fisiol\u00f3gicos, exerc\u00edcios f\u00edsicos, boa alimenta\u00e7\u00e3o e entre outras atitudes coerentes com as leis da sa\u00fade b\u00edblico-crist\u00e3.<\/p>\n<p>\u2022 Dimens\u00e3o mental: Inferir, atribuir sentido, articular partes e todo, excluir, comparar, observar, identificar, tomar decis\u00f5es, reconhecer, fazer correspond\u00eancias, selecionar, relacionar, organizar e interpretar informa\u00e7\u00f5es, fatos, opini\u00f5es e argumentos em defesa de um ponto de vista, bem com aprender a aprender, pensando de forma cr\u00edtica.<\/p>\n<p>\u2022 Dimens\u00e3o social: Participar de situa\u00e7\u00e3o coletiva que envolva respeito m\u00fatuo, mantendo um esfor\u00e7o cooperativo, tais como: altru\u00edsmo, justi\u00e7a social, compaix\u00e3o, empatia e cortesia. Al\u00e9m disso, buscar os direitos humanos, a discri\u00e7\u00e3o, apoio m\u00fatuo, generosidade, prazer ao servir, hospitalidade, interesse pelo ser humano, prodigalidade, pontualidade, simpatia, toler\u00e2ncia, unidade e a realiza\u00e7\u00e3o individual dentro do grupo.<\/p>\n<p>\u2022 Dimens\u00e3o espiritual: Relacionar-se com Deus, reconhec\u00ea-lo como Criador e Redentor.<\/p>\n<p><em><strong>Forma\u00e7\u00e3o Profissional<\/strong><\/em><\/p>\n<p>\u2022 Dimens\u00e3o no ensino: Ensinar a partir da identifica\u00e7\u00e3o e adequa\u00e7\u00e3o de m\u00e9todos e t\u00e9cnicas que promovam a aprendizagem, estabelecendo rela\u00e7\u00f5es entre teoria e pr\u00e1tica, que provenham de um conhecimento da escola como organiza\u00e7\u00e3o complexa que tem a fun\u00e7\u00e3o de promover a educa\u00e7\u00e3o para e na cidadania.<\/p>\n<p>\u2022 Dimens\u00e3o na gest\u00e3o: Participar na gest\u00e3o de processos educativos e na organiza\u00e7\u00e3o e funcionamento de sistemas e institui\u00e7\u00f5es de ensino<\/p>\n<p><strong>\u2022 <\/strong>Dimens\u00e3o na an\u00e1lise e pensamento cr\u00edtico: Analisar de forma individual e coletiva situa\u00e7\u00f5es complexas, pr\u00e1ticas e problemas a partir da infer\u00eancia e da articula\u00e7\u00e3o entre as partes e todo.<\/p>\n<h2><strong>Conte\u00fados espec\u00edficos<\/strong><\/h2>\n<p>Voc\u00ea sabe quais s\u00e3o as disciplinas estudadas no curso de Pedagogia? Separamos aqui algumas delas para voc\u00ea saber o que vai encontrar pela frente.<\/p>\n<p>\u2022 Leitura e Produ\u00e7\u00e3o de Texto<\/p>\n<p>\u2022 Forma\u00e7\u00e3o Docente<\/p>\n<p>\u2022 Gest\u00e3o em Espa\u00e7os Sociais M\u00faltiplos<\/p>\n<p>\u2022 Diretrizes Curriculares da Educa\u00e7\u00e3o Infantil<\/p>\n<p>\u2022 Arte e Educa\u00e7\u00e3o<\/p>\n<p>\u2022 Alfabetiza\u00e7\u00e3o e Letramento<\/p>\n<p>\u2022 Linguagens e C\u00f3digos<\/p>\n<p>\u2022 Oficinas Pedag\u00f3gicas de Forma\u00e7\u00e3o<\/p>\n<h2><strong>\u00c1reas de atua\u00e7\u00e3o<\/strong><\/h2>\n<p>O profissional licenciado em Pedagogia est\u00e1 preparado par atuar em \u00e1reas como:<\/p>\n<p>\u2022 Editoras de livros did\u00e1ticos<\/p>\n<p>\u2022 Escolas de idiomas<\/p>\n<p>\u2022 ONGs<\/p>\n<p>\u2022 \u00d3rg\u00e3os p\u00fablicos ligados \u00e0 educa\u00e7\u00e3o<\/p>\n<p>\u2022 Treinamento e coordena\u00e7\u00e3o em empresas privadas<\/p>\n<h2><strong>B, A B\u00c1, Pedagogia!<\/strong><\/h2>\n<p>Por fim, esperamos que tenha gostado das informa\u00e7\u00f5es sobre a gradua\u00e7\u00e3o em Pedagogia. Afinal de contas, voc\u00ea vai precisar delas na hora de decidir o que cursar.<\/p>\n<p>Se acaso ainda tiver d\u00favidas ou quiser saber mais, n\u00e3o deixe de falar com a gente. \u00c9 s\u00f3 deixar o seu coment\u00e1rio logo abaixo.<\/p>\n<p>At\u00e9 a pr\u00f3xima![\/vc_text_paragraph][vc_text_paragraph]<\/p>\n<h3>Ei, n\u00e3o v\u00e1 embora sem assinar a nossa newsletter!<\/h3>\n<p>\u00c9 s\u00f3 colocar seu e-mail aqui em baixo para receber os melhores conte\u00fados do blog.[\/vc_text_paragraph][vc_newsletter_with_email list_id=&#8221;47b58773cd&#8221; return_type=&#8221;Mensagem de sucesso abaixo&#8221; title=&#8221;N\u00e3o v\u00e1 embora sem assinar a newsletter!&#8221; subtitle=&#8221;Assine a nossa newsletter e receba conte\u00fados direto no seu email.&#8221; newsletter_msg_success=&#8221;Valeu por se inscrever! Em breve mandaremos as novidades do blog!&#8221; newsletter_id=&#8221;blog_conteudo_2&#8243;][vc_text_paragraph]<\/p>\n<h2>Leia tamb\u00e9m:<\/h2>\n<p><a href=\"https:\/\/www.unasp.br\/blog\/ciencias-biologicas-areas-de-atuacao\/\"><strong>\u2022\u00a0Ci\u00eancias Biol\u00f3gicas: descubra as principais \u00e1reas de atua\u00e7\u00e3o do bi\u00f3logo.<\/strong><\/a><\/p>\n<p><a href=\"https:\/\/www.unasp.br\/blog\/engenharia-de-producao-o-que-se-estuda\/\"><strong>\u2022\u00a0Engenharia de Produ\u00e7\u00e3o: descubra o que voc\u00ea vai estudar na gradua\u00e7\u00e3o.<\/strong><\/a><\/p>\n<p><a href=\"https:\/\/www.unasp.br\/blog\/engenharia-civil-o-que-se-aprende\/\"><strong>\u2022\u00a0Engenharia Civil: veja o que voc\u00ea vai aprender na gradua\u00e7\u00e3o.<\/strong><\/a><\/p>\n<p><a href=\"https:\/\/www.unasp.br\/blog\/o-que-se-estuda-em-sistemas\/\"><strong>\u2022 An\u00e1lise e Desenvolvimento de Sistemas: o que se estuda no curso?<\/strong><\/a>[\/vc_text_paragraph][\/vc_column][\/vc_row]<\/p>\n","protected":false},"excerpt":{"rendered":"<p>[vc_row][vc_column][vc_text_paragraph] Voc\u00ea acha que Pedagogia pode ser a profiss\u00e3o dos seus sonhos? Antes de optar por ela descubra quais s\u00e3o as principais disciplinas, compet\u00eancias e \u00e1reas desenvolvidas ao longo do curso. E fa\u00e7a a sua escolha de forma assertiva.\u00a0 Uma das mais antigas profiss\u00f5es e respons\u00e1vel por formar bons cidad\u00e3os, voc\u00ea consegue imaginar de qual [&hellip;]<\/p>\n","protected":false},"author":94,"featured_media":49745,"comment_status":"open","ping_status":"open","sticky":false,"template":"","format":"standard","meta":{"footnotes":""},"categories":[175],"tags":[926,354,376,1250],"yoast_head":"<!-- This site is optimized with the Yoast SEO plugin v22.0 - https:\/\/yoast.com\/wordpress\/plugins\/seo\/ -->\n<title>Pedagogia: veja o que voc\u00ea vai estudar durante a gradua\u00e7\u00e3o<\/title>\n<meta name=\"description\" content=\"Se voc\u00ea acha que Pedagogia \u00e9 o curso que combina com o seu perfil, ent\u00e3o, descubra quais s\u00e3o as principais disciplinas, compet\u00eancias e \u00e1reas desenvolvidas.\" \/>\n<meta name=\"robots\" content=\"index, follow, max-snippet:-1, max-image-preview:large, max-video-preview:-1\" \/>\n<link rel=\"canonical\" href=\"https:\/\/unasp.br\/blog\/pedagogia-o-que-voce-vai-estudar\/\" \/>\n<meta property=\"og:locale\" content=\"pt_BR\" \/>\n<meta property=\"og:type\" content=\"article\" \/>\n<meta property=\"og:title\" content=\"Pedagogia: veja o que voc\u00ea vai estudar durante a gradua\u00e7\u00e3o\" \/>\n<meta property=\"og:description\" content=\"Se voc\u00ea acha que Pedagogia \u00e9 o curso que combina com o seu perfil, ent\u00e3o, descubra quais s\u00e3o as principais disciplinas, compet\u00eancias e \u00e1reas desenvolvidas.\" \/>\n<meta property=\"og:url\" content=\"https:\/\/unasp.br\/blog\/pedagogia-o-que-voce-vai-estudar\/\" \/>\n<meta property=\"og:site_name\" content=\"Blog do UNASP\" \/>\n<meta property=\"article:published_time\" content=\"2019-01-02T19:52:12+00:00\" \/>\n<meta property=\"article:modified_time\" content=\"2019-01-18T13:37:00+00:00\" \/>\n<meta property=\"og:image\" content=\"https:\/\/cdn.unasp.br\/blog\/wp-content\/uploads\/2018\/11\/shutterstock_566559844-e1546458705913.jpg\" \/>\n\t<meta property=\"og:image:width\" content=\"924\" \/>\n\t<meta property=\"og:image:height\" content=\"616\" \/>\n\t<meta property=\"og:image:type\" content=\"image\/jpeg\" \/>\n<meta name=\"author\" content=\"user_login user_login\" \/>\n<meta name=\"twitter:card\" content=\"summary_large_image\" \/>\n<meta name=\"twitter:label1\" content=\"Escrito por\" \/>\n\t<meta name=\"twitter:data1\" content=\"user_login user_login\" \/>\n\t<meta name=\"twitter:label2\" content=\"Est. tempo de leitura\" \/>\n\t<meta name=\"twitter:data2\" content=\"9 minutos\" \/>\n<script type=\"application\/ld+json\" class=\"yoast-schema-graph\">{\"@context\":\"https:\/\/schema.org\",\"@graph\":[{\"@type\":\"WebPage\",\"@id\":\"https:\/\/unasp.br\/blog\/pedagogia-o-que-voce-vai-estudar\/\",\"url\":\"https:\/\/unasp.br\/blog\/pedagogia-o-que-voce-vai-estudar\/\",\"name\":\"Pedagogia: veja o que voc\u00ea vai estudar durante a gradua\u00e7\u00e3o\",\"isPartOf\":{\"@id\":\"https:\/\/unasp.br\/blog\/#website\"},\"datePublished\":\"2019-01-02T19:52:12+00:00\",\"dateModified\":\"2019-01-18T13:37:00+00:00\",\"author\":{\"@id\":\"https:\/\/unasp.br\/blog\/#\/schema\/person\/6cd3641a3eb6d90fce0b0926c5a4456b\"},\"description\":\"Se voc\u00ea acha que Pedagogia \u00e9 o curso que combina com o seu perfil, ent\u00e3o, descubra quais s\u00e3o as principais disciplinas, compet\u00eancias e \u00e1reas desenvolvidas.\",\"breadcrumb\":{\"@id\":\"https:\/\/unasp.br\/blog\/pedagogia-o-que-voce-vai-estudar\/#breadcrumb\"},\"inLanguage\":\"pt-BR\",\"potentialAction\":[{\"@type\":\"ReadAction\",\"target\":[\"https:\/\/unasp.br\/blog\/pedagogia-o-que-voce-vai-estudar\/\"]}]},{\"@type\":\"BreadcrumbList\",\"@id\":\"https:\/\/unasp.br\/blog\/pedagogia-o-que-voce-vai-estudar\/#breadcrumb\",\"itemListElement\":[{\"@type\":\"ListItem\",\"position\":1,\"name\":\"In\u00edcio\",\"item\":\"https:\/\/unasp.br\/blog\/\"},{\"@type\":\"ListItem\",\"position\":2,\"name\":\"Pedagogia: veja o que voc\u00ea vai estudar durante a gradua\u00e7\u00e3o\"}]},{\"@type\":\"WebSite\",\"@id\":\"https:\/\/unasp.br\/blog\/#website\",\"url\":\"https:\/\/unasp.br\/blog\/\",\"name\":\"Blog do UNASP\",\"description\":\"Centro Universit\u00e1rio Adventista de S\u00e3o Paulo\",\"potentialAction\":[{\"@type\":\"SearchAction\",\"target\":{\"@type\":\"EntryPoint\",\"urlTemplate\":\"https:\/\/unasp.br\/blog\/?s={search_term_string}\"},\"query-input\":\"required name=search_term_string\"}],\"inLanguage\":\"pt-BR\"},{\"@type\":\"Person\",\"@id\":\"https:\/\/unasp.br\/blog\/#\/schema\/person\/6cd3641a3eb6d90fce0b0926c5a4456b\",\"name\":\"user_login user_login\",\"image\":{\"@type\":\"ImageObject\",\"inLanguage\":\"pt-BR\",\"@id\":\"https:\/\/unasp.br\/blog\/#\/schema\/person\/image\/\",\"url\":\"https:\/\/secure.gravatar.com\/avatar\/34321051a691b4ae0a7c11cd8c2116e3?s=96&d=mm&r=g\",\"contentUrl\":\"https:\/\/secure.gravatar.com\/avatar\/34321051a691b4ae0a7c11cd8c2116e3?s=96&d=mm&r=g\",\"caption\":\"user_login user_login\"},\"url\":\"https:\/\/unasp.br\/blog\/author\/user_login\/\"}]}<\/script>\n<!-- \/ Yoast SEO plugin. -->","yoast_head_json":{"title":"Pedagogia: veja o que voc\u00ea vai estudar durante a gradua\u00e7\u00e3o","description":"Se voc\u00ea acha que Pedagogia \u00e9 o curso que combina com o seu perfil, ent\u00e3o, descubra quais s\u00e3o as principais disciplinas, compet\u00eancias e \u00e1reas desenvolvidas.","robots":{"index":"index","follow":"follow","max-snippet":"max-snippet:-1","max-image-preview":"max-image-preview:large","max-video-preview":"max-video-preview:-1"},"canonical":"https:\/\/unasp.br\/blog\/pedagogia-o-que-voce-vai-estudar\/","og_locale":"pt_BR","og_type":"article","og_title":"Pedagogia: veja o que voc\u00ea vai estudar durante a gradua\u00e7\u00e3o","og_description":"Se voc\u00ea acha que Pedagogia \u00e9 o curso que combina com o seu perfil, ent\u00e3o, descubra quais s\u00e3o as principais disciplinas, compet\u00eancias e \u00e1reas desenvolvidas.","og_url":"https:\/\/unasp.br\/blog\/pedagogia-o-que-voce-vai-estudar\/","og_site_name":"Blog do UNASP","article_published_time":"2019-01-02T19:52:12+00:00","article_modified_time":"2019-01-18T13:37:00+00:00","og_image":[{"width":924,"height":616,"url":"https:\/\/cdn.unasp.br\/blog\/wp-content\/uploads\/2018\/11\/shutterstock_566559844-e1546458705913.jpg","type":"image\/jpeg"}],"author":"user_login user_login","twitter_card":"summary_large_image","twitter_misc":{"Escrito por":"user_login user_login","Est. tempo de leitura":"9 minutos"},"schema":{"@context":"https:\/\/schema.org","@graph":[{"@type":"WebPage","@id":"https:\/\/unasp.br\/blog\/pedagogia-o-que-voce-vai-estudar\/","url":"https:\/\/unasp.br\/blog\/pedagogia-o-que-voce-vai-estudar\/","name":"Pedagogia: veja o que voc\u00ea vai estudar durante a gradua\u00e7\u00e3o","isPartOf":{"@id":"https:\/\/unasp.br\/blog\/#website"},"datePublished":"2019-01-02T19:52:12+00:00","dateModified":"2019-01-18T13:37:00+00:00","author":{"@id":"https:\/\/unasp.br\/blog\/#\/schema\/person\/6cd3641a3eb6d90fce0b0926c5a4456b"},"description":"Se voc\u00ea acha que Pedagogia \u00e9 o curso que combina com o seu perfil, ent\u00e3o, descubra quais s\u00e3o as principais disciplinas, compet\u00eancias e \u00e1reas desenvolvidas.","breadcrumb":{"@id":"https:\/\/unasp.br\/blog\/pedagogia-o-que-voce-vai-estudar\/#breadcrumb"},"inLanguage":"pt-BR","potentialAction":[{"@type":"ReadAction","target":["https:\/\/unasp.br\/blog\/pedagogia-o-que-voce-vai-estudar\/"]}]},{"@type":"BreadcrumbList","@id":"https:\/\/unasp.br\/blog\/pedagogia-o-que-voce-vai-estudar\/#breadcrumb","itemListElement":[{"@type":"ListItem","position":1,"name":"In\u00edcio","item":"https:\/\/unasp.br\/blog\/"},{"@type":"ListItem","position":2,"name":"Pedagogia: veja o que voc\u00ea vai estudar durante a gradua\u00e7\u00e3o"}]},{"@type":"WebSite","@id":"https:\/\/unasp.br\/blog\/#website","url":"https:\/\/unasp.br\/blog\/","name":"Blog do UNASP","description":"Centro Universit\u00e1rio Adventista de S\u00e3o Paulo","potentialAction":[{"@type":"SearchAction","target":{"@type":"EntryPoint","urlTemplate":"https:\/\/unasp.br\/blog\/?s={search_term_string}"},"query-input":"required name=search_term_string"}],"inLanguage":"pt-BR"},{"@type":"Person","@id":"https:\/\/unasp.br\/blog\/#\/schema\/person\/6cd3641a3eb6d90fce0b0926c5a4456b","name":"user_login user_login","image":{"@type":"ImageObject","inLanguage":"pt-BR","@id":"https:\/\/unasp.br\/blog\/#\/schema\/person\/image\/","url":"https:\/\/secure.gravatar.com\/avatar\/34321051a691b4ae0a7c11cd8c2116e3?s=96&d=mm&r=g","contentUrl":"https:\/\/secure.gravatar.com\/avatar\/34321051a691b4ae0a7c11cd8c2116e3?s=96&d=mm&r=g","caption":"user_login user_login"},"url":"https:\/\/unasp.br\/blog\/author\/user_login\/"}]}},"_links":{"self":[{"href":"https:\/\/unasp.br\/blog\/wp-json\/wp\/v2\/posts\/47728"}],"collection":[{"href":"https:\/\/unasp.br\/blog\/wp-json\/wp\/v2\/posts"}],"about":[{"href":"https:\/\/unasp.br\/blog\/wp-json\/wp\/v2\/types\/post"}],"author":[{"embeddable":true,"href":"https:\/\/unasp.br\/blog\/wp-json\/wp\/v2\/users\/94"}],"replies":[{"embeddable":true,"href":"https:\/\/unasp.br\/blog\/wp-json\/wp\/v2\/comments?post=47728"}],"version-history":[{"count":5,"href":"https:\/\/unasp.br\/blog\/wp-json\/wp\/v2\/posts\/47728\/revisions"}],"predecessor-version":[{"id":50948,"href":"https:\/\/unasp.br\/blog\/wp-json\/wp\/v2\/posts\/47728\/revisions\/50948"}],"wp:featuredmedia":[{"embeddable":true,"href":"https:\/\/unasp.br\/blog\/wp-json\/wp\/v2\/media\/49745"}],"wp:attachment":[{"href":"https:\/\/unasp.br\/blog\/wp-json\/wp\/v2\/media?parent=47728"}],"wp:term":[{"taxonomy":"category","embeddable":true,"href":"https:\/\/unasp.br\/blog\/wp-json\/wp\/v2\/categories?post=47728"},{"taxonomy":"post_tag","embeddable":true,"href":"https:\/\/unasp.br\/blog\/wp-json\/wp\/v2\/tags?post=47728"}],"curies":[{"name":"wp","href":"https:\/\/api.w.org\/{rel}","templated":true}]}}