{"id":50053,"date":"2019-01-07T10:51:36","date_gmt":"2019-01-07T12:51:36","guid":{"rendered":"https:\/\/www.unasp.br\/blog\/?p=50053"},"modified":"2019-01-18T11:32:28","modified_gmt":"2019-01-18T13:32:28","slug":"pos-em-lideranca-musica-e-adoracao","status":"publish","type":"post","link":"https:\/\/unasp.br\/blog\/pos-em-lideranca-musica-e-adoracao\/","title":{"rendered":"5 motivos para fazer uma p\u00f3s em Lideran\u00e7a em M\u00fasica e Adora\u00e7\u00e3o"},"content":{"rendered":"<p>[vc_row][vc_column][vc_text_paragraph]<\/p>\n<blockquote>\n<h2>A p\u00f3s-gradua\u00e7\u00e3o \u00e9 o pr\u00f3ximo passo para quem deseja tornar-se um especialista em m\u00fasica. Veja 5 motivos para come\u00e7ar os estudos em Lideran\u00e7a em M\u00fasica e Adora\u00e7\u00e3o.<\/h2>\n<\/blockquote>\n<p>A gradua\u00e7\u00e3o em m\u00fasica n\u00e3o \u00e9 um fim em si mesma. O exerc\u00edcio e pr\u00e1tica musical requer um constante aperfei\u00e7oamento e estudos. E o profissional formado na \u00e1rea precisa compreender que a sua forma\u00e7\u00e3o precisa ir al\u00e9m da faculdade.<\/p>\n<p>Visto que um bacharel ou graduado em m\u00fasica possu\u00ed uma forma\u00e7\u00e3o generalista. Isto \u00e9, que possui uma vers\u00e3o mais ampla sobre o universo da m\u00fasica. Entendendo um pouco de tudo, mas n\u00e3o necessariamente um especialista com foco em uma \u00e1rea definida.<\/p>\n<blockquote>\n<h4>A gradua\u00e7\u00e3o \u00e9 apenas o come\u00e7o, a especializa\u00e7\u00e3o \u00e9 o pr\u00f3ximo passo!<\/h4>\n<\/blockquote>\n<p>Resumindo, a p\u00f3s-gradua\u00e7\u00e3o \u00e9 a melhor op\u00e7\u00e3o para quem quer se tornar um especialista e ter um diferencial no mercado de trabalho.<\/p>\n<p class=\"p2\"><span class=\"s1\">O curso de licenciatura em M\u00fasica, aqui do Unasp, julga importante oferecer aprimoramento a profissionais e ex-alunos. Entendendo que a forma\u00e7\u00e3o inicial n\u00e3o \u00e9 um recurso final para o exerc\u00edcio da profiss\u00e3o, mas uma etapa inicial para a constru\u00e7\u00e3o continuada de um profissional competente, reflexivo e compromissado com<\/span> <span class=\"s1\">a profiss\u00e3o.<\/span><\/p>\n<p class=\"p3\"><span class=\"s1\">Pensando no aprimoramento da pr\u00e1tica musical e no contexto religioso o <a href=\"https:\/\/www.unasp.br\/cursos\/ec\/pos-graduacao\/pos-graduacao-em-lideranca-em-musica-e-adoracao\/\">curso de p\u00f3s-gradua\u00e7\u00e3o de Lideran\u00e7a em M\u00fasica e Adora\u00e7\u00e3o<\/a> oferece treinamento espec\u00edfico aos aspirantes que desejam atuar especificamente no minist\u00e9rio musical das igrejas. <\/span><\/p>\n<p class=\"p3\"><span class=\"s1\">Esse curso foi criado ap\u00f3s uma grande pesquisa em que foi compreendido a relev\u00e2ncia do tema. Por conta da abrang\u00eancia da \u00e1rea contrastada com extrema car\u00eancia de profissionais habilitados para o exerc\u00edcio.<\/span><\/p>\n<p>E a\u00ed, est\u00e1 interessado em fazer o curso? Veja esses cinco motivos para come\u00e7ar a p\u00f3s em <a href=\"https:\/\/www.unasp.br\/cursos\/ec\/pos-graduacao\/pos-graduacao-em-lideranca-em-musica-e-adoracao\/\"><strong>Lideran\u00e7a em M\u00fasica e Adora\u00e7\u00e3o.\u00a0<\/strong><\/a>[\/vc_text_paragraph][vc_text_paragraph]<\/p>\n<h3>Est\u00e1 gostando dos conte\u00fados?<\/h3>\n<p>Assine a newsletter e receba todas as novidade direto no seu e-mail![\/vc_text_paragraph][vc_newsletter_with_email newsletter_id=&#8221;blog_conteudo_1&#8243; newsletter_msg_success=&#8221;Valeu por se inscrever! Em breve mandaremos as novidades do blog!&#8221;][vc_text_paragraph]<\/p>\n<h2>5 motivos para voc\u00ea fazer a p\u00f3s em Lideran\u00e7a em M\u00fasica e Adora\u00e7\u00e3o<\/h2>\n<p class=\"p1\"><span class=\"s1\">1. Conhecer a hist\u00f3ria e desenvolvimento da liturgia eclesi\u00e1stica no decorrer dos per\u00edodos da igreja crist\u00e3.<\/span><\/p>\n<p class=\"p1\"><span class=\"s1\">2. Vivenciar experi\u00eancias lit\u00fargicas de diferentes culturas religiosas contempor\u00e2neas.<\/span><\/p>\n<p class=\"p1\"><span class=\"s1\">3. Aprimorar conhecimentos nas ferramentas tecnol\u00f3gicas, bem como nas atividades inerentes \u00e0 pr\u00e1tica relacionada ao culto de adora\u00e7\u00e3o.<\/span><\/p>\n<p class=\"p1\"><span class=\"s1\">4. Trocar experi\u00eancias com m\u00fasicos de diferentes lugares, com pr\u00e1ticas distintas, enriquecendo a vis\u00e3o particular do minist\u00e9rio musical.<\/span><\/p>\n<p class=\"p1\"><span class=\"s1\">5. Buscar uma atua\u00e7\u00e3o mais profissional atrav\u00e9s do contato com o ambiente acad\u00eamico e a titula\u00e7\u00e3o proporcionadas pelo UNASP.<\/span><\/p>\n<h2>Quais s\u00e3o os objetivos do curso?<\/h2>\n<ul>\n<li><span class=\"s2\">Facilitar o estudo interdisciplinar da m\u00fasica crist\u00e3, desde seus prim\u00f3rdios at\u00e9 a contemporaneidade, e os aspectos de lideran\u00e7a comunit\u00e1ria;<\/span><\/li>\n<li><span class=\"s2\">Preparar profissionais para as carreiras de m\u00fasica na igreja, ministra\u00e7\u00e3o e louvor, lideran\u00e7a, performance e educa\u00e7\u00e3o musical;<\/span><\/li>\n<li><span class=\"s2\">Incentivar a cria\u00e7\u00e3o de centros de desenvolvimento t\u00e9cnico musical a n\u00edvel de igreja local, onde os conhecimentos ser\u00e3o ampliados e estendidos;<\/span><\/li>\n<li><span class=\"s2\">Enfocar os aspectos hist\u00f3ricos, musicol\u00f3gicos e perform\u00e1ticos, preservando os valores \u00e9tico-crist\u00e3os e princ\u00edpios filos\u00f3ficos da institui\u00e7\u00e3o.<\/span><\/li>\n<\/ul>\n<p>&nbsp;<\/p>\n<h2 style=\"text-align: center;\">Gostou? <a href=\"https:\/\/www.unasp.br\/cursos\/ec\/pos-graduacao\/pos-graduacao-em-lideranca-em-musica-e-adoracao\/\">Clique aqui<\/a> e veja mais informa\u00e7\u00f5es sobre o curso e fa\u00e7a a sua inscri\u00e7\u00e3o para a pr\u00f3xima turma!<\/h2>\n<p>[\/vc_text_paragraph][vc_text_paragraph]<\/p>\n<h3>Ei, n\u00e3o v\u00e1 embora sem assinar a nossa newsletter!<\/h3>\n<p>\u00c9 s\u00f3 colocar seu e-mail aqui em baixo para receber os melhores conte\u00fados do blog.[\/vc_text_paragraph][vc_newsletter_with_email newsletter_id=&#8221;blog_conteudo_2&#8243; newsletter_msg_success=&#8221;Valeu por se inscrever! Em breve mandaremos as novidades do blog!&#8221;][vc_text_paragraph]<\/p>\n<h2>Leia tamb\u00e9m<\/h2>\n<p><strong><a href=\"https:\/\/www.unasp.br\/blog\/financiamento-estudantil-para-a-pos-graduacao\/\">\u2022 Saiba como conseguir financiamento estudantil para a p\u00f3s-gradua\u00e7\u00e3o<\/a><\/strong><\/p>\n<p><strong><a href=\"https:\/\/www.unasp.br\/blog\/mba-ou-pos-graduacao-diferenca\/\">\u2022 MBA ou P\u00f3s-gradua\u00e7\u00e3o: voc\u00ea sabe qual \u00e9 a diferen\u00e7a?<\/a><\/strong><\/p>\n<p><strong><a href=\"https:\/\/www.unasp.br\/blog\/qual-e-a-diferenca-entre-uma-pos-graduacao-lato-senso-e-stricto-sensu\/\">\u2022 Qual \u00e9 a diferen\u00e7a entre uma p\u00f3s-gradua\u00e7\u00e3o lato sensu e stricto sensu?<\/a><\/strong><\/p>\n<section class=\"una-blog__content row\">\n<aside class=\"col-md-2 col-sm-4\">\n<div class=\"una-blog__author\"><\/div>\n<\/aside>\n<\/section>\n<section class=\"una-blog__content row\">\n<aside class=\"col-md-2 col-sm-4\">\n<div class=\"una-blog__author\"><\/div>\n<\/aside>\n<\/section>\n<section class=\"una-blog__content row\">\n<aside class=\"col-md-2 col-sm-4\">\n<div class=\"una-blog__author\"><\/div>\n<\/aside>\n<\/section>\n<p>[\/vc_text_paragraph][\/vc_column][\/vc_row]<\/p>\n","protected":false},"excerpt":{"rendered":"<p>[vc_row][vc_column][vc_text_paragraph] A p\u00f3s-gradua\u00e7\u00e3o \u00e9 o pr\u00f3ximo passo para quem deseja tornar-se um especialista em m\u00fasica. Veja 5 motivos para come\u00e7ar os estudos em Lideran\u00e7a em M\u00fasica e Adora\u00e7\u00e3o. A gradua\u00e7\u00e3o em m\u00fasica n\u00e3o \u00e9 um fim em si mesma. O exerc\u00edcio e pr\u00e1tica musical requer um constante aperfei\u00e7oamento e estudos. E o profissional formado na [&hellip;]<\/p>\n","protected":false},"author":94,"featured_media":50055,"comment_status":"open","ping_status":"open","sticky":false,"template":"","format":"standard","meta":{"footnotes":""},"categories":[175],"tags":[313,1833,1086,461],"yoast_head":"<!-- This site is optimized with the Yoast SEO plugin v22.0 - https:\/\/yoast.com\/wordpress\/plugins\/seo\/ -->\n<title>5 motivos para fazer uma p\u00f3s em Lideran\u00e7a em M\u00fasica e Adora\u00e7\u00e3o<\/title>\n<meta name=\"description\" content=\"A p\u00f3s-gradua\u00e7\u00e3o \u00e9 o pr\u00f3ximo passo para quem deseja tornar-se um especialista em m\u00fasica. Comece os estudos em Lideran\u00e7a em M\u00fasica e Adora\u00e7\u00e3o.\" \/>\n<meta name=\"robots\" content=\"index, follow, max-snippet:-1, max-image-preview:large, max-video-preview:-1\" \/>\n<link rel=\"canonical\" href=\"https:\/\/unasp.br\/blog\/pos-em-lideranca-musica-e-adoracao\/\" \/>\n<meta property=\"og:locale\" content=\"pt_BR\" \/>\n<meta property=\"og:type\" content=\"article\" \/>\n<meta property=\"og:title\" content=\"5 motivos para fazer uma p\u00f3s em Lideran\u00e7a em M\u00fasica e Adora\u00e7\u00e3o\" \/>\n<meta property=\"og:description\" content=\"A p\u00f3s-gradua\u00e7\u00e3o \u00e9 o pr\u00f3ximo passo para quem deseja tornar-se um especialista em m\u00fasica. Comece os estudos em Lideran\u00e7a em M\u00fasica e Adora\u00e7\u00e3o.\" \/>\n<meta property=\"og:url\" content=\"https:\/\/unasp.br\/blog\/pos-em-lideranca-musica-e-adoracao\/\" \/>\n<meta property=\"og:site_name\" content=\"Blog do UNASP\" \/>\n<meta property=\"article:published_time\" content=\"2019-01-07T12:51:36+00:00\" \/>\n<meta property=\"article:modified_time\" content=\"2019-01-18T13:32:28+00:00\" \/>\n<meta property=\"og:image\" content=\"https:\/\/cdn.unasp.br\/blog\/wp-content\/uploads\/2019\/01\/shutterstock_721509463-e1546864450197.jpg\" \/>\n\t<meta property=\"og:image:width\" content=\"924\" \/>\n\t<meta property=\"og:image:height\" content=\"588\" \/>\n\t<meta property=\"og:image:type\" content=\"image\/jpeg\" \/>\n<meta name=\"author\" content=\"user_login user_login\" \/>\n<meta name=\"twitter:card\" content=\"summary_large_image\" \/>\n<meta name=\"twitter:label1\" content=\"Escrito por\" \/>\n\t<meta name=\"twitter:data1\" content=\"user_login user_login\" \/>\n\t<meta name=\"twitter:label2\" content=\"Est. tempo de leitura\" \/>\n\t<meta name=\"twitter:data2\" content=\"4 minutos\" \/>\n<script type=\"application\/ld+json\" class=\"yoast-schema-graph\">{\"@context\":\"https:\/\/schema.org\",\"@graph\":[{\"@type\":\"WebPage\",\"@id\":\"https:\/\/unasp.br\/blog\/pos-em-lideranca-musica-e-adoracao\/\",\"url\":\"https:\/\/unasp.br\/blog\/pos-em-lideranca-musica-e-adoracao\/\",\"name\":\"5 motivos para fazer uma p\u00f3s em Lideran\u00e7a em M\u00fasica e Adora\u00e7\u00e3o\",\"isPartOf\":{\"@id\":\"https:\/\/unasp.br\/blog\/#website\"},\"datePublished\":\"2019-01-07T12:51:36+00:00\",\"dateModified\":\"2019-01-18T13:32:28+00:00\",\"author\":{\"@id\":\"https:\/\/unasp.br\/blog\/#\/schema\/person\/6cd3641a3eb6d90fce0b0926c5a4456b\"},\"description\":\"A p\u00f3s-gradua\u00e7\u00e3o \u00e9 o pr\u00f3ximo passo para quem deseja tornar-se um especialista em m\u00fasica. Comece os estudos em Lideran\u00e7a em M\u00fasica e Adora\u00e7\u00e3o.\",\"breadcrumb\":{\"@id\":\"https:\/\/unasp.br\/blog\/pos-em-lideranca-musica-e-adoracao\/#breadcrumb\"},\"inLanguage\":\"pt-BR\",\"potentialAction\":[{\"@type\":\"ReadAction\",\"target\":[\"https:\/\/unasp.br\/blog\/pos-em-lideranca-musica-e-adoracao\/\"]}]},{\"@type\":\"BreadcrumbList\",\"@id\":\"https:\/\/unasp.br\/blog\/pos-em-lideranca-musica-e-adoracao\/#breadcrumb\",\"itemListElement\":[{\"@type\":\"ListItem\",\"position\":1,\"name\":\"In\u00edcio\",\"item\":\"https:\/\/unasp.br\/blog\/\"},{\"@type\":\"ListItem\",\"position\":2,\"name\":\"5 motivos para fazer uma p\u00f3s em Lideran\u00e7a em M\u00fasica e Adora\u00e7\u00e3o\"}]},{\"@type\":\"WebSite\",\"@id\":\"https:\/\/unasp.br\/blog\/#website\",\"url\":\"https:\/\/unasp.br\/blog\/\",\"name\":\"Blog do UNASP\",\"description\":\"Centro Universit\u00e1rio Adventista de S\u00e3o Paulo\",\"potentialAction\":[{\"@type\":\"SearchAction\",\"target\":{\"@type\":\"EntryPoint\",\"urlTemplate\":\"https:\/\/unasp.br\/blog\/?s={search_term_string}\"},\"query-input\":\"required name=search_term_string\"}],\"inLanguage\":\"pt-BR\"},{\"@type\":\"Person\",\"@id\":\"https:\/\/unasp.br\/blog\/#\/schema\/person\/6cd3641a3eb6d90fce0b0926c5a4456b\",\"name\":\"user_login user_login\",\"image\":{\"@type\":\"ImageObject\",\"inLanguage\":\"pt-BR\",\"@id\":\"https:\/\/unasp.br\/blog\/#\/schema\/person\/image\/\",\"url\":\"https:\/\/secure.gravatar.com\/avatar\/34321051a691b4ae0a7c11cd8c2116e3?s=96&d=mm&r=g\",\"contentUrl\":\"https:\/\/secure.gravatar.com\/avatar\/34321051a691b4ae0a7c11cd8c2116e3?s=96&d=mm&r=g\",\"caption\":\"user_login user_login\"},\"url\":\"https:\/\/unasp.br\/blog\/author\/user_login\/\"}]}<\/script>\n<!-- \/ Yoast SEO plugin. -->","yoast_head_json":{"title":"5 motivos para fazer uma p\u00f3s em Lideran\u00e7a em M\u00fasica e Adora\u00e7\u00e3o","description":"A p\u00f3s-gradua\u00e7\u00e3o \u00e9 o pr\u00f3ximo passo para quem deseja tornar-se um especialista em m\u00fasica. Comece os estudos em Lideran\u00e7a em M\u00fasica e Adora\u00e7\u00e3o.","robots":{"index":"index","follow":"follow","max-snippet":"max-snippet:-1","max-image-preview":"max-image-preview:large","max-video-preview":"max-video-preview:-1"},"canonical":"https:\/\/unasp.br\/blog\/pos-em-lideranca-musica-e-adoracao\/","og_locale":"pt_BR","og_type":"article","og_title":"5 motivos para fazer uma p\u00f3s em Lideran\u00e7a em M\u00fasica e Adora\u00e7\u00e3o","og_description":"A p\u00f3s-gradua\u00e7\u00e3o \u00e9 o pr\u00f3ximo passo para quem deseja tornar-se um especialista em m\u00fasica. Comece os estudos em Lideran\u00e7a em M\u00fasica e Adora\u00e7\u00e3o.","og_url":"https:\/\/unasp.br\/blog\/pos-em-lideranca-musica-e-adoracao\/","og_site_name":"Blog do UNASP","article_published_time":"2019-01-07T12:51:36+00:00","article_modified_time":"2019-01-18T13:32:28+00:00","og_image":[{"width":924,"height":588,"url":"https:\/\/cdn.unasp.br\/blog\/wp-content\/uploads\/2019\/01\/shutterstock_721509463-e1546864450197.jpg","type":"image\/jpeg"}],"author":"user_login user_login","twitter_card":"summary_large_image","twitter_misc":{"Escrito por":"user_login user_login","Est. tempo de leitura":"4 minutos"},"schema":{"@context":"https:\/\/schema.org","@graph":[{"@type":"WebPage","@id":"https:\/\/unasp.br\/blog\/pos-em-lideranca-musica-e-adoracao\/","url":"https:\/\/unasp.br\/blog\/pos-em-lideranca-musica-e-adoracao\/","name":"5 motivos para fazer uma p\u00f3s em Lideran\u00e7a em M\u00fasica e Adora\u00e7\u00e3o","isPartOf":{"@id":"https:\/\/unasp.br\/blog\/#website"},"datePublished":"2019-01-07T12:51:36+00:00","dateModified":"2019-01-18T13:32:28+00:00","author":{"@id":"https:\/\/unasp.br\/blog\/#\/schema\/person\/6cd3641a3eb6d90fce0b0926c5a4456b"},"description":"A p\u00f3s-gradua\u00e7\u00e3o \u00e9 o pr\u00f3ximo passo para quem deseja tornar-se um especialista em m\u00fasica. Comece os estudos em Lideran\u00e7a em M\u00fasica e Adora\u00e7\u00e3o.","breadcrumb":{"@id":"https:\/\/unasp.br\/blog\/pos-em-lideranca-musica-e-adoracao\/#breadcrumb"},"inLanguage":"pt-BR","potentialAction":[{"@type":"ReadAction","target":["https:\/\/unasp.br\/blog\/pos-em-lideranca-musica-e-adoracao\/"]}]},{"@type":"BreadcrumbList","@id":"https:\/\/unasp.br\/blog\/pos-em-lideranca-musica-e-adoracao\/#breadcrumb","itemListElement":[{"@type":"ListItem","position":1,"name":"In\u00edcio","item":"https:\/\/unasp.br\/blog\/"},{"@type":"ListItem","position":2,"name":"5 motivos para fazer uma p\u00f3s em Lideran\u00e7a em M\u00fasica e Adora\u00e7\u00e3o"}]},{"@type":"WebSite","@id":"https:\/\/unasp.br\/blog\/#website","url":"https:\/\/unasp.br\/blog\/","name":"Blog do UNASP","description":"Centro Universit\u00e1rio Adventista de S\u00e3o Paulo","potentialAction":[{"@type":"SearchAction","target":{"@type":"EntryPoint","urlTemplate":"https:\/\/unasp.br\/blog\/?s={search_term_string}"},"query-input":"required name=search_term_string"}],"inLanguage":"pt-BR"},{"@type":"Person","@id":"https:\/\/unasp.br\/blog\/#\/schema\/person\/6cd3641a3eb6d90fce0b0926c5a4456b","name":"user_login user_login","image":{"@type":"ImageObject","inLanguage":"pt-BR","@id":"https:\/\/unasp.br\/blog\/#\/schema\/person\/image\/","url":"https:\/\/secure.gravatar.com\/avatar\/34321051a691b4ae0a7c11cd8c2116e3?s=96&d=mm&r=g","contentUrl":"https:\/\/secure.gravatar.com\/avatar\/34321051a691b4ae0a7c11cd8c2116e3?s=96&d=mm&r=g","caption":"user_login user_login"},"url":"https:\/\/unasp.br\/blog\/author\/user_login\/"}]}},"_links":{"self":[{"href":"https:\/\/unasp.br\/blog\/wp-json\/wp\/v2\/posts\/50053"}],"collection":[{"href":"https:\/\/unasp.br\/blog\/wp-json\/wp\/v2\/posts"}],"about":[{"href":"https:\/\/unasp.br\/blog\/wp-json\/wp\/v2\/types\/post"}],"author":[{"embeddable":true,"href":"https:\/\/unasp.br\/blog\/wp-json\/wp\/v2\/users\/94"}],"replies":[{"embeddable":true,"href":"https:\/\/unasp.br\/blog\/wp-json\/wp\/v2\/comments?post=50053"}],"version-history":[{"count":7,"href":"https:\/\/unasp.br\/blog\/wp-json\/wp\/v2\/posts\/50053\/revisions"}],"predecessor-version":[{"id":50946,"href":"https:\/\/unasp.br\/blog\/wp-json\/wp\/v2\/posts\/50053\/revisions\/50946"}],"wp:featuredmedia":[{"embeddable":true,"href":"https:\/\/unasp.br\/blog\/wp-json\/wp\/v2\/media\/50055"}],"wp:attachment":[{"href":"https:\/\/unasp.br\/blog\/wp-json\/wp\/v2\/media?parent=50053"}],"wp:term":[{"taxonomy":"category","embeddable":true,"href":"https:\/\/unasp.br\/blog\/wp-json\/wp\/v2\/categories?post=50053"},{"taxonomy":"post_tag","embeddable":true,"href":"https:\/\/unasp.br\/blog\/wp-json\/wp\/v2\/tags?post=50053"}],"curies":[{"name":"wp","href":"https:\/\/api.w.org\/{rel}","templated":true}]}}