{"id":56074,"date":"2019-04-03T15:19:09","date_gmt":"2019-04-03T18:19:09","guid":{"rendered":"https:\/\/www.unasp.br\/blog\/?p=56074"},"modified":"2019-07-10T19:07:57","modified_gmt":"2019-07-10T22:07:57","slug":"trabalho-e-vida-pessoal","status":"publish","type":"post","link":"https:\/\/unasp.br\/blog\/trabalho-e-vida-pessoal\/","title":{"rendered":"4 dicas para manter o equil\u00edbrio entre trabalho e vida pessoal"},"content":{"rendered":"<p>[vc_row][vc_column][vc_text_paragraph]<\/p>\n<blockquote>\n<h2><strong>A vida n\u00e3o se resume s\u00f3 ao trabalho e quando entendemos isso, passamos a entender melhor o nosso prop\u00f3sito. Veja 4 dicas para manter o equil\u00edbrio entre o trabalho e a vida pessoal.<\/strong><\/h2>\n<\/blockquote>\n<p>N\u00e3o \u00e9 t\u00e3o dif\u00edcil encontrar algu\u00e9m que trabalhe muito. Essa pessoa pode ser voc\u00ea, algu\u00e9m pr\u00f3ximo ou algum conhecido. As pessoas t\u00eam trabalhado cada vez mais nos \u00faltimos anos e isso, a longo prazo, n\u00e3o \u00e9 algo muito bom. Ainda mais quando falamos em qualidade de vida.<\/p>\n<p>Ou seja, sempre bate aquela d\u00favida, vale a pena trabalhar em demasia? E por consequ\u00eancia, aceitar que certos \u00e2mbitos da vida v\u00e3o acabar sendo deixados de lado.<\/p>\n<p>Bem, \u00e9 necess\u00e1rio lembrar que embora o trabalho seja um bom meio para a independ\u00eancia financeira e realiza\u00e7\u00f5es de sonhos, ele n\u00e3o deve ser uma atividade que custe o nosso bem-estar.<\/p>\n<p>Al\u00e9m disso, n\u00e3o estamos falando s\u00f3 das horas trabalhadas, mas tamb\u00e9m dos cursos de aperfei\u00e7oamento, idiomas, projetos e outras atividades que tem como objetivo o alcance do sucesso profissional, que s\u00e3o realizadas nos \u201ctempos livres\u201d<\/p>\n<p>Bem, n\u00f3s sabemos da import\u00e2ncia do trabalho e dos objetivos pessoais. E apesar desses desafios \u00e9 poss\u00edvel e necess\u00e1rio equilibrar os dois mundos. Essa pr\u00e1tica ir\u00e1 ajudar a melhorar a qualidade de vida, aumentar a produtividade e, claro, evitar problemas pessoais e na carreira profissional.<\/p>\n<p>Portanto, para te ajudar, listamos 4 dicas para manter o equil\u00edbrio entre trabalho e vida pessoal. Veja s\u00f3.<\/p>\n<h2><strong>1. Saiba o momento certo de dizer N\u00c3O!<\/strong><\/h2>\n<p>Em certos momentos da vida e do trabalho, temos dificuldade em dizer \u201cn\u00e3o\u201d e isso \u00e9 um grande problema para a produtividade e o gerenciamento de tempo.<\/p>\n<p>No trabalho, por exemplo, ao aceitar sempre as demandas \u00e9 natural que n\u00e3o haja organiza\u00e7\u00e3o ou que o tempo no escrit\u00f3rio aumente. E a\u00ed, j\u00e1 viu! O seu tempo ser\u00e1 gasto no trabalho e voc\u00ea deixar\u00e1 outras prioridades. Ser\u00e1 que vale a pena?<\/p>\n<p>Por isso, para ajudar a equilibrar as suas tarefas na empresa com a vida pessoal, saiba dizer n\u00e3o aos trabalhos que n\u00e3o s\u00e3o da sua responsabilidade. Ah, e tente se atentar a cumprir suas tarefas somente dentro do seu hor\u00e1rio de trabalho. N\u00e3o fa\u00e7a isso nas horas vagas.<\/p>\n<h2><strong>2. N\u00e3o leve trabalho para casa<\/strong><\/h2>\n<p>\u00c9 comum, mas n\u00e3o deveria ser, levarmos os assuntos, problemas e afazeres do trabalho para casa. Ao contr\u00e1rio do que imaginamos, isso \u00e9 totalmente prejudicial para a produtividade e para o seu tempo livre.<\/p>\n<p>Logo, o ideal \u00e9 ideal \u00e9 deixar as preocupa\u00e7\u00f5es profissionais no trabalho. Sejam elas listas de tarefas, e-mails, liga\u00e7\u00f5es e at\u00e9 recados. Deixe os assuntos pendentes para serem resolvidos durante o expediente.<\/p>\n<p>Al\u00e9m disso, lembre-se que os momentos fora do escrit\u00f3rio s\u00e3o para deleite pessoal e devem ser utilizados da melhor maneira poss\u00edvel, para cuidar de voc\u00ea e de outros assuntos. Por exemplo, evite trabalhar aos finais de semana.[\/vc_text_paragraph][vc_text_paragraph]<\/p>\n<h3>Est\u00e1 gostando dos conte\u00fados?<\/h3>\n<p>Assine a newsletter e receba todas as novidade direto no seu e-mail![\/vc_text_paragraph][vc_newsletter_with_email newsletter_id=&#8221;blog_conteudo_1&#8243; newsletter_msg_success=&#8221;Valeu por se inscrever! Em breve mandaremos as novidades do blog!&#8221;][vc_text_paragraph]<\/p>\n<h2><strong>3. Planeje-se<\/strong><\/h2>\n<p>A organiza\u00e7\u00e3o resolve muitos problemas. Portanto, planejar e ter disciplina nos hor\u00e1rios pode ajudar a equilibrar a sua vida pessoal e profissional.<\/p>\n<p>Ent\u00e3o, estabele\u00e7a uma rotina di\u00e1ria para conversar com outras pessoas e se dedicar a voc\u00ea, \u00e0 sua fam\u00edlia e amigos. Ocupe o seu tempo com coisas que realmente lhe d\u00e3o prazer.<\/p>\n<p>Tenha sempre em mente quais s\u00e3o as suas atividades e priorize-as com o grau de necessidade. <strong>O planejamento deve incluir as coisas do trabalho e da sua rotina, alinhando os afazeres e dando equil\u00edbrio e forma a sua agenda.<\/strong><\/p>\n<h2><strong>4. Tenha um momento seu<\/strong><\/h2>\n<p>Embora seja necess\u00e1rio administrar bem os seus compromissos pessoais com a demanda de trabalho, <strong>n\u00e3o se esque\u00e7a de que voc\u00ea tamb\u00e9m precisa de um tempo s\u00f3 para voc\u00ea.<\/strong><\/p>\n<p>Uma pausa no dia e na semana para se ouvir, colocar os pensamentos em ordem e tomar decis\u00f5es. Tudo se resume a escolhas e as consequ\u00eancias delas. Por isso, \u00e9 preciso saber priorizar e se organizar para garantir o equil\u00edbrio da vida pessoal e profissional.<\/p>\n<p>No resumo, divirta-se, viaje, pratique exerc\u00edcio e esteja perto de quem realmente importa. Voc\u00ea merece!<\/p>\n<h2><strong>Equil\u00edbrio \u00e9 tudo!<\/strong><\/h2>\n<p>Tudo em exagero faz mal. Ou seja, \u00e9 preciso saber equilibrar os aspectos da vida de forma que os extremos n\u00e3o te prejudique. Ao aplicar essas dicas, certamente voc\u00ea conseguir\u00e1 equilibrar trabalho e vida pessoal de uma maneira mais eficaz.<\/p>\n<p>Todavia, tenha em mente que no in\u00edcio \u00e9 dif\u00edcil e encontrar o equil\u00edbrio \u00e9 um desafio di\u00e1rio.<\/p>\n<p>Por isso, se voc\u00ea tem dicas e experi\u00eancias para deixar o trabalho e a vida pessoal em equil\u00edbrio, deixe aqui nos coment\u00e1rios.<\/p>\n<p>At\u00e9 a pr\u00f3xima![\/vc_text_paragraph][vc_text_paragraph]<\/p>\n<h3>Ei, n\u00e3o v\u00e1 embora sem assinar a nossa newsletter!<\/h3>\n<p>\u00c9 s\u00f3 colocar seu e-mail aqui em baixo para receber os melhores conte\u00fados do blog.[\/vc_text_paragraph][vc_newsletter_with_email newsletter_id=&#8221;blog_conteudo_2&#8243; newsletter_msg_success=&#8221;Valeu por se inscrever! Em breve mandaremos as novidades do blog!&#8221;][vc_text_paragraph]<\/p>\n<h2>Leia tamb\u00e9m:<\/h2>\n<p><strong><a href=\"https:\/\/www.unasp.br\/blog\/aplicativos-emocoes\/\">\u2022\u00a0Sa\u00fade emocional: aplicativos para voc\u00ea aprender a lidar com as emo\u00e7\u00f5es.<\/a><\/strong><\/p>\n<p><strong><a href=\"https:\/\/www.unasp.br\/blog\/10-atitudes-para-melhorar-a-rotina\/\">\u2022\u00a0Sua rotina pode melhorar infinitamente com essas 10 atitudes.<\/a><\/strong><\/p>\n<p><strong><a href=\"https:\/\/www.unasp.br\/blog\/documentario-minimalismo\/\">\u2022\u00a0Minimalismo: um document\u00e1rio sobre as coisas importantes da vida.<\/a><\/strong><\/p>\n<p><strong><a href=\"https:\/\/www.unasp.br\/blog\/atitudes-aliviar-o-estresse\/\">\u2022\u00a07 Atitudes que v\u00e3o te ajudar a aliviar o estresse do cotidiano.<\/a><\/strong>[\/vc_text_paragraph][\/vc_column][\/vc_row]<\/p>\n","protected":false},"excerpt":{"rendered":"<p>[vc_row][vc_column][vc_text_paragraph] A vida n\u00e3o se resume s\u00f3 ao trabalho e quando entendemos isso, passamos a entender melhor o nosso prop\u00f3sito. Veja 4 dicas para manter o equil\u00edbrio entre o trabalho e a vida pessoal. N\u00e3o \u00e9 t\u00e3o dif\u00edcil encontrar algu\u00e9m que trabalhe muito. Essa pessoa pode ser voc\u00ea, algu\u00e9m pr\u00f3ximo ou algum conhecido. As pessoas [&hellip;]<\/p>\n","protected":false},"author":94,"featured_media":56239,"comment_status":"open","ping_status":"open","sticky":false,"template":"","format":"standard","meta":{"footnotes":""},"categories":[169],"tags":[2065,1072,519,542],"yoast_head":"<!-- This site is optimized with the Yoast SEO plugin v22.0 - https:\/\/yoast.com\/wordpress\/plugins\/seo\/ -->\n<title>4 dicas para manter o equil\u00edbrio entre trabalho e vida pessoal<\/title>\n<meta name=\"description\" content=\"A vida n\u00e3o \u00e9 s\u00f3 trabalho e quando entendemos isso, trabalhamos e vivemos melhor. Ent\u00e3o, veja dicas para manter o equil\u00edbrio entre trabalho e vida pessoal.\" \/>\n<meta name=\"robots\" content=\"index, follow, max-snippet:-1, max-image-preview:large, max-video-preview:-1\" \/>\n<link rel=\"canonical\" href=\"https:\/\/unasp.br\/blog\/trabalho-e-vida-pessoal\/\" \/>\n<meta property=\"og:locale\" content=\"pt_BR\" \/>\n<meta property=\"og:type\" content=\"article\" \/>\n<meta property=\"og:title\" content=\"4 dicas para manter o equil\u00edbrio entre trabalho e vida pessoal\" \/>\n<meta property=\"og:description\" content=\"A vida n\u00e3o \u00e9 s\u00f3 trabalho e quando entendemos isso, trabalhamos e vivemos melhor. Ent\u00e3o, veja dicas para manter o equil\u00edbrio entre trabalho e vida pessoal.\" \/>\n<meta property=\"og:url\" content=\"https:\/\/unasp.br\/blog\/trabalho-e-vida-pessoal\/\" \/>\n<meta property=\"og:site_name\" content=\"Blog do UNASP\" \/>\n<meta property=\"article:published_time\" content=\"2019-04-03T18:19:09+00:00\" \/>\n<meta property=\"article:modified_time\" content=\"2019-07-10T22:07:57+00:00\" \/>\n<meta property=\"og:image\" content=\"https:\/\/cdn.unasp.br\/blog\/wp-content\/uploads\/2019\/03\/shutterstock_258780473-e1554315511699.jpg\" \/>\n\t<meta property=\"og:image:width\" content=\"924\" \/>\n\t<meta property=\"og:image:height\" content=\"617\" \/>\n\t<meta property=\"og:image:type\" content=\"image\/jpeg\" \/>\n<meta name=\"author\" content=\"user_login user_login\" \/>\n<meta name=\"twitter:card\" content=\"summary_large_image\" \/>\n<meta name=\"twitter:label1\" content=\"Escrito por\" \/>\n\t<meta name=\"twitter:data1\" content=\"user_login user_login\" \/>\n\t<meta name=\"twitter:label2\" content=\"Est. tempo de leitura\" \/>\n\t<meta name=\"twitter:data2\" content=\"5 minutos\" \/>\n<script type=\"application\/ld+json\" class=\"yoast-schema-graph\">{\"@context\":\"https:\/\/schema.org\",\"@graph\":[{\"@type\":\"WebPage\",\"@id\":\"https:\/\/unasp.br\/blog\/trabalho-e-vida-pessoal\/\",\"url\":\"https:\/\/unasp.br\/blog\/trabalho-e-vida-pessoal\/\",\"name\":\"4 dicas para manter o equil\u00edbrio entre trabalho e vida pessoal\",\"isPartOf\":{\"@id\":\"https:\/\/unasp.br\/blog\/#website\"},\"datePublished\":\"2019-04-03T18:19:09+00:00\",\"dateModified\":\"2019-07-10T22:07:57+00:00\",\"author\":{\"@id\":\"https:\/\/unasp.br\/blog\/#\/schema\/person\/6cd3641a3eb6d90fce0b0926c5a4456b\"},\"description\":\"A vida n\u00e3o \u00e9 s\u00f3 trabalho e quando entendemos isso, trabalhamos e vivemos melhor. Ent\u00e3o, veja dicas para manter o equil\u00edbrio entre trabalho e vida pessoal.\",\"breadcrumb\":{\"@id\":\"https:\/\/unasp.br\/blog\/trabalho-e-vida-pessoal\/#breadcrumb\"},\"inLanguage\":\"pt-BR\",\"potentialAction\":[{\"@type\":\"ReadAction\",\"target\":[\"https:\/\/unasp.br\/blog\/trabalho-e-vida-pessoal\/\"]}]},{\"@type\":\"BreadcrumbList\",\"@id\":\"https:\/\/unasp.br\/blog\/trabalho-e-vida-pessoal\/#breadcrumb\",\"itemListElement\":[{\"@type\":\"ListItem\",\"position\":1,\"name\":\"In\u00edcio\",\"item\":\"https:\/\/unasp.br\/blog\/\"},{\"@type\":\"ListItem\",\"position\":2,\"name\":\"4 dicas para manter o equil\u00edbrio entre trabalho e vida pessoal\"}]},{\"@type\":\"WebSite\",\"@id\":\"https:\/\/unasp.br\/blog\/#website\",\"url\":\"https:\/\/unasp.br\/blog\/\",\"name\":\"Blog do UNASP\",\"description\":\"Centro Universit\u00e1rio Adventista de S\u00e3o Paulo\",\"potentialAction\":[{\"@type\":\"SearchAction\",\"target\":{\"@type\":\"EntryPoint\",\"urlTemplate\":\"https:\/\/unasp.br\/blog\/?s={search_term_string}\"},\"query-input\":\"required name=search_term_string\"}],\"inLanguage\":\"pt-BR\"},{\"@type\":\"Person\",\"@id\":\"https:\/\/unasp.br\/blog\/#\/schema\/person\/6cd3641a3eb6d90fce0b0926c5a4456b\",\"name\":\"user_login user_login\",\"image\":{\"@type\":\"ImageObject\",\"inLanguage\":\"pt-BR\",\"@id\":\"https:\/\/unasp.br\/blog\/#\/schema\/person\/image\/\",\"url\":\"https:\/\/secure.gravatar.com\/avatar\/34321051a691b4ae0a7c11cd8c2116e3?s=96&d=mm&r=g\",\"contentUrl\":\"https:\/\/secure.gravatar.com\/avatar\/34321051a691b4ae0a7c11cd8c2116e3?s=96&d=mm&r=g\",\"caption\":\"user_login user_login\"},\"url\":\"https:\/\/unasp.br\/blog\/author\/user_login\/\"}]}<\/script>\n<!-- \/ Yoast SEO plugin. -->","yoast_head_json":{"title":"4 dicas para manter o equil\u00edbrio entre trabalho e vida pessoal","description":"A vida n\u00e3o \u00e9 s\u00f3 trabalho e quando entendemos isso, trabalhamos e vivemos melhor. Ent\u00e3o, veja dicas para manter o equil\u00edbrio entre trabalho e vida pessoal.","robots":{"index":"index","follow":"follow","max-snippet":"max-snippet:-1","max-image-preview":"max-image-preview:large","max-video-preview":"max-video-preview:-1"},"canonical":"https:\/\/unasp.br\/blog\/trabalho-e-vida-pessoal\/","og_locale":"pt_BR","og_type":"article","og_title":"4 dicas para manter o equil\u00edbrio entre trabalho e vida pessoal","og_description":"A vida n\u00e3o \u00e9 s\u00f3 trabalho e quando entendemos isso, trabalhamos e vivemos melhor. Ent\u00e3o, veja dicas para manter o equil\u00edbrio entre trabalho e vida pessoal.","og_url":"https:\/\/unasp.br\/blog\/trabalho-e-vida-pessoal\/","og_site_name":"Blog do UNASP","article_published_time":"2019-04-03T18:19:09+00:00","article_modified_time":"2019-07-10T22:07:57+00:00","og_image":[{"width":924,"height":617,"url":"https:\/\/cdn.unasp.br\/blog\/wp-content\/uploads\/2019\/03\/shutterstock_258780473-e1554315511699.jpg","type":"image\/jpeg"}],"author":"user_login user_login","twitter_card":"summary_large_image","twitter_misc":{"Escrito por":"user_login user_login","Est. tempo de leitura":"5 minutos"},"schema":{"@context":"https:\/\/schema.org","@graph":[{"@type":"WebPage","@id":"https:\/\/unasp.br\/blog\/trabalho-e-vida-pessoal\/","url":"https:\/\/unasp.br\/blog\/trabalho-e-vida-pessoal\/","name":"4 dicas para manter o equil\u00edbrio entre trabalho e vida pessoal","isPartOf":{"@id":"https:\/\/unasp.br\/blog\/#website"},"datePublished":"2019-04-03T18:19:09+00:00","dateModified":"2019-07-10T22:07:57+00:00","author":{"@id":"https:\/\/unasp.br\/blog\/#\/schema\/person\/6cd3641a3eb6d90fce0b0926c5a4456b"},"description":"A vida n\u00e3o \u00e9 s\u00f3 trabalho e quando entendemos isso, trabalhamos e vivemos melhor. Ent\u00e3o, veja dicas para manter o equil\u00edbrio entre trabalho e vida pessoal.","breadcrumb":{"@id":"https:\/\/unasp.br\/blog\/trabalho-e-vida-pessoal\/#breadcrumb"},"inLanguage":"pt-BR","potentialAction":[{"@type":"ReadAction","target":["https:\/\/unasp.br\/blog\/trabalho-e-vida-pessoal\/"]}]},{"@type":"BreadcrumbList","@id":"https:\/\/unasp.br\/blog\/trabalho-e-vida-pessoal\/#breadcrumb","itemListElement":[{"@type":"ListItem","position":1,"name":"In\u00edcio","item":"https:\/\/unasp.br\/blog\/"},{"@type":"ListItem","position":2,"name":"4 dicas para manter o equil\u00edbrio entre trabalho e vida pessoal"}]},{"@type":"WebSite","@id":"https:\/\/unasp.br\/blog\/#website","url":"https:\/\/unasp.br\/blog\/","name":"Blog do UNASP","description":"Centro Universit\u00e1rio Adventista de S\u00e3o Paulo","potentialAction":[{"@type":"SearchAction","target":{"@type":"EntryPoint","urlTemplate":"https:\/\/unasp.br\/blog\/?s={search_term_string}"},"query-input":"required name=search_term_string"}],"inLanguage":"pt-BR"},{"@type":"Person","@id":"https:\/\/unasp.br\/blog\/#\/schema\/person\/6cd3641a3eb6d90fce0b0926c5a4456b","name":"user_login user_login","image":{"@type":"ImageObject","inLanguage":"pt-BR","@id":"https:\/\/unasp.br\/blog\/#\/schema\/person\/image\/","url":"https:\/\/secure.gravatar.com\/avatar\/34321051a691b4ae0a7c11cd8c2116e3?s=96&d=mm&r=g","contentUrl":"https:\/\/secure.gravatar.com\/avatar\/34321051a691b4ae0a7c11cd8c2116e3?s=96&d=mm&r=g","caption":"user_login user_login"},"url":"https:\/\/unasp.br\/blog\/author\/user_login\/"}]}},"_links":{"self":[{"href":"https:\/\/unasp.br\/blog\/wp-json\/wp\/v2\/posts\/56074"}],"collection":[{"href":"https:\/\/unasp.br\/blog\/wp-json\/wp\/v2\/posts"}],"about":[{"href":"https:\/\/unasp.br\/blog\/wp-json\/wp\/v2\/types\/post"}],"author":[{"embeddable":true,"href":"https:\/\/unasp.br\/blog\/wp-json\/wp\/v2\/users\/94"}],"replies":[{"embeddable":true,"href":"https:\/\/unasp.br\/blog\/wp-json\/wp\/v2\/comments?post=56074"}],"version-history":[{"count":5,"href":"https:\/\/unasp.br\/blog\/wp-json\/wp\/v2\/posts\/56074\/revisions"}],"predecessor-version":[{"id":62701,"href":"https:\/\/unasp.br\/blog\/wp-json\/wp\/v2\/posts\/56074\/revisions\/62701"}],"wp:featuredmedia":[{"embeddable":true,"href":"https:\/\/unasp.br\/blog\/wp-json\/wp\/v2\/media\/56239"}],"wp:attachment":[{"href":"https:\/\/unasp.br\/blog\/wp-json\/wp\/v2\/media?parent=56074"}],"wp:term":[{"taxonomy":"category","embeddable":true,"href":"https:\/\/unasp.br\/blog\/wp-json\/wp\/v2\/categories?post=56074"},{"taxonomy":"post_tag","embeddable":true,"href":"https:\/\/unasp.br\/blog\/wp-json\/wp\/v2\/tags?post=56074"}],"curies":[{"name":"wp","href":"https:\/\/api.w.org\/{rel}","templated":true}]}}