{"id":56242,"date":"2019-04-04T15:03:38","date_gmt":"2019-04-04T18:03:38","guid":{"rendered":"https:\/\/www.unasp.br\/blog\/?p=56242"},"modified":"2019-04-04T15:03:38","modified_gmt":"2019-04-04T18:03:38","slug":"habitos-mente-saudavel","status":"publish","type":"post","link":"https:\/\/unasp.br\/blog\/habitos-mente-saudavel\/","title":{"rendered":"8 h\u00e1bitos para manter a mente saud\u00e1vel"},"content":{"rendered":"<p>[vc_row][vc_column][vc_text_paragraph]<\/p>\n<blockquote>\n<h2><strong>Sa\u00fade dos p\u00e9s \u00e1 cabe\u00e7a (e mente). Aprenda os h\u00e1bitos que v\u00e3o te ajudar a se tornar uma pessoa mais leve, feliz e saud\u00e1vel! <\/strong><\/h2>\n<\/blockquote>\n<p><span style=\"font-weight: 400;\"><strong>Dia 7 de Abril \u00e9 conhecido como o \u201cDia mundial da sa\u00fade\u201d<\/strong>. Este dia foi criado com a inten\u00e7\u00e3o de conscientizar os indiv\u00edduos sobre a sa\u00fade em geral. Esta tamb\u00e9m \u00e9 a data de \u201canivers\u00e1rio\u201d da cria\u00e7\u00e3o da Organiza\u00e7\u00e3o Mundial da Sa\u00fade (OMS), que surgiu em 1948.\u00a0<\/span><span style=\"font-weight: 400;\">Por essa raz\u00e3o, \u00e9 muito comum nesse dia termos contato com diversos tipos de conte\u00fados que nos incentivam a fazer exerc\u00edcios, comer de forma saud\u00e1vel, criar uma rotina com h\u00e1bitos que nos auxiliem a viver com qualidade. <\/span><\/p>\n<p><span style=\"font-weight: 400;\">Entretanto, podemos identificar que nos \u00faltimos anos outro ponto da nossa sa\u00fade tem recebido mais aten\u00e7\u00e3o: <strong>a mental.\u00a0<\/strong><\/span><span style=\"font-weight: 400;\">O motivo disso ocorrer \u00e9 simples, os dados de pessoas que sofrem com depress\u00e3o e ansiedade no mundo atualmente s\u00e3o muito altos. <\/span><\/p>\n<p><span style=\"font-weight: 400;\">De acordo com a OMS, <strong>aproximadamente 300 milh\u00f5es de pessoas possuem depress\u00e3o<\/strong>. Al\u00e9m disso, s\u00f3 <strong>no Brasil cerca de 9,3% da popula\u00e7\u00e3o sofrem de ansiedade<\/strong>. Preocupante, voc\u00ea tamb\u00e9m n\u00e3o acha? <\/span><\/p>\n<p><span style=\"font-weight: 400;\">A boa not\u00edcia \u00e9 que existem tratamentos eficazes para ambos. Atualmente, al\u00e9m das terapias e medicamentos, <strong>h\u00e1 alguns h\u00e1bitos que fazem toda a diferen\u00e7a na hora de manter a mente mais equilibrada e saud\u00e1vel<\/strong>, n\u00e3o s\u00f3 como tratamento, mas tamb\u00e9m com maneira de preven\u00e7\u00e3o. <\/span><\/p>\n<p><span style=\"font-weight: 400;\">Deste modo, <strong><a href=\"https:\/\/www.unasp.br\/blog\/saude-emocional-08-atitudes\/\">pensando na sa\u00fade emocional<\/a><\/strong>, preparamos uma lista de 8 h\u00e1bitos para manter a sua mente saud\u00e1vel, mesmo em meio a tanta correria. <\/span><\/p>\n<h2><strong>1. Pense <\/strong><\/h2>\n<p><span style=\"font-weight: 400;\">\u00c9 um pouco estranho come\u00e7ar com uma atitude que, muitas vezes, \u00e9 a causa das enfermidades mentais. Acontece que se primeiramente aprender a pensar, o resto das dicas v\u00e3o funcionar.\u00a0<\/span><\/p>\n<p><span style=\"font-weight: 400;\">Em vista disso, o que quero dizer \u00e9 que <a href=\"https:\/\/www.unasp.br\/blog\/saude-emocional-08-atitudes\/\"><strong>torna-se necess\u00e1rio alimentar pensamentos positivos sobre voc\u00ea mesmo e as situa\u00e7\u00f5es do dia a dia.<\/strong> <\/a>N\u00e3o, n\u00e3o estou me referindo a algo fantasioso, mas sim que envolve disciplina. <\/span><\/p>\n<p><span style=\"font-weight: 400;\">Primeiro, voc\u00ea precisa entender que a mente \u00e9 t\u00e3o pl\u00e1stica e serva sua, que ela ir\u00e1 te obedecer. Segundo, fa\u00e7a o processo de forma leve, tendo no pensamento que todo progresso leva tempo. Por \u00faltimo, pegue um caderninho e escreva, pois neste se encontrar\u00e1 a sua futura cole\u00e7\u00e3o de bons pensamentos. Como aplicar esse exerc\u00edcio? Simples! A cada 1 pensamento ruim que tiver, voc\u00ea deve anotar 3 bons. Parece que n\u00e3o vai funcionar, eu sei. Mas eu mesma testei e tenho feito at\u00e9 hoje.\u00a0<\/span><\/p>\n<h2><strong>2. De dentro para fora<\/strong><\/h2>\n<p><span style=\"font-weight: 400;\">Quem n\u00e3o curte comer? Aquela explos\u00e3o de sabores na boca, as mem\u00f3rias associadas, e o que falar da alegria ap\u00f3s uma boa refei\u00e7\u00e3o? <strong>Infelizmente, o que n\u00e3o nos contam \u00e9 sobre o mal que comer errado, ou pior, viver mudando de dietas para emagrecer, pode causar a nossa preciosa mente. <\/strong><\/span><\/p>\n<p><span style=\"font-weight: 400;\">O correto \u00e9, mais uma vez com leveza e paci\u00eancia, modificar os h\u00e1bitos alimentares gradativamente para ser algo saud\u00e1vel em todos os aspectos. Logo, pequenas atitudes di\u00e1rias podem te ajudar. Como, por exemplo, passar a evitar produtos com alto \u00edndice glic\u00eamico e carboidratos pobres em fibras, por exemplo. <\/span><\/p>\n<p><span style=\"font-weight: 400;\">Tamb\u00e9m incluir prote\u00ednas, fibras e alimentos com baixos n\u00edveis de gordura. <a href=\"https:\/\/www.unasp.br\/blog\/tomar-mais-agua\/\"><strong>Inclusive, vale ressaltar que a \u00e1gua \u00e9 sempre bem-vinda<\/strong><\/a>. Al\u00e9m de alimentar a mente e o corpo, voc\u00ea vai passar a sentir-se mais vivo e leve, pode acreditar. \u00a0<\/span><\/p>\n<h2><strong>3. Corra, serzinho, corra! <\/strong><\/h2>\n<p><span style=\"font-weight: 400;\">Vamos falar sobre exerc\u00edcios. E sim, sei que a rotina corrida pode parecer sugar todo o tempo que existiria para movimentar o corpo. Mas, e se eu te contar que, com carinho e gest\u00e3o de tempo, voc\u00ea consegue fazer, no m\u00ednimo, 20 minutos de atividade f\u00edsica moderada? <\/span><\/p>\n<p><span style=\"font-weight: 400;\"><strong>Acorde um pouco mais cedo, ou encontre um tempinho dispon\u00edvel na agenda. Se voc\u00ea tiver mais tempo, invista em exerc\u00edcios ao ar livre.<\/strong>\u00a0No entanto, para aqueles que mal conseguem comer pela manh\u00e3, existe uma modalidade chamada HIIT, que te ajuda a fazer exerc\u00edcios em 10 minutos, ou menos, com uma super intensidade. <\/span><\/p>\n<p><span style=\"font-weight: 400;\">Calma! \u00c9 super poss\u00edvel de ser feito, juro. Qualquer atividade j\u00e1 conta. S\u00f3 n\u00e3o corte isto da sua agenda, pois esse pequeno momento vai te ajudar a oxigenar o c\u00e9rebro na parte que mais recebe estresse e press\u00e3o. Inclusive, <a href=\"https:\/\/www.unasp.br\/blog\/exercicios-ao-ar-livre\/\"><strong>aqui no blog n\u00f3s j\u00e1 demos algumas dicas de tipos de exerc\u00edcios para fazer ao ar livre.<\/strong><\/a><\/span>[\/vc_text_paragraph][\/vc_column][\/vc_row][vc_row][vc_column][vc_text_paragraph]<\/p>\n<h3>Est\u00e1 gostando dos conte\u00fados?<\/h3>\n<p>Assine a newsletter e receba todas as novidade direto no seu e-mail![\/vc_text_paragraph][\/vc_column][\/vc_row][vc_row][vc_column][vc_newsletter_with_email newsletter_id=&#8221;blog_conteudo_1&#8243; newsletter_msg_success=&#8221;Valeu por se inscrever! Em breve mandaremos as novidades do blog!&#8221;][\/vc_column][\/vc_row][vc_row][vc_column][vc_text_paragraph]<\/p>\n<h2><strong>4. Zen time<\/strong><\/h2>\n<p><span style=\"font-weight: 400;\">Uma \u00f3tima pedida para qualquer momento do dia, mas principalmente antes de dormir. <strong>A medita\u00e7\u00e3o pode te trazer um estado de paz interior muito grande.<\/strong> Ao mesmo tempo, ela tamb\u00e9m auxilia a entender seus pensamentos com fluidez e sem desesperos. <\/span><\/p>\n<p><span style=\"font-weight: 400;\">Igualmente ao exerc\u00edcio, voc\u00ea pode escolher o tempo de dura\u00e7\u00e3o desta medita\u00e7\u00e3o. Inclusive, existe um aplicativo no qual voc\u00ea diz a emo\u00e7\u00e3o que est\u00e1 sentido e ele te leva a meditar por mais ou menos 5 minutos, sendo o m\u00ednimo. Voc\u00ea pode encontrar ele <a href=\"http:\/\/app-zen.com\/\">aqui<\/a>.<\/span><\/p>\n<h2><strong>5. M\u00fasica<\/strong><\/h2>\n<p><span style=\"font-weight: 400;\"><a href=\"https:\/\/www.unasp.br\/cursos\/ec\/graduacao\/musica\/\"><strong>M\u00fasica faz parte das nossas vidas quase que diariamente<\/strong><\/a>, em diferentes formas e estilos. Sabemos que as melodias t\u00eam um efeito sobre nossas mentes, sendo a m\u00fasica cl\u00e1ssica uma das mais ben\u00e9ficas. Mozart, por exemplo, pode te ajudar a ter mais foco e na libera\u00e7\u00e3o de dopamina, importante subst\u00e2ncia do c\u00e9rebro.<\/span><\/p>\n<p><span style=\"font-weight: 400;\"><strong>Dedique ao menos 30 minutos do dia para escutar e produzir algo criativo, ou ao menos pensar.<\/strong> Lembrando que o melhor \u00e9 sempre associar as coisas para conseguir tempo, a exemplo do que ser\u00e1 dito no pr\u00f3ximo t\u00f3pico. <\/span><\/p>\n<h2><strong>6. Leia<\/strong><\/h2>\n<p><span style=\"font-weight: 400;\">E se voc\u00ea pudesse ler pelo menos uns 2 ou 3 livros por trimestre? Ou quem sabe mais! O h\u00e1bito da leitura ainda \u00e9 pouco aqui no Brasil. O que \u00e9 uma pena, j\u00e1 que essa pr\u00e1tica nos deixa mais leves por conta da ativa\u00e7\u00e3o do c\u00e9rebro ao aprender algo novo todos os dias. <\/span><\/p>\n<p><span style=\"font-weight: 400;\"><strong>Semelhante \u00e0 m\u00fasica, dedique ao menos 30 minutos de leitura todos os dias<\/strong> e, para ganhar tempo, que tal unir com a m\u00fasica cl\u00e1ssica? <\/span><\/p>\n<h2><strong>7. \u00d4 sol <\/strong><\/h2>\n<p><span style=\"font-weight: 400;\">Vitamina D e o que h\u00e1!<strong> Tome banho de sol todos os dias por ao menos 10 minutos.<\/strong> Mas calma que n\u00e3o precisa estar em trajes de banho para isso. Voc\u00ea pode separar esse momento na correria para sentar e estender os bra\u00e7os com m\u00e3os abertas sobre as coxas, desta forma voc\u00ea ir\u00e1 absorver bastante vitamina.<\/span><\/p>\n<p><span style=\"font-weight: 400;\">Outra op\u00e7\u00e3o \u00e9 fazer os exerc\u00edcios f\u00edsicos ao ar livre. Entretanto, h\u00e1 at\u00e9 outra forma do sol ajudar-nos: com seu lindo p\u00f4r ou nascer. Observar, ao menos uma vez na semana, um desses dois fen\u00f4menos &#8211; sem interrup\u00e7\u00f5es externas &#8211; vai te ensinar a permanecer. Ou seja, estar e curtir o momento, hoje. Algo muito bom para a ansiedade e depress\u00e3o. \u00a0<\/span><\/p>\n<h2><strong>8. Descanse<\/strong><\/h2>\n<p><span style=\"font-weight: 400;\">Depois de tantas coisas feitas, n\u00e3o h\u00e1 nada melhor que o descanso! E este \u00e9 essencial n\u00e3o somente para renovar o cansado corpo, mas a exausta mente. <strong>Lembre-se de procurar priorizar seu momento de sono.<\/strong> Escure\u00e7a o local que for dormir, consiga todo o sil\u00eancio que conseguir e embale em sono profundo. Depois de uma medita\u00e7\u00e3o ent\u00e3o, \u00e9 maravilhoso! <\/span>[\/vc_text_paragraph][\/vc_column][\/vc_row][vc_row][vc_column][vc_text_paragraph]<\/p>\n<h3>Ei, n\u00e3o v\u00e1 embora sem assinar a nossa newsletter!<\/h3>\n<p>\u00c9 s\u00f3 colocar seu e-mail aqui em baixo para receber os melhores conte\u00fados do blog.[\/vc_text_paragraph][\/vc_column][\/vc_row][vc_row][vc_column][vc_newsletter_with_email newsletter_id=&#8221;blog_conteudo_2&#8243; newsletter_msg_success=&#8221;Valeu por se inscrever! Em breve mandaremos as novidades do blog!&#8221;][\/vc_column][\/vc_row][vc_row][vc_column][vc_text_paragraph]<\/p>\n<h2>Leia tamb\u00e9m:<\/h2>\n<p><strong><a href=\"https:\/\/www.unasp.br\/blog\/aplicativos-emocoes\/\">\u2022\u00a0Sa\u00fade emocional: aplicativos para voc\u00ea aprender a lidar com as emo\u00e7\u00f5es.<\/a><\/strong><\/p>\n<p><strong><a href=\"https:\/\/www.unasp.br\/blog\/documentario-minimalismo\/\">\u2022\u00a0Minimalismo: um document\u00e1rio sobre as coisas importantes da vida.<\/a><\/strong><\/p>\n<p><a href=\"https:\/\/www.unasp.br\/blog\/dicas-desenvolver-inteligencia-emocional\/\"><strong>\u2022\u00a08 dicas para voc\u00ea desenvolver a sua intelig\u00eancia emocional.<\/strong><\/a>[\/vc_text_paragraph][\/vc_column][\/vc_row]<\/p>\n","protected":false},"excerpt":{"rendered":"<p>[vc_row][vc_column][vc_text_paragraph] Sa\u00fade dos p\u00e9s \u00e1 cabe\u00e7a (e mente). Aprenda os h\u00e1bitos que v\u00e3o te ajudar a se tornar uma pessoa mais leve, feliz e saud\u00e1vel! Dia 7 de Abril \u00e9 conhecido como o \u201cDia mundial da sa\u00fade\u201d. Este dia foi criado com a inten\u00e7\u00e3o de conscientizar os indiv\u00edduos sobre a sa\u00fade em geral. Esta tamb\u00e9m [&hellip;]<\/p>\n","protected":false},"author":27,"featured_media":56298,"comment_status":"open","ping_status":"open","sticky":false,"template":"","format":"standard","meta":{"footnotes":""},"categories":[180],"tags":[2076,2077,291,2075,2074,1902,2078,1072,542],"yoast_head":"<!-- This site is optimized with the Yoast SEO plugin v22.0 - https:\/\/yoast.com\/wordpress\/plugins\/seo\/ -->\n<title>8 h\u00e1bitos para manter a mente saud\u00e1vel di\u00e1riamente<\/title>\n<meta name=\"description\" content=\"Dia 7 de abril comemora-se o dia mundial da sa\u00fade, feito para conscientiza\u00e7\u00e3o. Pensando nisto, relaionamos 8 h\u00e1bitos para um emocional saud\u00e1vel.\" \/>\n<meta name=\"robots\" content=\"index, follow, max-snippet:-1, max-image-preview:large, max-video-preview:-1\" \/>\n<link rel=\"canonical\" href=\"https:\/\/unasp.br\/blog\/habitos-mente-saudavel\/\" \/>\n<meta property=\"og:locale\" content=\"pt_BR\" \/>\n<meta property=\"og:type\" content=\"article\" \/>\n<meta property=\"og:title\" content=\"8 h\u00e1bitos para manter a mente saud\u00e1vel di\u00e1riamente\" \/>\n<meta property=\"og:description\" content=\"Dia 7 de abril comemora-se o dia mundial da sa\u00fade, feito para conscientiza\u00e7\u00e3o. Pensando nisto, relaionamos 8 h\u00e1bitos para um emocional saud\u00e1vel.\" \/>\n<meta property=\"og:url\" content=\"https:\/\/unasp.br\/blog\/habitos-mente-saudavel\/\" \/>\n<meta property=\"og:site_name\" content=\"Blog do UNASP\" \/>\n<meta property=\"article:published_time\" content=\"2019-04-04T18:03:38+00:00\" \/>\n<meta property=\"og:image\" content=\"https:\/\/cdn.unasp.br\/blog\/wp-content\/uploads\/2019\/04\/shutterstock_749941471-e1554392171414.jpg\" \/>\n\t<meta property=\"og:image:width\" content=\"924\" \/>\n\t<meta property=\"og:image:height\" content=\"616\" \/>\n\t<meta property=\"og:image:type\" content=\"image\/jpeg\" \/>\n<meta name=\"author\" content=\"Laysa Blenda\" \/>\n<meta name=\"twitter:card\" content=\"summary_large_image\" \/>\n<meta name=\"twitter:label1\" content=\"Escrito por\" \/>\n\t<meta name=\"twitter:data1\" content=\"Laysa Blenda\" \/>\n\t<meta name=\"twitter:label2\" content=\"Est. tempo de leitura\" \/>\n\t<meta name=\"twitter:data2\" content=\"7 minutos\" \/>\n<script type=\"application\/ld+json\" class=\"yoast-schema-graph\">{\"@context\":\"https:\/\/schema.org\",\"@graph\":[{\"@type\":\"WebPage\",\"@id\":\"https:\/\/unasp.br\/blog\/habitos-mente-saudavel\/\",\"url\":\"https:\/\/unasp.br\/blog\/habitos-mente-saudavel\/\",\"name\":\"8 h\u00e1bitos para manter a mente saud\u00e1vel di\u00e1riamente\",\"isPartOf\":{\"@id\":\"https:\/\/unasp.br\/blog\/#website\"},\"datePublished\":\"2019-04-04T18:03:38+00:00\",\"dateModified\":\"2019-04-04T18:03:38+00:00\",\"author\":{\"@id\":\"https:\/\/unasp.br\/blog\/#\/schema\/person\/cafcb2b92ef7689a0b0040058fb86d89\"},\"description\":\"Dia 7 de abril comemora-se o dia mundial da sa\u00fade, feito para conscientiza\u00e7\u00e3o. Pensando nisto, relaionamos 8 h\u00e1bitos para um emocional saud\u00e1vel.\",\"breadcrumb\":{\"@id\":\"https:\/\/unasp.br\/blog\/habitos-mente-saudavel\/#breadcrumb\"},\"inLanguage\":\"pt-BR\",\"potentialAction\":[{\"@type\":\"ReadAction\",\"target\":[\"https:\/\/unasp.br\/blog\/habitos-mente-saudavel\/\"]}]},{\"@type\":\"BreadcrumbList\",\"@id\":\"https:\/\/unasp.br\/blog\/habitos-mente-saudavel\/#breadcrumb\",\"itemListElement\":[{\"@type\":\"ListItem\",\"position\":1,\"name\":\"In\u00edcio\",\"item\":\"https:\/\/unasp.br\/blog\/\"},{\"@type\":\"ListItem\",\"position\":2,\"name\":\"8 h\u00e1bitos para manter a mente saud\u00e1vel\"}]},{\"@type\":\"WebSite\",\"@id\":\"https:\/\/unasp.br\/blog\/#website\",\"url\":\"https:\/\/unasp.br\/blog\/\",\"name\":\"Blog do UNASP\",\"description\":\"Centro Universit\u00e1rio Adventista de S\u00e3o Paulo\",\"potentialAction\":[{\"@type\":\"SearchAction\",\"target\":{\"@type\":\"EntryPoint\",\"urlTemplate\":\"https:\/\/unasp.br\/blog\/?s={search_term_string}\"},\"query-input\":\"required name=search_term_string\"}],\"inLanguage\":\"pt-BR\"},{\"@type\":\"Person\",\"@id\":\"https:\/\/unasp.br\/blog\/#\/schema\/person\/cafcb2b92ef7689a0b0040058fb86d89\",\"name\":\"Laysa Blenda\",\"image\":{\"@type\":\"ImageObject\",\"inLanguage\":\"pt-BR\",\"@id\":\"https:\/\/unasp.br\/blog\/#\/schema\/person\/image\/\",\"url\":\"https:\/\/cdn.unasp.br\/blog\/wp-content\/uploads\/2019\/03\/laysablenda-150x150.jpeg\",\"contentUrl\":\"https:\/\/cdn.unasp.br\/blog\/wp-content\/uploads\/2019\/03\/laysablenda-150x150.jpeg\",\"caption\":\"Laysa Blenda\"},\"description\":\"Nordeste m\u00e3e, escrita pai. A semi autora de uma \\\"escrivida\\\" que n\u00e3o tem ponto final. Estudante do comunicar, da vida e do que h\u00e1.\",\"url\":\"https:\/\/unasp.br\/blog\/author\/laysa-blenda\/\"}]}<\/script>\n<!-- \/ Yoast SEO plugin. -->","yoast_head_json":{"title":"8 h\u00e1bitos para manter a mente saud\u00e1vel di\u00e1riamente","description":"Dia 7 de abril comemora-se o dia mundial da sa\u00fade, feito para conscientiza\u00e7\u00e3o. Pensando nisto, relaionamos 8 h\u00e1bitos para um emocional saud\u00e1vel.","robots":{"index":"index","follow":"follow","max-snippet":"max-snippet:-1","max-image-preview":"max-image-preview:large","max-video-preview":"max-video-preview:-1"},"canonical":"https:\/\/unasp.br\/blog\/habitos-mente-saudavel\/","og_locale":"pt_BR","og_type":"article","og_title":"8 h\u00e1bitos para manter a mente saud\u00e1vel di\u00e1riamente","og_description":"Dia 7 de abril comemora-se o dia mundial da sa\u00fade, feito para conscientiza\u00e7\u00e3o. Pensando nisto, relaionamos 8 h\u00e1bitos para um emocional saud\u00e1vel.","og_url":"https:\/\/unasp.br\/blog\/habitos-mente-saudavel\/","og_site_name":"Blog do UNASP","article_published_time":"2019-04-04T18:03:38+00:00","og_image":[{"width":924,"height":616,"url":"https:\/\/cdn.unasp.br\/blog\/wp-content\/uploads\/2019\/04\/shutterstock_749941471-e1554392171414.jpg","type":"image\/jpeg"}],"author":"Laysa Blenda","twitter_card":"summary_large_image","twitter_misc":{"Escrito por":"Laysa Blenda","Est. tempo de leitura":"7 minutos"},"schema":{"@context":"https:\/\/schema.org","@graph":[{"@type":"WebPage","@id":"https:\/\/unasp.br\/blog\/habitos-mente-saudavel\/","url":"https:\/\/unasp.br\/blog\/habitos-mente-saudavel\/","name":"8 h\u00e1bitos para manter a mente saud\u00e1vel di\u00e1riamente","isPartOf":{"@id":"https:\/\/unasp.br\/blog\/#website"},"datePublished":"2019-04-04T18:03:38+00:00","dateModified":"2019-04-04T18:03:38+00:00","author":{"@id":"https:\/\/unasp.br\/blog\/#\/schema\/person\/cafcb2b92ef7689a0b0040058fb86d89"},"description":"Dia 7 de abril comemora-se o dia mundial da sa\u00fade, feito para conscientiza\u00e7\u00e3o. Pensando nisto, relaionamos 8 h\u00e1bitos para um emocional saud\u00e1vel.","breadcrumb":{"@id":"https:\/\/unasp.br\/blog\/habitos-mente-saudavel\/#breadcrumb"},"inLanguage":"pt-BR","potentialAction":[{"@type":"ReadAction","target":["https:\/\/unasp.br\/blog\/habitos-mente-saudavel\/"]}]},{"@type":"BreadcrumbList","@id":"https:\/\/unasp.br\/blog\/habitos-mente-saudavel\/#breadcrumb","itemListElement":[{"@type":"ListItem","position":1,"name":"In\u00edcio","item":"https:\/\/unasp.br\/blog\/"},{"@type":"ListItem","position":2,"name":"8 h\u00e1bitos para manter a mente saud\u00e1vel"}]},{"@type":"WebSite","@id":"https:\/\/unasp.br\/blog\/#website","url":"https:\/\/unasp.br\/blog\/","name":"Blog do UNASP","description":"Centro Universit\u00e1rio Adventista de S\u00e3o Paulo","potentialAction":[{"@type":"SearchAction","target":{"@type":"EntryPoint","urlTemplate":"https:\/\/unasp.br\/blog\/?s={search_term_string}"},"query-input":"required name=search_term_string"}],"inLanguage":"pt-BR"},{"@type":"Person","@id":"https:\/\/unasp.br\/blog\/#\/schema\/person\/cafcb2b92ef7689a0b0040058fb86d89","name":"Laysa Blenda","image":{"@type":"ImageObject","inLanguage":"pt-BR","@id":"https:\/\/unasp.br\/blog\/#\/schema\/person\/image\/","url":"https:\/\/cdn.unasp.br\/blog\/wp-content\/uploads\/2019\/03\/laysablenda-150x150.jpeg","contentUrl":"https:\/\/cdn.unasp.br\/blog\/wp-content\/uploads\/2019\/03\/laysablenda-150x150.jpeg","caption":"Laysa Blenda"},"description":"Nordeste m\u00e3e, escrita pai. A semi autora de uma \"escrivida\" que n\u00e3o tem ponto final. Estudante do comunicar, da vida e do que h\u00e1.","url":"https:\/\/unasp.br\/blog\/author\/laysa-blenda\/"}]}},"_links":{"self":[{"href":"https:\/\/unasp.br\/blog\/wp-json\/wp\/v2\/posts\/56242"}],"collection":[{"href":"https:\/\/unasp.br\/blog\/wp-json\/wp\/v2\/posts"}],"about":[{"href":"https:\/\/unasp.br\/blog\/wp-json\/wp\/v2\/types\/post"}],"author":[{"embeddable":true,"href":"https:\/\/unasp.br\/blog\/wp-json\/wp\/v2\/users\/27"}],"replies":[{"embeddable":true,"href":"https:\/\/unasp.br\/blog\/wp-json\/wp\/v2\/comments?post=56242"}],"version-history":[{"count":4,"href":"https:\/\/unasp.br\/blog\/wp-json\/wp\/v2\/posts\/56242\/revisions"}],"predecessor-version":[{"id":56301,"href":"https:\/\/unasp.br\/blog\/wp-json\/wp\/v2\/posts\/56242\/revisions\/56301"}],"wp:featuredmedia":[{"embeddable":true,"href":"https:\/\/unasp.br\/blog\/wp-json\/wp\/v2\/media\/56298"}],"wp:attachment":[{"href":"https:\/\/unasp.br\/blog\/wp-json\/wp\/v2\/media?parent=56242"}],"wp:term":[{"taxonomy":"category","embeddable":true,"href":"https:\/\/unasp.br\/blog\/wp-json\/wp\/v2\/categories?post=56242"},{"taxonomy":"post_tag","embeddable":true,"href":"https:\/\/unasp.br\/blog\/wp-json\/wp\/v2\/tags?post=56242"}],"curies":[{"name":"wp","href":"https:\/\/api.w.org\/{rel}","templated":true}]}}