{"id":62662,"date":"2019-07-31T09:35:02","date_gmt":"2019-07-31T12:35:02","guid":{"rendered":"https:\/\/www.unasp.br\/blog\/?p=62662"},"modified":"2019-07-30T11:03:26","modified_gmt":"2019-07-30T14:03:26","slug":"vantagens-de-usar-o-ead-para-a-capacitacao-de-funcionarios","status":"publish","type":"post","link":"https:\/\/unasp.br\/blog\/vantagens-de-usar-o-ead-para-a-capacitacao-de-funcionarios\/","title":{"rendered":"Vantagens de usar o EAD para a capacita\u00e7\u00e3o de funcion\u00e1rios"},"content":{"rendered":"<p>[vc_row][vc_column][vc_text_paragraph]<\/p>\n<blockquote>\n<h2>Uma cultura de capacita\u00e7\u00e3o dos colaboradores \u00e9 essencial para uma organiza\u00e7\u00e3o. Afinal, os funcion\u00e1rios s\u00e3o extremamente valiosos e precisam de investimento.\u00a0No entanto, promover essa cultura \u00e9 em boa parte responsabilidade da empresa. Veja nesse post como o EAD pode ser a solu\u00e7\u00e3o ideal para tornar o time de colaboradores ainda mais capacitado.<\/h2>\n<\/blockquote>\n<p>O EAD (Ensino a Dist\u00e2ncia), nasceu com o principal objetivo de ser aplicado nas faculdades e institui\u00e7\u00f5es de ensino. No entanto, esse sistema \u00e9 t\u00e3o eficiente que j\u00e1 tem empresa usando essa ferramenta para capacita\u00e7\u00e3o de funcion\u00e1rios; o que n\u00e3o deixe de envolver a educa\u00e7\u00e3o.<\/p>\n<blockquote><p><b>O treinamento e capacita\u00e7\u00e3o de funcion\u00e1rios pelo EAD \u00e9 pr\u00e1tico, acess\u00edvel e garante o aumento de desempenho da equipe e potencializa\u00e7\u00e3o dos resultados di\u00e1rios.<\/b><\/p><\/blockquote>\n<p>Ou seja, o sistema EAD nas empresas \u00e9 uma modalidade em grande crescimento no pa\u00eds. Isso ocorre porque o pre\u00e7o m\u00e9dio \u00e9 menor do que os cursos t\u00e9cnicos presenciais e tamb\u00e9m por causa da facilidade de acesso ao conhecimento e informa\u00e7\u00f5es de qualidade.<\/p>\n<p>Portanto, se a sua empresa est\u00e1 pensando em cortar gastos com capacita\u00e7\u00e3o presencial, por exemplo, saiba que o EAD \u00e9 a solu\u00e7\u00e3o para um investimento consciente e eficiente.<\/p>\n<p>S\u00e3o diversas maneiras de aprender e at\u00e9 mesmo empreender. Existem op\u00e7\u00f5es de cursar uma gradua\u00e7\u00e3o em uma grande institui\u00e7\u00e3o de ensino at\u00e9 produzir as suas pr\u00f3prias v\u00eddeo aulas, treinamento corporativo, transmiss\u00f5es ao vivo, f\u00f3runs e mais!<\/p>\n<h2><strong>EAD nas empresas<\/strong><\/h2>\n<p>Quando falamos em corte de gastos, normalmente as empresas come\u00e7am pela comunica\u00e7\u00e3o e os treinamentos corporativos, ou seja, as duas \u00faltimas coisas que deveriam ser cortadas.<\/p>\n<p>No entanto, se isso estiver prestes a acontecer, aposte no EAD.<\/p>\n<p>Com um sistema EAD de ensino \u00e9 poss\u00edvel produzir materiais de capacita\u00e7\u00e3o para os colaboradores. Ent\u00e3o, os receptores impactados por este conte\u00fado receber\u00e3o a mesma mensagem, uniformizando os treinamentos da sua equipe.<\/p>\n<p>Al\u00e9m disso, o gestor consegue administrar e acompanhar quem est\u00e1 fazendo o treinamento, abrir f\u00f3runs para discuss\u00e3o e distribuir materiais de estudo e aprimoramento.<\/p>\n<p>Dessa forma, outro fator a ser levado em conta tamb\u00e9m, \u00e9 que um treinamento produzido com \u00eaxito pode fazer com que os funcion\u00e1rios que venham a conquistar melhores n\u00fameros, resultados e aprova\u00e7\u00f5es.[\/vc_text_paragraph][vc_text_paragraph]<\/p>\n<h3>Est\u00e1 gostando dos conte\u00fados?<\/h3>\n<p>Ent\u00e3o, assine a newsletter e receba todas as novidade direto no seu e-mail![\/vc_text_paragraph][vc_newsletter_with_email newsletter_id=&#8221;blog_conteudo_1&#8243; newsletter_msg_success=&#8221;Valeu por se inscrever! Em breve mandaremos as novidades do blog!&#8221;][vc_text_paragraph]<\/p>\n<h2><strong>Vantagens para sua empresa<\/strong><\/h2>\n<h3><strong><em>Retorno Imediato<\/em><\/strong><\/h3>\n<p>O conhecimento que o seu colaborador adquirir vai ser aplicado automaticamente no dia a dia do profissional.<\/p>\n<p>Al\u00e9m disso, voc\u00ea pode trabalhar com uma capacita\u00e7\u00e3o continuada, formando cada vez mais e melhor os seus colaboradores visando a excel\u00eancia.<\/p>\n<h3><strong><em>Aprimora processos<\/em><\/strong><\/h3>\n<p>Um profissional bem treinado produz mais com menos, e \u00e9 isso o que todo empres\u00e1rio ou executivo quer ouvir.<\/p>\n<p>Ou seja, quanto maior a efetividade do time, maior a taxa de sucesso, que ir\u00e1 se converter em lucro l\u00e1 na frente.<\/p>\n<h3><strong><em>Amplifica os resultados de treinamento<\/em><\/strong><\/h3>\n<p>Treinar pessoas da sua empresa pelo Brasil inteiro \u00e9 caro e leva tempo para concretizar a a\u00e7\u00e3o. Com o sistema EAD de ensino voc\u00ea consegue atingir centenas de pessoas em pouco tempo. Al\u00e9m disso, com uma porcentagem m\u00ednima do investimento presencial.<\/p>\n<h3><strong><em>Filtro no processo de recrutamento<\/em><\/strong><\/h3>\n<p>Efetuar o treinamento b\u00e1sico e as primeiras avalia\u00e7\u00f5es de um processo de recrutamento de novos colaboradores, principalmente para empresas que precisam de um profissional com conhecimentos t\u00e9cnicos.<\/p>\n<p>Este procedimento \u00e9 capaz de reduzir custos no processo de recrutamento.<\/p>\n<h3><strong><em>Permite a reutiliza\u00e7\u00e3o do conte\u00fado<\/em><\/strong><\/h3>\n<p>Um conte\u00fado produzido pode ser repetido quantas vezes forem necess\u00e1rias. Sendo assim, isso faz com que eles se relembrem de processos ou procedimentos que possam ter ca\u00eddo no esquecimento.<\/p>\n<h3><strong><em>Colaboradores no posto de trabalho<\/em><\/strong><\/h3>\n<p>Um dos grandes problemas da maioria das empresas na hora de trabalhar com uma atua\u00e7\u00e3o firme e constante no treinamento e capacita\u00e7\u00e3o \u00e9: ter que liberar algu\u00e9m da equipe para transmitir o seu conhecimento.<\/p>\n<p>Sair para estudar n\u00e3o \u00e9 o problema, mas desfalca o time e pode trazer preju\u00edzo financeiro com os gastos. J\u00e1 com o sistema EAD \u00e9 poss\u00edvel gravar treinamentos e os colaboradores podem fazer dentro da pr\u00f3pria empresa.<\/p>\n<h6><em>Parte das vantagens tiradas do site <a href=\"https:\/\/eadbox.com\/ead-nas-empresas\/\">eadbox.com<\/a><\/em><\/h6>\n<h2><strong>Uma boa ideia<\/strong><\/h2>\n<p>\u00c9 claro que independentemente do tamanho da empresa, implementar um sistema EAD para capacita\u00e7\u00e3o de funcion\u00e1rios \u00e9 uma \u00f3tima oportunidade para economizar e preparar o seu time.<\/p>\n<p>Como \u00e9 uma produ\u00e7\u00e3o de conte\u00fado de grande escala, por conta dos materiais de treinamento, atualiza\u00e7\u00e3o e mais, cogite a terceiriza\u00e7\u00e3o deste servi\u00e7o.<\/p>\n<p>Dependendo da quantidade de conte\u00fado a ser produzido, n\u00e3o vale a pena possuir profissionais e equipamentos ociosos em sua empresa, n\u00e3o \u00e9 mesmo?!<\/p>\n<p>Ent\u00e3o, invista na educa\u00e7\u00e3o e prepara\u00e7\u00e3o dos colaboradores, nos debates, nos conte\u00fados valiosos, nas informa\u00e7\u00f5es que far\u00e3o a diferen\u00e7a no trabalho e na vida das pessoas e da sua empresa. Vamos juntos?<\/p>\n<h4><strong>Voc\u00ea tamb\u00e9m pode contratar cursos de extens\u00e3o ou de curta dura\u00e7\u00e3o para parte da sua empresa, gestores e equipes de gente. D\u00ea uma olhada em <a href=\"https:\/\/www.unasp.br\/ead\/cursos\/\">nossa plataforma EAD<\/a> e fique a vontade!<\/strong><\/h4>\n<p>At\u00e9 a pr\u00f3xima![\/vc_text_paragraph][vc_text_paragraph]<\/p>\n<h3>Ei, n\u00e3o v\u00e1 embora sem assinar a nossa newsletter!<\/h3>\n<p>\u00c9 s\u00f3 colocar seu e-mail aqui em baixo para receber os melhores conte\u00fados do blog.[\/vc_text_paragraph][vc_newsletter_with_email newsletter_id=&#8221;blog_conteudo_2&#8243; newsletter_msg_success=&#8221;Valeu por se inscrever! Em breve mandaremos as novidades do blog!&#8221;][vc_text_paragraph]<\/p>\n<h2>Leia tamb\u00e9m:<\/h2>\n<p><strong><a href=\"https:\/\/www.unasp.br\/blog\/cronograma-de-estudos-ead\/\">\u2022\u00a0Aprenda a criar um cronograma de estudos para o seu curso EAD.<\/a><\/strong><\/p>\n<p><strong><a href=\"https:\/\/www.unasp.br\/blog\/entenda-mais-sobre-tutoria-online\/\">\u2022\u00a0Entenda mais sobre a carreira em gest\u00e3o de EAD e tutoria online.<\/a><\/strong><\/p>\n<p><strong><a href=\"https:\/\/www.unasp.br\/blog\/vantagens-de-fazer-ead-no-unasp\/\">\u2022\u00a0Fique por dentro das vantagens de fazer um curso em EAD no UNASP.<\/a><\/strong><\/p>\n<p><strong><a href=\"https:\/\/www.unasp.br\/blog\/como-escolher-faculdade-ead\/\">\u2022\u00a0Na d\u00favida? Veja como escolher uma boa faculdade EAD.<\/a><\/strong>[\/vc_text_paragraph][\/vc_column][\/vc_row]<\/p>\n","protected":false},"excerpt":{"rendered":"<p>[vc_row][vc_column][vc_text_paragraph] Uma cultura de capacita\u00e7\u00e3o dos colaboradores \u00e9 essencial para uma organiza\u00e7\u00e3o. Afinal, os funcion\u00e1rios s\u00e3o extremamente valiosos e precisam de investimento.\u00a0No entanto, promover essa cultura \u00e9 em boa parte responsabilidade da empresa. Veja nesse post como o EAD pode ser a solu\u00e7\u00e3o ideal para tornar o time de colaboradores ainda mais capacitado. O EAD [&hellip;]<\/p>\n","protected":false},"author":94,"featured_media":63818,"comment_status":"open","ping_status":"open","sticky":false,"template":"","format":"standard","meta":{"footnotes":""},"categories":[169,175],"tags":[2375,2372,2373,306,313,2374],"yoast_head":"<!-- This site is optimized with the Yoast SEO plugin v22.0 - https:\/\/yoast.com\/wordpress\/plugins\/seo\/ -->\n<title>Vantagens de usar o EAD para a capacita\u00e7\u00e3o de funcion\u00e1rios<\/title>\n<meta name=\"description\" content=\"Se voc\u00ea n\u00e3o sabia da possibilidade de usar o EAD para capacita\u00e7\u00e3o de funcion\u00e1rios, continue lendo esse post e descubra as vantagens para sua empresa!\" \/>\n<meta name=\"robots\" content=\"index, follow, max-snippet:-1, max-image-preview:large, max-video-preview:-1\" \/>\n<link rel=\"canonical\" href=\"https:\/\/unasp.br\/blog\/vantagens-de-usar-o-ead-para-a-capacitacao-de-funcionarios\/\" \/>\n<meta property=\"og:locale\" content=\"pt_BR\" \/>\n<meta property=\"og:type\" content=\"article\" \/>\n<meta property=\"og:title\" content=\"Vantagens de usar o EAD para a capacita\u00e7\u00e3o de funcion\u00e1rios\" \/>\n<meta property=\"og:description\" content=\"Se voc\u00ea n\u00e3o sabia da possibilidade de usar o EAD para capacita\u00e7\u00e3o de funcion\u00e1rios, continue lendo esse post e descubra as vantagens para sua empresa!\" \/>\n<meta property=\"og:url\" content=\"https:\/\/unasp.br\/blog\/vantagens-de-usar-o-ead-para-a-capacitacao-de-funcionarios\/\" \/>\n<meta property=\"og:site_name\" content=\"Blog do UNASP\" \/>\n<meta property=\"article:published_time\" content=\"2019-07-31T12:35:02+00:00\" \/>\n<meta property=\"article:modified_time\" content=\"2019-07-30T14:03:26+00:00\" \/>\n<meta property=\"og:image\" content=\"https:\/\/cdn.unasp.br\/blog\/wp-content\/uploads\/2019\/07\/shutterstock_1014801628-e1564491038881.jpg\" \/>\n\t<meta property=\"og:image:width\" content=\"924\" \/>\n\t<meta property=\"og:image:height\" content=\"616\" \/>\n\t<meta property=\"og:image:type\" content=\"image\/jpeg\" \/>\n<meta name=\"author\" content=\"user_login user_login\" \/>\n<meta name=\"twitter:card\" content=\"summary_large_image\" \/>\n<meta name=\"twitter:label1\" content=\"Escrito por\" \/>\n\t<meta name=\"twitter:data1\" content=\"user_login user_login\" \/>\n\t<meta name=\"twitter:label2\" content=\"Est. tempo de leitura\" \/>\n\t<meta name=\"twitter:data2\" content=\"5 minutos\" \/>\n<script type=\"application\/ld+json\" class=\"yoast-schema-graph\">{\"@context\":\"https:\/\/schema.org\",\"@graph\":[{\"@type\":\"WebPage\",\"@id\":\"https:\/\/unasp.br\/blog\/vantagens-de-usar-o-ead-para-a-capacitacao-de-funcionarios\/\",\"url\":\"https:\/\/unasp.br\/blog\/vantagens-de-usar-o-ead-para-a-capacitacao-de-funcionarios\/\",\"name\":\"Vantagens de usar o EAD para a capacita\u00e7\u00e3o de funcion\u00e1rios\",\"isPartOf\":{\"@id\":\"https:\/\/unasp.br\/blog\/#website\"},\"datePublished\":\"2019-07-31T12:35:02+00:00\",\"dateModified\":\"2019-07-30T14:03:26+00:00\",\"author\":{\"@id\":\"https:\/\/unasp.br\/blog\/#\/schema\/person\/6cd3641a3eb6d90fce0b0926c5a4456b\"},\"description\":\"Se voc\u00ea n\u00e3o sabia da possibilidade de usar o EAD para capacita\u00e7\u00e3o de funcion\u00e1rios, continue lendo esse post e descubra as vantagens para sua empresa!\",\"breadcrumb\":{\"@id\":\"https:\/\/unasp.br\/blog\/vantagens-de-usar-o-ead-para-a-capacitacao-de-funcionarios\/#breadcrumb\"},\"inLanguage\":\"pt-BR\",\"potentialAction\":[{\"@type\":\"ReadAction\",\"target\":[\"https:\/\/unasp.br\/blog\/vantagens-de-usar-o-ead-para-a-capacitacao-de-funcionarios\/\"]}]},{\"@type\":\"BreadcrumbList\",\"@id\":\"https:\/\/unasp.br\/blog\/vantagens-de-usar-o-ead-para-a-capacitacao-de-funcionarios\/#breadcrumb\",\"itemListElement\":[{\"@type\":\"ListItem\",\"position\":1,\"name\":\"In\u00edcio\",\"item\":\"https:\/\/unasp.br\/blog\/\"},{\"@type\":\"ListItem\",\"position\":2,\"name\":\"Vantagens de usar o EAD para a capacita\u00e7\u00e3o de funcion\u00e1rios\"}]},{\"@type\":\"WebSite\",\"@id\":\"https:\/\/unasp.br\/blog\/#website\",\"url\":\"https:\/\/unasp.br\/blog\/\",\"name\":\"Blog do UNASP\",\"description\":\"Centro Universit\u00e1rio Adventista de S\u00e3o Paulo\",\"potentialAction\":[{\"@type\":\"SearchAction\",\"target\":{\"@type\":\"EntryPoint\",\"urlTemplate\":\"https:\/\/unasp.br\/blog\/?s={search_term_string}\"},\"query-input\":\"required name=search_term_string\"}],\"inLanguage\":\"pt-BR\"},{\"@type\":\"Person\",\"@id\":\"https:\/\/unasp.br\/blog\/#\/schema\/person\/6cd3641a3eb6d90fce0b0926c5a4456b\",\"name\":\"user_login user_login\",\"image\":{\"@type\":\"ImageObject\",\"inLanguage\":\"pt-BR\",\"@id\":\"https:\/\/unasp.br\/blog\/#\/schema\/person\/image\/\",\"url\":\"https:\/\/secure.gravatar.com\/avatar\/34321051a691b4ae0a7c11cd8c2116e3?s=96&d=mm&r=g\",\"contentUrl\":\"https:\/\/secure.gravatar.com\/avatar\/34321051a691b4ae0a7c11cd8c2116e3?s=96&d=mm&r=g\",\"caption\":\"user_login user_login\"},\"url\":\"https:\/\/unasp.br\/blog\/author\/user_login\/\"}]}<\/script>\n<!-- \/ Yoast SEO plugin. -->","yoast_head_json":{"title":"Vantagens de usar o EAD para a capacita\u00e7\u00e3o de funcion\u00e1rios","description":"Se voc\u00ea n\u00e3o sabia da possibilidade de usar o EAD para capacita\u00e7\u00e3o de funcion\u00e1rios, continue lendo esse post e descubra as vantagens para sua empresa!","robots":{"index":"index","follow":"follow","max-snippet":"max-snippet:-1","max-image-preview":"max-image-preview:large","max-video-preview":"max-video-preview:-1"},"canonical":"https:\/\/unasp.br\/blog\/vantagens-de-usar-o-ead-para-a-capacitacao-de-funcionarios\/","og_locale":"pt_BR","og_type":"article","og_title":"Vantagens de usar o EAD para a capacita\u00e7\u00e3o de funcion\u00e1rios","og_description":"Se voc\u00ea n\u00e3o sabia da possibilidade de usar o EAD para capacita\u00e7\u00e3o de funcion\u00e1rios, continue lendo esse post e descubra as vantagens para sua empresa!","og_url":"https:\/\/unasp.br\/blog\/vantagens-de-usar-o-ead-para-a-capacitacao-de-funcionarios\/","og_site_name":"Blog do UNASP","article_published_time":"2019-07-31T12:35:02+00:00","article_modified_time":"2019-07-30T14:03:26+00:00","og_image":[{"width":924,"height":616,"url":"https:\/\/cdn.unasp.br\/blog\/wp-content\/uploads\/2019\/07\/shutterstock_1014801628-e1564491038881.jpg","type":"image\/jpeg"}],"author":"user_login user_login","twitter_card":"summary_large_image","twitter_misc":{"Escrito por":"user_login user_login","Est. tempo de leitura":"5 minutos"},"schema":{"@context":"https:\/\/schema.org","@graph":[{"@type":"WebPage","@id":"https:\/\/unasp.br\/blog\/vantagens-de-usar-o-ead-para-a-capacitacao-de-funcionarios\/","url":"https:\/\/unasp.br\/blog\/vantagens-de-usar-o-ead-para-a-capacitacao-de-funcionarios\/","name":"Vantagens de usar o EAD para a capacita\u00e7\u00e3o de funcion\u00e1rios","isPartOf":{"@id":"https:\/\/unasp.br\/blog\/#website"},"datePublished":"2019-07-31T12:35:02+00:00","dateModified":"2019-07-30T14:03:26+00:00","author":{"@id":"https:\/\/unasp.br\/blog\/#\/schema\/person\/6cd3641a3eb6d90fce0b0926c5a4456b"},"description":"Se voc\u00ea n\u00e3o sabia da possibilidade de usar o EAD para capacita\u00e7\u00e3o de funcion\u00e1rios, continue lendo esse post e descubra as vantagens para sua empresa!","breadcrumb":{"@id":"https:\/\/unasp.br\/blog\/vantagens-de-usar-o-ead-para-a-capacitacao-de-funcionarios\/#breadcrumb"},"inLanguage":"pt-BR","potentialAction":[{"@type":"ReadAction","target":["https:\/\/unasp.br\/blog\/vantagens-de-usar-o-ead-para-a-capacitacao-de-funcionarios\/"]}]},{"@type":"BreadcrumbList","@id":"https:\/\/unasp.br\/blog\/vantagens-de-usar-o-ead-para-a-capacitacao-de-funcionarios\/#breadcrumb","itemListElement":[{"@type":"ListItem","position":1,"name":"In\u00edcio","item":"https:\/\/unasp.br\/blog\/"},{"@type":"ListItem","position":2,"name":"Vantagens de usar o EAD para a capacita\u00e7\u00e3o de funcion\u00e1rios"}]},{"@type":"WebSite","@id":"https:\/\/unasp.br\/blog\/#website","url":"https:\/\/unasp.br\/blog\/","name":"Blog do UNASP","description":"Centro Universit\u00e1rio Adventista de S\u00e3o Paulo","potentialAction":[{"@type":"SearchAction","target":{"@type":"EntryPoint","urlTemplate":"https:\/\/unasp.br\/blog\/?s={search_term_string}"},"query-input":"required name=search_term_string"}],"inLanguage":"pt-BR"},{"@type":"Person","@id":"https:\/\/unasp.br\/blog\/#\/schema\/person\/6cd3641a3eb6d90fce0b0926c5a4456b","name":"user_login user_login","image":{"@type":"ImageObject","inLanguage":"pt-BR","@id":"https:\/\/unasp.br\/blog\/#\/schema\/person\/image\/","url":"https:\/\/secure.gravatar.com\/avatar\/34321051a691b4ae0a7c11cd8c2116e3?s=96&d=mm&r=g","contentUrl":"https:\/\/secure.gravatar.com\/avatar\/34321051a691b4ae0a7c11cd8c2116e3?s=96&d=mm&r=g","caption":"user_login user_login"},"url":"https:\/\/unasp.br\/blog\/author\/user_login\/"}]}},"_links":{"self":[{"href":"https:\/\/unasp.br\/blog\/wp-json\/wp\/v2\/posts\/62662"}],"collection":[{"href":"https:\/\/unasp.br\/blog\/wp-json\/wp\/v2\/posts"}],"about":[{"href":"https:\/\/unasp.br\/blog\/wp-json\/wp\/v2\/types\/post"}],"author":[{"embeddable":true,"href":"https:\/\/unasp.br\/blog\/wp-json\/wp\/v2\/users\/94"}],"replies":[{"embeddable":true,"href":"https:\/\/unasp.br\/blog\/wp-json\/wp\/v2\/comments?post=62662"}],"version-history":[{"count":5,"href":"https:\/\/unasp.br\/blog\/wp-json\/wp\/v2\/posts\/62662\/revisions"}],"predecessor-version":[{"id":63822,"href":"https:\/\/unasp.br\/blog\/wp-json\/wp\/v2\/posts\/62662\/revisions\/63822"}],"wp:featuredmedia":[{"embeddable":true,"href":"https:\/\/unasp.br\/blog\/wp-json\/wp\/v2\/media\/63818"}],"wp:attachment":[{"href":"https:\/\/unasp.br\/blog\/wp-json\/wp\/v2\/media?parent=62662"}],"wp:term":[{"taxonomy":"category","embeddable":true,"href":"https:\/\/unasp.br\/blog\/wp-json\/wp\/v2\/categories?post=62662"},{"taxonomy":"post_tag","embeddable":true,"href":"https:\/\/unasp.br\/blog\/wp-json\/wp\/v2\/tags?post=62662"}],"curies":[{"name":"wp","href":"https:\/\/api.w.org\/{rel}","templated":true}]}}