{"id":79817,"date":"2020-04-20T15:22:00","date_gmt":"2020-04-20T18:22:00","guid":{"rendered":"https:\/\/www.unasp.br\/blog\/?p=79817"},"modified":"2020-06-17T16:29:05","modified_gmt":"2020-06-17T19:29:05","slug":"enem-2020-estudando-na-quarentena","status":"publish","type":"post","link":"https:\/\/unasp.br\/blog\/enem-2020-estudando-na-quarentena\/","title":{"rendered":"Enem 2020: como a pandemia mudou a prepara\u00e7\u00e3o para a prova"},"content":{"rendered":"\n<h2 class=\"wp-block-heading\"><strong>Disciplina, foco e organiza\u00e7\u00e3o s\u00e3o atitudes que devem ser mantidas mesmo em tempo de quarentena. Os candidatos ao vestibular e Enem 2020 ainda t\u00eam muito o que fazer pela frente. E a\u00ed, o que muda na prepara\u00e7\u00e3o para a prova?<\/strong><br><\/h2>\n\n\n\n<p>Com a quarentena a rotina dos candidatos do Enem 2020 precisa estar pautada na disciplina, no foco e na organiza\u00e7\u00e3o. Ou seja, mesmo em tempos de pandemia, o compromisso com os preparativos devem ser mantidos.<\/p>\n\n\n\n<p>Devido ao COVID-19 o Exame Nacional do Ensino M\u00e9dio ter\u00e1 novas regras, que j\u00e1 foram anunciadas pelo Instituto Nacional de Estudos e Pesquisas Educacionais An\u00edsio Teixeira, Inep. Entre as mudan\u00e7as, est\u00e1 a aplica\u00e7\u00e3o da prova nas vers\u00f5es impressa e digital.<\/p>\n\n\n\n<p>Al\u00e9m disso, o Inep tamb\u00e9m dobrou o n\u00famero de candidatos que poder\u00e3o participar da vers\u00e3o digital da prova \u2013 agora, ser\u00e3o 100 mil participantes. No entanto, a escolha \u00e9 volunt\u00e1ria e deve ser feita no ato da inscri\u00e7\u00e3o. <strong>As inscri\u00e7\u00f5es para as provas impressa e digital ocorrem de 11 a 22 de maio<\/strong>. O edital mant\u00e9m a data de aplica\u00e7\u00e3o da prova impressa divulgada anteriormente: 1\u00ba e 8 de novembro. A data do Enem digital tamb\u00e9m est\u00e1 mantida: ser\u00e1 em 11 e 18 de outubro.<\/p>\n\n\n\n<figure class=\"wp-block-image size-large\"><a href=\"https:\/\/vestibular.unasp.br\/\"><img loading=\"lazy\" decoding=\"async\" width=\"1024\" height=\"256\" src=\"https:\/\/www.unasp.br\/blog\/wp-content\/uploads\/2020\/06\/Vestibular-2020-Banner-Site-1024x256.jpg\" alt=\"\" class=\"wp-image-83503\" srcset=\"https:\/\/cdn.unasp.br\/blog\/wp-content\/uploads\/2020\/06\/Vestibular-2020-Banner-Site-1024x256.jpg 1024w, https:\/\/cdn.unasp.br\/blog\/wp-content\/uploads\/2020\/06\/Vestibular-2020-Banner-Site-300x75.jpg 300w, https:\/\/cdn.unasp.br\/blog\/wp-content\/uploads\/2020\/06\/Vestibular-2020-Banner-Site-768x192.jpg 768w, https:\/\/cdn.unasp.br\/blog\/wp-content\/uploads\/2020\/06\/Vestibular-2020-Banner-Site-800x200.jpg 800w, https:\/\/cdn.unasp.br\/blog\/wp-content\/uploads\/2020\/06\/Vestibular-2020-Banner-Site-750x188.jpg 750w, https:\/\/cdn.unasp.br\/blog\/wp-content\/uploads\/2020\/06\/Vestibular-2020-Banner-Site-720x180.jpg 720w, https:\/\/cdn.unasp.br\/blog\/wp-content\/uploads\/2020\/06\/Vestibular-2020-Banner-Site-640x160.jpg 640w, https:\/\/cdn.unasp.br\/blog\/wp-content\/uploads\/2020\/06\/Vestibular-2020-Banner-Site-512x128.jpg 512w, https:\/\/cdn.unasp.br\/blog\/wp-content\/uploads\/2020\/06\/Vestibular-2020-Banner-Site-500x125.jpg 500w, https:\/\/cdn.unasp.br\/blog\/wp-content\/uploads\/2020\/06\/Vestibular-2020-Banner-Site-400x100.jpg 400w, https:\/\/cdn.unasp.br\/blog\/wp-content\/uploads\/2020\/06\/Vestibular-2020-Banner-Site-175x44.jpg 175w, https:\/\/cdn.unasp.br\/blog\/wp-content\/uploads\/2020\/06\/Vestibular-2020-Banner-Site-200x50.jpg 200w, https:\/\/cdn.unasp.br\/blog\/wp-content\/uploads\/2020\/06\/Vestibular-2020-Banner-Site.jpg 1200w\" sizes=\"(max-width: 1024px) 100vw, 1024px\" \/><\/a><\/figure>\n\n\n\n<h2 class=\"wp-block-heading\"><strong>O que muda para o vestibulando do Enem 2020?<\/strong><\/h2>\n\n\n\n<p>De acordo com especialistas \u00e9 preciso <strong>aproveitar este per\u00edodo de quarentena para pensar e se preparar para o futuro, fazendo as escolhas certas<\/strong>. Sendo assim, \u00e9 preciso criar hor\u00e1rios de estudo, fazer revis\u00e3o e ter momentos de descanso. Entretanto, sem o <strong><a rel=\"noreferrer noopener\" aria-label=\"planejamento adequado (abre numa nova aba)\" href=\"https:\/\/www.unasp.br\/blog\/fazer-um-planejamento-de-estudos-para-o-enem-2020\/\" target=\"_blank\">planejamento adequado<\/a><\/strong>, seu esfor\u00e7o ser\u00e1 v\u00e3o.&nbsp;<\/p>\n\n\n\n<p>De fato, a internet facilita muito o estudo, mas \u00e9 importante n\u00e3o deixar a produtividade cair. A procrastina\u00e7\u00e3o, t\u00e3o citada nas salas dos pr\u00e9-vestibulares, est\u00e1 mais pr\u00f3xima de n\u00f3s do que nunca. Ainda mais em tempo de isolamento social. Portanto, neste momento, <strong>\u00e9 imprescind\u00edvel que o candidato seja organizado e fa\u00e7a uma boa rotina de estudo.<\/strong><\/p>\n\n\n\n<p>Muitos estudantes est\u00e3o dividindo o dia em 3 partes: momento com de estudo, lazer e momento com a fam\u00edlia. Pode ser que esse m\u00e9todo te ajude. Portanto, para al\u00e9m das ansiedades atuais, das preocupa\u00e7\u00f5es cotidianas e das d\u00favidas atuais sobre a quarentena e a economia, o candidato deve colocar junto dessas preocupa\u00e7\u00f5es a necessidade de estudar todos os dias ou sempre que poss\u00edvel para o vestibular.<\/p>\n\n\n<div role=\"main\" id=\"blog-newsletter-1f3d34cadf9b92d53a41\"><\/div>\n<p><script type=\"text\/javascript\" src=\"https:\/\/d335luupugsy2.cloudfront.net\/js\/rdstation-forms\/stable\/rdstation-forms.min.js\"><\/script><br \/>\n<script type=\"text\/javascript\"> new RDStationForms('blog-newsletter-1f3d34cadf9b92d53a41', 'UA-96322825-1').createForm();<\/script><\/p>\n\n\n\n<h2 class=\"wp-block-heading\"><strong>Mais rotina do que nunca<\/strong><\/h2>\n\n\n\n<p>J\u00e1 que as escolas n\u00e3o est\u00e3o abrindo, muito menos os cursinhos, os alunos devem criar um calend\u00e1rio de estudos. Assim, ficar\u00e1 mais f\u00e1cil visualizar os conte\u00fados a serem estudados e quais s\u00e3o as metas que voc\u00ea est\u00e1 cumprindo. \u00c9 importante criar uma rotina de estudos de segunda at\u00e9 sexta-feira. Deste modo, s\u00e1bado e domingo, ficam sendo dias exclusivos para a fam\u00edlia e para o lazer.<\/p>\n\n\n\n<p>Al\u00e9m disso, para os dias de estudo, \u00e9 recomendado reservar de 4 a 6 horas, que devem ser dividas entre as disciplinas que s\u00e3o obrigat\u00f3rias no Enem 2020. Professores sugerem que cada disciplina tenha 1 hora de estudo e 10 minutos de intervalo, sem esquecer os hor\u00e1rios de almo\u00e7o, lanche, jantar e tamb\u00e9m dos alongamentos.&nbsp;<\/p>\n\n\n\n<p>Quer um exemplo de rotina? Se na segunda pela manh\u00e3 voc\u00ea tinha aulas de matem\u00e1tica e ingl\u00eas no col\u00e9gio ou cursinho e \u00e0 tarde estudava o que aprendeu, vale repetir e fazer a mesma coisa durante a quarentena.&nbsp;<\/p>\n\n\n\n<h2 class=\"wp-block-heading\"><strong>Bons estudos!<\/strong><\/h2>\n\n\n\n<p>Voc\u00ea j\u00e1 sabe que o momento \u00e9 delicado e mesmo para escolas e cursinho que j\u00e1 disponibilizam aulas e conte\u00fados online, este per\u00edodo \u00e9 desafiador. Portanto, cabe a voc\u00ea fazer a sua parte.&nbsp;<\/p>\n\n\n\n<p>Contudo, a palavra de \u2018ordem\u2019 para todo mundo \u00e9 a mesma: adapta\u00e7\u00e3o. Adaptar para desenvolver novas formas de estudar, aprender, praticar e se preparar para o Enem 2020.<\/p>\n\n\n\n<p>At\u00e9 a pr\u00f3xima!<br><\/p>\n","protected":false},"excerpt":{"rendered":"<p>Disciplina, foco e organiza\u00e7\u00e3o s\u00e3o atitudes que devem ser mantidas mesmo em tempo de quarentena. Os candidatos ao vestibular e Enem 2020 ainda t\u00eam muito o que fazer pela frente. E a\u00ed, o que muda na prepara\u00e7\u00e3o para a prova? Com a quarentena a rotina dos candidatos do Enem 2020 precisa estar pautada na disciplina, [&hellip;]<\/p>\n","protected":false},"author":94,"featured_media":79910,"comment_status":"open","ping_status":"open","sticky":false,"template":"","format":"standard","meta":{"footnotes":""},"categories":[175],"tags":[313,323,2919,479,3212,534],"yoast_head":"<!-- This site is optimized with the Yoast SEO plugin v22.0 - https:\/\/yoast.com\/wordpress\/plugins\/seo\/ -->\n<title>Enem 2020: como a pandemia mudou a prepara\u00e7\u00e3o para a prova<\/title>\n<meta name=\"description\" content=\"Disciplina, foco e organiza\u00e7\u00e3o s\u00e3o atitudes que devem ser mantidas mesmo em tempo de quarentena. Veja o que mudou para os candidatos do Enem 2020.\" \/>\n<meta name=\"robots\" content=\"index, follow, max-snippet:-1, max-image-preview:large, max-video-preview:-1\" \/>\n<link rel=\"canonical\" href=\"https:\/\/unasp.br\/blog\/enem-2020-estudando-na-quarentena\/\" \/>\n<meta property=\"og:locale\" content=\"pt_BR\" \/>\n<meta property=\"og:type\" content=\"article\" \/>\n<meta property=\"og:title\" content=\"Enem 2020: como a pandemia mudou a prepara\u00e7\u00e3o para a prova\" \/>\n<meta property=\"og:description\" content=\"Disciplina, foco e organiza\u00e7\u00e3o s\u00e3o atitudes que devem ser mantidas mesmo em tempo de quarentena. Veja o que mudou para os candidatos do Enem 2020.\" \/>\n<meta property=\"og:url\" content=\"https:\/\/unasp.br\/blog\/enem-2020-estudando-na-quarentena\/\" \/>\n<meta property=\"og:site_name\" content=\"Blog do UNASP\" \/>\n<meta property=\"article:published_time\" content=\"2020-04-20T18:22:00+00:00\" \/>\n<meta property=\"article:modified_time\" content=\"2020-06-17T19:29:05+00:00\" \/>\n<meta property=\"og:image\" content=\"https:\/\/cdn.unasp.br\/blog\/wp-content\/uploads\/2020\/04\/shutterstock_160779521.jpg\" \/>\n\t<meta property=\"og:image:width\" content=\"1000\" \/>\n\t<meta property=\"og:image:height\" content=\"667\" \/>\n\t<meta property=\"og:image:type\" content=\"image\/jpeg\" \/>\n<meta name=\"author\" content=\"user_login user_login\" \/>\n<meta name=\"twitter:card\" content=\"summary_large_image\" \/>\n<meta name=\"twitter:label1\" content=\"Escrito por\" \/>\n\t<meta name=\"twitter:data1\" content=\"user_login user_login\" \/>\n\t<meta name=\"twitter:label2\" content=\"Est. tempo de leitura\" \/>\n\t<meta name=\"twitter:data2\" content=\"3 minutos\" \/>\n<script type=\"application\/ld+json\" class=\"yoast-schema-graph\">{\"@context\":\"https:\/\/schema.org\",\"@graph\":[{\"@type\":\"WebPage\",\"@id\":\"https:\/\/unasp.br\/blog\/enem-2020-estudando-na-quarentena\/\",\"url\":\"https:\/\/unasp.br\/blog\/enem-2020-estudando-na-quarentena\/\",\"name\":\"Enem 2020: como a pandemia mudou a prepara\u00e7\u00e3o para a prova\",\"isPartOf\":{\"@id\":\"https:\/\/unasp.br\/blog\/#website\"},\"datePublished\":\"2020-04-20T18:22:00+00:00\",\"dateModified\":\"2020-06-17T19:29:05+00:00\",\"author\":{\"@id\":\"https:\/\/unasp.br\/blog\/#\/schema\/person\/6cd3641a3eb6d90fce0b0926c5a4456b\"},\"description\":\"Disciplina, foco e organiza\u00e7\u00e3o s\u00e3o atitudes que devem ser mantidas mesmo em tempo de quarentena. Veja o que mudou para os candidatos do Enem 2020.\",\"breadcrumb\":{\"@id\":\"https:\/\/unasp.br\/blog\/enem-2020-estudando-na-quarentena\/#breadcrumb\"},\"inLanguage\":\"pt-BR\",\"potentialAction\":[{\"@type\":\"ReadAction\",\"target\":[\"https:\/\/unasp.br\/blog\/enem-2020-estudando-na-quarentena\/\"]}]},{\"@type\":\"BreadcrumbList\",\"@id\":\"https:\/\/unasp.br\/blog\/enem-2020-estudando-na-quarentena\/#breadcrumb\",\"itemListElement\":[{\"@type\":\"ListItem\",\"position\":1,\"name\":\"In\u00edcio\",\"item\":\"https:\/\/unasp.br\/blog\/\"},{\"@type\":\"ListItem\",\"position\":2,\"name\":\"Enem 2020: como a pandemia mudou a prepara\u00e7\u00e3o para a prova\"}]},{\"@type\":\"WebSite\",\"@id\":\"https:\/\/unasp.br\/blog\/#website\",\"url\":\"https:\/\/unasp.br\/blog\/\",\"name\":\"Blog do UNASP\",\"description\":\"Centro Universit\u00e1rio Adventista de S\u00e3o Paulo\",\"potentialAction\":[{\"@type\":\"SearchAction\",\"target\":{\"@type\":\"EntryPoint\",\"urlTemplate\":\"https:\/\/unasp.br\/blog\/?s={search_term_string}\"},\"query-input\":\"required name=search_term_string\"}],\"inLanguage\":\"pt-BR\"},{\"@type\":\"Person\",\"@id\":\"https:\/\/unasp.br\/blog\/#\/schema\/person\/6cd3641a3eb6d90fce0b0926c5a4456b\",\"name\":\"user_login user_login\",\"image\":{\"@type\":\"ImageObject\",\"inLanguage\":\"pt-BR\",\"@id\":\"https:\/\/unasp.br\/blog\/#\/schema\/person\/image\/\",\"url\":\"https:\/\/secure.gravatar.com\/avatar\/34321051a691b4ae0a7c11cd8c2116e3?s=96&d=mm&r=g\",\"contentUrl\":\"https:\/\/secure.gravatar.com\/avatar\/34321051a691b4ae0a7c11cd8c2116e3?s=96&d=mm&r=g\",\"caption\":\"user_login user_login\"},\"url\":\"https:\/\/unasp.br\/blog\/author\/user_login\/\"}]}<\/script>\n<!-- \/ Yoast SEO plugin. -->","yoast_head_json":{"title":"Enem 2020: como a pandemia mudou a prepara\u00e7\u00e3o para a prova","description":"Disciplina, foco e organiza\u00e7\u00e3o s\u00e3o atitudes que devem ser mantidas mesmo em tempo de quarentena. Veja o que mudou para os candidatos do Enem 2020.","robots":{"index":"index","follow":"follow","max-snippet":"max-snippet:-1","max-image-preview":"max-image-preview:large","max-video-preview":"max-video-preview:-1"},"canonical":"https:\/\/unasp.br\/blog\/enem-2020-estudando-na-quarentena\/","og_locale":"pt_BR","og_type":"article","og_title":"Enem 2020: como a pandemia mudou a prepara\u00e7\u00e3o para a prova","og_description":"Disciplina, foco e organiza\u00e7\u00e3o s\u00e3o atitudes que devem ser mantidas mesmo em tempo de quarentena. Veja o que mudou para os candidatos do Enem 2020.","og_url":"https:\/\/unasp.br\/blog\/enem-2020-estudando-na-quarentena\/","og_site_name":"Blog do UNASP","article_published_time":"2020-04-20T18:22:00+00:00","article_modified_time":"2020-06-17T19:29:05+00:00","og_image":[{"width":1000,"height":667,"url":"https:\/\/cdn.unasp.br\/blog\/wp-content\/uploads\/2020\/04\/shutterstock_160779521.jpg","type":"image\/jpeg"}],"author":"user_login user_login","twitter_card":"summary_large_image","twitter_misc":{"Escrito por":"user_login user_login","Est. tempo de leitura":"3 minutos"},"schema":{"@context":"https:\/\/schema.org","@graph":[{"@type":"WebPage","@id":"https:\/\/unasp.br\/blog\/enem-2020-estudando-na-quarentena\/","url":"https:\/\/unasp.br\/blog\/enem-2020-estudando-na-quarentena\/","name":"Enem 2020: como a pandemia mudou a prepara\u00e7\u00e3o para a prova","isPartOf":{"@id":"https:\/\/unasp.br\/blog\/#website"},"datePublished":"2020-04-20T18:22:00+00:00","dateModified":"2020-06-17T19:29:05+00:00","author":{"@id":"https:\/\/unasp.br\/blog\/#\/schema\/person\/6cd3641a3eb6d90fce0b0926c5a4456b"},"description":"Disciplina, foco e organiza\u00e7\u00e3o s\u00e3o atitudes que devem ser mantidas mesmo em tempo de quarentena. Veja o que mudou para os candidatos do Enem 2020.","breadcrumb":{"@id":"https:\/\/unasp.br\/blog\/enem-2020-estudando-na-quarentena\/#breadcrumb"},"inLanguage":"pt-BR","potentialAction":[{"@type":"ReadAction","target":["https:\/\/unasp.br\/blog\/enem-2020-estudando-na-quarentena\/"]}]},{"@type":"BreadcrumbList","@id":"https:\/\/unasp.br\/blog\/enem-2020-estudando-na-quarentena\/#breadcrumb","itemListElement":[{"@type":"ListItem","position":1,"name":"In\u00edcio","item":"https:\/\/unasp.br\/blog\/"},{"@type":"ListItem","position":2,"name":"Enem 2020: como a pandemia mudou a prepara\u00e7\u00e3o para a prova"}]},{"@type":"WebSite","@id":"https:\/\/unasp.br\/blog\/#website","url":"https:\/\/unasp.br\/blog\/","name":"Blog do UNASP","description":"Centro Universit\u00e1rio Adventista de S\u00e3o Paulo","potentialAction":[{"@type":"SearchAction","target":{"@type":"EntryPoint","urlTemplate":"https:\/\/unasp.br\/blog\/?s={search_term_string}"},"query-input":"required name=search_term_string"}],"inLanguage":"pt-BR"},{"@type":"Person","@id":"https:\/\/unasp.br\/blog\/#\/schema\/person\/6cd3641a3eb6d90fce0b0926c5a4456b","name":"user_login user_login","image":{"@type":"ImageObject","inLanguage":"pt-BR","@id":"https:\/\/unasp.br\/blog\/#\/schema\/person\/image\/","url":"https:\/\/secure.gravatar.com\/avatar\/34321051a691b4ae0a7c11cd8c2116e3?s=96&d=mm&r=g","contentUrl":"https:\/\/secure.gravatar.com\/avatar\/34321051a691b4ae0a7c11cd8c2116e3?s=96&d=mm&r=g","caption":"user_login user_login"},"url":"https:\/\/unasp.br\/blog\/author\/user_login\/"}]}},"_links":{"self":[{"href":"https:\/\/unasp.br\/blog\/wp-json\/wp\/v2\/posts\/79817"}],"collection":[{"href":"https:\/\/unasp.br\/blog\/wp-json\/wp\/v2\/posts"}],"about":[{"href":"https:\/\/unasp.br\/blog\/wp-json\/wp\/v2\/types\/post"}],"author":[{"embeddable":true,"href":"https:\/\/unasp.br\/blog\/wp-json\/wp\/v2\/users\/94"}],"replies":[{"embeddable":true,"href":"https:\/\/unasp.br\/blog\/wp-json\/wp\/v2\/comments?post=79817"}],"version-history":[{"count":6,"href":"https:\/\/unasp.br\/blog\/wp-json\/wp\/v2\/posts\/79817\/revisions"}],"predecessor-version":[{"id":83506,"href":"https:\/\/unasp.br\/blog\/wp-json\/wp\/v2\/posts\/79817\/revisions\/83506"}],"wp:featuredmedia":[{"embeddable":true,"href":"https:\/\/unasp.br\/blog\/wp-json\/wp\/v2\/media\/79910"}],"wp:attachment":[{"href":"https:\/\/unasp.br\/blog\/wp-json\/wp\/v2\/media?parent=79817"}],"wp:term":[{"taxonomy":"category","embeddable":true,"href":"https:\/\/unasp.br\/blog\/wp-json\/wp\/v2\/categories?post=79817"},{"taxonomy":"post_tag","embeddable":true,"href":"https:\/\/unasp.br\/blog\/wp-json\/wp\/v2\/tags?post=79817"}],"curies":[{"name":"wp","href":"https:\/\/api.w.org\/{rel}","templated":true}]}}