{"id":81176,"date":"2020-05-13T22:35:00","date_gmt":"2020-05-14T01:35:00","guid":{"rendered":"https:\/\/www.unasp.br\/blog\/?p=81176"},"modified":"2020-05-15T16:23:30","modified_gmt":"2020-05-15T19:23:30","slug":"entenda-advocacia-privada","status":"publish","type":"post","link":"https:\/\/unasp.br\/blog\/entenda-advocacia-privada\/","title":{"rendered":"Advocacia Privada: defini\u00e7\u00e3o, especializa\u00e7\u00e3o e mercado de trabalho"},"content":{"rendered":"\n<h2 class=\"wp-block-heading\"><strong>Entenda mais sobre a \u00e1rea de Advocacia Privada. Defini\u00e7\u00f5es, como funciona o mercado, a carreira do profissional e a especializa\u00e7\u00e3o na \u00e1rea.\u00a0<\/strong><\/h2>\n\n\n\n<p>A advocacia \u00e9 uma das profiss\u00f5es que mais expandiu nos \u00faltimos tempos. Isso significa um <strong>aumento de mercado e consequentemente de trabalho<\/strong>. Segundo especialistas, no Brasil atualmente encontram-se registrados na Ordem dos Advogados do Brasil \u2013 OAB, mais de 1.157,355 advogados. E com tantas \u00e1reas a seguir dentro do curso de Direito, uma em espec\u00edfico tem se destacado: <a href=\"https:\/\/www.unasp.br\/cursos\/ec\/pos-graduacao\/pos-graduacao-em-advocacia-privada\/\"><strong>Advocacia Privada<\/strong><\/a>.<\/p>\n\n\n\n<p>A Advocacia Privada vai al\u00e9m dos conhecimentos em leis e procedimentos burocr\u00e1ticos. Em suma, o profissional <strong>Advogado Privado \u00e9 aquele que exerce a advocacia como profissional liberal<\/strong>. Ou seja, que abre o seu escrit\u00f3rio e ali atende seus clientes, assim como se insere em uma sociedade de advogados, por exemplo.\u00a0<\/p>\n\n\n\n<p>Dessa forma, o profissional tem <strong>ampla liberdade<\/strong> no seu trabalho, mas tamb\u00e9m suas obriga\u00e7\u00f5es.<\/p>\n\n\n\n<h2 class=\"wp-block-heading\"><strong>Mas como destacar-se no mercado?<\/strong><\/h2>\n\n\n\n<p>De fato, destacar-se no mercado de trabalho nem sempre \u00e9 f\u00e1cil, ainda mais em um cen\u00e1rio cada vez mais competitivo. No entanto, n\u00e3o \u00e9 imposs\u00edvel. O profissional em advocacia privada deve lembrar de que <strong>ele mesmo \u00e9 o seu pr\u00f3prio chefe<\/strong>. Isso quer dizer que n\u00e3o vai ter ningu\u00e9m para coordenar, cobrar ou dar instru\u00e7\u00f5es e tudo isso dever\u00e1 ser feito por ele mesmo.<\/p>\n\n\n\n<p>Ser um bom chefe, profissional organizado e zeloso \u00e9 o primeiro passo. Al\u00e9m disso, o profissional deve dedicar-se e estudar muito para profissionalizar-se em um ramo, para assim, tornar-se uma refer\u00eancia. E assim, <strong>oferecer o melhor servi\u00e7o do mercado<\/strong>. <\/p>\n\n\n\n<p>Outro ponto a ser considerado \u00e9 que h\u00e1 necessidade de desenvolver habilidades laterais, ou seja, os <strong>\u201cSoft Skills\u201d<\/strong>. Ent\u00e3o, foque no desenvolvimento das habilidades de comunica\u00e7\u00e3o, criatividade para buscar solu\u00e7\u00f5es inovadoras, apresentar um discurso jur\u00eddicos e desenvolver, habilidades de negocia\u00e7\u00e3o.<\/p>\n\n\n\n<p>N\u00e3o tenho dinheiro para come\u00e7ar meu escrit\u00f3rio do zero. O que fazer? Continue lendo que n\u00f3s temos algumas dicas. <\/p>\n\n\n<div role=\"main\" id=\"blog-newsletter-1f3d34cadf9b92d53a41\"><\/div>\n<p><script type=\"text\/javascript\" src=\"https:\/\/d335luupugsy2.cloudfront.net\/js\/rdstation-forms\/stable\/rdstation-forms.min.js\"><\/script><br \/>\n<script type=\"text\/javascript\"> new RDStationForms('blog-newsletter-1f3d34cadf9b92d53a41', 'UA-96322825-1').createForm();<\/script><\/p>\n\n\n\n<h2 class=\"wp-block-heading\"><strong>Associar-se a um escrit\u00f3rio<\/strong><\/h2>\n\n\n\n<p>O Advogado Associado \u00e9 uma pessoa f\u00edsica contratada para prestar servi\u00e7os ao escrit\u00f3rio. Dessa forma, ele trabalha sem v\u00ednculo empregat\u00edcio, sem subordina\u00e7\u00e3o nem controle de jornada nessa rela\u00e7\u00e3o. Al\u00e9m disso, \u00e9 importante frisar que \u00e9 necess\u00e1rio averbar o contrato de associa\u00e7\u00e3o com advogado <strong>sem v\u00ednculo empregat\u00edcio<\/strong>.\u00a0<\/p>\n\n\n\n<p>Nessa modalidade h\u00e1 a aus\u00eancia de verbas trabalhistas, isso significa que o Advogado Associado n\u00e3o tem <strong>responsabilidade com custo e nem preju\u00edzo <\/strong>do escrit\u00f3rio de advocacia em que trabalha. Sendo assim, ele tamb\u00e9m poder\u00e1 participar de uma ou mais sociedade de advogados e ainda ter a sua pr\u00f3pria clientela, mantendo a sua autonomia profissional.<\/p>\n\n\n\n<p>Entretanto, a desvantagem em compara\u00e7\u00e3o ao advogado contratado \u00e9 geralmente de n\u00e3o receber um valor fixo mensal, <strong>como sal\u00e1rio e benef\u00edcios<\/strong>, por\u00e9m h\u00e1 a &#8220;desvantagem&#8221; da subordina\u00e7\u00e3o e dever de cumprir jornada, por exemplo. <\/p>\n\n\n\n<h2 class=\"wp-block-heading\"><strong>Curso para fazer carreira<\/strong>&nbsp;<\/h2>\n\n\n\n<p>Quem pensa em fazer carreira na \u00e1rea de Advocacia Privada j\u00e1 encontra<strong> <\/strong><a href=\"https:\/\/www.unasp.br\/cursos\/ec\/pos-graduacao\/pos-graduacao-em-advocacia-privada\/\"><strong>especializa\u00e7\u00f5es neste ramo<\/strong><\/a>. Mesmo quem ainda n\u00e3o pensou nisso \u00e9 bom saber que houveram modifica\u00e7\u00f5es da legisla\u00e7\u00e3o trabalhista e o C\u00f3digo de Processo Civil de 2015 modificaram o cen\u00e1rio jur\u00eddico exigindo dos advogados e bachar\u00e9is em direito uma atualiza\u00e7\u00e3o em formato interdisciplinar.<\/p>\n\n\n\n<p>Ou seja, hoje existem algumas especializa\u00e7\u00f5es com o objetivo de <strong>preparar o profissional para o mercado de trabalho<\/strong> em diversos nichos de atua\u00e7\u00e3o, estando prontos para uma nova realidade jur\u00eddica.<\/p>\n\n\n\n<p>Geralmente, o curso habilita os advogados e bachar\u00e9is em direito a <strong>compreender os principais aspectos te\u00f3rico-pr\u00e1ticos<\/strong> que dizem respeito ao c\u00f3digo civil, processo civil, direito do trabalho, processo do trabalho, direito tribut\u00e1rio e mais.<\/p>\n\n\n\n<h2 class=\"wp-block-heading\"><strong>P\u00f3s-gradua\u00e7\u00e3o em Advocacia Privada<\/strong><\/h2>\n\n\n\n<p>O Unasp oferece a <a href=\"https:\/\/www.unasp.br\/cursos\/ec\/pos-graduacao\/pos-graduacao-em-advocacia-privada\/\"><strong>P\u00f3s-gradua\u00e7\u00e3o em Advocacia Privada<\/strong><\/a> que tem como objetivo principal aprimorar as t\u00e9cnicas advocat\u00edcias privada. Al\u00e9m disso, o aluno ainda pode escolher se prefere aulas presenciais ou ao vivo online.<\/p>\n\n\n\n<p>Durante o <a href=\"https:\/\/www.unasp.br\/cursos\/ec\/pos-graduacao\/pos-graduacao-em-advocacia-privada\/\"><strong>curso<\/strong><\/a> o aluno ir\u00e1 deparar-se com <strong>disciplinas <\/strong>como:<\/p>\n\n\n\n<p>1. Prote\u00e7\u00e3o de Dados<\/p>\n\n\n\n<p>2. Aspectos Pr\u00e1tico-legais do Desenvolvimento da Tecnologia<\/p>\n\n\n\n<p>3. Contratos Imobili\u00e1rios<\/p>\n\n\n\n<p>4. Empreendimentos Imobili\u00e1rios<\/p>\n\n\n\n<p>5. Contencioso Imobili\u00e1rio<\/p>\n\n\n\n<p>6. Fundamentos do direito societ\u00e1rio: LTDA e EIRELI<\/p>\n\n\n\n<p>7. Direito Concursal \u2013 Recupera\u00e7\u00e3o Judicial e Extrajudicial de<\/p>\n\n\n\n<p>8. Empresas e Fal\u00eancia<\/p>\n\n\n\n<p>9. Empres\u00e1rios e as rela\u00e7\u00f5es de consumo<\/p>\n\n\n\n<p>10. Sucess\u00e3o empresarial e seus reflexos tribut\u00e1rios e trabalhistas<\/p>\n\n\n\n<p>11. Direito de Fam\u00edlia aplicado, dentre outros.<\/p>\n\n\n\n<p>Tem interesse em seguir a \u00e1rea de Advocacia Privada? Ent\u00e3o, saiba <a href=\"https:\/\/www.unasp.br\/cursos\/ec\/pos-graduacao\/pos-graduacao-em-advocacia-privada\/\"><strong>mais sobre o curso<\/strong><\/a> e venha para o Unasp!<\/p>\n\n\n\n<p>At\u00e9 a pr\u00f3xima!<br><\/p>\n","protected":false},"excerpt":{"rendered":"<p>Entenda mais sobre a \u00e1rea de Advocacia Privada. Defini\u00e7\u00f5es, como funciona o mercado, a carreira do profissional e a especializa\u00e7\u00e3o na \u00e1rea.\u00a0 A advocacia \u00e9 uma das profiss\u00f5es que mais expandiu nos \u00faltimos tempos. Isso significa um aumento de mercado e consequentemente de trabalho. Segundo especialistas, no Brasil atualmente encontram-se registrados na Ordem dos Advogados [&hellip;]<\/p>\n","protected":false},"author":94,"featured_media":81289,"comment_status":"open","ping_status":"open","sticky":false,"template":"","format":"standard","meta":{"footnotes":""},"categories":[169,175],"tags":[2232,3350,1056,237,296,336,2048,1086],"yoast_head":"<!-- This site is optimized with the Yoast SEO plugin v22.0 - https:\/\/yoast.com\/wordpress\/plugins\/seo\/ -->\n<title>Advocacia Privada: defini\u00e7\u00e3o, especializa\u00e7\u00e3o e mercado de trabalho<\/title>\n<meta name=\"description\" content=\"Descubra mais sobre Advocacia Privada. Al\u00e9m disso, entenda qual \u00e9 sua defini\u00e7\u00e3o, como funciona o mercado, a carreira do profissional e a especializa\u00e7\u00e3o.\" \/>\n<meta name=\"robots\" content=\"index, follow, max-snippet:-1, max-image-preview:large, max-video-preview:-1\" \/>\n<link rel=\"canonical\" href=\"https:\/\/unasp.br\/blog\/entenda-advocacia-privada\/\" \/>\n<meta property=\"og:locale\" content=\"pt_BR\" \/>\n<meta property=\"og:type\" content=\"article\" \/>\n<meta property=\"og:title\" content=\"Advocacia Privada: defini\u00e7\u00e3o, especializa\u00e7\u00e3o e mercado de trabalho\" \/>\n<meta property=\"og:description\" content=\"Descubra mais sobre Advocacia Privada. Al\u00e9m disso, entenda qual \u00e9 sua defini\u00e7\u00e3o, como funciona o mercado, a carreira do profissional e a especializa\u00e7\u00e3o.\" \/>\n<meta property=\"og:url\" content=\"https:\/\/unasp.br\/blog\/entenda-advocacia-privada\/\" \/>\n<meta property=\"og:site_name\" content=\"Blog do UNASP\" \/>\n<meta property=\"article:published_time\" content=\"2020-05-14T01:35:00+00:00\" \/>\n<meta property=\"article:modified_time\" content=\"2020-05-15T19:23:30+00:00\" \/>\n<meta property=\"og:image\" content=\"https:\/\/cdn.unasp.br\/blog\/wp-content\/uploads\/2020\/05\/shutterstock_1328472050.jpg\" \/>\n\t<meta property=\"og:image:width\" content=\"1000\" \/>\n\t<meta property=\"og:image:height\" content=\"667\" \/>\n\t<meta property=\"og:image:type\" content=\"image\/jpeg\" \/>\n<meta name=\"author\" content=\"user_login user_login\" \/>\n<meta name=\"twitter:card\" content=\"summary_large_image\" \/>\n<meta name=\"twitter:label1\" content=\"Escrito por\" \/>\n\t<meta name=\"twitter:data1\" content=\"user_login user_login\" \/>\n\t<meta name=\"twitter:label2\" content=\"Est. tempo de leitura\" \/>\n\t<meta name=\"twitter:data2\" content=\"4 minutos\" \/>\n<script type=\"application\/ld+json\" class=\"yoast-schema-graph\">{\"@context\":\"https:\/\/schema.org\",\"@graph\":[{\"@type\":\"WebPage\",\"@id\":\"https:\/\/unasp.br\/blog\/entenda-advocacia-privada\/\",\"url\":\"https:\/\/unasp.br\/blog\/entenda-advocacia-privada\/\",\"name\":\"Advocacia Privada: defini\u00e7\u00e3o, especializa\u00e7\u00e3o e mercado de trabalho\",\"isPartOf\":{\"@id\":\"https:\/\/unasp.br\/blog\/#website\"},\"datePublished\":\"2020-05-14T01:35:00+00:00\",\"dateModified\":\"2020-05-15T19:23:30+00:00\",\"author\":{\"@id\":\"https:\/\/unasp.br\/blog\/#\/schema\/person\/6cd3641a3eb6d90fce0b0926c5a4456b\"},\"description\":\"Descubra mais sobre Advocacia Privada. Al\u00e9m disso, entenda qual \u00e9 sua defini\u00e7\u00e3o, como funciona o mercado, a carreira do profissional e a especializa\u00e7\u00e3o.\",\"breadcrumb\":{\"@id\":\"https:\/\/unasp.br\/blog\/entenda-advocacia-privada\/#breadcrumb\"},\"inLanguage\":\"pt-BR\",\"potentialAction\":[{\"@type\":\"ReadAction\",\"target\":[\"https:\/\/unasp.br\/blog\/entenda-advocacia-privada\/\"]}]},{\"@type\":\"BreadcrumbList\",\"@id\":\"https:\/\/unasp.br\/blog\/entenda-advocacia-privada\/#breadcrumb\",\"itemListElement\":[{\"@type\":\"ListItem\",\"position\":1,\"name\":\"In\u00edcio\",\"item\":\"https:\/\/unasp.br\/blog\/\"},{\"@type\":\"ListItem\",\"position\":2,\"name\":\"Advocacia Privada: defini\u00e7\u00e3o, especializa\u00e7\u00e3o e mercado de trabalho\"}]},{\"@type\":\"WebSite\",\"@id\":\"https:\/\/unasp.br\/blog\/#website\",\"url\":\"https:\/\/unasp.br\/blog\/\",\"name\":\"Blog do UNASP\",\"description\":\"Centro Universit\u00e1rio Adventista de S\u00e3o Paulo\",\"potentialAction\":[{\"@type\":\"SearchAction\",\"target\":{\"@type\":\"EntryPoint\",\"urlTemplate\":\"https:\/\/unasp.br\/blog\/?s={search_term_string}\"},\"query-input\":\"required name=search_term_string\"}],\"inLanguage\":\"pt-BR\"},{\"@type\":\"Person\",\"@id\":\"https:\/\/unasp.br\/blog\/#\/schema\/person\/6cd3641a3eb6d90fce0b0926c5a4456b\",\"name\":\"user_login user_login\",\"image\":{\"@type\":\"ImageObject\",\"inLanguage\":\"pt-BR\",\"@id\":\"https:\/\/unasp.br\/blog\/#\/schema\/person\/image\/\",\"url\":\"https:\/\/secure.gravatar.com\/avatar\/34321051a691b4ae0a7c11cd8c2116e3?s=96&d=mm&r=g\",\"contentUrl\":\"https:\/\/secure.gravatar.com\/avatar\/34321051a691b4ae0a7c11cd8c2116e3?s=96&d=mm&r=g\",\"caption\":\"user_login user_login\"},\"url\":\"https:\/\/unasp.br\/blog\/author\/user_login\/\"}]}<\/script>\n<!-- \/ Yoast SEO plugin. -->","yoast_head_json":{"title":"Advocacia Privada: defini\u00e7\u00e3o, especializa\u00e7\u00e3o e mercado de trabalho","description":"Descubra mais sobre Advocacia Privada. Al\u00e9m disso, entenda qual \u00e9 sua defini\u00e7\u00e3o, como funciona o mercado, a carreira do profissional e a especializa\u00e7\u00e3o.","robots":{"index":"index","follow":"follow","max-snippet":"max-snippet:-1","max-image-preview":"max-image-preview:large","max-video-preview":"max-video-preview:-1"},"canonical":"https:\/\/unasp.br\/blog\/entenda-advocacia-privada\/","og_locale":"pt_BR","og_type":"article","og_title":"Advocacia Privada: defini\u00e7\u00e3o, especializa\u00e7\u00e3o e mercado de trabalho","og_description":"Descubra mais sobre Advocacia Privada. Al\u00e9m disso, entenda qual \u00e9 sua defini\u00e7\u00e3o, como funciona o mercado, a carreira do profissional e a especializa\u00e7\u00e3o.","og_url":"https:\/\/unasp.br\/blog\/entenda-advocacia-privada\/","og_site_name":"Blog do UNASP","article_published_time":"2020-05-14T01:35:00+00:00","article_modified_time":"2020-05-15T19:23:30+00:00","og_image":[{"width":1000,"height":667,"url":"https:\/\/cdn.unasp.br\/blog\/wp-content\/uploads\/2020\/05\/shutterstock_1328472050.jpg","type":"image\/jpeg"}],"author":"user_login user_login","twitter_card":"summary_large_image","twitter_misc":{"Escrito por":"user_login user_login","Est. tempo de leitura":"4 minutos"},"schema":{"@context":"https:\/\/schema.org","@graph":[{"@type":"WebPage","@id":"https:\/\/unasp.br\/blog\/entenda-advocacia-privada\/","url":"https:\/\/unasp.br\/blog\/entenda-advocacia-privada\/","name":"Advocacia Privada: defini\u00e7\u00e3o, especializa\u00e7\u00e3o e mercado de trabalho","isPartOf":{"@id":"https:\/\/unasp.br\/blog\/#website"},"datePublished":"2020-05-14T01:35:00+00:00","dateModified":"2020-05-15T19:23:30+00:00","author":{"@id":"https:\/\/unasp.br\/blog\/#\/schema\/person\/6cd3641a3eb6d90fce0b0926c5a4456b"},"description":"Descubra mais sobre Advocacia Privada. Al\u00e9m disso, entenda qual \u00e9 sua defini\u00e7\u00e3o, como funciona o mercado, a carreira do profissional e a especializa\u00e7\u00e3o.","breadcrumb":{"@id":"https:\/\/unasp.br\/blog\/entenda-advocacia-privada\/#breadcrumb"},"inLanguage":"pt-BR","potentialAction":[{"@type":"ReadAction","target":["https:\/\/unasp.br\/blog\/entenda-advocacia-privada\/"]}]},{"@type":"BreadcrumbList","@id":"https:\/\/unasp.br\/blog\/entenda-advocacia-privada\/#breadcrumb","itemListElement":[{"@type":"ListItem","position":1,"name":"In\u00edcio","item":"https:\/\/unasp.br\/blog\/"},{"@type":"ListItem","position":2,"name":"Advocacia Privada: defini\u00e7\u00e3o, especializa\u00e7\u00e3o e mercado de trabalho"}]},{"@type":"WebSite","@id":"https:\/\/unasp.br\/blog\/#website","url":"https:\/\/unasp.br\/blog\/","name":"Blog do UNASP","description":"Centro Universit\u00e1rio Adventista de S\u00e3o Paulo","potentialAction":[{"@type":"SearchAction","target":{"@type":"EntryPoint","urlTemplate":"https:\/\/unasp.br\/blog\/?s={search_term_string}"},"query-input":"required name=search_term_string"}],"inLanguage":"pt-BR"},{"@type":"Person","@id":"https:\/\/unasp.br\/blog\/#\/schema\/person\/6cd3641a3eb6d90fce0b0926c5a4456b","name":"user_login user_login","image":{"@type":"ImageObject","inLanguage":"pt-BR","@id":"https:\/\/unasp.br\/blog\/#\/schema\/person\/image\/","url":"https:\/\/secure.gravatar.com\/avatar\/34321051a691b4ae0a7c11cd8c2116e3?s=96&d=mm&r=g","contentUrl":"https:\/\/secure.gravatar.com\/avatar\/34321051a691b4ae0a7c11cd8c2116e3?s=96&d=mm&r=g","caption":"user_login user_login"},"url":"https:\/\/unasp.br\/blog\/author\/user_login\/"}]}},"_links":{"self":[{"href":"https:\/\/unasp.br\/blog\/wp-json\/wp\/v2\/posts\/81176"}],"collection":[{"href":"https:\/\/unasp.br\/blog\/wp-json\/wp\/v2\/posts"}],"about":[{"href":"https:\/\/unasp.br\/blog\/wp-json\/wp\/v2\/types\/post"}],"author":[{"embeddable":true,"href":"https:\/\/unasp.br\/blog\/wp-json\/wp\/v2\/users\/94"}],"replies":[{"embeddable":true,"href":"https:\/\/unasp.br\/blog\/wp-json\/wp\/v2\/comments?post=81176"}],"version-history":[{"count":3,"href":"https:\/\/unasp.br\/blog\/wp-json\/wp\/v2\/posts\/81176\/revisions"}],"predecessor-version":[{"id":81290,"href":"https:\/\/unasp.br\/blog\/wp-json\/wp\/v2\/posts\/81176\/revisions\/81290"}],"wp:featuredmedia":[{"embeddable":true,"href":"https:\/\/unasp.br\/blog\/wp-json\/wp\/v2\/media\/81289"}],"wp:attachment":[{"href":"https:\/\/unasp.br\/blog\/wp-json\/wp\/v2\/media?parent=81176"}],"wp:term":[{"taxonomy":"category","embeddable":true,"href":"https:\/\/unasp.br\/blog\/wp-json\/wp\/v2\/categories?post=81176"},{"taxonomy":"post_tag","embeddable":true,"href":"https:\/\/unasp.br\/blog\/wp-json\/wp\/v2\/tags?post=81176"}],"curies":[{"name":"wp","href":"https:\/\/api.w.org\/{rel}","templated":true}]}}