{"id":84924,"date":"2020-07-08T17:30:00","date_gmt":"2020-07-08T20:30:00","guid":{"rendered":"https:\/\/www.unasp.br\/blog\/?p=84924"},"modified":"2020-07-13T20:39:06","modified_gmt":"2020-07-13T23:39:06","slug":"empreender-na-educacao","status":"publish","type":"post","link":"https:\/\/unasp.br\/blog\/empreender-na-educacao\/","title":{"rendered":"Empres\u00e1rio digital na \u00e1rea da educa\u00e7\u00e3o, saiba por onde come\u00e7ar"},"content":{"rendered":"\n<h2 class=\"wp-block-heading\"><strong>Utilize sua especialidade como forma de empreender, ganhar dinheiro e ainda causar um impacto social positivo atrav\u00e9s da educa\u00e7\u00e3o. Como e onde come\u00e7ar? Veja a seguir.<\/strong><\/h2>\n\n\n\n<p>Com a miss\u00e3o de diminuir a desigualdade entre o ensino praticado nas escolas p\u00fablicas, privadas e outras institui\u00e7\u00f5es, os <strong>profissionais da \u00e1rea da educa\u00e7\u00e3o e os empreendedores est\u00e3o animados com os novos formatos e possibilidades<\/strong> de aulas. Afinal, n\u00e3o \u00e9 segredo para ningu\u00e9m que a tecnologia tem tornado o processo de aprendizagem mais democr\u00e1tico e acess\u00edvel. Permitindo que qualquer pessoa seja capaz de colher os benef\u00edcios do conhecimento, dependendo cada vez menos de uma estrutura f\u00edsica. A escola j\u00e1 est\u00e1 a um clique de dist\u00e2ncia <\/p>\n\n\n\n<hr class=\"wp-block-separator\"\/>\n\n\n\n<p>Hoje, j\u00e1 existe no mercado diversas iniciativas de sucesso, como plataformas on-line de <a href=\"https:\/\/www.unasp.br\/blog\/cursos-livres-como-eles-podem-te-ajudar\/\">cursos livres<\/a>, especializa\u00e7\u00f5es, aulas particulares e muito mais. <\/p>\n\n\n\n<p><strong>Esses neg\u00f3cios incentivam a educa\u00e7\u00e3o, a cultura e a dissemina\u00e7\u00e3o de ideias,<\/strong> e os empres\u00e1rios digitais na \u00e1rea da educa\u00e7\u00e3o tem grande for\u00e7a e responsabilidade nisso. <\/p>\n\n\n\n<p>Ou seja, al\u00e9m de ajudar a disseminar os mais variados tipos de conhecimento em grande escala, atrav\u00e9s da internet, <strong>a automa\u00e7\u00e3o da educa\u00e7\u00e3o abre uma infinidade de oportunidades<\/strong> para startups dispostas a sanar as necessidades de alunos, professores, escolas e pais, por exemplo.<\/p>\n\n\n\n<p>Dessa forma, os conte\u00fados de qualidade que s\u00e3o compartilhados e vendidos na web, gratuitos ou n\u00e3o, possuem grande influ\u00eancia na vida das pessoas. \u00c9 um momento de aprendizagem e prepara\u00e7\u00e3o para os estudos e para a vida. <strong>S\u00e3o informa\u00e7\u00f5es valiosas que saem de especialistas que podem fazer a diferen\u00e7a na vida do aluno<\/strong>. H\u00e1 um mercado gigante \u00e0 espera de inovadores dispostos a explorar a \u00e1rea da educa\u00e7\u00e3o.<\/p>\n\n\n\n<h2 class=\"wp-block-heading\"><strong>Educa\u00e7\u00e3o no s\u00e9culo XXI<\/strong><\/h2>\n\n\n\n<p>A internet, bem como as novas tecnologias, transformaram o universo da educa\u00e7\u00e3o. Agora, plataformas e ferramentas on-line de ensino e aprendizado s\u00e3o cada dia mais importantes e valiosas.<strong> Cursos, ideias, materiais did\u00e1ticos, tutoriais, aulas, como fazer<\/strong> e muitos outros conte\u00fados de educa\u00e7\u00e3o est\u00e3o dispon\u00edveis em plataformas como o YouTube e aplicativos on-line, transformando assim, o ambiente de consumo de novas informa\u00e7\u00f5es e saberes.<\/p>\n\n\n\n<p>Claro, que os espa\u00e7os f\u00edsicos de ensino, como escolas s\u00e3o de extrema import\u00e2ncia por diversos fatores. No entanto, a cada dia percebe-se uma <strong>mudan\u00e7a na cultura do s\u00e9culo XXI <\/strong>quando o assunto \u00e9 educa\u00e7\u00e3o. N\u00e3o diminuindo o valor das escolas mas atribuindo tamb\u00e9m valor ao <a href=\"https:\/\/www.unasp.br\/ead\/cursos\/\">EAD<\/a>.<\/p>\n\n\n\n<p>Estamos vivendo um momento de instabilidade por conta do novo coronav\u00edrus e isso \u00e9 um fato. Por isso, n o Brasil, o <a href=\"http:\/\/portal.mec.gov.br\/\">Minist\u00e9rio da Educa\u00e7\u00e3o<\/a> publicou, no dia 18 de mar\u00e7o de 2020, a Portaria n\u00ba 343, autorizando a substitui\u00e7\u00e3o tempor\u00e1ria de aulas presenciais pelo ensino a dist\u00e2ncia. Ou seja, <strong>se a educa\u00e7\u00e3o estava ganhando for\u00e7a na internet<\/strong>, agora ainda mais.<\/p>\n\n\n\n<p>Ent\u00e3o, se voc\u00ea possui forma\u00e7\u00e3o em educa\u00e7\u00e3o (professor) em alguma \u00e1rea, como Pedagogia, Matem\u00e1tica, M\u00fasica e tantos outras, pense e analise estar no ambiente on-line porque a internet internet pode ser o futuro pr\u00f3ximo. Sendo assim, <strong>voc\u00ea pode utilizar sua especialidade como forma de empreender<\/strong>, ganhar dinheiro e ainda causar um impacto social positivo atrav\u00e9s da educa\u00e7\u00e3o. Mas por onde come\u00e7ar? Veja a seguir.<\/p>\n\n\n<div role=\"main\" id=\"blog-newsletter-1f3d34cadf9b92d53a41\"><\/div>\n<p><script type=\"text\/javascript\" src=\"https:\/\/d335luupugsy2.cloudfront.net\/js\/rdstation-forms\/stable\/rdstation-forms.min.js\"><\/script><br \/>\n<script type=\"text\/javascript\"> new RDStationForms('blog-newsletter-1f3d34cadf9b92d53a41', 'UA-96322825-1').createForm();<\/script><\/p>\n\n\n\n<h2 class=\"wp-block-heading\"><strong>Empres\u00e1rio digital na \u00e1rea da educa\u00e7\u00e3o, por onde come\u00e7ar?<\/strong><\/h2>\n\n\n\n<h3 class=\"wp-block-heading\"><strong>O que vou oferecer&nbsp;<\/strong><\/h3>\n\n\n\n<p>Se voc\u00ea j\u00e1 \u00e9 da \u00e1rea de educa\u00e7\u00e3o e possui alguma especialidade fica mais f\u00e1cil. Agora \u00e9 s\u00f3 empreender. <\/p>\n\n\n\n<p>Logo, o primeiro passo \u00e9 pensar no que voc\u00ea vai oferecer. <strong>O que voc\u00ea \u00e9 <em>expert<\/em>, que possa transformar em cursos, aulas e dinheiro?<\/strong> Depois de responder a essas perguntas \u00e9 hora de pensar quais s\u00e3o os seus objetivos no mundo da educa\u00e7\u00e3o digital, e o que voc\u00ea quer e pode oferecer.<\/p>\n\n\n\n<p>Dessa forma, tenha em mente o que voc\u00ea quer que as pessoas aprendam. Se voc\u00ea j\u00e1 d\u00e1 aulas presenciais pode adaptar o seu ensino para o mundo virtual e alcan\u00e7ar mais alunos. <strong>Ensinar <\/strong>n\u00e3o \u00e9 s\u00f3 para as disciplinas comuns da escola. Voc\u00ea tamb\u00e9m pode ser especialista nos mais variados assuntos, como marketing digital e fotografia, por exemplo, e ensinar esses temas. <\/p>\n\n\n\n<h3 class=\"wp-block-heading\"><strong>Tra\u00e7ando um bom planejamento<\/strong><\/h3>\n\n\n\n<p>Para come\u00e7ar qualquer neg\u00f3cio \u00e9 preciso montar um bom planejamento. \u00c9 preciso passar para o papel ou planilha a ideia do seu neg\u00f3cio, o tamanho, assuntos abordados, equipe, os <strong>pontos fortes e fracos da sua empresa e da concorr\u00eancia<\/strong>, al\u00e9m das oportunidades de mercado. <\/p>\n\n\n\n<p>Esse mapa \u00e9 enriquecedor e pode fazer toda a diferen\u00e7a para o desenvolvimento do empreendimento.<\/p>\n\n\n\n<h3 class=\"wp-block-heading\"><strong>Persistir \u00e9 o caminho<\/strong><\/h3>\n\n\n\n<p>Se voc\u00ea sabe o que vai oferecer e planejou bem, n\u00e3o mude seu modelo de neg\u00f3cios de seis em seis meses. O neg\u00f3cio precisa criar bases e ra\u00edzes e leva tempo a ter ser reconhecido. Nessa \u00e1rea em espec\u00edfico \u00e9 preciso ter um pouco de <strong>persist\u00eancia e vis\u00e3o de longo prazo<\/strong> para provar suas ideias. Portanto, se est\u00e1 fazendo tudo certo, tenha calma, os resultados vir\u00e3o.<\/p>\n\n\n\n<h3 class=\"wp-block-heading\"><strong>Especialistas de educa\u00e7\u00e3o por perto<\/strong><\/h3>\n\n\n\n<p>N\u00e3o d\u00e1 pra come\u00e7ar um neg\u00f3cio se voc\u00ea n\u00e3o tem nenhum especialista da \u00e1rea como inspira\u00e7\u00e3o. Todo mundo acha que entende de educa\u00e7\u00e3o s\u00f3 porque j\u00e1 foi aluno um dia, e claro, n\u00e3o \u00e9 bem assim. <\/p>\n\n\n\n<p>Logo, se voc\u00ea n\u00e3o \u00e9 da \u00e1rea, contrate pedagogos e especialistas com conhecimentos profundos para <strong>desenvolver um produto relevante<\/strong>, que gere impacto e tamb\u00e9m demanda no setor.<\/p>\n\n\n\n<h3 class=\"wp-block-heading\"><strong>Dominando as ferramentas<\/strong><\/h3>\n\n\n\n<p>Se voc\u00ea n\u00e3o nasceu na era digital, provavelmente est\u00e1 aprendendo a domin\u00e1-las e este \u00e9 o caminho certo. Ou seja, voc\u00ea precisa conhecer o b\u00e1sico e melhor ainda se dominar tudo para poder oferecer seu produto. <\/p>\n\n\n\n<p>Por isso, quando voc\u00ea prop\u00f5e o uso de recursos digitais, saiba exatamente o que voc\u00ea quer que os alunos aprendam. <strong>A tecnologia \u00e9 a ferramenta, n\u00e3o o objetivo<\/strong>. A expectativa \u00e9 que ela ajude os alunos e nos ajudem. Afinal de contas \u00e9 atrav\u00e9s dela que voc\u00ea vai empreender. <a href=\"https:\/\/www.unasp.br\/blog\/criar-um-curso-on-line\/\"><strong>APRENDA A CRIAR CURSOS ON-LINE<\/strong><\/a><\/p>\n\n\n\n<h2 class=\"wp-block-heading\"><strong>Gest\u00e3o em EAD e Tutoria Online<\/strong><\/h2>\n\n\n\n<p>A Educa\u00e7\u00e3o a Dist\u00e2ncia \u00e9 o presente e o futuro! Com o advento das tecnologias digitais passou-se a considerar o uso dela como <strong>ferramenta que contribua para o processo de ensino e aprendizagem<\/strong>, permeando seus usos e aplica\u00e7\u00f5es nas teorias e pr\u00e1ticas profissionais.<\/p>\n\n\n\n<p>O resultado da f\u00f3rmula tem sido positivo. A Educa\u00e7\u00e3o a Dist\u00e2ncia ganhou o mercado e atingiu milh\u00f5es de alunos ao redor do mundo. <strong>\u00c9 uma revolu\u00e7\u00e3o que mudou o meio educacional<\/strong> e que ainda promete grandes mudan\u00e7as para os pr\u00f3ximos anos.<\/p>\n\n\n\n<p>Deste modo, alguns dos principais objetivos do curso em <a href=\"https:\/\/www.unasp.br\/cursos\/ead\/pos-graduacao\/pos-graduacao-gestao-em-ead-e-tutoria-online\/\">Gest\u00e3o de EAD e Tutoria Online<\/a> s\u00e3o:<\/p>\n\n\n\n<p>1. Preparar profissionais para atuarem na gest\u00e3o e media\u00e7\u00e3o de projetos educacionais contribuindo para o <strong>desenvolvimento <\/strong>de conte\u00fados, ferramentas, planejamento e gerenciamentos de cursos na modalidade EAD.<\/p>\n\n\n\n<p>2. Formar tutores online, preparando-os para o desempenho de fun\u00e7\u00f5es na <strong>modalidade a dist\u00e2ncia<\/strong>, o que envolve o desenvolvimento de compet\u00eancias relacionadas \u00e0s dimens\u00f5es pedag\u00f3gicas, gerencias e t\u00e9cnicas das atividades.<\/p>\n\n\n\n<p>3. Desenvolver projetos inovadores que tenham como princ\u00edpio inserir, no \u00e2mbito da EAD, novas <strong>possibilidades <\/strong>educacionais, tecnol\u00f3gicas e de gest\u00e3o.<\/p>\n\n\n\n<p>Al\u00e9m disso, voc\u00ea vai encontrar durante o <a href=\"https:\/\/www.unasp.br\/cursos\/ead\/pos-graduacao\/pos-graduacao-gestao-em-ead-e-tutoria-online\/\">curso<\/a> algumas disciplinas como:<\/p>\n\n\n\n<p>&#8212; Design thinking na Educa\u00e7\u00e3o<\/p>\n\n\n\n<p>&#8212; Tecnologias e Recursos Pedag\u00f3gicos<\/p>\n\n\n\n<p>&#8212; Estudos Aplicados e Pr\u00e1ticas Profissionais<\/p>\n\n\n\n<p>&#8212; Forma\u00e7\u00e3o de Tutores<\/p>\n\n\n\n<p>&#8212; Doc\u00eancia Online<\/p>\n\n\n\n<p>&#8212; Gerenciamento do Tempo e Produtividade<\/p>\n\n\n\n<p>&#8212; Gest\u00e3o e Produ\u00e7\u00e3o de Cursos Online<\/p>\n\n\n\n<p>&#8212; Direito Educacional com foco em EAD<\/p>\n\n\n\n<p>Saiba mais sobre o curso de <a href=\"https:\/\/www.unasp.br\/cursos\/ead\/pos-graduacao\/pos-graduacao-gestao-em-ead-e-tutoria-online\/\"><strong>Gest\u00e3o em EAD e Tutoria Online<\/strong><\/a> e venha para o Unasp!<br><\/p>\n\n\n\n<p>At\u00e9 a pr\u00f3xima!<br><\/p>\n","protected":false},"excerpt":{"rendered":"<p>Utilize sua especialidade como forma de empreender, ganhar dinheiro e ainda causar um impacto social positivo atrav\u00e9s da educa\u00e7\u00e3o. Como e onde come\u00e7ar? Veja a seguir. Com a miss\u00e3o de diminuir a desigualdade entre o ensino praticado nas escolas p\u00fablicas, privadas e outras institui\u00e7\u00f5es, os profissionais da \u00e1rea da educa\u00e7\u00e3o e os empreendedores est\u00e3o animados [&hellip;]<\/p>\n","protected":false},"author":94,"featured_media":85202,"comment_status":"open","ping_status":"open","sticky":false,"template":"","format":"standard","meta":{"footnotes":""},"categories":[169],"tags":[306,313,1443,3501,1251,813],"yoast_head":"<!-- This site is optimized with the Yoast SEO plugin v22.0 - https:\/\/yoast.com\/wordpress\/plugins\/seo\/ -->\n<title>Empres\u00e1rio digital na \u00e1rea da educa\u00e7\u00e3o - saiba por onde come\u00e7ar<\/title>\n<meta name=\"description\" content=\"Utilize sua especialidade como forma de empreender, ganhar dinheiro e ainda causar um impacto social positivo atrav\u00e9s da educa\u00e7\u00e3o.\" \/>\n<meta name=\"robots\" content=\"index, follow, max-snippet:-1, max-image-preview:large, max-video-preview:-1\" \/>\n<link rel=\"canonical\" href=\"https:\/\/unasp.br\/blog\/empreender-na-educacao\/\" \/>\n<meta property=\"og:locale\" content=\"pt_BR\" \/>\n<meta property=\"og:type\" content=\"article\" \/>\n<meta property=\"og:title\" content=\"Empres\u00e1rio digital na \u00e1rea da educa\u00e7\u00e3o - saiba por onde come\u00e7ar\" \/>\n<meta property=\"og:description\" content=\"Utilize sua especialidade como forma de empreender, ganhar dinheiro e ainda causar um impacto social positivo atrav\u00e9s da educa\u00e7\u00e3o.\" \/>\n<meta property=\"og:url\" content=\"https:\/\/unasp.br\/blog\/empreender-na-educacao\/\" \/>\n<meta property=\"og:site_name\" content=\"Blog do UNASP\" \/>\n<meta property=\"article:published_time\" content=\"2020-07-08T20:30:00+00:00\" \/>\n<meta property=\"article:modified_time\" content=\"2020-07-13T23:39:06+00:00\" \/>\n<meta property=\"og:image\" content=\"https:\/\/cdn.unasp.br\/blog\/wp-content\/uploads\/2020\/07\/shutterstock_1709874244.jpg\" \/>\n\t<meta property=\"og:image:width\" content=\"1000\" \/>\n\t<meta property=\"og:image:height\" content=\"665\" \/>\n\t<meta property=\"og:image:type\" content=\"image\/jpeg\" \/>\n<meta name=\"author\" content=\"user_login user_login\" \/>\n<meta name=\"twitter:card\" content=\"summary_large_image\" \/>\n<meta name=\"twitter:label1\" content=\"Escrito por\" \/>\n\t<meta name=\"twitter:data1\" content=\"user_login user_login\" \/>\n\t<meta name=\"twitter:label2\" content=\"Est. tempo de leitura\" \/>\n\t<meta name=\"twitter:data2\" content=\"7 minutos\" \/>\n<script type=\"application\/ld+json\" class=\"yoast-schema-graph\">{\"@context\":\"https:\/\/schema.org\",\"@graph\":[{\"@type\":\"WebPage\",\"@id\":\"https:\/\/unasp.br\/blog\/empreender-na-educacao\/\",\"url\":\"https:\/\/unasp.br\/blog\/empreender-na-educacao\/\",\"name\":\"Empres\u00e1rio digital na \u00e1rea da educa\u00e7\u00e3o - saiba por onde come\u00e7ar\",\"isPartOf\":{\"@id\":\"https:\/\/unasp.br\/blog\/#website\"},\"datePublished\":\"2020-07-08T20:30:00+00:00\",\"dateModified\":\"2020-07-13T23:39:06+00:00\",\"author\":{\"@id\":\"https:\/\/unasp.br\/blog\/#\/schema\/person\/6cd3641a3eb6d90fce0b0926c5a4456b\"},\"description\":\"Utilize sua especialidade como forma de empreender, ganhar dinheiro e ainda causar um impacto social positivo atrav\u00e9s da educa\u00e7\u00e3o.\",\"breadcrumb\":{\"@id\":\"https:\/\/unasp.br\/blog\/empreender-na-educacao\/#breadcrumb\"},\"inLanguage\":\"pt-BR\",\"potentialAction\":[{\"@type\":\"ReadAction\",\"target\":[\"https:\/\/unasp.br\/blog\/empreender-na-educacao\/\"]}]},{\"@type\":\"BreadcrumbList\",\"@id\":\"https:\/\/unasp.br\/blog\/empreender-na-educacao\/#breadcrumb\",\"itemListElement\":[{\"@type\":\"ListItem\",\"position\":1,\"name\":\"In\u00edcio\",\"item\":\"https:\/\/unasp.br\/blog\/\"},{\"@type\":\"ListItem\",\"position\":2,\"name\":\"Empres\u00e1rio digital na \u00e1rea da educa\u00e7\u00e3o, saiba por onde come\u00e7ar\"}]},{\"@type\":\"WebSite\",\"@id\":\"https:\/\/unasp.br\/blog\/#website\",\"url\":\"https:\/\/unasp.br\/blog\/\",\"name\":\"Blog do UNASP\",\"description\":\"Centro Universit\u00e1rio Adventista de S\u00e3o Paulo\",\"potentialAction\":[{\"@type\":\"SearchAction\",\"target\":{\"@type\":\"EntryPoint\",\"urlTemplate\":\"https:\/\/unasp.br\/blog\/?s={search_term_string}\"},\"query-input\":\"required name=search_term_string\"}],\"inLanguage\":\"pt-BR\"},{\"@type\":\"Person\",\"@id\":\"https:\/\/unasp.br\/blog\/#\/schema\/person\/6cd3641a3eb6d90fce0b0926c5a4456b\",\"name\":\"user_login user_login\",\"image\":{\"@type\":\"ImageObject\",\"inLanguage\":\"pt-BR\",\"@id\":\"https:\/\/unasp.br\/blog\/#\/schema\/person\/image\/\",\"url\":\"https:\/\/secure.gravatar.com\/avatar\/34321051a691b4ae0a7c11cd8c2116e3?s=96&d=mm&r=g\",\"contentUrl\":\"https:\/\/secure.gravatar.com\/avatar\/34321051a691b4ae0a7c11cd8c2116e3?s=96&d=mm&r=g\",\"caption\":\"user_login user_login\"},\"url\":\"https:\/\/unasp.br\/blog\/author\/user_login\/\"}]}<\/script>\n<!-- \/ Yoast SEO plugin. -->","yoast_head_json":{"title":"Empres\u00e1rio digital na \u00e1rea da educa\u00e7\u00e3o - saiba por onde come\u00e7ar","description":"Utilize sua especialidade como forma de empreender, ganhar dinheiro e ainda causar um impacto social positivo atrav\u00e9s da educa\u00e7\u00e3o.","robots":{"index":"index","follow":"follow","max-snippet":"max-snippet:-1","max-image-preview":"max-image-preview:large","max-video-preview":"max-video-preview:-1"},"canonical":"https:\/\/unasp.br\/blog\/empreender-na-educacao\/","og_locale":"pt_BR","og_type":"article","og_title":"Empres\u00e1rio digital na \u00e1rea da educa\u00e7\u00e3o - saiba por onde come\u00e7ar","og_description":"Utilize sua especialidade como forma de empreender, ganhar dinheiro e ainda causar um impacto social positivo atrav\u00e9s da educa\u00e7\u00e3o.","og_url":"https:\/\/unasp.br\/blog\/empreender-na-educacao\/","og_site_name":"Blog do UNASP","article_published_time":"2020-07-08T20:30:00+00:00","article_modified_time":"2020-07-13T23:39:06+00:00","og_image":[{"width":1000,"height":665,"url":"https:\/\/cdn.unasp.br\/blog\/wp-content\/uploads\/2020\/07\/shutterstock_1709874244.jpg","type":"image\/jpeg"}],"author":"user_login user_login","twitter_card":"summary_large_image","twitter_misc":{"Escrito por":"user_login user_login","Est. tempo de leitura":"7 minutos"},"schema":{"@context":"https:\/\/schema.org","@graph":[{"@type":"WebPage","@id":"https:\/\/unasp.br\/blog\/empreender-na-educacao\/","url":"https:\/\/unasp.br\/blog\/empreender-na-educacao\/","name":"Empres\u00e1rio digital na \u00e1rea da educa\u00e7\u00e3o - saiba por onde come\u00e7ar","isPartOf":{"@id":"https:\/\/unasp.br\/blog\/#website"},"datePublished":"2020-07-08T20:30:00+00:00","dateModified":"2020-07-13T23:39:06+00:00","author":{"@id":"https:\/\/unasp.br\/blog\/#\/schema\/person\/6cd3641a3eb6d90fce0b0926c5a4456b"},"description":"Utilize sua especialidade como forma de empreender, ganhar dinheiro e ainda causar um impacto social positivo atrav\u00e9s da educa\u00e7\u00e3o.","breadcrumb":{"@id":"https:\/\/unasp.br\/blog\/empreender-na-educacao\/#breadcrumb"},"inLanguage":"pt-BR","potentialAction":[{"@type":"ReadAction","target":["https:\/\/unasp.br\/blog\/empreender-na-educacao\/"]}]},{"@type":"BreadcrumbList","@id":"https:\/\/unasp.br\/blog\/empreender-na-educacao\/#breadcrumb","itemListElement":[{"@type":"ListItem","position":1,"name":"In\u00edcio","item":"https:\/\/unasp.br\/blog\/"},{"@type":"ListItem","position":2,"name":"Empres\u00e1rio digital na \u00e1rea da educa\u00e7\u00e3o, saiba por onde come\u00e7ar"}]},{"@type":"WebSite","@id":"https:\/\/unasp.br\/blog\/#website","url":"https:\/\/unasp.br\/blog\/","name":"Blog do UNASP","description":"Centro Universit\u00e1rio Adventista de S\u00e3o Paulo","potentialAction":[{"@type":"SearchAction","target":{"@type":"EntryPoint","urlTemplate":"https:\/\/unasp.br\/blog\/?s={search_term_string}"},"query-input":"required name=search_term_string"}],"inLanguage":"pt-BR"},{"@type":"Person","@id":"https:\/\/unasp.br\/blog\/#\/schema\/person\/6cd3641a3eb6d90fce0b0926c5a4456b","name":"user_login user_login","image":{"@type":"ImageObject","inLanguage":"pt-BR","@id":"https:\/\/unasp.br\/blog\/#\/schema\/person\/image\/","url":"https:\/\/secure.gravatar.com\/avatar\/34321051a691b4ae0a7c11cd8c2116e3?s=96&d=mm&r=g","contentUrl":"https:\/\/secure.gravatar.com\/avatar\/34321051a691b4ae0a7c11cd8c2116e3?s=96&d=mm&r=g","caption":"user_login user_login"},"url":"https:\/\/unasp.br\/blog\/author\/user_login\/"}]}},"_links":{"self":[{"href":"https:\/\/unasp.br\/blog\/wp-json\/wp\/v2\/posts\/84924"}],"collection":[{"href":"https:\/\/unasp.br\/blog\/wp-json\/wp\/v2\/posts"}],"about":[{"href":"https:\/\/unasp.br\/blog\/wp-json\/wp\/v2\/types\/post"}],"author":[{"embeddable":true,"href":"https:\/\/unasp.br\/blog\/wp-json\/wp\/v2\/users\/94"}],"replies":[{"embeddable":true,"href":"https:\/\/unasp.br\/blog\/wp-json\/wp\/v2\/comments?post=84924"}],"version-history":[{"count":5,"href":"https:\/\/unasp.br\/blog\/wp-json\/wp\/v2\/posts\/84924\/revisions"}],"predecessor-version":[{"id":85243,"href":"https:\/\/unasp.br\/blog\/wp-json\/wp\/v2\/posts\/84924\/revisions\/85243"}],"wp:featuredmedia":[{"embeddable":true,"href":"https:\/\/unasp.br\/blog\/wp-json\/wp\/v2\/media\/85202"}],"wp:attachment":[{"href":"https:\/\/unasp.br\/blog\/wp-json\/wp\/v2\/media?parent=84924"}],"wp:term":[{"taxonomy":"category","embeddable":true,"href":"https:\/\/unasp.br\/blog\/wp-json\/wp\/v2\/categories?post=84924"},{"taxonomy":"post_tag","embeddable":true,"href":"https:\/\/unasp.br\/blog\/wp-json\/wp\/v2\/tags?post=84924"}],"curies":[{"name":"wp","href":"https:\/\/api.w.org\/{rel}","templated":true}]}}