{"id":97892,"date":"2023-05-12T10:00:00","date_gmt":"2023-05-12T13:00:00","guid":{"rendered":"https:\/\/unasp.br\/blog\/?p=97892"},"modified":"2023-05-15T14:06:53","modified_gmt":"2023-05-15T17:06:53","slug":"maternidade-e-estudos-e-possivel-conciliar","status":"publish","type":"post","link":"https:\/\/unasp.br\/blog\/maternidade-e-estudos-e-possivel-conciliar\/","title":{"rendered":"Maternidade e estudos: \u00e9 poss\u00edvel conciliar?"},"content":{"rendered":"\n<p>Apesar do que muitos acreditam, a maternidade n\u00e3o significa desistir de todos os seus sonhos. \u00c9 poss\u00edvel ser m\u00e3e e cursar uma faculdade. Mas tudo depende da estrat\u00e9gia utilizada.&nbsp;Um dos primeiros m\u00e9todos eficazes \u00e9 o ensino a dist\u00e2ncia, j\u00e1 que voc\u00ea faz o curso desejado no conforto da sua casa, adequando as aulas \u00e0 sua rotina. Voc\u00ea, mam\u00e3e, pode ser o que quiser ao lado dos seus filhos, atrelando o melhor dos dois mundos. Para uma melhor experi\u00eancia, separei algumas dicas para te ajudar a n\u00e3o perder a cabe\u00e7a e conquistar o t\u00e3o sonhado diploma.&nbsp;<\/p>\n\n\n\n<h2 class=\"wp-block-heading\">1. <strong>Organize o seu dia&nbsp;<\/strong><\/h2>\n\n\n\n<p>N\u00e3o adianta apenas sonhar, \u00e9 necess\u00e1rio ter uma organiza\u00e7\u00e3o di\u00e1ria para que sua agenda fique tranquila. Por conta disso, o mais eficaz \u00e9 criar uma rotina para que os hor\u00e1rios n\u00e3o se choquem. Se voc\u00ea \u00e9 do tipo que gosta de escrever um <em>planner<\/em> ou agenda f\u00edsica, fa\u00e7a dessa forma. No entanto, se \u00e9 o tipo de mam\u00e3e mais tecnol\u00f3gica e se sente mais confort\u00e1vel em utilizar o calend\u00e1rio do celular ou aplicativos como o <a href=\"https:\/\/www.notion.so\/pt-br\">Notion<\/a>, v\u00e1 fundo e d\u00ea prioridade a sua organiza\u00e7\u00e3o di\u00e1ria.&nbsp;<\/p>\n\n\n\n<p>Ao separar direitinho a sua rotina, saber\u00e1 exatamente qual o momento ideal para os seus estudos. Se for a noite, por exemplo, suas tarefas ser\u00e3o na parte da manh\u00e3. Logo, o tempos de qualidade com a fam\u00edlia pode ser na parte da tarde e por a\u00ed vai.&nbsp;<\/p>\n\n\n\n<h2 class=\"wp-block-heading\">2. <strong>Planeje seus estudos&nbsp;<\/strong><\/h2>\n\n\n\n<p>Por ter um dia a dia mais corrido do que a maioria, aconselho que voc\u00ea n\u00e3o deixe mat\u00e9ria acumular e adiante sempre seus trabalhos e atividades. Al\u00e9m de te deixar mais tranquila, a mat\u00e9ria sempre estar\u00e1 na ponta da l\u00edngua. Vamos ser sinceros: quem n\u00e3o gosta de ser o queridinha do professor?<\/p>\n\n\n\n<h2 class=\"wp-block-heading\">3. <strong>Use a tecnologia&nbsp;<\/strong><\/h2>\n\n\n\n<p>Estamos na era da tecnologia. N\u00e3o tem nada melhor do que usar ao m\u00e1ximo desse formato. Aproveite cursos e palestras on-line que a faculdade disponibilizar\u00e1. Al\u00e9m disso, as ferramentas do ensino a dist\u00e2ncia costumam ser did\u00e1ticas e facilitar a integra\u00e7\u00e3o com ferramentas do seu interesse. <\/p>\n\n\n\n<p><strong>Agora, vamos seguir com algumas dicas relacionadas ao seu bem-estar.<\/strong><\/p>\n\n\n\n<h2 class=\"wp-block-heading\"><strong>1. N\u00e3o se sinta culpada&nbsp;<\/strong><\/h2>\n\n\n\n<p>N\u00e3o se sinta intimidada com a diferen\u00e7a de realidade entre voc\u00ea e os colegas de turma. Nem pense que \u00e9 imposs\u00edvel seguir com seu curso. Lembre-se que m\u00e3e \u00e9 m\u00e3e, e n\u00e3o teria outra pessoa para completar com efici\u00eancia esse desafio.&nbsp;<\/p>\n\n\n\n<h2 class=\"wp-block-heading\">2. <strong>Aceite suas limita\u00e7\u00f5es&nbsp;<\/strong><\/h2>\n\n\n\n<p>\u00c0s vezes n\u00e3o dar conta de tudo por conta do seu contexto pode acontecer. O segredo \u00e9 manter a calma e n\u00e3o se desesperar. No final, tudo d\u00e1 certo depois de respirar fundo e reorganizar os seus pensamentos. A chave \u00e9 n\u00e3o se comparar, focar no seu desempenho e ponto final.&nbsp;<\/p>\n\n\n\n<h2 class=\"wp-block-heading\">3. <strong>Procure apoio<\/strong><\/h2>\n\n\n\n<p>Procurar pessoas pr\u00f3ximas ou em comunidade virtuais, que passam pela mesma situa\u00e7\u00e3o que voc\u00ea, ir\u00e1 melhorar a sua experi\u00eancia em 100%. Ter amigas ou um clube em que possa depositar os seus fardos e anseios com certeza deixar\u00e1 tudo mais leve. Se identificar com um grupo \u00e9 de extrema import\u00e2ncia para que a sensa\u00e7\u00e3o de solid\u00e3o seja dissipada e apenas o amor e acolhimento ganhem vez.&nbsp;<\/p>\n\n\n\n<h2 class=\"wp-block-heading\">4. <strong>N\u00e3o desista&nbsp;<\/strong><\/h2>\n\n\n\n<p>Sei que \u00e9 mais f\u00e1cil falar do que fazer, mas a persist\u00eancia faz colher frutos no futuro. Imagina a sensa\u00e7\u00e3o de concluir um caminho longo e cansativo e saber que adquiriu mais uma conquista? O olhar de orgulho dos filhos ao ver a m\u00e3e, que eles j\u00e1 admiravam, recebendo o seu diploma no final se torna uma vit\u00f3ria conjunta.&nbsp;<\/p>\n\n\n\n<p>M\u00e3e \u00e9 a defini\u00e7\u00e3o de for\u00e7a e obstina\u00e7\u00e3o. Com elas se aprende que mesmo quando a vida n\u00e3o \u00e9 f\u00e1cil ao darmos nosso melhor e lutar pelos objetivos, tudo \u00e9 poss\u00edvel. For\u00e7a e m\u00e3e s\u00e3o sin\u00f4nimos que se entrela\u00e7am juntos como um s\u00f3. Se algu\u00e9m pode dominar mais esse desafio s\u00e3o as m\u00e3es. Leia mais dos nossos <a href=\"https:\/\/unasp.br\/blog\/mae-e-estudante-temos-5-dicas-que-podem-salvar-seu-dia\/\">conte\u00fados<\/a>.<\/p>\n","protected":false},"excerpt":{"rendered":"<p>Apesar do que muitos acreditam, a maternidade n\u00e3o significa desistir de todos os seus sonhos. \u00c9 poss\u00edvel ser m\u00e3e e cursar uma faculdade. <\/p>\n","protected":false},"author":90,"featured_media":97894,"comment_status":"closed","ping_status":"open","sticky":false,"template":"","format":"standard","meta":{"footnotes":""},"categories":[180],"tags":[227,4673,524],"yoast_head":"<!-- This site is optimized with the Yoast SEO plugin v22.0 - https:\/\/yoast.com\/wordpress\/plugins\/seo\/ -->\n<title>Maternidade e estudos: \u00e9 poss\u00edvel conciliar?<\/title>\n<meta name=\"description\" content=\"Apesar do que muitos acreditam, a maternidade n\u00e3o significa desistir de todos os seus sonhos. \u00c9 poss\u00edvel ser m\u00e3e e cursar uma faculdade.\" \/>\n<meta name=\"robots\" content=\"index, follow, max-snippet:-1, max-image-preview:large, max-video-preview:-1\" \/>\n<link rel=\"canonical\" href=\"https:\/\/unasp.br\/blog\/maternidade-e-estudos-e-possivel-conciliar\/\" \/>\n<meta property=\"og:locale\" content=\"pt_BR\" \/>\n<meta property=\"og:type\" content=\"article\" \/>\n<meta property=\"og:title\" content=\"Maternidade e estudos: \u00e9 poss\u00edvel conciliar?\" \/>\n<meta property=\"og:description\" content=\"Apesar do que muitos acreditam, a maternidade n\u00e3o significa desistir de todos os seus sonhos. \u00c9 poss\u00edvel ser m\u00e3e e cursar uma faculdade.\" \/>\n<meta property=\"og:url\" content=\"https:\/\/unasp.br\/blog\/maternidade-e-estudos-e-possivel-conciliar\/\" \/>\n<meta property=\"og:site_name\" content=\"Blog do UNASP\" \/>\n<meta property=\"article:published_time\" content=\"2023-05-12T13:00:00+00:00\" \/>\n<meta property=\"article:modified_time\" content=\"2023-05-15T17:06:53+00:00\" \/>\n<meta property=\"og:image\" content=\"https:\/\/unasp.br\/blog\/wp-content\/uploads\/2023\/05\/maternidade.jpg\" \/>\n\t<meta property=\"og:image:width\" content=\"2048\" \/>\n\t<meta property=\"og:image:height\" content=\"1365\" \/>\n\t<meta property=\"og:image:type\" content=\"image\/jpeg\" \/>\n<meta name=\"author\" content=\"Hellen de Freitas Lima\" \/>\n<meta name=\"twitter:card\" content=\"summary_large_image\" \/>\n<meta name=\"twitter:label1\" content=\"Escrito por\" \/>\n\t<meta name=\"twitter:data1\" content=\"Hellen de Freitas Lima\" \/>\n\t<meta name=\"twitter:label2\" content=\"Est. tempo de leitura\" \/>\n\t<meta name=\"twitter:data2\" content=\"4 minutos\" \/>\n<script type=\"application\/ld+json\" class=\"yoast-schema-graph\">{\"@context\":\"https:\/\/schema.org\",\"@graph\":[{\"@type\":\"WebPage\",\"@id\":\"https:\/\/unasp.br\/blog\/maternidade-e-estudos-e-possivel-conciliar\/\",\"url\":\"https:\/\/unasp.br\/blog\/maternidade-e-estudos-e-possivel-conciliar\/\",\"name\":\"Maternidade e estudos: \u00e9 poss\u00edvel conciliar?\",\"isPartOf\":{\"@id\":\"https:\/\/unasp.br\/blog\/#website\"},\"datePublished\":\"2023-05-12T13:00:00+00:00\",\"dateModified\":\"2023-05-15T17:06:53+00:00\",\"author\":{\"@id\":\"https:\/\/unasp.br\/blog\/#\/schema\/person\/3e949c0c64437abc676d29b6776618e6\"},\"description\":\"Apesar do que muitos acreditam, a maternidade n\u00e3o significa desistir de todos os seus sonhos. \u00c9 poss\u00edvel ser m\u00e3e e cursar uma faculdade.\",\"breadcrumb\":{\"@id\":\"https:\/\/unasp.br\/blog\/maternidade-e-estudos-e-possivel-conciliar\/#breadcrumb\"},\"inLanguage\":\"pt-BR\",\"potentialAction\":[{\"@type\":\"ReadAction\",\"target\":[\"https:\/\/unasp.br\/blog\/maternidade-e-estudos-e-possivel-conciliar\/\"]}]},{\"@type\":\"BreadcrumbList\",\"@id\":\"https:\/\/unasp.br\/blog\/maternidade-e-estudos-e-possivel-conciliar\/#breadcrumb\",\"itemListElement\":[{\"@type\":\"ListItem\",\"position\":1,\"name\":\"In\u00edcio\",\"item\":\"https:\/\/unasp.br\/blog\/\"},{\"@type\":\"ListItem\",\"position\":2,\"name\":\"Maternidade e estudos: \u00e9 poss\u00edvel conciliar?\"}]},{\"@type\":\"WebSite\",\"@id\":\"https:\/\/unasp.br\/blog\/#website\",\"url\":\"https:\/\/unasp.br\/blog\/\",\"name\":\"Blog do UNASP\",\"description\":\"Centro Universit\u00e1rio Adventista de S\u00e3o Paulo\",\"potentialAction\":[{\"@type\":\"SearchAction\",\"target\":{\"@type\":\"EntryPoint\",\"urlTemplate\":\"https:\/\/unasp.br\/blog\/?s={search_term_string}\"},\"query-input\":\"required name=search_term_string\"}],\"inLanguage\":\"pt-BR\"},{\"@type\":\"Person\",\"@id\":\"https:\/\/unasp.br\/blog\/#\/schema\/person\/3e949c0c64437abc676d29b6776618e6\",\"name\":\"Hellen de Freitas Lima\",\"image\":{\"@type\":\"ImageObject\",\"inLanguage\":\"pt-BR\",\"@id\":\"https:\/\/unasp.br\/blog\/#\/schema\/person\/image\/\",\"url\":\"https:\/\/cdn.unasp.br\/unasp-blog\/2023\/02\/Hellen-150x150.jpeg\",\"contentUrl\":\"https:\/\/cdn.unasp.br\/unasp-blog\/2023\/02\/Hellen-150x150.jpeg\",\"caption\":\"Hellen de Freitas Lima\"},\"description\":\"Apreciadora de m\u00fasica, esportes e pseudocarioca. Curiosa sobre como o mundo funciona, sonho um dia impactar as pessoas com as minhas palavras e ideias.\",\"url\":\"https:\/\/unasp.br\/blog\/author\/hellen_freitaseducadventista-org\/\"}]}<\/script>\n<!-- \/ Yoast SEO plugin. -->","yoast_head_json":{"title":"Maternidade e estudos: \u00e9 poss\u00edvel conciliar?","description":"Apesar do que muitos acreditam, a maternidade n\u00e3o significa desistir de todos os seus sonhos. \u00c9 poss\u00edvel ser m\u00e3e e cursar uma faculdade.","robots":{"index":"index","follow":"follow","max-snippet":"max-snippet:-1","max-image-preview":"max-image-preview:large","max-video-preview":"max-video-preview:-1"},"canonical":"https:\/\/unasp.br\/blog\/maternidade-e-estudos-e-possivel-conciliar\/","og_locale":"pt_BR","og_type":"article","og_title":"Maternidade e estudos: \u00e9 poss\u00edvel conciliar?","og_description":"Apesar do que muitos acreditam, a maternidade n\u00e3o significa desistir de todos os seus sonhos. \u00c9 poss\u00edvel ser m\u00e3e e cursar uma faculdade.","og_url":"https:\/\/unasp.br\/blog\/maternidade-e-estudos-e-possivel-conciliar\/","og_site_name":"Blog do UNASP","article_published_time":"2023-05-12T13:00:00+00:00","article_modified_time":"2023-05-15T17:06:53+00:00","og_image":[{"width":2048,"height":1365,"url":"https:\/\/unasp.br\/blog\/wp-content\/uploads\/2023\/05\/maternidade.jpg","type":"image\/jpeg"}],"author":"Hellen de Freitas Lima","twitter_card":"summary_large_image","twitter_misc":{"Escrito por":"Hellen de Freitas Lima","Est. tempo de leitura":"4 minutos"},"schema":{"@context":"https:\/\/schema.org","@graph":[{"@type":"WebPage","@id":"https:\/\/unasp.br\/blog\/maternidade-e-estudos-e-possivel-conciliar\/","url":"https:\/\/unasp.br\/blog\/maternidade-e-estudos-e-possivel-conciliar\/","name":"Maternidade e estudos: \u00e9 poss\u00edvel conciliar?","isPartOf":{"@id":"https:\/\/unasp.br\/blog\/#website"},"datePublished":"2023-05-12T13:00:00+00:00","dateModified":"2023-05-15T17:06:53+00:00","author":{"@id":"https:\/\/unasp.br\/blog\/#\/schema\/person\/3e949c0c64437abc676d29b6776618e6"},"description":"Apesar do que muitos acreditam, a maternidade n\u00e3o significa desistir de todos os seus sonhos. \u00c9 poss\u00edvel ser m\u00e3e e cursar uma faculdade.","breadcrumb":{"@id":"https:\/\/unasp.br\/blog\/maternidade-e-estudos-e-possivel-conciliar\/#breadcrumb"},"inLanguage":"pt-BR","potentialAction":[{"@type":"ReadAction","target":["https:\/\/unasp.br\/blog\/maternidade-e-estudos-e-possivel-conciliar\/"]}]},{"@type":"BreadcrumbList","@id":"https:\/\/unasp.br\/blog\/maternidade-e-estudos-e-possivel-conciliar\/#breadcrumb","itemListElement":[{"@type":"ListItem","position":1,"name":"In\u00edcio","item":"https:\/\/unasp.br\/blog\/"},{"@type":"ListItem","position":2,"name":"Maternidade e estudos: \u00e9 poss\u00edvel conciliar?"}]},{"@type":"WebSite","@id":"https:\/\/unasp.br\/blog\/#website","url":"https:\/\/unasp.br\/blog\/","name":"Blog do UNASP","description":"Centro Universit\u00e1rio Adventista de S\u00e3o Paulo","potentialAction":[{"@type":"SearchAction","target":{"@type":"EntryPoint","urlTemplate":"https:\/\/unasp.br\/blog\/?s={search_term_string}"},"query-input":"required name=search_term_string"}],"inLanguage":"pt-BR"},{"@type":"Person","@id":"https:\/\/unasp.br\/blog\/#\/schema\/person\/3e949c0c64437abc676d29b6776618e6","name":"Hellen de Freitas Lima","image":{"@type":"ImageObject","inLanguage":"pt-BR","@id":"https:\/\/unasp.br\/blog\/#\/schema\/person\/image\/","url":"https:\/\/cdn.unasp.br\/unasp-blog\/2023\/02\/Hellen-150x150.jpeg","contentUrl":"https:\/\/cdn.unasp.br\/unasp-blog\/2023\/02\/Hellen-150x150.jpeg","caption":"Hellen de Freitas Lima"},"description":"Apreciadora de m\u00fasica, esportes e pseudocarioca. Curiosa sobre como o mundo funciona, sonho um dia impactar as pessoas com as minhas palavras e ideias.","url":"https:\/\/unasp.br\/blog\/author\/hellen_freitaseducadventista-org\/"}]}},"_links":{"self":[{"href":"https:\/\/unasp.br\/blog\/wp-json\/wp\/v2\/posts\/97892"}],"collection":[{"href":"https:\/\/unasp.br\/blog\/wp-json\/wp\/v2\/posts"}],"about":[{"href":"https:\/\/unasp.br\/blog\/wp-json\/wp\/v2\/types\/post"}],"author":[{"embeddable":true,"href":"https:\/\/unasp.br\/blog\/wp-json\/wp\/v2\/users\/90"}],"replies":[{"embeddable":true,"href":"https:\/\/unasp.br\/blog\/wp-json\/wp\/v2\/comments?post=97892"}],"version-history":[{"count":3,"href":"https:\/\/unasp.br\/blog\/wp-json\/wp\/v2\/posts\/97892\/revisions"}],"predecessor-version":[{"id":97908,"href":"https:\/\/unasp.br\/blog\/wp-json\/wp\/v2\/posts\/97892\/revisions\/97908"}],"wp:featuredmedia":[{"embeddable":true,"href":"https:\/\/unasp.br\/blog\/wp-json\/wp\/v2\/media\/97894"}],"wp:attachment":[{"href":"https:\/\/unasp.br\/blog\/wp-json\/wp\/v2\/media?parent=97892"}],"wp:term":[{"taxonomy":"category","embeddable":true,"href":"https:\/\/unasp.br\/blog\/wp-json\/wp\/v2\/categories?post=97892"},{"taxonomy":"post_tag","embeddable":true,"href":"https:\/\/unasp.br\/blog\/wp-json\/wp\/v2\/tags?post=97892"}],"curies":[{"name":"wp","href":"https:\/\/api.w.org\/{rel}","templated":true}]}}