{"id":98179,"date":"2023-09-07T10:00:00","date_gmt":"2023-09-07T13:00:00","guid":{"rendered":"https:\/\/unasp.br\/blog\/?p=98179"},"modified":"2023-09-06T11:41:32","modified_gmt":"2023-09-06T14:41:32","slug":"4-livros-para-entender-o-7-de-setembro","status":"publish","type":"post","link":"https:\/\/unasp.br\/blog\/4-livros-para-entender-o-7-de-setembro\/","title":{"rendered":"4 livros para entender o 7 de setembro"},"content":{"rendered":"\n<p>Hoje, dia 07 de setembro, \u00e9 comemorada a Independ\u00eancia do Brasil. Ela foi conquistada em 1822 ap\u00f3s Dom Pedro I proclamar, \u00e0s margens do Rio Ipiranga, a famosa frase dos livros de hist\u00f3ria: \u201cindepend\u00eancia ou morte\u201d. A data \u00e9 um marco para o pa\u00eds, j\u00e1 que rompeu de vez os v\u00ednculos coloniais com Portugal.<\/p>\n\n\n\n<p>Por isso, separamos uma lista com 4 <a href=\"https:\/\/www.abjnoticias.com.br\/crise-do-mercado-editorial-as-livrarias-vao-morrer\/\">livros<\/a> fundamentais para entender mais sobre esse marco nacional. Ent\u00e3o, se voc\u00ea tem interesse em conhecer mais sobre os fatos hist\u00f3ricos do 07 de setembro, j\u00e1 pegue seu papel e caneta para anotar essas dicas!<\/p>\n\n\n\n<h2 class=\"wp-block-heading\"><strong>1. \u201c1822\u201d, de Laurentino Gomes<\/strong><\/h2>\n\n\n\n<p>Vamos come\u00e7ar a lista com a obra \u201c1822\u201d, de Laurentino Gomes compara diferentes relatos sobre o dia 07 de setembro e a proclama\u00e7\u00e3o da independ\u00eancia. Al\u00e9m de desmistificar o grito \u00e0s margens do Ipiranga, o autor analisa como Dom Pedro conseguiu fazer do Brasil uma na\u00e7\u00e3o em meio \u00e0s mudan\u00e7as provocadas pela fuga da fam\u00edlia real portuguesa em 1808.<\/p>\n\n\n\n<p>A edi\u00e7\u00e3o tamb\u00e9m mostra como as Guerras Napole\u00f4nicas, a Revolu\u00e7\u00e3o Francesa, a independ\u00eancia dos Estados Unidos e outros acontecimentos hist\u00f3ricos criaram um ambiente favor\u00e1vel \u00e0 cria\u00e7\u00e3o de um novo pa\u00eds. Vencedora do <a href=\"https:\/\/www.premiojabuti.com.br\/\">Pr\u00eamio Jabuti<\/a> de Melhor Reportagem, a obra \u00e9 uma leitura essencial que nos leva a compreender mais sobre as origens do Brasil.<\/p>\n\n\n\n<h2 class=\"wp-block-heading\"><strong>2. \u201cIndepend\u00eancia e Morte\u201d, de Helio Franchini Neto<\/strong><\/h2>\n\n\n\n<p>Publicado em 2019, por Helio Franchini Neto, a obra tra\u00e7a um panorama da situa\u00e7\u00e3o sociopol\u00edtica nacional. Al\u00e9m disso, tamb\u00e9m conta as dificuldades da separa\u00e7\u00e3o entre col\u00f4nia e reino. O livro \u201cIndepend\u00eancia e Morte: Pol\u00edtica e guerra na emancipa\u00e7\u00e3o do pa\u00eds\u201d vai al\u00e9m do 07 de setembro e explica como o Brasil se manteve centralizado e n\u00e3o se separou em unidades territoriais menores, como ocorreu na Am\u00e9rica Hisp\u00e2nica.<\/p>\n\n\n\n<p>Para o historiador Francisco Doratioto, que assina o pref\u00e1cio, a obra \u00e9 uma oportunidade para compreender \u201ccomo se construiu um Estado. Esse, em contraste com o que ocorreu com a Am\u00e9rica Hisp\u00e2nica, conseguiu manter a unidade do espa\u00e7o territorial herdado do per\u00edodo colonial\u201d. Com suas 673 p\u00e1ginas, a obra \u00e9 recomendada para quem deseja conhecer os detalhes <a href=\"https:\/\/unasp.br\/blog\/romances-de-distopia-para-ler\/\">pol\u00edticos e militares<\/a> da \u00e9poca da independ\u00eancia.<\/p>\n\n\n\n<h2 class=\"wp-block-heading\">3. <strong>\u201cA Hist\u00f3ria do Brasil para Quem Tem Pressa\u201d, de Marcos Costa<\/strong><\/h2>\n\n\n\n<p>Ilustrado e did\u00e1tico, \u00e9 um livro essencial para quem busca aprofundar e entender melhor a hist\u00f3ria do Brasil. Nesta obra, o autor \u201cviaja no tempo\u201d para tentar compreender alguns cen\u00e1rios atuais do pa\u00eds, como por que, do ponto de vista pol\u00edtico, o Brasil ainda \u00e9 um pa\u00eds fr\u00e1gil.<\/p>\n\n\n\n<p>Al\u00e9m de responder \u00e0s perguntas, Marcos Costa tamb\u00e9m trata sobre temas essenciais da hist\u00f3ria brasileira, tanto antigos, quanto mais recentes. Alguns deles s\u00e3o: a independ\u00eancia do Brasil, a Rep\u00fablica do Caf\u00e9 com Leite, a Revolu\u00e7\u00e3o de 1930.<\/p>\n\n\n\n<h2 class=\"wp-block-heading\"><strong>\u201cIndepend\u00eancia do Brasil: as mulheres que estavam l\u00e1\u201d, da editora Bazar do Temp<\/strong>o<\/h2>\n\n\n\n<p>O per\u00edodo marcado pela busca da Independ\u00eancia do Brasil, entre o fim do s\u00e9culo XVIII e as primeiras d\u00e9cadas do s\u00e9culo XIX, cont\u00e9m muitos epis\u00f3dios fundamentais de nossa hist\u00f3ria, como a Conjura\u00e7\u00e3o Mineira e as revolu\u00e7\u00f5es que incendiaram o Nordeste do pa\u00eds em 1817. Por\u00e9m, muitos desses marcos nacionais n\u00e3o costumam destacar a atua\u00e7\u00e3o das mulheres que tomaram parte nesses combates por meio de diferentes estrat\u00e9gias.<\/p>\n\n\n\n<p>Por isso, a obra \u201cIndepend\u00eancia do Brasil: as mulheres que estavam l\u00e1\u201d \u00e9 escrita pelas m\u00e3os de sete mulheres historiadoras e jornalistas: Antonia Pellegrino, Cidinha da Silva, Heloisa Starling, Marcela Telles, Patr\u00edcia Valim, Socorro Acioli e Virg\u00ednia Starling. O livro conta a hist\u00f3ria de sete mulheres e seus respectivos pap\u00e9is neste momento t\u00e3o importante para o Brasil.<\/p>\n\n\n\n<p>Hip\u00f3lita Jacinta, B\u00e1rbara de Alencar, Ur\u00e2nia Van\u00e9rio, Maria Felipa de Oliveira, Maria Quit\u00e9ria de Jesus, Maria Leopoldina e Ana Lins s\u00e3o as protagonistas &#8211; e hero\u00ednas &#8211; dessa hist\u00f3ria.<\/p>\n\n\n\n<p>Depois dessas <a href=\"https:\/\/unasp.br\/blog\/livros-que-voce-nao-gostava-no-ensino-medio-mas-pode-gostar-agora-na-faculdade\/\">indica\u00e7\u00f5es<\/a>, n\u00e3o tem mais desculpa para n\u00e3o conhecer mais sobre a hist\u00f3ria do seu pa\u00eds! Se voc\u00ea gostou, compartilhe com seus amigos e familiares para que eles tamb\u00e9m entendam mais sobre o 07 de setembro.<\/p>\n","protected":false},"excerpt":{"rendered":"<p>Hoje, 07 de setembro, \u00e9 comemorada a Independ\u00eancia do Brasil, em que a famosa frase dos livros de hist\u00f3ria foi dita: \u201cindepend\u00eancia ou morte\u201d. <\/p>\n","protected":false},"author":89,"featured_media":98180,"comment_status":"closed","ping_status":"closed","sticky":false,"template":"","format":"standard","meta":{"footnotes":""},"categories":[4520],"tags":[4913,408],"yoast_head":"<!-- This site is optimized with the Yoast SEO plugin v22.0 - https:\/\/yoast.com\/wordpress\/plugins\/seo\/ -->\n<title>4 livros para entender o 7 de setembro<\/title>\n<meta name=\"description\" content=\"Hoje, 07 de setembro, \u00e9 comemorada a Independ\u00eancia do Brasil, em que a famosa frase dos livros de hist\u00f3ria foi dita: \u201cindepend\u00eancia ou morte\u201d.\" \/>\n<meta name=\"robots\" content=\"index, follow, max-snippet:-1, max-image-preview:large, max-video-preview:-1\" \/>\n<link rel=\"canonical\" href=\"https:\/\/unasp.br\/blog\/4-livros-para-entender-o-7-de-setembro\/\" \/>\n<meta property=\"og:locale\" content=\"pt_BR\" \/>\n<meta property=\"og:type\" content=\"article\" \/>\n<meta property=\"og:title\" content=\"4 livros para entender o 7 de setembro\" \/>\n<meta property=\"og:description\" content=\"Hoje, 07 de setembro, \u00e9 comemorada a Independ\u00eancia do Brasil, em que a famosa frase dos livros de hist\u00f3ria foi dita: \u201cindepend\u00eancia ou morte\u201d.\" \/>\n<meta property=\"og:url\" content=\"https:\/\/unasp.br\/blog\/4-livros-para-entender-o-7-de-setembro\/\" \/>\n<meta property=\"og:site_name\" content=\"Blog do UNASP\" \/>\n<meta property=\"article:published_time\" content=\"2023-09-07T13:00:00+00:00\" \/>\n<meta property=\"article:modified_time\" content=\"2023-09-06T14:41:32+00:00\" \/>\n<meta property=\"og:image\" content=\"https:\/\/cdn.unasp.br\/unasp-blog\/2023\/09\/livros_setembro-scaled.jpg\" \/>\n\t<meta property=\"og:image:width\" content=\"2560\" \/>\n\t<meta property=\"og:image:height\" content=\"1705\" \/>\n\t<meta property=\"og:image:type\" content=\"image\/jpeg\" \/>\n<meta name=\"author\" content=\"Ana J\u00falia de Marcos Alem\" \/>\n<meta name=\"twitter:card\" content=\"summary_large_image\" \/>\n<meta name=\"twitter:label1\" content=\"Escrito por\" \/>\n\t<meta name=\"twitter:data1\" content=\"Ana J\u00falia de Marcos Alem\" \/>\n\t<meta name=\"twitter:label2\" content=\"Est. tempo de leitura\" \/>\n\t<meta name=\"twitter:data2\" content=\"4 minutos\" \/>\n<script type=\"application\/ld+json\" class=\"yoast-schema-graph\">{\"@context\":\"https:\/\/schema.org\",\"@graph\":[{\"@type\":\"WebPage\",\"@id\":\"https:\/\/unasp.br\/blog\/4-livros-para-entender-o-7-de-setembro\/\",\"url\":\"https:\/\/unasp.br\/blog\/4-livros-para-entender-o-7-de-setembro\/\",\"name\":\"4 livros para entender o 7 de setembro\",\"isPartOf\":{\"@id\":\"https:\/\/unasp.br\/blog\/#website\"},\"datePublished\":\"2023-09-07T13:00:00+00:00\",\"dateModified\":\"2023-09-06T14:41:32+00:00\",\"author\":{\"@id\":\"https:\/\/unasp.br\/blog\/#\/schema\/person\/5369fd5ba862c148f8eda1d251b8e8dd\"},\"description\":\"Hoje, 07 de setembro, \u00e9 comemorada a Independ\u00eancia do Brasil, em que a famosa frase dos livros de hist\u00f3ria foi dita: \u201cindepend\u00eancia ou morte\u201d.\",\"breadcrumb\":{\"@id\":\"https:\/\/unasp.br\/blog\/4-livros-para-entender-o-7-de-setembro\/#breadcrumb\"},\"inLanguage\":\"pt-BR\",\"potentialAction\":[{\"@type\":\"ReadAction\",\"target\":[\"https:\/\/unasp.br\/blog\/4-livros-para-entender-o-7-de-setembro\/\"]}]},{\"@type\":\"BreadcrumbList\",\"@id\":\"https:\/\/unasp.br\/blog\/4-livros-para-entender-o-7-de-setembro\/#breadcrumb\",\"itemListElement\":[{\"@type\":\"ListItem\",\"position\":1,\"name\":\"In\u00edcio\",\"item\":\"https:\/\/unasp.br\/blog\/\"},{\"@type\":\"ListItem\",\"position\":2,\"name\":\"4 livros para entender o 7 de setembro\"}]},{\"@type\":\"WebSite\",\"@id\":\"https:\/\/unasp.br\/blog\/#website\",\"url\":\"https:\/\/unasp.br\/blog\/\",\"name\":\"Blog do UNASP\",\"description\":\"Centro Universit\u00e1rio Adventista de S\u00e3o Paulo\",\"potentialAction\":[{\"@type\":\"SearchAction\",\"target\":{\"@type\":\"EntryPoint\",\"urlTemplate\":\"https:\/\/unasp.br\/blog\/?s={search_term_string}\"},\"query-input\":\"required name=search_term_string\"}],\"inLanguage\":\"pt-BR\"},{\"@type\":\"Person\",\"@id\":\"https:\/\/unasp.br\/blog\/#\/schema\/person\/5369fd5ba862c148f8eda1d251b8e8dd\",\"name\":\"Ana J\u00falia de Marcos Alem\",\"image\":{\"@type\":\"ImageObject\",\"inLanguage\":\"pt-BR\",\"@id\":\"https:\/\/unasp.br\/blog\/#\/schema\/person\/image\/\",\"url\":\"https:\/\/cdn.unasp.br\/unasp-blog\/2023\/02\/Anaju-150x150.jpg\",\"contentUrl\":\"https:\/\/cdn.unasp.br\/unasp-blog\/2023\/02\/Anaju-150x150.jpg\",\"caption\":\"Ana J\u00falia de Marcos Alem\"},\"description\":\"Futura jornalista, apaixonada por filmes de romance e bons momentos com a fam\u00edlia. nas horas vagas escrevo sobre os livros que amo.\",\"url\":\"https:\/\/unasp.br\/blog\/author\/ana_alemeducadventista-org\/\"}]}<\/script>\n<!-- \/ Yoast SEO plugin. -->","yoast_head_json":{"title":"4 livros para entender o 7 de setembro","description":"Hoje, 07 de setembro, \u00e9 comemorada a Independ\u00eancia do Brasil, em que a famosa frase dos livros de hist\u00f3ria foi dita: \u201cindepend\u00eancia ou morte\u201d.","robots":{"index":"index","follow":"follow","max-snippet":"max-snippet:-1","max-image-preview":"max-image-preview:large","max-video-preview":"max-video-preview:-1"},"canonical":"https:\/\/unasp.br\/blog\/4-livros-para-entender-o-7-de-setembro\/","og_locale":"pt_BR","og_type":"article","og_title":"4 livros para entender o 7 de setembro","og_description":"Hoje, 07 de setembro, \u00e9 comemorada a Independ\u00eancia do Brasil, em que a famosa frase dos livros de hist\u00f3ria foi dita: \u201cindepend\u00eancia ou morte\u201d.","og_url":"https:\/\/unasp.br\/blog\/4-livros-para-entender-o-7-de-setembro\/","og_site_name":"Blog do UNASP","article_published_time":"2023-09-07T13:00:00+00:00","article_modified_time":"2023-09-06T14:41:32+00:00","og_image":[{"width":2560,"height":1705,"url":"https:\/\/cdn.unasp.br\/unasp-blog\/2023\/09\/livros_setembro-scaled.jpg","type":"image\/jpeg"}],"author":"Ana J\u00falia de Marcos Alem","twitter_card":"summary_large_image","twitter_misc":{"Escrito por":"Ana J\u00falia de Marcos Alem","Est. tempo de leitura":"4 minutos"},"schema":{"@context":"https:\/\/schema.org","@graph":[{"@type":"WebPage","@id":"https:\/\/unasp.br\/blog\/4-livros-para-entender-o-7-de-setembro\/","url":"https:\/\/unasp.br\/blog\/4-livros-para-entender-o-7-de-setembro\/","name":"4 livros para entender o 7 de setembro","isPartOf":{"@id":"https:\/\/unasp.br\/blog\/#website"},"datePublished":"2023-09-07T13:00:00+00:00","dateModified":"2023-09-06T14:41:32+00:00","author":{"@id":"https:\/\/unasp.br\/blog\/#\/schema\/person\/5369fd5ba862c148f8eda1d251b8e8dd"},"description":"Hoje, 07 de setembro, \u00e9 comemorada a Independ\u00eancia do Brasil, em que a famosa frase dos livros de hist\u00f3ria foi dita: \u201cindepend\u00eancia ou morte\u201d.","breadcrumb":{"@id":"https:\/\/unasp.br\/blog\/4-livros-para-entender-o-7-de-setembro\/#breadcrumb"},"inLanguage":"pt-BR","potentialAction":[{"@type":"ReadAction","target":["https:\/\/unasp.br\/blog\/4-livros-para-entender-o-7-de-setembro\/"]}]},{"@type":"BreadcrumbList","@id":"https:\/\/unasp.br\/blog\/4-livros-para-entender-o-7-de-setembro\/#breadcrumb","itemListElement":[{"@type":"ListItem","position":1,"name":"In\u00edcio","item":"https:\/\/unasp.br\/blog\/"},{"@type":"ListItem","position":2,"name":"4 livros para entender o 7 de setembro"}]},{"@type":"WebSite","@id":"https:\/\/unasp.br\/blog\/#website","url":"https:\/\/unasp.br\/blog\/","name":"Blog do UNASP","description":"Centro Universit\u00e1rio Adventista de S\u00e3o Paulo","potentialAction":[{"@type":"SearchAction","target":{"@type":"EntryPoint","urlTemplate":"https:\/\/unasp.br\/blog\/?s={search_term_string}"},"query-input":"required name=search_term_string"}],"inLanguage":"pt-BR"},{"@type":"Person","@id":"https:\/\/unasp.br\/blog\/#\/schema\/person\/5369fd5ba862c148f8eda1d251b8e8dd","name":"Ana J\u00falia de Marcos Alem","image":{"@type":"ImageObject","inLanguage":"pt-BR","@id":"https:\/\/unasp.br\/blog\/#\/schema\/person\/image\/","url":"https:\/\/cdn.unasp.br\/unasp-blog\/2023\/02\/Anaju-150x150.jpg","contentUrl":"https:\/\/cdn.unasp.br\/unasp-blog\/2023\/02\/Anaju-150x150.jpg","caption":"Ana J\u00falia de Marcos Alem"},"description":"Futura jornalista, apaixonada por filmes de romance e bons momentos com a fam\u00edlia. nas horas vagas escrevo sobre os livros que amo.","url":"https:\/\/unasp.br\/blog\/author\/ana_alemeducadventista-org\/"}]}},"_links":{"self":[{"href":"https:\/\/unasp.br\/blog\/wp-json\/wp\/v2\/posts\/98179"}],"collection":[{"href":"https:\/\/unasp.br\/blog\/wp-json\/wp\/v2\/posts"}],"about":[{"href":"https:\/\/unasp.br\/blog\/wp-json\/wp\/v2\/types\/post"}],"author":[{"embeddable":true,"href":"https:\/\/unasp.br\/blog\/wp-json\/wp\/v2\/users\/89"}],"replies":[{"embeddable":true,"href":"https:\/\/unasp.br\/blog\/wp-json\/wp\/v2\/comments?post=98179"}],"version-history":[{"count":1,"href":"https:\/\/unasp.br\/blog\/wp-json\/wp\/v2\/posts\/98179\/revisions"}],"predecessor-version":[{"id":98181,"href":"https:\/\/unasp.br\/blog\/wp-json\/wp\/v2\/posts\/98179\/revisions\/98181"}],"wp:featuredmedia":[{"embeddable":true,"href":"https:\/\/unasp.br\/blog\/wp-json\/wp\/v2\/media\/98180"}],"wp:attachment":[{"href":"https:\/\/unasp.br\/blog\/wp-json\/wp\/v2\/media?parent=98179"}],"wp:term":[{"taxonomy":"category","embeddable":true,"href":"https:\/\/unasp.br\/blog\/wp-json\/wp\/v2\/categories?post=98179"},{"taxonomy":"post_tag","embeddable":true,"href":"https:\/\/unasp.br\/blog\/wp-json\/wp\/v2\/tags?post=98179"}],"curies":[{"name":"wp","href":"https:\/\/api.w.org\/{rel}","templated":true}]}}