{"id":144,"count":2682,"description":"","link":"https:\/\/unasp.br\/calendario\/eventos\/categoria\/pro-reitoria-academica\/","name":"Pr\u00f3-reitoria Acad\u00eamica","slug":"pro-reitoria-academica","taxonomy":"tribe_events_cat","parent":0,"meta":[],"yoast_head":"<!-- This site is optimized with the Yoast SEO plugin v23.1 - https:\/\/yoast.com\/wordpress\/plugins\/seo\/ -->\n<title>Arquivos Pr\u00f3-reitoria Acad\u00eamica - UNASP - Calend\u00e1rio Acad\u00eamico<\/title>\n<meta name=\"robots\" content=\"index, follow, max-snippet:-1, max-image-preview:large, max-video-preview:-1\" \/>\n<link rel=\"canonical\" href=\"https:\/\/unasp.br\/calendario\/eventos\/categoria\/pro-reitoria-academica\/\" \/>\n<meta property=\"og:locale\" content=\"pt_BR\" \/>\n<meta property=\"og:type\" content=\"article\" \/>\n<meta property=\"og:title\" content=\"Arquivos Pr\u00f3-reitoria Acad\u00eamica - UNASP - Calend\u00e1rio Acad\u00eamico\" \/>\n<meta property=\"og:url\" content=\"https:\/\/unasp.br\/calendario\/eventos\/categoria\/pro-reitoria-academica\/\" \/>\n<meta property=\"og:site_name\" content=\"UNASP - Calend\u00e1rio Acad\u00eamico\" \/>\n<meta name=\"twitter:card\" content=\"summary_large_image\" \/>\n<script type=\"application\/ld+json\" class=\"yoast-schema-graph\">{\"@context\":\"https:\/\/schema.org\",\"@graph\":[{\"@type\":\"CollectionPage\",\"@id\":\"https:\/\/unasp.br\/calendario\/eventos\/categoria\/pro-reitoria-academica\/\",\"url\":\"https:\/\/unasp.br\/calendario\/eventos\/categoria\/pro-reitoria-academica\/\",\"name\":\"Arquivos Pr\u00f3-reitoria Acad\u00eamica - UNASP - Calend\u00e1rio Acad\u00eamico\",\"isPartOf\":{\"@id\":\"https:\/\/unasp.br\/calendario\/#website\"},\"breadcrumb\":{\"@id\":\"https:\/\/unasp.br\/calendario\/eventos\/categoria\/pro-reitoria-academica\/#breadcrumb\"},\"inLanguage\":\"pt-BR\"},{\"@type\":\"BreadcrumbList\",\"@id\":\"https:\/\/unasp.br\/calendario\/eventos\/categoria\/pro-reitoria-academica\/#breadcrumb\",\"itemListElement\":[{\"@type\":\"ListItem\",\"position\":1,\"name\":\"In\u00edcio\"},{\"@type\":\"ListItem\",\"position\":2,\"name\":\"Pr\u00f3-reitoria Acad\u00eamica\"}]},{\"@type\":\"WebSite\",\"@id\":\"https:\/\/unasp.br\/calendario\/#website\",\"url\":\"https:\/\/unasp.br\/calendario\/\",\"name\":\"UNASP - Calend\u00e1rio Acad\u00eamico\",\"description\":\"Centro Universit\u00e1rio Adventista de S\u00e3o Paulo\",\"potentialAction\":[{\"@type\":\"SearchAction\",\"target\":{\"@type\":\"EntryPoint\",\"urlTemplate\":\"https:\/\/unasp.br\/calendario\/?s={search_term_string}\"},\"query-input\":\"required name=search_term_string\"}],\"inLanguage\":\"pt-BR\"}]}<\/script>\n<!-- \/ Yoast SEO plugin. -->","yoast_head_json":{"title":"Arquivos Pr\u00f3-reitoria Acad\u00eamica - UNASP - Calend\u00e1rio Acad\u00eamico","robots":{"index":"index","follow":"follow","max-snippet":"max-snippet:-1","max-image-preview":"max-image-preview:large","max-video-preview":"max-video-preview:-1"},"canonical":"https:\/\/unasp.br\/calendario\/eventos\/categoria\/pro-reitoria-academica\/","og_locale":"pt_BR","og_type":"article","og_title":"Arquivos Pr\u00f3-reitoria Acad\u00eamica - UNASP - Calend\u00e1rio Acad\u00eamico","og_url":"https:\/\/unasp.br\/calendario\/eventos\/categoria\/pro-reitoria-academica\/","og_site_name":"UNASP - Calend\u00e1rio Acad\u00eamico","twitter_card":"summary_large_image","schema":{"@context":"https:\/\/schema.org","@graph":[{"@type":"CollectionPage","@id":"https:\/\/unasp.br\/calendario\/eventos\/categoria\/pro-reitoria-academica\/","url":"https:\/\/unasp.br\/calendario\/eventos\/categoria\/pro-reitoria-academica\/","name":"Arquivos Pr\u00f3-reitoria Acad\u00eamica - UNASP - Calend\u00e1rio Acad\u00eamico","isPartOf":{"@id":"https:\/\/unasp.br\/calendario\/#website"},"breadcrumb":{"@id":"https:\/\/unasp.br\/calendario\/eventos\/categoria\/pro-reitoria-academica\/#breadcrumb"},"inLanguage":"pt-BR"},{"@type":"BreadcrumbList","@id":"https:\/\/unasp.br\/calendario\/eventos\/categoria\/pro-reitoria-academica\/#breadcrumb","itemListElement":[{"@type":"ListItem","position":1,"name":"In\u00edcio"},{"@type":"ListItem","position":2,"name":"Pr\u00f3-reitoria Acad\u00eamica"}]},{"@type":"WebSite","@id":"https:\/\/unasp.br\/calendario\/#website","url":"https:\/\/unasp.br\/calendario\/","name":"UNASP - Calend\u00e1rio Acad\u00eamico","description":"Centro Universit\u00e1rio Adventista de S\u00e3o Paulo","potentialAction":[{"@type":"SearchAction","target":{"@type":"EntryPoint","urlTemplate":"https:\/\/unasp.br\/calendario\/?s={search_term_string}"},"query-input":"required name=search_term_string"}],"inLanguage":"pt-BR"}]}},"_links":{"self":[{"href":"https:\/\/unasp.br\/calendario\/wp-json\/wp\/v2\/tribe_events_cat\/144"}],"collection":[{"href":"https:\/\/unasp.br\/calendario\/wp-json\/wp\/v2\/tribe_events_cat"}],"about":[{"href":"https:\/\/unasp.br\/calendario\/wp-json\/wp\/v2\/taxonomies\/tribe_events_cat"}],"wp:post_type":[{"href":"https:\/\/unasp.br\/calendario\/wp-json\/wp\/v2\/tribe_events?tribe_events_cat=144"}],"curies":[{"name":"wp","href":"https:\/\/api.w.org\/{rel}","templated":true}]}}