{"id":100014,"date":"2023-03-10T10:24:07","date_gmt":"2023-03-10T13:24:07","guid":{"rendered":"https:\/\/unasp.br\/noticias\/?p=100014"},"modified":"2023-03-10T10:24:09","modified_gmt":"2023-03-10T13:24:09","slug":"curso-de-farmacia-proporciona-minicurso-em-comemoracao-ao-dia-da-mulher","status":"publish","type":"post","link":"https:\/\/unasp.br\/noticias\/curso-de-farmacia-proporciona-minicurso-em-comemoracao-ao-dia-da-mulher\/","title":{"rendered":"Curso de Farm\u00e1cia proporciona minicurso em comemora\u00e7\u00e3o ao Dia da Mulher"},"content":{"rendered":"\n<p>Em celebra\u00e7\u00e3o ao Dia Internacional da Mulher, a coordena\u00e7\u00e3o do <a href=\"https:\/\/www.unasp.br\/cursos\/ec\/graduacao\/farmacia\/\">curso de Farm\u00e1cia<\/a> do UNASP, campus Engenheiro Coelho, proporcionou um minicurso sobre a sa\u00fade labial, sua import\u00e2ncia e formas de cuidado. A aula aconteceu em um dos Laborat\u00f3rios do curso, e as estudantes com a ajuda das professoras, fabricaram um hidratante labial, conhecido como lip balm.\u00a0<\/p>\n\n\n\n<figure class=\"wp-block-image size-large\"><img loading=\"lazy\" decoding=\"async\" width=\"1024\" height=\"768\" src=\"https:\/\/cdn.unasp.br\/unasp-noticias\/2023\/03\/10070528\/curso_farmacia-1024x768.jpg\" alt=\"Minicurso foi ministrado no laborat\u00f3rio do curso de Farm\u00e1cia\" class=\"wp-image-100019\" srcset=\"https:\/\/cdn.unasp.br\/unasp-noticias\/2023\/03\/10070528\/curso_farmacia-1024x768.jpg 1024w, https:\/\/cdn.unasp.br\/unasp-noticias\/2023\/03\/10070528\/curso_farmacia-300x225.jpg 300w, https:\/\/cdn.unasp.br\/unasp-noticias\/2023\/03\/10070528\/curso_farmacia-768x576.jpg 768w, https:\/\/cdn.unasp.br\/unasp-noticias\/2023\/03\/10070528\/curso_farmacia-1536x1152.jpg 1536w, https:\/\/cdn.unasp.br\/unasp-noticias\/2023\/03\/10070528\/curso_farmacia-800x600.jpg 800w, https:\/\/cdn.unasp.br\/unasp-noticias\/2023\/03\/10070528\/curso_farmacia-1067x800.jpg 1067w, https:\/\/cdn.unasp.br\/unasp-noticias\/2023\/03\/10070528\/curso_farmacia-960x720.jpg 960w, https:\/\/cdn.unasp.br\/unasp-noticias\/2023\/03\/10070528\/curso_farmacia-667x500.jpg 667w, https:\/\/cdn.unasp.br\/unasp-noticias\/2023\/03\/10070528\/curso_farmacia-640x480.jpg 640w, https:\/\/cdn.unasp.br\/unasp-noticias\/2023\/03\/10070528\/curso_farmacia-373x280.jpg 373w, https:\/\/cdn.unasp.br\/unasp-noticias\/2023\/03\/10070528\/curso_farmacia-500x375.jpg 500w, https:\/\/cdn.unasp.br\/unasp-noticias\/2023\/03\/10070528\/curso_farmacia-400x300.jpg 400w, https:\/\/cdn.unasp.br\/unasp-noticias\/2023\/03\/10070528\/curso_farmacia-267x200.jpg 267w, https:\/\/cdn.unasp.br\/unasp-noticias\/2023\/03\/10070528\/curso_farmacia-200x150.jpg 200w, https:\/\/cdn.unasp.br\/unasp-noticias\/2023\/03\/10070528\/curso_farmacia-175x131.jpg 175w, https:\/\/cdn.unasp.br\/unasp-noticias\/2023\/03\/10070528\/curso_farmacia-600x450.jpg 600w, https:\/\/cdn.unasp.br\/unasp-noticias\/2023\/03\/10070528\/curso_farmacia-347x260.jpg 347w, https:\/\/cdn.unasp.br\/unasp-noticias\/2023\/03\/10070528\/curso_farmacia.jpg 1600w\" sizes=\"(max-width: 1024px) 100vw, 1024px\" \/><figcaption>Minicurso foi ministrado no laborat\u00f3rio do curso de Farm\u00e1cia. Foto: Camilly Inacio<\/figcaption><\/figure>\n\n\n\n<p>A coordenadora do curso, doutora Alanny Rocha, foi a idealizadora da ideia e conta que \u201co minicurso surgiu nesse plano de falar sobre o cuidado feminino e tamb\u00e9m apresentar uma formula\u00e7\u00e3o simples de ser feita por pessoas que n\u00e3o eram farmac\u00eauticas ou estudantes do curso.\u201d<\/p>\n\n\n\n<p>Quando pensamos nas mulheres, quase sempre somos lembrados de cuidados pessoais, por isso, a coordenadora menciona que o projeto surgiu com o prop\u00f3sito de fazer algo significativo no Dia da Mulher, mas que caracterizasse o curso de Farm\u00e1cia.&nbsp;<\/p>\n\n\n\n<p>A produ\u00e7\u00e3o do lip balm foi uma iniciativa que visava quebrar um pouco do paradigma farmac\u00eautico, quase sempre associado ao medicamento ou balc\u00e3o farmac\u00eautico. \u201cFoi uma forma que encontramos de mostrar um pouco de como \u00e9 o curso e o que acontece em uma aula pr\u00e1tica, deixando registrado esse dia especial que \u00e9 o dia da mulher\u201d, explica.<\/p>\n\n\n\n<h2 class=\"wp-block-heading\"><strong>Import\u00e2ncia do cuidado labial<\/strong><\/h2>\n\n\n<div class=\"wp-block-image\">\n<figure class=\"alignleft size-large is-resized\"><img loading=\"lazy\" decoding=\"async\" src=\"https:\/\/cdn.unasp.br\/unasp-noticias\/2023\/03\/10070540\/alunas_curso-e1678453794919.jpg\" alt=\"\" class=\"wp-image-100020\" width=\"274\" height=\"365\"\/><figcaption>Alunas que participaram do curso. Foto: Camilly Inacio<\/figcaption><\/figure><\/div>\n\n\n<p>Cinthia de Souza, professora do curso de Farm\u00e1cia e doutoranda na \u00e1rea farmac\u00eautica, foi quem deu as aulas do minicurso, tanto a parte pr\u00e1tica, como a te\u00f3rica. Logo que soube do projeto se prontificou para que a realiza\u00e7\u00e3o do minicurso fosse poss\u00edvel.\u00a0<\/p>\n\n\n\n<p>Sobre o conte\u00fado da aula, ela comenta que \u201ca sa\u00fade dos l\u00e1bios \u00e9 bastante importante, porque ela demonstra principalmente hidrata\u00e7\u00e3o do nosso corpo e \u00e9 poss\u00edvel perceber isso em pessoas de qualquer idade.\u201d<\/p>\n\n\n\n<p>Com a correria do dia a dia, as pessoas t\u00eam cada vez mais pensado em alternativas pr\u00e1ticas para beleza e \u201cutilizar um lip balm pode ser uma solu\u00e7\u00e3o para melhorar a hidrata\u00e7\u00e3o dos l\u00e1bios\u201d, complementa a professora Cinthia.<\/p>\n\n\n\n<h2 class=\"wp-block-heading\"><strong>Experi\u00eancia pr\u00e1tica<\/strong><\/h2>\n\n\n\n<p>A aluna do curso de Farm\u00e1cia, Emily Cardoso, mesmo estando acostumada \u00e0s <a href=\"https:\/\/unasp.br\/noticias\/iv-jornada-academica-de-farmacia-apresenta-mercado-de-trabalho-para-os-alunos\/\">aulas pr\u00e1ticas<\/a> do curso conta que \u201ca experi\u00eancia foi incr\u00edvel, porque mesmo que desenvolver o lip balm seja muito simples, o mais legal \u00e9 a sensa\u00e7\u00e3o de saber que voc\u00ea fez aquele cosm\u00e9tico que posteriormente vai usar.\u201d<\/p>\n\n\n\n<p>Sobre a import\u00e2ncia da programa\u00e7\u00e3o, Emily diz que \u201cal\u00e9m de quebrar os v\u00e1rios estere\u00f3tipos de que farmac\u00eautico atua apenas na drogaria, o minicurso tamb\u00e9m proporcionou experi\u00eancias pr\u00e1ticas e simples para as meninas de outros cursos que estavam presentes.\u201d&nbsp;<\/p>\n\n\n\n<p>Ana Claudia, profissional respons\u00e1vel por cuidar dos Laborat\u00f3rios e de todo a projeto para que a parte pr\u00e1tica da aula fosse realizada, estava presente na situa\u00e7\u00e3o e comenta que o minicurso foi muito importante porque reuniu pessoas de diversas \u00e1reas com o objetivo de homenagear o Dia Internacional da Mulher.<\/p>\n\n\n\n<p><\/p>\n\n\n\n<figure class=\"wp-block-image size-full\"><img loading=\"lazy\" decoding=\"async\" width=\"810\" height=\"706\" src=\"https:\/\/cdn.unasp.br\/unasp-noticias\/2023\/03\/10071434\/lip_balm-1.jpg\" alt=\"Lip balm produzida pelos alunos no minicurso. Foto: Camilly Inacio\" class=\"wp-image-100022\" srcset=\"https:\/\/cdn.unasp.br\/unasp-noticias\/2023\/03\/10071434\/lip_balm-1.jpg 810w, https:\/\/cdn.unasp.br\/unasp-noticias\/2023\/03\/10071434\/lip_balm-1-300x261.jpg 300w, https:\/\/cdn.unasp.br\/unasp-noticias\/2023\/03\/10071434\/lip_balm-1-768x669.jpg 768w, https:\/\/cdn.unasp.br\/unasp-noticias\/2023\/03\/10071434\/lip_balm-1-688x600.jpg 688w, https:\/\/cdn.unasp.br\/unasp-noticias\/2023\/03\/10071434\/lip_balm-1-800x697.jpg 800w, https:\/\/cdn.unasp.br\/unasp-noticias\/2023\/03\/10071434\/lip_balm-1-574x500.jpg 574w, https:\/\/cdn.unasp.br\/unasp-noticias\/2023\/03\/10071434\/lip_balm-1-551x480.jpg 551w, https:\/\/cdn.unasp.br\/unasp-noticias\/2023\/03\/10071434\/lip_balm-1-321x280.jpg 321w, https:\/\/cdn.unasp.br\/unasp-noticias\/2023\/03\/10071434\/lip_balm-1-459x400.jpg 459w, https:\/\/cdn.unasp.br\/unasp-noticias\/2023\/03\/10071434\/lip_balm-1-400x349.jpg 400w, https:\/\/cdn.unasp.br\/unasp-noticias\/2023\/03\/10071434\/lip_balm-1-229x200.jpg 229w, https:\/\/cdn.unasp.br\/unasp-noticias\/2023\/03\/10071434\/lip_balm-1-172x150.jpg 172w, https:\/\/cdn.unasp.br\/unasp-noticias\/2023\/03\/10071434\/lip_balm-1-175x153.jpg 175w, https:\/\/cdn.unasp.br\/unasp-noticias\/2023\/03\/10071434\/lip_balm-1-200x174.jpg 200w, https:\/\/cdn.unasp.br\/unasp-noticias\/2023\/03\/10071434\/lip_balm-1-516x450.jpg 516w, https:\/\/cdn.unasp.br\/unasp-noticias\/2023\/03\/10071434\/lip_balm-1-298x260.jpg 298w\" sizes=\"(max-width: 810px) 100vw, 810px\" \/><figcaption>Lip balm produzida pelos alunos no minicurso. Foto: Camilly Inacio<\/figcaption><\/figure>\n","protected":false},"excerpt":{"rendered":"<p>O minicurso sobre a sa\u00fade dos l\u00e1bios contou com uma aula pr\u00e1tica de como fabricar um lip balm.<\/p>\n","protected":false},"author":77,"featured_media":100019,"comment_status":"closed","ping_status":"open","sticky":false,"template":"","format":"standard","meta":{"footnotes":""},"categories":[6],"tags":[],"yoast_head":"<!-- This site is optimized with the Yoast SEO plugin v23.5 - https:\/\/yoast.com\/wordpress\/plugins\/seo\/ -->\n<title>Curso de Farm\u00e1cia proporciona minicurso em comemora\u00e7\u00e3o ao Dia da Mulher<\/title>\n<meta name=\"description\" content=\"Em celebra\u00e7\u00e3o ao Dia da Mulher, a coordena\u00e7\u00e3o do curso de Farm\u00e1cia do UNASP proporcionou um minicurso sobre a sa\u00fade labial.\" \/>\n<meta name=\"robots\" content=\"index, follow, max-snippet:-1, max-image-preview:large, max-video-preview:-1\" \/>\n<link rel=\"canonical\" href=\"https:\/\/unasp.br\/noticias\/curso-de-farmacia-proporciona-minicurso-em-comemoracao-ao-dia-da-mulher\/\" \/>\n<meta property=\"og:locale\" content=\"pt_BR\" \/>\n<meta property=\"og:type\" content=\"article\" \/>\n<meta property=\"og:title\" content=\"Curso de Farm\u00e1cia proporciona minicurso em comemora\u00e7\u00e3o ao Dia da Mulher\" \/>\n<meta property=\"og:description\" content=\"Em celebra\u00e7\u00e3o ao Dia da Mulher, a coordena\u00e7\u00e3o do curso de Farm\u00e1cia do UNASP proporcionou um minicurso sobre a sa\u00fade labial.\" \/>\n<meta property=\"og:url\" content=\"https:\/\/unasp.br\/noticias\/curso-de-farmacia-proporciona-minicurso-em-comemoracao-ao-dia-da-mulher\/\" \/>\n<meta property=\"og:site_name\" content=\"UNASP Noticias\" \/>\n<meta property=\"article:published_time\" content=\"2023-03-10T13:24:07+00:00\" \/>\n<meta property=\"article:modified_time\" content=\"2023-03-10T13:24:09+00:00\" \/>\n<meta property=\"og:image\" content=\"https:\/\/cdn.unasp.br\/unasp-noticias\/2023\/03\/10070528\/curso_farmacia.jpg\" \/>\n\t<meta property=\"og:image:width\" content=\"1600\" \/>\n\t<meta property=\"og:image:height\" content=\"1200\" \/>\n\t<meta property=\"og:image:type\" content=\"image\/jpeg\" \/>\n<meta name=\"author\" content=\"Theillyson Lima\" \/>\n<meta name=\"twitter:card\" content=\"summary_large_image\" \/>\n<meta name=\"twitter:label1\" content=\"Escrito por\" \/>\n\t<meta name=\"twitter:data1\" content=\"Theillyson Lima\" \/>\n\t<meta name=\"twitter:label2\" content=\"Est. tempo de leitura\" \/>\n\t<meta name=\"twitter:data2\" content=\"4 minutos\" \/>\n<script type=\"application\/ld+json\" class=\"yoast-schema-graph\">{\"@context\":\"https:\/\/schema.org\",\"@graph\":[{\"@type\":\"Article\",\"@id\":\"https:\/\/unasp.br\/noticias\/curso-de-farmacia-proporciona-minicurso-em-comemoracao-ao-dia-da-mulher\/#article\",\"isPartOf\":{\"@id\":\"https:\/\/unasp.br\/noticias\/curso-de-farmacia-proporciona-minicurso-em-comemoracao-ao-dia-da-mulher\/\"},\"author\":{\"name\":\"Theillyson Lima\",\"@id\":\"https:\/\/unasp.br\/noticias\/#\/schema\/person\/e4843600f8dfbbe38b2e76dcf5cb161a\"},\"headline\":\"Curso de Farm\u00e1cia proporciona minicurso em comemora\u00e7\u00e3o ao Dia da Mulher\",\"datePublished\":\"2023-03-10T13:24:07+00:00\",\"dateModified\":\"2023-03-10T13:24:09+00:00\",\"mainEntityOfPage\":{\"@id\":\"https:\/\/unasp.br\/noticias\/curso-de-farmacia-proporciona-minicurso-em-comemoracao-ao-dia-da-mulher\/\"},\"wordCount\":550,\"publisher\":{\"@id\":\"https:\/\/unasp.br\/noticias\/#organization\"},\"image\":{\"@id\":\"https:\/\/unasp.br\/noticias\/curso-de-farmacia-proporciona-minicurso-em-comemoracao-ao-dia-da-mulher\/#primaryimage\"},\"thumbnailUrl\":\"https:\/\/cdn.unasp.br\/unasp-noticias\/2023\/03\/10070528\/curso_farmacia.jpg\",\"articleSection\":[\"Acontece no UNASP\"],\"inLanguage\":\"pt-BR\"},{\"@type\":\"WebPage\",\"@id\":\"https:\/\/unasp.br\/noticias\/curso-de-farmacia-proporciona-minicurso-em-comemoracao-ao-dia-da-mulher\/\",\"url\":\"https:\/\/unasp.br\/noticias\/curso-de-farmacia-proporciona-minicurso-em-comemoracao-ao-dia-da-mulher\/\",\"name\":\"Curso de Farm\u00e1cia proporciona minicurso em comemora\u00e7\u00e3o ao Dia da Mulher\",\"isPartOf\":{\"@id\":\"https:\/\/unasp.br\/noticias\/#website\"},\"primaryImageOfPage\":{\"@id\":\"https:\/\/unasp.br\/noticias\/curso-de-farmacia-proporciona-minicurso-em-comemoracao-ao-dia-da-mulher\/#primaryimage\"},\"image\":{\"@id\":\"https:\/\/unasp.br\/noticias\/curso-de-farmacia-proporciona-minicurso-em-comemoracao-ao-dia-da-mulher\/#primaryimage\"},\"thumbnailUrl\":\"https:\/\/cdn.unasp.br\/unasp-noticias\/2023\/03\/10070528\/curso_farmacia.jpg\",\"datePublished\":\"2023-03-10T13:24:07+00:00\",\"dateModified\":\"2023-03-10T13:24:09+00:00\",\"description\":\"Em celebra\u00e7\u00e3o ao Dia da Mulher, a coordena\u00e7\u00e3o do curso de Farm\u00e1cia do UNASP proporcionou um minicurso sobre a sa\u00fade labial.\",\"breadcrumb\":{\"@id\":\"https:\/\/unasp.br\/noticias\/curso-de-farmacia-proporciona-minicurso-em-comemoracao-ao-dia-da-mulher\/#breadcrumb\"},\"inLanguage\":\"pt-BR\",\"potentialAction\":[{\"@type\":\"ReadAction\",\"target\":[\"https:\/\/unasp.br\/noticias\/curso-de-farmacia-proporciona-minicurso-em-comemoracao-ao-dia-da-mulher\/\"]}]},{\"@type\":\"ImageObject\",\"inLanguage\":\"pt-BR\",\"@id\":\"https:\/\/unasp.br\/noticias\/curso-de-farmacia-proporciona-minicurso-em-comemoracao-ao-dia-da-mulher\/#primaryimage\",\"url\":\"https:\/\/cdn.unasp.br\/unasp-noticias\/2023\/03\/10070528\/curso_farmacia.jpg\",\"contentUrl\":\"https:\/\/cdn.unasp.br\/unasp-noticias\/2023\/03\/10070528\/curso_farmacia.jpg\",\"width\":1600,\"height\":1200},{\"@type\":\"BreadcrumbList\",\"@id\":\"https:\/\/unasp.br\/noticias\/curso-de-farmacia-proporciona-minicurso-em-comemoracao-ao-dia-da-mulher\/#breadcrumb\",\"itemListElement\":[{\"@type\":\"ListItem\",\"position\":1,\"name\":\"In\u00edcio\",\"item\":\"https:\/\/unasp.br\/noticias\/\"},{\"@type\":\"ListItem\",\"position\":2,\"name\":\"Curso de Farm\u00e1cia proporciona minicurso em comemora\u00e7\u00e3o ao Dia da Mulher\"}]},{\"@type\":\"WebSite\",\"@id\":\"https:\/\/unasp.br\/noticias\/#website\",\"url\":\"https:\/\/unasp.br\/noticias\/\",\"name\":\"UNASP Noticias\",\"description\":\"Centro Universit\u00e1rio Adventista de S\u00e3o Paulo\",\"publisher\":{\"@id\":\"https:\/\/unasp.br\/noticias\/#organization\"},\"potentialAction\":[{\"@type\":\"SearchAction\",\"target\":{\"@type\":\"EntryPoint\",\"urlTemplate\":\"https:\/\/unasp.br\/noticias\/?s={search_term_string}\"},\"query-input\":{\"@type\":\"PropertyValueSpecification\",\"valueRequired\":true,\"valueName\":\"search_term_string\"}}],\"inLanguage\":\"pt-BR\"},{\"@type\":\"Organization\",\"@id\":\"https:\/\/unasp.br\/noticias\/#organization\",\"name\":\"UNASP Noticias\",\"url\":\"https:\/\/unasp.br\/noticias\/\",\"logo\":{\"@type\":\"ImageObject\",\"inLanguage\":\"pt-BR\",\"@id\":\"https:\/\/unasp.br\/noticias\/#\/schema\/logo\/image\/\",\"url\":\"https:\/\/cdn.unasp.br\/noticias\/wp-content\/uploads\/2021\/09\/09152724\/logo-unasp-news.png\",\"contentUrl\":\"https:\/\/cdn.unasp.br\/noticias\/wp-content\/uploads\/2021\/09\/09152724\/logo-unasp-news.png\",\"width\":240,\"height\":41,\"caption\":\"UNASP Noticias\"},\"image\":{\"@id\":\"https:\/\/unasp.br\/noticias\/#\/schema\/logo\/image\/\"}},{\"@type\":\"Person\",\"@id\":\"https:\/\/unasp.br\/noticias\/#\/schema\/person\/e4843600f8dfbbe38b2e76dcf5cb161a\",\"name\":\"Theillyson Lima\",\"image\":{\"@type\":\"ImageObject\",\"inLanguage\":\"pt-BR\",\"@id\":\"https:\/\/unasp.br\/noticias\/#\/schema\/person\/image\/\",\"url\":\"https:\/\/secure.gravatar.com\/avatar\/21e49c2c60b6bc07d48651d925017c6f?s=96&d=mm&r=g\",\"contentUrl\":\"https:\/\/secure.gravatar.com\/avatar\/21e49c2c60b6bc07d48651d925017c6f?s=96&d=mm&r=g\",\"caption\":\"Theillyson Lima\"},\"url\":\"https:\/\/unasp.br\/noticias\/author\/lima-theillysonunasp-edu-br\/\"}]}<\/script>\n<!-- \/ Yoast SEO plugin. -->","yoast_head_json":{"title":"Curso de Farm\u00e1cia proporciona minicurso em comemora\u00e7\u00e3o ao Dia da Mulher","description":"Em celebra\u00e7\u00e3o ao Dia da Mulher, a coordena\u00e7\u00e3o do curso de Farm\u00e1cia do UNASP proporcionou um minicurso sobre a sa\u00fade labial.","robots":{"index":"index","follow":"follow","max-snippet":"max-snippet:-1","max-image-preview":"max-image-preview:large","max-video-preview":"max-video-preview:-1"},"canonical":"https:\/\/unasp.br\/noticias\/curso-de-farmacia-proporciona-minicurso-em-comemoracao-ao-dia-da-mulher\/","og_locale":"pt_BR","og_type":"article","og_title":"Curso de Farm\u00e1cia proporciona minicurso em comemora\u00e7\u00e3o ao Dia da Mulher","og_description":"Em celebra\u00e7\u00e3o ao Dia da Mulher, a coordena\u00e7\u00e3o do curso de Farm\u00e1cia do UNASP proporcionou um minicurso sobre a sa\u00fade labial.","og_url":"https:\/\/unasp.br\/noticias\/curso-de-farmacia-proporciona-minicurso-em-comemoracao-ao-dia-da-mulher\/","og_site_name":"UNASP Noticias","article_published_time":"2023-03-10T13:24:07+00:00","article_modified_time":"2023-03-10T13:24:09+00:00","og_image":[{"width":1600,"height":1200,"url":"https:\/\/cdn.unasp.br\/unasp-noticias\/2023\/03\/10070528\/curso_farmacia.jpg","type":"image\/jpeg"}],"author":"Theillyson Lima","twitter_card":"summary_large_image","twitter_misc":{"Escrito por":"Theillyson Lima","Est. tempo de leitura":"4 minutos"},"schema":{"@context":"https:\/\/schema.org","@graph":[{"@type":"Article","@id":"https:\/\/unasp.br\/noticias\/curso-de-farmacia-proporciona-minicurso-em-comemoracao-ao-dia-da-mulher\/#article","isPartOf":{"@id":"https:\/\/unasp.br\/noticias\/curso-de-farmacia-proporciona-minicurso-em-comemoracao-ao-dia-da-mulher\/"},"author":{"name":"Theillyson Lima","@id":"https:\/\/unasp.br\/noticias\/#\/schema\/person\/e4843600f8dfbbe38b2e76dcf5cb161a"},"headline":"Curso de Farm\u00e1cia proporciona minicurso em comemora\u00e7\u00e3o ao Dia da Mulher","datePublished":"2023-03-10T13:24:07+00:00","dateModified":"2023-03-10T13:24:09+00:00","mainEntityOfPage":{"@id":"https:\/\/unasp.br\/noticias\/curso-de-farmacia-proporciona-minicurso-em-comemoracao-ao-dia-da-mulher\/"},"wordCount":550,"publisher":{"@id":"https:\/\/unasp.br\/noticias\/#organization"},"image":{"@id":"https:\/\/unasp.br\/noticias\/curso-de-farmacia-proporciona-minicurso-em-comemoracao-ao-dia-da-mulher\/#primaryimage"},"thumbnailUrl":"https:\/\/cdn.unasp.br\/unasp-noticias\/2023\/03\/10070528\/curso_farmacia.jpg","articleSection":["Acontece no UNASP"],"inLanguage":"pt-BR"},{"@type":"WebPage","@id":"https:\/\/unasp.br\/noticias\/curso-de-farmacia-proporciona-minicurso-em-comemoracao-ao-dia-da-mulher\/","url":"https:\/\/unasp.br\/noticias\/curso-de-farmacia-proporciona-minicurso-em-comemoracao-ao-dia-da-mulher\/","name":"Curso de Farm\u00e1cia proporciona minicurso em comemora\u00e7\u00e3o ao Dia da Mulher","isPartOf":{"@id":"https:\/\/unasp.br\/noticias\/#website"},"primaryImageOfPage":{"@id":"https:\/\/unasp.br\/noticias\/curso-de-farmacia-proporciona-minicurso-em-comemoracao-ao-dia-da-mulher\/#primaryimage"},"image":{"@id":"https:\/\/unasp.br\/noticias\/curso-de-farmacia-proporciona-minicurso-em-comemoracao-ao-dia-da-mulher\/#primaryimage"},"thumbnailUrl":"https:\/\/cdn.unasp.br\/unasp-noticias\/2023\/03\/10070528\/curso_farmacia.jpg","datePublished":"2023-03-10T13:24:07+00:00","dateModified":"2023-03-10T13:24:09+00:00","description":"Em celebra\u00e7\u00e3o ao Dia da Mulher, a coordena\u00e7\u00e3o do curso de Farm\u00e1cia do UNASP proporcionou um minicurso sobre a sa\u00fade labial.","breadcrumb":{"@id":"https:\/\/unasp.br\/noticias\/curso-de-farmacia-proporciona-minicurso-em-comemoracao-ao-dia-da-mulher\/#breadcrumb"},"inLanguage":"pt-BR","potentialAction":[{"@type":"ReadAction","target":["https:\/\/unasp.br\/noticias\/curso-de-farmacia-proporciona-minicurso-em-comemoracao-ao-dia-da-mulher\/"]}]},{"@type":"ImageObject","inLanguage":"pt-BR","@id":"https:\/\/unasp.br\/noticias\/curso-de-farmacia-proporciona-minicurso-em-comemoracao-ao-dia-da-mulher\/#primaryimage","url":"https:\/\/cdn.unasp.br\/unasp-noticias\/2023\/03\/10070528\/curso_farmacia.jpg","contentUrl":"https:\/\/cdn.unasp.br\/unasp-noticias\/2023\/03\/10070528\/curso_farmacia.jpg","width":1600,"height":1200},{"@type":"BreadcrumbList","@id":"https:\/\/unasp.br\/noticias\/curso-de-farmacia-proporciona-minicurso-em-comemoracao-ao-dia-da-mulher\/#breadcrumb","itemListElement":[{"@type":"ListItem","position":1,"name":"In\u00edcio","item":"https:\/\/unasp.br\/noticias\/"},{"@type":"ListItem","position":2,"name":"Curso de Farm\u00e1cia proporciona minicurso em comemora\u00e7\u00e3o ao Dia da Mulher"}]},{"@type":"WebSite","@id":"https:\/\/unasp.br\/noticias\/#website","url":"https:\/\/unasp.br\/noticias\/","name":"UNASP Noticias","description":"Centro Universit\u00e1rio Adventista de S\u00e3o Paulo","publisher":{"@id":"https:\/\/unasp.br\/noticias\/#organization"},"potentialAction":[{"@type":"SearchAction","target":{"@type":"EntryPoint","urlTemplate":"https:\/\/unasp.br\/noticias\/?s={search_term_string}"},"query-input":{"@type":"PropertyValueSpecification","valueRequired":true,"valueName":"search_term_string"}}],"inLanguage":"pt-BR"},{"@type":"Organization","@id":"https:\/\/unasp.br\/noticias\/#organization","name":"UNASP Noticias","url":"https:\/\/unasp.br\/noticias\/","logo":{"@type":"ImageObject","inLanguage":"pt-BR","@id":"https:\/\/unasp.br\/noticias\/#\/schema\/logo\/image\/","url":"https:\/\/cdn.unasp.br\/noticias\/wp-content\/uploads\/2021\/09\/09152724\/logo-unasp-news.png","contentUrl":"https:\/\/cdn.unasp.br\/noticias\/wp-content\/uploads\/2021\/09\/09152724\/logo-unasp-news.png","width":240,"height":41,"caption":"UNASP Noticias"},"image":{"@id":"https:\/\/unasp.br\/noticias\/#\/schema\/logo\/image\/"}},{"@type":"Person","@id":"https:\/\/unasp.br\/noticias\/#\/schema\/person\/e4843600f8dfbbe38b2e76dcf5cb161a","name":"Theillyson Lima","image":{"@type":"ImageObject","inLanguage":"pt-BR","@id":"https:\/\/unasp.br\/noticias\/#\/schema\/person\/image\/","url":"https:\/\/secure.gravatar.com\/avatar\/21e49c2c60b6bc07d48651d925017c6f?s=96&d=mm&r=g","contentUrl":"https:\/\/secure.gravatar.com\/avatar\/21e49c2c60b6bc07d48651d925017c6f?s=96&d=mm&r=g","caption":"Theillyson Lima"},"url":"https:\/\/unasp.br\/noticias\/author\/lima-theillysonunasp-edu-br\/"}]}},"_links":{"self":[{"href":"https:\/\/unasp.br\/noticias\/wp-json\/wp\/v2\/posts\/100014"}],"collection":[{"href":"https:\/\/unasp.br\/noticias\/wp-json\/wp\/v2\/posts"}],"about":[{"href":"https:\/\/unasp.br\/noticias\/wp-json\/wp\/v2\/types\/post"}],"author":[{"embeddable":true,"href":"https:\/\/unasp.br\/noticias\/wp-json\/wp\/v2\/users\/77"}],"replies":[{"embeddable":true,"href":"https:\/\/unasp.br\/noticias\/wp-json\/wp\/v2\/comments?post=100014"}],"version-history":[{"count":6,"href":"https:\/\/unasp.br\/noticias\/wp-json\/wp\/v2\/posts\/100014\/revisions"}],"predecessor-version":[{"id":100026,"href":"https:\/\/unasp.br\/noticias\/wp-json\/wp\/v2\/posts\/100014\/revisions\/100026"}],"wp:featuredmedia":[{"embeddable":true,"href":"https:\/\/unasp.br\/noticias\/wp-json\/wp\/v2\/media\/100019"}],"wp:attachment":[{"href":"https:\/\/unasp.br\/noticias\/wp-json\/wp\/v2\/media?parent=100014"}],"wp:term":[{"taxonomy":"category","embeddable":true,"href":"https:\/\/unasp.br\/noticias\/wp-json\/wp\/v2\/categories?post=100014"},{"taxonomy":"post_tag","embeddable":true,"href":"https:\/\/unasp.br\/noticias\/wp-json\/wp\/v2\/tags?post=100014"}],"curies":[{"name":"wp","href":"https:\/\/api.w.org\/{rel}","templated":true}]}}