{"id":100058,"date":"2023-03-20T09:53:36","date_gmt":"2023-03-20T12:53:36","guid":{"rendered":"https:\/\/unasp.br\/noticias\/?p=100058"},"modified":"2023-03-20T10:32:58","modified_gmt":"2023-03-20T13:32:58","slug":"unasp-hortolandia-incentiva-solidariedade-em-semana-de-oracao","status":"publish","type":"post","link":"https:\/\/unasp.br\/noticias\/unasp-hortolandia-incentiva-solidariedade-em-semana-de-oracao\/","title":{"rendered":"UNASP campus Hortol\u00e2ndia incentiva solidariedade em semana de adora\u00e7\u00e3o universit\u00e1ria"},"content":{"rendered":"\n<p>Durantes os dias da semana de adora\u00e7\u00e3o universit\u00e1ria do UNASP campus Hortol\u00e2ndia, o tema abordado foi \u201cVida solit\u00e1ria\/solid\u00e1ria\u201d, um jogo de palavras que busca exemplificar que quando algu\u00e9m n\u00e3o tem solidariedade com as pessoas ao seu redor, provavelmente acaba tendo uma vida solit\u00e1ria e sem sentido. A semana de adora\u00e7\u00e3o ocorreu entre os dias 13 e 17 de mar\u00e7o e foi recheada de momentos relacionados \u00e0 miss\u00e3o e trabalho volunt\u00e1rio.<\/p>\n\n\n\n<figure class=\"wp-block-image\"><img decoding=\"async\" src=\"https:\/\/lh3.googleusercontent.com\/tDGBYUb3vo4NQ6IcvRdD9HOhpZ9nPY_6a_hkM1F3UfhMt_pQ2Bega64ZW-yzpVzzFm_B5j_FqNcx3JAHCjnLPR4vTqGIaG9BSkFJW7zk_bzawettjmFhYN0Yl_eyOCtp34srI3o3jV-BuCPTtRAnmMs\" alt=\"\"\/><figcaption><em>Divulga\u00e7\u00e3o da Semana realizada pela Pastoral Universit\u00e1ria. Foto: Divulga\u00e7\u00e3o <\/em><\/figcaption><\/figure>\n\n\n\n<p>O pregador da semana de adora\u00e7\u00e3o, Marcos Eduardo, explica que durante as prega\u00e7\u00f5es eles refletiram sobre a miss\u00e3o e o convite que Deus faz \u00e0s pessoas de se juntarem \u00e0 Ele na grande obra de salva\u00e7\u00e3o da humanidade. \u201cJesus veio para nos trazer vida, ent\u00e3o a miss\u00e3o come\u00e7a aqui. Quando a gente ajuda, ama, conecta o nosso cora\u00e7\u00e3o com o de outras pessoas, sobretudo as pessoas que sofrem\u201d, diz.<\/p>\n\n\n\n<p>Para Marcos, a semana \u00e9 um convite para que os alunos saiam de suas vidas solit\u00e1rias e comecem a pensar e viver uns pelos outros. \u201cTemos que entender que solidariedade n\u00e3o tem haver com caridade, mas sim com a ideia de interdepend\u00eancia. Deus n\u00e3o precisa de ningu\u00e9m, mas ele escolhe estar no meio de n\u00f3s. Ele escolheu viver com o ser humano e salv\u00e1-lo. Deus \u00e9 um Deus que escolhe amar, por que far\u00edamos diferente?\u201d, explica.<\/p>\n\n\n\n<h2 class=\"wp-block-heading\"><strong>Trajet\u00f3ria do pregador<\/strong><\/h2>\n\n\n\n<p>Marcos Eduardo trabalhou durante alguns anos no UNASP Engenheiro Coelho e S\u00e3o Paulo como pastor e professor de hist\u00f3ria, filosofia, sociologia e religi\u00e3o. Ele conta que gosta muito do Minist\u00e9rio dos Desbravadores, escalada esportiva, caminhadas, leitura e bater papo com pessoas. \u201cEsse \u00e9 um pouco do do meu do meu jeito de ser. Gosto muito de estar envolvido com pessoas, ajudando em projetos de igreja e tudo mais\u201d, comenta.<\/p>\n\n\n\n<p>Atualmente, o pastor mora na cidade do Cairo, no Egito, com sua esposa e filhos, onde atua como coordenador de miss\u00f5es e servi\u00e7os volunt\u00e1rios. Marcos conta que o tema escolhido para a semana de adora\u00e7\u00e3o universit\u00e1ria se deve ao fato disso ser a vida dele, al\u00e9m de ser o resultado das escolhas feitas em fam\u00edlia.<\/p>\n\n\n\n<p>Segundo o pastor, ele e a esposa s\u00e3o mission\u00e1rios no Egito e Sud\u00e3o porque essa \u00e9 a vida que Deus ofereceu \u00e0 eles. \u201c\u00c9 a vida que Deus nos deu e n\u00f3s aceitamos. Como podemos trabalhar para Jesus? N\u00e3o conseguimos dar comida para Ele, n\u00e3o podemos fazer nada por Ele l\u00e1 no c\u00e9u. Ent\u00e3o, fazer o bem a um dos pequeninos \u00e9 a forma como Deus escolheu para que n\u00f3s fa\u00e7amos algo para ele\u201d, afirma. O pastor finaliza dizendo que o tema escolhido \u00e9 parte da exist\u00eancia do ser humano.<\/p>\n\n\n\n<figure class=\"wp-block-image\"><img decoding=\"async\" src=\"https:\/\/lh6.googleusercontent.com\/BqSGsIE3ct6wlQkkTF689R0NPnjHrmG4gLLSTzs4pB3sp8A7PYYUM3KaRNHbA4tcUSjKobAgilPKoYtSPvrRjDDqXtz9jOIpC2nVGL0MY3ZFj7EKsbxMs8kOE7jSlutxIpafnHZrwxL5WSMe0N_Rqfk\" alt=\"\"\/><\/figure>\n\n\n\n<p><em>(Foto: Centro de Comunica\u00e7\u00e3o campus Hortol\u00e2ndia)<\/em><\/p>\n\n\n\n<h2 class=\"wp-block-heading\"><strong>A import\u00e2ncia das a\u00e7\u00f5es solid\u00e1rias<\/strong><\/h2>\n\n\n\n<p>O Diretor de Desenvolvimento Espiritual do campus Hortol\u00e2ndia, S\u00e9rgio Klein, explica que a semana de adora\u00e7\u00e3o universit\u00e1ria \u00e9 um momento especial que a institui\u00e7\u00e3o proporciona para que os alunos tenham um momento especial com Deus. Segundo ele, o objetivo das programa\u00e7\u00f5es \u00e9 apoiar o servi\u00e7o em favor de outras pessoas, tanto em terras internacionais, quanto em comunidades locais.<\/p>\n\n\n<div class=\"wp-block-image\">\n<figure class=\"alignleft size-large is-resized\"><img loading=\"lazy\" decoding=\"async\" src=\"https:\/\/cdn.unasp.br\/unasp-noticias\/2023\/03\/20064635\/solidariedade1-683x1024.jpg\" alt=\"\" class=\"wp-image-100059\" width=\"334\" height=\"501\" srcset=\"https:\/\/cdn.unasp.br\/unasp-noticias\/2023\/03\/20064635\/solidariedade1-683x1024.jpg 683w, https:\/\/cdn.unasp.br\/unasp-noticias\/2023\/03\/20064635\/solidariedade1-200x300.jpg 200w, https:\/\/cdn.unasp.br\/unasp-noticias\/2023\/03\/20064635\/solidariedade1-768x1152.jpg 768w, https:\/\/cdn.unasp.br\/unasp-noticias\/2023\/03\/20064635\/solidariedade1-1024x1536.jpg 1024w, https:\/\/cdn.unasp.br\/unasp-noticias\/2023\/03\/20064635\/solidariedade1-400x600.jpg 400w, https:\/\/cdn.unasp.br\/unasp-noticias\/2023\/03\/20064635\/solidariedade1-533x800.jpg 533w, https:\/\/cdn.unasp.br\/unasp-noticias\/2023\/03\/20064635\/solidariedade1-480x720.jpg 480w, https:\/\/cdn.unasp.br\/unasp-noticias\/2023\/03\/20064635\/solidariedade1-333x500.jpg 333w, https:\/\/cdn.unasp.br\/unasp-noticias\/2023\/03\/20064635\/solidariedade1-320x480.jpg 320w, https:\/\/cdn.unasp.br\/unasp-noticias\/2023\/03\/20064635\/solidariedade1-187x280.jpg 187w, https:\/\/cdn.unasp.br\/unasp-noticias\/2023\/03\/20064635\/solidariedade1-267x400.jpg 267w, https:\/\/cdn.unasp.br\/unasp-noticias\/2023\/03\/20064635\/solidariedade1-133x200.jpg 133w, https:\/\/cdn.unasp.br\/unasp-noticias\/2023\/03\/20064635\/solidariedade1-100x150.jpg 100w, https:\/\/cdn.unasp.br\/unasp-noticias\/2023\/03\/20064635\/solidariedade1-175x263.jpg 175w, https:\/\/cdn.unasp.br\/unasp-noticias\/2023\/03\/20064635\/solidariedade1-300x450.jpg 300w, https:\/\/cdn.unasp.br\/unasp-noticias\/2023\/03\/20064635\/solidariedade1-173x260.jpg 173w, https:\/\/cdn.unasp.br\/unasp-noticias\/2023\/03\/20064635\/solidariedade1.jpg 1365w\" sizes=\"(max-width: 334px) 100vw, 334px\" \/><\/figure><\/div>\n\n\n<p>A aluna do primeiro semestre de Psicologia, Ana Paula Leite, conta que aqueles momentos de adora\u00e7\u00e3o mudaram os dias dela. \u201cOs temas foram muito bem explorados e expostos. Apesar da forma din\u00e2mica e jovial da programa\u00e7\u00e3o, a mensagem era profunda e batia intensamente ao cora\u00e7\u00e3o\u201d, comenta. Para ela, eventos como esses s\u00e3o muito especiais, pois fazem com que os alunos reflitam sobre assuntos relevantes. \u201cJ\u00e1 estou ansiosa pelas pr\u00f3ximas semanas de adora\u00e7\u00e3o\u201d, finaliza.<\/p>\n\n\n\n<p>&#8220;Atrav\u00e9s da pastoral, possibilitamos que os alunos possam participar de servi\u00e7os mission\u00e1rios. Com isso, eles conseguem horas de extens\u00e3o, horas complementares, e al\u00e9m de tudo, desenvolvem o esp\u00edrito de ajudar e servir. Alguns dos servi\u00e7os dispon\u00edveis s\u00e3o: doa\u00e7\u00e3o de alimentos, atendimento \u00e0 ONGs, inform\u00e1tica para idosos, plantio de \u00e1rvores e limpezas de pra\u00e7as\u201d, conclui Klein.<\/p>\n","protected":false},"excerpt":{"rendered":"<p>Com \u00eanfase em trabalho volunt\u00e1rio e mission\u00e1rio, a institui\u00e7\u00e3o convida os alunos a participarem de atividades que auxiliam \u00e0 comunidade ao redor.<\/p>\n","protected":false},"author":76,"featured_media":100059,"comment_status":"closed","ping_status":"open","sticky":false,"template":"","format":"standard","meta":{"footnotes":""},"categories":[6],"tags":[3275,2333,60],"yoast_head":"<!-- This site is optimized with the Yoast SEO plugin v23.5 - https:\/\/yoast.com\/wordpress\/plugins\/seo\/ -->\n<title>UNASP Hortol\u00e2ndia incentiva solidariedade em semana de ora\u00e7\u00e3o<\/title>\n<meta name=\"description\" content=\"Durantes os dias da semana de ora\u00e7\u00e3o do UNASP campus Hortol\u00e2ndia, o tema abordado foi \u201cVida solit\u00e1ria\/solid\u00e1ria\u201d.\" \/>\n<meta name=\"robots\" content=\"index, follow, max-snippet:-1, max-image-preview:large, max-video-preview:-1\" \/>\n<link rel=\"canonical\" href=\"https:\/\/unasp.br\/noticias\/unasp-hortolandia-incentiva-solidariedade-em-semana-de-oracao\/\" \/>\n<meta property=\"og:locale\" content=\"pt_BR\" \/>\n<meta property=\"og:type\" content=\"article\" \/>\n<meta property=\"og:title\" content=\"UNASP Hortol\u00e2ndia incentiva solidariedade em semana de ora\u00e7\u00e3o\" \/>\n<meta property=\"og:description\" content=\"Durantes os dias da semana de ora\u00e7\u00e3o do UNASP campus Hortol\u00e2ndia, o tema abordado foi \u201cVida solit\u00e1ria\/solid\u00e1ria\u201d.\" \/>\n<meta property=\"og:url\" content=\"https:\/\/unasp.br\/noticias\/unasp-hortolandia-incentiva-solidariedade-em-semana-de-oracao\/\" \/>\n<meta property=\"og:site_name\" content=\"UNASP Noticias\" \/>\n<meta property=\"article:published_time\" content=\"2023-03-20T12:53:36+00:00\" \/>\n<meta property=\"article:modified_time\" content=\"2023-03-20T13:32:58+00:00\" \/>\n<meta property=\"og:image\" content=\"https:\/\/cdn.unasp.br\/unasp-noticias\/2023\/03\/20064635\/solidariedade1.jpg\" \/>\n\t<meta property=\"og:image:width\" content=\"1365\" \/>\n\t<meta property=\"og:image:height\" content=\"2048\" \/>\n\t<meta property=\"og:image:type\" content=\"image\/jpeg\" \/>\n<meta name=\"author\" content=\"Ana Silveira\" \/>\n<meta name=\"twitter:card\" content=\"summary_large_image\" \/>\n<meta name=\"twitter:label1\" content=\"Escrito por\" \/>\n\t<meta name=\"twitter:data1\" content=\"Ana Silveira\" \/>\n\t<meta name=\"twitter:label2\" content=\"Est. tempo de leitura\" \/>\n\t<meta name=\"twitter:data2\" content=\"5 minutos\" \/>\n<script type=\"application\/ld+json\" class=\"yoast-schema-graph\">{\"@context\":\"https:\/\/schema.org\",\"@graph\":[{\"@type\":\"Article\",\"@id\":\"https:\/\/unasp.br\/noticias\/unasp-hortolandia-incentiva-solidariedade-em-semana-de-oracao\/#article\",\"isPartOf\":{\"@id\":\"https:\/\/unasp.br\/noticias\/unasp-hortolandia-incentiva-solidariedade-em-semana-de-oracao\/\"},\"author\":{\"name\":\"Ana Silveira\",\"@id\":\"https:\/\/unasp.br\/noticias\/#\/schema\/person\/31f019c7998f233ad4e548824bf7c0df\"},\"headline\":\"UNASP campus Hortol\u00e2ndia incentiva solidariedade em semana de adora\u00e7\u00e3o universit\u00e1ria\",\"datePublished\":\"2023-03-20T12:53:36+00:00\",\"dateModified\":\"2023-03-20T13:32:58+00:00\",\"mainEntityOfPage\":{\"@id\":\"https:\/\/unasp.br\/noticias\/unasp-hortolandia-incentiva-solidariedade-em-semana-de-oracao\/\"},\"wordCount\":722,\"publisher\":{\"@id\":\"https:\/\/unasp.br\/noticias\/#organization\"},\"image\":{\"@id\":\"https:\/\/unasp.br\/noticias\/unasp-hortolandia-incentiva-solidariedade-em-semana-de-oracao\/#primaryimage\"},\"thumbnailUrl\":\"https:\/\/cdn.unasp.br\/unasp-noticias\/2023\/03\/20064635\/solidariedade1.jpg\",\"keywords\":[\"Hortol\u00e2ndia\",\"semana de ora\u00e7\u00e3o\",\"UNASP\"],\"articleSection\":[\"Acontece no UNASP\"],\"inLanguage\":\"pt-BR\"},{\"@type\":\"WebPage\",\"@id\":\"https:\/\/unasp.br\/noticias\/unasp-hortolandia-incentiva-solidariedade-em-semana-de-oracao\/\",\"url\":\"https:\/\/unasp.br\/noticias\/unasp-hortolandia-incentiva-solidariedade-em-semana-de-oracao\/\",\"name\":\"UNASP Hortol\u00e2ndia incentiva solidariedade em semana de ora\u00e7\u00e3o\",\"isPartOf\":{\"@id\":\"https:\/\/unasp.br\/noticias\/#website\"},\"primaryImageOfPage\":{\"@id\":\"https:\/\/unasp.br\/noticias\/unasp-hortolandia-incentiva-solidariedade-em-semana-de-oracao\/#primaryimage\"},\"image\":{\"@id\":\"https:\/\/unasp.br\/noticias\/unasp-hortolandia-incentiva-solidariedade-em-semana-de-oracao\/#primaryimage\"},\"thumbnailUrl\":\"https:\/\/cdn.unasp.br\/unasp-noticias\/2023\/03\/20064635\/solidariedade1.jpg\",\"datePublished\":\"2023-03-20T12:53:36+00:00\",\"dateModified\":\"2023-03-20T13:32:58+00:00\",\"description\":\"Durantes os dias da semana de ora\u00e7\u00e3o do UNASP campus Hortol\u00e2ndia, o tema abordado foi \u201cVida solit\u00e1ria\/solid\u00e1ria\u201d.\",\"breadcrumb\":{\"@id\":\"https:\/\/unasp.br\/noticias\/unasp-hortolandia-incentiva-solidariedade-em-semana-de-oracao\/#breadcrumb\"},\"inLanguage\":\"pt-BR\",\"potentialAction\":[{\"@type\":\"ReadAction\",\"target\":[\"https:\/\/unasp.br\/noticias\/unasp-hortolandia-incentiva-solidariedade-em-semana-de-oracao\/\"]}]},{\"@type\":\"ImageObject\",\"inLanguage\":\"pt-BR\",\"@id\":\"https:\/\/unasp.br\/noticias\/unasp-hortolandia-incentiva-solidariedade-em-semana-de-oracao\/#primaryimage\",\"url\":\"https:\/\/cdn.unasp.br\/unasp-noticias\/2023\/03\/20064635\/solidariedade1.jpg\",\"contentUrl\":\"https:\/\/cdn.unasp.br\/unasp-noticias\/2023\/03\/20064635\/solidariedade1.jpg\",\"width\":1365,\"height\":2048,\"caption\":\"Semana de Ora\u00e7\u00e3o incentiva solidariedade.\"},{\"@type\":\"BreadcrumbList\",\"@id\":\"https:\/\/unasp.br\/noticias\/unasp-hortolandia-incentiva-solidariedade-em-semana-de-oracao\/#breadcrumb\",\"itemListElement\":[{\"@type\":\"ListItem\",\"position\":1,\"name\":\"In\u00edcio\",\"item\":\"https:\/\/unasp.br\/noticias\/\"},{\"@type\":\"ListItem\",\"position\":2,\"name\":\"UNASP campus Hortol\u00e2ndia incentiva solidariedade em semana de adora\u00e7\u00e3o universit\u00e1ria\"}]},{\"@type\":\"WebSite\",\"@id\":\"https:\/\/unasp.br\/noticias\/#website\",\"url\":\"https:\/\/unasp.br\/noticias\/\",\"name\":\"UNASP Noticias\",\"description\":\"Centro Universit\u00e1rio Adventista de S\u00e3o Paulo\",\"publisher\":{\"@id\":\"https:\/\/unasp.br\/noticias\/#organization\"},\"potentialAction\":[{\"@type\":\"SearchAction\",\"target\":{\"@type\":\"EntryPoint\",\"urlTemplate\":\"https:\/\/unasp.br\/noticias\/?s={search_term_string}\"},\"query-input\":{\"@type\":\"PropertyValueSpecification\",\"valueRequired\":true,\"valueName\":\"search_term_string\"}}],\"inLanguage\":\"pt-BR\"},{\"@type\":\"Organization\",\"@id\":\"https:\/\/unasp.br\/noticias\/#organization\",\"name\":\"UNASP Noticias\",\"url\":\"https:\/\/unasp.br\/noticias\/\",\"logo\":{\"@type\":\"ImageObject\",\"inLanguage\":\"pt-BR\",\"@id\":\"https:\/\/unasp.br\/noticias\/#\/schema\/logo\/image\/\",\"url\":\"https:\/\/cdn.unasp.br\/noticias\/wp-content\/uploads\/2021\/09\/09152724\/logo-unasp-news.png\",\"contentUrl\":\"https:\/\/cdn.unasp.br\/noticias\/wp-content\/uploads\/2021\/09\/09152724\/logo-unasp-news.png\",\"width\":240,\"height\":41,\"caption\":\"UNASP Noticias\"},\"image\":{\"@id\":\"https:\/\/unasp.br\/noticias\/#\/schema\/logo\/image\/\"}},{\"@type\":\"Person\",\"@id\":\"https:\/\/unasp.br\/noticias\/#\/schema\/person\/31f019c7998f233ad4e548824bf7c0df\",\"name\":\"Ana Silveira\",\"image\":{\"@type\":\"ImageObject\",\"inLanguage\":\"pt-BR\",\"@id\":\"https:\/\/unasp.br\/noticias\/#\/schema\/person\/image\/\",\"url\":\"https:\/\/secure.gravatar.com\/avatar\/6321ef5554e60944d8acf3f725a90e2d?s=96&d=mm&r=g\",\"contentUrl\":\"https:\/\/secure.gravatar.com\/avatar\/6321ef5554e60944d8acf3f725a90e2d?s=96&d=mm&r=g\",\"caption\":\"Ana Silveira\"},\"url\":\"https:\/\/unasp.br\/noticias\/author\/ana-silveiraunasp-edu-br\/\"}]}<\/script>\n<!-- \/ Yoast SEO plugin. -->","yoast_head_json":{"title":"UNASP Hortol\u00e2ndia incentiva solidariedade em semana de ora\u00e7\u00e3o","description":"Durantes os dias da semana de ora\u00e7\u00e3o do UNASP campus Hortol\u00e2ndia, o tema abordado foi \u201cVida solit\u00e1ria\/solid\u00e1ria\u201d.","robots":{"index":"index","follow":"follow","max-snippet":"max-snippet:-1","max-image-preview":"max-image-preview:large","max-video-preview":"max-video-preview:-1"},"canonical":"https:\/\/unasp.br\/noticias\/unasp-hortolandia-incentiva-solidariedade-em-semana-de-oracao\/","og_locale":"pt_BR","og_type":"article","og_title":"UNASP Hortol\u00e2ndia incentiva solidariedade em semana de ora\u00e7\u00e3o","og_description":"Durantes os dias da semana de ora\u00e7\u00e3o do UNASP campus Hortol\u00e2ndia, o tema abordado foi \u201cVida solit\u00e1ria\/solid\u00e1ria\u201d.","og_url":"https:\/\/unasp.br\/noticias\/unasp-hortolandia-incentiva-solidariedade-em-semana-de-oracao\/","og_site_name":"UNASP Noticias","article_published_time":"2023-03-20T12:53:36+00:00","article_modified_time":"2023-03-20T13:32:58+00:00","og_image":[{"width":1365,"height":2048,"url":"https:\/\/cdn.unasp.br\/unasp-noticias\/2023\/03\/20064635\/solidariedade1.jpg","type":"image\/jpeg"}],"author":"Ana Silveira","twitter_card":"summary_large_image","twitter_misc":{"Escrito por":"Ana Silveira","Est. tempo de leitura":"5 minutos"},"schema":{"@context":"https:\/\/schema.org","@graph":[{"@type":"Article","@id":"https:\/\/unasp.br\/noticias\/unasp-hortolandia-incentiva-solidariedade-em-semana-de-oracao\/#article","isPartOf":{"@id":"https:\/\/unasp.br\/noticias\/unasp-hortolandia-incentiva-solidariedade-em-semana-de-oracao\/"},"author":{"name":"Ana Silveira","@id":"https:\/\/unasp.br\/noticias\/#\/schema\/person\/31f019c7998f233ad4e548824bf7c0df"},"headline":"UNASP campus Hortol\u00e2ndia incentiva solidariedade em semana de adora\u00e7\u00e3o universit\u00e1ria","datePublished":"2023-03-20T12:53:36+00:00","dateModified":"2023-03-20T13:32:58+00:00","mainEntityOfPage":{"@id":"https:\/\/unasp.br\/noticias\/unasp-hortolandia-incentiva-solidariedade-em-semana-de-oracao\/"},"wordCount":722,"publisher":{"@id":"https:\/\/unasp.br\/noticias\/#organization"},"image":{"@id":"https:\/\/unasp.br\/noticias\/unasp-hortolandia-incentiva-solidariedade-em-semana-de-oracao\/#primaryimage"},"thumbnailUrl":"https:\/\/cdn.unasp.br\/unasp-noticias\/2023\/03\/20064635\/solidariedade1.jpg","keywords":["Hortol\u00e2ndia","semana de ora\u00e7\u00e3o","UNASP"],"articleSection":["Acontece no UNASP"],"inLanguage":"pt-BR"},{"@type":"WebPage","@id":"https:\/\/unasp.br\/noticias\/unasp-hortolandia-incentiva-solidariedade-em-semana-de-oracao\/","url":"https:\/\/unasp.br\/noticias\/unasp-hortolandia-incentiva-solidariedade-em-semana-de-oracao\/","name":"UNASP Hortol\u00e2ndia incentiva solidariedade em semana de ora\u00e7\u00e3o","isPartOf":{"@id":"https:\/\/unasp.br\/noticias\/#website"},"primaryImageOfPage":{"@id":"https:\/\/unasp.br\/noticias\/unasp-hortolandia-incentiva-solidariedade-em-semana-de-oracao\/#primaryimage"},"image":{"@id":"https:\/\/unasp.br\/noticias\/unasp-hortolandia-incentiva-solidariedade-em-semana-de-oracao\/#primaryimage"},"thumbnailUrl":"https:\/\/cdn.unasp.br\/unasp-noticias\/2023\/03\/20064635\/solidariedade1.jpg","datePublished":"2023-03-20T12:53:36+00:00","dateModified":"2023-03-20T13:32:58+00:00","description":"Durantes os dias da semana de ora\u00e7\u00e3o do UNASP campus Hortol\u00e2ndia, o tema abordado foi \u201cVida solit\u00e1ria\/solid\u00e1ria\u201d.","breadcrumb":{"@id":"https:\/\/unasp.br\/noticias\/unasp-hortolandia-incentiva-solidariedade-em-semana-de-oracao\/#breadcrumb"},"inLanguage":"pt-BR","potentialAction":[{"@type":"ReadAction","target":["https:\/\/unasp.br\/noticias\/unasp-hortolandia-incentiva-solidariedade-em-semana-de-oracao\/"]}]},{"@type":"ImageObject","inLanguage":"pt-BR","@id":"https:\/\/unasp.br\/noticias\/unasp-hortolandia-incentiva-solidariedade-em-semana-de-oracao\/#primaryimage","url":"https:\/\/cdn.unasp.br\/unasp-noticias\/2023\/03\/20064635\/solidariedade1.jpg","contentUrl":"https:\/\/cdn.unasp.br\/unasp-noticias\/2023\/03\/20064635\/solidariedade1.jpg","width":1365,"height":2048,"caption":"Semana de Ora\u00e7\u00e3o incentiva solidariedade."},{"@type":"BreadcrumbList","@id":"https:\/\/unasp.br\/noticias\/unasp-hortolandia-incentiva-solidariedade-em-semana-de-oracao\/#breadcrumb","itemListElement":[{"@type":"ListItem","position":1,"name":"In\u00edcio","item":"https:\/\/unasp.br\/noticias\/"},{"@type":"ListItem","position":2,"name":"UNASP campus Hortol\u00e2ndia incentiva solidariedade em semana de adora\u00e7\u00e3o universit\u00e1ria"}]},{"@type":"WebSite","@id":"https:\/\/unasp.br\/noticias\/#website","url":"https:\/\/unasp.br\/noticias\/","name":"UNASP Noticias","description":"Centro Universit\u00e1rio Adventista de S\u00e3o Paulo","publisher":{"@id":"https:\/\/unasp.br\/noticias\/#organization"},"potentialAction":[{"@type":"SearchAction","target":{"@type":"EntryPoint","urlTemplate":"https:\/\/unasp.br\/noticias\/?s={search_term_string}"},"query-input":{"@type":"PropertyValueSpecification","valueRequired":true,"valueName":"search_term_string"}}],"inLanguage":"pt-BR"},{"@type":"Organization","@id":"https:\/\/unasp.br\/noticias\/#organization","name":"UNASP Noticias","url":"https:\/\/unasp.br\/noticias\/","logo":{"@type":"ImageObject","inLanguage":"pt-BR","@id":"https:\/\/unasp.br\/noticias\/#\/schema\/logo\/image\/","url":"https:\/\/cdn.unasp.br\/noticias\/wp-content\/uploads\/2021\/09\/09152724\/logo-unasp-news.png","contentUrl":"https:\/\/cdn.unasp.br\/noticias\/wp-content\/uploads\/2021\/09\/09152724\/logo-unasp-news.png","width":240,"height":41,"caption":"UNASP Noticias"},"image":{"@id":"https:\/\/unasp.br\/noticias\/#\/schema\/logo\/image\/"}},{"@type":"Person","@id":"https:\/\/unasp.br\/noticias\/#\/schema\/person\/31f019c7998f233ad4e548824bf7c0df","name":"Ana Silveira","image":{"@type":"ImageObject","inLanguage":"pt-BR","@id":"https:\/\/unasp.br\/noticias\/#\/schema\/person\/image\/","url":"https:\/\/secure.gravatar.com\/avatar\/6321ef5554e60944d8acf3f725a90e2d?s=96&d=mm&r=g","contentUrl":"https:\/\/secure.gravatar.com\/avatar\/6321ef5554e60944d8acf3f725a90e2d?s=96&d=mm&r=g","caption":"Ana Silveira"},"url":"https:\/\/unasp.br\/noticias\/author\/ana-silveiraunasp-edu-br\/"}]}},"_links":{"self":[{"href":"https:\/\/unasp.br\/noticias\/wp-json\/wp\/v2\/posts\/100058"}],"collection":[{"href":"https:\/\/unasp.br\/noticias\/wp-json\/wp\/v2\/posts"}],"about":[{"href":"https:\/\/unasp.br\/noticias\/wp-json\/wp\/v2\/types\/post"}],"author":[{"embeddable":true,"href":"https:\/\/unasp.br\/noticias\/wp-json\/wp\/v2\/users\/76"}],"replies":[{"embeddable":true,"href":"https:\/\/unasp.br\/noticias\/wp-json\/wp\/v2\/comments?post=100058"}],"version-history":[{"count":3,"href":"https:\/\/unasp.br\/noticias\/wp-json\/wp\/v2\/posts\/100058\/revisions"}],"predecessor-version":[{"id":100063,"href":"https:\/\/unasp.br\/noticias\/wp-json\/wp\/v2\/posts\/100058\/revisions\/100063"}],"wp:featuredmedia":[{"embeddable":true,"href":"https:\/\/unasp.br\/noticias\/wp-json\/wp\/v2\/media\/100059"}],"wp:attachment":[{"href":"https:\/\/unasp.br\/noticias\/wp-json\/wp\/v2\/media?parent=100058"}],"wp:term":[{"taxonomy":"category","embeddable":true,"href":"https:\/\/unasp.br\/noticias\/wp-json\/wp\/v2\/categories?post=100058"},{"taxonomy":"post_tag","embeddable":true,"href":"https:\/\/unasp.br\/noticias\/wp-json\/wp\/v2\/tags?post=100058"}],"curies":[{"name":"wp","href":"https:\/\/api.w.org\/{rel}","templated":true}]}}