{"id":100105,"date":"2023-03-28T13:41:15","date_gmt":"2023-03-28T16:41:15","guid":{"rendered":"https:\/\/unasp.br\/noticias\/?p=100105"},"modified":"2023-03-28T13:41:17","modified_gmt":"2023-03-28T16:41:17","slug":"amor-e-acao-fim-de-semana-celebra-o-dia-mundial-do-jovem-adventista","status":"publish","type":"post","link":"https:\/\/unasp.br\/noticias\/amor-e-acao-fim-de-semana-celebra-o-dia-mundial-do-jovem-adventista\/","title":{"rendered":"<strong>Amor \u00e9 A\u00e7\u00e3o: fim de semana celebra o Dia Mundial do Jovem Adventista<\/strong>"},"content":{"rendered":"\n<p>O UNASP campus Hortol\u00e2ndia celebrou o Dia Mundial do Jovem Adventista neste final de semana com o tema \u201cAmor \u00e9 A\u00e7\u00e3o\u201d. A Pastoral, juntamente com a Igreja do UNASP, decidiu realizar a comemora\u00e7\u00e3o atrav\u00e9s de diferentes atividades para a comunidade jovem, como cultos especiais, a\u00e7\u00f5es solid\u00e1rias e momentos de confraterniza\u00e7\u00e3o no Complexo Esportivo da unidade.<\/p>\n\n\n\n<figure class=\"wp-block-image\"><img decoding=\"async\" src=\"https:\/\/lh3.googleusercontent.com\/GM5zAOOZA6CVurwRAyi7eQj8KkTdgBE4yDYBs7aqCdzR5FxpexsB6am-JYyyurieFV3rRoSw9XEy0X5mjx_XAj2eMtrcj4dyliEwXvpi9-loon7Pab8tSf6pSY1k3EwF8ouXq3DhFlkOkrG0cmdKHnA\" alt=\"\"\/><figcaption class=\"wp-element-caption\"><em>Programa foi marcado por muita m\u00fasica e conversa. (Foto: Leonardo Trevisan &#8211; N\u00facleo de Comunica\u00e7\u00e3o do UNASP Hortol\u00e2ndia)<\/em><\/figcaption><\/figure>\n\n\n\n<p>O Diretor de Desenvolvimento Espiritual do campus Hortol\u00e2ndia, S\u00e9rgio Klein, explica que apesar do Dia Mundial do Jovem Adventista ter sido celebrado dia 18 de mar\u00e7o, a institui\u00e7\u00e3o optou por transformar a comemora\u00e7\u00e3o de um dia em todo um fim de semana especial para os jovens da igreja. Segundo ele, al\u00e9m de ter sido um programa direcionado aos jovens, foi um programa organizado e produzido pelos jovens.<\/p>\n\n\n\n<p>\u201cUtilizando o tema escolhido para a celebra\u00e7\u00e3o dos jovens, resolvemos demonstrar que o nosso amor precisa ser ativamente compartilhado com as pessoas. N\u00e3o adianta a gente pensar, sentir algo especial ou falar algo especial, se n\u00e3o praticarmos. Com isso em mente, os desafiamos a praticar o bem, amar o pr\u00f3ximo e ir para as a\u00e7\u00f5es\u201d, conta o Pastor Jovem da Igreja do UNASP campus Hortol\u00e2ndia, Daniel Greg\u00f3rio.<\/p>\n\n\n\n<p>Para C\u00e2ndido Gomes, L\u00edder do Minist\u00e9rio Jovem da Uni\u00e3o Central Brasileira, o fim de semana do jovem adventista \u00e9 uma oportunidade para a Igreja reconhecer o valor e as capacidades dos jovens. \u201cDurante o dia de celebra\u00e7\u00e3o aos jovens, s\u00e3o realizadas diversas a\u00e7\u00f5es na igreja. Al\u00e9m dessas atividades, os jovens desenvolvem projetos para fora das quatro paredes dos templos. \u00c9 um momento de conectar a igreja com a comunidade e de aben\u00e7oar pessoas.&nbsp; Assim, usando o m\u00e9todo de Cristo, se misturar com as pessoas, descobrir as necessidades e ministr\u00e1-las, conquistar simpatia e, no futuro, convid\u00e1-las a seguir a Ele junto conosco\u201d, destaca.<\/p>\n\n\n\n<figure class=\"wp-block-image\"><img decoding=\"async\" src=\"https:\/\/lh6.googleusercontent.com\/FMtVdqmUJV02SBWC0-cjNFoOsk2KgDeEhO8NKPqklXQ4PrGnHbZZRbdjDLHPDEF4KfMKJmXNlTCKO0EU24hb5ebWQygbs2VM3k-yJ_NXHKapOucVwyLf8u_4Y2Tb6GhmnqlxnAcGMtUFzbrEuQSPDKM\" alt=\"\"\/><figcaption class=\"wp-element-caption\">Jovens celebram juntos em Hortol\u00e2ndia. <em>(Foto: Leonardo Trevisan &#8211; N\u00facleo de Comunica\u00e7\u00e3o do UNASP Hortol\u00e2ndia)<\/em><\/figcaption><\/figure>\n\n\n\n<p>Al\u00e9m disso, afirma que \u00e9 papel dos l\u00edderes da igreja abrir caminhos e inaugurar novas frentes para que os jovens possam se envolver na miss\u00e3o. Segundo ele, os respons\u00e1veis precisam dar aos jovens protagonismo, confiar a eles responsabilidades e deixar que Deus os use atrav\u00e9s de suas caracter\u00edsticas e dons.<\/p>\n\n\n\n<p>Samuel Scolari, um dos organizadores e participantes da comemora\u00e7\u00e3o, conta que foi gratificante ver as programa\u00e7\u00f5es repleta de jovens. Segundo ele, esses eventos foram importantes porque marcaram a volta de cultos direcionados \u00e0 comunidade jovem do UNASP campus Hortol\u00e2ndia. Al\u00e9m disso, conta que o mais emocionante foi ver que todas as pessoas que participaram estavam aproveitando. \u201cEspero poder continuar marcando vidas atrav\u00e9s de Cristo\u201d, termina.<\/p>\n\n\n\n<h2 class=\"wp-block-heading\"><strong>A volta dos cultos de sexta \u00e0 noite<\/strong><\/h2>\n\n\n\n<p>S\u00e9rgio Klein conta que, desde o fim de 2021, a igreja n\u00e3o realizava mais os cultos de sexta \u00e0 noite. Por\u00e9m, ap\u00f3s perceber que a comunidade jovem estava sentindo falta de programa\u00e7\u00f5es para o in\u00edcio do s\u00e1bado, eles resolveram retornar, mas com um novo formato. Agora, o culto de sexta \u00e9 chamado de \u201cPrimeira Hora\u201d e come\u00e7a \u00e0s 19h com a\u00e7\u00f5es em comunidades carentes de Hortol\u00e2ndia. Ap\u00f3s as a\u00e7\u00f5es solid\u00e1rias, a comunidade se re\u00fane para o momento de adora\u00e7\u00e3o.<\/p>\n\n\n\n<figure class=\"wp-block-image\"><img decoding=\"async\" src=\"https:\/\/lh6.googleusercontent.com\/WXUNSA4iIdfxa5r2qKsYC_JxW_Lx2BbvHAj8lGLgwr6xvZcR9_m2IAwdHyABnsJpbrOU602xiQ2evGCwArLJ3w3tQNhQTjKy01ROM9pjH90MgBedOYhaRtS6E16czQ2Zp8cJZ7lJUejp_ewfVuF8SRg\" alt=\"\"\/><figcaption class=\"wp-element-caption\">Comunidade participou do retorno de programas voltados aos jovens. <em>(Foto: Leonardo Trevisan &#8211; N\u00facleo de Comunica\u00e7\u00e3o do UNASP Hortol\u00e2ndia)<\/em><\/figcaption><\/figure>\n\n\n\n<p>O primeiro culto de sexta de 2023 foi marcado pela prega\u00e7\u00e3o do Pastor C\u00e2ndido Gomes, que falou sobre o papel dos seguidores de Jesus na Terra. \u201cA gente est\u00e1 aqui para preservar valores que o tempo e o pecado est\u00e3o tentando destruir. A gente est\u00e1 aqui pra quebrar a frieza, a dureza e a indiferen\u00e7a desse tempo. Estamos aqui para revelar o verdadeiro sabor da vida. Foi sobre isso que refletimos na sexta \u00e0 noite, sobre os nossos deveres\u201d, diz.<\/p>\n\n\n\n<p>Segundo Daniel Greg\u00f3rio, os cultos de sexta s\u00e3o muito importantes, pois os jovens t\u00eam a oportunidade de mostrar seus talentos. \u00c9 um momento de alegria, empolga\u00e7\u00e3o e de muitas atividades. Para ele, as programa\u00e7\u00f5es oferecidas s\u00e3o e continuar\u00e3o sendo uma ben\u00e7\u00e3o na vida da comunidade jovem do campus.<\/p>\n\n\n\n<p>Scolari conta que ele e os demais jovens da igreja ficaram muito animados com o an\u00fancio do retorno dos cultos de sexta, porque, segundo eles, todos estavam sentindo falta de atividades especiais na igreja. \u201cA volta dos cultos de sexta, agora chamados de \u2018Primeira Hora\u2019, \u00e9 muito importante para a presen\u00e7a ativa dos jovens na igreja. \u00c9 legal ver que a Igreja e a pastoral est\u00e3o se esfor\u00e7ando para que os cultos sejam bem aproveitados por todo mundo\u201d, conclui.<\/p>\n","protected":false},"excerpt":{"rendered":"<p>A comemora\u00e7\u00e3o foi repleta de momentos para exercitar a criatividade, p\u00f4r em pr\u00e1tica novos projetos e realizar a\u00e7\u00f5es solid\u00e1rias.<\/p>\n","protected":false},"author":76,"featured_media":100108,"comment_status":"closed","ping_status":"open","sticky":false,"template":"","format":"standard","meta":{"footnotes":""},"categories":[6],"tags":[3465,3275,60],"yoast_head":"<!-- This site is optimized with the Yoast SEO plugin v23.5 - https:\/\/yoast.com\/wordpress\/plugins\/seo\/ -->\n<title>Amor \u00e9 A\u00e7\u00e3o: fim de semana celebra o Dia do Jovem Adventista<\/title>\n<meta name=\"description\" content=\"O UNASP campus Hortol\u00e2ndia celebrou o Dia Mundial do Jovem Adventista neste final de semana com o tema \u201cAmor \u00e9 A\u00e7\u00e3o\u201d.\" \/>\n<meta name=\"robots\" content=\"index, follow, max-snippet:-1, max-image-preview:large, max-video-preview:-1\" \/>\n<link rel=\"canonical\" href=\"https:\/\/unasp.br\/noticias\/amor-e-acao-fim-de-semana-celebra-o-dia-mundial-do-jovem-adventista\/\" \/>\n<meta property=\"og:locale\" content=\"pt_BR\" \/>\n<meta property=\"og:type\" content=\"article\" \/>\n<meta property=\"og:title\" content=\"Amor \u00e9 A\u00e7\u00e3o: fim de semana celebra o Dia do Jovem Adventista\" \/>\n<meta property=\"og:description\" content=\"O UNASP campus Hortol\u00e2ndia celebrou o Dia Mundial do Jovem Adventista neste final de semana com o tema \u201cAmor \u00e9 A\u00e7\u00e3o\u201d.\" \/>\n<meta property=\"og:url\" content=\"https:\/\/unasp.br\/noticias\/amor-e-acao-fim-de-semana-celebra-o-dia-mundial-do-jovem-adventista\/\" \/>\n<meta property=\"og:site_name\" content=\"UNASP Noticias\" \/>\n<meta property=\"article:published_time\" content=\"2023-03-28T16:41:15+00:00\" \/>\n<meta property=\"article:modified_time\" content=\"2023-03-28T16:41:17+00:00\" \/>\n<meta property=\"og:image\" content=\"https:\/\/unasp.br\/noticias\/wp-content\/uploads\/2023\/03\/amareacao.jpg\" \/>\n\t<meta property=\"og:image:width\" content=\"1600\" \/>\n\t<meta property=\"og:image:height\" content=\"1067\" \/>\n\t<meta property=\"og:image:type\" content=\"image\/jpeg\" \/>\n<meta name=\"author\" content=\"Ana Silveira\" \/>\n<meta name=\"twitter:card\" content=\"summary_large_image\" \/>\n<meta name=\"twitter:label1\" content=\"Escrito por\" \/>\n\t<meta name=\"twitter:data1\" content=\"Ana Silveira\" \/>\n\t<meta name=\"twitter:label2\" content=\"Est. tempo de leitura\" \/>\n\t<meta name=\"twitter:data2\" content=\"5 minutos\" \/>\n<script type=\"application\/ld+json\" class=\"yoast-schema-graph\">{\"@context\":\"https:\/\/schema.org\",\"@graph\":[{\"@type\":\"Article\",\"@id\":\"https:\/\/unasp.br\/noticias\/amor-e-acao-fim-de-semana-celebra-o-dia-mundial-do-jovem-adventista\/#article\",\"isPartOf\":{\"@id\":\"https:\/\/unasp.br\/noticias\/amor-e-acao-fim-de-semana-celebra-o-dia-mundial-do-jovem-adventista\/\"},\"author\":{\"name\":\"Ana Silveira\",\"@id\":\"https:\/\/unasp.br\/noticias\/#\/schema\/person\/31f019c7998f233ad4e548824bf7c0df\"},\"headline\":\"Amor \u00e9 A\u00e7\u00e3o: fim de semana celebra o Dia Mundial do Jovem Adventista\",\"datePublished\":\"2023-03-28T16:41:15+00:00\",\"dateModified\":\"2023-03-28T16:41:17+00:00\",\"mainEntityOfPage\":{\"@id\":\"https:\/\/unasp.br\/noticias\/amor-e-acao-fim-de-semana-celebra-o-dia-mundial-do-jovem-adventista\/\"},\"wordCount\":836,\"publisher\":{\"@id\":\"https:\/\/unasp.br\/noticias\/#organization\"},\"image\":{\"@id\":\"https:\/\/unasp.br\/noticias\/amor-e-acao-fim-de-semana-celebra-o-dia-mundial-do-jovem-adventista\/#primaryimage\"},\"thumbnailUrl\":\"https:\/\/cdn.unasp.br\/unasp-noticias\/2023\/03\/04112129\/amareacao.jpg\",\"keywords\":[\"Amor \u00e9 a\u00e7\u00e3o\",\"Hortol\u00e2ndia\",\"UNASP\"],\"articleSection\":[\"Acontece no UNASP\"],\"inLanguage\":\"pt-BR\"},{\"@type\":\"WebPage\",\"@id\":\"https:\/\/unasp.br\/noticias\/amor-e-acao-fim-de-semana-celebra-o-dia-mundial-do-jovem-adventista\/\",\"url\":\"https:\/\/unasp.br\/noticias\/amor-e-acao-fim-de-semana-celebra-o-dia-mundial-do-jovem-adventista\/\",\"name\":\"Amor \u00e9 A\u00e7\u00e3o: fim de semana celebra o Dia do Jovem Adventista\",\"isPartOf\":{\"@id\":\"https:\/\/unasp.br\/noticias\/#website\"},\"primaryImageOfPage\":{\"@id\":\"https:\/\/unasp.br\/noticias\/amor-e-acao-fim-de-semana-celebra-o-dia-mundial-do-jovem-adventista\/#primaryimage\"},\"image\":{\"@id\":\"https:\/\/unasp.br\/noticias\/amor-e-acao-fim-de-semana-celebra-o-dia-mundial-do-jovem-adventista\/#primaryimage\"},\"thumbnailUrl\":\"https:\/\/cdn.unasp.br\/unasp-noticias\/2023\/03\/04112129\/amareacao.jpg\",\"datePublished\":\"2023-03-28T16:41:15+00:00\",\"dateModified\":\"2023-03-28T16:41:17+00:00\",\"description\":\"O UNASP campus Hortol\u00e2ndia celebrou o Dia Mundial do Jovem Adventista neste final de semana com o tema \u201cAmor \u00e9 A\u00e7\u00e3o\u201d.\",\"breadcrumb\":{\"@id\":\"https:\/\/unasp.br\/noticias\/amor-e-acao-fim-de-semana-celebra-o-dia-mundial-do-jovem-adventista\/#breadcrumb\"},\"inLanguage\":\"pt-BR\",\"potentialAction\":[{\"@type\":\"ReadAction\",\"target\":[\"https:\/\/unasp.br\/noticias\/amor-e-acao-fim-de-semana-celebra-o-dia-mundial-do-jovem-adventista\/\"]}]},{\"@type\":\"ImageObject\",\"inLanguage\":\"pt-BR\",\"@id\":\"https:\/\/unasp.br\/noticias\/amor-e-acao-fim-de-semana-celebra-o-dia-mundial-do-jovem-adventista\/#primaryimage\",\"url\":\"https:\/\/cdn.unasp.br\/unasp-noticias\/2023\/03\/04112129\/amareacao.jpg\",\"contentUrl\":\"https:\/\/cdn.unasp.br\/unasp-noticias\/2023\/03\/04112129\/amareacao.jpg\",\"width\":1600,\"height\":1067,\"caption\":\"Amar \u00e9 a\u00e7\u00e3o: fim de semana celebra Dia Mundial do Jovem Adventista.\"},{\"@type\":\"BreadcrumbList\",\"@id\":\"https:\/\/unasp.br\/noticias\/amor-e-acao-fim-de-semana-celebra-o-dia-mundial-do-jovem-adventista\/#breadcrumb\",\"itemListElement\":[{\"@type\":\"ListItem\",\"position\":1,\"name\":\"In\u00edcio\",\"item\":\"https:\/\/unasp.br\/noticias\/\"},{\"@type\":\"ListItem\",\"position\":2,\"name\":\"Amor \u00e9 A\u00e7\u00e3o: fim de semana celebra o Dia Mundial do Jovem Adventista\"}]},{\"@type\":\"WebSite\",\"@id\":\"https:\/\/unasp.br\/noticias\/#website\",\"url\":\"https:\/\/unasp.br\/noticias\/\",\"name\":\"UNASP Noticias\",\"description\":\"Centro Universit\u00e1rio Adventista de S\u00e3o Paulo\",\"publisher\":{\"@id\":\"https:\/\/unasp.br\/noticias\/#organization\"},\"potentialAction\":[{\"@type\":\"SearchAction\",\"target\":{\"@type\":\"EntryPoint\",\"urlTemplate\":\"https:\/\/unasp.br\/noticias\/?s={search_term_string}\"},\"query-input\":{\"@type\":\"PropertyValueSpecification\",\"valueRequired\":true,\"valueName\":\"search_term_string\"}}],\"inLanguage\":\"pt-BR\"},{\"@type\":\"Organization\",\"@id\":\"https:\/\/unasp.br\/noticias\/#organization\",\"name\":\"UNASP Noticias\",\"url\":\"https:\/\/unasp.br\/noticias\/\",\"logo\":{\"@type\":\"ImageObject\",\"inLanguage\":\"pt-BR\",\"@id\":\"https:\/\/unasp.br\/noticias\/#\/schema\/logo\/image\/\",\"url\":\"https:\/\/cdn.unasp.br\/noticias\/wp-content\/uploads\/2021\/09\/09152724\/logo-unasp-news.png\",\"contentUrl\":\"https:\/\/cdn.unasp.br\/noticias\/wp-content\/uploads\/2021\/09\/09152724\/logo-unasp-news.png\",\"width\":240,\"height\":41,\"caption\":\"UNASP Noticias\"},\"image\":{\"@id\":\"https:\/\/unasp.br\/noticias\/#\/schema\/logo\/image\/\"}},{\"@type\":\"Person\",\"@id\":\"https:\/\/unasp.br\/noticias\/#\/schema\/person\/31f019c7998f233ad4e548824bf7c0df\",\"name\":\"Ana Silveira\",\"image\":{\"@type\":\"ImageObject\",\"inLanguage\":\"pt-BR\",\"@id\":\"https:\/\/unasp.br\/noticias\/#\/schema\/person\/image\/\",\"url\":\"https:\/\/secure.gravatar.com\/avatar\/6321ef5554e60944d8acf3f725a90e2d?s=96&d=mm&r=g\",\"contentUrl\":\"https:\/\/secure.gravatar.com\/avatar\/6321ef5554e60944d8acf3f725a90e2d?s=96&d=mm&r=g\",\"caption\":\"Ana Silveira\"},\"url\":\"https:\/\/unasp.br\/noticias\/author\/ana-silveiraunasp-edu-br\/\"}]}<\/script>\n<!-- \/ Yoast SEO plugin. -->","yoast_head_json":{"title":"Amor \u00e9 A\u00e7\u00e3o: fim de semana celebra o Dia do Jovem Adventista","description":"O UNASP campus Hortol\u00e2ndia celebrou o Dia Mundial do Jovem Adventista neste final de semana com o tema \u201cAmor \u00e9 A\u00e7\u00e3o\u201d.","robots":{"index":"index","follow":"follow","max-snippet":"max-snippet:-1","max-image-preview":"max-image-preview:large","max-video-preview":"max-video-preview:-1"},"canonical":"https:\/\/unasp.br\/noticias\/amor-e-acao-fim-de-semana-celebra-o-dia-mundial-do-jovem-adventista\/","og_locale":"pt_BR","og_type":"article","og_title":"Amor \u00e9 A\u00e7\u00e3o: fim de semana celebra o Dia do Jovem Adventista","og_description":"O UNASP campus Hortol\u00e2ndia celebrou o Dia Mundial do Jovem Adventista neste final de semana com o tema \u201cAmor \u00e9 A\u00e7\u00e3o\u201d.","og_url":"https:\/\/unasp.br\/noticias\/amor-e-acao-fim-de-semana-celebra-o-dia-mundial-do-jovem-adventista\/","og_site_name":"UNASP Noticias","article_published_time":"2023-03-28T16:41:15+00:00","article_modified_time":"2023-03-28T16:41:17+00:00","og_image":[{"width":1600,"height":1067,"url":"https:\/\/unasp.br\/noticias\/wp-content\/uploads\/2023\/03\/amareacao.jpg","type":"image\/jpeg"}],"author":"Ana Silveira","twitter_card":"summary_large_image","twitter_misc":{"Escrito por":"Ana Silveira","Est. tempo de leitura":"5 minutos"},"schema":{"@context":"https:\/\/schema.org","@graph":[{"@type":"Article","@id":"https:\/\/unasp.br\/noticias\/amor-e-acao-fim-de-semana-celebra-o-dia-mundial-do-jovem-adventista\/#article","isPartOf":{"@id":"https:\/\/unasp.br\/noticias\/amor-e-acao-fim-de-semana-celebra-o-dia-mundial-do-jovem-adventista\/"},"author":{"name":"Ana Silveira","@id":"https:\/\/unasp.br\/noticias\/#\/schema\/person\/31f019c7998f233ad4e548824bf7c0df"},"headline":"Amor \u00e9 A\u00e7\u00e3o: fim de semana celebra o Dia Mundial do Jovem Adventista","datePublished":"2023-03-28T16:41:15+00:00","dateModified":"2023-03-28T16:41:17+00:00","mainEntityOfPage":{"@id":"https:\/\/unasp.br\/noticias\/amor-e-acao-fim-de-semana-celebra-o-dia-mundial-do-jovem-adventista\/"},"wordCount":836,"publisher":{"@id":"https:\/\/unasp.br\/noticias\/#organization"},"image":{"@id":"https:\/\/unasp.br\/noticias\/amor-e-acao-fim-de-semana-celebra-o-dia-mundial-do-jovem-adventista\/#primaryimage"},"thumbnailUrl":"https:\/\/cdn.unasp.br\/unasp-noticias\/2023\/03\/04112129\/amareacao.jpg","keywords":["Amor \u00e9 a\u00e7\u00e3o","Hortol\u00e2ndia","UNASP"],"articleSection":["Acontece no UNASP"],"inLanguage":"pt-BR"},{"@type":"WebPage","@id":"https:\/\/unasp.br\/noticias\/amor-e-acao-fim-de-semana-celebra-o-dia-mundial-do-jovem-adventista\/","url":"https:\/\/unasp.br\/noticias\/amor-e-acao-fim-de-semana-celebra-o-dia-mundial-do-jovem-adventista\/","name":"Amor \u00e9 A\u00e7\u00e3o: fim de semana celebra o Dia do Jovem Adventista","isPartOf":{"@id":"https:\/\/unasp.br\/noticias\/#website"},"primaryImageOfPage":{"@id":"https:\/\/unasp.br\/noticias\/amor-e-acao-fim-de-semana-celebra-o-dia-mundial-do-jovem-adventista\/#primaryimage"},"image":{"@id":"https:\/\/unasp.br\/noticias\/amor-e-acao-fim-de-semana-celebra-o-dia-mundial-do-jovem-adventista\/#primaryimage"},"thumbnailUrl":"https:\/\/cdn.unasp.br\/unasp-noticias\/2023\/03\/04112129\/amareacao.jpg","datePublished":"2023-03-28T16:41:15+00:00","dateModified":"2023-03-28T16:41:17+00:00","description":"O UNASP campus Hortol\u00e2ndia celebrou o Dia Mundial do Jovem Adventista neste final de semana com o tema \u201cAmor \u00e9 A\u00e7\u00e3o\u201d.","breadcrumb":{"@id":"https:\/\/unasp.br\/noticias\/amor-e-acao-fim-de-semana-celebra-o-dia-mundial-do-jovem-adventista\/#breadcrumb"},"inLanguage":"pt-BR","potentialAction":[{"@type":"ReadAction","target":["https:\/\/unasp.br\/noticias\/amor-e-acao-fim-de-semana-celebra-o-dia-mundial-do-jovem-adventista\/"]}]},{"@type":"ImageObject","inLanguage":"pt-BR","@id":"https:\/\/unasp.br\/noticias\/amor-e-acao-fim-de-semana-celebra-o-dia-mundial-do-jovem-adventista\/#primaryimage","url":"https:\/\/cdn.unasp.br\/unasp-noticias\/2023\/03\/04112129\/amareacao.jpg","contentUrl":"https:\/\/cdn.unasp.br\/unasp-noticias\/2023\/03\/04112129\/amareacao.jpg","width":1600,"height":1067,"caption":"Amar \u00e9 a\u00e7\u00e3o: fim de semana celebra Dia Mundial do Jovem Adventista."},{"@type":"BreadcrumbList","@id":"https:\/\/unasp.br\/noticias\/amor-e-acao-fim-de-semana-celebra-o-dia-mundial-do-jovem-adventista\/#breadcrumb","itemListElement":[{"@type":"ListItem","position":1,"name":"In\u00edcio","item":"https:\/\/unasp.br\/noticias\/"},{"@type":"ListItem","position":2,"name":"Amor \u00e9 A\u00e7\u00e3o: fim de semana celebra o Dia Mundial do Jovem Adventista"}]},{"@type":"WebSite","@id":"https:\/\/unasp.br\/noticias\/#website","url":"https:\/\/unasp.br\/noticias\/","name":"UNASP Noticias","description":"Centro Universit\u00e1rio Adventista de S\u00e3o Paulo","publisher":{"@id":"https:\/\/unasp.br\/noticias\/#organization"},"potentialAction":[{"@type":"SearchAction","target":{"@type":"EntryPoint","urlTemplate":"https:\/\/unasp.br\/noticias\/?s={search_term_string}"},"query-input":{"@type":"PropertyValueSpecification","valueRequired":true,"valueName":"search_term_string"}}],"inLanguage":"pt-BR"},{"@type":"Organization","@id":"https:\/\/unasp.br\/noticias\/#organization","name":"UNASP Noticias","url":"https:\/\/unasp.br\/noticias\/","logo":{"@type":"ImageObject","inLanguage":"pt-BR","@id":"https:\/\/unasp.br\/noticias\/#\/schema\/logo\/image\/","url":"https:\/\/cdn.unasp.br\/noticias\/wp-content\/uploads\/2021\/09\/09152724\/logo-unasp-news.png","contentUrl":"https:\/\/cdn.unasp.br\/noticias\/wp-content\/uploads\/2021\/09\/09152724\/logo-unasp-news.png","width":240,"height":41,"caption":"UNASP Noticias"},"image":{"@id":"https:\/\/unasp.br\/noticias\/#\/schema\/logo\/image\/"}},{"@type":"Person","@id":"https:\/\/unasp.br\/noticias\/#\/schema\/person\/31f019c7998f233ad4e548824bf7c0df","name":"Ana Silveira","image":{"@type":"ImageObject","inLanguage":"pt-BR","@id":"https:\/\/unasp.br\/noticias\/#\/schema\/person\/image\/","url":"https:\/\/secure.gravatar.com\/avatar\/6321ef5554e60944d8acf3f725a90e2d?s=96&d=mm&r=g","contentUrl":"https:\/\/secure.gravatar.com\/avatar\/6321ef5554e60944d8acf3f725a90e2d?s=96&d=mm&r=g","caption":"Ana Silveira"},"url":"https:\/\/unasp.br\/noticias\/author\/ana-silveiraunasp-edu-br\/"}]}},"_links":{"self":[{"href":"https:\/\/unasp.br\/noticias\/wp-json\/wp\/v2\/posts\/100105"}],"collection":[{"href":"https:\/\/unasp.br\/noticias\/wp-json\/wp\/v2\/posts"}],"about":[{"href":"https:\/\/unasp.br\/noticias\/wp-json\/wp\/v2\/types\/post"}],"author":[{"embeddable":true,"href":"https:\/\/unasp.br\/noticias\/wp-json\/wp\/v2\/users\/76"}],"replies":[{"embeddable":true,"href":"https:\/\/unasp.br\/noticias\/wp-json\/wp\/v2\/comments?post=100105"}],"version-history":[{"count":3,"href":"https:\/\/unasp.br\/noticias\/wp-json\/wp\/v2\/posts\/100105\/revisions"}],"predecessor-version":[{"id":100110,"href":"https:\/\/unasp.br\/noticias\/wp-json\/wp\/v2\/posts\/100105\/revisions\/100110"}],"wp:featuredmedia":[{"embeddable":true,"href":"https:\/\/unasp.br\/noticias\/wp-json\/wp\/v2\/media\/100108"}],"wp:attachment":[{"href":"https:\/\/unasp.br\/noticias\/wp-json\/wp\/v2\/media?parent=100105"}],"wp:term":[{"taxonomy":"category","embeddable":true,"href":"https:\/\/unasp.br\/noticias\/wp-json\/wp\/v2\/categories?post=100105"},{"taxonomy":"post_tag","embeddable":true,"href":"https:\/\/unasp.br\/noticias\/wp-json\/wp\/v2\/tags?post=100105"}],"curies":[{"name":"wp","href":"https:\/\/api.w.org\/{rel}","templated":true}]}}