{"id":100188,"date":"2023-04-06T10:28:57","date_gmt":"2023-04-06T13:28:57","guid":{"rendered":"https:\/\/unasp.br\/noticias\/?p=100188"},"modified":"2023-04-06T11:09:51","modified_gmt":"2023-04-06T14:09:51","slug":"semana-de-oracao-traz-reflexoes-sobre-bagagens-aos-alunos","status":"publish","type":"post","link":"https:\/\/unasp.br\/noticias\/semana-de-oracao-traz-reflexoes-sobre-bagagens-aos-alunos\/","title":{"rendered":"Semana de ora\u00e7\u00e3o traz reflex\u00f5es sobre bagagens aos alunos da Escola B\u00e1sica"},"content":{"rendered":"\n<p>Durante os dias da semana de ora\u00e7\u00e3o do Col\u00e9gio UNASP Hortol\u00e2ndia para o Ensino Fundamental II e Ensino M\u00e9dio, o tema abordado foi \u201cBagagens\u201d. Foram dias para refletir sobre o peso que se est\u00e1 carregando sozinho e entender que, ao lado de Jesus, o peso fica mais leve. A semana de ora\u00e7\u00e3o ocorreu entre os dias 3 e 6 de abril e foi repleta de momentos especiais com Cristo.<\/p>\n\n\n<div class=\"wp-block-image\">\n<figure class=\"aligncenter size-large\"><img loading=\"lazy\" decoding=\"async\" width=\"1024\" height=\"683\" src=\"https:\/\/cdn.unasp.br\/unasp-noticias\/2023\/04\/04111924\/sojahta-1024x683.jpg\" alt=\"\" class=\"wp-image-100196\" srcset=\"https:\/\/cdn.unasp.br\/unasp-noticias\/2023\/04\/04111924\/sojahta-1024x683.jpg 1024w, https:\/\/cdn.unasp.br\/unasp-noticias\/2023\/04\/04111924\/sojahta-300x200.jpg 300w, https:\/\/cdn.unasp.br\/unasp-noticias\/2023\/04\/04111924\/sojahta-768x512.jpg 768w, https:\/\/cdn.unasp.br\/unasp-noticias\/2023\/04\/04111924\/sojahta-1536x1024.jpg 1536w, https:\/\/cdn.unasp.br\/unasp-noticias\/2023\/04\/04111924\/sojahta-900x600.jpg 900w, https:\/\/cdn.unasp.br\/unasp-noticias\/2023\/04\/04111924\/sojahta-1200x800.jpg 1200w, https:\/\/cdn.unasp.br\/unasp-noticias\/2023\/04\/04111924\/sojahta-1080x720.jpg 1080w, https:\/\/cdn.unasp.br\/unasp-noticias\/2023\/04\/04111924\/sojahta-800x533.jpg 800w, https:\/\/cdn.unasp.br\/unasp-noticias\/2023\/04\/04111924\/sojahta-750x500.jpg 750w, https:\/\/cdn.unasp.br\/unasp-noticias\/2023\/04\/04111924\/sojahta-720x480.jpg 720w, https:\/\/cdn.unasp.br\/unasp-noticias\/2023\/04\/04111924\/sojahta-420x280.jpg 420w, https:\/\/cdn.unasp.br\/unasp-noticias\/2023\/04\/04111924\/sojahta-500x333.jpg 500w, https:\/\/cdn.unasp.br\/unasp-noticias\/2023\/04\/04111924\/sojahta-400x267.jpg 400w, https:\/\/cdn.unasp.br\/unasp-noticias\/2023\/04\/04111924\/sojahta-225x150.jpg 225w, https:\/\/cdn.unasp.br\/unasp-noticias\/2023\/04\/04111924\/sojahta-175x117.jpg 175w, https:\/\/cdn.unasp.br\/unasp-noticias\/2023\/04\/04111924\/sojahta-200x133.jpg 200w, https:\/\/cdn.unasp.br\/unasp-noticias\/2023\/04\/04111924\/sojahta-675x450.jpg 675w, https:\/\/cdn.unasp.br\/unasp-noticias\/2023\/04\/04111924\/sojahta-390x260.jpg 390w, https:\/\/cdn.unasp.br\/unasp-noticias\/2023\/04\/04111924\/sojahta.jpg 1999w\" sizes=\"(max-width: 1024px) 100vw, 1024px\" \/><figcaption class=\"wp-element-caption\">Alunos participaram de todos os dias. Foto: Centro de Comunica\u00e7\u00e3o campus Hortol\u00e2ndia<\/figcaption><\/figure><\/div>\n\n\n<p>A semana de ora\u00e7\u00e3o teve como prop\u00f3sito fazer com que os alunos refletissem sobre as bagagens desnecess\u00e1rias que costumam carregar, como o fracasso, medo, culpa ou cora\u00e7\u00f5es partidos. \u201cTodos n\u00f3s temos bagagens desnecess\u00e1rias acumuladas na mochila de nossas vidas e na faixa et\u00e1ria do p\u00fablico, manter o equil\u00edbrio entre os pesos da vida \u00e9 dif\u00edcil. Ent\u00e3o, nada melhor do que achar em Cristo o al\u00edvio necess\u00e1rio da vida\u201d, explica o orador da semana, Dhellano Tavares.<\/p>\n\n\n\n<p>Para o Capel\u00e3o do Col\u00e9gio UNASP Hortol\u00e2ndia dos n\u00edveis de Ensino Fundamental II e Ensino M\u00e9dio, Gustavo Kindermann, a semana est\u00e1 sendo uma ben\u00e7\u00e3o para os alunos. \u201c\u00c9 a primeira vez que n\u00f3s fazemos a semana de ora\u00e7\u00e3o durante a semana santa e est\u00e1 sendo muito marcante. O pregador est\u00e1 trazendo mensagens inspiradoras que est\u00e3o tocando o cora\u00e7\u00e3o dos nossos alunos\u201d, explica.<\/p>\n\n\n\n<h2 class=\"wp-block-heading\"><strong>A trajet\u00f3ria do pregador<\/strong><\/h2>\n\n\n\n<p>O pregador desta semana, Dhellano Tavares, tem 19 anos, \u00e9 natural de Natal, Rio Grande do Norte, e est\u00e1 no terceiro semestre de Teologia no UNASP campus Engenheiro Coelho, onde tamb\u00e9m auxilia na \u00e1rea de Dire\u00e7\u00e3o Espiritual do campus e do Col\u00e9gio UNASP de Engenheiro Coelho. Dhellano conta que desde que recebeu o convite para ser o orador da semana, em janeiro deste ano, ficou muito empolgado e j\u00e1 come\u00e7ou a planejar tudo para que essa semana tocasse os cora\u00e7\u00f5es dos jovens ali presentes.<\/p>\n\n\n\n<p>\u201cComo disse antes, assim que recebi o convite, fiquei muito empolgado. Por\u00e9m, quando entendi o tamanho da minha responsabilidade, fiquei um pouco nervoso, mas o processo de ora\u00e7\u00e3o e disposi\u00e7\u00e3o ao servi\u00e7o tiraram esse peso\u201d, comenta. Essa \u00e9 a primeira oportunidade que Dhellano teve de ministrar uma semana de ora\u00e7\u00e3o para um col\u00e9gio e, segundo ele, os alunos o receberam muito bem e n\u00e3o mediram esfor\u00e7os para demonstrar carinho por ele.<\/p>\n\n\n<div class=\"wp-block-image\">\n<figure class=\"alignleft size-large is-resized\"><img loading=\"lazy\" decoding=\"async\" src=\"https:\/\/cdn.unasp.br\/unasp-noticias\/2023\/04\/04111921\/sojahb-683x1024.jpg\" alt=\"\" class=\"wp-image-100197\" width=\"338\" height=\"507\" srcset=\"https:\/\/cdn.unasp.br\/unasp-noticias\/2023\/04\/04111921\/sojahb-683x1024.jpg 683w, https:\/\/cdn.unasp.br\/unasp-noticias\/2023\/04\/04111921\/sojahb-200x300.jpg 200w, https:\/\/cdn.unasp.br\/unasp-noticias\/2023\/04\/04111921\/sojahb-768x1152.jpg 768w, https:\/\/cdn.unasp.br\/unasp-noticias\/2023\/04\/04111921\/sojahb-1024x1536.jpg 1024w, https:\/\/cdn.unasp.br\/unasp-noticias\/2023\/04\/04111921\/sojahb-400x600.jpg 400w, https:\/\/cdn.unasp.br\/unasp-noticias\/2023\/04\/04111921\/sojahb-533x800.jpg 533w, https:\/\/cdn.unasp.br\/unasp-noticias\/2023\/04\/04111921\/sojahb-480x720.jpg 480w, https:\/\/cdn.unasp.br\/unasp-noticias\/2023\/04\/04111921\/sojahb-333x500.jpg 333w, https:\/\/cdn.unasp.br\/unasp-noticias\/2023\/04\/04111921\/sojahb-320x480.jpg 320w, https:\/\/cdn.unasp.br\/unasp-noticias\/2023\/04\/04111921\/sojahb-187x280.jpg 187w, https:\/\/cdn.unasp.br\/unasp-noticias\/2023\/04\/04111921\/sojahb-267x400.jpg 267w, https:\/\/cdn.unasp.br\/unasp-noticias\/2023\/04\/04111921\/sojahb-133x200.jpg 133w, https:\/\/cdn.unasp.br\/unasp-noticias\/2023\/04\/04111921\/sojahb-100x150.jpg 100w, https:\/\/cdn.unasp.br\/unasp-noticias\/2023\/04\/04111921\/sojahb-175x262.jpg 175w, https:\/\/cdn.unasp.br\/unasp-noticias\/2023\/04\/04111921\/sojahb-300x450.jpg 300w, https:\/\/cdn.unasp.br\/unasp-noticias\/2023\/04\/04111921\/sojahb-173x260.jpg 173w, https:\/\/cdn.unasp.br\/unasp-noticias\/2023\/04\/04111921\/sojahb.jpg 1333w\" sizes=\"(max-width: 338px) 100vw, 338px\" \/><figcaption class=\"wp-element-caption\">Dhelanno Tavares conduziu as reflex\u00f5es. Foto: Centro de Comunica\u00e7\u00e3o campus Hortol\u00e2ndia<\/figcaption><\/figure><\/div>\n\n\n<p>Para Dhellano, \u00e9 uma novidade sair da posi\u00e7\u00e3o de aluno sentado nos bancos da igreja assistindo as prega\u00e7\u00f5es para a posi\u00e7\u00e3o de pastor que est\u00e1 pregando. \u201cEst\u00e1 sendo uma experi\u00eancia surreal. As semanas de ora\u00e7\u00e3o sempre foram experi\u00eancias muito positivas para mim e para minha f\u00e9, ent\u00e3o tenho um carinho muito grande por esse modelo de culto\u201d, diz. Segundo ele, \u00e9 gratificante ver que est\u00e1 sendo um objeto nas m\u00e3os de Deus para influenciar de forma positiva os jovens do Col\u00e9gio UNASP unidade de Hortol\u00e2ndia.&nbsp;<\/p>\n\n\n\n<h2 class=\"wp-block-heading\"><strong>A import\u00e2ncia da semana de ora\u00e7\u00e3o<\/strong><\/h2>\n\n\n\n<p>Segundo Kindermann, a semana de ora\u00e7\u00e3o \u00e9 fundamental, pois \u00e9 um respiro para a escola e para os alunos, j\u00e1 que eles param durante algumas aulas para refletir mais sobre o amor de Deus e sobre a maneira que Cristo se importa com eles. \u201c\u00c9 um diferencial das escolas adventistas e creio que seja algo que existe para o crescimento espiritual de cada um, mas al\u00e9m disso, para o crescimento acad\u00eamico, tamb\u00e9m\u201d, comenta.<\/p>\n\n\n\n<p>O aluno do Ensino M\u00e9dio T\u00e9cnico em Inform\u00e1tica, Thiago Braga, acredita que o Col\u00e9gio UNASP possui um diferencial que \u00e9 proporcionar aos alunos alguns momentos especiais com Deus. Momentos esses que t\u00eam o poder de fazer os estudantes conhecerem Jesus. Al\u00e9m disso, podem auxiliar no desenvolvimento do relacionamento de cada um deles com Cristo.<\/p>\n\n\n\n<p>Para Gabrielle Ferelli, a semana de ora\u00e7\u00e3o foi muito marcante. \u201cO pastor que pregou foi incr\u00edvel. Ele nos fez refletir sobre as bagagens que precisamos carregar na nossa caminhada crist\u00e3. As mensagens musicais tamb\u00e9m foram muito especiais, pois nos fizeram ficar mais perto de Deus\u201d, conclui.<\/p>\n\n\n\n<figure class=\"wp-block-image size-large\"><img loading=\"lazy\" decoding=\"async\" width=\"1024\" height=\"683\" src=\"https:\/\/cdn.unasp.br\/unasp-noticias\/2023\/04\/04111912\/sojahtc-1-1024x683.jpg\" alt=\"\" class=\"wp-image-100200\" srcset=\"https:\/\/cdn.unasp.br\/unasp-noticias\/2023\/04\/04111912\/sojahtc-1-1024x683.jpg 1024w, https:\/\/cdn.unasp.br\/unasp-noticias\/2023\/04\/04111912\/sojahtc-1-300x200.jpg 300w, https:\/\/cdn.unasp.br\/unasp-noticias\/2023\/04\/04111912\/sojahtc-1-768x512.jpg 768w, https:\/\/cdn.unasp.br\/unasp-noticias\/2023\/04\/04111912\/sojahtc-1-1536x1024.jpg 1536w, https:\/\/cdn.unasp.br\/unasp-noticias\/2023\/04\/04111912\/sojahtc-1-900x600.jpg 900w, https:\/\/cdn.unasp.br\/unasp-noticias\/2023\/04\/04111912\/sojahtc-1-1200x800.jpg 1200w, https:\/\/cdn.unasp.br\/unasp-noticias\/2023\/04\/04111912\/sojahtc-1-1080x720.jpg 1080w, https:\/\/cdn.unasp.br\/unasp-noticias\/2023\/04\/04111912\/sojahtc-1-800x533.jpg 800w, https:\/\/cdn.unasp.br\/unasp-noticias\/2023\/04\/04111912\/sojahtc-1-750x500.jpg 750w, https:\/\/cdn.unasp.br\/unasp-noticias\/2023\/04\/04111912\/sojahtc-1-720x480.jpg 720w, https:\/\/cdn.unasp.br\/unasp-noticias\/2023\/04\/04111912\/sojahtc-1-420x280.jpg 420w, https:\/\/cdn.unasp.br\/unasp-noticias\/2023\/04\/04111912\/sojahtc-1-500x333.jpg 500w, https:\/\/cdn.unasp.br\/unasp-noticias\/2023\/04\/04111912\/sojahtc-1-400x267.jpg 400w, https:\/\/cdn.unasp.br\/unasp-noticias\/2023\/04\/04111912\/sojahtc-1-225x150.jpg 225w, https:\/\/cdn.unasp.br\/unasp-noticias\/2023\/04\/04111912\/sojahtc-1-175x117.jpg 175w, https:\/\/cdn.unasp.br\/unasp-noticias\/2023\/04\/04111912\/sojahtc-1-200x133.jpg 200w, https:\/\/cdn.unasp.br\/unasp-noticias\/2023\/04\/04111912\/sojahtc-1-675x450.jpg 675w, https:\/\/cdn.unasp.br\/unasp-noticias\/2023\/04\/04111912\/sojahtc-1-390x260.jpg 390w, https:\/\/cdn.unasp.br\/unasp-noticias\/2023\/04\/04111912\/sojahtc-1.jpg 1999w\" sizes=\"(max-width: 1024px) 100vw, 1024px\" \/><figcaption class=\"wp-element-caption\">Estudantes sa\u00edram gratos da Semana de Ora\u00e7\u00e3o. Foto: Centro de Comunica\u00e7\u00e3o campus Hortol\u00e2ndia<\/figcaption><\/figure>\n","protected":false},"excerpt":{"rendered":"<p>M\u00fasicas, mensagens e di\u00e1logo marcaram os encontros.<\/p>\n","protected":false},"author":76,"featured_media":100196,"comment_status":"closed","ping_status":"open","sticky":false,"template":"","format":"standard","meta":{"footnotes":""},"categories":[6],"tags":[3475,3473],"yoast_head":"<!-- This site is optimized with the Yoast SEO plugin v23.5 - https:\/\/yoast.com\/wordpress\/plugins\/seo\/ -->\n<title>Semana de ora\u00e7\u00e3o traz reflex\u00f5es sobre bagagens aos alunos<\/title>\n<meta name=\"description\" content=\"A semana de ora\u00e7\u00e3o &quot;Bagagens&quot; ocorreu entre os dias 3 e 6 de abril e foi repleta de momentos especiais com Cristo.\" \/>\n<meta name=\"robots\" content=\"index, follow, max-snippet:-1, max-image-preview:large, max-video-preview:-1\" \/>\n<link rel=\"canonical\" href=\"https:\/\/unasp.br\/noticias\/semana-de-oracao-traz-reflexoes-sobre-bagagens-aos-alunos\/\" \/>\n<meta property=\"og:locale\" content=\"pt_BR\" \/>\n<meta property=\"og:type\" content=\"article\" \/>\n<meta property=\"og:title\" content=\"Semana de ora\u00e7\u00e3o traz reflex\u00f5es sobre bagagens aos alunos\" \/>\n<meta property=\"og:description\" content=\"A semana de ora\u00e7\u00e3o &quot;Bagagens&quot; ocorreu entre os dias 3 e 6 de abril e foi repleta de momentos especiais com Cristo.\" \/>\n<meta property=\"og:url\" content=\"https:\/\/unasp.br\/noticias\/semana-de-oracao-traz-reflexoes-sobre-bagagens-aos-alunos\/\" \/>\n<meta property=\"og:site_name\" content=\"UNASP Noticias\" \/>\n<meta property=\"article:published_time\" content=\"2023-04-06T13:28:57+00:00\" \/>\n<meta property=\"article:modified_time\" content=\"2023-04-06T14:09:51+00:00\" \/>\n<meta property=\"og:image\" content=\"https:\/\/unasp.br\/noticias\/wp-content\/uploads\/2023\/04\/sojahta.jpg\" \/>\n\t<meta property=\"og:image:width\" content=\"1999\" \/>\n\t<meta property=\"og:image:height\" content=\"1333\" \/>\n\t<meta property=\"og:image:type\" content=\"image\/jpeg\" \/>\n<meta name=\"author\" content=\"Ana Silveira\" \/>\n<meta name=\"twitter:card\" content=\"summary_large_image\" \/>\n<meta name=\"twitter:label1\" content=\"Escrito por\" \/>\n\t<meta name=\"twitter:data1\" content=\"Ana Silveira\" \/>\n\t<meta name=\"twitter:label2\" content=\"Est. tempo de leitura\" \/>\n\t<meta name=\"twitter:data2\" content=\"5 minutos\" \/>\n<script type=\"application\/ld+json\" class=\"yoast-schema-graph\">{\"@context\":\"https:\/\/schema.org\",\"@graph\":[{\"@type\":\"Article\",\"@id\":\"https:\/\/unasp.br\/noticias\/semana-de-oracao-traz-reflexoes-sobre-bagagens-aos-alunos\/#article\",\"isPartOf\":{\"@id\":\"https:\/\/unasp.br\/noticias\/semana-de-oracao-traz-reflexoes-sobre-bagagens-aos-alunos\/\"},\"author\":{\"name\":\"Ana Silveira\",\"@id\":\"https:\/\/unasp.br\/noticias\/#\/schema\/person\/31f019c7998f233ad4e548824bf7c0df\"},\"headline\":\"Semana de ora\u00e7\u00e3o traz reflex\u00f5es sobre bagagens aos alunos da Escola B\u00e1sica\",\"datePublished\":\"2023-04-06T13:28:57+00:00\",\"dateModified\":\"2023-04-06T14:09:51+00:00\",\"mainEntityOfPage\":{\"@id\":\"https:\/\/unasp.br\/noticias\/semana-de-oracao-traz-reflexoes-sobre-bagagens-aos-alunos\/\"},\"wordCount\":744,\"publisher\":{\"@id\":\"https:\/\/unasp.br\/noticias\/#organization\"},\"image\":{\"@id\":\"https:\/\/unasp.br\/noticias\/semana-de-oracao-traz-reflexoes-sobre-bagagens-aos-alunos\/#primaryimage\"},\"thumbnailUrl\":\"https:\/\/cdn.unasp.br\/unasp-noticias\/2023\/04\/04111924\/sojahta.jpg\",\"keywords\":[\"Bagagens\",\"SOJA\"],\"articleSection\":[\"Acontece no UNASP\"],\"inLanguage\":\"pt-BR\"},{\"@type\":\"WebPage\",\"@id\":\"https:\/\/unasp.br\/noticias\/semana-de-oracao-traz-reflexoes-sobre-bagagens-aos-alunos\/\",\"url\":\"https:\/\/unasp.br\/noticias\/semana-de-oracao-traz-reflexoes-sobre-bagagens-aos-alunos\/\",\"name\":\"Semana de ora\u00e7\u00e3o traz reflex\u00f5es sobre bagagens aos alunos\",\"isPartOf\":{\"@id\":\"https:\/\/unasp.br\/noticias\/#website\"},\"primaryImageOfPage\":{\"@id\":\"https:\/\/unasp.br\/noticias\/semana-de-oracao-traz-reflexoes-sobre-bagagens-aos-alunos\/#primaryimage\"},\"image\":{\"@id\":\"https:\/\/unasp.br\/noticias\/semana-de-oracao-traz-reflexoes-sobre-bagagens-aos-alunos\/#primaryimage\"},\"thumbnailUrl\":\"https:\/\/cdn.unasp.br\/unasp-noticias\/2023\/04\/04111924\/sojahta.jpg\",\"datePublished\":\"2023-04-06T13:28:57+00:00\",\"dateModified\":\"2023-04-06T14:09:51+00:00\",\"description\":\"A semana de ora\u00e7\u00e3o \\\"Bagagens\\\" ocorreu entre os dias 3 e 6 de abril e foi repleta de momentos especiais com Cristo.\",\"breadcrumb\":{\"@id\":\"https:\/\/unasp.br\/noticias\/semana-de-oracao-traz-reflexoes-sobre-bagagens-aos-alunos\/#breadcrumb\"},\"inLanguage\":\"pt-BR\",\"potentialAction\":[{\"@type\":\"ReadAction\",\"target\":[\"https:\/\/unasp.br\/noticias\/semana-de-oracao-traz-reflexoes-sobre-bagagens-aos-alunos\/\"]}]},{\"@type\":\"ImageObject\",\"inLanguage\":\"pt-BR\",\"@id\":\"https:\/\/unasp.br\/noticias\/semana-de-oracao-traz-reflexoes-sobre-bagagens-aos-alunos\/#primaryimage\",\"url\":\"https:\/\/cdn.unasp.br\/unasp-noticias\/2023\/04\/04111924\/sojahta.jpg\",\"contentUrl\":\"https:\/\/cdn.unasp.br\/unasp-noticias\/2023\/04\/04111924\/sojahta.jpg\",\"width\":1999,\"height\":1333,\"caption\":\"Semana de Ora\u00e7\u00e3o em Hortol\u00e2ndia re\u00fane alunos.\"},{\"@type\":\"BreadcrumbList\",\"@id\":\"https:\/\/unasp.br\/noticias\/semana-de-oracao-traz-reflexoes-sobre-bagagens-aos-alunos\/#breadcrumb\",\"itemListElement\":[{\"@type\":\"ListItem\",\"position\":1,\"name\":\"In\u00edcio\",\"item\":\"https:\/\/unasp.br\/noticias\/\"},{\"@type\":\"ListItem\",\"position\":2,\"name\":\"Semana de ora\u00e7\u00e3o traz reflex\u00f5es sobre bagagens aos alunos da Escola B\u00e1sica\"}]},{\"@type\":\"WebSite\",\"@id\":\"https:\/\/unasp.br\/noticias\/#website\",\"url\":\"https:\/\/unasp.br\/noticias\/\",\"name\":\"UNASP Noticias\",\"description\":\"Centro Universit\u00e1rio Adventista de S\u00e3o Paulo\",\"publisher\":{\"@id\":\"https:\/\/unasp.br\/noticias\/#organization\"},\"potentialAction\":[{\"@type\":\"SearchAction\",\"target\":{\"@type\":\"EntryPoint\",\"urlTemplate\":\"https:\/\/unasp.br\/noticias\/?s={search_term_string}\"},\"query-input\":{\"@type\":\"PropertyValueSpecification\",\"valueRequired\":true,\"valueName\":\"search_term_string\"}}],\"inLanguage\":\"pt-BR\"},{\"@type\":\"Organization\",\"@id\":\"https:\/\/unasp.br\/noticias\/#organization\",\"name\":\"UNASP Noticias\",\"url\":\"https:\/\/unasp.br\/noticias\/\",\"logo\":{\"@type\":\"ImageObject\",\"inLanguage\":\"pt-BR\",\"@id\":\"https:\/\/unasp.br\/noticias\/#\/schema\/logo\/image\/\",\"url\":\"https:\/\/cdn.unasp.br\/noticias\/wp-content\/uploads\/2021\/09\/09152724\/logo-unasp-news.png\",\"contentUrl\":\"https:\/\/cdn.unasp.br\/noticias\/wp-content\/uploads\/2021\/09\/09152724\/logo-unasp-news.png\",\"width\":240,\"height\":41,\"caption\":\"UNASP Noticias\"},\"image\":{\"@id\":\"https:\/\/unasp.br\/noticias\/#\/schema\/logo\/image\/\"}},{\"@type\":\"Person\",\"@id\":\"https:\/\/unasp.br\/noticias\/#\/schema\/person\/31f019c7998f233ad4e548824bf7c0df\",\"name\":\"Ana Silveira\",\"image\":{\"@type\":\"ImageObject\",\"inLanguage\":\"pt-BR\",\"@id\":\"https:\/\/unasp.br\/noticias\/#\/schema\/person\/image\/\",\"url\":\"https:\/\/secure.gravatar.com\/avatar\/6321ef5554e60944d8acf3f725a90e2d?s=96&d=mm&r=g\",\"contentUrl\":\"https:\/\/secure.gravatar.com\/avatar\/6321ef5554e60944d8acf3f725a90e2d?s=96&d=mm&r=g\",\"caption\":\"Ana Silveira\"},\"url\":\"https:\/\/unasp.br\/noticias\/author\/ana-silveiraunasp-edu-br\/\"}]}<\/script>\n<!-- \/ Yoast SEO plugin. -->","yoast_head_json":{"title":"Semana de ora\u00e7\u00e3o traz reflex\u00f5es sobre bagagens aos alunos","description":"A semana de ora\u00e7\u00e3o \"Bagagens\" ocorreu entre os dias 3 e 6 de abril e foi repleta de momentos especiais com Cristo.","robots":{"index":"index","follow":"follow","max-snippet":"max-snippet:-1","max-image-preview":"max-image-preview:large","max-video-preview":"max-video-preview:-1"},"canonical":"https:\/\/unasp.br\/noticias\/semana-de-oracao-traz-reflexoes-sobre-bagagens-aos-alunos\/","og_locale":"pt_BR","og_type":"article","og_title":"Semana de ora\u00e7\u00e3o traz reflex\u00f5es sobre bagagens aos alunos","og_description":"A semana de ora\u00e7\u00e3o \"Bagagens\" ocorreu entre os dias 3 e 6 de abril e foi repleta de momentos especiais com Cristo.","og_url":"https:\/\/unasp.br\/noticias\/semana-de-oracao-traz-reflexoes-sobre-bagagens-aos-alunos\/","og_site_name":"UNASP Noticias","article_published_time":"2023-04-06T13:28:57+00:00","article_modified_time":"2023-04-06T14:09:51+00:00","og_image":[{"width":1999,"height":1333,"url":"https:\/\/unasp.br\/noticias\/wp-content\/uploads\/2023\/04\/sojahta.jpg","type":"image\/jpeg"}],"author":"Ana Silveira","twitter_card":"summary_large_image","twitter_misc":{"Escrito por":"Ana Silveira","Est. tempo de leitura":"5 minutos"},"schema":{"@context":"https:\/\/schema.org","@graph":[{"@type":"Article","@id":"https:\/\/unasp.br\/noticias\/semana-de-oracao-traz-reflexoes-sobre-bagagens-aos-alunos\/#article","isPartOf":{"@id":"https:\/\/unasp.br\/noticias\/semana-de-oracao-traz-reflexoes-sobre-bagagens-aos-alunos\/"},"author":{"name":"Ana Silveira","@id":"https:\/\/unasp.br\/noticias\/#\/schema\/person\/31f019c7998f233ad4e548824bf7c0df"},"headline":"Semana de ora\u00e7\u00e3o traz reflex\u00f5es sobre bagagens aos alunos da Escola B\u00e1sica","datePublished":"2023-04-06T13:28:57+00:00","dateModified":"2023-04-06T14:09:51+00:00","mainEntityOfPage":{"@id":"https:\/\/unasp.br\/noticias\/semana-de-oracao-traz-reflexoes-sobre-bagagens-aos-alunos\/"},"wordCount":744,"publisher":{"@id":"https:\/\/unasp.br\/noticias\/#organization"},"image":{"@id":"https:\/\/unasp.br\/noticias\/semana-de-oracao-traz-reflexoes-sobre-bagagens-aos-alunos\/#primaryimage"},"thumbnailUrl":"https:\/\/cdn.unasp.br\/unasp-noticias\/2023\/04\/04111924\/sojahta.jpg","keywords":["Bagagens","SOJA"],"articleSection":["Acontece no UNASP"],"inLanguage":"pt-BR"},{"@type":"WebPage","@id":"https:\/\/unasp.br\/noticias\/semana-de-oracao-traz-reflexoes-sobre-bagagens-aos-alunos\/","url":"https:\/\/unasp.br\/noticias\/semana-de-oracao-traz-reflexoes-sobre-bagagens-aos-alunos\/","name":"Semana de ora\u00e7\u00e3o traz reflex\u00f5es sobre bagagens aos alunos","isPartOf":{"@id":"https:\/\/unasp.br\/noticias\/#website"},"primaryImageOfPage":{"@id":"https:\/\/unasp.br\/noticias\/semana-de-oracao-traz-reflexoes-sobre-bagagens-aos-alunos\/#primaryimage"},"image":{"@id":"https:\/\/unasp.br\/noticias\/semana-de-oracao-traz-reflexoes-sobre-bagagens-aos-alunos\/#primaryimage"},"thumbnailUrl":"https:\/\/cdn.unasp.br\/unasp-noticias\/2023\/04\/04111924\/sojahta.jpg","datePublished":"2023-04-06T13:28:57+00:00","dateModified":"2023-04-06T14:09:51+00:00","description":"A semana de ora\u00e7\u00e3o \"Bagagens\" ocorreu entre os dias 3 e 6 de abril e foi repleta de momentos especiais com Cristo.","breadcrumb":{"@id":"https:\/\/unasp.br\/noticias\/semana-de-oracao-traz-reflexoes-sobre-bagagens-aos-alunos\/#breadcrumb"},"inLanguage":"pt-BR","potentialAction":[{"@type":"ReadAction","target":["https:\/\/unasp.br\/noticias\/semana-de-oracao-traz-reflexoes-sobre-bagagens-aos-alunos\/"]}]},{"@type":"ImageObject","inLanguage":"pt-BR","@id":"https:\/\/unasp.br\/noticias\/semana-de-oracao-traz-reflexoes-sobre-bagagens-aos-alunos\/#primaryimage","url":"https:\/\/cdn.unasp.br\/unasp-noticias\/2023\/04\/04111924\/sojahta.jpg","contentUrl":"https:\/\/cdn.unasp.br\/unasp-noticias\/2023\/04\/04111924\/sojahta.jpg","width":1999,"height":1333,"caption":"Semana de Ora\u00e7\u00e3o em Hortol\u00e2ndia re\u00fane alunos."},{"@type":"BreadcrumbList","@id":"https:\/\/unasp.br\/noticias\/semana-de-oracao-traz-reflexoes-sobre-bagagens-aos-alunos\/#breadcrumb","itemListElement":[{"@type":"ListItem","position":1,"name":"In\u00edcio","item":"https:\/\/unasp.br\/noticias\/"},{"@type":"ListItem","position":2,"name":"Semana de ora\u00e7\u00e3o traz reflex\u00f5es sobre bagagens aos alunos da Escola B\u00e1sica"}]},{"@type":"WebSite","@id":"https:\/\/unasp.br\/noticias\/#website","url":"https:\/\/unasp.br\/noticias\/","name":"UNASP Noticias","description":"Centro Universit\u00e1rio Adventista de S\u00e3o Paulo","publisher":{"@id":"https:\/\/unasp.br\/noticias\/#organization"},"potentialAction":[{"@type":"SearchAction","target":{"@type":"EntryPoint","urlTemplate":"https:\/\/unasp.br\/noticias\/?s={search_term_string}"},"query-input":{"@type":"PropertyValueSpecification","valueRequired":true,"valueName":"search_term_string"}}],"inLanguage":"pt-BR"},{"@type":"Organization","@id":"https:\/\/unasp.br\/noticias\/#organization","name":"UNASP Noticias","url":"https:\/\/unasp.br\/noticias\/","logo":{"@type":"ImageObject","inLanguage":"pt-BR","@id":"https:\/\/unasp.br\/noticias\/#\/schema\/logo\/image\/","url":"https:\/\/cdn.unasp.br\/noticias\/wp-content\/uploads\/2021\/09\/09152724\/logo-unasp-news.png","contentUrl":"https:\/\/cdn.unasp.br\/noticias\/wp-content\/uploads\/2021\/09\/09152724\/logo-unasp-news.png","width":240,"height":41,"caption":"UNASP Noticias"},"image":{"@id":"https:\/\/unasp.br\/noticias\/#\/schema\/logo\/image\/"}},{"@type":"Person","@id":"https:\/\/unasp.br\/noticias\/#\/schema\/person\/31f019c7998f233ad4e548824bf7c0df","name":"Ana Silveira","image":{"@type":"ImageObject","inLanguage":"pt-BR","@id":"https:\/\/unasp.br\/noticias\/#\/schema\/person\/image\/","url":"https:\/\/secure.gravatar.com\/avatar\/6321ef5554e60944d8acf3f725a90e2d?s=96&d=mm&r=g","contentUrl":"https:\/\/secure.gravatar.com\/avatar\/6321ef5554e60944d8acf3f725a90e2d?s=96&d=mm&r=g","caption":"Ana Silveira"},"url":"https:\/\/unasp.br\/noticias\/author\/ana-silveiraunasp-edu-br\/"}]}},"_links":{"self":[{"href":"https:\/\/unasp.br\/noticias\/wp-json\/wp\/v2\/posts\/100188"}],"collection":[{"href":"https:\/\/unasp.br\/noticias\/wp-json\/wp\/v2\/posts"}],"about":[{"href":"https:\/\/unasp.br\/noticias\/wp-json\/wp\/v2\/types\/post"}],"author":[{"embeddable":true,"href":"https:\/\/unasp.br\/noticias\/wp-json\/wp\/v2\/users\/76"}],"replies":[{"embeddable":true,"href":"https:\/\/unasp.br\/noticias\/wp-json\/wp\/v2\/comments?post=100188"}],"version-history":[{"count":4,"href":"https:\/\/unasp.br\/noticias\/wp-json\/wp\/v2\/posts\/100188\/revisions"}],"predecessor-version":[{"id":100219,"href":"https:\/\/unasp.br\/noticias\/wp-json\/wp\/v2\/posts\/100188\/revisions\/100219"}],"wp:featuredmedia":[{"embeddable":true,"href":"https:\/\/unasp.br\/noticias\/wp-json\/wp\/v2\/media\/100196"}],"wp:attachment":[{"href":"https:\/\/unasp.br\/noticias\/wp-json\/wp\/v2\/media?parent=100188"}],"wp:term":[{"taxonomy":"category","embeddable":true,"href":"https:\/\/unasp.br\/noticias\/wp-json\/wp\/v2\/categories?post=100188"},{"taxonomy":"post_tag","embeddable":true,"href":"https:\/\/unasp.br\/noticias\/wp-json\/wp\/v2\/tags?post=100188"}],"curies":[{"name":"wp","href":"https:\/\/api.w.org\/{rel}","templated":true}]}}