{"id":100220,"date":"2023-04-06T16:24:26","date_gmt":"2023-04-06T19:24:26","guid":{"rendered":"https:\/\/unasp.br\/noticias\/?p=100220"},"modified":"2023-04-06T16:28:04","modified_gmt":"2023-04-06T19:28:04","slug":"semana-santa-relembra-trajetoria-de-jesus","status":"publish","type":"post","link":"https:\/\/unasp.br\/noticias\/semana-santa-relembra-trajetoria-de-jesus\/","title":{"rendered":"Semana Santa relembra a trajet\u00f3ria de Jesus para os alunos da Educa\u00e7\u00e3o B\u00e1sica\u00a0"},"content":{"rendered":"\n<p>A Semana Santa celebra a paix\u00e3o, a morte e a ressurrei\u00e7\u00e3o de Jesus. Atrav\u00e9s desse prop\u00f3sito, o Col\u00e9gio UNASP unidade Engenheiro Coelho, promoveu, entre os dias 3 e 6 de abril, uma semana especial para os alunos da Educa\u00e7\u00e3o B\u00e1sica. Al\u00e9m disso, professores, representantes de classe e l\u00edderes espirituais foram homenageados.\u00a0<\/p>\n\n\n\n<p>Durante o bimestre os alunos da Educa\u00e7\u00e3o B\u00e1sica tem uma semana de \u00eanfase espiritual preparada pela administra\u00e7\u00e3o e capela do col\u00e9gio. Aproveitando esse gancho da Semana Santa, a unidade adaptou para realizar a programa\u00e7\u00e3o. \u201cCom o intuito de valorizar a vida de Cristo,&nbsp;e dar esse sentido maior do sacrif\u00edcio e ressurrei\u00e7\u00e3o de Jesus adiamos a data&#8221;, comenta Jhonathan Bispo, pastor da Escola B\u00e1sica e um dos organizadores do evento.&nbsp;<\/p>\n\n\n\n<p>Ele destaca que &#8220;existem muitos desafios na caminhada crist\u00e3, e um dos prop\u00f3sitos de programa\u00e7\u00f5es assim \u00e9 fazer com eles daqui a 10 anos relembrem esses momentos e entendam a import\u00e2ncia de uma vida com Cristo\u201d.<\/p>\n\n\n\n<figure class=\"wp-block-image size-large\"><img loading=\"lazy\" decoding=\"async\" width=\"1024\" height=\"683\" src=\"https:\/\/cdn.unasp.br\/unasp-noticias\/2023\/04\/04111838\/semanasanta1-1024x683.jpg\" alt=\"\" class=\"wp-image-100221\" srcset=\"https:\/\/cdn.unasp.br\/unasp-noticias\/2023\/04\/04111838\/semanasanta1-1024x683.jpg 1024w, https:\/\/cdn.unasp.br\/unasp-noticias\/2023\/04\/04111838\/semanasanta1-300x200.jpg 300w, https:\/\/cdn.unasp.br\/unasp-noticias\/2023\/04\/04111838\/semanasanta1-768x512.jpg 768w, https:\/\/cdn.unasp.br\/unasp-noticias\/2023\/04\/04111838\/semanasanta1-1536x1024.jpg 1536w, https:\/\/cdn.unasp.br\/unasp-noticias\/2023\/04\/04111838\/semanasanta1-900x600.jpg 900w, https:\/\/cdn.unasp.br\/unasp-noticias\/2023\/04\/04111838\/semanasanta1-1200x800.jpg 1200w, https:\/\/cdn.unasp.br\/unasp-noticias\/2023\/04\/04111838\/semanasanta1-1080x720.jpg 1080w, https:\/\/cdn.unasp.br\/unasp-noticias\/2023\/04\/04111838\/semanasanta1-800x533.jpg 800w, https:\/\/cdn.unasp.br\/unasp-noticias\/2023\/04\/04111838\/semanasanta1-750x500.jpg 750w, https:\/\/cdn.unasp.br\/unasp-noticias\/2023\/04\/04111838\/semanasanta1-720x480.jpg 720w, https:\/\/cdn.unasp.br\/unasp-noticias\/2023\/04\/04111838\/semanasanta1-420x280.jpg 420w, https:\/\/cdn.unasp.br\/unasp-noticias\/2023\/04\/04111838\/semanasanta1-500x333.jpg 500w, https:\/\/cdn.unasp.br\/unasp-noticias\/2023\/04\/04111838\/semanasanta1-400x267.jpg 400w, https:\/\/cdn.unasp.br\/unasp-noticias\/2023\/04\/04111838\/semanasanta1-225x150.jpg 225w, https:\/\/cdn.unasp.br\/unasp-noticias\/2023\/04\/04111838\/semanasanta1-175x117.jpg 175w, https:\/\/cdn.unasp.br\/unasp-noticias\/2023\/04\/04111838\/semanasanta1-200x133.jpg 200w, https:\/\/cdn.unasp.br\/unasp-noticias\/2023\/04\/04111838\/semanasanta1-675x450.jpg 675w, https:\/\/cdn.unasp.br\/unasp-noticias\/2023\/04\/04111838\/semanasanta1-390x260.jpg 390w, https:\/\/cdn.unasp.br\/unasp-noticias\/2023\/04\/04111838\/semanasanta1.jpg 2048w\" sizes=\"(max-width: 1024px) 100vw, 1024px\" \/><figcaption class=\"wp-element-caption\">As crian\u00e7as participaram ativamente. Foto: AICOM<\/figcaption><\/figure>\n\n\n\n<h2 class=\"wp-block-heading\"><strong>Assuntos abordados&nbsp;<\/strong><\/h2>\n\n\n\n<p>A programa\u00e7\u00e3o foi dividida em dois cultos, j\u00e1 que para o p\u00fablico do Maternal e Fundamental I foi necess\u00e1rio usar outra linguagem para que eles absorvessem melhor as hist\u00f3rias b\u00edblicas. Como o tema foi \u201cJesus Venceu\u201d, que remete ao livro &#8220;O Grande Conflito&#8221;, a departamental do Minist\u00e9rio da Crian\u00e7a e do Adolescente da Associa\u00e7\u00e3o Paulistana, Nadma Forti, explica que caminhos da hist\u00f3ria ela usou para essa aplica\u00e7\u00e3o. \u201cTrazendo a quest\u00e3o desde do c\u00e9u, da entrada do pecado e de como Ele venceu ap\u00f3s o seu sacrif\u00edcio na cruz,\u201d comenta.&nbsp;<\/p>\n\n\n<div class=\"wp-block-image\">\n<figure class=\"alignleft size-large is-resized\"><img loading=\"lazy\" decoding=\"async\" src=\"https:\/\/cdn.unasp.br\/unasp-noticias\/2023\/04\/04111834\/semanasanta3-683x1024.jpg\" alt=\"\" class=\"wp-image-100222\" width=\"323\" height=\"485\" srcset=\"https:\/\/cdn.unasp.br\/unasp-noticias\/2023\/04\/04111834\/semanasanta3-683x1024.jpg 683w, https:\/\/cdn.unasp.br\/unasp-noticias\/2023\/04\/04111834\/semanasanta3-200x300.jpg 200w, https:\/\/cdn.unasp.br\/unasp-noticias\/2023\/04\/04111834\/semanasanta3-768x1152.jpg 768w, https:\/\/cdn.unasp.br\/unasp-noticias\/2023\/04\/04111834\/semanasanta3-1024x1536.jpg 1024w, https:\/\/cdn.unasp.br\/unasp-noticias\/2023\/04\/04111834\/semanasanta3-400x600.jpg 400w, https:\/\/cdn.unasp.br\/unasp-noticias\/2023\/04\/04111834\/semanasanta3-533x800.jpg 533w, https:\/\/cdn.unasp.br\/unasp-noticias\/2023\/04\/04111834\/semanasanta3-480x720.jpg 480w, https:\/\/cdn.unasp.br\/unasp-noticias\/2023\/04\/04111834\/semanasanta3-333x500.jpg 333w, https:\/\/cdn.unasp.br\/unasp-noticias\/2023\/04\/04111834\/semanasanta3-320x480.jpg 320w, https:\/\/cdn.unasp.br\/unasp-noticias\/2023\/04\/04111834\/semanasanta3-187x280.jpg 187w, https:\/\/cdn.unasp.br\/unasp-noticias\/2023\/04\/04111834\/semanasanta3-267x400.jpg 267w, https:\/\/cdn.unasp.br\/unasp-noticias\/2023\/04\/04111834\/semanasanta3-133x200.jpg 133w, https:\/\/cdn.unasp.br\/unasp-noticias\/2023\/04\/04111834\/semanasanta3-100x150.jpg 100w, https:\/\/cdn.unasp.br\/unasp-noticias\/2023\/04\/04111834\/semanasanta3-175x263.jpg 175w, https:\/\/cdn.unasp.br\/unasp-noticias\/2023\/04\/04111834\/semanasanta3-300x450.jpg 300w, https:\/\/cdn.unasp.br\/unasp-noticias\/2023\/04\/04111834\/semanasanta3-173x260.jpg 173w, https:\/\/cdn.unasp.br\/unasp-noticias\/2023\/04\/04111834\/semanasanta3.jpg 1365w\" sizes=\"(max-width: 323px) 100vw, 323px\" \/><\/figure><\/div>\n\n\n<p>Ela ainda acrescenta que \u201choje as crian\u00e7as vivem em um mundo de incertezas por estarem rodeados por muitas not\u00edcias ruins. Programa\u00e7\u00f5es&nbsp;assim fazem eles entenderem que existe um Pai que ama e cuida delas\u201d.&nbsp;<\/p>\n\n\n\n<p>O orador do Ensino Fundamental ll e Ensino M\u00e9dio foi o pastor Hedmur Carvalho, que trouxe em seus serm\u00f5es a revela\u00e7\u00e3o de Jesus Cristo atrav\u00e9s da hist\u00f3ria do povo de Israel. Ele comenta \u201cque nem&nbsp;sempre \u00e9 f\u00e1cil ser constante na f\u00e9 e semanas assim servem para dar um novo recome\u00e7o, um chacoalh\u00e3o na vida crist\u00e3\u201d.<\/p>\n\n\n\n<p>A coordenadora das turmas da Educa\u00e7\u00e3o Infantil e Fundamental l, Vanessa Lima, fala sobre o sentimento da p\u00e1scoa. \u201c\u00c9 entender de verdade qual \u00e9 o real sentido desta data. Sendo assim, o fortalecimento dos princ\u00edpios e compreender o sacrif\u00edcio de Jesus por cada um de n\u00f3s\u201d, afirma.<\/p>\n\n\n\n<p>No encerramento da programa\u00e7\u00e3o os alunos receberam uma garrafinha de suco de uva e uma Colomba Pascal. Professores, representantes de classes e l\u00edderes espirituais foram homenageados.&nbsp;<\/p>\n","protected":false},"excerpt":{"rendered":"<p>Os cultos foram ministrados pela professora Nadma Forti e pelo pastor Hedmur Carvalho.<\/p>\n","protected":false},"author":76,"featured_media":100223,"comment_status":"closed","ping_status":"open","sticky":false,"template":"","format":"standard","meta":{"footnotes":""},"categories":[6],"tags":[259,60],"yoast_head":"<!-- This site is optimized with the Yoast SEO plugin v23.5 - https:\/\/yoast.com\/wordpress\/plugins\/seo\/ -->\n<title>Semana Santa relembra a trajet\u00f3ria de Jesus para alunos<\/title>\n<meta name=\"description\" content=\"O Col\u00e9gio UNASP do campus Engenheiro Coelho, promoveu entre os dias 3 e 6 de abril, uma semana especial para os alunos da Educa\u00e7\u00e3o B\u00e1sica.\" \/>\n<meta name=\"robots\" content=\"index, follow, max-snippet:-1, max-image-preview:large, max-video-preview:-1\" \/>\n<link rel=\"canonical\" href=\"https:\/\/unasp.br\/noticias\/semana-santa-relembra-trajetoria-de-jesus\/\" \/>\n<meta property=\"og:locale\" content=\"pt_BR\" \/>\n<meta property=\"og:type\" content=\"article\" \/>\n<meta property=\"og:title\" content=\"Semana Santa relembra a trajet\u00f3ria de Jesus para alunos\" \/>\n<meta property=\"og:description\" content=\"O Col\u00e9gio UNASP do campus Engenheiro Coelho, promoveu entre os dias 3 e 6 de abril, uma semana especial para os alunos da Educa\u00e7\u00e3o B\u00e1sica.\" \/>\n<meta property=\"og:url\" content=\"https:\/\/unasp.br\/noticias\/semana-santa-relembra-trajetoria-de-jesus\/\" \/>\n<meta property=\"og:site_name\" content=\"UNASP Noticias\" \/>\n<meta property=\"article:published_time\" content=\"2023-04-06T19:24:26+00:00\" \/>\n<meta property=\"article:modified_time\" content=\"2023-04-06T19:28:04+00:00\" \/>\n<meta property=\"og:image\" content=\"https:\/\/unasp.br\/noticias\/wp-content\/uploads\/2023\/04\/semanasanta2.jpg\" \/>\n\t<meta property=\"og:image:width\" content=\"2048\" \/>\n\t<meta property=\"og:image:height\" content=\"1365\" \/>\n\t<meta property=\"og:image:type\" content=\"image\/jpeg\" \/>\n<meta name=\"author\" content=\"Ana Silveira\" \/>\n<meta name=\"twitter:card\" content=\"summary_large_image\" \/>\n<meta name=\"twitter:label1\" content=\"Escrito por\" \/>\n\t<meta name=\"twitter:data1\" content=\"Ana Silveira\" \/>\n\t<meta name=\"twitter:label2\" content=\"Est. tempo de leitura\" \/>\n\t<meta name=\"twitter:data2\" content=\"3 minutos\" \/>\n<script type=\"application\/ld+json\" class=\"yoast-schema-graph\">{\"@context\":\"https:\/\/schema.org\",\"@graph\":[{\"@type\":\"Article\",\"@id\":\"https:\/\/unasp.br\/noticias\/semana-santa-relembra-trajetoria-de-jesus\/#article\",\"isPartOf\":{\"@id\":\"https:\/\/unasp.br\/noticias\/semana-santa-relembra-trajetoria-de-jesus\/\"},\"author\":{\"name\":\"Ana Silveira\",\"@id\":\"https:\/\/unasp.br\/noticias\/#\/schema\/person\/31f019c7998f233ad4e548824bf7c0df\"},\"headline\":\"Semana Santa relembra a trajet\u00f3ria de Jesus para os alunos da Educa\u00e7\u00e3o B\u00e1sica\u00a0\",\"datePublished\":\"2023-04-06T19:24:26+00:00\",\"dateModified\":\"2023-04-06T19:28:04+00:00\",\"mainEntityOfPage\":{\"@id\":\"https:\/\/unasp.br\/noticias\/semana-santa-relembra-trajetoria-de-jesus\/\"},\"wordCount\":487,\"publisher\":{\"@id\":\"https:\/\/unasp.br\/noticias\/#organization\"},\"image\":{\"@id\":\"https:\/\/unasp.br\/noticias\/semana-santa-relembra-trajetoria-de-jesus\/#primaryimage\"},\"thumbnailUrl\":\"https:\/\/cdn.unasp.br\/unasp-noticias\/2023\/04\/04111829\/semanasanta2.jpg\",\"keywords\":[\"Col\u00e9gio UNASP\",\"UNASP\"],\"articleSection\":[\"Acontece no UNASP\"],\"inLanguage\":\"pt-BR\"},{\"@type\":\"WebPage\",\"@id\":\"https:\/\/unasp.br\/noticias\/semana-santa-relembra-trajetoria-de-jesus\/\",\"url\":\"https:\/\/unasp.br\/noticias\/semana-santa-relembra-trajetoria-de-jesus\/\",\"name\":\"Semana Santa relembra a trajet\u00f3ria de Jesus para alunos\",\"isPartOf\":{\"@id\":\"https:\/\/unasp.br\/noticias\/#website\"},\"primaryImageOfPage\":{\"@id\":\"https:\/\/unasp.br\/noticias\/semana-santa-relembra-trajetoria-de-jesus\/#primaryimage\"},\"image\":{\"@id\":\"https:\/\/unasp.br\/noticias\/semana-santa-relembra-trajetoria-de-jesus\/#primaryimage\"},\"thumbnailUrl\":\"https:\/\/cdn.unasp.br\/unasp-noticias\/2023\/04\/04111829\/semanasanta2.jpg\",\"datePublished\":\"2023-04-06T19:24:26+00:00\",\"dateModified\":\"2023-04-06T19:28:04+00:00\",\"description\":\"O Col\u00e9gio UNASP do campus Engenheiro Coelho, promoveu entre os dias 3 e 6 de abril, uma semana especial para os alunos da Educa\u00e7\u00e3o B\u00e1sica.\",\"breadcrumb\":{\"@id\":\"https:\/\/unasp.br\/noticias\/semana-santa-relembra-trajetoria-de-jesus\/#breadcrumb\"},\"inLanguage\":\"pt-BR\",\"potentialAction\":[{\"@type\":\"ReadAction\",\"target\":[\"https:\/\/unasp.br\/noticias\/semana-santa-relembra-trajetoria-de-jesus\/\"]}]},{\"@type\":\"ImageObject\",\"inLanguage\":\"pt-BR\",\"@id\":\"https:\/\/unasp.br\/noticias\/semana-santa-relembra-trajetoria-de-jesus\/#primaryimage\",\"url\":\"https:\/\/cdn.unasp.br\/unasp-noticias\/2023\/04\/04111829\/semanasanta2.jpg\",\"contentUrl\":\"https:\/\/cdn.unasp.br\/unasp-noticias\/2023\/04\/04111829\/semanasanta2.jpg\",\"width\":2048,\"height\":1365,\"caption\":\"Semana Santa celebrada entre as crian\u00e7as.\"},{\"@type\":\"BreadcrumbList\",\"@id\":\"https:\/\/unasp.br\/noticias\/semana-santa-relembra-trajetoria-de-jesus\/#breadcrumb\",\"itemListElement\":[{\"@type\":\"ListItem\",\"position\":1,\"name\":\"In\u00edcio\",\"item\":\"https:\/\/unasp.br\/noticias\/\"},{\"@type\":\"ListItem\",\"position\":2,\"name\":\"Semana Santa relembra a trajet\u00f3ria de Jesus para os alunos da Educa\u00e7\u00e3o B\u00e1sica\u00a0\"}]},{\"@type\":\"WebSite\",\"@id\":\"https:\/\/unasp.br\/noticias\/#website\",\"url\":\"https:\/\/unasp.br\/noticias\/\",\"name\":\"UNASP Noticias\",\"description\":\"Centro Universit\u00e1rio Adventista de S\u00e3o Paulo\",\"publisher\":{\"@id\":\"https:\/\/unasp.br\/noticias\/#organization\"},\"potentialAction\":[{\"@type\":\"SearchAction\",\"target\":{\"@type\":\"EntryPoint\",\"urlTemplate\":\"https:\/\/unasp.br\/noticias\/?s={search_term_string}\"},\"query-input\":{\"@type\":\"PropertyValueSpecification\",\"valueRequired\":true,\"valueName\":\"search_term_string\"}}],\"inLanguage\":\"pt-BR\"},{\"@type\":\"Organization\",\"@id\":\"https:\/\/unasp.br\/noticias\/#organization\",\"name\":\"UNASP Noticias\",\"url\":\"https:\/\/unasp.br\/noticias\/\",\"logo\":{\"@type\":\"ImageObject\",\"inLanguage\":\"pt-BR\",\"@id\":\"https:\/\/unasp.br\/noticias\/#\/schema\/logo\/image\/\",\"url\":\"https:\/\/cdn.unasp.br\/noticias\/wp-content\/uploads\/2021\/09\/09152724\/logo-unasp-news.png\",\"contentUrl\":\"https:\/\/cdn.unasp.br\/noticias\/wp-content\/uploads\/2021\/09\/09152724\/logo-unasp-news.png\",\"width\":240,\"height\":41,\"caption\":\"UNASP Noticias\"},\"image\":{\"@id\":\"https:\/\/unasp.br\/noticias\/#\/schema\/logo\/image\/\"}},{\"@type\":\"Person\",\"@id\":\"https:\/\/unasp.br\/noticias\/#\/schema\/person\/31f019c7998f233ad4e548824bf7c0df\",\"name\":\"Ana Silveira\",\"image\":{\"@type\":\"ImageObject\",\"inLanguage\":\"pt-BR\",\"@id\":\"https:\/\/unasp.br\/noticias\/#\/schema\/person\/image\/\",\"url\":\"https:\/\/secure.gravatar.com\/avatar\/6321ef5554e60944d8acf3f725a90e2d?s=96&d=mm&r=g\",\"contentUrl\":\"https:\/\/secure.gravatar.com\/avatar\/6321ef5554e60944d8acf3f725a90e2d?s=96&d=mm&r=g\",\"caption\":\"Ana Silveira\"},\"url\":\"https:\/\/unasp.br\/noticias\/author\/ana-silveiraunasp-edu-br\/\"}]}<\/script>\n<!-- \/ Yoast SEO plugin. -->","yoast_head_json":{"title":"Semana Santa relembra a trajet\u00f3ria de Jesus para alunos","description":"O Col\u00e9gio UNASP do campus Engenheiro Coelho, promoveu entre os dias 3 e 6 de abril, uma semana especial para os alunos da Educa\u00e7\u00e3o B\u00e1sica.","robots":{"index":"index","follow":"follow","max-snippet":"max-snippet:-1","max-image-preview":"max-image-preview:large","max-video-preview":"max-video-preview:-1"},"canonical":"https:\/\/unasp.br\/noticias\/semana-santa-relembra-trajetoria-de-jesus\/","og_locale":"pt_BR","og_type":"article","og_title":"Semana Santa relembra a trajet\u00f3ria de Jesus para alunos","og_description":"O Col\u00e9gio UNASP do campus Engenheiro Coelho, promoveu entre os dias 3 e 6 de abril, uma semana especial para os alunos da Educa\u00e7\u00e3o B\u00e1sica.","og_url":"https:\/\/unasp.br\/noticias\/semana-santa-relembra-trajetoria-de-jesus\/","og_site_name":"UNASP Noticias","article_published_time":"2023-04-06T19:24:26+00:00","article_modified_time":"2023-04-06T19:28:04+00:00","og_image":[{"width":2048,"height":1365,"url":"https:\/\/unasp.br\/noticias\/wp-content\/uploads\/2023\/04\/semanasanta2.jpg","type":"image\/jpeg"}],"author":"Ana Silveira","twitter_card":"summary_large_image","twitter_misc":{"Escrito por":"Ana Silveira","Est. tempo de leitura":"3 minutos"},"schema":{"@context":"https:\/\/schema.org","@graph":[{"@type":"Article","@id":"https:\/\/unasp.br\/noticias\/semana-santa-relembra-trajetoria-de-jesus\/#article","isPartOf":{"@id":"https:\/\/unasp.br\/noticias\/semana-santa-relembra-trajetoria-de-jesus\/"},"author":{"name":"Ana Silveira","@id":"https:\/\/unasp.br\/noticias\/#\/schema\/person\/31f019c7998f233ad4e548824bf7c0df"},"headline":"Semana Santa relembra a trajet\u00f3ria de Jesus para os alunos da Educa\u00e7\u00e3o B\u00e1sica\u00a0","datePublished":"2023-04-06T19:24:26+00:00","dateModified":"2023-04-06T19:28:04+00:00","mainEntityOfPage":{"@id":"https:\/\/unasp.br\/noticias\/semana-santa-relembra-trajetoria-de-jesus\/"},"wordCount":487,"publisher":{"@id":"https:\/\/unasp.br\/noticias\/#organization"},"image":{"@id":"https:\/\/unasp.br\/noticias\/semana-santa-relembra-trajetoria-de-jesus\/#primaryimage"},"thumbnailUrl":"https:\/\/cdn.unasp.br\/unasp-noticias\/2023\/04\/04111829\/semanasanta2.jpg","keywords":["Col\u00e9gio UNASP","UNASP"],"articleSection":["Acontece no UNASP"],"inLanguage":"pt-BR"},{"@type":"WebPage","@id":"https:\/\/unasp.br\/noticias\/semana-santa-relembra-trajetoria-de-jesus\/","url":"https:\/\/unasp.br\/noticias\/semana-santa-relembra-trajetoria-de-jesus\/","name":"Semana Santa relembra a trajet\u00f3ria de Jesus para alunos","isPartOf":{"@id":"https:\/\/unasp.br\/noticias\/#website"},"primaryImageOfPage":{"@id":"https:\/\/unasp.br\/noticias\/semana-santa-relembra-trajetoria-de-jesus\/#primaryimage"},"image":{"@id":"https:\/\/unasp.br\/noticias\/semana-santa-relembra-trajetoria-de-jesus\/#primaryimage"},"thumbnailUrl":"https:\/\/cdn.unasp.br\/unasp-noticias\/2023\/04\/04111829\/semanasanta2.jpg","datePublished":"2023-04-06T19:24:26+00:00","dateModified":"2023-04-06T19:28:04+00:00","description":"O Col\u00e9gio UNASP do campus Engenheiro Coelho, promoveu entre os dias 3 e 6 de abril, uma semana especial para os alunos da Educa\u00e7\u00e3o B\u00e1sica.","breadcrumb":{"@id":"https:\/\/unasp.br\/noticias\/semana-santa-relembra-trajetoria-de-jesus\/#breadcrumb"},"inLanguage":"pt-BR","potentialAction":[{"@type":"ReadAction","target":["https:\/\/unasp.br\/noticias\/semana-santa-relembra-trajetoria-de-jesus\/"]}]},{"@type":"ImageObject","inLanguage":"pt-BR","@id":"https:\/\/unasp.br\/noticias\/semana-santa-relembra-trajetoria-de-jesus\/#primaryimage","url":"https:\/\/cdn.unasp.br\/unasp-noticias\/2023\/04\/04111829\/semanasanta2.jpg","contentUrl":"https:\/\/cdn.unasp.br\/unasp-noticias\/2023\/04\/04111829\/semanasanta2.jpg","width":2048,"height":1365,"caption":"Semana Santa celebrada entre as crian\u00e7as."},{"@type":"BreadcrumbList","@id":"https:\/\/unasp.br\/noticias\/semana-santa-relembra-trajetoria-de-jesus\/#breadcrumb","itemListElement":[{"@type":"ListItem","position":1,"name":"In\u00edcio","item":"https:\/\/unasp.br\/noticias\/"},{"@type":"ListItem","position":2,"name":"Semana Santa relembra a trajet\u00f3ria de Jesus para os alunos da Educa\u00e7\u00e3o B\u00e1sica\u00a0"}]},{"@type":"WebSite","@id":"https:\/\/unasp.br\/noticias\/#website","url":"https:\/\/unasp.br\/noticias\/","name":"UNASP Noticias","description":"Centro Universit\u00e1rio Adventista de S\u00e3o Paulo","publisher":{"@id":"https:\/\/unasp.br\/noticias\/#organization"},"potentialAction":[{"@type":"SearchAction","target":{"@type":"EntryPoint","urlTemplate":"https:\/\/unasp.br\/noticias\/?s={search_term_string}"},"query-input":{"@type":"PropertyValueSpecification","valueRequired":true,"valueName":"search_term_string"}}],"inLanguage":"pt-BR"},{"@type":"Organization","@id":"https:\/\/unasp.br\/noticias\/#organization","name":"UNASP Noticias","url":"https:\/\/unasp.br\/noticias\/","logo":{"@type":"ImageObject","inLanguage":"pt-BR","@id":"https:\/\/unasp.br\/noticias\/#\/schema\/logo\/image\/","url":"https:\/\/cdn.unasp.br\/noticias\/wp-content\/uploads\/2021\/09\/09152724\/logo-unasp-news.png","contentUrl":"https:\/\/cdn.unasp.br\/noticias\/wp-content\/uploads\/2021\/09\/09152724\/logo-unasp-news.png","width":240,"height":41,"caption":"UNASP Noticias"},"image":{"@id":"https:\/\/unasp.br\/noticias\/#\/schema\/logo\/image\/"}},{"@type":"Person","@id":"https:\/\/unasp.br\/noticias\/#\/schema\/person\/31f019c7998f233ad4e548824bf7c0df","name":"Ana Silveira","image":{"@type":"ImageObject","inLanguage":"pt-BR","@id":"https:\/\/unasp.br\/noticias\/#\/schema\/person\/image\/","url":"https:\/\/secure.gravatar.com\/avatar\/6321ef5554e60944d8acf3f725a90e2d?s=96&d=mm&r=g","contentUrl":"https:\/\/secure.gravatar.com\/avatar\/6321ef5554e60944d8acf3f725a90e2d?s=96&d=mm&r=g","caption":"Ana Silveira"},"url":"https:\/\/unasp.br\/noticias\/author\/ana-silveiraunasp-edu-br\/"}]}},"_links":{"self":[{"href":"https:\/\/unasp.br\/noticias\/wp-json\/wp\/v2\/posts\/100220"}],"collection":[{"href":"https:\/\/unasp.br\/noticias\/wp-json\/wp\/v2\/posts"}],"about":[{"href":"https:\/\/unasp.br\/noticias\/wp-json\/wp\/v2\/types\/post"}],"author":[{"embeddable":true,"href":"https:\/\/unasp.br\/noticias\/wp-json\/wp\/v2\/users\/76"}],"replies":[{"embeddable":true,"href":"https:\/\/unasp.br\/noticias\/wp-json\/wp\/v2\/comments?post=100220"}],"version-history":[{"count":2,"href":"https:\/\/unasp.br\/noticias\/wp-json\/wp\/v2\/posts\/100220\/revisions"}],"predecessor-version":[{"id":100225,"href":"https:\/\/unasp.br\/noticias\/wp-json\/wp\/v2\/posts\/100220\/revisions\/100225"}],"wp:featuredmedia":[{"embeddable":true,"href":"https:\/\/unasp.br\/noticias\/wp-json\/wp\/v2\/media\/100223"}],"wp:attachment":[{"href":"https:\/\/unasp.br\/noticias\/wp-json\/wp\/v2\/media?parent=100220"}],"wp:term":[{"taxonomy":"category","embeddable":true,"href":"https:\/\/unasp.br\/noticias\/wp-json\/wp\/v2\/categories?post=100220"},{"taxonomy":"post_tag","embeddable":true,"href":"https:\/\/unasp.br\/noticias\/wp-json\/wp\/v2\/tags?post=100220"}],"curies":[{"name":"wp","href":"https:\/\/api.w.org\/{rel}","templated":true}]}}