{"id":100794,"date":"2023-08-30T11:18:13","date_gmt":"2023-08-30T14:18:13","guid":{"rendered":"https:\/\/unasp.br\/noticias\/?p=100794"},"modified":"2023-08-30T11:21:47","modified_gmt":"2023-08-30T14:21:47","slug":"primeiro-seminario-internacional-acontece-para-os-alunos-do-mestrado-profissional-em-educacao","status":"publish","type":"post","link":"https:\/\/unasp.br\/noticias\/primeiro-seminario-internacional-acontece-para-os-alunos-do-mestrado-profissional-em-educacao\/","title":{"rendered":"Primeiro Semin\u00e1rio Internacional reflete sobre tecnologia com Mestrado em Educa\u00e7\u00e3o"},"content":{"rendered":"\n<p>O UNASP campus Engenheiro Coelho realizou o Primeiro Semin\u00e1rio Internacional de Educa\u00e7\u00e3o, Tecnologia e Inova\u00e7\u00e3o para os alunos do <a href=\"https:\/\/unasp.br\/mestrado\/educacao\/\">Mestrado Profissional em Educa\u00e7\u00e3o<\/a> no dia 29 de agosto. O evento teve reflex\u00f5es e palestras sobre o futuro da educa\u00e7\u00e3o, em rela\u00e7\u00e3o ao uso da Intelig\u00eancia Artificial(IA).\u00a0<\/p>\n\n\n\n<figure class=\"wp-block-image size-large\"><img loading=\"lazy\" decoding=\"async\" width=\"1024\" height=\"683\" src=\"https:\/\/cdn.unasp.br\/unasp-noticias\/2023\/08\/30081115\/seminario_educacao-1024x683.jpg\" alt=\"Palestra no Primeiro Semin\u00e1rio Internacional.\" class=\"wp-image-100797\" srcset=\"https:\/\/cdn.unasp.br\/unasp-noticias\/2023\/08\/30081115\/seminario_educacao-1024x683.jpg 1024w, https:\/\/cdn.unasp.br\/unasp-noticias\/2023\/08\/30081115\/seminario_educacao-300x200.jpg 300w, https:\/\/cdn.unasp.br\/unasp-noticias\/2023\/08\/30081115\/seminario_educacao-768x512.jpg 768w, https:\/\/cdn.unasp.br\/unasp-noticias\/2023\/08\/30081115\/seminario_educacao-1536x1024.jpg 1536w, https:\/\/cdn.unasp.br\/unasp-noticias\/2023\/08\/30081115\/seminario_educacao-900x600.jpg 900w, https:\/\/cdn.unasp.br\/unasp-noticias\/2023\/08\/30081115\/seminario_educacao-1200x800.jpg 1200w, https:\/\/cdn.unasp.br\/unasp-noticias\/2023\/08\/30081115\/seminario_educacao-1080x720.jpg 1080w, https:\/\/cdn.unasp.br\/unasp-noticias\/2023\/08\/30081115\/seminario_educacao-800x533.jpg 800w, https:\/\/cdn.unasp.br\/unasp-noticias\/2023\/08\/30081115\/seminario_educacao-750x500.jpg 750w, https:\/\/cdn.unasp.br\/unasp-noticias\/2023\/08\/30081115\/seminario_educacao-720x480.jpg 720w, https:\/\/cdn.unasp.br\/unasp-noticias\/2023\/08\/30081115\/seminario_educacao-420x280.jpg 420w, https:\/\/cdn.unasp.br\/unasp-noticias\/2023\/08\/30081115\/seminario_educacao-500x333.jpg 500w, https:\/\/cdn.unasp.br\/unasp-noticias\/2023\/08\/30081115\/seminario_educacao-400x267.jpg 400w, https:\/\/cdn.unasp.br\/unasp-noticias\/2023\/08\/30081115\/seminario_educacao-225x150.jpg 225w, https:\/\/cdn.unasp.br\/unasp-noticias\/2023\/08\/30081115\/seminario_educacao-175x117.jpg 175w, https:\/\/cdn.unasp.br\/unasp-noticias\/2023\/08\/30081115\/seminario_educacao-200x133.jpg 200w, https:\/\/cdn.unasp.br\/unasp-noticias\/2023\/08\/30081115\/seminario_educacao-675x450.jpg 675w, https:\/\/cdn.unasp.br\/unasp-noticias\/2023\/08\/30081115\/seminario_educacao-390x260.jpg 390w, https:\/\/cdn.unasp.br\/unasp-noticias\/2023\/08\/30081115\/seminario_educacao.jpg 2048w\" sizes=\"(max-width: 1024px) 100vw, 1024px\" \/><figcaption class=\"wp-element-caption\">Doutor Marcelo Dorfsman trouxe argumentos sobre a utiliza\u00e7\u00e3o da IA no ensino. Foto: AICOM<\/figcaption><\/figure>\n\n\n\n<p>O diretor de pesquisa do UNASP, Allan Novaes, explica que o encontro teve como objetivo \u201cfomentar ideias e discuss\u00f5es inovadoras daquilo que est\u00e1 acontecendo na \u00e1rea de educa\u00e7\u00e3o e tecnologia, abordando os aspectos mais novos, recentes e atuais.&#8221;&nbsp;<\/p>\n\n\n\n<p>Este \u00e9 o primeiro semin\u00e1rio realizado e o objetivo \u00e9 realizar uma edi\u00e7\u00e3o por ano. Al\u00e9m disso, uma parceria foi fechada entre o UNASP e a <a href=\"https:\/\/en.huji.ac.il\/\">Universidade Hebraica de Jerusal\u00e9m<\/a>. O tema central discutido foi \u201cDo ensino em emerg\u00eancia \u00e0 emerg\u00eancia de um novo ensino\u201d, com foco nos desafios da educa\u00e7\u00e3o em um contexto p\u00f3s-pand\u00eamico e de emerg\u00eancia da <a href=\"https:\/\/unasp.br\/noticias\/primeiro-tcc-do-unasp-no-metaverso\/\">Intelig\u00eancia Artificial<\/a>.<\/p>\n\n\n\n<h2 class=\"wp-block-heading\"><strong>O futuro da educa\u00e7\u00e3o&nbsp;<\/strong><\/h2>\n\n\n\n<p>Devido ao avan\u00e7o cont\u00ednuo da tecnologia, algo que se tornou presente na realidade de muitos cidad\u00e3os e, principalmente na rotina de quem est\u00e1 na sala de aula, foi o uso do Chat GPT. A utiliza\u00e7\u00e3o dessa ferramenta gera opini\u00f5es divergentes sobre os aspectos positivos e negativos.<\/p>\n\n\n\n<p>Para um embasamento melhor sobre esse assunto, o Diretor do Mestrado Internacional em Educa\u00e7\u00e3o da Universidade Hebraica, doutor Marcelo Dorfsman, apresentou em sua palestra argumentos e trouxe exemplos de como usar a IA a nosso favor, como uma ferramenta de aux\u00edlio para a educa\u00e7\u00e3o.&nbsp;<\/p>\n\n\n\n<p>\u201cEspero que os futuros professores consigam ensinar aos outros, e se informem do uso das ferramentas mais avan\u00e7adas que h\u00e1 para a educa\u00e7\u00e3o. Assim como um m\u00e9dico usa os m\u00e9todos mais avan\u00e7ados do mundo na sua profiss\u00e3o, um bom professor tamb\u00e9m tem que usar para ensinar\u201d, aconselha.&nbsp;<\/p>\n\n\n\n<h2 class=\"wp-block-heading\"><strong>Rumo \u00e0 mudan\u00e7a<\/strong><\/h2>\n\n\n\n<p>O conte\u00fado apresentado no encontro ser\u00e1 aproveitado pelos alunos, como Marli Guimar\u00e3es. \u201cN\u00f3s podemos sim, usar a IA a nosso favor. Por\u00e9m,&nbsp; precisamos aprender a utilizar de forma s\u00e1bia e precisa, e claro repassar isso para o nosso aluno\u201d, afirma.<\/p>\n\n\n\n<p>O trabalho de pesquisa da Marli envolve a quest\u00e3o do uso do Chat GPT no ensino b\u00e1sico.. \u201cO doutor trouxe mais possibilidades. Ele evidenciou isso. Ent\u00e3o, foi muito legal, porque ele trouxe essa outra perspectiva que eu estava esperando\u201d, comemora.<\/p>\n\n\n\n<p><\/p>\n","protected":false},"excerpt":{"rendered":"<p>O encontro discutiu sobre educa\u00e7\u00e3o, inova\u00e7\u00e3o e tecnologia, promovendo um di\u00e1logo entre as perspectivas e abordagens educacionais do Brasil e de Israel.<\/p>\n","protected":false},"author":77,"featured_media":100796,"comment_status":"closed","ping_status":"open","sticky":false,"template":"","format":"standard","meta":{"footnotes":""},"categories":[6],"tags":[3510,3511,60,3513],"yoast_head":"<!-- This site is optimized with the Yoast SEO plugin v23.5 - https:\/\/yoast.com\/wordpress\/plugins\/seo\/ -->\n<title>Primeiro Semin\u00e1rio Internacional reflete sobre tecnologia com Mestrado em Educa\u00e7\u00e3o<\/title>\n<meta name=\"description\" content=\"O UNASP campus Engenheiro Coelho realizou o Primeiro Semin\u00e1rio Internacional de Educa\u00e7\u00e3o, Tecnologia e Inova\u00e7\u00e3o no dia 29 de agosto.\" \/>\n<meta name=\"robots\" content=\"index, follow, max-snippet:-1, max-image-preview:large, max-video-preview:-1\" \/>\n<link rel=\"canonical\" href=\"https:\/\/unasp.br\/noticias\/primeiro-seminario-internacional-acontece-para-os-alunos-do-mestrado-profissional-em-educacao\/\" \/>\n<meta property=\"og:locale\" content=\"pt_BR\" \/>\n<meta property=\"og:type\" content=\"article\" \/>\n<meta property=\"og:title\" content=\"Primeiro Semin\u00e1rio Internacional reflete sobre tecnologia com Mestrado em Educa\u00e7\u00e3o\" \/>\n<meta property=\"og:description\" content=\"O UNASP campus Engenheiro Coelho realizou o Primeiro Semin\u00e1rio Internacional de Educa\u00e7\u00e3o, Tecnologia e Inova\u00e7\u00e3o no dia 29 de agosto.\" \/>\n<meta property=\"og:url\" content=\"https:\/\/unasp.br\/noticias\/primeiro-seminario-internacional-acontece-para-os-alunos-do-mestrado-profissional-em-educacao\/\" \/>\n<meta property=\"og:site_name\" content=\"UNASP Noticias\" \/>\n<meta property=\"article:published_time\" content=\"2023-08-30T14:18:13+00:00\" \/>\n<meta property=\"article:modified_time\" content=\"2023-08-30T14:21:47+00:00\" \/>\n<meta property=\"og:image\" content=\"https:\/\/cdn.unasp.br\/unasp-noticias\/2023\/08\/30080912\/educacao_seminario.jpg\" \/>\n\t<meta property=\"og:image:width\" content=\"2048\" \/>\n\t<meta property=\"og:image:height\" content=\"1365\" \/>\n\t<meta property=\"og:image:type\" content=\"image\/jpeg\" \/>\n<meta name=\"author\" content=\"Theillyson Lima\" \/>\n<meta name=\"twitter:card\" content=\"summary_large_image\" \/>\n<meta name=\"twitter:label1\" content=\"Escrito por\" \/>\n\t<meta name=\"twitter:data1\" content=\"Theillyson Lima\" \/>\n\t<meta name=\"twitter:label2\" content=\"Est. tempo de leitura\" \/>\n\t<meta name=\"twitter:data2\" content=\"3 minutos\" \/>\n<script type=\"application\/ld+json\" class=\"yoast-schema-graph\">{\"@context\":\"https:\/\/schema.org\",\"@graph\":[{\"@type\":\"Article\",\"@id\":\"https:\/\/unasp.br\/noticias\/primeiro-seminario-internacional-acontece-para-os-alunos-do-mestrado-profissional-em-educacao\/#article\",\"isPartOf\":{\"@id\":\"https:\/\/unasp.br\/noticias\/primeiro-seminario-internacional-acontece-para-os-alunos-do-mestrado-profissional-em-educacao\/\"},\"author\":{\"name\":\"Theillyson Lima\",\"@id\":\"https:\/\/unasp.br\/noticias\/#\/schema\/person\/e4843600f8dfbbe38b2e76dcf5cb161a\"},\"headline\":\"Primeiro Semin\u00e1rio Internacional reflete sobre tecnologia com Mestrado em Educa\u00e7\u00e3o\",\"datePublished\":\"2023-08-30T14:18:13+00:00\",\"dateModified\":\"2023-08-30T14:21:47+00:00\",\"mainEntityOfPage\":{\"@id\":\"https:\/\/unasp.br\/noticias\/primeiro-seminario-internacional-acontece-para-os-alunos-do-mestrado-profissional-em-educacao\/\"},\"wordCount\":443,\"publisher\":{\"@id\":\"https:\/\/unasp.br\/noticias\/#organization\"},\"image\":{\"@id\":\"https:\/\/unasp.br\/noticias\/primeiro-seminario-internacional-acontece-para-os-alunos-do-mestrado-profissional-em-educacao\/#primaryimage\"},\"thumbnailUrl\":\"https:\/\/cdn.unasp.br\/unasp-noticias\/2023\/08\/30080912\/educacao_seminario.jpg\",\"keywords\":[\"Mestrado em Educa\u00e7\u00e3o\",\"Semin\u00e1rio Internacional\",\"UNASP\",\"Universidade Hebraica de Jerusal\u00e9m\"],\"articleSection\":[\"Acontece no UNASP\"],\"inLanguage\":\"pt-BR\"},{\"@type\":\"WebPage\",\"@id\":\"https:\/\/unasp.br\/noticias\/primeiro-seminario-internacional-acontece-para-os-alunos-do-mestrado-profissional-em-educacao\/\",\"url\":\"https:\/\/unasp.br\/noticias\/primeiro-seminario-internacional-acontece-para-os-alunos-do-mestrado-profissional-em-educacao\/\",\"name\":\"Primeiro Semin\u00e1rio Internacional reflete sobre tecnologia com Mestrado em Educa\u00e7\u00e3o\",\"isPartOf\":{\"@id\":\"https:\/\/unasp.br\/noticias\/#website\"},\"primaryImageOfPage\":{\"@id\":\"https:\/\/unasp.br\/noticias\/primeiro-seminario-internacional-acontece-para-os-alunos-do-mestrado-profissional-em-educacao\/#primaryimage\"},\"image\":{\"@id\":\"https:\/\/unasp.br\/noticias\/primeiro-seminario-internacional-acontece-para-os-alunos-do-mestrado-profissional-em-educacao\/#primaryimage\"},\"thumbnailUrl\":\"https:\/\/cdn.unasp.br\/unasp-noticias\/2023\/08\/30080912\/educacao_seminario.jpg\",\"datePublished\":\"2023-08-30T14:18:13+00:00\",\"dateModified\":\"2023-08-30T14:21:47+00:00\",\"description\":\"O UNASP campus Engenheiro Coelho realizou o Primeiro Semin\u00e1rio Internacional de Educa\u00e7\u00e3o, Tecnologia e Inova\u00e7\u00e3o no dia 29 de agosto.\",\"breadcrumb\":{\"@id\":\"https:\/\/unasp.br\/noticias\/primeiro-seminario-internacional-acontece-para-os-alunos-do-mestrado-profissional-em-educacao\/#breadcrumb\"},\"inLanguage\":\"pt-BR\",\"potentialAction\":[{\"@type\":\"ReadAction\",\"target\":[\"https:\/\/unasp.br\/noticias\/primeiro-seminario-internacional-acontece-para-os-alunos-do-mestrado-profissional-em-educacao\/\"]}]},{\"@type\":\"ImageObject\",\"inLanguage\":\"pt-BR\",\"@id\":\"https:\/\/unasp.br\/noticias\/primeiro-seminario-internacional-acontece-para-os-alunos-do-mestrado-profissional-em-educacao\/#primaryimage\",\"url\":\"https:\/\/cdn.unasp.br\/unasp-noticias\/2023\/08\/30080912\/educacao_seminario.jpg\",\"contentUrl\":\"https:\/\/cdn.unasp.br\/unasp-noticias\/2023\/08\/30080912\/educacao_seminario.jpg\",\"width\":2048,\"height\":1365},{\"@type\":\"BreadcrumbList\",\"@id\":\"https:\/\/unasp.br\/noticias\/primeiro-seminario-internacional-acontece-para-os-alunos-do-mestrado-profissional-em-educacao\/#breadcrumb\",\"itemListElement\":[{\"@type\":\"ListItem\",\"position\":1,\"name\":\"In\u00edcio\",\"item\":\"https:\/\/unasp.br\/noticias\/\"},{\"@type\":\"ListItem\",\"position\":2,\"name\":\"Primeiro Semin\u00e1rio Internacional reflete sobre tecnologia com Mestrado em Educa\u00e7\u00e3o\"}]},{\"@type\":\"WebSite\",\"@id\":\"https:\/\/unasp.br\/noticias\/#website\",\"url\":\"https:\/\/unasp.br\/noticias\/\",\"name\":\"UNASP Noticias\",\"description\":\"Centro Universit\u00e1rio Adventista de S\u00e3o Paulo\",\"publisher\":{\"@id\":\"https:\/\/unasp.br\/noticias\/#organization\"},\"potentialAction\":[{\"@type\":\"SearchAction\",\"target\":{\"@type\":\"EntryPoint\",\"urlTemplate\":\"https:\/\/unasp.br\/noticias\/?s={search_term_string}\"},\"query-input\":{\"@type\":\"PropertyValueSpecification\",\"valueRequired\":true,\"valueName\":\"search_term_string\"}}],\"inLanguage\":\"pt-BR\"},{\"@type\":\"Organization\",\"@id\":\"https:\/\/unasp.br\/noticias\/#organization\",\"name\":\"UNASP Noticias\",\"url\":\"https:\/\/unasp.br\/noticias\/\",\"logo\":{\"@type\":\"ImageObject\",\"inLanguage\":\"pt-BR\",\"@id\":\"https:\/\/unasp.br\/noticias\/#\/schema\/logo\/image\/\",\"url\":\"https:\/\/cdn.unasp.br\/noticias\/wp-content\/uploads\/2021\/09\/09152724\/logo-unasp-news.png\",\"contentUrl\":\"https:\/\/cdn.unasp.br\/noticias\/wp-content\/uploads\/2021\/09\/09152724\/logo-unasp-news.png\",\"width\":240,\"height\":41,\"caption\":\"UNASP Noticias\"},\"image\":{\"@id\":\"https:\/\/unasp.br\/noticias\/#\/schema\/logo\/image\/\"}},{\"@type\":\"Person\",\"@id\":\"https:\/\/unasp.br\/noticias\/#\/schema\/person\/e4843600f8dfbbe38b2e76dcf5cb161a\",\"name\":\"Theillyson Lima\",\"image\":{\"@type\":\"ImageObject\",\"inLanguage\":\"pt-BR\",\"@id\":\"https:\/\/unasp.br\/noticias\/#\/schema\/person\/image\/\",\"url\":\"https:\/\/secure.gravatar.com\/avatar\/21e49c2c60b6bc07d48651d925017c6f?s=96&d=mm&r=g\",\"contentUrl\":\"https:\/\/secure.gravatar.com\/avatar\/21e49c2c60b6bc07d48651d925017c6f?s=96&d=mm&r=g\",\"caption\":\"Theillyson Lima\"},\"url\":\"https:\/\/unasp.br\/noticias\/author\/lima-theillysonunasp-edu-br\/\"}]}<\/script>\n<!-- \/ Yoast SEO plugin. -->","yoast_head_json":{"title":"Primeiro Semin\u00e1rio Internacional reflete sobre tecnologia com Mestrado em Educa\u00e7\u00e3o","description":"O UNASP campus Engenheiro Coelho realizou o Primeiro Semin\u00e1rio Internacional de Educa\u00e7\u00e3o, Tecnologia e Inova\u00e7\u00e3o no dia 29 de agosto.","robots":{"index":"index","follow":"follow","max-snippet":"max-snippet:-1","max-image-preview":"max-image-preview:large","max-video-preview":"max-video-preview:-1"},"canonical":"https:\/\/unasp.br\/noticias\/primeiro-seminario-internacional-acontece-para-os-alunos-do-mestrado-profissional-em-educacao\/","og_locale":"pt_BR","og_type":"article","og_title":"Primeiro Semin\u00e1rio Internacional reflete sobre tecnologia com Mestrado em Educa\u00e7\u00e3o","og_description":"O UNASP campus Engenheiro Coelho realizou o Primeiro Semin\u00e1rio Internacional de Educa\u00e7\u00e3o, Tecnologia e Inova\u00e7\u00e3o no dia 29 de agosto.","og_url":"https:\/\/unasp.br\/noticias\/primeiro-seminario-internacional-acontece-para-os-alunos-do-mestrado-profissional-em-educacao\/","og_site_name":"UNASP Noticias","article_published_time":"2023-08-30T14:18:13+00:00","article_modified_time":"2023-08-30T14:21:47+00:00","og_image":[{"width":2048,"height":1365,"url":"https:\/\/cdn.unasp.br\/unasp-noticias\/2023\/08\/30080912\/educacao_seminario.jpg","type":"image\/jpeg"}],"author":"Theillyson Lima","twitter_card":"summary_large_image","twitter_misc":{"Escrito por":"Theillyson Lima","Est. tempo de leitura":"3 minutos"},"schema":{"@context":"https:\/\/schema.org","@graph":[{"@type":"Article","@id":"https:\/\/unasp.br\/noticias\/primeiro-seminario-internacional-acontece-para-os-alunos-do-mestrado-profissional-em-educacao\/#article","isPartOf":{"@id":"https:\/\/unasp.br\/noticias\/primeiro-seminario-internacional-acontece-para-os-alunos-do-mestrado-profissional-em-educacao\/"},"author":{"name":"Theillyson Lima","@id":"https:\/\/unasp.br\/noticias\/#\/schema\/person\/e4843600f8dfbbe38b2e76dcf5cb161a"},"headline":"Primeiro Semin\u00e1rio Internacional reflete sobre tecnologia com Mestrado em Educa\u00e7\u00e3o","datePublished":"2023-08-30T14:18:13+00:00","dateModified":"2023-08-30T14:21:47+00:00","mainEntityOfPage":{"@id":"https:\/\/unasp.br\/noticias\/primeiro-seminario-internacional-acontece-para-os-alunos-do-mestrado-profissional-em-educacao\/"},"wordCount":443,"publisher":{"@id":"https:\/\/unasp.br\/noticias\/#organization"},"image":{"@id":"https:\/\/unasp.br\/noticias\/primeiro-seminario-internacional-acontece-para-os-alunos-do-mestrado-profissional-em-educacao\/#primaryimage"},"thumbnailUrl":"https:\/\/cdn.unasp.br\/unasp-noticias\/2023\/08\/30080912\/educacao_seminario.jpg","keywords":["Mestrado em Educa\u00e7\u00e3o","Semin\u00e1rio Internacional","UNASP","Universidade Hebraica de Jerusal\u00e9m"],"articleSection":["Acontece no UNASP"],"inLanguage":"pt-BR"},{"@type":"WebPage","@id":"https:\/\/unasp.br\/noticias\/primeiro-seminario-internacional-acontece-para-os-alunos-do-mestrado-profissional-em-educacao\/","url":"https:\/\/unasp.br\/noticias\/primeiro-seminario-internacional-acontece-para-os-alunos-do-mestrado-profissional-em-educacao\/","name":"Primeiro Semin\u00e1rio Internacional reflete sobre tecnologia com Mestrado em Educa\u00e7\u00e3o","isPartOf":{"@id":"https:\/\/unasp.br\/noticias\/#website"},"primaryImageOfPage":{"@id":"https:\/\/unasp.br\/noticias\/primeiro-seminario-internacional-acontece-para-os-alunos-do-mestrado-profissional-em-educacao\/#primaryimage"},"image":{"@id":"https:\/\/unasp.br\/noticias\/primeiro-seminario-internacional-acontece-para-os-alunos-do-mestrado-profissional-em-educacao\/#primaryimage"},"thumbnailUrl":"https:\/\/cdn.unasp.br\/unasp-noticias\/2023\/08\/30080912\/educacao_seminario.jpg","datePublished":"2023-08-30T14:18:13+00:00","dateModified":"2023-08-30T14:21:47+00:00","description":"O UNASP campus Engenheiro Coelho realizou o Primeiro Semin\u00e1rio Internacional de Educa\u00e7\u00e3o, Tecnologia e Inova\u00e7\u00e3o no dia 29 de agosto.","breadcrumb":{"@id":"https:\/\/unasp.br\/noticias\/primeiro-seminario-internacional-acontece-para-os-alunos-do-mestrado-profissional-em-educacao\/#breadcrumb"},"inLanguage":"pt-BR","potentialAction":[{"@type":"ReadAction","target":["https:\/\/unasp.br\/noticias\/primeiro-seminario-internacional-acontece-para-os-alunos-do-mestrado-profissional-em-educacao\/"]}]},{"@type":"ImageObject","inLanguage":"pt-BR","@id":"https:\/\/unasp.br\/noticias\/primeiro-seminario-internacional-acontece-para-os-alunos-do-mestrado-profissional-em-educacao\/#primaryimage","url":"https:\/\/cdn.unasp.br\/unasp-noticias\/2023\/08\/30080912\/educacao_seminario.jpg","contentUrl":"https:\/\/cdn.unasp.br\/unasp-noticias\/2023\/08\/30080912\/educacao_seminario.jpg","width":2048,"height":1365},{"@type":"BreadcrumbList","@id":"https:\/\/unasp.br\/noticias\/primeiro-seminario-internacional-acontece-para-os-alunos-do-mestrado-profissional-em-educacao\/#breadcrumb","itemListElement":[{"@type":"ListItem","position":1,"name":"In\u00edcio","item":"https:\/\/unasp.br\/noticias\/"},{"@type":"ListItem","position":2,"name":"Primeiro Semin\u00e1rio Internacional reflete sobre tecnologia com Mestrado em Educa\u00e7\u00e3o"}]},{"@type":"WebSite","@id":"https:\/\/unasp.br\/noticias\/#website","url":"https:\/\/unasp.br\/noticias\/","name":"UNASP Noticias","description":"Centro Universit\u00e1rio Adventista de S\u00e3o Paulo","publisher":{"@id":"https:\/\/unasp.br\/noticias\/#organization"},"potentialAction":[{"@type":"SearchAction","target":{"@type":"EntryPoint","urlTemplate":"https:\/\/unasp.br\/noticias\/?s={search_term_string}"},"query-input":{"@type":"PropertyValueSpecification","valueRequired":true,"valueName":"search_term_string"}}],"inLanguage":"pt-BR"},{"@type":"Organization","@id":"https:\/\/unasp.br\/noticias\/#organization","name":"UNASP Noticias","url":"https:\/\/unasp.br\/noticias\/","logo":{"@type":"ImageObject","inLanguage":"pt-BR","@id":"https:\/\/unasp.br\/noticias\/#\/schema\/logo\/image\/","url":"https:\/\/cdn.unasp.br\/noticias\/wp-content\/uploads\/2021\/09\/09152724\/logo-unasp-news.png","contentUrl":"https:\/\/cdn.unasp.br\/noticias\/wp-content\/uploads\/2021\/09\/09152724\/logo-unasp-news.png","width":240,"height":41,"caption":"UNASP Noticias"},"image":{"@id":"https:\/\/unasp.br\/noticias\/#\/schema\/logo\/image\/"}},{"@type":"Person","@id":"https:\/\/unasp.br\/noticias\/#\/schema\/person\/e4843600f8dfbbe38b2e76dcf5cb161a","name":"Theillyson Lima","image":{"@type":"ImageObject","inLanguage":"pt-BR","@id":"https:\/\/unasp.br\/noticias\/#\/schema\/person\/image\/","url":"https:\/\/secure.gravatar.com\/avatar\/21e49c2c60b6bc07d48651d925017c6f?s=96&d=mm&r=g","contentUrl":"https:\/\/secure.gravatar.com\/avatar\/21e49c2c60b6bc07d48651d925017c6f?s=96&d=mm&r=g","caption":"Theillyson Lima"},"url":"https:\/\/unasp.br\/noticias\/author\/lima-theillysonunasp-edu-br\/"}]}},"_links":{"self":[{"href":"https:\/\/unasp.br\/noticias\/wp-json\/wp\/v2\/posts\/100794"}],"collection":[{"href":"https:\/\/unasp.br\/noticias\/wp-json\/wp\/v2\/posts"}],"about":[{"href":"https:\/\/unasp.br\/noticias\/wp-json\/wp\/v2\/types\/post"}],"author":[{"embeddable":true,"href":"https:\/\/unasp.br\/noticias\/wp-json\/wp\/v2\/users\/77"}],"replies":[{"embeddable":true,"href":"https:\/\/unasp.br\/noticias\/wp-json\/wp\/v2\/comments?post=100794"}],"version-history":[{"count":7,"href":"https:\/\/unasp.br\/noticias\/wp-json\/wp\/v2\/posts\/100794\/revisions"}],"predecessor-version":[{"id":100803,"href":"https:\/\/unasp.br\/noticias\/wp-json\/wp\/v2\/posts\/100794\/revisions\/100803"}],"wp:featuredmedia":[{"embeddable":true,"href":"https:\/\/unasp.br\/noticias\/wp-json\/wp\/v2\/media\/100796"}],"wp:attachment":[{"href":"https:\/\/unasp.br\/noticias\/wp-json\/wp\/v2\/media?parent=100794"}],"wp:term":[{"taxonomy":"category","embeddable":true,"href":"https:\/\/unasp.br\/noticias\/wp-json\/wp\/v2\/categories?post=100794"},{"taxonomy":"post_tag","embeddable":true,"href":"https:\/\/unasp.br\/noticias\/wp-json\/wp\/v2\/tags?post=100794"}],"curies":[{"name":"wp","href":"https:\/\/api.w.org\/{rel}","templated":true}]}}