{"id":103413,"date":"2024-09-18T10:24:25","date_gmt":"2024-09-18T13:24:25","guid":{"rendered":"https:\/\/unasp.br\/noticias\/?p=103413"},"modified":"2024-09-18T10:31:08","modified_gmt":"2024-09-18T13:31:08","slug":"unasp-recebe-segunda-edicao-da-olimpiadas-do-conhecimento","status":"publish","type":"post","link":"https:\/\/unasp.br\/noticias\/unasp-recebe-segunda-edicao-da-olimpiadas-do-conhecimento\/","title":{"rendered":"UNASP organiza segunda edi\u00e7\u00e3o das Olimp\u00edadas do Conhecimento"},"content":{"rendered":"\n<p>O Col\u00e9gio UNASP realizou a segunda edi\u00e7\u00e3o das Olimp\u00edadas do Conhecimento, no campus Engenheiro Coelho, no \u00faltimo domingo (15). O evento reuniu alunos do Ensino Fundamental II e Ensino M\u00e9dio das tr\u00eas unidades, que participaram da competi\u00e7\u00e3o com o objetivo de estimular o racioc\u00ednio l\u00f3gico e promover uma competitividade saud\u00e1vel.<\/p>\n\n\n\n<figure class=\"wp-block-image size-large\"><img loading=\"lazy\" decoding=\"async\" width=\"1024\" height=\"683\" src=\"https:\/\/cdn.unasp.br\/unasp-noticias\/2024\/09\/18072208\/54003947816_c1048d7efc_k-1024x683.jpg\" alt=\"\" class=\"wp-image-103415\" srcset=\"https:\/\/cdn.unasp.br\/unasp-noticias\/2024\/09\/18072208\/54003947816_c1048d7efc_k-1024x683.jpg 1024w, https:\/\/cdn.unasp.br\/unasp-noticias\/2024\/09\/18072208\/54003947816_c1048d7efc_k-300x200.jpg 300w, https:\/\/cdn.unasp.br\/unasp-noticias\/2024\/09\/18072208\/54003947816_c1048d7efc_k-768x512.jpg 768w, https:\/\/cdn.unasp.br\/unasp-noticias\/2024\/09\/18072208\/54003947816_c1048d7efc_k-1536x1024.jpg 1536w, https:\/\/cdn.unasp.br\/unasp-noticias\/2024\/09\/18072208\/54003947816_c1048d7efc_k-900x600.jpg 900w, https:\/\/cdn.unasp.br\/unasp-noticias\/2024\/09\/18072208\/54003947816_c1048d7efc_k-1200x800.jpg 1200w, https:\/\/cdn.unasp.br\/unasp-noticias\/2024\/09\/18072208\/54003947816_c1048d7efc_k-1080x720.jpg 1080w, https:\/\/cdn.unasp.br\/unasp-noticias\/2024\/09\/18072208\/54003947816_c1048d7efc_k-800x533.jpg 800w, https:\/\/cdn.unasp.br\/unasp-noticias\/2024\/09\/18072208\/54003947816_c1048d7efc_k-750x500.jpg 750w, https:\/\/cdn.unasp.br\/unasp-noticias\/2024\/09\/18072208\/54003947816_c1048d7efc_k-720x480.jpg 720w, https:\/\/cdn.unasp.br\/unasp-noticias\/2024\/09\/18072208\/54003947816_c1048d7efc_k-420x280.jpg 420w, https:\/\/cdn.unasp.br\/unasp-noticias\/2024\/09\/18072208\/54003947816_c1048d7efc_k-500x333.jpg 500w, https:\/\/cdn.unasp.br\/unasp-noticias\/2024\/09\/18072208\/54003947816_c1048d7efc_k-400x267.jpg 400w, https:\/\/cdn.unasp.br\/unasp-noticias\/2024\/09\/18072208\/54003947816_c1048d7efc_k-225x150.jpg 225w, https:\/\/cdn.unasp.br\/unasp-noticias\/2024\/09\/18072208\/54003947816_c1048d7efc_k-175x117.jpg 175w, https:\/\/cdn.unasp.br\/unasp-noticias\/2024\/09\/18072208\/54003947816_c1048d7efc_k-200x133.jpg 200w, https:\/\/cdn.unasp.br\/unasp-noticias\/2024\/09\/18072208\/54003947816_c1048d7efc_k-675x450.jpg 675w, https:\/\/cdn.unasp.br\/unasp-noticias\/2024\/09\/18072208\/54003947816_c1048d7efc_k-390x260.jpg 390w, https:\/\/cdn.unasp.br\/unasp-noticias\/2024\/09\/18072208\/54003947816_c1048d7efc_k.jpg 2048w\" sizes=\"(max-width: 1024px) 100vw, 1024px\" \/><figcaption class=\"wp-element-caption\">Alunos foram premiados pelo bom desempenho nas Olimp\u00edadas. Foto: AICOM<\/figcaption><\/figure>\n\n\n\n<p>A edi\u00e7\u00e3o contou com a participa\u00e7\u00e3o de mais de 300 alunos das unidades de Engenheiro Coelho, Hortol\u00e2ndia e S\u00e3o Paulo. Os estudantes competiram em provas nas \u00e1reas de Matem\u00e1tica, Ci\u00eancias e Ensino Religioso, demonstrando seus conhecimentos em um ambiente de aprendizado e desafio.<\/p>\n\n\n\n<h2 class=\"wp-block-heading\"><strong>Integra\u00e7\u00e3o e desenvolvimento acad\u00eamico<\/strong><\/h2>\n\n\n\n<p>Tayn\u00e1 Rocha, secret\u00e1ria da Educa\u00e7\u00e3o B\u00e1sica tricampi, ressaltou a import\u00e2ncia do evento para a integra\u00e7\u00e3o entre as diferentes escolas do UNASP. \u201cEsse evento, al\u00e9m de reunir as tr\u00eas escolas para fortalecer a conex\u00e3o entre os UNASP, traz conhecimento de forma pr\u00e1tica. \u00c9 uma excelente oportunidade para os alunos sa\u00edrem da rotina escolar e vivenciarem novas experi\u00eancias em um ambiente diferente,\u201d afirmou Tayn\u00e1.&nbsp;<\/p>\n\n\n\n<p>Eduardo Henrique Neto, diretor do col\u00e9gio UNASP unidade Hortol\u00e2ndia, acrescentou que as Olimp\u00edadas do Conhecimento servem tamb\u00e9m como um preparat\u00f3rio para exames importantes como o <a href=\"https:\/\/www.gov.br\/inep\/pt-br\/areas-de-atuacao\/avaliacao-e-exames-educacionais\/enem\">ENEM<\/a> e <a href=\"https:\/\/lp.unasp.edu.br\/vestibular\/?utm_source=google&amp;utm_medium=cpc&amp;utm_campaign=comercial_%23grad*_%23tri*_2024_%23verao*_%23vestibular*_%23lista_de_espera*&amp;gad_source=1&amp;gclid=CjwKCAjw0aS3BhA3EiwAKaD2Zb-YNxjyOEP1hT1RHpLj7LSWUukxjPYYcR-mTFW1NdCvnolfQlDD2xoCsJUQAvD_BwE\">vestibulares<\/a>. \u201cA competi\u00e7\u00e3o oferece um incentivo para que os alunos se preparem melhor para os desafios futuros. \u00c9 uma forma de trein\u00e1-los para lidar com provas de grande porte, e tamb\u00e9m para valoriz\u00e1-los pelo esfor\u00e7o e dedica\u00e7\u00e3o que demonstraram para chegar at\u00e9 aqui,\u201d explicou o diretor.<\/p>\n\n\n\n<h2 class=\"wp-block-heading\"><strong>Objetivos e expectativas para o futuro<\/strong><\/h2>\n\n\n\n<p>O professor Henrique Romaneli, vice-reitor da Educa\u00e7\u00e3o B\u00e1sica, destacou que as Olimp\u00edadas do Conhecimento fazem parte de um esfor\u00e7o cont\u00ednuo para oferecer uma educa\u00e7\u00e3o integral no UNASP. \u201cAssim como o UNASP <a href=\"https:\/\/unasp.br\/noticias\/colegio-unasp-promove-nova-edicao-do-sports-day\/\">Sports Day<\/a>, que aconteceu na semana passada, as Olimp\u00edadas do Conhecimento \u00e9 uma das v\u00e1rias iniciativas que visam promover o desenvolvimento integral dos alunos. Estamos planejando para o pr\u00f3ximo ano um evento espiritual, com um encontro de corais, para complementar as atividades esportivas e acad\u00eamicas,\u201d revelou Henrique.\u00a0<\/p>\n\n\n\n<p>Ele enfatizou que o evento n\u00e3o apenas valoriza o desempenho acad\u00eamico dos alunos, mas tamb\u00e9m promove a intera\u00e7\u00e3o entre eles, refor\u00e7ando a ideia de que, apesar de estarem em diferentes locais, fazem parte de uma \u00fanica comunidade educacional.<\/p>\n\n\n\n<h2 class=\"wp-block-heading\"><strong>Viv\u00eancia dos alunos e prepara\u00e7\u00e3o<\/strong><\/h2>\n\n\n\n<p>Para os alunos, as <a href=\"https:\/\/unasp.br\/noticias\/colegio-unasp-realiza-olimpiadas-de-matematica\/\">Olimp\u00edadas<\/a> do Conhecimento representaram uma oportunidade de testar e aprimorar suas habilidades. Est\u00eav\u00e3o Vasconcelos, aluno do 3\u00ba ano do Ensino M\u00e9dio da unidade de Engenheiro Coelho, expressou sua satisfa\u00e7\u00e3o com o evento. \u201c\u00c9 muito gratificante competir na mat\u00e9ria que eu mais gosto, que \u00e9 Ensino Religioso. \u00c9 um momento para testar meus conhecimentos e, quem sabe, aprender ainda mais,\u201d comentou Est\u00eav\u00e3o.\u00a0<\/p>\n\n\n\n<p>Emily Kauane, professora de Matem\u00e1tica da unidade de Engenheiro Coelho, destacou a prepara\u00e7\u00e3o dos alunos para a competi\u00e7\u00e3o. \u201cAqui no col\u00e9gio, al\u00e9m das aulas regulares, usamos simulados e revis\u00f5es para preparar os alunos. Essa metodologia ajuda a garantir que estejam bem preparados para o dia da prova,\u201d explicou a professora.<\/p>\n\n\n\n<p>Jaqueline Guatierri Camargo, coordenadora do Ensino M\u00e9dio da unidade de S\u00e3o Paulo, refor\u00e7ou a import\u00e2ncia do autocontrole e da disciplina. \u201cOs alunos passaram por uma intensa prepara\u00e7\u00e3o, com simulados e revis\u00f5es, e \u00e9 fundamental que eles consigam manter o autocontrole durante a competi\u00e7\u00e3o. A prepara\u00e7\u00e3o \u00e9 crucial, mas o desempenho tamb\u00e9m depende da capacidade de gerir as emo\u00e7\u00f5es,\u201d disse a coordenadora.<\/p>\n\n\n\n<p>No final das competi\u00e7\u00f5es, o ranking de classifica\u00e7\u00e3o das unidades de ensino ficou definido com a unidade de S\u00e3o Paulo em 1\u00ba lugar pelo segundo ano consecutivo, enquanto a unidade de Engenheiro Coelho ficou com a 2\u00aa posi\u00e7\u00e3o. Em 3\u00ba lugar, a unidade de Hortol\u00e2ndia completou o p\u00f3dio.<\/p>\n\n\n\n<figure class=\"wp-block-image size-large\"><img loading=\"lazy\" decoding=\"async\" width=\"1024\" height=\"682\" src=\"https:\/\/cdn.unasp.br\/unasp-noticias\/2024\/09\/18072251\/WhatsApp-Image-2024-09-18-at-10.05.49-1024x682.jpeg\" alt=\"\" class=\"wp-image-103416\" srcset=\"https:\/\/cdn.unasp.br\/unasp-noticias\/2024\/09\/18072251\/WhatsApp-Image-2024-09-18-at-10.05.49-1024x682.jpeg 1024w, https:\/\/cdn.unasp.br\/unasp-noticias\/2024\/09\/18072251\/WhatsApp-Image-2024-09-18-at-10.05.49-300x200.jpeg 300w, https:\/\/cdn.unasp.br\/unasp-noticias\/2024\/09\/18072251\/WhatsApp-Image-2024-09-18-at-10.05.49-768x512.jpeg 768w, https:\/\/cdn.unasp.br\/unasp-noticias\/2024\/09\/18072251\/WhatsApp-Image-2024-09-18-at-10.05.49-1536x1023.jpeg 1536w, https:\/\/cdn.unasp.br\/unasp-noticias\/2024\/09\/18072251\/WhatsApp-Image-2024-09-18-at-10.05.49-901x600.jpeg 901w, https:\/\/cdn.unasp.br\/unasp-noticias\/2024\/09\/18072251\/WhatsApp-Image-2024-09-18-at-10.05.49-1201x800.jpeg 1201w, https:\/\/cdn.unasp.br\/unasp-noticias\/2024\/09\/18072251\/WhatsApp-Image-2024-09-18-at-10.05.49-1081x720.jpeg 1081w, https:\/\/cdn.unasp.br\/unasp-noticias\/2024\/09\/18072251\/WhatsApp-Image-2024-09-18-at-10.05.49-800x533.jpeg 800w, https:\/\/cdn.unasp.br\/unasp-noticias\/2024\/09\/18072251\/WhatsApp-Image-2024-09-18-at-10.05.49-750x500.jpeg 750w, https:\/\/cdn.unasp.br\/unasp-noticias\/2024\/09\/18072251\/WhatsApp-Image-2024-09-18-at-10.05.49-720x480.jpeg 720w, https:\/\/cdn.unasp.br\/unasp-noticias\/2024\/09\/18072251\/WhatsApp-Image-2024-09-18-at-10.05.49-420x280.jpeg 420w, https:\/\/cdn.unasp.br\/unasp-noticias\/2024\/09\/18072251\/WhatsApp-Image-2024-09-18-at-10.05.49-500x333.jpeg 500w, https:\/\/cdn.unasp.br\/unasp-noticias\/2024\/09\/18072251\/WhatsApp-Image-2024-09-18-at-10.05.49-400x267.jpeg 400w, https:\/\/cdn.unasp.br\/unasp-noticias\/2024\/09\/18072251\/WhatsApp-Image-2024-09-18-at-10.05.49-225x150.jpeg 225w, https:\/\/cdn.unasp.br\/unasp-noticias\/2024\/09\/18072251\/WhatsApp-Image-2024-09-18-at-10.05.49-175x117.jpeg 175w, https:\/\/cdn.unasp.br\/unasp-noticias\/2024\/09\/18072251\/WhatsApp-Image-2024-09-18-at-10.05.49-200x133.jpeg 200w, https:\/\/cdn.unasp.br\/unasp-noticias\/2024\/09\/18072251\/WhatsApp-Image-2024-09-18-at-10.05.49-675x450.jpeg 675w, https:\/\/cdn.unasp.br\/unasp-noticias\/2024\/09\/18072251\/WhatsApp-Image-2024-09-18-at-10.05.49-390x260.jpeg 390w, https:\/\/cdn.unasp.br\/unasp-noticias\/2024\/09\/18072251\/WhatsApp-Image-2024-09-18-at-10.05.49.jpeg 1600w\" sizes=\"(max-width: 1024px) 100vw, 1024px\" \/><figcaption class=\"wp-element-caption\">Professores das tr\u00eas unidades tamb\u00e9m participaram do evento. Foto: AICOM<\/figcaption><\/figure>\n","protected":false},"excerpt":{"rendered":"<p>Juntando conhecimento e divers\u00e3o, a segunda edi\u00e7\u00e3o do evento promoveu intera\u00e7\u00e3o entre os alunos. <\/p>\n","protected":false},"author":77,"featured_media":103415,"comment_status":"closed","ping_status":"open","sticky":false,"template":"","format":"standard","meta":{"footnotes":""},"categories":[6],"tags":[259,3672],"yoast_head":"<!-- This site is optimized with the Yoast SEO plugin v23.5 - https:\/\/yoast.com\/wordpress\/plugins\/seo\/ -->\n<title>UNASP organiza segunda edi\u00e7\u00e3o da Olimp\u00edadas do Conhecimento<\/title>\n<meta name=\"description\" content=\"O Col\u00e9gio UNASP realizou a segunda edi\u00e7\u00e3o da Olimp\u00edadas do Conhecimento, no campus Engenheiro Coelho, no \u00faltimo domingo (15).\" \/>\n<meta name=\"robots\" content=\"index, follow, max-snippet:-1, max-image-preview:large, max-video-preview:-1\" \/>\n<link rel=\"canonical\" href=\"https:\/\/unasp.br\/noticias\/unasp-recebe-segunda-edicao-da-olimpiadas-do-conhecimento\/\" \/>\n<meta property=\"og:locale\" content=\"pt_BR\" \/>\n<meta property=\"og:type\" content=\"article\" \/>\n<meta property=\"og:title\" content=\"UNASP organiza segunda edi\u00e7\u00e3o da Olimp\u00edadas do Conhecimento\" \/>\n<meta property=\"og:description\" content=\"O Col\u00e9gio UNASP realizou a segunda edi\u00e7\u00e3o da Olimp\u00edadas do Conhecimento, no campus Engenheiro Coelho, no \u00faltimo domingo (15).\" \/>\n<meta property=\"og:url\" content=\"https:\/\/unasp.br\/noticias\/unasp-recebe-segunda-edicao-da-olimpiadas-do-conhecimento\/\" \/>\n<meta property=\"og:site_name\" content=\"UNASP Noticias\" \/>\n<meta property=\"article:published_time\" content=\"2024-09-18T13:24:25+00:00\" \/>\n<meta property=\"article:modified_time\" content=\"2024-09-18T13:31:08+00:00\" \/>\n<meta property=\"og:image\" content=\"https:\/\/cdn.unasp.br\/unasp-noticias\/2024\/09\/18072208\/54003947816_c1048d7efc_k.jpg\" \/>\n\t<meta property=\"og:image:width\" content=\"2048\" \/>\n\t<meta property=\"og:image:height\" content=\"1365\" \/>\n\t<meta property=\"og:image:type\" content=\"image\/jpeg\" \/>\n<meta name=\"author\" content=\"Theillyson Lima\" \/>\n<meta name=\"twitter:card\" content=\"summary_large_image\" \/>\n<meta name=\"twitter:label1\" content=\"Escrito por\" \/>\n\t<meta name=\"twitter:data1\" content=\"Theillyson Lima\" \/>\n\t<meta name=\"twitter:label2\" content=\"Est. tempo de leitura\" \/>\n\t<meta name=\"twitter:data2\" content=\"4 minutos\" \/>\n<script type=\"application\/ld+json\" class=\"yoast-schema-graph\">{\"@context\":\"https:\/\/schema.org\",\"@graph\":[{\"@type\":\"Article\",\"@id\":\"https:\/\/unasp.br\/noticias\/unasp-recebe-segunda-edicao-da-olimpiadas-do-conhecimento\/#article\",\"isPartOf\":{\"@id\":\"https:\/\/unasp.br\/noticias\/unasp-recebe-segunda-edicao-da-olimpiadas-do-conhecimento\/\"},\"author\":{\"name\":\"Theillyson Lima\",\"@id\":\"https:\/\/unasp.br\/noticias\/#\/schema\/person\/e4843600f8dfbbe38b2e76dcf5cb161a\"},\"headline\":\"UNASP organiza segunda edi\u00e7\u00e3o das Olimp\u00edadas do Conhecimento\",\"datePublished\":\"2024-09-18T13:24:25+00:00\",\"dateModified\":\"2024-09-18T13:31:08+00:00\",\"mainEntityOfPage\":{\"@id\":\"https:\/\/unasp.br\/noticias\/unasp-recebe-segunda-edicao-da-olimpiadas-do-conhecimento\/\"},\"wordCount\":689,\"publisher\":{\"@id\":\"https:\/\/unasp.br\/noticias\/#organization\"},\"image\":{\"@id\":\"https:\/\/unasp.br\/noticias\/unasp-recebe-segunda-edicao-da-olimpiadas-do-conhecimento\/#primaryimage\"},\"thumbnailUrl\":\"https:\/\/cdn.unasp.br\/unasp-noticias\/2024\/09\/18072208\/54003947816_c1048d7efc_k.jpg\",\"keywords\":[\"Col\u00e9gio UNASP\",\"olimp\u00edadas do conhecimento\"],\"articleSection\":[\"Acontece no UNASP\"],\"inLanguage\":\"pt-BR\"},{\"@type\":\"WebPage\",\"@id\":\"https:\/\/unasp.br\/noticias\/unasp-recebe-segunda-edicao-da-olimpiadas-do-conhecimento\/\",\"url\":\"https:\/\/unasp.br\/noticias\/unasp-recebe-segunda-edicao-da-olimpiadas-do-conhecimento\/\",\"name\":\"UNASP organiza segunda edi\u00e7\u00e3o da Olimp\u00edadas do Conhecimento\",\"isPartOf\":{\"@id\":\"https:\/\/unasp.br\/noticias\/#website\"},\"primaryImageOfPage\":{\"@id\":\"https:\/\/unasp.br\/noticias\/unasp-recebe-segunda-edicao-da-olimpiadas-do-conhecimento\/#primaryimage\"},\"image\":{\"@id\":\"https:\/\/unasp.br\/noticias\/unasp-recebe-segunda-edicao-da-olimpiadas-do-conhecimento\/#primaryimage\"},\"thumbnailUrl\":\"https:\/\/cdn.unasp.br\/unasp-noticias\/2024\/09\/18072208\/54003947816_c1048d7efc_k.jpg\",\"datePublished\":\"2024-09-18T13:24:25+00:00\",\"dateModified\":\"2024-09-18T13:31:08+00:00\",\"description\":\"O Col\u00e9gio UNASP realizou a segunda edi\u00e7\u00e3o da Olimp\u00edadas do Conhecimento, no campus Engenheiro Coelho, no \u00faltimo domingo (15).\",\"breadcrumb\":{\"@id\":\"https:\/\/unasp.br\/noticias\/unasp-recebe-segunda-edicao-da-olimpiadas-do-conhecimento\/#breadcrumb\"},\"inLanguage\":\"pt-BR\",\"potentialAction\":[{\"@type\":\"ReadAction\",\"target\":[\"https:\/\/unasp.br\/noticias\/unasp-recebe-segunda-edicao-da-olimpiadas-do-conhecimento\/\"]}]},{\"@type\":\"ImageObject\",\"inLanguage\":\"pt-BR\",\"@id\":\"https:\/\/unasp.br\/noticias\/unasp-recebe-segunda-edicao-da-olimpiadas-do-conhecimento\/#primaryimage\",\"url\":\"https:\/\/cdn.unasp.br\/unasp-noticias\/2024\/09\/18072208\/54003947816_c1048d7efc_k.jpg\",\"contentUrl\":\"https:\/\/cdn.unasp.br\/unasp-noticias\/2024\/09\/18072208\/54003947816_c1048d7efc_k.jpg\",\"width\":2048,\"height\":1365},{\"@type\":\"BreadcrumbList\",\"@id\":\"https:\/\/unasp.br\/noticias\/unasp-recebe-segunda-edicao-da-olimpiadas-do-conhecimento\/#breadcrumb\",\"itemListElement\":[{\"@type\":\"ListItem\",\"position\":1,\"name\":\"In\u00edcio\",\"item\":\"https:\/\/unasp.br\/noticias\/\"},{\"@type\":\"ListItem\",\"position\":2,\"name\":\"UNASP organiza segunda edi\u00e7\u00e3o das Olimp\u00edadas do Conhecimento\"}]},{\"@type\":\"WebSite\",\"@id\":\"https:\/\/unasp.br\/noticias\/#website\",\"url\":\"https:\/\/unasp.br\/noticias\/\",\"name\":\"UNASP Noticias\",\"description\":\"Centro Universit\u00e1rio Adventista de S\u00e3o Paulo\",\"publisher\":{\"@id\":\"https:\/\/unasp.br\/noticias\/#organization\"},\"potentialAction\":[{\"@type\":\"SearchAction\",\"target\":{\"@type\":\"EntryPoint\",\"urlTemplate\":\"https:\/\/unasp.br\/noticias\/?s={search_term_string}\"},\"query-input\":{\"@type\":\"PropertyValueSpecification\",\"valueRequired\":true,\"valueName\":\"search_term_string\"}}],\"inLanguage\":\"pt-BR\"},{\"@type\":\"Organization\",\"@id\":\"https:\/\/unasp.br\/noticias\/#organization\",\"name\":\"UNASP Noticias\",\"url\":\"https:\/\/unasp.br\/noticias\/\",\"logo\":{\"@type\":\"ImageObject\",\"inLanguage\":\"pt-BR\",\"@id\":\"https:\/\/unasp.br\/noticias\/#\/schema\/logo\/image\/\",\"url\":\"https:\/\/cdn.unasp.br\/noticias\/wp-content\/uploads\/2021\/09\/09152724\/logo-unasp-news.png\",\"contentUrl\":\"https:\/\/cdn.unasp.br\/noticias\/wp-content\/uploads\/2021\/09\/09152724\/logo-unasp-news.png\",\"width\":240,\"height\":41,\"caption\":\"UNASP Noticias\"},\"image\":{\"@id\":\"https:\/\/unasp.br\/noticias\/#\/schema\/logo\/image\/\"}},{\"@type\":\"Person\",\"@id\":\"https:\/\/unasp.br\/noticias\/#\/schema\/person\/e4843600f8dfbbe38b2e76dcf5cb161a\",\"name\":\"Theillyson Lima\",\"image\":{\"@type\":\"ImageObject\",\"inLanguage\":\"pt-BR\",\"@id\":\"https:\/\/unasp.br\/noticias\/#\/schema\/person\/image\/\",\"url\":\"https:\/\/secure.gravatar.com\/avatar\/21e49c2c60b6bc07d48651d925017c6f?s=96&d=mm&r=g\",\"contentUrl\":\"https:\/\/secure.gravatar.com\/avatar\/21e49c2c60b6bc07d48651d925017c6f?s=96&d=mm&r=g\",\"caption\":\"Theillyson Lima\"},\"url\":\"https:\/\/unasp.br\/noticias\/author\/lima-theillysonunasp-edu-br\/\"}]}<\/script>\n<!-- \/ Yoast SEO plugin. -->","yoast_head_json":{"title":"UNASP organiza segunda edi\u00e7\u00e3o da Olimp\u00edadas do Conhecimento","description":"O Col\u00e9gio UNASP realizou a segunda edi\u00e7\u00e3o da Olimp\u00edadas do Conhecimento, no campus Engenheiro Coelho, no \u00faltimo domingo (15).","robots":{"index":"index","follow":"follow","max-snippet":"max-snippet:-1","max-image-preview":"max-image-preview:large","max-video-preview":"max-video-preview:-1"},"canonical":"https:\/\/unasp.br\/noticias\/unasp-recebe-segunda-edicao-da-olimpiadas-do-conhecimento\/","og_locale":"pt_BR","og_type":"article","og_title":"UNASP organiza segunda edi\u00e7\u00e3o da Olimp\u00edadas do Conhecimento","og_description":"O Col\u00e9gio UNASP realizou a segunda edi\u00e7\u00e3o da Olimp\u00edadas do Conhecimento, no campus Engenheiro Coelho, no \u00faltimo domingo (15).","og_url":"https:\/\/unasp.br\/noticias\/unasp-recebe-segunda-edicao-da-olimpiadas-do-conhecimento\/","og_site_name":"UNASP Noticias","article_published_time":"2024-09-18T13:24:25+00:00","article_modified_time":"2024-09-18T13:31:08+00:00","og_image":[{"width":2048,"height":1365,"url":"https:\/\/cdn.unasp.br\/unasp-noticias\/2024\/09\/18072208\/54003947816_c1048d7efc_k.jpg","type":"image\/jpeg"}],"author":"Theillyson Lima","twitter_card":"summary_large_image","twitter_misc":{"Escrito por":"Theillyson Lima","Est. tempo de leitura":"4 minutos"},"schema":{"@context":"https:\/\/schema.org","@graph":[{"@type":"Article","@id":"https:\/\/unasp.br\/noticias\/unasp-recebe-segunda-edicao-da-olimpiadas-do-conhecimento\/#article","isPartOf":{"@id":"https:\/\/unasp.br\/noticias\/unasp-recebe-segunda-edicao-da-olimpiadas-do-conhecimento\/"},"author":{"name":"Theillyson Lima","@id":"https:\/\/unasp.br\/noticias\/#\/schema\/person\/e4843600f8dfbbe38b2e76dcf5cb161a"},"headline":"UNASP organiza segunda edi\u00e7\u00e3o das Olimp\u00edadas do Conhecimento","datePublished":"2024-09-18T13:24:25+00:00","dateModified":"2024-09-18T13:31:08+00:00","mainEntityOfPage":{"@id":"https:\/\/unasp.br\/noticias\/unasp-recebe-segunda-edicao-da-olimpiadas-do-conhecimento\/"},"wordCount":689,"publisher":{"@id":"https:\/\/unasp.br\/noticias\/#organization"},"image":{"@id":"https:\/\/unasp.br\/noticias\/unasp-recebe-segunda-edicao-da-olimpiadas-do-conhecimento\/#primaryimage"},"thumbnailUrl":"https:\/\/cdn.unasp.br\/unasp-noticias\/2024\/09\/18072208\/54003947816_c1048d7efc_k.jpg","keywords":["Col\u00e9gio UNASP","olimp\u00edadas do conhecimento"],"articleSection":["Acontece no UNASP"],"inLanguage":"pt-BR"},{"@type":"WebPage","@id":"https:\/\/unasp.br\/noticias\/unasp-recebe-segunda-edicao-da-olimpiadas-do-conhecimento\/","url":"https:\/\/unasp.br\/noticias\/unasp-recebe-segunda-edicao-da-olimpiadas-do-conhecimento\/","name":"UNASP organiza segunda edi\u00e7\u00e3o da Olimp\u00edadas do Conhecimento","isPartOf":{"@id":"https:\/\/unasp.br\/noticias\/#website"},"primaryImageOfPage":{"@id":"https:\/\/unasp.br\/noticias\/unasp-recebe-segunda-edicao-da-olimpiadas-do-conhecimento\/#primaryimage"},"image":{"@id":"https:\/\/unasp.br\/noticias\/unasp-recebe-segunda-edicao-da-olimpiadas-do-conhecimento\/#primaryimage"},"thumbnailUrl":"https:\/\/cdn.unasp.br\/unasp-noticias\/2024\/09\/18072208\/54003947816_c1048d7efc_k.jpg","datePublished":"2024-09-18T13:24:25+00:00","dateModified":"2024-09-18T13:31:08+00:00","description":"O Col\u00e9gio UNASP realizou a segunda edi\u00e7\u00e3o da Olimp\u00edadas do Conhecimento, no campus Engenheiro Coelho, no \u00faltimo domingo (15).","breadcrumb":{"@id":"https:\/\/unasp.br\/noticias\/unasp-recebe-segunda-edicao-da-olimpiadas-do-conhecimento\/#breadcrumb"},"inLanguage":"pt-BR","potentialAction":[{"@type":"ReadAction","target":["https:\/\/unasp.br\/noticias\/unasp-recebe-segunda-edicao-da-olimpiadas-do-conhecimento\/"]}]},{"@type":"ImageObject","inLanguage":"pt-BR","@id":"https:\/\/unasp.br\/noticias\/unasp-recebe-segunda-edicao-da-olimpiadas-do-conhecimento\/#primaryimage","url":"https:\/\/cdn.unasp.br\/unasp-noticias\/2024\/09\/18072208\/54003947816_c1048d7efc_k.jpg","contentUrl":"https:\/\/cdn.unasp.br\/unasp-noticias\/2024\/09\/18072208\/54003947816_c1048d7efc_k.jpg","width":2048,"height":1365},{"@type":"BreadcrumbList","@id":"https:\/\/unasp.br\/noticias\/unasp-recebe-segunda-edicao-da-olimpiadas-do-conhecimento\/#breadcrumb","itemListElement":[{"@type":"ListItem","position":1,"name":"In\u00edcio","item":"https:\/\/unasp.br\/noticias\/"},{"@type":"ListItem","position":2,"name":"UNASP organiza segunda edi\u00e7\u00e3o das Olimp\u00edadas do Conhecimento"}]},{"@type":"WebSite","@id":"https:\/\/unasp.br\/noticias\/#website","url":"https:\/\/unasp.br\/noticias\/","name":"UNASP Noticias","description":"Centro Universit\u00e1rio Adventista de S\u00e3o Paulo","publisher":{"@id":"https:\/\/unasp.br\/noticias\/#organization"},"potentialAction":[{"@type":"SearchAction","target":{"@type":"EntryPoint","urlTemplate":"https:\/\/unasp.br\/noticias\/?s={search_term_string}"},"query-input":{"@type":"PropertyValueSpecification","valueRequired":true,"valueName":"search_term_string"}}],"inLanguage":"pt-BR"},{"@type":"Organization","@id":"https:\/\/unasp.br\/noticias\/#organization","name":"UNASP Noticias","url":"https:\/\/unasp.br\/noticias\/","logo":{"@type":"ImageObject","inLanguage":"pt-BR","@id":"https:\/\/unasp.br\/noticias\/#\/schema\/logo\/image\/","url":"https:\/\/cdn.unasp.br\/noticias\/wp-content\/uploads\/2021\/09\/09152724\/logo-unasp-news.png","contentUrl":"https:\/\/cdn.unasp.br\/noticias\/wp-content\/uploads\/2021\/09\/09152724\/logo-unasp-news.png","width":240,"height":41,"caption":"UNASP Noticias"},"image":{"@id":"https:\/\/unasp.br\/noticias\/#\/schema\/logo\/image\/"}},{"@type":"Person","@id":"https:\/\/unasp.br\/noticias\/#\/schema\/person\/e4843600f8dfbbe38b2e76dcf5cb161a","name":"Theillyson Lima","image":{"@type":"ImageObject","inLanguage":"pt-BR","@id":"https:\/\/unasp.br\/noticias\/#\/schema\/person\/image\/","url":"https:\/\/secure.gravatar.com\/avatar\/21e49c2c60b6bc07d48651d925017c6f?s=96&d=mm&r=g","contentUrl":"https:\/\/secure.gravatar.com\/avatar\/21e49c2c60b6bc07d48651d925017c6f?s=96&d=mm&r=g","caption":"Theillyson Lima"},"url":"https:\/\/unasp.br\/noticias\/author\/lima-theillysonunasp-edu-br\/"}]}},"_links":{"self":[{"href":"https:\/\/unasp.br\/noticias\/wp-json\/wp\/v2\/posts\/103413"}],"collection":[{"href":"https:\/\/unasp.br\/noticias\/wp-json\/wp\/v2\/posts"}],"about":[{"href":"https:\/\/unasp.br\/noticias\/wp-json\/wp\/v2\/types\/post"}],"author":[{"embeddable":true,"href":"https:\/\/unasp.br\/noticias\/wp-json\/wp\/v2\/users\/77"}],"replies":[{"embeddable":true,"href":"https:\/\/unasp.br\/noticias\/wp-json\/wp\/v2\/comments?post=103413"}],"version-history":[{"count":6,"href":"https:\/\/unasp.br\/noticias\/wp-json\/wp\/v2\/posts\/103413\/revisions"}],"predecessor-version":[{"id":103421,"href":"https:\/\/unasp.br\/noticias\/wp-json\/wp\/v2\/posts\/103413\/revisions\/103421"}],"wp:featuredmedia":[{"embeddable":true,"href":"https:\/\/unasp.br\/noticias\/wp-json\/wp\/v2\/media\/103415"}],"wp:attachment":[{"href":"https:\/\/unasp.br\/noticias\/wp-json\/wp\/v2\/media?parent=103413"}],"wp:term":[{"taxonomy":"category","embeddable":true,"href":"https:\/\/unasp.br\/noticias\/wp-json\/wp\/v2\/categories?post=103413"},{"taxonomy":"post_tag","embeddable":true,"href":"https:\/\/unasp.br\/noticias\/wp-json\/wp\/v2\/tags?post=103413"}],"curies":[{"name":"wp","href":"https:\/\/api.w.org\/{rel}","templated":true}]}}