{"id":103732,"date":"2024-11-07T17:41:04","date_gmt":"2024-11-07T20:41:04","guid":{"rendered":"https:\/\/unasp.br\/noticias\/?p=103732"},"modified":"2024-11-07T17:47:28","modified_gmt":"2024-11-07T20:47:28","slug":"colegio-unasp-realiza-noite-de-autografos","status":"publish","type":"post","link":"https:\/\/unasp.br\/noticias\/colegio-unasp-realiza-noite-de-autografos\/","title":{"rendered":"Col\u00e9gio UNASP realiza Noite de Aut\u00f3grafos"},"content":{"rendered":"\n<p>Ap\u00f3s meses de dedica\u00e7\u00e3o, os alunos do Ensino Fundamental I do <a href=\"https:\/\/colegio.unasp.br\/\">Col\u00e9gio UNASP<\/a> unidade Engenheiro Coelho conclu\u00edram a <a href=\"https:\/\/unasp.br\/noticias\/colegio-unasp-realiza-noite-de-autografos-para-alunos\/\">produ\u00e7\u00e3o de seus pr\u00f3prios livros<\/a> e puderam compartilhar os resultados em uma Noite de Aut\u00f3grafos. O evento aconteceu segunda e ter\u00e7a-feira, com a presen\u00e7a de amigos e familiares dos alunos.<\/p>\n\n\n\n<p>A programa\u00e7\u00e3o tamb\u00e9m contou com apresenta\u00e7\u00f5es de poemas e can\u00e7\u00f5es criadas pelos pr\u00f3prios estudantes que autografaram suas obras, em uma noite marcada pela criatividade.<\/p>\n\n\n\n<figure class=\"wp-block-image size-large\"><img loading=\"lazy\" decoding=\"async\" width=\"1024\" height=\"768\" src=\"https:\/\/cdn.unasp.br\/unasp-noticias\/2024\/11\/07144436\/unnamed-1-1024x768.jpg\" alt=\"\" class=\"wp-image-103740\" srcset=\"https:\/\/cdn.unasp.br\/unasp-noticias\/2024\/11\/07144436\/unnamed-1-1024x768.jpg 1024w, https:\/\/cdn.unasp.br\/unasp-noticias\/2024\/11\/07144436\/unnamed-1-300x225.jpg 300w, https:\/\/cdn.unasp.br\/unasp-noticias\/2024\/11\/07144436\/unnamed-1-768x576.jpg 768w, https:\/\/cdn.unasp.br\/unasp-noticias\/2024\/11\/07144436\/unnamed-1-1536x1152.jpg 1536w, https:\/\/cdn.unasp.br\/unasp-noticias\/2024\/11\/07144436\/unnamed-1-800x600.jpg 800w, https:\/\/cdn.unasp.br\/unasp-noticias\/2024\/11\/07144436\/unnamed-1-1067x800.jpg 1067w, https:\/\/cdn.unasp.br\/unasp-noticias\/2024\/11\/07144436\/unnamed-1-960x720.jpg 960w, https:\/\/cdn.unasp.br\/unasp-noticias\/2024\/11\/07144436\/unnamed-1-667x500.jpg 667w, https:\/\/cdn.unasp.br\/unasp-noticias\/2024\/11\/07144436\/unnamed-1-640x480.jpg 640w, https:\/\/cdn.unasp.br\/unasp-noticias\/2024\/11\/07144436\/unnamed-1-373x280.jpg 373w, https:\/\/cdn.unasp.br\/unasp-noticias\/2024\/11\/07144436\/unnamed-1-500x375.jpg 500w, https:\/\/cdn.unasp.br\/unasp-noticias\/2024\/11\/07144436\/unnamed-1-400x300.jpg 400w, https:\/\/cdn.unasp.br\/unasp-noticias\/2024\/11\/07144436\/unnamed-1-267x200.jpg 267w, https:\/\/cdn.unasp.br\/unasp-noticias\/2024\/11\/07144436\/unnamed-1-200x150.jpg 200w, https:\/\/cdn.unasp.br\/unasp-noticias\/2024\/11\/07144436\/unnamed-1-175x131.jpg 175w, https:\/\/cdn.unasp.br\/unasp-noticias\/2024\/11\/07144436\/unnamed-1-600x450.jpg 600w, https:\/\/cdn.unasp.br\/unasp-noticias\/2024\/11\/07144436\/unnamed-1-347x260.jpg 347w, https:\/\/cdn.unasp.br\/unasp-noticias\/2024\/11\/07144436\/unnamed-1.jpg 1600w\" sizes=\"(max-width: 1024px) 100vw, 1024px\" \/><figcaption class=\"wp-element-caption\">O evento tamb\u00e9m contou com apresenta\u00e7\u00f5es dos alunos. Foto: Isabella Maciel<\/figcaption><\/figure>\n\n\n\n<h2 class=\"wp-block-heading\"><strong>Incentivo \u00e0 escrita e leitura desde cedo<\/strong><\/h2>\n\n\n\n<p>O projeto, que acontece ao longo de um bimestre, \u00e9 uma iniciativa para incentivar o gosto pela leitura e pela escrita entre os estudantes, conforme explica Talita Souza, coordenadora do fundamental II. &#8220;O projeto acontece com as turmas do maternal ao quinto ano, com o objetivo de incentivar o gosto pela leitura e pela escrita. Essas duas s\u00e3o as maiores habilidades do projeto. E eles podem usar a imagina\u00e7\u00e3o para escrever em diferentes assuntos, diferentes tem\u00e1ticas&#8221;, explica Talita.<\/p>\n\n\n\n<p>Ela relata que os alunos mais novos contam com o apoio dos professores para a constru\u00e7\u00e3o coletiva dos textos, enquanto os mais velhos exploram diferentes g\u00eaneros textuais, como contos, poemas e narrativas, para desenvolverem suas pr\u00f3prias hist\u00f3rias.<\/p>\n\n\n\n<p>O diretor do col\u00e9gio, Junior Sacomano, enfatiza o papel especial que o evento desempenha na forma\u00e7\u00e3o dos alunos, \u201ca Noite dos Aut\u00f3grafos \u00e9 um projeto especial que valoriza a criatividade e a express\u00e3o das nossas crian\u00e7as, permitindo que vivenciem a experi\u00eancia \u00fanica de serem autoras de suas pr\u00f3prias hist\u00f3rias. Nesse momento significativo, elas t\u00eam a chance de autografar o livro que escreveram, compartilhando com a fam\u00edlia um orgulho \u00fanico e incentivando o gosto pela leitura e pela escrita. \u00c9 uma celebra\u00e7\u00e3o em fam\u00edlia\u201d, enfatiza Junior.<\/p>\n\n\n\n<figure class=\"wp-block-image\"><img loading=\"lazy\" decoding=\"async\" width=\"1600\" height=\"1200\" src=\"https:\/\/cdn.unasp.br\/unasp-noticias\/2024\/11\/07144043\/image.jpeg\" alt=\"\" class=\"wp-image-103737\" srcset=\"https:\/\/cdn.unasp.br\/unasp-noticias\/2024\/11\/07144043\/image.jpeg 1600w, https:\/\/cdn.unasp.br\/unasp-noticias\/2024\/11\/07144043\/image-300x225.jpeg 300w, https:\/\/cdn.unasp.br\/unasp-noticias\/2024\/11\/07144043\/image-1024x768.jpeg 1024w, https:\/\/cdn.unasp.br\/unasp-noticias\/2024\/11\/07144043\/image-768x576.jpeg 768w, https:\/\/cdn.unasp.br\/unasp-noticias\/2024\/11\/07144043\/image-1536x1152.jpeg 1536w, https:\/\/cdn.unasp.br\/unasp-noticias\/2024\/11\/07144043\/image-800x600.jpeg 800w, https:\/\/cdn.unasp.br\/unasp-noticias\/2024\/11\/07144043\/image-1067x800.jpeg 1067w, https:\/\/cdn.unasp.br\/unasp-noticias\/2024\/11\/07144043\/image-960x720.jpeg 960w, https:\/\/cdn.unasp.br\/unasp-noticias\/2024\/11\/07144043\/image-667x500.jpeg 667w, https:\/\/cdn.unasp.br\/unasp-noticias\/2024\/11\/07144043\/image-640x480.jpeg 640w, https:\/\/cdn.unasp.br\/unasp-noticias\/2024\/11\/07144043\/image-373x280.jpeg 373w, https:\/\/cdn.unasp.br\/unasp-noticias\/2024\/11\/07144043\/image-500x375.jpeg 500w, https:\/\/cdn.unasp.br\/unasp-noticias\/2024\/11\/07144043\/image-400x300.jpeg 400w, https:\/\/cdn.unasp.br\/unasp-noticias\/2024\/11\/07144043\/image-267x200.jpeg 267w, https:\/\/cdn.unasp.br\/unasp-noticias\/2024\/11\/07144043\/image-200x150.jpeg 200w, https:\/\/cdn.unasp.br\/unasp-noticias\/2024\/11\/07144043\/image-175x131.jpeg 175w, https:\/\/cdn.unasp.br\/unasp-noticias\/2024\/11\/07144043\/image-600x450.jpeg 600w, https:\/\/cdn.unasp.br\/unasp-noticias\/2024\/11\/07144043\/image-347x260.jpeg 347w\" sizes=\"(max-width: 1600px) 100vw, 1600px\" \/><figcaption class=\"wp-element-caption\">A Noite de Aut\u00f3grafos \u00e9 um dos momentos mais aguardados do ano letivo no Ensino Fundamental. Foto: Isabella Maciel<\/figcaption><\/figure>\n\n\n\n<h2 class=\"wp-block-heading\"><strong>Emo\u00e7\u00e3o para alunos e familiares<\/strong><\/h2>\n\n\n\n<p>Para os familiares, o evento foi uma oportunidade \u00fanica de acompanhar de perto o desenvolvimento e a criatividade das crian\u00e7as.&nbsp;<\/p>\n\n\n\n<p>Thayla Petry, m\u00e3e da aluna Maria Clara, do quinto ano, expressou seu orgulho em ver o empenho da filha. \u201c\u00c9 muito gratificante ver o desenvolvimento deles e muito gostoso de ver tamb\u00e9m eles colocarem a criatividade nos livros. Eu acho que \u00e9 o momento deles poderem escrever o que eles sentem, do jeitinho deles, o que fica muito fofo\u201d, comenta Thayla.<\/p>\n\n\n\n<p>Maria Clara, que escreveu sobre <em>bullying<\/em>, contou que seu maior desafio foi pensar na hist\u00f3ria, mas se sentiu realizada com o resultado final. A experi\u00eancia \u00e9 ainda mais enriquecedora para os estudantes do quinto ano, que encerram um ciclo e se preparam para ingressar no Fundamental II. O projeto da Noite de Aut\u00f3grafos n\u00e3o s\u00f3 desenvolve a habilidade de escrita e leitura, mas tamb\u00e9m refor\u00e7a a confian\u00e7a e o v\u00ednculo entre a escola, os alunos e suas fam\u00edlias, promovendo uma experi\u00eancia de aprendizado.<\/p>\n","protected":false},"excerpt":{"rendered":"<p>O evento incentivou a leitura e a escrita das crian\u00e7as, com apresenta\u00e7\u00f5es de poemas e can\u00e7\u00f5es criadas pelos alunos.<\/p>\n","protected":false},"author":71,"featured_media":103740,"comment_status":"closed","ping_status":"open","sticky":false,"template":"","format":"standard","meta":{"footnotes":""},"categories":[6],"tags":[259,585,60],"yoast_head":"<!-- This site is optimized with the Yoast SEO plugin v23.5 - https:\/\/yoast.com\/wordpress\/plugins\/seo\/ -->\n<title>Col\u00e9gio UNASP realiza noite de aut\u00f3grafos<\/title>\n<meta name=\"description\" content=\"Os alunos do Col\u00e9gio UNASP conclu\u00edram a produ\u00e7\u00e3o de seus pr\u00f3prios livros e compartilharam os resultados em uma Noite de Aut\u00f3grafos.\" \/>\n<meta name=\"robots\" content=\"index, follow, max-snippet:-1, max-image-preview:large, max-video-preview:-1\" \/>\n<link rel=\"canonical\" href=\"https:\/\/unasp.br\/noticias\/colegio-unasp-realiza-noite-de-autografos\/\" \/>\n<meta property=\"og:locale\" content=\"pt_BR\" \/>\n<meta property=\"og:type\" content=\"article\" \/>\n<meta property=\"og:title\" content=\"Col\u00e9gio UNASP realiza noite de aut\u00f3grafos\" \/>\n<meta property=\"og:description\" content=\"Os alunos do Col\u00e9gio UNASP conclu\u00edram a produ\u00e7\u00e3o de seus pr\u00f3prios livros e compartilharam os resultados em uma Noite de Aut\u00f3grafos.\" \/>\n<meta property=\"og:url\" content=\"https:\/\/unasp.br\/noticias\/colegio-unasp-realiza-noite-de-autografos\/\" \/>\n<meta property=\"og:site_name\" content=\"UNASP Noticias\" \/>\n<meta property=\"article:published_time\" content=\"2024-11-07T20:41:04+00:00\" \/>\n<meta property=\"article:modified_time\" content=\"2024-11-07T20:47:28+00:00\" \/>\n<meta property=\"og:image\" content=\"https:\/\/cdn.unasp.br\/unasp-noticias\/2024\/11\/07144436\/unnamed-1.jpg\" \/>\n\t<meta property=\"og:image:width\" content=\"1600\" \/>\n\t<meta property=\"og:image:height\" content=\"1200\" \/>\n\t<meta property=\"og:image:type\" content=\"image\/jpeg\" \/>\n<meta name=\"author\" content=\"Victor Henrique Bernardo\" \/>\n<meta name=\"twitter:card\" content=\"summary_large_image\" \/>\n<meta name=\"twitter:label1\" content=\"Escrito por\" \/>\n\t<meta name=\"twitter:data1\" content=\"Victor Henrique Bernardo\" \/>\n\t<meta name=\"twitter:label2\" content=\"Est. tempo de leitura\" \/>\n\t<meta name=\"twitter:data2\" content=\"4 minutos\" \/>\n<script type=\"application\/ld+json\" class=\"yoast-schema-graph\">{\"@context\":\"https:\/\/schema.org\",\"@graph\":[{\"@type\":\"Article\",\"@id\":\"https:\/\/unasp.br\/noticias\/colegio-unasp-realiza-noite-de-autografos\/#article\",\"isPartOf\":{\"@id\":\"https:\/\/unasp.br\/noticias\/colegio-unasp-realiza-noite-de-autografos\/\"},\"author\":{\"name\":\"Victor Henrique Bernardo\",\"@id\":\"https:\/\/unasp.br\/noticias\/#\/schema\/person\/62662c136703f2dc05b840af5b1e406e\"},\"headline\":\"Col\u00e9gio UNASP realiza Noite de Aut\u00f3grafos\",\"datePublished\":\"2024-11-07T20:41:04+00:00\",\"dateModified\":\"2024-11-07T20:47:28+00:00\",\"mainEntityOfPage\":{\"@id\":\"https:\/\/unasp.br\/noticias\/colegio-unasp-realiza-noite-de-autografos\/\"},\"wordCount\":529,\"publisher\":{\"@id\":\"https:\/\/unasp.br\/noticias\/#organization\"},\"image\":{\"@id\":\"https:\/\/unasp.br\/noticias\/colegio-unasp-realiza-noite-de-autografos\/#primaryimage\"},\"thumbnailUrl\":\"https:\/\/cdn.unasp.br\/unasp-noticias\/2024\/11\/07144436\/unnamed-1.jpg\",\"keywords\":[\"Col\u00e9gio UNASP\",\"Engenheiro Coelho\",\"UNASP\"],\"articleSection\":[\"Acontece no UNASP\"],\"inLanguage\":\"pt-BR\"},{\"@type\":\"WebPage\",\"@id\":\"https:\/\/unasp.br\/noticias\/colegio-unasp-realiza-noite-de-autografos\/\",\"url\":\"https:\/\/unasp.br\/noticias\/colegio-unasp-realiza-noite-de-autografos\/\",\"name\":\"Col\u00e9gio UNASP realiza noite de aut\u00f3grafos\",\"isPartOf\":{\"@id\":\"https:\/\/unasp.br\/noticias\/#website\"},\"primaryImageOfPage\":{\"@id\":\"https:\/\/unasp.br\/noticias\/colegio-unasp-realiza-noite-de-autografos\/#primaryimage\"},\"image\":{\"@id\":\"https:\/\/unasp.br\/noticias\/colegio-unasp-realiza-noite-de-autografos\/#primaryimage\"},\"thumbnailUrl\":\"https:\/\/cdn.unasp.br\/unasp-noticias\/2024\/11\/07144436\/unnamed-1.jpg\",\"datePublished\":\"2024-11-07T20:41:04+00:00\",\"dateModified\":\"2024-11-07T20:47:28+00:00\",\"description\":\"Os alunos do Col\u00e9gio UNASP conclu\u00edram a produ\u00e7\u00e3o de seus pr\u00f3prios livros e compartilharam os resultados em uma Noite de Aut\u00f3grafos.\",\"breadcrumb\":{\"@id\":\"https:\/\/unasp.br\/noticias\/colegio-unasp-realiza-noite-de-autografos\/#breadcrumb\"},\"inLanguage\":\"pt-BR\",\"potentialAction\":[{\"@type\":\"ReadAction\",\"target\":[\"https:\/\/unasp.br\/noticias\/colegio-unasp-realiza-noite-de-autografos\/\"]}]},{\"@type\":\"ImageObject\",\"inLanguage\":\"pt-BR\",\"@id\":\"https:\/\/unasp.br\/noticias\/colegio-unasp-realiza-noite-de-autografos\/#primaryimage\",\"url\":\"https:\/\/cdn.unasp.br\/unasp-noticias\/2024\/11\/07144436\/unnamed-1.jpg\",\"contentUrl\":\"https:\/\/cdn.unasp.br\/unasp-noticias\/2024\/11\/07144436\/unnamed-1.jpg\",\"width\":1600,\"height\":1200},{\"@type\":\"BreadcrumbList\",\"@id\":\"https:\/\/unasp.br\/noticias\/colegio-unasp-realiza-noite-de-autografos\/#breadcrumb\",\"itemListElement\":[{\"@type\":\"ListItem\",\"position\":1,\"name\":\"In\u00edcio\",\"item\":\"https:\/\/unasp.br\/noticias\/\"},{\"@type\":\"ListItem\",\"position\":2,\"name\":\"Col\u00e9gio UNASP realiza Noite de Aut\u00f3grafos\"}]},{\"@type\":\"WebSite\",\"@id\":\"https:\/\/unasp.br\/noticias\/#website\",\"url\":\"https:\/\/unasp.br\/noticias\/\",\"name\":\"UNASP Noticias\",\"description\":\"Centro Universit\u00e1rio Adventista de S\u00e3o Paulo\",\"publisher\":{\"@id\":\"https:\/\/unasp.br\/noticias\/#organization\"},\"potentialAction\":[{\"@type\":\"SearchAction\",\"target\":{\"@type\":\"EntryPoint\",\"urlTemplate\":\"https:\/\/unasp.br\/noticias\/?s={search_term_string}\"},\"query-input\":{\"@type\":\"PropertyValueSpecification\",\"valueRequired\":true,\"valueName\":\"search_term_string\"}}],\"inLanguage\":\"pt-BR\"},{\"@type\":\"Organization\",\"@id\":\"https:\/\/unasp.br\/noticias\/#organization\",\"name\":\"UNASP Noticias\",\"url\":\"https:\/\/unasp.br\/noticias\/\",\"logo\":{\"@type\":\"ImageObject\",\"inLanguage\":\"pt-BR\",\"@id\":\"https:\/\/unasp.br\/noticias\/#\/schema\/logo\/image\/\",\"url\":\"https:\/\/cdn.unasp.br\/noticias\/wp-content\/uploads\/2021\/09\/09152724\/logo-unasp-news.png\",\"contentUrl\":\"https:\/\/cdn.unasp.br\/noticias\/wp-content\/uploads\/2021\/09\/09152724\/logo-unasp-news.png\",\"width\":240,\"height\":41,\"caption\":\"UNASP Noticias\"},\"image\":{\"@id\":\"https:\/\/unasp.br\/noticias\/#\/schema\/logo\/image\/\"}},{\"@type\":\"Person\",\"@id\":\"https:\/\/unasp.br\/noticias\/#\/schema\/person\/62662c136703f2dc05b840af5b1e406e\",\"name\":\"Victor Henrique Bernardo\",\"image\":{\"@type\":\"ImageObject\",\"inLanguage\":\"pt-BR\",\"@id\":\"https:\/\/unasp.br\/noticias\/#\/schema\/person\/image\/\",\"url\":\"https:\/\/secure.gravatar.com\/avatar\/b4fb78414cbc01263cfe6fc3c4c9b647?s=96&d=mm&r=g\",\"contentUrl\":\"https:\/\/secure.gravatar.com\/avatar\/b4fb78414cbc01263cfe6fc3c4c9b647?s=96&d=mm&r=g\",\"caption\":\"Victor Henrique Bernardo\"},\"url\":\"https:\/\/unasp.br\/noticias\/author\/victor-bernardoadventistas-org\/\"}]}<\/script>\n<!-- \/ Yoast SEO plugin. -->","yoast_head_json":{"title":"Col\u00e9gio UNASP realiza noite de aut\u00f3grafos","description":"Os alunos do Col\u00e9gio UNASP conclu\u00edram a produ\u00e7\u00e3o de seus pr\u00f3prios livros e compartilharam os resultados em uma Noite de Aut\u00f3grafos.","robots":{"index":"index","follow":"follow","max-snippet":"max-snippet:-1","max-image-preview":"max-image-preview:large","max-video-preview":"max-video-preview:-1"},"canonical":"https:\/\/unasp.br\/noticias\/colegio-unasp-realiza-noite-de-autografos\/","og_locale":"pt_BR","og_type":"article","og_title":"Col\u00e9gio UNASP realiza noite de aut\u00f3grafos","og_description":"Os alunos do Col\u00e9gio UNASP conclu\u00edram a produ\u00e7\u00e3o de seus pr\u00f3prios livros e compartilharam os resultados em uma Noite de Aut\u00f3grafos.","og_url":"https:\/\/unasp.br\/noticias\/colegio-unasp-realiza-noite-de-autografos\/","og_site_name":"UNASP Noticias","article_published_time":"2024-11-07T20:41:04+00:00","article_modified_time":"2024-11-07T20:47:28+00:00","og_image":[{"width":1600,"height":1200,"url":"https:\/\/cdn.unasp.br\/unasp-noticias\/2024\/11\/07144436\/unnamed-1.jpg","type":"image\/jpeg"}],"author":"Victor Henrique Bernardo","twitter_card":"summary_large_image","twitter_misc":{"Escrito por":"Victor Henrique Bernardo","Est. tempo de leitura":"4 minutos"},"schema":{"@context":"https:\/\/schema.org","@graph":[{"@type":"Article","@id":"https:\/\/unasp.br\/noticias\/colegio-unasp-realiza-noite-de-autografos\/#article","isPartOf":{"@id":"https:\/\/unasp.br\/noticias\/colegio-unasp-realiza-noite-de-autografos\/"},"author":{"name":"Victor Henrique Bernardo","@id":"https:\/\/unasp.br\/noticias\/#\/schema\/person\/62662c136703f2dc05b840af5b1e406e"},"headline":"Col\u00e9gio UNASP realiza Noite de Aut\u00f3grafos","datePublished":"2024-11-07T20:41:04+00:00","dateModified":"2024-11-07T20:47:28+00:00","mainEntityOfPage":{"@id":"https:\/\/unasp.br\/noticias\/colegio-unasp-realiza-noite-de-autografos\/"},"wordCount":529,"publisher":{"@id":"https:\/\/unasp.br\/noticias\/#organization"},"image":{"@id":"https:\/\/unasp.br\/noticias\/colegio-unasp-realiza-noite-de-autografos\/#primaryimage"},"thumbnailUrl":"https:\/\/cdn.unasp.br\/unasp-noticias\/2024\/11\/07144436\/unnamed-1.jpg","keywords":["Col\u00e9gio UNASP","Engenheiro Coelho","UNASP"],"articleSection":["Acontece no UNASP"],"inLanguage":"pt-BR"},{"@type":"WebPage","@id":"https:\/\/unasp.br\/noticias\/colegio-unasp-realiza-noite-de-autografos\/","url":"https:\/\/unasp.br\/noticias\/colegio-unasp-realiza-noite-de-autografos\/","name":"Col\u00e9gio UNASP realiza noite de aut\u00f3grafos","isPartOf":{"@id":"https:\/\/unasp.br\/noticias\/#website"},"primaryImageOfPage":{"@id":"https:\/\/unasp.br\/noticias\/colegio-unasp-realiza-noite-de-autografos\/#primaryimage"},"image":{"@id":"https:\/\/unasp.br\/noticias\/colegio-unasp-realiza-noite-de-autografos\/#primaryimage"},"thumbnailUrl":"https:\/\/cdn.unasp.br\/unasp-noticias\/2024\/11\/07144436\/unnamed-1.jpg","datePublished":"2024-11-07T20:41:04+00:00","dateModified":"2024-11-07T20:47:28+00:00","description":"Os alunos do Col\u00e9gio UNASP conclu\u00edram a produ\u00e7\u00e3o de seus pr\u00f3prios livros e compartilharam os resultados em uma Noite de Aut\u00f3grafos.","breadcrumb":{"@id":"https:\/\/unasp.br\/noticias\/colegio-unasp-realiza-noite-de-autografos\/#breadcrumb"},"inLanguage":"pt-BR","potentialAction":[{"@type":"ReadAction","target":["https:\/\/unasp.br\/noticias\/colegio-unasp-realiza-noite-de-autografos\/"]}]},{"@type":"ImageObject","inLanguage":"pt-BR","@id":"https:\/\/unasp.br\/noticias\/colegio-unasp-realiza-noite-de-autografos\/#primaryimage","url":"https:\/\/cdn.unasp.br\/unasp-noticias\/2024\/11\/07144436\/unnamed-1.jpg","contentUrl":"https:\/\/cdn.unasp.br\/unasp-noticias\/2024\/11\/07144436\/unnamed-1.jpg","width":1600,"height":1200},{"@type":"BreadcrumbList","@id":"https:\/\/unasp.br\/noticias\/colegio-unasp-realiza-noite-de-autografos\/#breadcrumb","itemListElement":[{"@type":"ListItem","position":1,"name":"In\u00edcio","item":"https:\/\/unasp.br\/noticias\/"},{"@type":"ListItem","position":2,"name":"Col\u00e9gio UNASP realiza Noite de Aut\u00f3grafos"}]},{"@type":"WebSite","@id":"https:\/\/unasp.br\/noticias\/#website","url":"https:\/\/unasp.br\/noticias\/","name":"UNASP Noticias","description":"Centro Universit\u00e1rio Adventista de S\u00e3o Paulo","publisher":{"@id":"https:\/\/unasp.br\/noticias\/#organization"},"potentialAction":[{"@type":"SearchAction","target":{"@type":"EntryPoint","urlTemplate":"https:\/\/unasp.br\/noticias\/?s={search_term_string}"},"query-input":{"@type":"PropertyValueSpecification","valueRequired":true,"valueName":"search_term_string"}}],"inLanguage":"pt-BR"},{"@type":"Organization","@id":"https:\/\/unasp.br\/noticias\/#organization","name":"UNASP Noticias","url":"https:\/\/unasp.br\/noticias\/","logo":{"@type":"ImageObject","inLanguage":"pt-BR","@id":"https:\/\/unasp.br\/noticias\/#\/schema\/logo\/image\/","url":"https:\/\/cdn.unasp.br\/noticias\/wp-content\/uploads\/2021\/09\/09152724\/logo-unasp-news.png","contentUrl":"https:\/\/cdn.unasp.br\/noticias\/wp-content\/uploads\/2021\/09\/09152724\/logo-unasp-news.png","width":240,"height":41,"caption":"UNASP Noticias"},"image":{"@id":"https:\/\/unasp.br\/noticias\/#\/schema\/logo\/image\/"}},{"@type":"Person","@id":"https:\/\/unasp.br\/noticias\/#\/schema\/person\/62662c136703f2dc05b840af5b1e406e","name":"Victor Henrique Bernardo","image":{"@type":"ImageObject","inLanguage":"pt-BR","@id":"https:\/\/unasp.br\/noticias\/#\/schema\/person\/image\/","url":"https:\/\/secure.gravatar.com\/avatar\/b4fb78414cbc01263cfe6fc3c4c9b647?s=96&d=mm&r=g","contentUrl":"https:\/\/secure.gravatar.com\/avatar\/b4fb78414cbc01263cfe6fc3c4c9b647?s=96&d=mm&r=g","caption":"Victor Henrique Bernardo"},"url":"https:\/\/unasp.br\/noticias\/author\/victor-bernardoadventistas-org\/"}]}},"_links":{"self":[{"href":"https:\/\/unasp.br\/noticias\/wp-json\/wp\/v2\/posts\/103732"}],"collection":[{"href":"https:\/\/unasp.br\/noticias\/wp-json\/wp\/v2\/posts"}],"about":[{"href":"https:\/\/unasp.br\/noticias\/wp-json\/wp\/v2\/types\/post"}],"author":[{"embeddable":true,"href":"https:\/\/unasp.br\/noticias\/wp-json\/wp\/v2\/users\/71"}],"replies":[{"embeddable":true,"href":"https:\/\/unasp.br\/noticias\/wp-json\/wp\/v2\/comments?post=103732"}],"version-history":[{"count":6,"href":"https:\/\/unasp.br\/noticias\/wp-json\/wp\/v2\/posts\/103732\/revisions"}],"predecessor-version":[{"id":103742,"href":"https:\/\/unasp.br\/noticias\/wp-json\/wp\/v2\/posts\/103732\/revisions\/103742"}],"wp:featuredmedia":[{"embeddable":true,"href":"https:\/\/unasp.br\/noticias\/wp-json\/wp\/v2\/media\/103740"}],"wp:attachment":[{"href":"https:\/\/unasp.br\/noticias\/wp-json\/wp\/v2\/media?parent=103732"}],"wp:term":[{"taxonomy":"category","embeddable":true,"href":"https:\/\/unasp.br\/noticias\/wp-json\/wp\/v2\/categories?post=103732"},{"taxonomy":"post_tag","embeddable":true,"href":"https:\/\/unasp.br\/noticias\/wp-json\/wp\/v2\/tags?post=103732"}],"curies":[{"name":"wp","href":"https:\/\/api.w.org\/{rel}","templated":true}]}}