{"id":106226,"date":"2025-10-07T10:11:52","date_gmt":"2025-10-07T13:11:52","guid":{"rendered":"https:\/\/unasp.br\/noticias\/?p=106226"},"modified":"2025-10-08T13:53:48","modified_gmt":"2025-10-08T16:53:48","slug":"semana-da-colportagem-celebra-25-anos-do-projeto-sonhando-alto-no-unasp","status":"publish","type":"post","link":"https:\/\/unasp.br\/noticias\/semana-da-colportagem-celebra-25-anos-do-projeto-sonhando-alto-no-unasp\/","title":{"rendered":"Semana da Colportagem celebra 25 anos do projeto Sonhando Alto no UNASP"},"content":{"rendered":"\n<p>O UNASP campus Engenheiro Coelho, em parceria com o Instituto de Desenvolvimento do Estudante Colportor (IDEC), celebrou os 25 anos do projeto Sonhando Alto em uma semana repleta de atividades especiais. Entre os dias 28 de setembro e 4 de outubro, cultos, encontros de l\u00edderes, momentos de louvor e uma grande celebra\u00e7\u00e3o no Audit\u00f3rio Central marcaram a data, refor\u00e7ando a espiritualidade, a gratid\u00e3o e a hist\u00f3ria de um projeto que j\u00e1 transformou a vida de muitos colportores da institui\u00e7\u00e3o.<\/p>\n\n\n\n<figure class=\"wp-block-image size-large\"><img loading=\"lazy\" decoding=\"async\" width=\"1024\" height=\"682\" src=\"https:\/\/cdn.unasp.br\/unasp-noticias\/2025\/10\/08105127\/primeira-turma-1-1024x682.jpeg\" alt=\"\" class=\"wp-image-106236\" srcset=\"https:\/\/cdn.unasp.br\/unasp-noticias\/2025\/10\/08105127\/primeira-turma-1-1024x682.jpeg 1024w, https:\/\/cdn.unasp.br\/unasp-noticias\/2025\/10\/08105127\/primeira-turma-1-300x200.jpeg 300w, https:\/\/cdn.unasp.br\/unasp-noticias\/2025\/10\/08105127\/primeira-turma-1-768x512.jpeg 768w, https:\/\/cdn.unasp.br\/unasp-noticias\/2025\/10\/08105127\/primeira-turma-1-1536x1023.jpeg 1536w, https:\/\/cdn.unasp.br\/unasp-noticias\/2025\/10\/08105127\/primeira-turma-1-901x600.jpeg 901w, https:\/\/cdn.unasp.br\/unasp-noticias\/2025\/10\/08105127\/primeira-turma-1-1201x800.jpeg 1201w, https:\/\/cdn.unasp.br\/unasp-noticias\/2025\/10\/08105127\/primeira-turma-1-1081x720.jpeg 1081w, https:\/\/cdn.unasp.br\/unasp-noticias\/2025\/10\/08105127\/primeira-turma-1-800x533.jpeg 800w, https:\/\/cdn.unasp.br\/unasp-noticias\/2025\/10\/08105127\/primeira-turma-1-750x500.jpeg 750w, https:\/\/cdn.unasp.br\/unasp-noticias\/2025\/10\/08105127\/primeira-turma-1-720x480.jpeg 720w, https:\/\/cdn.unasp.br\/unasp-noticias\/2025\/10\/08105127\/primeira-turma-1-420x280.jpeg 420w, https:\/\/cdn.unasp.br\/unasp-noticias\/2025\/10\/08105127\/primeira-turma-1-500x333.jpeg 500w, https:\/\/cdn.unasp.br\/unasp-noticias\/2025\/10\/08105127\/primeira-turma-1-400x267.jpeg 400w, https:\/\/cdn.unasp.br\/unasp-noticias\/2025\/10\/08105127\/primeira-turma-1-225x150.jpeg 225w, https:\/\/cdn.unasp.br\/unasp-noticias\/2025\/10\/08105127\/primeira-turma-1-175x117.jpeg 175w, https:\/\/cdn.unasp.br\/unasp-noticias\/2025\/10\/08105127\/primeira-turma-1-200x133.jpeg 200w, https:\/\/cdn.unasp.br\/unasp-noticias\/2025\/10\/08105127\/primeira-turma-1-675x450.jpeg 675w, https:\/\/cdn.unasp.br\/unasp-noticias\/2025\/10\/08105127\/primeira-turma-1-390x260.jpeg 390w, https:\/\/cdn.unasp.br\/unasp-noticias\/2025\/10\/08105127\/primeira-turma-1.jpeg 1600w\" sizes=\"(max-width: 1024px) 100vw, 1024px\" \/><figcaption class=\"wp-element-caption\">Integrantes da primeira turma do &#8220;Sonhando Alto&#8221; compartilham suas experi\u00eancias em programa\u00e7\u00e3o especial. Foto: AICOM<\/figcaption><\/figure>\n\n\n\n<h2 class=\"wp-block-heading\"><strong>25 anos unindo prop\u00f3sito e supera\u00e7\u00e3o<\/strong><\/h2>\n\n\n\n<p>Idealizado pelo pastor Adilson Morais, atual l\u00edder do departamento de Publica\u00e7\u00f5es da Igreja Adventista do S\u00e9timo Dia para a Am\u00e9rica do Sul, o projeto <a href=\"https:\/\/www.instagram.com\/sonhandoaltobrasil\/\">Sonhando Alto<\/a> \u00e9 uma iniciativa voltada a jovens que desejam cursar o ensino superior em institui\u00e7\u00f5es da rede adventista, mas n\u00e3o possuem condi\u00e7\u00f5es financeiras para custear os estudos.<br><br>Diferentemente das campanhas de colportagem realizadas nas f\u00e9rias de janeiro e julho, o projeto oferece aos jovens uma experi\u00eancia mission\u00e1ria durante o per\u00edodo letivo. Nela, eles se dedicam \u00e0 venda de livros e materiais produzidos pela editora da igreja. Dessa forma, a atividade tem duplo prop\u00f3sito: viabilizar o custeio dos estudos e compartilhar literatura crist\u00e3 com a comunidade.<br><br>Para o pastor Paulo Pinheiro, diretor do <a href=\"https:\/\/www.instagram.com\/idec.unaspec\/\">IDEC<\/a> e respons\u00e1vel por acompanhar de perto a organiza\u00e7\u00e3o da semana, o momento \u00e9 de reconhecimento e inspira\u00e7\u00e3o. \u201cA cada ano, vemos hist\u00f3rias de jovens que transformaram suas trajet\u00f3rias por meio da colportagem, encontraram for\u00e7as para continuar os estudos e amadureceram espiritualmente. Celebrar 25 anos \u00e9 reconhecer que a educa\u00e7\u00e3o, a f\u00e9 e o trabalho caminham juntos, e que o UNASP tem sido um espa\u00e7o para potencializar essa miss\u00e3o\u201d, afirma.<\/p>\n\n\n\n<h2 class=\"wp-block-heading\"><strong>Semana especial<\/strong><\/h2>\n\n\n\n<p>Ao longo dos dias, pastores e convidados compartilharam mensagens de incentivo sobre miss\u00e3o e perseveran\u00e7a. Entre os participantes estavam os pastores Gilberto Bas\u00edlio, Adilson Morais e H\u00e9lio Machado, al\u00e9m do grupo Luz e Rimas, do UNASP.<br><br>O pastor Adilson Morais ressalta que o diferencial do Sonhando Alto \u00e9 oferecer n\u00e3o apenas uma oportunidade acad\u00eamica, mas tamb\u00e9m um chamado mission\u00e1rio ao formar l\u00edderes para a igreja e para a sociedade. \u201cNosso desafio agora \u00e9 ampliar esse alcance, para que mais jovens tenham acesso a essa experi\u00eancia transformadora\u201d, almeja.<br><br>A celebra\u00e7\u00e3o principal, realizada na tarde de s\u00e1bado, contou com a presen\u00e7a de Andr\u00e9 Leite, apresentador da TV Novo Tempo, e foi transmitida ao vivo para outras universidades adventistas. Al\u00e9m disso, contou com intera\u00e7\u00f5es diretas com colportores e estudantes de diversas regi\u00f5es do pa\u00eds.<br><br>Durante a cerim\u00f4nia, trof\u00e9us foram entregues em homenagem aos pioneiros, que participaram da primeira turma do Sonhando Alto, em 2000, e ao pastor Adilson. O objetivo foi reconhecer o legado de quem contribuiu para consolidar um dos programas mission\u00e1rios mais relevantes da igreja. Al\u00e9m disso, outros <a href=\"https:\/\/unasp.br\/noticias\/semana-da-colportagem-reune-colportores-estudantes-e-lideres-de-todo-brasil\/\">l\u00edderes e colportores<\/a> tamb\u00e9m foram premiados pelos resultados alcan\u00e7ados em cada campo.<\/p>\n\n\n\n<figure class=\"wp-block-image size-large\"><img loading=\"lazy\" decoding=\"async\" width=\"1024\" height=\"682\" src=\"https:\/\/cdn.unasp.br\/unasp-noticias\/2025\/10\/08105329\/sonhando-alto-2-1024x682.jpeg\" alt=\"\" class=\"wp-image-106239\" srcset=\"https:\/\/cdn.unasp.br\/unasp-noticias\/2025\/10\/08105329\/sonhando-alto-2-1024x682.jpeg 1024w, https:\/\/cdn.unasp.br\/unasp-noticias\/2025\/10\/08105329\/sonhando-alto-2-300x200.jpeg 300w, https:\/\/cdn.unasp.br\/unasp-noticias\/2025\/10\/08105329\/sonhando-alto-2-768x512.jpeg 768w, https:\/\/cdn.unasp.br\/unasp-noticias\/2025\/10\/08105329\/sonhando-alto-2-1536x1023.jpeg 1536w, https:\/\/cdn.unasp.br\/unasp-noticias\/2025\/10\/08105329\/sonhando-alto-2-901x600.jpeg 901w, https:\/\/cdn.unasp.br\/unasp-noticias\/2025\/10\/08105329\/sonhando-alto-2-1201x800.jpeg 1201w, https:\/\/cdn.unasp.br\/unasp-noticias\/2025\/10\/08105329\/sonhando-alto-2-1081x720.jpeg 1081w, https:\/\/cdn.unasp.br\/unasp-noticias\/2025\/10\/08105329\/sonhando-alto-2-800x533.jpeg 800w, https:\/\/cdn.unasp.br\/unasp-noticias\/2025\/10\/08105329\/sonhando-alto-2-750x500.jpeg 750w, https:\/\/cdn.unasp.br\/unasp-noticias\/2025\/10\/08105329\/sonhando-alto-2-720x480.jpeg 720w, https:\/\/cdn.unasp.br\/unasp-noticias\/2025\/10\/08105329\/sonhando-alto-2-420x280.jpeg 420w, https:\/\/cdn.unasp.br\/unasp-noticias\/2025\/10\/08105329\/sonhando-alto-2-500x333.jpeg 500w, https:\/\/cdn.unasp.br\/unasp-noticias\/2025\/10\/08105329\/sonhando-alto-2-400x267.jpeg 400w, https:\/\/cdn.unasp.br\/unasp-noticias\/2025\/10\/08105329\/sonhando-alto-2-225x150.jpeg 225w, https:\/\/cdn.unasp.br\/unasp-noticias\/2025\/10\/08105329\/sonhando-alto-2-175x117.jpeg 175w, https:\/\/cdn.unasp.br\/unasp-noticias\/2025\/10\/08105329\/sonhando-alto-2-200x133.jpeg 200w, https:\/\/cdn.unasp.br\/unasp-noticias\/2025\/10\/08105329\/sonhando-alto-2-675x450.jpeg 675w, https:\/\/cdn.unasp.br\/unasp-noticias\/2025\/10\/08105329\/sonhando-alto-2-390x260.jpeg 390w, https:\/\/cdn.unasp.br\/unasp-noticias\/2025\/10\/08105329\/sonhando-alto-2.jpeg 1600w\" sizes=\"(max-width: 1024px) 100vw, 1024px\" \/><figcaption class=\"wp-element-caption\">L\u00edderes de colportagem e pastores s\u00e3o homenageados ao longo da semana. Foto: AICOM<\/figcaption><\/figure>\n\n\n\n<p>Um dos momentos mais marcantes foi o testemunho do pastor Gilberto Bas\u00edlio, membro da primeira turma do Sonhando Alto. Ele compartilhou que, na \u00e9poca, n\u00e3o tinha ideia da dimens\u00e3o que o projeto alcan\u00e7aria e ressaltou que a experi\u00eancia foi determinante para a sua trajet\u00f3ria. \u201cOlhar para tr\u00e1s e ver milhares de jovens que passaram por esse mesmo processo me emociona. \u00c9 a prova de que quando confiamos os sonhos a Deus, eles se tornam realidade. Aos jovens de hoje, eu diria: aproveitem essa oportunidade, porque ela pode definir o rumo da vida de voc\u00eas\u201d, garante.<\/p>\n\n\n\n<h2 class=\"wp-block-heading\"><strong>Um legado que continua<\/strong><\/h2>\n\n\n\n<p>A <a href=\"https:\/\/unasp.br\/noticias\/semana-da-colportagem-promove-a-espiritualidade-no-unasp\/\">programa\u00e7\u00e3o<\/a> se encerrou com a tradicional Festa da Vit\u00f3ria, um jantar de gala que celebrou o empenho e o comprometimento dos colportores. Em meio a alegria e emo\u00e7\u00e3o, os jovens receberam trof\u00e9us em reconhecimento ao esfor\u00e7o, \u00e0 disciplina e ao crescimento pessoal conquistados ao longo da jornada.<br><br>Esses momentos deixaram claro que os 25 anos do Sonhando Alto representam apenas o come\u00e7o de uma hist\u00f3ria ainda maior. Para l\u00edderes e participantes, o legado do projeto continua sendo escrito a cada estudante que decide sonhar alto ao colocar a miss\u00e3o e educa\u00e7\u00e3o a servi\u00e7o de um prop\u00f3sito maior.<\/p>\n\n\n\n<figure class=\"wp-block-gallery has-nested-images columns-default is-cropped wp-block-gallery-2 is-layout-flex wp-block-gallery-is-layout-flex\">\n<figure class=\"wp-block-image size-large\"><img loading=\"lazy\" decoding=\"async\" width=\"682\" height=\"1024\" data-id=\"106231\" src=\"https:\/\/cdn.unasp.br\/unasp-noticias\/2025\/10\/07070844\/oracao_colportagem-682x1024.jpeg\" alt=\"\" class=\"wp-image-106231\" srcset=\"https:\/\/cdn.unasp.br\/unasp-noticias\/2025\/10\/07070844\/oracao_colportagem-682x1024.jpeg 682w, https:\/\/cdn.unasp.br\/unasp-noticias\/2025\/10\/07070844\/oracao_colportagem-200x300.jpeg 200w, https:\/\/cdn.unasp.br\/unasp-noticias\/2025\/10\/07070844\/oracao_colportagem-768x1153.jpeg 768w, https:\/\/cdn.unasp.br\/unasp-noticias\/2025\/10\/07070844\/oracao_colportagem-1023x1536.jpeg 1023w, https:\/\/cdn.unasp.br\/unasp-noticias\/2025\/10\/07070844\/oracao_colportagem-400x600.jpeg 400w, https:\/\/cdn.unasp.br\/unasp-noticias\/2025\/10\/07070844\/oracao_colportagem-533x800.jpeg 533w, https:\/\/cdn.unasp.br\/unasp-noticias\/2025\/10\/07070844\/oracao_colportagem-480x720.jpeg 480w, https:\/\/cdn.unasp.br\/unasp-noticias\/2025\/10\/07070844\/oracao_colportagem-333x500.jpeg 333w, https:\/\/cdn.unasp.br\/unasp-noticias\/2025\/10\/07070844\/oracao_colportagem-320x480.jpeg 320w, https:\/\/cdn.unasp.br\/unasp-noticias\/2025\/10\/07070844\/oracao_colportagem-187x280.jpeg 187w, https:\/\/cdn.unasp.br\/unasp-noticias\/2025\/10\/07070844\/oracao_colportagem-267x400.jpeg 267w, https:\/\/cdn.unasp.br\/unasp-noticias\/2025\/10\/07070844\/oracao_colportagem-133x200.jpeg 133w, https:\/\/cdn.unasp.br\/unasp-noticias\/2025\/10\/07070844\/oracao_colportagem-100x150.jpeg 100w, https:\/\/cdn.unasp.br\/unasp-noticias\/2025\/10\/07070844\/oracao_colportagem-175x263.jpeg 175w, https:\/\/cdn.unasp.br\/unasp-noticias\/2025\/10\/07070844\/oracao_colportagem-300x450.jpeg 300w, https:\/\/cdn.unasp.br\/unasp-noticias\/2025\/10\/07070844\/oracao_colportagem-173x260.jpeg 173w, https:\/\/cdn.unasp.br\/unasp-noticias\/2025\/10\/07070844\/oracao_colportagem.jpeg 1066w\" sizes=\"(max-width: 682px) 100vw, 682px\" \/><\/figure>\n\n\n\n<figure class=\"wp-block-image size-large\"><img loading=\"lazy\" decoding=\"async\" width=\"682\" height=\"1024\" data-id=\"106230\" src=\"https:\/\/cdn.unasp.br\/unasp-noticias\/2025\/10\/07070836\/sonhando-alto-682x1024.jpeg\" alt=\"\" class=\"wp-image-106230\" srcset=\"https:\/\/cdn.unasp.br\/unasp-noticias\/2025\/10\/07070836\/sonhando-alto-682x1024.jpeg 682w, https:\/\/cdn.unasp.br\/unasp-noticias\/2025\/10\/07070836\/sonhando-alto-200x300.jpeg 200w, https:\/\/cdn.unasp.br\/unasp-noticias\/2025\/10\/07070836\/sonhando-alto-768x1153.jpeg 768w, https:\/\/cdn.unasp.br\/unasp-noticias\/2025\/10\/07070836\/sonhando-alto-1023x1536.jpeg 1023w, https:\/\/cdn.unasp.br\/unasp-noticias\/2025\/10\/07070836\/sonhando-alto-400x600.jpeg 400w, https:\/\/cdn.unasp.br\/unasp-noticias\/2025\/10\/07070836\/sonhando-alto-533x800.jpeg 533w, https:\/\/cdn.unasp.br\/unasp-noticias\/2025\/10\/07070836\/sonhando-alto-480x720.jpeg 480w, https:\/\/cdn.unasp.br\/unasp-noticias\/2025\/10\/07070836\/sonhando-alto-333x500.jpeg 333w, https:\/\/cdn.unasp.br\/unasp-noticias\/2025\/10\/07070836\/sonhando-alto-320x480.jpeg 320w, https:\/\/cdn.unasp.br\/unasp-noticias\/2025\/10\/07070836\/sonhando-alto-187x280.jpeg 187w, https:\/\/cdn.unasp.br\/unasp-noticias\/2025\/10\/07070836\/sonhando-alto-267x400.jpeg 267w, https:\/\/cdn.unasp.br\/unasp-noticias\/2025\/10\/07070836\/sonhando-alto-133x200.jpeg 133w, https:\/\/cdn.unasp.br\/unasp-noticias\/2025\/10\/07070836\/sonhando-alto-100x150.jpeg 100w, https:\/\/cdn.unasp.br\/unasp-noticias\/2025\/10\/07070836\/sonhando-alto-175x263.jpeg 175w, https:\/\/cdn.unasp.br\/unasp-noticias\/2025\/10\/07070836\/sonhando-alto-300x450.jpeg 300w, https:\/\/cdn.unasp.br\/unasp-noticias\/2025\/10\/07070836\/sonhando-alto-173x260.jpeg 173w, https:\/\/cdn.unasp.br\/unasp-noticias\/2025\/10\/07070836\/sonhando-alto.jpeg 1066w\" sizes=\"(max-width: 682px) 100vw, 682px\" \/><\/figure>\n\n\n\n<figure class=\"wp-block-image size-large\"><img loading=\"lazy\" decoding=\"async\" width=\"682\" height=\"1024\" data-id=\"106229\" src=\"https:\/\/cdn.unasp.br\/unasp-noticias\/2025\/10\/07070827\/batismo_colportagem-682x1024.jpeg\" alt=\"\" class=\"wp-image-106229\" srcset=\"https:\/\/cdn.unasp.br\/unasp-noticias\/2025\/10\/07070827\/batismo_colportagem-682x1024.jpeg 682w, https:\/\/cdn.unasp.br\/unasp-noticias\/2025\/10\/07070827\/batismo_colportagem-200x300.jpeg 200w, https:\/\/cdn.unasp.br\/unasp-noticias\/2025\/10\/07070827\/batismo_colportagem-768x1153.jpeg 768w, https:\/\/cdn.unasp.br\/unasp-noticias\/2025\/10\/07070827\/batismo_colportagem-1023x1536.jpeg 1023w, https:\/\/cdn.unasp.br\/unasp-noticias\/2025\/10\/07070827\/batismo_colportagem-400x600.jpeg 400w, https:\/\/cdn.unasp.br\/unasp-noticias\/2025\/10\/07070827\/batismo_colportagem-533x800.jpeg 533w, https:\/\/cdn.unasp.br\/unasp-noticias\/2025\/10\/07070827\/batismo_colportagem-480x720.jpeg 480w, https:\/\/cdn.unasp.br\/unasp-noticias\/2025\/10\/07070827\/batismo_colportagem-333x500.jpeg 333w, https:\/\/cdn.unasp.br\/unasp-noticias\/2025\/10\/07070827\/batismo_colportagem-320x480.jpeg 320w, https:\/\/cdn.unasp.br\/unasp-noticias\/2025\/10\/07070827\/batismo_colportagem-187x280.jpeg 187w, https:\/\/cdn.unasp.br\/unasp-noticias\/2025\/10\/07070827\/batismo_colportagem-267x400.jpeg 267w, https:\/\/cdn.unasp.br\/unasp-noticias\/2025\/10\/07070827\/batismo_colportagem-133x200.jpeg 133w, https:\/\/cdn.unasp.br\/unasp-noticias\/2025\/10\/07070827\/batismo_colportagem-100x150.jpeg 100w, https:\/\/cdn.unasp.br\/unasp-noticias\/2025\/10\/07070827\/batismo_colportagem-175x263.jpeg 175w, https:\/\/cdn.unasp.br\/unasp-noticias\/2025\/10\/07070827\/batismo_colportagem-300x450.jpeg 300w, https:\/\/cdn.unasp.br\/unasp-noticias\/2025\/10\/07070827\/batismo_colportagem-173x260.jpeg 173w, https:\/\/cdn.unasp.br\/unasp-noticias\/2025\/10\/07070827\/batismo_colportagem.jpeg 1066w\" sizes=\"(max-width: 682px) 100vw, 682px\" \/><\/figure>\n<\/figure>\n","protected":false},"excerpt":{"rendered":"<p>O evento reuniu l\u00edderes, estudantes, convidados e participantes da primeira edi\u00e7\u00e3o do projeto.<\/p>\n","protected":false},"author":87,"featured_media":106236,"comment_status":"closed","ping_status":"open","sticky":false,"template":"","format":"standard","meta":{"footnotes":""},"categories":[6],"tags":[3213,3212,3614,3749,60],"yoast_head":"<!-- This site is optimized with the Yoast SEO plugin v23.5 - https:\/\/yoast.com\/wordpress\/plugins\/seo\/ -->\n<title>UNASP celebra 25 anos do projeto Sonhando Alto<\/title>\n<meta name=\"description\" content=\"O evento reuniu l\u00edderes, estudantes, convidados e participantes da primeira edi\u00e7\u00e3o do projeto para celebrar e agradecer.\" \/>\n<meta name=\"robots\" content=\"index, follow, max-snippet:-1, max-image-preview:large, max-video-preview:-1\" \/>\n<link rel=\"canonical\" href=\"https:\/\/unasp.br\/noticias\/semana-da-colportagem-celebra-25-anos-do-projeto-sonhando-alto-no-unasp\/\" \/>\n<meta property=\"og:locale\" content=\"pt_BR\" \/>\n<meta property=\"og:type\" content=\"article\" \/>\n<meta property=\"og:title\" content=\"UNASP celebra 25 anos do projeto Sonhando Alto\" \/>\n<meta property=\"og:description\" content=\"O evento reuniu l\u00edderes, estudantes, convidados e participantes da primeira edi\u00e7\u00e3o do projeto para celebrar e agradecer.\" \/>\n<meta property=\"og:url\" content=\"https:\/\/unasp.br\/noticias\/semana-da-colportagem-celebra-25-anos-do-projeto-sonhando-alto-no-unasp\/\" \/>\n<meta property=\"og:site_name\" content=\"UNASP Noticias\" \/>\n<meta property=\"article:published_time\" content=\"2025-10-07T13:11:52+00:00\" \/>\n<meta property=\"article:modified_time\" content=\"2025-10-08T16:53:48+00:00\" \/>\n<meta property=\"og:image\" content=\"https:\/\/cdn.unasp.br\/unasp-noticias\/2025\/10\/08105127\/primeira-turma-1.jpeg\" \/>\n\t<meta property=\"og:image:width\" content=\"1600\" \/>\n\t<meta property=\"og:image:height\" content=\"1066\" \/>\n\t<meta property=\"og:image:type\" content=\"image\/jpeg\" \/>\n<meta name=\"author\" content=\"UNASP - Gabrielle Ramos Venceslau\" \/>\n<meta name=\"twitter:card\" content=\"summary_large_image\" \/>\n<meta name=\"twitter:label1\" content=\"Escrito por\" \/>\n\t<meta name=\"twitter:data1\" content=\"UNASP - Gabrielle Ramos Venceslau\" \/>\n\t<meta name=\"twitter:label2\" content=\"Est. tempo de leitura\" \/>\n\t<meta name=\"twitter:data2\" content=\"6 minutos\" \/>\n<script type=\"application\/ld+json\" class=\"yoast-schema-graph\">{\"@context\":\"https:\/\/schema.org\",\"@graph\":[{\"@type\":\"Article\",\"@id\":\"https:\/\/unasp.br\/noticias\/semana-da-colportagem-celebra-25-anos-do-projeto-sonhando-alto-no-unasp\/#article\",\"isPartOf\":{\"@id\":\"https:\/\/unasp.br\/noticias\/semana-da-colportagem-celebra-25-anos-do-projeto-sonhando-alto-no-unasp\/\"},\"author\":{\"name\":\"UNASP - Gabrielle Ramos Venceslau\",\"@id\":\"https:\/\/unasp.br\/noticias\/#\/schema\/person\/632ff80e8dc2f45bd4273aa84ebd2eb8\"},\"headline\":\"Semana da Colportagem celebra 25 anos do projeto Sonhando Alto no UNASP\",\"datePublished\":\"2025-10-07T13:11:52+00:00\",\"dateModified\":\"2025-10-08T16:53:48+00:00\",\"mainEntityOfPage\":{\"@id\":\"https:\/\/unasp.br\/noticias\/semana-da-colportagem-celebra-25-anos-do-projeto-sonhando-alto-no-unasp\/\"},\"wordCount\":763,\"publisher\":{\"@id\":\"https:\/\/unasp.br\/noticias\/#organization\"},\"image\":{\"@id\":\"https:\/\/unasp.br\/noticias\/semana-da-colportagem-celebra-25-anos-do-projeto-sonhando-alto-no-unasp\/#primaryimage\"},\"thumbnailUrl\":\"https:\/\/cdn.unasp.br\/unasp-noticias\/2025\/10\/08105127\/primeira-turma-1.jpeg\",\"keywords\":[\"Colportagem\",\"IDEC\",\"Semana da colportagem\",\"Sonhando Alto\",\"UNASP\"],\"articleSection\":[\"Acontece no UNASP\"],\"inLanguage\":\"pt-BR\"},{\"@type\":\"WebPage\",\"@id\":\"https:\/\/unasp.br\/noticias\/semana-da-colportagem-celebra-25-anos-do-projeto-sonhando-alto-no-unasp\/\",\"url\":\"https:\/\/unasp.br\/noticias\/semana-da-colportagem-celebra-25-anos-do-projeto-sonhando-alto-no-unasp\/\",\"name\":\"UNASP celebra 25 anos do projeto Sonhando Alto\",\"isPartOf\":{\"@id\":\"https:\/\/unasp.br\/noticias\/#website\"},\"primaryImageOfPage\":{\"@id\":\"https:\/\/unasp.br\/noticias\/semana-da-colportagem-celebra-25-anos-do-projeto-sonhando-alto-no-unasp\/#primaryimage\"},\"image\":{\"@id\":\"https:\/\/unasp.br\/noticias\/semana-da-colportagem-celebra-25-anos-do-projeto-sonhando-alto-no-unasp\/#primaryimage\"},\"thumbnailUrl\":\"https:\/\/cdn.unasp.br\/unasp-noticias\/2025\/10\/08105127\/primeira-turma-1.jpeg\",\"datePublished\":\"2025-10-07T13:11:52+00:00\",\"dateModified\":\"2025-10-08T16:53:48+00:00\",\"description\":\"O evento reuniu l\u00edderes, estudantes, convidados e participantes da primeira edi\u00e7\u00e3o do projeto para celebrar e agradecer.\",\"breadcrumb\":{\"@id\":\"https:\/\/unasp.br\/noticias\/semana-da-colportagem-celebra-25-anos-do-projeto-sonhando-alto-no-unasp\/#breadcrumb\"},\"inLanguage\":\"pt-BR\",\"potentialAction\":[{\"@type\":\"ReadAction\",\"target\":[\"https:\/\/unasp.br\/noticias\/semana-da-colportagem-celebra-25-anos-do-projeto-sonhando-alto-no-unasp\/\"]}]},{\"@type\":\"ImageObject\",\"inLanguage\":\"pt-BR\",\"@id\":\"https:\/\/unasp.br\/noticias\/semana-da-colportagem-celebra-25-anos-do-projeto-sonhando-alto-no-unasp\/#primaryimage\",\"url\":\"https:\/\/cdn.unasp.br\/unasp-noticias\/2025\/10\/08105127\/primeira-turma-1.jpeg\",\"contentUrl\":\"https:\/\/cdn.unasp.br\/unasp-noticias\/2025\/10\/08105127\/primeira-turma-1.jpeg\",\"width\":1600,\"height\":1066},{\"@type\":\"BreadcrumbList\",\"@id\":\"https:\/\/unasp.br\/noticias\/semana-da-colportagem-celebra-25-anos-do-projeto-sonhando-alto-no-unasp\/#breadcrumb\",\"itemListElement\":[{\"@type\":\"ListItem\",\"position\":1,\"name\":\"In\u00edcio\",\"item\":\"https:\/\/unasp.br\/noticias\/\"},{\"@type\":\"ListItem\",\"position\":2,\"name\":\"Semana da Colportagem celebra 25 anos do projeto Sonhando Alto no UNASP\"}]},{\"@type\":\"WebSite\",\"@id\":\"https:\/\/unasp.br\/noticias\/#website\",\"url\":\"https:\/\/unasp.br\/noticias\/\",\"name\":\"UNASP Noticias\",\"description\":\"Centro Universit\u00e1rio Adventista de S\u00e3o Paulo\",\"publisher\":{\"@id\":\"https:\/\/unasp.br\/noticias\/#organization\"},\"potentialAction\":[{\"@type\":\"SearchAction\",\"target\":{\"@type\":\"EntryPoint\",\"urlTemplate\":\"https:\/\/unasp.br\/noticias\/?s={search_term_string}\"},\"query-input\":{\"@type\":\"PropertyValueSpecification\",\"valueRequired\":true,\"valueName\":\"search_term_string\"}}],\"inLanguage\":\"pt-BR\"},{\"@type\":\"Organization\",\"@id\":\"https:\/\/unasp.br\/noticias\/#organization\",\"name\":\"UNASP Noticias\",\"url\":\"https:\/\/unasp.br\/noticias\/\",\"logo\":{\"@type\":\"ImageObject\",\"inLanguage\":\"pt-BR\",\"@id\":\"https:\/\/unasp.br\/noticias\/#\/schema\/logo\/image\/\",\"url\":\"https:\/\/cdn.unasp.br\/noticias\/wp-content\/uploads\/2021\/09\/09152724\/logo-unasp-news.png\",\"contentUrl\":\"https:\/\/cdn.unasp.br\/noticias\/wp-content\/uploads\/2021\/09\/09152724\/logo-unasp-news.png\",\"width\":240,\"height\":41,\"caption\":\"UNASP Noticias\"},\"image\":{\"@id\":\"https:\/\/unasp.br\/noticias\/#\/schema\/logo\/image\/\"}},{\"@type\":\"Person\",\"@id\":\"https:\/\/unasp.br\/noticias\/#\/schema\/person\/632ff80e8dc2f45bd4273aa84ebd2eb8\",\"name\":\"UNASP - Gabrielle Ramos Venceslau\",\"image\":{\"@type\":\"ImageObject\",\"inLanguage\":\"pt-BR\",\"@id\":\"https:\/\/unasp.br\/noticias\/#\/schema\/person\/image\/\",\"url\":\"https:\/\/secure.gravatar.com\/avatar\/ca2b7bc39199f94758bc119e70f95c97?s=96&d=mm&r=g\",\"contentUrl\":\"https:\/\/secure.gravatar.com\/avatar\/ca2b7bc39199f94758bc119e70f95c97?s=96&d=mm&r=g\",\"caption\":\"UNASP - Gabrielle Ramos Venceslau\"},\"url\":\"https:\/\/unasp.br\/noticias\/author\/gabrielle-venceslauunasp-edu-br\/\"}]}<\/script>\n<!-- \/ Yoast SEO plugin. -->","yoast_head_json":{"title":"UNASP celebra 25 anos do projeto Sonhando Alto","description":"O evento reuniu l\u00edderes, estudantes, convidados e participantes da primeira edi\u00e7\u00e3o do projeto para celebrar e agradecer.","robots":{"index":"index","follow":"follow","max-snippet":"max-snippet:-1","max-image-preview":"max-image-preview:large","max-video-preview":"max-video-preview:-1"},"canonical":"https:\/\/unasp.br\/noticias\/semana-da-colportagem-celebra-25-anos-do-projeto-sonhando-alto-no-unasp\/","og_locale":"pt_BR","og_type":"article","og_title":"UNASP celebra 25 anos do projeto Sonhando Alto","og_description":"O evento reuniu l\u00edderes, estudantes, convidados e participantes da primeira edi\u00e7\u00e3o do projeto para celebrar e agradecer.","og_url":"https:\/\/unasp.br\/noticias\/semana-da-colportagem-celebra-25-anos-do-projeto-sonhando-alto-no-unasp\/","og_site_name":"UNASP Noticias","article_published_time":"2025-10-07T13:11:52+00:00","article_modified_time":"2025-10-08T16:53:48+00:00","og_image":[{"width":1600,"height":1066,"url":"https:\/\/cdn.unasp.br\/unasp-noticias\/2025\/10\/08105127\/primeira-turma-1.jpeg","type":"image\/jpeg"}],"author":"UNASP - Gabrielle Ramos Venceslau","twitter_card":"summary_large_image","twitter_misc":{"Escrito por":"UNASP - Gabrielle Ramos Venceslau","Est. tempo de leitura":"6 minutos"},"schema":{"@context":"https:\/\/schema.org","@graph":[{"@type":"Article","@id":"https:\/\/unasp.br\/noticias\/semana-da-colportagem-celebra-25-anos-do-projeto-sonhando-alto-no-unasp\/#article","isPartOf":{"@id":"https:\/\/unasp.br\/noticias\/semana-da-colportagem-celebra-25-anos-do-projeto-sonhando-alto-no-unasp\/"},"author":{"name":"UNASP - Gabrielle Ramos Venceslau","@id":"https:\/\/unasp.br\/noticias\/#\/schema\/person\/632ff80e8dc2f45bd4273aa84ebd2eb8"},"headline":"Semana da Colportagem celebra 25 anos do projeto Sonhando Alto no UNASP","datePublished":"2025-10-07T13:11:52+00:00","dateModified":"2025-10-08T16:53:48+00:00","mainEntityOfPage":{"@id":"https:\/\/unasp.br\/noticias\/semana-da-colportagem-celebra-25-anos-do-projeto-sonhando-alto-no-unasp\/"},"wordCount":763,"publisher":{"@id":"https:\/\/unasp.br\/noticias\/#organization"},"image":{"@id":"https:\/\/unasp.br\/noticias\/semana-da-colportagem-celebra-25-anos-do-projeto-sonhando-alto-no-unasp\/#primaryimage"},"thumbnailUrl":"https:\/\/cdn.unasp.br\/unasp-noticias\/2025\/10\/08105127\/primeira-turma-1.jpeg","keywords":["Colportagem","IDEC","Semana da colportagem","Sonhando Alto","UNASP"],"articleSection":["Acontece no UNASP"],"inLanguage":"pt-BR"},{"@type":"WebPage","@id":"https:\/\/unasp.br\/noticias\/semana-da-colportagem-celebra-25-anos-do-projeto-sonhando-alto-no-unasp\/","url":"https:\/\/unasp.br\/noticias\/semana-da-colportagem-celebra-25-anos-do-projeto-sonhando-alto-no-unasp\/","name":"UNASP celebra 25 anos do projeto Sonhando Alto","isPartOf":{"@id":"https:\/\/unasp.br\/noticias\/#website"},"primaryImageOfPage":{"@id":"https:\/\/unasp.br\/noticias\/semana-da-colportagem-celebra-25-anos-do-projeto-sonhando-alto-no-unasp\/#primaryimage"},"image":{"@id":"https:\/\/unasp.br\/noticias\/semana-da-colportagem-celebra-25-anos-do-projeto-sonhando-alto-no-unasp\/#primaryimage"},"thumbnailUrl":"https:\/\/cdn.unasp.br\/unasp-noticias\/2025\/10\/08105127\/primeira-turma-1.jpeg","datePublished":"2025-10-07T13:11:52+00:00","dateModified":"2025-10-08T16:53:48+00:00","description":"O evento reuniu l\u00edderes, estudantes, convidados e participantes da primeira edi\u00e7\u00e3o do projeto para celebrar e agradecer.","breadcrumb":{"@id":"https:\/\/unasp.br\/noticias\/semana-da-colportagem-celebra-25-anos-do-projeto-sonhando-alto-no-unasp\/#breadcrumb"},"inLanguage":"pt-BR","potentialAction":[{"@type":"ReadAction","target":["https:\/\/unasp.br\/noticias\/semana-da-colportagem-celebra-25-anos-do-projeto-sonhando-alto-no-unasp\/"]}]},{"@type":"ImageObject","inLanguage":"pt-BR","@id":"https:\/\/unasp.br\/noticias\/semana-da-colportagem-celebra-25-anos-do-projeto-sonhando-alto-no-unasp\/#primaryimage","url":"https:\/\/cdn.unasp.br\/unasp-noticias\/2025\/10\/08105127\/primeira-turma-1.jpeg","contentUrl":"https:\/\/cdn.unasp.br\/unasp-noticias\/2025\/10\/08105127\/primeira-turma-1.jpeg","width":1600,"height":1066},{"@type":"BreadcrumbList","@id":"https:\/\/unasp.br\/noticias\/semana-da-colportagem-celebra-25-anos-do-projeto-sonhando-alto-no-unasp\/#breadcrumb","itemListElement":[{"@type":"ListItem","position":1,"name":"In\u00edcio","item":"https:\/\/unasp.br\/noticias\/"},{"@type":"ListItem","position":2,"name":"Semana da Colportagem celebra 25 anos do projeto Sonhando Alto no UNASP"}]},{"@type":"WebSite","@id":"https:\/\/unasp.br\/noticias\/#website","url":"https:\/\/unasp.br\/noticias\/","name":"UNASP Noticias","description":"Centro Universit\u00e1rio Adventista de S\u00e3o Paulo","publisher":{"@id":"https:\/\/unasp.br\/noticias\/#organization"},"potentialAction":[{"@type":"SearchAction","target":{"@type":"EntryPoint","urlTemplate":"https:\/\/unasp.br\/noticias\/?s={search_term_string}"},"query-input":{"@type":"PropertyValueSpecification","valueRequired":true,"valueName":"search_term_string"}}],"inLanguage":"pt-BR"},{"@type":"Organization","@id":"https:\/\/unasp.br\/noticias\/#organization","name":"UNASP Noticias","url":"https:\/\/unasp.br\/noticias\/","logo":{"@type":"ImageObject","inLanguage":"pt-BR","@id":"https:\/\/unasp.br\/noticias\/#\/schema\/logo\/image\/","url":"https:\/\/cdn.unasp.br\/noticias\/wp-content\/uploads\/2021\/09\/09152724\/logo-unasp-news.png","contentUrl":"https:\/\/cdn.unasp.br\/noticias\/wp-content\/uploads\/2021\/09\/09152724\/logo-unasp-news.png","width":240,"height":41,"caption":"UNASP Noticias"},"image":{"@id":"https:\/\/unasp.br\/noticias\/#\/schema\/logo\/image\/"}},{"@type":"Person","@id":"https:\/\/unasp.br\/noticias\/#\/schema\/person\/632ff80e8dc2f45bd4273aa84ebd2eb8","name":"UNASP - Gabrielle Ramos Venceslau","image":{"@type":"ImageObject","inLanguage":"pt-BR","@id":"https:\/\/unasp.br\/noticias\/#\/schema\/person\/image\/","url":"https:\/\/secure.gravatar.com\/avatar\/ca2b7bc39199f94758bc119e70f95c97?s=96&d=mm&r=g","contentUrl":"https:\/\/secure.gravatar.com\/avatar\/ca2b7bc39199f94758bc119e70f95c97?s=96&d=mm&r=g","caption":"UNASP - Gabrielle Ramos Venceslau"},"url":"https:\/\/unasp.br\/noticias\/author\/gabrielle-venceslauunasp-edu-br\/"}]}},"_links":{"self":[{"href":"https:\/\/unasp.br\/noticias\/wp-json\/wp\/v2\/posts\/106226"}],"collection":[{"href":"https:\/\/unasp.br\/noticias\/wp-json\/wp\/v2\/posts"}],"about":[{"href":"https:\/\/unasp.br\/noticias\/wp-json\/wp\/v2\/types\/post"}],"author":[{"embeddable":true,"href":"https:\/\/unasp.br\/noticias\/wp-json\/wp\/v2\/users\/87"}],"replies":[{"embeddable":true,"href":"https:\/\/unasp.br\/noticias\/wp-json\/wp\/v2\/comments?post=106226"}],"version-history":[{"count":4,"href":"https:\/\/unasp.br\/noticias\/wp-json\/wp\/v2\/posts\/106226\/revisions"}],"predecessor-version":[{"id":106240,"href":"https:\/\/unasp.br\/noticias\/wp-json\/wp\/v2\/posts\/106226\/revisions\/106240"}],"wp:featuredmedia":[{"embeddable":true,"href":"https:\/\/unasp.br\/noticias\/wp-json\/wp\/v2\/media\/106236"}],"wp:attachment":[{"href":"https:\/\/unasp.br\/noticias\/wp-json\/wp\/v2\/media?parent=106226"}],"wp:term":[{"taxonomy":"category","embeddable":true,"href":"https:\/\/unasp.br\/noticias\/wp-json\/wp\/v2\/categories?post=106226"},{"taxonomy":"post_tag","embeddable":true,"href":"https:\/\/unasp.br\/noticias\/wp-json\/wp\/v2\/tags?post=106226"}],"curies":[{"name":"wp","href":"https:\/\/api.w.org\/{rel}","templated":true}]}}