{"id":106813,"date":"2025-11-30T20:36:19","date_gmt":"2025-11-30T23:36:19","guid":{"rendered":"https:\/\/unasp.br\/noticias\/?p=106813"},"modified":"2025-11-30T20:43:28","modified_gmt":"2025-11-30T23:43:28","slug":"unasp-campus-sao-paulo-da-inicio-a-temporada-de-formaturas","status":"publish","type":"post","link":"https:\/\/unasp.br\/noticias\/unasp-campus-sao-paulo-da-inicio-a-temporada-de-formaturas\/","title":{"rendered":"UNASP campus S\u00e3o Paulo d\u00e1 in\u00edcio \u00e0 temporada de formaturas\u00a0com a Educa\u00e7\u00e3o Infantil"},"content":{"rendered":"\n<p>O UNASP campus <a href=\"https:\/\/unasp.br\/noticias\/colegio-unasp-implementa-cao-de-apoio-emocional-em-sao-paulo\/\">S\u00e3o Paulo<\/a> abriu, neste domingo (30) a temporada de formaturas com as turmas da Educa\u00e7\u00e3o Infantil. Ao longo do dia, a institui\u00e7\u00e3o realizou tr\u00eas sess\u00f5es de formatura, que contaram com a presen\u00e7a de familiares, professores, coordenadores e amigos. O momento foi marcado por muita emo\u00e7\u00e3o e gratid\u00e3o pela vida e trajet\u00f3ria de cada um dos 110 alunos formandos.<\/p>\n\n\n\n<figure class=\"wp-block-image size-full\"><img loading=\"lazy\" decoding=\"async\" width=\"799\" height=\"533\" src=\"https:\/\/cdn.unasp.br\/unasp-noticias\/2025\/11\/30172941\/pre_sp_1.jpg\" alt=\"\" class=\"wp-image-106829\" srcset=\"https:\/\/cdn.unasp.br\/unasp-noticias\/2025\/11\/30172941\/pre_sp_1.jpg 799w, https:\/\/cdn.unasp.br\/unasp-noticias\/2025\/11\/30172941\/pre_sp_1-300x200.jpg 300w, https:\/\/cdn.unasp.br\/unasp-noticias\/2025\/11\/30172941\/pre_sp_1-768x512.jpg 768w, https:\/\/cdn.unasp.br\/unasp-noticias\/2025\/11\/30172941\/pre_sp_1-750x500.jpg 750w, https:\/\/cdn.unasp.br\/unasp-noticias\/2025\/11\/30172941\/pre_sp_1-720x480.jpg 720w, https:\/\/cdn.unasp.br\/unasp-noticias\/2025\/11\/30172941\/pre_sp_1-420x280.jpg 420w, https:\/\/cdn.unasp.br\/unasp-noticias\/2025\/11\/30172941\/pre_sp_1-500x334.jpg 500w, https:\/\/cdn.unasp.br\/unasp-noticias\/2025\/11\/30172941\/pre_sp_1-400x267.jpg 400w, https:\/\/cdn.unasp.br\/unasp-noticias\/2025\/11\/30172941\/pre_sp_1-225x150.jpg 225w, https:\/\/cdn.unasp.br\/unasp-noticias\/2025\/11\/30172941\/pre_sp_1-175x117.jpg 175w, https:\/\/cdn.unasp.br\/unasp-noticias\/2025\/11\/30172941\/pre_sp_1-200x133.jpg 200w, https:\/\/cdn.unasp.br\/unasp-noticias\/2025\/11\/30172941\/pre_sp_1-675x450.jpg 675w, https:\/\/cdn.unasp.br\/unasp-noticias\/2025\/11\/30172941\/pre_sp_1-390x260.jpg 390w\" sizes=\"(max-width: 799px) 100vw, 799px\" \/><\/figure>\n\n\n\n<p>A coordenadora das turmas, Edirley Oliveira, explica que a formatura da Educa\u00e7\u00e3o Infantil \u00e9 um momento muito especial, porque marca o fim de um ciclo muito importante e essencial para a alfabetiza\u00e7\u00e3o. \u201cAo conclu\u00edrem a pr\u00e9-escola os alunos conhecem os sons e as letras, o que os torna aptos para ingressarem no primeiro ano com uma forma\u00e7\u00e3o completa para os pr\u00f3ximos desafios\u201d, afirma a docente.&nbsp;<\/p>\n\n\n\n<h2 class=\"wp-block-heading\"><strong>Conex\u00e3o com Deus desde a Educa\u00e7\u00e3o Infantil<\/strong><\/h2>\n\n\n\n<p>O programa foi cheio de m\u00fasicas, reflex\u00f5es importantes e momentos de muita emo\u00e7\u00e3o. As turmas puderam se destacar apresentando as seguintes can\u00e7\u00f5es: \u201cO Dia que Deus criou o mundo\u201d, \u201cFruto da cria\u00e7\u00e3o\u201d, \u201cGrande artista\u201d, \u201cJesus loves you\u201d e \u201cObra mais linda de Deus\u201d,&nbsp;refor\u00e7ando a conex\u00e3o entre o aprendizado e a espiritualidade.<\/p>\n\n\n\n<p>As sess\u00f5es tamb\u00e9m contaram com falas especiais de alguns alunos, com um discurso de formatura feito pelo representante de cada turma, com o momento do capelo e com uma reflex\u00e3o feita pelo pastor que encerrou a programa\u00e7\u00e3o com uma ora\u00e7\u00e3o dedicando a vida de cada um dos alunos a Deus e pedindo a prote\u00e7\u00e3o dEle para um novo ciclo que se inicia.&nbsp;<\/p>\n\n\n\n<p>O programa ainda dedicou um momento \u00e0 celebra\u00e7\u00e3o dos 110 anos do UNASP, refor\u00e7ando a tradi\u00e7\u00e3o e a miss\u00e3o educacional da institui\u00e7\u00e3o.<\/p>\n\n\n\n<h2 class=\"wp-block-heading\"><strong>O juramento<\/strong><\/h2>\n\n\n<div class=\"wp-block-image\">\n<figure class=\"alignright size-full is-resized\"><img loading=\"lazy\" decoding=\"async\" width=\"533\" height=\"799\" src=\"https:\/\/cdn.unasp.br\/unasp-noticias\/2025\/11\/30172950\/pre_sp_2.jpg\" alt=\"\" class=\"wp-image-106830\" style=\"width:348px;height:auto\" srcset=\"https:\/\/cdn.unasp.br\/unasp-noticias\/2025\/11\/30172950\/pre_sp_2.jpg 533w, https:\/\/cdn.unasp.br\/unasp-noticias\/2025\/11\/30172950\/pre_sp_2-200x300.jpg 200w, https:\/\/cdn.unasp.br\/unasp-noticias\/2025\/11\/30172950\/pre_sp_2-400x600.jpg 400w, https:\/\/cdn.unasp.br\/unasp-noticias\/2025\/11\/30172950\/pre_sp_2-480x720.jpg 480w, https:\/\/cdn.unasp.br\/unasp-noticias\/2025\/11\/30172950\/pre_sp_2-334x500.jpg 334w, https:\/\/cdn.unasp.br\/unasp-noticias\/2025\/11\/30172950\/pre_sp_2-320x480.jpg 320w, https:\/\/cdn.unasp.br\/unasp-noticias\/2025\/11\/30172950\/pre_sp_2-187x280.jpg 187w, https:\/\/cdn.unasp.br\/unasp-noticias\/2025\/11\/30172950\/pre_sp_2-267x400.jpg 267w, https:\/\/cdn.unasp.br\/unasp-noticias\/2025\/11\/30172950\/pre_sp_2-133x200.jpg 133w, https:\/\/cdn.unasp.br\/unasp-noticias\/2025\/11\/30172950\/pre_sp_2-100x150.jpg 100w, https:\/\/cdn.unasp.br\/unasp-noticias\/2025\/11\/30172950\/pre_sp_2-175x262.jpg 175w, https:\/\/cdn.unasp.br\/unasp-noticias\/2025\/11\/30172950\/pre_sp_2-300x450.jpg 300w, https:\/\/cdn.unasp.br\/unasp-noticias\/2025\/11\/30172950\/pre_sp_2-173x260.jpg 173w\" sizes=\"(max-width: 533px) 100vw, 533px\" \/><\/figure><\/div>\n\n\n<p>Um dos momentos mais especiais da formatura foi o juramento dos alunos, simbolizando o comprometimento deles desde a inf\u00e2ncia com as responsabilidades e deveres que devem cumprir como seres humanos e cidad\u00e3os.\u00a0<\/p>\n\n\n\n<p>Na fala, os formandos se comprometeram a serem cidad\u00e3os bondosos e comprometidos com valores que honram o aprendizado e o desenvolvimento infantil apropriado. Prometeram amar a Deus, respeitar e honrar os pais, professores, colegas e a P\u00e1tria.&nbsp;<\/p>\n\n\n\n<p>Esse juramento \u00e9 apenas mais uma confirma\u00e7\u00e3o do comprometimento do UNASP, como institui\u00e7\u00e3o que se dedica a uma educa\u00e7\u00e3o que prioriza valores importantes e fundamentais para a forma\u00e7\u00e3o de uma sociedade justa e com valores que honram o bem coletivo.<\/p>\n\n\n\n<p>Voc\u00ea pode conferir as <a href=\"https:\/\/www.flickr.com\/photos\/unaspsaopaulo\/albums\/72177720330621735\/\">fotos<\/a> desse momento t\u00e3o especial para os estudantes e fam\u00edlias.<\/p>\n","protected":false},"excerpt":{"rendered":"<p>O Col\u00e9gio UNASP, unidade S\u00e3o Paulo, formou 110 alunos da Educa\u00e7\u00e3o Infantil em 2025.<\/p>\n","protected":false},"author":71,"featured_media":106829,"comment_status":"closed","ping_status":"open","sticky":false,"template":"","format":"standard","meta":{"footnotes":""},"categories":[1846],"tags":[259,3781,273,1882,60],"yoast_head":"<!-- This site is optimized with the Yoast SEO plugin v23.5 - https:\/\/yoast.com\/wordpress\/plugins\/seo\/ -->\n<title>UNASP campus S\u00e3o Paulo d\u00e1 in\u00edcio \u00e0 temporada de formaturas<\/title>\n<meta name=\"description\" content=\"O UNASP campus S\u00e3o Paulo abriu, neste domingo (30) a temporada de formaturas com as turmas da Educa\u00e7\u00e3o Infantil.\" \/>\n<meta name=\"robots\" content=\"index, follow, max-snippet:-1, max-image-preview:large, max-video-preview:-1\" \/>\n<link rel=\"canonical\" href=\"https:\/\/unasp.br\/noticias\/unasp-campus-sao-paulo-da-inicio-a-temporada-de-formaturas\/\" \/>\n<meta property=\"og:locale\" content=\"pt_BR\" \/>\n<meta property=\"og:type\" content=\"article\" \/>\n<meta property=\"og:title\" content=\"UNASP campus S\u00e3o Paulo d\u00e1 in\u00edcio \u00e0 temporada de formaturas\" \/>\n<meta property=\"og:description\" content=\"O UNASP campus S\u00e3o Paulo abriu, neste domingo (30) a temporada de formaturas com as turmas da Educa\u00e7\u00e3o Infantil.\" \/>\n<meta property=\"og:url\" content=\"https:\/\/unasp.br\/noticias\/unasp-campus-sao-paulo-da-inicio-a-temporada-de-formaturas\/\" \/>\n<meta property=\"og:site_name\" content=\"UNASP Noticias\" \/>\n<meta property=\"article:published_time\" content=\"2025-11-30T23:36:19+00:00\" \/>\n<meta property=\"article:modified_time\" content=\"2025-11-30T23:43:28+00:00\" \/>\n<meta property=\"og:image\" content=\"https:\/\/cdn.unasp.br\/unasp-noticias\/2025\/11\/30172941\/pre_sp_1.jpg\" \/>\n\t<meta property=\"og:image:width\" content=\"799\" \/>\n\t<meta property=\"og:image:height\" content=\"533\" \/>\n\t<meta property=\"og:image:type\" content=\"image\/jpeg\" \/>\n<meta name=\"author\" content=\"Victor Henrique Bernardo\" \/>\n<meta name=\"twitter:card\" content=\"summary_large_image\" \/>\n<meta name=\"twitter:label1\" content=\"Escrito por\" \/>\n\t<meta name=\"twitter:data1\" content=\"Victor Henrique Bernardo\" \/>\n\t<meta name=\"twitter:label2\" content=\"Est. tempo de leitura\" \/>\n\t<meta name=\"twitter:data2\" content=\"3 minutos\" \/>\n<script type=\"application\/ld+json\" class=\"yoast-schema-graph\">{\"@context\":\"https:\/\/schema.org\",\"@graph\":[{\"@type\":\"Article\",\"@id\":\"https:\/\/unasp.br\/noticias\/unasp-campus-sao-paulo-da-inicio-a-temporada-de-formaturas\/#article\",\"isPartOf\":{\"@id\":\"https:\/\/unasp.br\/noticias\/unasp-campus-sao-paulo-da-inicio-a-temporada-de-formaturas\/\"},\"author\":{\"name\":\"Victor Henrique Bernardo\",\"@id\":\"https:\/\/unasp.br\/noticias\/#\/schema\/person\/62662c136703f2dc05b840af5b1e406e\"},\"headline\":\"UNASP campus S\u00e3o Paulo d\u00e1 in\u00edcio \u00e0 temporada de formaturas\u00a0com a Educa\u00e7\u00e3o Infantil\",\"datePublished\":\"2025-11-30T23:36:19+00:00\",\"dateModified\":\"2025-11-30T23:43:28+00:00\",\"mainEntityOfPage\":{\"@id\":\"https:\/\/unasp.br\/noticias\/unasp-campus-sao-paulo-da-inicio-a-temporada-de-formaturas\/\"},\"wordCount\":453,\"publisher\":{\"@id\":\"https:\/\/unasp.br\/noticias\/#organization\"},\"image\":{\"@id\":\"https:\/\/unasp.br\/noticias\/unasp-campus-sao-paulo-da-inicio-a-temporada-de-formaturas\/#primaryimage\"},\"thumbnailUrl\":\"https:\/\/cdn.unasp.br\/unasp-noticias\/2025\/11\/30172941\/pre_sp_1.jpg\",\"keywords\":[\"Col\u00e9gio UNASP\",\"Educa\u00e7\u00e3o Infantil\",\"Formatura\",\"S\u00e3o Paulo\",\"UNASP\"],\"articleSection\":[\"Formaturas\"],\"inLanguage\":\"pt-BR\"},{\"@type\":\"WebPage\",\"@id\":\"https:\/\/unasp.br\/noticias\/unasp-campus-sao-paulo-da-inicio-a-temporada-de-formaturas\/\",\"url\":\"https:\/\/unasp.br\/noticias\/unasp-campus-sao-paulo-da-inicio-a-temporada-de-formaturas\/\",\"name\":\"UNASP campus S\u00e3o Paulo d\u00e1 in\u00edcio \u00e0 temporada de formaturas\",\"isPartOf\":{\"@id\":\"https:\/\/unasp.br\/noticias\/#website\"},\"primaryImageOfPage\":{\"@id\":\"https:\/\/unasp.br\/noticias\/unasp-campus-sao-paulo-da-inicio-a-temporada-de-formaturas\/#primaryimage\"},\"image\":{\"@id\":\"https:\/\/unasp.br\/noticias\/unasp-campus-sao-paulo-da-inicio-a-temporada-de-formaturas\/#primaryimage\"},\"thumbnailUrl\":\"https:\/\/cdn.unasp.br\/unasp-noticias\/2025\/11\/30172941\/pre_sp_1.jpg\",\"datePublished\":\"2025-11-30T23:36:19+00:00\",\"dateModified\":\"2025-11-30T23:43:28+00:00\",\"description\":\"O UNASP campus S\u00e3o Paulo abriu, neste domingo (30) a temporada de formaturas com as turmas da Educa\u00e7\u00e3o Infantil.\",\"breadcrumb\":{\"@id\":\"https:\/\/unasp.br\/noticias\/unasp-campus-sao-paulo-da-inicio-a-temporada-de-formaturas\/#breadcrumb\"},\"inLanguage\":\"pt-BR\",\"potentialAction\":[{\"@type\":\"ReadAction\",\"target\":[\"https:\/\/unasp.br\/noticias\/unasp-campus-sao-paulo-da-inicio-a-temporada-de-formaturas\/\"]}]},{\"@type\":\"ImageObject\",\"inLanguage\":\"pt-BR\",\"@id\":\"https:\/\/unasp.br\/noticias\/unasp-campus-sao-paulo-da-inicio-a-temporada-de-formaturas\/#primaryimage\",\"url\":\"https:\/\/cdn.unasp.br\/unasp-noticias\/2025\/11\/30172941\/pre_sp_1.jpg\",\"contentUrl\":\"https:\/\/cdn.unasp.br\/unasp-noticias\/2025\/11\/30172941\/pre_sp_1.jpg\",\"width\":799,\"height\":533},{\"@type\":\"BreadcrumbList\",\"@id\":\"https:\/\/unasp.br\/noticias\/unasp-campus-sao-paulo-da-inicio-a-temporada-de-formaturas\/#breadcrumb\",\"itemListElement\":[{\"@type\":\"ListItem\",\"position\":1,\"name\":\"In\u00edcio\",\"item\":\"https:\/\/unasp.br\/noticias\/\"},{\"@type\":\"ListItem\",\"position\":2,\"name\":\"UNASP campus S\u00e3o Paulo d\u00e1 in\u00edcio \u00e0 temporada de formaturas\u00a0com a Educa\u00e7\u00e3o Infantil\"}]},{\"@type\":\"WebSite\",\"@id\":\"https:\/\/unasp.br\/noticias\/#website\",\"url\":\"https:\/\/unasp.br\/noticias\/\",\"name\":\"UNASP Noticias\",\"description\":\"Centro Universit\u00e1rio Adventista de S\u00e3o Paulo\",\"publisher\":{\"@id\":\"https:\/\/unasp.br\/noticias\/#organization\"},\"potentialAction\":[{\"@type\":\"SearchAction\",\"target\":{\"@type\":\"EntryPoint\",\"urlTemplate\":\"https:\/\/unasp.br\/noticias\/?s={search_term_string}\"},\"query-input\":{\"@type\":\"PropertyValueSpecification\",\"valueRequired\":true,\"valueName\":\"search_term_string\"}}],\"inLanguage\":\"pt-BR\"},{\"@type\":\"Organization\",\"@id\":\"https:\/\/unasp.br\/noticias\/#organization\",\"name\":\"UNASP Noticias\",\"url\":\"https:\/\/unasp.br\/noticias\/\",\"logo\":{\"@type\":\"ImageObject\",\"inLanguage\":\"pt-BR\",\"@id\":\"https:\/\/unasp.br\/noticias\/#\/schema\/logo\/image\/\",\"url\":\"https:\/\/cdn.unasp.br\/noticias\/wp-content\/uploads\/2021\/09\/09152724\/logo-unasp-news.png\",\"contentUrl\":\"https:\/\/cdn.unasp.br\/noticias\/wp-content\/uploads\/2021\/09\/09152724\/logo-unasp-news.png\",\"width\":240,\"height\":41,\"caption\":\"UNASP Noticias\"},\"image\":{\"@id\":\"https:\/\/unasp.br\/noticias\/#\/schema\/logo\/image\/\"}},{\"@type\":\"Person\",\"@id\":\"https:\/\/unasp.br\/noticias\/#\/schema\/person\/62662c136703f2dc05b840af5b1e406e\",\"name\":\"Victor Henrique Bernardo\",\"image\":{\"@type\":\"ImageObject\",\"inLanguage\":\"pt-BR\",\"@id\":\"https:\/\/unasp.br\/noticias\/#\/schema\/person\/image\/\",\"url\":\"https:\/\/secure.gravatar.com\/avatar\/b4fb78414cbc01263cfe6fc3c4c9b647?s=96&d=mm&r=g\",\"contentUrl\":\"https:\/\/secure.gravatar.com\/avatar\/b4fb78414cbc01263cfe6fc3c4c9b647?s=96&d=mm&r=g\",\"caption\":\"Victor Henrique Bernardo\"},\"url\":\"https:\/\/unasp.br\/noticias\/author\/victor-bernardoadventistas-org\/\"}]}<\/script>\n<!-- \/ Yoast SEO plugin. -->","yoast_head_json":{"title":"UNASP campus S\u00e3o Paulo d\u00e1 in\u00edcio \u00e0 temporada de formaturas","description":"O UNASP campus S\u00e3o Paulo abriu, neste domingo (30) a temporada de formaturas com as turmas da Educa\u00e7\u00e3o Infantil.","robots":{"index":"index","follow":"follow","max-snippet":"max-snippet:-1","max-image-preview":"max-image-preview:large","max-video-preview":"max-video-preview:-1"},"canonical":"https:\/\/unasp.br\/noticias\/unasp-campus-sao-paulo-da-inicio-a-temporada-de-formaturas\/","og_locale":"pt_BR","og_type":"article","og_title":"UNASP campus S\u00e3o Paulo d\u00e1 in\u00edcio \u00e0 temporada de formaturas","og_description":"O UNASP campus S\u00e3o Paulo abriu, neste domingo (30) a temporada de formaturas com as turmas da Educa\u00e7\u00e3o Infantil.","og_url":"https:\/\/unasp.br\/noticias\/unasp-campus-sao-paulo-da-inicio-a-temporada-de-formaturas\/","og_site_name":"UNASP Noticias","article_published_time":"2025-11-30T23:36:19+00:00","article_modified_time":"2025-11-30T23:43:28+00:00","og_image":[{"width":799,"height":533,"url":"https:\/\/cdn.unasp.br\/unasp-noticias\/2025\/11\/30172941\/pre_sp_1.jpg","type":"image\/jpeg"}],"author":"Victor Henrique Bernardo","twitter_card":"summary_large_image","twitter_misc":{"Escrito por":"Victor Henrique Bernardo","Est. tempo de leitura":"3 minutos"},"schema":{"@context":"https:\/\/schema.org","@graph":[{"@type":"Article","@id":"https:\/\/unasp.br\/noticias\/unasp-campus-sao-paulo-da-inicio-a-temporada-de-formaturas\/#article","isPartOf":{"@id":"https:\/\/unasp.br\/noticias\/unasp-campus-sao-paulo-da-inicio-a-temporada-de-formaturas\/"},"author":{"name":"Victor Henrique Bernardo","@id":"https:\/\/unasp.br\/noticias\/#\/schema\/person\/62662c136703f2dc05b840af5b1e406e"},"headline":"UNASP campus S\u00e3o Paulo d\u00e1 in\u00edcio \u00e0 temporada de formaturas\u00a0com a Educa\u00e7\u00e3o Infantil","datePublished":"2025-11-30T23:36:19+00:00","dateModified":"2025-11-30T23:43:28+00:00","mainEntityOfPage":{"@id":"https:\/\/unasp.br\/noticias\/unasp-campus-sao-paulo-da-inicio-a-temporada-de-formaturas\/"},"wordCount":453,"publisher":{"@id":"https:\/\/unasp.br\/noticias\/#organization"},"image":{"@id":"https:\/\/unasp.br\/noticias\/unasp-campus-sao-paulo-da-inicio-a-temporada-de-formaturas\/#primaryimage"},"thumbnailUrl":"https:\/\/cdn.unasp.br\/unasp-noticias\/2025\/11\/30172941\/pre_sp_1.jpg","keywords":["Col\u00e9gio UNASP","Educa\u00e7\u00e3o Infantil","Formatura","S\u00e3o Paulo","UNASP"],"articleSection":["Formaturas"],"inLanguage":"pt-BR"},{"@type":"WebPage","@id":"https:\/\/unasp.br\/noticias\/unasp-campus-sao-paulo-da-inicio-a-temporada-de-formaturas\/","url":"https:\/\/unasp.br\/noticias\/unasp-campus-sao-paulo-da-inicio-a-temporada-de-formaturas\/","name":"UNASP campus S\u00e3o Paulo d\u00e1 in\u00edcio \u00e0 temporada de formaturas","isPartOf":{"@id":"https:\/\/unasp.br\/noticias\/#website"},"primaryImageOfPage":{"@id":"https:\/\/unasp.br\/noticias\/unasp-campus-sao-paulo-da-inicio-a-temporada-de-formaturas\/#primaryimage"},"image":{"@id":"https:\/\/unasp.br\/noticias\/unasp-campus-sao-paulo-da-inicio-a-temporada-de-formaturas\/#primaryimage"},"thumbnailUrl":"https:\/\/cdn.unasp.br\/unasp-noticias\/2025\/11\/30172941\/pre_sp_1.jpg","datePublished":"2025-11-30T23:36:19+00:00","dateModified":"2025-11-30T23:43:28+00:00","description":"O UNASP campus S\u00e3o Paulo abriu, neste domingo (30) a temporada de formaturas com as turmas da Educa\u00e7\u00e3o Infantil.","breadcrumb":{"@id":"https:\/\/unasp.br\/noticias\/unasp-campus-sao-paulo-da-inicio-a-temporada-de-formaturas\/#breadcrumb"},"inLanguage":"pt-BR","potentialAction":[{"@type":"ReadAction","target":["https:\/\/unasp.br\/noticias\/unasp-campus-sao-paulo-da-inicio-a-temporada-de-formaturas\/"]}]},{"@type":"ImageObject","inLanguage":"pt-BR","@id":"https:\/\/unasp.br\/noticias\/unasp-campus-sao-paulo-da-inicio-a-temporada-de-formaturas\/#primaryimage","url":"https:\/\/cdn.unasp.br\/unasp-noticias\/2025\/11\/30172941\/pre_sp_1.jpg","contentUrl":"https:\/\/cdn.unasp.br\/unasp-noticias\/2025\/11\/30172941\/pre_sp_1.jpg","width":799,"height":533},{"@type":"BreadcrumbList","@id":"https:\/\/unasp.br\/noticias\/unasp-campus-sao-paulo-da-inicio-a-temporada-de-formaturas\/#breadcrumb","itemListElement":[{"@type":"ListItem","position":1,"name":"In\u00edcio","item":"https:\/\/unasp.br\/noticias\/"},{"@type":"ListItem","position":2,"name":"UNASP campus S\u00e3o Paulo d\u00e1 in\u00edcio \u00e0 temporada de formaturas\u00a0com a Educa\u00e7\u00e3o Infantil"}]},{"@type":"WebSite","@id":"https:\/\/unasp.br\/noticias\/#website","url":"https:\/\/unasp.br\/noticias\/","name":"UNASP Noticias","description":"Centro Universit\u00e1rio Adventista de S\u00e3o Paulo","publisher":{"@id":"https:\/\/unasp.br\/noticias\/#organization"},"potentialAction":[{"@type":"SearchAction","target":{"@type":"EntryPoint","urlTemplate":"https:\/\/unasp.br\/noticias\/?s={search_term_string}"},"query-input":{"@type":"PropertyValueSpecification","valueRequired":true,"valueName":"search_term_string"}}],"inLanguage":"pt-BR"},{"@type":"Organization","@id":"https:\/\/unasp.br\/noticias\/#organization","name":"UNASP Noticias","url":"https:\/\/unasp.br\/noticias\/","logo":{"@type":"ImageObject","inLanguage":"pt-BR","@id":"https:\/\/unasp.br\/noticias\/#\/schema\/logo\/image\/","url":"https:\/\/cdn.unasp.br\/noticias\/wp-content\/uploads\/2021\/09\/09152724\/logo-unasp-news.png","contentUrl":"https:\/\/cdn.unasp.br\/noticias\/wp-content\/uploads\/2021\/09\/09152724\/logo-unasp-news.png","width":240,"height":41,"caption":"UNASP Noticias"},"image":{"@id":"https:\/\/unasp.br\/noticias\/#\/schema\/logo\/image\/"}},{"@type":"Person","@id":"https:\/\/unasp.br\/noticias\/#\/schema\/person\/62662c136703f2dc05b840af5b1e406e","name":"Victor Henrique Bernardo","image":{"@type":"ImageObject","inLanguage":"pt-BR","@id":"https:\/\/unasp.br\/noticias\/#\/schema\/person\/image\/","url":"https:\/\/secure.gravatar.com\/avatar\/b4fb78414cbc01263cfe6fc3c4c9b647?s=96&d=mm&r=g","contentUrl":"https:\/\/secure.gravatar.com\/avatar\/b4fb78414cbc01263cfe6fc3c4c9b647?s=96&d=mm&r=g","caption":"Victor Henrique Bernardo"},"url":"https:\/\/unasp.br\/noticias\/author\/victor-bernardoadventistas-org\/"}]}},"_links":{"self":[{"href":"https:\/\/unasp.br\/noticias\/wp-json\/wp\/v2\/posts\/106813"}],"collection":[{"href":"https:\/\/unasp.br\/noticias\/wp-json\/wp\/v2\/posts"}],"about":[{"href":"https:\/\/unasp.br\/noticias\/wp-json\/wp\/v2\/types\/post"}],"author":[{"embeddable":true,"href":"https:\/\/unasp.br\/noticias\/wp-json\/wp\/v2\/users\/71"}],"replies":[{"embeddable":true,"href":"https:\/\/unasp.br\/noticias\/wp-json\/wp\/v2\/comments?post=106813"}],"version-history":[{"count":3,"href":"https:\/\/unasp.br\/noticias\/wp-json\/wp\/v2\/posts\/106813\/revisions"}],"predecessor-version":[{"id":106833,"href":"https:\/\/unasp.br\/noticias\/wp-json\/wp\/v2\/posts\/106813\/revisions\/106833"}],"wp:featuredmedia":[{"embeddable":true,"href":"https:\/\/unasp.br\/noticias\/wp-json\/wp\/v2\/media\/106829"}],"wp:attachment":[{"href":"https:\/\/unasp.br\/noticias\/wp-json\/wp\/v2\/media?parent=106813"}],"wp:term":[{"taxonomy":"category","embeddable":true,"href":"https:\/\/unasp.br\/noticias\/wp-json\/wp\/v2\/categories?post=106813"},{"taxonomy":"post_tag","embeddable":true,"href":"https:\/\/unasp.br\/noticias\/wp-json\/wp\/v2\/tags?post=106813"}],"curies":[{"name":"wp","href":"https:\/\/api.w.org\/{rel}","templated":true}]}}