{"id":106870,"date":"2025-12-09T08:45:20","date_gmt":"2025-12-09T11:45:20","guid":{"rendered":"https:\/\/unasp.br\/noticias\/?p=106870"},"modified":"2025-12-09T09:06:32","modified_gmt":"2025-12-09T12:06:32","slug":"unasp-celebra-formatura-com-jantar-de-gala-para-alunos-e-professores","status":"publish","type":"post","link":"https:\/\/unasp.br\/noticias\/unasp-celebra-formatura-com-jantar-de-gala-para-alunos-e-professores\/","title":{"rendered":"UNASP celebra formatura com jantar de gala para alunos e professores\u00a0"},"content":{"rendered":"\n<p>Na noite desta segunda-feira (9), o <a href=\"https:\/\/unasp.br\/\">UNASP <\/a>campus Engenheiro Coelho realizou o tradicional jantar de formatura do Ensino Superior. A programa\u00e7\u00e3o marcou o in\u00edcio oficial das cerim\u00f4nias de conclus\u00e3o de curso e celebrou o t\u00e9rmino da jornada acad\u00eamica dos formandos.<\/p>\n\n\n\n<p>A noite come\u00e7ou com uma ora\u00e7\u00e3o conduzida pelo reitor da institui\u00e7\u00e3o, doutor Martin Kuhn,&nbsp; e contou com a participa\u00e7\u00e3o musical do grupo <a href=\"https:\/\/unasp.br\/noticias\/nova-formacao-do-grupo-novo-tom-celebra-primeira-apresentacao\/\">Novo Tom<\/a>. A cerim\u00f4nia reuniu homenagens a professores e alunos, que por sua vez, tiveram a oportunidade de relembrar suas trajet\u00f3rias e conquistas vividas ao longo da gradua\u00e7\u00e3o.&nbsp;<\/p>\n\n\n\n<figure class=\"wp-block-image size-large\"><img loading=\"lazy\" decoding=\"async\" width=\"1024\" height=\"599\" src=\"https:\/\/cdn.unasp.br\/unasp-noticias\/2025\/12\/09052658\/talvez-1024x599.jpg\" alt=\"\" class=\"wp-image-106906\" srcset=\"https:\/\/cdn.unasp.br\/unasp-noticias\/2025\/12\/09052658\/talvez-1024x599.jpg 1024w, https:\/\/cdn.unasp.br\/unasp-noticias\/2025\/12\/09052658\/talvez-300x175.jpg 300w, https:\/\/cdn.unasp.br\/unasp-noticias\/2025\/12\/09052658\/talvez-768x449.jpg 768w, https:\/\/cdn.unasp.br\/unasp-noticias\/2025\/12\/09052658\/talvez-1026x600.jpg 1026w, https:\/\/cdn.unasp.br\/unasp-noticias\/2025\/12\/09052658\/talvez-1231x720.jpg 1231w, https:\/\/cdn.unasp.br\/unasp-noticias\/2025\/12\/09052658\/talvez-800x468.jpg 800w, https:\/\/cdn.unasp.br\/unasp-noticias\/2025\/12\/09052658\/talvez-750x439.jpg 750w, https:\/\/cdn.unasp.br\/unasp-noticias\/2025\/12\/09052658\/talvez-720x421.jpg 720w, https:\/\/cdn.unasp.br\/unasp-noticias\/2025\/12\/09052658\/talvez-479x280.jpg 479w, https:\/\/cdn.unasp.br\/unasp-noticias\/2025\/12\/09052658\/talvez-500x292.jpg 500w, https:\/\/cdn.unasp.br\/unasp-noticias\/2025\/12\/09052658\/talvez-400x234.jpg 400w, https:\/\/cdn.unasp.br\/unasp-noticias\/2025\/12\/09052658\/talvez-342x200.jpg 342w, https:\/\/cdn.unasp.br\/unasp-noticias\/2025\/12\/09052658\/talvez-256x150.jpg 256w, https:\/\/cdn.unasp.br\/unasp-noticias\/2025\/12\/09052658\/talvez-175x102.jpg 175w, https:\/\/cdn.unasp.br\/unasp-noticias\/2025\/12\/09052658\/talvez-200x117.jpg 200w, https:\/\/cdn.unasp.br\/unasp-noticias\/2025\/12\/09052658\/talvez-769x450.jpg 769w, https:\/\/cdn.unasp.br\/unasp-noticias\/2025\/12\/09052658\/talvez.jpg 1284w\" sizes=\"(max-width: 1024px) 100vw, 1024px\" \/><figcaption class=\"wp-element-caption\">Antes do jantar, os formandos participaram de um momento de homenagens e orienta\u00e7\u00f5es sobre o fim de semana da Cola\u00e7\u00e3o de Grau. Foto: AICOM<\/figcaption><\/figure>\n\n\n\n<h2 class=\"wp-block-heading\"><strong>Trajet\u00f3ria que marca vidas<\/strong><\/h2>\n\n\n\n<p>Concluir uma gradua\u00e7\u00e3o representa a finaliza\u00e7\u00e3o de uma das etapas mais significativas da vida acad\u00eamica. Para muitos alunos, o caminho at\u00e9 a formatura exigiu dedica\u00e7\u00e3o, ren\u00fancias e supera\u00e7\u00e3o de desafios.<\/p>\n\n\n\n<p>\u201c\u00c9 um momento de realiza\u00e7\u00e3o. Foram 5 anos de ren\u00fancias, com momentos desafiadores, principalmente para pessoas como eu, que entraram na faculdade no in\u00edcio da pandemia. Minha expectativa \u00e9 me sentir realizada no momento em que eu pegar o diploma\u201d, conta Larissa Almeida, formanda do curso de Engenharia Agron\u00f4mica.&nbsp;<\/p>\n\n\n\n<p>Para o coordenador dos cursos de Engenharia Civil e Engenharia de Produ\u00e7\u00e3o, Lucas Barboza, a formatura \u00e9 um momento importante n\u00e3o apenas para os alunos, mas tamb\u00e9m para os professores. \u201cEsse momento demonstra que o esfor\u00e7o valeu a pena, n\u00e3o apenas o esfor\u00e7o de ensinar, mas tamb\u00e9m de cultivar um relacionamento ao longo da jornada. Esse momento \u00e9 um marco muito especial\u201d, afirma o professor.<\/p>\n\n\n\n<figure class=\"wp-block-image size-large\"><img loading=\"lazy\" decoding=\"async\" width=\"1024\" height=\"688\" src=\"https:\/\/cdn.unasp.br\/unasp-noticias\/2025\/12\/09053836\/foto-2-1024x688.jpg\" alt=\"\" class=\"wp-image-106911\" srcset=\"https:\/\/cdn.unasp.br\/unasp-noticias\/2025\/12\/09053836\/foto-2-1024x688.jpg 1024w, https:\/\/cdn.unasp.br\/unasp-noticias\/2025\/12\/09053836\/foto-2-300x202.jpg 300w, https:\/\/cdn.unasp.br\/unasp-noticias\/2025\/12\/09053836\/foto-2-768x516.jpg 768w, https:\/\/cdn.unasp.br\/unasp-noticias\/2025\/12\/09053836\/foto-2-893x600.jpg 893w, https:\/\/cdn.unasp.br\/unasp-noticias\/2025\/12\/09053836\/foto-2-1190x800.jpg 1190w, https:\/\/cdn.unasp.br\/unasp-noticias\/2025\/12\/09053836\/foto-2-1071x720.jpg 1071w, https:\/\/cdn.unasp.br\/unasp-noticias\/2025\/12\/09053836\/foto-2-800x538.jpg 800w, https:\/\/cdn.unasp.br\/unasp-noticias\/2025\/12\/09053836\/foto-2-744x500.jpg 744w, https:\/\/cdn.unasp.br\/unasp-noticias\/2025\/12\/09053836\/foto-2-714x480.jpg 714w, https:\/\/cdn.unasp.br\/unasp-noticias\/2025\/12\/09053836\/foto-2-417x280.jpg 417w, https:\/\/cdn.unasp.br\/unasp-noticias\/2025\/12\/09053836\/foto-2-500x336.jpg 500w, https:\/\/cdn.unasp.br\/unasp-noticias\/2025\/12\/09053836\/foto-2-400x269.jpg 400w, https:\/\/cdn.unasp.br\/unasp-noticias\/2025\/12\/09053836\/foto-2-298x200.jpg 298w, https:\/\/cdn.unasp.br\/unasp-noticias\/2025\/12\/09053836\/foto-2-223x150.jpg 223w, https:\/\/cdn.unasp.br\/unasp-noticias\/2025\/12\/09053836\/foto-2-175x118.jpg 175w, https:\/\/cdn.unasp.br\/unasp-noticias\/2025\/12\/09053836\/foto-2-200x134.jpg 200w, https:\/\/cdn.unasp.br\/unasp-noticias\/2025\/12\/09053836\/foto-2-670x450.jpg 670w, https:\/\/cdn.unasp.br\/unasp-noticias\/2025\/12\/09053836\/foto-2-387x260.jpg 387w, https:\/\/cdn.unasp.br\/unasp-noticias\/2025\/12\/09053836\/foto-2.jpg 1284w\" sizes=\"(max-width: 1024px) 100vw, 1024px\" \/><figcaption class=\"wp-element-caption\">Os alunos celebraram a conclus\u00e3o de um ciclo ao lado dos amigos. Foto: AICOM<\/figcaption><\/figure>\n\n\n\n<h2 class=\"wp-block-heading\"><strong>Compromisso com a forma\u00e7\u00e3o integral<\/strong><\/h2>\n\n\n\n<p>As cerim\u00f4nias de formatura representam um momento especial para os estudantes e para o UNASP. No ano em que a institui\u00e7\u00e3o completa <a href=\"https:\/\/unasp.br\/noticias\/unasp-celebra-110-anos-de-historia-e-vidas-transformadas\/\">110 anos<\/a>, reafirmando seu compromisso com a educa\u00e7\u00e3o integral e a transforma\u00e7\u00e3o de vidas, a conclus\u00e3o da gradua\u00e7\u00e3o simboliza o alcance de um prop\u00f3sito maior.<br><br>\u201cNesse momento, n\u00f3s almejamos ver o aluno entendendo n\u00e3o apenas a parte t\u00e9cnica da forma\u00e7\u00e3o, mas compreendendo seu prop\u00f3sito como ser humano e profissional. Queremos que o estudante entenda o mundo e a raz\u00e3o de estar aqui\u201d, destaca o reitor Martin Kuhn.&nbsp;<\/p>\n\n\n\n<figure class=\"wp-block-gallery has-nested-images columns-default is-cropped wp-block-gallery-2 is-layout-flex wp-block-gallery-is-layout-flex\">\n<figure class=\"wp-block-image size-large\"><img loading=\"lazy\" decoding=\"async\" width=\"682\" height=\"1024\" data-id=\"106907\" src=\"https:\/\/cdn.unasp.br\/unasp-noticias\/2025\/12\/09053254\/foto-5_Easy-Resize.com_-682x1024.jpg\" alt=\"\" class=\"wp-image-106907\" srcset=\"https:\/\/cdn.unasp.br\/unasp-noticias\/2025\/12\/09053254\/foto-5_Easy-Resize.com_-682x1024.jpg 682w, https:\/\/cdn.unasp.br\/unasp-noticias\/2025\/12\/09053254\/foto-5_Easy-Resize.com_-200x300.jpg 200w, https:\/\/cdn.unasp.br\/unasp-noticias\/2025\/12\/09053254\/foto-5_Easy-Resize.com_-768x1152.jpg 768w, https:\/\/cdn.unasp.br\/unasp-noticias\/2025\/12\/09053254\/foto-5_Easy-Resize.com_-400x600.jpg 400w, https:\/\/cdn.unasp.br\/unasp-noticias\/2025\/12\/09053254\/foto-5_Easy-Resize.com_-533x800.jpg 533w, https:\/\/cdn.unasp.br\/unasp-noticias\/2025\/12\/09053254\/foto-5_Easy-Resize.com_-480x720.jpg 480w, https:\/\/cdn.unasp.br\/unasp-noticias\/2025\/12\/09053254\/foto-5_Easy-Resize.com_-333x500.jpg 333w, https:\/\/cdn.unasp.br\/unasp-noticias\/2025\/12\/09053254\/foto-5_Easy-Resize.com_-320x480.jpg 320w, https:\/\/cdn.unasp.br\/unasp-noticias\/2025\/12\/09053254\/foto-5_Easy-Resize.com_-187x280.jpg 187w, https:\/\/cdn.unasp.br\/unasp-noticias\/2025\/12\/09053254\/foto-5_Easy-Resize.com_-267x400.jpg 267w, https:\/\/cdn.unasp.br\/unasp-noticias\/2025\/12\/09053254\/foto-5_Easy-Resize.com_-133x200.jpg 133w, https:\/\/cdn.unasp.br\/unasp-noticias\/2025\/12\/09053254\/foto-5_Easy-Resize.com_-100x150.jpg 100w, https:\/\/cdn.unasp.br\/unasp-noticias\/2025\/12\/09053254\/foto-5_Easy-Resize.com_-175x263.jpg 175w, https:\/\/cdn.unasp.br\/unasp-noticias\/2025\/12\/09053254\/foto-5_Easy-Resize.com_-300x450.jpg 300w, https:\/\/cdn.unasp.br\/unasp-noticias\/2025\/12\/09053254\/foto-5_Easy-Resize.com_-173x260.jpg 173w, https:\/\/cdn.unasp.br\/unasp-noticias\/2025\/12\/09053254\/foto-5_Easy-Resize.com_.jpg 853w\" sizes=\"(max-width: 682px) 100vw, 682px\" \/><\/figure>\n\n\n\n<figure class=\"wp-block-image size-large\"><img loading=\"lazy\" decoding=\"async\" width=\"682\" height=\"1024\" data-id=\"106908\" src=\"https:\/\/cdn.unasp.br\/unasp-noticias\/2025\/12\/09053334\/54972531008_a82d6f5b38_o_Easy-Resize.com_-682x1024.jpg\" alt=\"\" class=\"wp-image-106908\" srcset=\"https:\/\/cdn.unasp.br\/unasp-noticias\/2025\/12\/09053334\/54972531008_a82d6f5b38_o_Easy-Resize.com_-682x1024.jpg 682w, https:\/\/cdn.unasp.br\/unasp-noticias\/2025\/12\/09053334\/54972531008_a82d6f5b38_o_Easy-Resize.com_-200x300.jpg 200w, https:\/\/cdn.unasp.br\/unasp-noticias\/2025\/12\/09053334\/54972531008_a82d6f5b38_o_Easy-Resize.com_-768x1152.jpg 768w, https:\/\/cdn.unasp.br\/unasp-noticias\/2025\/12\/09053334\/54972531008_a82d6f5b38_o_Easy-Resize.com_-400x600.jpg 400w, https:\/\/cdn.unasp.br\/unasp-noticias\/2025\/12\/09053334\/54972531008_a82d6f5b38_o_Easy-Resize.com_-533x800.jpg 533w, https:\/\/cdn.unasp.br\/unasp-noticias\/2025\/12\/09053334\/54972531008_a82d6f5b38_o_Easy-Resize.com_-480x720.jpg 480w, https:\/\/cdn.unasp.br\/unasp-noticias\/2025\/12\/09053334\/54972531008_a82d6f5b38_o_Easy-Resize.com_-333x500.jpg 333w, https:\/\/cdn.unasp.br\/unasp-noticias\/2025\/12\/09053334\/54972531008_a82d6f5b38_o_Easy-Resize.com_-320x480.jpg 320w, https:\/\/cdn.unasp.br\/unasp-noticias\/2025\/12\/09053334\/54972531008_a82d6f5b38_o_Easy-Resize.com_-187x280.jpg 187w, https:\/\/cdn.unasp.br\/unasp-noticias\/2025\/12\/09053334\/54972531008_a82d6f5b38_o_Easy-Resize.com_-267x400.jpg 267w, https:\/\/cdn.unasp.br\/unasp-noticias\/2025\/12\/09053334\/54972531008_a82d6f5b38_o_Easy-Resize.com_-133x200.jpg 133w, https:\/\/cdn.unasp.br\/unasp-noticias\/2025\/12\/09053334\/54972531008_a82d6f5b38_o_Easy-Resize.com_-100x150.jpg 100w, https:\/\/cdn.unasp.br\/unasp-noticias\/2025\/12\/09053334\/54972531008_a82d6f5b38_o_Easy-Resize.com_-175x263.jpg 175w, https:\/\/cdn.unasp.br\/unasp-noticias\/2025\/12\/09053334\/54972531008_a82d6f5b38_o_Easy-Resize.com_-300x450.jpg 300w, https:\/\/cdn.unasp.br\/unasp-noticias\/2025\/12\/09053334\/54972531008_a82d6f5b38_o_Easy-Resize.com_-173x260.jpg 173w, https:\/\/cdn.unasp.br\/unasp-noticias\/2025\/12\/09053334\/54972531008_a82d6f5b38_o_Easy-Resize.com_.jpg 853w\" sizes=\"(max-width: 682px) 100vw, 682px\" \/><\/figure>\n<figcaption class=\"blocks-gallery-caption wp-element-caption\">A programa\u00e7\u00e3o contou com apresenta\u00e7\u00f5es musicais do Novo Tom e uma mensagem especial do Reitor. Fotos: AICOM<\/figcaption><\/figure>\n","protected":false},"excerpt":{"rendered":"<p>O UNASP campus Engenheiro Coelho est\u00e1 formando mais de 360 profissionais de diversas \u00e1reas em 2025. <\/p>\n","protected":false},"author":71,"featured_media":106906,"comment_status":"closed","ping_status":"open","sticky":false,"template":"","format":"standard","meta":{"footnotes":""},"categories":[1846],"tags":[585,273,292,60],"yoast_head":"<!-- This site is optimized with the Yoast SEO plugin v23.5 - https:\/\/yoast.com\/wordpress\/plugins\/seo\/ -->\n<title>UNASP celebra formatura com jantar de gala para alunos e professores\u00a0 - UNASP Noticias<\/title>\n<meta name=\"description\" content=\"O UNASP campus Engenheiro Coelho realizou, na noite desta segunda-feira (9), o tradicional jantar de formatura do Ensino Superior. A programa\u00e7\u00e3o marcou o in\u00edcio oficial das cerim\u00f4nias de conclus\u00e3o de curso e celebrou o t\u00e9rmino da jornada acad\u00eamica dos formandos.\" \/>\n<meta name=\"robots\" content=\"index, follow, max-snippet:-1, max-image-preview:large, max-video-preview:-1\" \/>\n<link rel=\"canonical\" href=\"https:\/\/unasp.br\/noticias\/unasp-celebra-formatura-com-jantar-de-gala-para-alunos-e-professores\/\" \/>\n<meta property=\"og:locale\" content=\"pt_BR\" \/>\n<meta property=\"og:type\" content=\"article\" \/>\n<meta property=\"og:title\" content=\"UNASP celebra formatura com jantar de gala para alunos e professores\u00a0 - UNASP Noticias\" \/>\n<meta property=\"og:description\" content=\"O UNASP campus Engenheiro Coelho realizou, na noite desta segunda-feira (9), o tradicional jantar de formatura do Ensino Superior. A programa\u00e7\u00e3o marcou o in\u00edcio oficial das cerim\u00f4nias de conclus\u00e3o de curso e celebrou o t\u00e9rmino da jornada acad\u00eamica dos formandos.\" \/>\n<meta property=\"og:url\" content=\"https:\/\/unasp.br\/noticias\/unasp-celebra-formatura-com-jantar-de-gala-para-alunos-e-professores\/\" \/>\n<meta property=\"og:site_name\" content=\"UNASP Noticias\" \/>\n<meta property=\"article:published_time\" content=\"2025-12-09T11:45:20+00:00\" \/>\n<meta property=\"article:modified_time\" content=\"2025-12-09T12:06:32+00:00\" \/>\n<meta property=\"og:image\" content=\"https:\/\/cdn.unasp.br\/unasp-noticias\/2025\/12\/09052658\/talvez.jpg\" \/>\n\t<meta property=\"og:image:width\" content=\"1284\" \/>\n\t<meta property=\"og:image:height\" content=\"751\" \/>\n\t<meta property=\"og:image:type\" content=\"image\/jpeg\" \/>\n<meta name=\"author\" content=\"Victor Henrique Bernardo\" \/>\n<meta name=\"twitter:card\" content=\"summary_large_image\" \/>\n<meta name=\"twitter:label1\" content=\"Escrito por\" \/>\n\t<meta name=\"twitter:data1\" content=\"Victor Henrique Bernardo\" \/>\n\t<meta name=\"twitter:label2\" content=\"Est. tempo de leitura\" \/>\n\t<meta name=\"twitter:data2\" content=\"4 minutos\" \/>\n<script type=\"application\/ld+json\" class=\"yoast-schema-graph\">{\"@context\":\"https:\/\/schema.org\",\"@graph\":[{\"@type\":\"Article\",\"@id\":\"https:\/\/unasp.br\/noticias\/unasp-celebra-formatura-com-jantar-de-gala-para-alunos-e-professores\/#article\",\"isPartOf\":{\"@id\":\"https:\/\/unasp.br\/noticias\/unasp-celebra-formatura-com-jantar-de-gala-para-alunos-e-professores\/\"},\"author\":{\"name\":\"Victor Henrique Bernardo\",\"@id\":\"https:\/\/unasp.br\/noticias\/#\/schema\/person\/62662c136703f2dc05b840af5b1e406e\"},\"headline\":\"UNASP celebra formatura com jantar de gala para alunos e professores\u00a0\",\"datePublished\":\"2025-12-09T11:45:20+00:00\",\"dateModified\":\"2025-12-09T12:06:32+00:00\",\"mainEntityOfPage\":{\"@id\":\"https:\/\/unasp.br\/noticias\/unasp-celebra-formatura-com-jantar-de-gala-para-alunos-e-professores\/\"},\"wordCount\":445,\"publisher\":{\"@id\":\"https:\/\/unasp.br\/noticias\/#organization\"},\"image\":{\"@id\":\"https:\/\/unasp.br\/noticias\/unasp-celebra-formatura-com-jantar-de-gala-para-alunos-e-professores\/#primaryimage\"},\"thumbnailUrl\":\"https:\/\/cdn.unasp.br\/unasp-noticias\/2025\/12\/09052658\/talvez.jpg\",\"keywords\":[\"Engenheiro Coelho\",\"Formatura\",\"Gradua\u00e7\u00e3o\",\"UNASP\"],\"articleSection\":[\"Formaturas\"],\"inLanguage\":\"pt-BR\"},{\"@type\":\"WebPage\",\"@id\":\"https:\/\/unasp.br\/noticias\/unasp-celebra-formatura-com-jantar-de-gala-para-alunos-e-professores\/\",\"url\":\"https:\/\/unasp.br\/noticias\/unasp-celebra-formatura-com-jantar-de-gala-para-alunos-e-professores\/\",\"name\":\"UNASP celebra formatura com jantar de gala para alunos e professores\u00a0 - UNASP Noticias\",\"isPartOf\":{\"@id\":\"https:\/\/unasp.br\/noticias\/#website\"},\"primaryImageOfPage\":{\"@id\":\"https:\/\/unasp.br\/noticias\/unasp-celebra-formatura-com-jantar-de-gala-para-alunos-e-professores\/#primaryimage\"},\"image\":{\"@id\":\"https:\/\/unasp.br\/noticias\/unasp-celebra-formatura-com-jantar-de-gala-para-alunos-e-professores\/#primaryimage\"},\"thumbnailUrl\":\"https:\/\/cdn.unasp.br\/unasp-noticias\/2025\/12\/09052658\/talvez.jpg\",\"datePublished\":\"2025-12-09T11:45:20+00:00\",\"dateModified\":\"2025-12-09T12:06:32+00:00\",\"description\":\"O UNASP campus Engenheiro Coelho realizou, na noite desta segunda-feira (9), o tradicional jantar de formatura do Ensino Superior. A programa\u00e7\u00e3o marcou o in\u00edcio oficial das cerim\u00f4nias de conclus\u00e3o de curso e celebrou o t\u00e9rmino da jornada acad\u00eamica dos formandos.\",\"breadcrumb\":{\"@id\":\"https:\/\/unasp.br\/noticias\/unasp-celebra-formatura-com-jantar-de-gala-para-alunos-e-professores\/#breadcrumb\"},\"inLanguage\":\"pt-BR\",\"potentialAction\":[{\"@type\":\"ReadAction\",\"target\":[\"https:\/\/unasp.br\/noticias\/unasp-celebra-formatura-com-jantar-de-gala-para-alunos-e-professores\/\"]}]},{\"@type\":\"ImageObject\",\"inLanguage\":\"pt-BR\",\"@id\":\"https:\/\/unasp.br\/noticias\/unasp-celebra-formatura-com-jantar-de-gala-para-alunos-e-professores\/#primaryimage\",\"url\":\"https:\/\/cdn.unasp.br\/unasp-noticias\/2025\/12\/09052658\/talvez.jpg\",\"contentUrl\":\"https:\/\/cdn.unasp.br\/unasp-noticias\/2025\/12\/09052658\/talvez.jpg\",\"width\":1284,\"height\":751,\"caption\":\"Screenshot\"},{\"@type\":\"BreadcrumbList\",\"@id\":\"https:\/\/unasp.br\/noticias\/unasp-celebra-formatura-com-jantar-de-gala-para-alunos-e-professores\/#breadcrumb\",\"itemListElement\":[{\"@type\":\"ListItem\",\"position\":1,\"name\":\"In\u00edcio\",\"item\":\"https:\/\/unasp.br\/noticias\/\"},{\"@type\":\"ListItem\",\"position\":2,\"name\":\"UNASP celebra formatura com jantar de gala para alunos e professores\u00a0\"}]},{\"@type\":\"WebSite\",\"@id\":\"https:\/\/unasp.br\/noticias\/#website\",\"url\":\"https:\/\/unasp.br\/noticias\/\",\"name\":\"UNASP Noticias\",\"description\":\"Centro Universit\u00e1rio Adventista de S\u00e3o Paulo\",\"publisher\":{\"@id\":\"https:\/\/unasp.br\/noticias\/#organization\"},\"potentialAction\":[{\"@type\":\"SearchAction\",\"target\":{\"@type\":\"EntryPoint\",\"urlTemplate\":\"https:\/\/unasp.br\/noticias\/?s={search_term_string}\"},\"query-input\":{\"@type\":\"PropertyValueSpecification\",\"valueRequired\":true,\"valueName\":\"search_term_string\"}}],\"inLanguage\":\"pt-BR\"},{\"@type\":\"Organization\",\"@id\":\"https:\/\/unasp.br\/noticias\/#organization\",\"name\":\"UNASP Noticias\",\"url\":\"https:\/\/unasp.br\/noticias\/\",\"logo\":{\"@type\":\"ImageObject\",\"inLanguage\":\"pt-BR\",\"@id\":\"https:\/\/unasp.br\/noticias\/#\/schema\/logo\/image\/\",\"url\":\"https:\/\/cdn.unasp.br\/noticias\/wp-content\/uploads\/2021\/09\/09152724\/logo-unasp-news.png\",\"contentUrl\":\"https:\/\/cdn.unasp.br\/noticias\/wp-content\/uploads\/2021\/09\/09152724\/logo-unasp-news.png\",\"width\":240,\"height\":41,\"caption\":\"UNASP Noticias\"},\"image\":{\"@id\":\"https:\/\/unasp.br\/noticias\/#\/schema\/logo\/image\/\"}},{\"@type\":\"Person\",\"@id\":\"https:\/\/unasp.br\/noticias\/#\/schema\/person\/62662c136703f2dc05b840af5b1e406e\",\"name\":\"Victor Henrique Bernardo\",\"image\":{\"@type\":\"ImageObject\",\"inLanguage\":\"pt-BR\",\"@id\":\"https:\/\/unasp.br\/noticias\/#\/schema\/person\/image\/\",\"url\":\"https:\/\/secure.gravatar.com\/avatar\/b4fb78414cbc01263cfe6fc3c4c9b647?s=96&d=mm&r=g\",\"contentUrl\":\"https:\/\/secure.gravatar.com\/avatar\/b4fb78414cbc01263cfe6fc3c4c9b647?s=96&d=mm&r=g\",\"caption\":\"Victor Henrique Bernardo\"},\"url\":\"https:\/\/unasp.br\/noticias\/author\/victor-bernardoadventistas-org\/\"}]}<\/script>\n<!-- \/ Yoast SEO plugin. -->","yoast_head_json":{"title":"UNASP celebra formatura com jantar de gala para alunos e professores\u00a0 - UNASP Noticias","description":"O UNASP campus Engenheiro Coelho realizou, na noite desta segunda-feira (9), o tradicional jantar de formatura do Ensino Superior. A programa\u00e7\u00e3o marcou o in\u00edcio oficial das cerim\u00f4nias de conclus\u00e3o de curso e celebrou o t\u00e9rmino da jornada acad\u00eamica dos formandos.","robots":{"index":"index","follow":"follow","max-snippet":"max-snippet:-1","max-image-preview":"max-image-preview:large","max-video-preview":"max-video-preview:-1"},"canonical":"https:\/\/unasp.br\/noticias\/unasp-celebra-formatura-com-jantar-de-gala-para-alunos-e-professores\/","og_locale":"pt_BR","og_type":"article","og_title":"UNASP celebra formatura com jantar de gala para alunos e professores\u00a0 - UNASP Noticias","og_description":"O UNASP campus Engenheiro Coelho realizou, na noite desta segunda-feira (9), o tradicional jantar de formatura do Ensino Superior. A programa\u00e7\u00e3o marcou o in\u00edcio oficial das cerim\u00f4nias de conclus\u00e3o de curso e celebrou o t\u00e9rmino da jornada acad\u00eamica dos formandos.","og_url":"https:\/\/unasp.br\/noticias\/unasp-celebra-formatura-com-jantar-de-gala-para-alunos-e-professores\/","og_site_name":"UNASP Noticias","article_published_time":"2025-12-09T11:45:20+00:00","article_modified_time":"2025-12-09T12:06:32+00:00","og_image":[{"width":1284,"height":751,"url":"https:\/\/cdn.unasp.br\/unasp-noticias\/2025\/12\/09052658\/talvez.jpg","type":"image\/jpeg"}],"author":"Victor Henrique Bernardo","twitter_card":"summary_large_image","twitter_misc":{"Escrito por":"Victor Henrique Bernardo","Est. tempo de leitura":"4 minutos"},"schema":{"@context":"https:\/\/schema.org","@graph":[{"@type":"Article","@id":"https:\/\/unasp.br\/noticias\/unasp-celebra-formatura-com-jantar-de-gala-para-alunos-e-professores\/#article","isPartOf":{"@id":"https:\/\/unasp.br\/noticias\/unasp-celebra-formatura-com-jantar-de-gala-para-alunos-e-professores\/"},"author":{"name":"Victor Henrique Bernardo","@id":"https:\/\/unasp.br\/noticias\/#\/schema\/person\/62662c136703f2dc05b840af5b1e406e"},"headline":"UNASP celebra formatura com jantar de gala para alunos e professores\u00a0","datePublished":"2025-12-09T11:45:20+00:00","dateModified":"2025-12-09T12:06:32+00:00","mainEntityOfPage":{"@id":"https:\/\/unasp.br\/noticias\/unasp-celebra-formatura-com-jantar-de-gala-para-alunos-e-professores\/"},"wordCount":445,"publisher":{"@id":"https:\/\/unasp.br\/noticias\/#organization"},"image":{"@id":"https:\/\/unasp.br\/noticias\/unasp-celebra-formatura-com-jantar-de-gala-para-alunos-e-professores\/#primaryimage"},"thumbnailUrl":"https:\/\/cdn.unasp.br\/unasp-noticias\/2025\/12\/09052658\/talvez.jpg","keywords":["Engenheiro Coelho","Formatura","Gradua\u00e7\u00e3o","UNASP"],"articleSection":["Formaturas"],"inLanguage":"pt-BR"},{"@type":"WebPage","@id":"https:\/\/unasp.br\/noticias\/unasp-celebra-formatura-com-jantar-de-gala-para-alunos-e-professores\/","url":"https:\/\/unasp.br\/noticias\/unasp-celebra-formatura-com-jantar-de-gala-para-alunos-e-professores\/","name":"UNASP celebra formatura com jantar de gala para alunos e professores\u00a0 - UNASP Noticias","isPartOf":{"@id":"https:\/\/unasp.br\/noticias\/#website"},"primaryImageOfPage":{"@id":"https:\/\/unasp.br\/noticias\/unasp-celebra-formatura-com-jantar-de-gala-para-alunos-e-professores\/#primaryimage"},"image":{"@id":"https:\/\/unasp.br\/noticias\/unasp-celebra-formatura-com-jantar-de-gala-para-alunos-e-professores\/#primaryimage"},"thumbnailUrl":"https:\/\/cdn.unasp.br\/unasp-noticias\/2025\/12\/09052658\/talvez.jpg","datePublished":"2025-12-09T11:45:20+00:00","dateModified":"2025-12-09T12:06:32+00:00","description":"O UNASP campus Engenheiro Coelho realizou, na noite desta segunda-feira (9), o tradicional jantar de formatura do Ensino Superior. A programa\u00e7\u00e3o marcou o in\u00edcio oficial das cerim\u00f4nias de conclus\u00e3o de curso e celebrou o t\u00e9rmino da jornada acad\u00eamica dos formandos.","breadcrumb":{"@id":"https:\/\/unasp.br\/noticias\/unasp-celebra-formatura-com-jantar-de-gala-para-alunos-e-professores\/#breadcrumb"},"inLanguage":"pt-BR","potentialAction":[{"@type":"ReadAction","target":["https:\/\/unasp.br\/noticias\/unasp-celebra-formatura-com-jantar-de-gala-para-alunos-e-professores\/"]}]},{"@type":"ImageObject","inLanguage":"pt-BR","@id":"https:\/\/unasp.br\/noticias\/unasp-celebra-formatura-com-jantar-de-gala-para-alunos-e-professores\/#primaryimage","url":"https:\/\/cdn.unasp.br\/unasp-noticias\/2025\/12\/09052658\/talvez.jpg","contentUrl":"https:\/\/cdn.unasp.br\/unasp-noticias\/2025\/12\/09052658\/talvez.jpg","width":1284,"height":751,"caption":"Screenshot"},{"@type":"BreadcrumbList","@id":"https:\/\/unasp.br\/noticias\/unasp-celebra-formatura-com-jantar-de-gala-para-alunos-e-professores\/#breadcrumb","itemListElement":[{"@type":"ListItem","position":1,"name":"In\u00edcio","item":"https:\/\/unasp.br\/noticias\/"},{"@type":"ListItem","position":2,"name":"UNASP celebra formatura com jantar de gala para alunos e professores\u00a0"}]},{"@type":"WebSite","@id":"https:\/\/unasp.br\/noticias\/#website","url":"https:\/\/unasp.br\/noticias\/","name":"UNASP Noticias","description":"Centro Universit\u00e1rio Adventista de S\u00e3o Paulo","publisher":{"@id":"https:\/\/unasp.br\/noticias\/#organization"},"potentialAction":[{"@type":"SearchAction","target":{"@type":"EntryPoint","urlTemplate":"https:\/\/unasp.br\/noticias\/?s={search_term_string}"},"query-input":{"@type":"PropertyValueSpecification","valueRequired":true,"valueName":"search_term_string"}}],"inLanguage":"pt-BR"},{"@type":"Organization","@id":"https:\/\/unasp.br\/noticias\/#organization","name":"UNASP Noticias","url":"https:\/\/unasp.br\/noticias\/","logo":{"@type":"ImageObject","inLanguage":"pt-BR","@id":"https:\/\/unasp.br\/noticias\/#\/schema\/logo\/image\/","url":"https:\/\/cdn.unasp.br\/noticias\/wp-content\/uploads\/2021\/09\/09152724\/logo-unasp-news.png","contentUrl":"https:\/\/cdn.unasp.br\/noticias\/wp-content\/uploads\/2021\/09\/09152724\/logo-unasp-news.png","width":240,"height":41,"caption":"UNASP Noticias"},"image":{"@id":"https:\/\/unasp.br\/noticias\/#\/schema\/logo\/image\/"}},{"@type":"Person","@id":"https:\/\/unasp.br\/noticias\/#\/schema\/person\/62662c136703f2dc05b840af5b1e406e","name":"Victor Henrique Bernardo","image":{"@type":"ImageObject","inLanguage":"pt-BR","@id":"https:\/\/unasp.br\/noticias\/#\/schema\/person\/image\/","url":"https:\/\/secure.gravatar.com\/avatar\/b4fb78414cbc01263cfe6fc3c4c9b647?s=96&d=mm&r=g","contentUrl":"https:\/\/secure.gravatar.com\/avatar\/b4fb78414cbc01263cfe6fc3c4c9b647?s=96&d=mm&r=g","caption":"Victor Henrique Bernardo"},"url":"https:\/\/unasp.br\/noticias\/author\/victor-bernardoadventistas-org\/"}]}},"_links":{"self":[{"href":"https:\/\/unasp.br\/noticias\/wp-json\/wp\/v2\/posts\/106870"}],"collection":[{"href":"https:\/\/unasp.br\/noticias\/wp-json\/wp\/v2\/posts"}],"about":[{"href":"https:\/\/unasp.br\/noticias\/wp-json\/wp\/v2\/types\/post"}],"author":[{"embeddable":true,"href":"https:\/\/unasp.br\/noticias\/wp-json\/wp\/v2\/users\/71"}],"replies":[{"embeddable":true,"href":"https:\/\/unasp.br\/noticias\/wp-json\/wp\/v2\/comments?post=106870"}],"version-history":[{"count":7,"href":"https:\/\/unasp.br\/noticias\/wp-json\/wp\/v2\/posts\/106870\/revisions"}],"predecessor-version":[{"id":106922,"href":"https:\/\/unasp.br\/noticias\/wp-json\/wp\/v2\/posts\/106870\/revisions\/106922"}],"wp:featuredmedia":[{"embeddable":true,"href":"https:\/\/unasp.br\/noticias\/wp-json\/wp\/v2\/media\/106906"}],"wp:attachment":[{"href":"https:\/\/unasp.br\/noticias\/wp-json\/wp\/v2\/media?parent=106870"}],"wp:term":[{"taxonomy":"category","embeddable":true,"href":"https:\/\/unasp.br\/noticias\/wp-json\/wp\/v2\/categories?post=106870"},{"taxonomy":"post_tag","embeddable":true,"href":"https:\/\/unasp.br\/noticias\/wp-json\/wp\/v2\/tags?post=106870"}],"curies":[{"name":"wp","href":"https:\/\/api.w.org\/{rel}","templated":true}]}}