{"id":107006,"date":"2025-12-14T15:27:16","date_gmt":"2025-12-14T18:27:16","guid":{"rendered":"https:\/\/unasp.br\/noticias\/?p=107006"},"modified":"2025-12-14T18:32:28","modified_gmt":"2025-12-14T21:32:28","slug":"curso-de-arquitetura-e-urbanismo-do-unasp-campus-engenheiro-coelho-celebra-formatura","status":"publish","type":"post","link":"https:\/\/unasp.br\/noticias\/curso-de-arquitetura-e-urbanismo-do-unasp-campus-engenheiro-coelho-celebra-formatura\/","title":{"rendered":"Curso de Arquitetura e Urbanismo do UNASP campus Engenheiro Coelho celebra formatura"},"content":{"rendered":"\n<p>O UNASP <a href=\"https:\/\/www.instagram.com\/unaspec\/\">campus Engenheiro Coelho<\/a> realizou neste domingo (14), \u00e0s 14h, a cerim\u00f4nia de cola\u00e7\u00e3o de grau do curso de Arquitetura e Urbanismo. Um dia antes da data comemorativa da profiss\u00e3o no Brasil, os formandos celebraram suas conquistas e se alegraram com as novas oportunidades no mercado de trabalho.<\/p>\n\n\n\n<p>A coordenadora do curso, professora Mayara Christy, conta que o que mais a emociona ao ver a turma chegar \u00e0 formatura \u00e9 a certeza de que a equipe docente p\u00f4de participar e contribuir para a forma\u00e7\u00e3o de cada estudante. \u201cEscolher uma carreira \u00e9 algo que vai delinear e orientar toda a caminhada de uma pessoa, e ter feito parte desse processo \u00e9 profundamente significativo\u201d, destaca.<\/p>\n\n\n\n<figure class=\"wp-block-image size-large\"><img loading=\"lazy\" decoding=\"async\" width=\"1024\" height=\"682\" src=\"https:\/\/cdn.unasp.br\/unasp-noticias\/2025\/12\/14120114\/DSC08950_Easy-Resize.com_-1024x682.jpg\" alt=\"\" class=\"wp-image-107288\" srcset=\"https:\/\/cdn.unasp.br\/unasp-noticias\/2025\/12\/14120114\/DSC08950_Easy-Resize.com_-1024x682.jpg 1024w, https:\/\/cdn.unasp.br\/unasp-noticias\/2025\/12\/14120114\/DSC08950_Easy-Resize.com_-300x200.jpg 300w, https:\/\/cdn.unasp.br\/unasp-noticias\/2025\/12\/14120114\/DSC08950_Easy-Resize.com_-768x512.jpg 768w, https:\/\/cdn.unasp.br\/unasp-noticias\/2025\/12\/14120114\/DSC08950_Easy-Resize.com_-900x600.jpg 900w, https:\/\/cdn.unasp.br\/unasp-noticias\/2025\/12\/14120114\/DSC08950_Easy-Resize.com_-1200x800.jpg 1200w, https:\/\/cdn.unasp.br\/unasp-noticias\/2025\/12\/14120114\/DSC08950_Easy-Resize.com_-1080x720.jpg 1080w, https:\/\/cdn.unasp.br\/unasp-noticias\/2025\/12\/14120114\/DSC08950_Easy-Resize.com_-800x533.jpg 800w, https:\/\/cdn.unasp.br\/unasp-noticias\/2025\/12\/14120114\/DSC08950_Easy-Resize.com_-750x500.jpg 750w, https:\/\/cdn.unasp.br\/unasp-noticias\/2025\/12\/14120114\/DSC08950_Easy-Resize.com_-720x480.jpg 720w, https:\/\/cdn.unasp.br\/unasp-noticias\/2025\/12\/14120114\/DSC08950_Easy-Resize.com_-420x280.jpg 420w, https:\/\/cdn.unasp.br\/unasp-noticias\/2025\/12\/14120114\/DSC08950_Easy-Resize.com_-500x333.jpg 500w, https:\/\/cdn.unasp.br\/unasp-noticias\/2025\/12\/14120114\/DSC08950_Easy-Resize.com_-400x267.jpg 400w, https:\/\/cdn.unasp.br\/unasp-noticias\/2025\/12\/14120114\/DSC08950_Easy-Resize.com_-225x150.jpg 225w, https:\/\/cdn.unasp.br\/unasp-noticias\/2025\/12\/14120114\/DSC08950_Easy-Resize.com_-175x117.jpg 175w, https:\/\/cdn.unasp.br\/unasp-noticias\/2025\/12\/14120114\/DSC08950_Easy-Resize.com_-200x133.jpg 200w, https:\/\/cdn.unasp.br\/unasp-noticias\/2025\/12\/14120114\/DSC08950_Easy-Resize.com_-675x450.jpg 675w, https:\/\/cdn.unasp.br\/unasp-noticias\/2025\/12\/14120114\/DSC08950_Easy-Resize.com_-390x260.jpg 390w, https:\/\/cdn.unasp.br\/unasp-noticias\/2025\/12\/14120114\/DSC08950_Easy-Resize.com_.jpg 1280w\" sizes=\"(max-width: 1024px) 100vw, 1024px\" \/><figcaption class=\"wp-element-caption\">Alunos do curso de Arquitetura e Urbanismo participam da solenidade.<\/figcaption><\/figure>\n\n\n\n<h2 class=\"wp-block-heading\"><strong>Pandemia e resili\u00eancia<\/strong><\/h2>\n\n\n\n<p>O formando Pedro Reis compartilha que sempre recebeu incentivo para seguir seus sonhos. Desde crian\u00e7a, seus av\u00f3s o estimularam tanto na \u00e1rea art\u00edstica quanto na constru\u00e7\u00e3o civil. Por sempre ter estudado na rede adventista, trabalhado como menor aprendiz e ter pais que tamb\u00e9m atuam na institui\u00e7\u00e3o, o UNASP sempre fez parte das conversas e se tornou um sonho desde a adolesc\u00eancia.<\/p>\n\n\n\n<p>Ap\u00f3s concluir o ensino m\u00e9dio, ainda durante a pandemia, Pedro conquistou uma bolsa de estudos para cursar Arquitetura e Urbanismo e morar no campus como aluno residente. \u201cVivi momentos intensos: pandemia, trabalho, amizades, oportunidades, aprendizados \u00fanicos e um grande amadurecimento pessoal\u201d, relata.<\/p>\n\n\n\n<p>Mayara explica que a turma percorreu uma trajet\u00f3ria marcada por desafios singulares devido ao COVID-19. As disciplinas de base e de fundamenta\u00e7\u00e3o foram ofertadas online, e s\u00f3 posteriormente a turma p\u00f4de vivenciar o ensino presencial. \u201cEssa transi\u00e7\u00e3o certamente influenciou sua forma\u00e7\u00e3o e exigiu ainda mais resili\u00eancia, dedica\u00e7\u00e3o e maturidade e isso moldou quem eles se tornaram\u201d, garante.<br><br>Jam Karla, natural de Goi\u00e1s, sonhava em estudar no UNASP desde que conheceu a institui\u00e7\u00e3o por meio de colportores. At\u00e9 ent\u00e3o, o que parecia um sonho distante, tornou-se realidade quando se mudou para Engenheiro Coelho. Ap\u00f3s um per\u00edodo trabalhando, conseguiu uma bolsa para residir no campus e, mais tarde, tornou-se colaboradora.<\/p>\n\n\n\n<p>J\u00e1 a escolha do curso veio da influ\u00eancia do pai, que trabalhava com constru\u00e7\u00e3o. A conviv\u00eancia com esse universo despertou nela um carinho especial pela \u00e1rea. Por isso, formar-se no UNASP e em Arquitetura e Urbanismo \u00e9 uma emo\u00e7\u00e3o que n\u00e3o cabe no peito.\u201cA formatura, para mim, \u00e9 como um abra\u00e7o de Deus dizendo: filha, voc\u00ea conseguiu\u201d.<\/p>\n\n\n\n<h2 class=\"wp-block-heading\"><strong>Conviv\u00eancia e pr\u00e1tica<\/strong><\/h2>\n\n\n\n<p>Ao longo dos cinco anos de gradua\u00e7\u00e3o, Pedro e Jam compartilham da visao de que o UNASP representA muito mais do que forma\u00e7\u00e3o acad\u00eamica, pois fez amizades que levar\u00e1 para a vida, tanto <a href=\"https:\/\/unasp.br\/blog\/o-que-nao-te-contaram-sobre-arquitetura-e-urbanismo\/\">companheiros de profiss\u00e3o<\/a> quanto futuros s\u00f3cios e parceiros&nbsp; foram as pessoas e os encontros que a acolheram nos momentos dif\u00edceis. Os professores, os projetos e at\u00e9 os desafios contribu\u00edram para seu crescimento, pois a fortaleceram e&nbsp;ampliaram sua vis\u00e3o sobre a profiss\u00e3o e sobre a vida.<\/p>\n\n\n\n<p>Ao longo dos anos de gradua\u00e7\u00e3o, Pedro e Jam compartilham a vis\u00e3o de que o UNASP foi muito al\u00e9m da forma\u00e7\u00e3o acad\u00eamica. Isso porque eles constru\u00edram amizades para a vida, professores que os acolheram e projetos que contribu\u00edram para o crescimento pessoal por meio da&nbsp; empresa de pr\u00e1ticas profissionais do curso, o <a href=\"https:\/\/www.instagram.com\/archset_\/\">ArchSet<\/a> . \u201cE foi aqui tamb\u00e9m que conheci a minha namorada, algu\u00e9m muito especial com quem pretendo construir uma vida ao meu lado\u201d, conta Reis.<\/p>\n\n\n\n<figure class=\"wp-block-image size-large\"><img loading=\"lazy\" decoding=\"async\" width=\"1024\" height=\"682\" src=\"https:\/\/cdn.unasp.br\/unasp-noticias\/2025\/12\/14122402\/DSC08991_Easy-Resize.com_-1024x682.jpg\" alt=\"\" class=\"wp-image-107299\" srcset=\"https:\/\/cdn.unasp.br\/unasp-noticias\/2025\/12\/14122402\/DSC08991_Easy-Resize.com_-1024x682.jpg 1024w, https:\/\/cdn.unasp.br\/unasp-noticias\/2025\/12\/14122402\/DSC08991_Easy-Resize.com_-300x200.jpg 300w, https:\/\/cdn.unasp.br\/unasp-noticias\/2025\/12\/14122402\/DSC08991_Easy-Resize.com_-768x512.jpg 768w, https:\/\/cdn.unasp.br\/unasp-noticias\/2025\/12\/14122402\/DSC08991_Easy-Resize.com_-900x600.jpg 900w, https:\/\/cdn.unasp.br\/unasp-noticias\/2025\/12\/14122402\/DSC08991_Easy-Resize.com_-1200x800.jpg 1200w, https:\/\/cdn.unasp.br\/unasp-noticias\/2025\/12\/14122402\/DSC08991_Easy-Resize.com_-1080x720.jpg 1080w, https:\/\/cdn.unasp.br\/unasp-noticias\/2025\/12\/14122402\/DSC08991_Easy-Resize.com_-800x533.jpg 800w, https:\/\/cdn.unasp.br\/unasp-noticias\/2025\/12\/14122402\/DSC08991_Easy-Resize.com_-750x500.jpg 750w, https:\/\/cdn.unasp.br\/unasp-noticias\/2025\/12\/14122402\/DSC08991_Easy-Resize.com_-720x480.jpg 720w, https:\/\/cdn.unasp.br\/unasp-noticias\/2025\/12\/14122402\/DSC08991_Easy-Resize.com_-420x280.jpg 420w, https:\/\/cdn.unasp.br\/unasp-noticias\/2025\/12\/14122402\/DSC08991_Easy-Resize.com_-500x333.jpg 500w, https:\/\/cdn.unasp.br\/unasp-noticias\/2025\/12\/14122402\/DSC08991_Easy-Resize.com_-400x267.jpg 400w, https:\/\/cdn.unasp.br\/unasp-noticias\/2025\/12\/14122402\/DSC08991_Easy-Resize.com_-225x150.jpg 225w, https:\/\/cdn.unasp.br\/unasp-noticias\/2025\/12\/14122402\/DSC08991_Easy-Resize.com_-175x117.jpg 175w, https:\/\/cdn.unasp.br\/unasp-noticias\/2025\/12\/14122402\/DSC08991_Easy-Resize.com_-200x133.jpg 200w, https:\/\/cdn.unasp.br\/unasp-noticias\/2025\/12\/14122402\/DSC08991_Easy-Resize.com_-675x450.jpg 675w, https:\/\/cdn.unasp.br\/unasp-noticias\/2025\/12\/14122402\/DSC08991_Easy-Resize.com_-390x260.jpg 390w, https:\/\/cdn.unasp.br\/unasp-noticias\/2025\/12\/14122402\/DSC08991_Easy-Resize.com_.jpg 1280w\" sizes=\"(max-width: 1024px) 100vw, 1024px\" \/><figcaption class=\"wp-element-caption\">Cerim\u00f4nia celebra a forma\u00e7\u00e3o de novos arquitetos e urbanistas.<\/figcaption><\/figure>\n\n\n\n<h2 class=\"wp-block-heading\"><strong>Celebra\u00e7\u00e3o que conta hist\u00f3rias<\/strong><\/h2>\n\n\n\n<p>A cerim\u00f4nia compartilhada tamb\u00e9m reservou momentos especiais para outros cursos. Um dos destaques foi a comemora\u00e7\u00e3o dos <a href=\"https:\/\/unasp.br\/noticias\/curso-de-engenharia-de-producao-do-unasp-celebra-10-anos\/\">10 anos de exist\u00eancia<\/a> dos cursos de <a href=\"https:\/\/www.youtube.com\/watch?v=K1Nd69rOYGs\">Engenharia Agron\u00f4mica<\/a> e de Produ\u00e7\u00e3o, al\u00e9m do reconhecimento do curso de Engenharia Civil, que alcan\u00e7ou a posi\u00e7\u00e3o de <a href=\"https:\/\/unasp.br\/noticias\/curso-de-engenharia-do-unasp-e-o-segundo-melhor-do-estado\/\">segundo melhor<\/a> do estado de S\u00e3o Paulo.<\/p>\n\n\n\n<div class=\"wp-block-columns is-layout-flex wp-container-core-columns-layout-1 wp-block-columns-is-layout-flex\">\n<div class=\"wp-block-column is-layout-flow wp-block-column-is-layout-flow\">\n<figure class=\"wp-block-image size-large\"><img loading=\"lazy\" decoding=\"async\" width=\"682\" height=\"1024\" src=\"https:\/\/cdn.unasp.br\/unasp-noticias\/2025\/12\/14122501\/DSC00569_Easy-Resize.com_-682x1024.jpg\" alt=\"\" class=\"wp-image-107300\" srcset=\"https:\/\/cdn.unasp.br\/unasp-noticias\/2025\/12\/14122501\/DSC00569_Easy-Resize.com_-682x1024.jpg 682w, https:\/\/cdn.unasp.br\/unasp-noticias\/2025\/12\/14122501\/DSC00569_Easy-Resize.com_-200x300.jpg 200w, https:\/\/cdn.unasp.br\/unasp-noticias\/2025\/12\/14122501\/DSC00569_Easy-Resize.com_-768x1152.jpg 768w, https:\/\/cdn.unasp.br\/unasp-noticias\/2025\/12\/14122501\/DSC00569_Easy-Resize.com_-400x600.jpg 400w, https:\/\/cdn.unasp.br\/unasp-noticias\/2025\/12\/14122501\/DSC00569_Easy-Resize.com_-533x800.jpg 533w, https:\/\/cdn.unasp.br\/unasp-noticias\/2025\/12\/14122501\/DSC00569_Easy-Resize.com_-480x720.jpg 480w, https:\/\/cdn.unasp.br\/unasp-noticias\/2025\/12\/14122501\/DSC00569_Easy-Resize.com_-333x500.jpg 333w, https:\/\/cdn.unasp.br\/unasp-noticias\/2025\/12\/14122501\/DSC00569_Easy-Resize.com_-320x480.jpg 320w, https:\/\/cdn.unasp.br\/unasp-noticias\/2025\/12\/14122501\/DSC00569_Easy-Resize.com_-187x280.jpg 187w, https:\/\/cdn.unasp.br\/unasp-noticias\/2025\/12\/14122501\/DSC00569_Easy-Resize.com_-267x400.jpg 267w, https:\/\/cdn.unasp.br\/unasp-noticias\/2025\/12\/14122501\/DSC00569_Easy-Resize.com_-133x200.jpg 133w, https:\/\/cdn.unasp.br\/unasp-noticias\/2025\/12\/14122501\/DSC00569_Easy-Resize.com_-100x150.jpg 100w, https:\/\/cdn.unasp.br\/unasp-noticias\/2025\/12\/14122501\/DSC00569_Easy-Resize.com_-175x263.jpg 175w, https:\/\/cdn.unasp.br\/unasp-noticias\/2025\/12\/14122501\/DSC00569_Easy-Resize.com_-300x450.jpg 300w, https:\/\/cdn.unasp.br\/unasp-noticias\/2025\/12\/14122501\/DSC00569_Easy-Resize.com_-173x260.jpg 173w, https:\/\/cdn.unasp.br\/unasp-noticias\/2025\/12\/14122501\/DSC00569_Easy-Resize.com_.jpg 853w\" sizes=\"(max-width: 682px) 100vw, 682px\" \/><figcaption class=\"wp-element-caption\">Formandos celebram a conclus\u00e3o de uma das mais importantes etapas acad\u00eamicas.<\/figcaption><\/figure>\n<\/div>\n\n\n\n<div class=\"wp-block-column is-layout-flow wp-block-column-is-layout-flow\">\n<figure class=\"wp-block-image size-large\"><img loading=\"lazy\" decoding=\"async\" width=\"682\" height=\"1024\" src=\"https:\/\/cdn.unasp.br\/unasp-noticias\/2025\/12\/14122509\/DSC00556_Easy-Resize.com_-682x1024.jpg\" alt=\"\" class=\"wp-image-107302\" srcset=\"https:\/\/cdn.unasp.br\/unasp-noticias\/2025\/12\/14122509\/DSC00556_Easy-Resize.com_-682x1024.jpg 682w, https:\/\/cdn.unasp.br\/unasp-noticias\/2025\/12\/14122509\/DSC00556_Easy-Resize.com_-200x300.jpg 200w, https:\/\/cdn.unasp.br\/unasp-noticias\/2025\/12\/14122509\/DSC00556_Easy-Resize.com_-768x1152.jpg 768w, https:\/\/cdn.unasp.br\/unasp-noticias\/2025\/12\/14122509\/DSC00556_Easy-Resize.com_-400x600.jpg 400w, https:\/\/cdn.unasp.br\/unasp-noticias\/2025\/12\/14122509\/DSC00556_Easy-Resize.com_-533x800.jpg 533w, https:\/\/cdn.unasp.br\/unasp-noticias\/2025\/12\/14122509\/DSC00556_Easy-Resize.com_-480x720.jpg 480w, https:\/\/cdn.unasp.br\/unasp-noticias\/2025\/12\/14122509\/DSC00556_Easy-Resize.com_-333x500.jpg 333w, https:\/\/cdn.unasp.br\/unasp-noticias\/2025\/12\/14122509\/DSC00556_Easy-Resize.com_-320x480.jpg 320w, https:\/\/cdn.unasp.br\/unasp-noticias\/2025\/12\/14122509\/DSC00556_Easy-Resize.com_-187x280.jpg 187w, https:\/\/cdn.unasp.br\/unasp-noticias\/2025\/12\/14122509\/DSC00556_Easy-Resize.com_-267x400.jpg 267w, https:\/\/cdn.unasp.br\/unasp-noticias\/2025\/12\/14122509\/DSC00556_Easy-Resize.com_-133x200.jpg 133w, https:\/\/cdn.unasp.br\/unasp-noticias\/2025\/12\/14122509\/DSC00556_Easy-Resize.com_-100x150.jpg 100w, https:\/\/cdn.unasp.br\/unasp-noticias\/2025\/12\/14122509\/DSC00556_Easy-Resize.com_-175x263.jpg 175w, https:\/\/cdn.unasp.br\/unasp-noticias\/2025\/12\/14122509\/DSC00556_Easy-Resize.com_-300x450.jpg 300w, https:\/\/cdn.unasp.br\/unasp-noticias\/2025\/12\/14122509\/DSC00556_Easy-Resize.com_-173x260.jpg 173w, https:\/\/cdn.unasp.br\/unasp-noticias\/2025\/12\/14122509\/DSC00556_Easy-Resize.com_.jpg 853w\" sizes=\"(max-width: 682px) 100vw, 682px\" \/><\/figure>\n<\/div>\n<\/div>\n\n\n\n<p>O curso de Arquitetura e Urbanismo tamb\u00e9m, por sua vez, tamb\u00e9m se destacou ao participar de uma <a href=\"https:\/\/unasp.br\/noticias\/alunos-de-arquitetura-e-urbanismo-do-unasp-participam-de-bienal-na-coreia-do-sul\/\">Bienal na Coreia do Sul<\/a> e de uma <a href=\"https:\/\/unasp.br\/noticias\/alunos-de-arquitetura-e-urbanismo-do-unasp-participam-de-conferencia-internacional\/\">Confer\u00eancia Internacional em Bras\u00edlia<\/a>. Essas experi\u00eancias proporcionaram aos alunos, al\u00e9m do aprofundamento te\u00f3rico, oportunidades de networking e aprendizado pr\u00e1tico por meio da visita a monumentos e constru\u00e7\u00f5es hist\u00f3ricas.<\/p>\n\n\n\n<p>O futuro arquiteto Wanderson Martins conduziu o juramento da turma ao assumir o compromisso de exercer a profiss\u00e3o pautada pelos princ\u00edpios da \u00e9tica, integridade, honestidade e lealdade. Ela tamb\u00e9m destacou a import\u00e2ncia do aperfei\u00e7oamento cont\u00ednuo e reafirmou o prop\u00f3sito de contribuir, com seu trabalho, para uma sociedade mais justa e humana.<\/p>\n\n\n\n<h2 class=\"wp-block-heading\"><strong>Nova hist\u00f3ria<\/strong><\/h2>\n\n\n\n<p>Para o futuro, o formando leva consigo o compromisso de continuar aprendendo todos os dias. \u201cSinto que cheguei ao UNASP como um garoto cheio de sonhos e com a bagagem quase vazia, e estou saindo como um homem ainda sonhador, mas agora mais preparado e consciente do meu potencial.&nbsp; Oro a Deus para ter um futuro brilhante e para conseguir oferecer a outras pessoas oportunidades t\u00e3o boas quanto as que recebi\u201d, deseja.<br><br>Jam tamb\u00e9m deseja continuar trilhando um caminho que honre toda a hist\u00f3ria que viveu at\u00e9 aqui. Ela quer realizar projetos que toquem pessoas e que carreguem algo de Deus em cada detalhe. \u201cE acima de tudo, quero seguir caminhando com coragem&nbsp; porque sei que Ele continua escrevendo meus pr\u00f3ximos cap\u00edtulos, e eu confio no que vem, pois ele escreveu a hist\u00f3ria da minha&nbsp; vida por completo\u201d, compartilha.<\/p>\n\n\n\n<p>A coordenadora aconselha que os formandos fa\u00e7am tudo com amor e verdade. \u201cIndependente do que as pessoas ao redor esperem de voc\u00eas, escolham sempre o que \u00e9 correto e fa\u00e7am com amor. Isso faz toda a diferen\u00e7a no caminho e no destino de cada um\u201d, garante.<\/p>\n\n\n\n<p>Voc\u00ea pode rever a programa\u00e7\u00e3o completa no <a href=\"https:\/\/youtu.be\/fKXw3bCY7zU\">YouTube<\/a> e conferir as <a href=\"https:\/\/www.flickr.com\/photos\/unasp_ec\/albums\/72177720330933169\/\">fotos<\/a> desse momento t\u00e3o especial para os estudantes e fam\u00edlias.<\/p>\n\n\n\n<p><\/p>\n","protected":false},"excerpt":{"rendered":"<p>A cerim\u00f4nia contou com a presen\u00e7a dos familiares, amigos e professores que acompanharam a trajet\u00f3ria dos formandos.<\/p>\n","protected":false},"author":71,"featured_media":107287,"comment_status":"closed","ping_status":"open","sticky":false,"template":"","format":"standard","meta":{"footnotes":""},"categories":[1846],"tags":[2966,585,273,292,60],"yoast_head":"<!-- This site is optimized with the Yoast SEO plugin v23.5 - https:\/\/yoast.com\/wordpress\/plugins\/seo\/ -->\n<title>Curso de Arquitetura e Urbanismo do UNASP campus Engenheiro Coelho celebra formatura - UNASP Noticias<\/title>\n<meta name=\"robots\" content=\"index, follow, max-snippet:-1, max-image-preview:large, max-video-preview:-1\" \/>\n<link rel=\"canonical\" href=\"https:\/\/unasp.br\/noticias\/curso-de-arquitetura-e-urbanismo-do-unasp-campus-engenheiro-coelho-celebra-formatura\/\" \/>\n<meta property=\"og:locale\" content=\"pt_BR\" \/>\n<meta property=\"og:type\" content=\"article\" \/>\n<meta property=\"og:title\" content=\"Curso de Arquitetura e Urbanismo do UNASP campus Engenheiro Coelho celebra formatura - UNASP Noticias\" \/>\n<meta property=\"og:description\" content=\"A cerim\u00f4nia contou com a presen\u00e7a dos familiares, amigos e professores que acompanharam a trajet\u00f3ria dos formandos.\" \/>\n<meta property=\"og:url\" content=\"https:\/\/unasp.br\/noticias\/curso-de-arquitetura-e-urbanismo-do-unasp-campus-engenheiro-coelho-celebra-formatura\/\" \/>\n<meta property=\"og:site_name\" content=\"UNASP Noticias\" \/>\n<meta property=\"article:published_time\" content=\"2025-12-14T18:27:16+00:00\" \/>\n<meta property=\"article:modified_time\" content=\"2025-12-14T21:32:28+00:00\" \/>\n<meta property=\"og:image\" content=\"https:\/\/cdn.unasp.br\/unasp-noticias\/2025\/12\/14115829\/DSC00266_Easy-Resize.com_.jpg\" \/>\n\t<meta property=\"og:image:width\" content=\"1280\" \/>\n\t<meta property=\"og:image:height\" content=\"853\" \/>\n\t<meta property=\"og:image:type\" content=\"image\/jpeg\" \/>\n<meta name=\"author\" content=\"Victor Henrique Bernardo\" \/>\n<meta name=\"twitter:card\" content=\"summary_large_image\" \/>\n<meta name=\"twitter:label1\" content=\"Escrito por\" \/>\n\t<meta name=\"twitter:data1\" content=\"Victor Henrique Bernardo\" \/>\n\t<meta name=\"twitter:label2\" content=\"Est. tempo de leitura\" \/>\n\t<meta name=\"twitter:data2\" content=\"7 minutos\" \/>\n<script type=\"application\/ld+json\" class=\"yoast-schema-graph\">{\"@context\":\"https:\/\/schema.org\",\"@graph\":[{\"@type\":\"Article\",\"@id\":\"https:\/\/unasp.br\/noticias\/curso-de-arquitetura-e-urbanismo-do-unasp-campus-engenheiro-coelho-celebra-formatura\/#article\",\"isPartOf\":{\"@id\":\"https:\/\/unasp.br\/noticias\/curso-de-arquitetura-e-urbanismo-do-unasp-campus-engenheiro-coelho-celebra-formatura\/\"},\"author\":{\"name\":\"Victor Henrique Bernardo\",\"@id\":\"https:\/\/unasp.br\/noticias\/#\/schema\/person\/62662c136703f2dc05b840af5b1e406e\"},\"headline\":\"Curso de Arquitetura e Urbanismo do UNASP campus Engenheiro Coelho celebra formatura\",\"datePublished\":\"2025-12-14T18:27:16+00:00\",\"dateModified\":\"2025-12-14T21:32:28+00:00\",\"mainEntityOfPage\":{\"@id\":\"https:\/\/unasp.br\/noticias\/curso-de-arquitetura-e-urbanismo-do-unasp-campus-engenheiro-coelho-celebra-formatura\/\"},\"wordCount\":1049,\"publisher\":{\"@id\":\"https:\/\/unasp.br\/noticias\/#organization\"},\"image\":{\"@id\":\"https:\/\/unasp.br\/noticias\/curso-de-arquitetura-e-urbanismo-do-unasp-campus-engenheiro-coelho-celebra-formatura\/#primaryimage\"},\"thumbnailUrl\":\"https:\/\/cdn.unasp.br\/unasp-noticias\/2025\/12\/14115829\/DSC00266_Easy-Resize.com_.jpg\",\"keywords\":[\"Arquitetura e Urbanismo\",\"Engenheiro Coelho\",\"Formatura\",\"Gradua\u00e7\u00e3o\",\"UNASP\"],\"articleSection\":[\"Formaturas\"],\"inLanguage\":\"pt-BR\"},{\"@type\":\"WebPage\",\"@id\":\"https:\/\/unasp.br\/noticias\/curso-de-arquitetura-e-urbanismo-do-unasp-campus-engenheiro-coelho-celebra-formatura\/\",\"url\":\"https:\/\/unasp.br\/noticias\/curso-de-arquitetura-e-urbanismo-do-unasp-campus-engenheiro-coelho-celebra-formatura\/\",\"name\":\"Curso de Arquitetura e Urbanismo do UNASP campus Engenheiro Coelho celebra formatura - UNASP Noticias\",\"isPartOf\":{\"@id\":\"https:\/\/unasp.br\/noticias\/#website\"},\"primaryImageOfPage\":{\"@id\":\"https:\/\/unasp.br\/noticias\/curso-de-arquitetura-e-urbanismo-do-unasp-campus-engenheiro-coelho-celebra-formatura\/#primaryimage\"},\"image\":{\"@id\":\"https:\/\/unasp.br\/noticias\/curso-de-arquitetura-e-urbanismo-do-unasp-campus-engenheiro-coelho-celebra-formatura\/#primaryimage\"},\"thumbnailUrl\":\"https:\/\/cdn.unasp.br\/unasp-noticias\/2025\/12\/14115829\/DSC00266_Easy-Resize.com_.jpg\",\"datePublished\":\"2025-12-14T18:27:16+00:00\",\"dateModified\":\"2025-12-14T21:32:28+00:00\",\"breadcrumb\":{\"@id\":\"https:\/\/unasp.br\/noticias\/curso-de-arquitetura-e-urbanismo-do-unasp-campus-engenheiro-coelho-celebra-formatura\/#breadcrumb\"},\"inLanguage\":\"pt-BR\",\"potentialAction\":[{\"@type\":\"ReadAction\",\"target\":[\"https:\/\/unasp.br\/noticias\/curso-de-arquitetura-e-urbanismo-do-unasp-campus-engenheiro-coelho-celebra-formatura\/\"]}]},{\"@type\":\"ImageObject\",\"inLanguage\":\"pt-BR\",\"@id\":\"https:\/\/unasp.br\/noticias\/curso-de-arquitetura-e-urbanismo-do-unasp-campus-engenheiro-coelho-celebra-formatura\/#primaryimage\",\"url\":\"https:\/\/cdn.unasp.br\/unasp-noticias\/2025\/12\/14115829\/DSC00266_Easy-Resize.com_.jpg\",\"contentUrl\":\"https:\/\/cdn.unasp.br\/unasp-noticias\/2025\/12\/14115829\/DSC00266_Easy-Resize.com_.jpg\",\"width\":1280,\"height\":853},{\"@type\":\"BreadcrumbList\",\"@id\":\"https:\/\/unasp.br\/noticias\/curso-de-arquitetura-e-urbanismo-do-unasp-campus-engenheiro-coelho-celebra-formatura\/#breadcrumb\",\"itemListElement\":[{\"@type\":\"ListItem\",\"position\":1,\"name\":\"In\u00edcio\",\"item\":\"https:\/\/unasp.br\/noticias\/\"},{\"@type\":\"ListItem\",\"position\":2,\"name\":\"Curso de Arquitetura e Urbanismo do UNASP campus Engenheiro Coelho celebra formatura\"}]},{\"@type\":\"WebSite\",\"@id\":\"https:\/\/unasp.br\/noticias\/#website\",\"url\":\"https:\/\/unasp.br\/noticias\/\",\"name\":\"UNASP Noticias\",\"description\":\"Centro Universit\u00e1rio Adventista de S\u00e3o Paulo\",\"publisher\":{\"@id\":\"https:\/\/unasp.br\/noticias\/#organization\"},\"potentialAction\":[{\"@type\":\"SearchAction\",\"target\":{\"@type\":\"EntryPoint\",\"urlTemplate\":\"https:\/\/unasp.br\/noticias\/?s={search_term_string}\"},\"query-input\":{\"@type\":\"PropertyValueSpecification\",\"valueRequired\":true,\"valueName\":\"search_term_string\"}}],\"inLanguage\":\"pt-BR\"},{\"@type\":\"Organization\",\"@id\":\"https:\/\/unasp.br\/noticias\/#organization\",\"name\":\"UNASP Noticias\",\"url\":\"https:\/\/unasp.br\/noticias\/\",\"logo\":{\"@type\":\"ImageObject\",\"inLanguage\":\"pt-BR\",\"@id\":\"https:\/\/unasp.br\/noticias\/#\/schema\/logo\/image\/\",\"url\":\"https:\/\/cdn.unasp.br\/noticias\/wp-content\/uploads\/2021\/09\/09152724\/logo-unasp-news.png\",\"contentUrl\":\"https:\/\/cdn.unasp.br\/noticias\/wp-content\/uploads\/2021\/09\/09152724\/logo-unasp-news.png\",\"width\":240,\"height\":41,\"caption\":\"UNASP Noticias\"},\"image\":{\"@id\":\"https:\/\/unasp.br\/noticias\/#\/schema\/logo\/image\/\"}},{\"@type\":\"Person\",\"@id\":\"https:\/\/unasp.br\/noticias\/#\/schema\/person\/62662c136703f2dc05b840af5b1e406e\",\"name\":\"Victor Henrique Bernardo\",\"image\":{\"@type\":\"ImageObject\",\"inLanguage\":\"pt-BR\",\"@id\":\"https:\/\/unasp.br\/noticias\/#\/schema\/person\/image\/\",\"url\":\"https:\/\/secure.gravatar.com\/avatar\/b4fb78414cbc01263cfe6fc3c4c9b647?s=96&d=mm&r=g\",\"contentUrl\":\"https:\/\/secure.gravatar.com\/avatar\/b4fb78414cbc01263cfe6fc3c4c9b647?s=96&d=mm&r=g\",\"caption\":\"Victor Henrique Bernardo\"},\"url\":\"https:\/\/unasp.br\/noticias\/author\/victor-bernardoadventistas-org\/\"}]}<\/script>\n<!-- \/ Yoast SEO plugin. -->","yoast_head_json":{"title":"Curso de Arquitetura e Urbanismo do UNASP campus Engenheiro Coelho celebra formatura - UNASP Noticias","robots":{"index":"index","follow":"follow","max-snippet":"max-snippet:-1","max-image-preview":"max-image-preview:large","max-video-preview":"max-video-preview:-1"},"canonical":"https:\/\/unasp.br\/noticias\/curso-de-arquitetura-e-urbanismo-do-unasp-campus-engenheiro-coelho-celebra-formatura\/","og_locale":"pt_BR","og_type":"article","og_title":"Curso de Arquitetura e Urbanismo do UNASP campus Engenheiro Coelho celebra formatura - UNASP Noticias","og_description":"A cerim\u00f4nia contou com a presen\u00e7a dos familiares, amigos e professores que acompanharam a trajet\u00f3ria dos formandos.","og_url":"https:\/\/unasp.br\/noticias\/curso-de-arquitetura-e-urbanismo-do-unasp-campus-engenheiro-coelho-celebra-formatura\/","og_site_name":"UNASP Noticias","article_published_time":"2025-12-14T18:27:16+00:00","article_modified_time":"2025-12-14T21:32:28+00:00","og_image":[{"width":1280,"height":853,"url":"https:\/\/cdn.unasp.br\/unasp-noticias\/2025\/12\/14115829\/DSC00266_Easy-Resize.com_.jpg","type":"image\/jpeg"}],"author":"Victor Henrique Bernardo","twitter_card":"summary_large_image","twitter_misc":{"Escrito por":"Victor Henrique Bernardo","Est. tempo de leitura":"7 minutos"},"schema":{"@context":"https:\/\/schema.org","@graph":[{"@type":"Article","@id":"https:\/\/unasp.br\/noticias\/curso-de-arquitetura-e-urbanismo-do-unasp-campus-engenheiro-coelho-celebra-formatura\/#article","isPartOf":{"@id":"https:\/\/unasp.br\/noticias\/curso-de-arquitetura-e-urbanismo-do-unasp-campus-engenheiro-coelho-celebra-formatura\/"},"author":{"name":"Victor Henrique Bernardo","@id":"https:\/\/unasp.br\/noticias\/#\/schema\/person\/62662c136703f2dc05b840af5b1e406e"},"headline":"Curso de Arquitetura e Urbanismo do UNASP campus Engenheiro Coelho celebra formatura","datePublished":"2025-12-14T18:27:16+00:00","dateModified":"2025-12-14T21:32:28+00:00","mainEntityOfPage":{"@id":"https:\/\/unasp.br\/noticias\/curso-de-arquitetura-e-urbanismo-do-unasp-campus-engenheiro-coelho-celebra-formatura\/"},"wordCount":1049,"publisher":{"@id":"https:\/\/unasp.br\/noticias\/#organization"},"image":{"@id":"https:\/\/unasp.br\/noticias\/curso-de-arquitetura-e-urbanismo-do-unasp-campus-engenheiro-coelho-celebra-formatura\/#primaryimage"},"thumbnailUrl":"https:\/\/cdn.unasp.br\/unasp-noticias\/2025\/12\/14115829\/DSC00266_Easy-Resize.com_.jpg","keywords":["Arquitetura e Urbanismo","Engenheiro Coelho","Formatura","Gradua\u00e7\u00e3o","UNASP"],"articleSection":["Formaturas"],"inLanguage":"pt-BR"},{"@type":"WebPage","@id":"https:\/\/unasp.br\/noticias\/curso-de-arquitetura-e-urbanismo-do-unasp-campus-engenheiro-coelho-celebra-formatura\/","url":"https:\/\/unasp.br\/noticias\/curso-de-arquitetura-e-urbanismo-do-unasp-campus-engenheiro-coelho-celebra-formatura\/","name":"Curso de Arquitetura e Urbanismo do UNASP campus Engenheiro Coelho celebra formatura - UNASP Noticias","isPartOf":{"@id":"https:\/\/unasp.br\/noticias\/#website"},"primaryImageOfPage":{"@id":"https:\/\/unasp.br\/noticias\/curso-de-arquitetura-e-urbanismo-do-unasp-campus-engenheiro-coelho-celebra-formatura\/#primaryimage"},"image":{"@id":"https:\/\/unasp.br\/noticias\/curso-de-arquitetura-e-urbanismo-do-unasp-campus-engenheiro-coelho-celebra-formatura\/#primaryimage"},"thumbnailUrl":"https:\/\/cdn.unasp.br\/unasp-noticias\/2025\/12\/14115829\/DSC00266_Easy-Resize.com_.jpg","datePublished":"2025-12-14T18:27:16+00:00","dateModified":"2025-12-14T21:32:28+00:00","breadcrumb":{"@id":"https:\/\/unasp.br\/noticias\/curso-de-arquitetura-e-urbanismo-do-unasp-campus-engenheiro-coelho-celebra-formatura\/#breadcrumb"},"inLanguage":"pt-BR","potentialAction":[{"@type":"ReadAction","target":["https:\/\/unasp.br\/noticias\/curso-de-arquitetura-e-urbanismo-do-unasp-campus-engenheiro-coelho-celebra-formatura\/"]}]},{"@type":"ImageObject","inLanguage":"pt-BR","@id":"https:\/\/unasp.br\/noticias\/curso-de-arquitetura-e-urbanismo-do-unasp-campus-engenheiro-coelho-celebra-formatura\/#primaryimage","url":"https:\/\/cdn.unasp.br\/unasp-noticias\/2025\/12\/14115829\/DSC00266_Easy-Resize.com_.jpg","contentUrl":"https:\/\/cdn.unasp.br\/unasp-noticias\/2025\/12\/14115829\/DSC00266_Easy-Resize.com_.jpg","width":1280,"height":853},{"@type":"BreadcrumbList","@id":"https:\/\/unasp.br\/noticias\/curso-de-arquitetura-e-urbanismo-do-unasp-campus-engenheiro-coelho-celebra-formatura\/#breadcrumb","itemListElement":[{"@type":"ListItem","position":1,"name":"In\u00edcio","item":"https:\/\/unasp.br\/noticias\/"},{"@type":"ListItem","position":2,"name":"Curso de Arquitetura e Urbanismo do UNASP campus Engenheiro Coelho celebra formatura"}]},{"@type":"WebSite","@id":"https:\/\/unasp.br\/noticias\/#website","url":"https:\/\/unasp.br\/noticias\/","name":"UNASP Noticias","description":"Centro Universit\u00e1rio Adventista de S\u00e3o Paulo","publisher":{"@id":"https:\/\/unasp.br\/noticias\/#organization"},"potentialAction":[{"@type":"SearchAction","target":{"@type":"EntryPoint","urlTemplate":"https:\/\/unasp.br\/noticias\/?s={search_term_string}"},"query-input":{"@type":"PropertyValueSpecification","valueRequired":true,"valueName":"search_term_string"}}],"inLanguage":"pt-BR"},{"@type":"Organization","@id":"https:\/\/unasp.br\/noticias\/#organization","name":"UNASP Noticias","url":"https:\/\/unasp.br\/noticias\/","logo":{"@type":"ImageObject","inLanguage":"pt-BR","@id":"https:\/\/unasp.br\/noticias\/#\/schema\/logo\/image\/","url":"https:\/\/cdn.unasp.br\/noticias\/wp-content\/uploads\/2021\/09\/09152724\/logo-unasp-news.png","contentUrl":"https:\/\/cdn.unasp.br\/noticias\/wp-content\/uploads\/2021\/09\/09152724\/logo-unasp-news.png","width":240,"height":41,"caption":"UNASP Noticias"},"image":{"@id":"https:\/\/unasp.br\/noticias\/#\/schema\/logo\/image\/"}},{"@type":"Person","@id":"https:\/\/unasp.br\/noticias\/#\/schema\/person\/62662c136703f2dc05b840af5b1e406e","name":"Victor Henrique Bernardo","image":{"@type":"ImageObject","inLanguage":"pt-BR","@id":"https:\/\/unasp.br\/noticias\/#\/schema\/person\/image\/","url":"https:\/\/secure.gravatar.com\/avatar\/b4fb78414cbc01263cfe6fc3c4c9b647?s=96&d=mm&r=g","contentUrl":"https:\/\/secure.gravatar.com\/avatar\/b4fb78414cbc01263cfe6fc3c4c9b647?s=96&d=mm&r=g","caption":"Victor Henrique Bernardo"},"url":"https:\/\/unasp.br\/noticias\/author\/victor-bernardoadventistas-org\/"}]}},"_links":{"self":[{"href":"https:\/\/unasp.br\/noticias\/wp-json\/wp\/v2\/posts\/107006"}],"collection":[{"href":"https:\/\/unasp.br\/noticias\/wp-json\/wp\/v2\/posts"}],"about":[{"href":"https:\/\/unasp.br\/noticias\/wp-json\/wp\/v2\/types\/post"}],"author":[{"embeddable":true,"href":"https:\/\/unasp.br\/noticias\/wp-json\/wp\/v2\/users\/71"}],"replies":[{"embeddable":true,"href":"https:\/\/unasp.br\/noticias\/wp-json\/wp\/v2\/comments?post=107006"}],"version-history":[{"count":3,"href":"https:\/\/unasp.br\/noticias\/wp-json\/wp\/v2\/posts\/107006\/revisions"}],"predecessor-version":[{"id":107393,"href":"https:\/\/unasp.br\/noticias\/wp-json\/wp\/v2\/posts\/107006\/revisions\/107393"}],"wp:featuredmedia":[{"embeddable":true,"href":"https:\/\/unasp.br\/noticias\/wp-json\/wp\/v2\/media\/107287"}],"wp:attachment":[{"href":"https:\/\/unasp.br\/noticias\/wp-json\/wp\/v2\/media?parent=107006"}],"wp:term":[{"taxonomy":"category","embeddable":true,"href":"https:\/\/unasp.br\/noticias\/wp-json\/wp\/v2\/categories?post=107006"},{"taxonomy":"post_tag","embeddable":true,"href":"https:\/\/unasp.br\/noticias\/wp-json\/wp\/v2\/tags?post=107006"}],"curies":[{"name":"wp","href":"https:\/\/api.w.org\/{rel}","templated":true}]}}