{"id":108708,"date":"2026-08-31T17:06:12","date_gmt":"2026-08-31T20:06:12","guid":{"rendered":"https:\/\/unasp.br\/noticias\/?p=108708"},"modified":"2026-08-31T17:06:12","modified_gmt":"2026-08-31T20:06:12","slug":"medicina-amplia-formacao-aliando-saude-e-espiritualidade","status":"publish","type":"post","link":"https:\/\/unasp.br\/noticias\/medicina-amplia-formacao-aliando-saude-e-espiritualidade\/","title":{"rendered":"Curso de Medicina do UNASP amplia experi\u00eancias de forma\u00e7\u00e3o aliando sa\u00fade e espiritualidade"},"content":{"rendered":"\n<p>O &#8220;Cincoprasete&#8221;, programa\u00e7\u00e3o organizada pelos estudantes de Medicina do UNASP campus Hortol\u00e2ndia, marcou o in\u00edcio das atividades espirituais do semestre na \u00faltima semana. O encontro leva esse nome por ser realizado \u00e0s sextas-feiras, \u00e0s 18h55, e recebe os alunos para um momento de m\u00fasica, reflex\u00e3o e ora\u00e7\u00e3o, preparando a comunidade acad\u00eamica para o in\u00edcio do s\u00e1bado.<\/p>\n\n\n\n<p>A programa\u00e7\u00e3o faz parte de uma rotina que busca integrar a forma\u00e7\u00e3o acad\u00eamica \u00e0 dimens\u00e3o espiritual dos estudantes.<\/p>\n\n\n\n<figure class=\"wp-block-image size-full\"><img loading=\"lazy\" decoding=\"async\" width=\"799\" height=\"533\" src=\"https:\/\/cdn.unasp.br\/unasp-noticias\/2026\/08\/31125444\/cincoprasete.jpg\" alt=\"\" class=\"wp-image-108709\" srcset=\"https:\/\/cdn.unasp.br\/unasp-noticias\/2026\/08\/31125444\/cincoprasete.jpg 799w, https:\/\/cdn.unasp.br\/unasp-noticias\/2026\/08\/31125444\/cincoprasete-300x200.jpg 300w, https:\/\/cdn.unasp.br\/unasp-noticias\/2026\/08\/31125444\/cincoprasete-768x512.jpg 768w, https:\/\/cdn.unasp.br\/unasp-noticias\/2026\/08\/31125444\/cincoprasete-750x500.jpg 750w, https:\/\/cdn.unasp.br\/unasp-noticias\/2026\/08\/31125444\/cincoprasete-720x480.jpg 720w, https:\/\/cdn.unasp.br\/unasp-noticias\/2026\/08\/31125444\/cincoprasete-420x280.jpg 420w, https:\/\/cdn.unasp.br\/unasp-noticias\/2026\/08\/31125444\/cincoprasete-500x334.jpg 500w, https:\/\/cdn.unasp.br\/unasp-noticias\/2026\/08\/31125444\/cincoprasete-400x267.jpg 400w, https:\/\/cdn.unasp.br\/unasp-noticias\/2026\/08\/31125444\/cincoprasete-225x150.jpg 225w, https:\/\/cdn.unasp.br\/unasp-noticias\/2026\/08\/31125444\/cincoprasete-175x117.jpg 175w, https:\/\/cdn.unasp.br\/unasp-noticias\/2026\/08\/31125444\/cincoprasete-200x133.jpg 200w, https:\/\/cdn.unasp.br\/unasp-noticias\/2026\/08\/31125444\/cincoprasete-675x450.jpg 675w, https:\/\/cdn.unasp.br\/unasp-noticias\/2026\/08\/31125444\/cincoprasete-390x260.jpg 390w, https:\/\/cdn.unasp.br\/unasp-noticias\/2026\/08\/31125444\/cincoprasete-205x137.jpg 205w, https:\/\/cdn.unasp.br\/unasp-noticias\/2026\/08\/31125444\/cincoprasete-480x320.jpg 480w\" sizes=\"(max-width: 799px) 100vw, 799px\" \/><figcaption class=\"wp-element-caption\">O &#8220;Cincoprasete&#8221; \u00e9 organizado pelos pr\u00f3prios estudantes de Medicina. Foto: AICOM<\/figcaption><\/figure>\n\n\n\n<p>Al\u00e9m deste evento, os alunos participam de cultos di\u00e1rios, pequenos grupos, momentos de ora\u00e7\u00e3o antes das aulas e aos s\u00e1bados, de iniciativas como os <a href=\"https:\/\/noticias.adventistas.org\/pt\/medicos-em-missao-mobiliza-estudantes-e-voluntarios-em-acao-de-atendimento-a-populacao\/\">M\u00e9dicos em Miss\u00e3o<\/a> e semanas de ora\u00e7\u00e3o ao longo do semestre.<\/p>\n\n\n<div class=\"wp-block-image\">\n<figure class=\"alignright size-full is-resized\"><img loading=\"lazy\" decoding=\"async\" width=\"600\" height=\"800\" src=\"https:\/\/cdn.unasp.br\/unasp-noticias\/2026\/08\/31125645\/medicos-em-missao.jpg\" alt=\"\" class=\"wp-image-108711\" style=\"width:332px;height:auto\" srcset=\"https:\/\/cdn.unasp.br\/unasp-noticias\/2026\/08\/31125645\/medicos-em-missao.jpg 600w, https:\/\/cdn.unasp.br\/unasp-noticias\/2026\/08\/31125645\/medicos-em-missao-225x300.jpg 225w, https:\/\/cdn.unasp.br\/unasp-noticias\/2026\/08\/31125645\/medicos-em-missao-450x600.jpg 450w, https:\/\/cdn.unasp.br\/unasp-noticias\/2026\/08\/31125645\/medicos-em-missao-540x720.jpg 540w, https:\/\/cdn.unasp.br\/unasp-noticias\/2026\/08\/31125645\/medicos-em-missao-375x500.jpg 375w, https:\/\/cdn.unasp.br\/unasp-noticias\/2026\/08\/31125645\/medicos-em-missao-360x480.jpg 360w, https:\/\/cdn.unasp.br\/unasp-noticias\/2026\/08\/31125645\/medicos-em-missao-210x280.jpg 210w, https:\/\/cdn.unasp.br\/unasp-noticias\/2026\/08\/31125645\/medicos-em-missao-300x400.jpg 300w, https:\/\/cdn.unasp.br\/unasp-noticias\/2026\/08\/31125645\/medicos-em-missao-150x200.jpg 150w, https:\/\/cdn.unasp.br\/unasp-noticias\/2026\/08\/31125645\/medicos-em-missao-113x150.jpg 113w, https:\/\/cdn.unasp.br\/unasp-noticias\/2026\/08\/31125645\/medicos-em-missao-175x233.jpg 175w, https:\/\/cdn.unasp.br\/unasp-noticias\/2026\/08\/31125645\/medicos-em-missao-338x450.jpg 338w, https:\/\/cdn.unasp.br\/unasp-noticias\/2026\/08\/31125645\/medicos-em-missao-195x260.jpg 195w, https:\/\/cdn.unasp.br\/unasp-noticias\/2026\/08\/31125645\/medicos-em-missao-205x273.jpg 205w, https:\/\/cdn.unasp.br\/unasp-noticias\/2026\/08\/31125645\/medicos-em-missao-480x640.jpg 480w\" sizes=\"(max-width: 600px) 100vw, 600px\" \/><figcaption class=\"wp-element-caption\">O M\u00e9dicos em Miss\u00e3o, que envolve atendimento gratuito \u00e0 comunidade, \u00e9 uma das principais iniciativas espirituais do curso de Medicina. Foto: AICOM<\/figcaption><\/figure><\/div>\n\n\n<h2 class=\"wp-block-heading\"><strong>Al\u00e9m do conhecimento t\u00e9cnico<\/strong><\/h2>\n\n\n\n<p>Para Arthur Fortes, aluno do segundo semestre de <a href=\"https:\/\/www.google.com\/aclk?sa=L&amp;pf=1&amp;ai=DChsSEwjGjYWY7MqWAxXjXkgAHcNZIccYACICCAEQABoCY2U&amp;co=1&amp;ase=2&amp;gclid=CjwKCAjwzNTUBhAjEiwA7zcvWjI5yDOOPewwv6M3slc89rlWccizmXNmIYqxGntmaNme2eEm81807hoCon0QAvD_BwE&amp;cid=CAASugHkaPbm5_uZhK87jfkBaeq6u89GU_NOXzmfwnsJ-sLgTDAHyLIBmcRNib4jnYqi9Ojt4cERcSOxmVsBvGpD4AKZxOOMzDcclsoHUnucWNOvS1D5NsULYuCCTsKBJ5T3V4U870UElrilh5G38EZR3fx1lzzYk1UjvfpNp0Fbej_1D4ry2cqF6TzREkROpiUhrPERiAol9XqI8zBdBF148gFU7B_N76HQsH2O8_LJnvqhLn_rTzwKRZ0UVUA&amp;cce=2&amp;category=acrcp_v1_32&amp;sig=AOD64_27-XunDnzcrJGxfBOGYyaad_822Q&amp;q&amp;nis=4&amp;adurl=https:\/\/lp.unasp.edu.br\/vestibular-medicina\/?utm_source%3Dgoogle%26utm_medium%3Dcpc%26utm_campaign%3Dmp_*fundo*_*med*_*ht*_2027_*verao*_*vestibular_medicina*%26gad_source%3D1%26gad_campaignid%3D24081772254%26gbraid%3D0AAAAAClwm7hup6wWeCyYaiWg7j9Ax8aid%26gclid%3DCjwKCAjwzNTUBhAjEiwA7zcvWjI5yDOOPewwv6M3slc89rlWccizmXNmIYqxGntmaNme2eEm81807hoCon0QAvD_BwE&amp;ved=2ahUKEwi9z_-X7MqWAxWwLLkGHRk_CO8Q0Qx6BAgNEAE\">Medicina<\/a>, essa viv\u00eancia contribui para compreender que a forma\u00e7\u00e3o m\u00e9dica vai al\u00e9m dos conhecimentos t\u00e9cnicos. \u201cA parte\u00a0espiritual do UNASP eu acho muito importante porque at\u00e9 quando a gente vai estudar sobre a sa\u00fade, existe o \u00e2mbito espiritual dentro da sa\u00fade tamb\u00e9m\u201d, afirma.<\/p>\n\n\n\n<p>A integra\u00e7\u00e3o entre conhecimento t\u00e9cnico, espiritualidade e servi\u00e7o est\u00e1 relacionada \u00e0 proposta de forma\u00e7\u00e3o adotada pelo campus. Segundo Jos\u00e9 Prud\u00eancio J\u00fanior, diretor do UNASP campus Hortol\u00e2ndia, a viv\u00eancia no internato faz parte da experi\u00eancia da educa\u00e7\u00e3o <a href=\"https:\/\/unasp.br\/noticias\/medicos-em-missao-mobiliza-estudantes-e-voluntarios-em-acao-de-atendimento-a-populacao\/\">Adventista<\/a> e contribui para preparar os estudantes para a lideran\u00e7a e a miss\u00e3o. \u201cVai ser no dia a dia, nos corredores, na sala de aula, no restaurante, vivendo na igreja, a parte espiritual. \u00c9 dessa forma que o aluno viver\u00e1 a educa\u00e7\u00e3o plena\u201d, pondera.<\/p>\n\n\n\n<h2 class=\"wp-block-heading\"><strong>Forma\u00e7\u00e3o com prop\u00f3sito<\/strong><\/h2>\n\n\n\n<p>Essa proposta tamb\u00e9m est\u00e1 presente na forma\u00e7\u00e3o pr\u00e1tica dos estudantes por meio da Intera\u00e7\u00e3o em Sa\u00fade na Comunidade (IESC), eixo pedag\u00f3gico que aproxima universidade, unidades de atendimento do Sistema \u00danico de Sa\u00fade (SUS) e popula\u00e7\u00e3o. No curso de Medicina, o contato com pacientes come\u00e7a desde o primeiro semestre, por meio de atividades realizadas em Unidades B\u00e1sicas de Sa\u00fade (UBS) e na rede Adventista de sa\u00fade. A chamada inser\u00e7\u00e3o precoce permite que os alunos conhe\u00e7am, gradualmente, o funcionamento do SUS e a realidade das comunidades atendidas, relacionando os conte\u00fados aprendidos em sala de aula \u00e0s necessidades concretas dos pacientes.<\/p>\n\n\n\n<p>Nas UBS, os estudantes acompanham diferentes etapas do atendimento, como recep\u00e7\u00e3o, acolhimento, aferi\u00e7\u00e3o de sinais vitais e consultas, al\u00e9m de observarem o trabalho de m\u00e9dicos, enfermeiros e agentes comunit\u00e1rios. Tamb\u00e9m participam de a\u00e7\u00f5es de preven\u00e7\u00e3o e educa\u00e7\u00e3o em sa\u00fade e realizam visitas domiciliares, nas quais conhecem o ambiente e a rotina dos pacientes e de suas fam\u00edlias, ampliando a compreens\u00e3o sobre os fatores sociais que influenciam a sa\u00fade.<\/p>\n\n\n\n<p>Para Dane Vital, aluna do segundo semestre, a experi\u00eancia ajuda a compreender aspectos que dificilmente seriam percebidos apenas em sala de aula. Segundo ela, conhecer a rotina e a realidade das pessoas desde o in\u00edcio da gradua\u00e7\u00e3o transforma a maneira de enxergar o atendimento m\u00e9dico. \u201cDurante as visitas n\u00f3s conseguimos ver se os pacientes est\u00e3o fazendo bom uso dos medicamentos, qual \u00e9 o tipo de ambiente que ele vive, entendendo melhor a rotina e a din\u00e2mica da doen\u00e7a do paciente e da fam\u00edlia dele\u201d, diz.<\/p>\n\n\n\n<figure class=\"wp-block-image size-full\"><img loading=\"lazy\" decoding=\"async\" width=\"799\" height=\"533\" src=\"https:\/\/cdn.unasp.br\/unasp-noticias\/2026\/08\/31130052\/ubs.jpg\" alt=\"\" class=\"wp-image-108714\" srcset=\"https:\/\/cdn.unasp.br\/unasp-noticias\/2026\/08\/31130052\/ubs.jpg 799w, https:\/\/cdn.unasp.br\/unasp-noticias\/2026\/08\/31130052\/ubs-300x200.jpg 300w, https:\/\/cdn.unasp.br\/unasp-noticias\/2026\/08\/31130052\/ubs-768x512.jpg 768w, https:\/\/cdn.unasp.br\/unasp-noticias\/2026\/08\/31130052\/ubs-750x500.jpg 750w, https:\/\/cdn.unasp.br\/unasp-noticias\/2026\/08\/31130052\/ubs-720x480.jpg 720w, https:\/\/cdn.unasp.br\/unasp-noticias\/2026\/08\/31130052\/ubs-420x280.jpg 420w, https:\/\/cdn.unasp.br\/unasp-noticias\/2026\/08\/31130052\/ubs-500x334.jpg 500w, https:\/\/cdn.unasp.br\/unasp-noticias\/2026\/08\/31130052\/ubs-400x267.jpg 400w, https:\/\/cdn.unasp.br\/unasp-noticias\/2026\/08\/31130052\/ubs-225x150.jpg 225w, https:\/\/cdn.unasp.br\/unasp-noticias\/2026\/08\/31130052\/ubs-175x117.jpg 175w, https:\/\/cdn.unasp.br\/unasp-noticias\/2026\/08\/31130052\/ubs-200x133.jpg 200w, https:\/\/cdn.unasp.br\/unasp-noticias\/2026\/08\/31130052\/ubs-675x450.jpg 675w, https:\/\/cdn.unasp.br\/unasp-noticias\/2026\/08\/31130052\/ubs-390x260.jpg 390w, https:\/\/cdn.unasp.br\/unasp-noticias\/2026\/08\/31130052\/ubs-205x137.jpg 205w, https:\/\/cdn.unasp.br\/unasp-noticias\/2026\/08\/31130052\/ubs-480x320.jpg 480w\" sizes=\"(max-width: 799px) 100vw, 799px\" \/><figcaption class=\"wp-element-caption\">Nas visitas ao SUS, os alunos acompanham de perto os atendimentos dos profissionais. Foto: AICOM<\/figcaption><\/figure>\n\n\n\n<p>De acordo com o doutor Gustavo Letsch, coordenador adjunto de Medicina, a pr\u00e1tica \u00e9 acompanhada por profissionais e acontece de maneira gradual. Os estudantes primeiro observam, depois interagem com os pacientes e desenvolvem habilidades t\u00e9cnicas e humanas que complementam os conte\u00fados aprendidos na teoria e na simula\u00e7\u00e3o.<\/p>\n\n\n\n<p>O professor continua afirmando que esse contato tamb\u00e9m contribui para a forma\u00e7\u00e3o de um profissional capaz de compreender o paciente de maneira integral. O paciente \u00e9 um ser humano completo, com os seus problemas, suas situa\u00e7\u00f5es e agora o aluno aprende o que n\u00e3o aprende na sala de aula, a sua postura, o formato, o olhar, como perguntar, como receber as respostas\u201d, destaca. Leitch pondera que tudo isso forma um profissional completo dentro da medicina.<\/p>\n\n\n\n<h2 class=\"wp-block-heading\"><strong>F\u00e9, cura e miss\u00e3o<\/strong><\/h2>\n\n\n\n<p>Na perspectiva do curso, esses elementos tamb\u00e9m se conectam aos tr\u00eas eixos do curso: f\u00e9, cura e miss\u00e3o. A proposta considera a espiritualidade como parte da compreens\u00e3o integral do ser humano e busca preparar os futuros m\u00e9dicos para reconhecer diferentes dimens\u00f5es da experi\u00eancia dos pacientes.<\/p>\n\n\n\n<p>Segundo o coordenador adjunto Letsch, a sa\u00fade deve ser compreendida de maneira integral, indo al\u00e9m da aus\u00eancia de doen\u00e7as. Para ele, o bem-estar envolve as dimens\u00f5es f\u00edsica, mental, social e espiritual. \u201cA espiritualidade \u00e9 parte inerente do ser humano, e n\u00e3o somos pessoas completas, nem m\u00e9dicos completos, se n\u00e3o entendermos essa dimens\u00e3o na vida do paciente\u201d, destaca.\u00a0<\/p>\n\n\n<div class=\"wp-block-image\">\n<figure class=\"alignleft size-full is-resized\"><img loading=\"lazy\" decoding=\"async\" width=\"600\" height=\"800\" src=\"https:\/\/cdn.unasp.br\/unasp-noticias\/2026\/08\/31140250\/semana-de-oracao.jpg\" alt=\"\" class=\"wp-image-108717\" style=\"width:386px;height:auto\" srcset=\"https:\/\/cdn.unasp.br\/unasp-noticias\/2026\/08\/31140250\/semana-de-oracao.jpg 600w, https:\/\/cdn.unasp.br\/unasp-noticias\/2026\/08\/31140250\/semana-de-oracao-225x300.jpg 225w, https:\/\/cdn.unasp.br\/unasp-noticias\/2026\/08\/31140250\/semana-de-oracao-450x600.jpg 450w, https:\/\/cdn.unasp.br\/unasp-noticias\/2026\/08\/31140250\/semana-de-oracao-540x720.jpg 540w, https:\/\/cdn.unasp.br\/unasp-noticias\/2026\/08\/31140250\/semana-de-oracao-375x500.jpg 375w, https:\/\/cdn.unasp.br\/unasp-noticias\/2026\/08\/31140250\/semana-de-oracao-360x480.jpg 360w, https:\/\/cdn.unasp.br\/unasp-noticias\/2026\/08\/31140250\/semana-de-oracao-210x280.jpg 210w, https:\/\/cdn.unasp.br\/unasp-noticias\/2026\/08\/31140250\/semana-de-oracao-300x400.jpg 300w, https:\/\/cdn.unasp.br\/unasp-noticias\/2026\/08\/31140250\/semana-de-oracao-150x200.jpg 150w, https:\/\/cdn.unasp.br\/unasp-noticias\/2026\/08\/31140250\/semana-de-oracao-113x150.jpg 113w, https:\/\/cdn.unasp.br\/unasp-noticias\/2026\/08\/31140250\/semana-de-oracao-175x233.jpg 175w, https:\/\/cdn.unasp.br\/unasp-noticias\/2026\/08\/31140250\/semana-de-oracao-338x450.jpg 338w, https:\/\/cdn.unasp.br\/unasp-noticias\/2026\/08\/31140250\/semana-de-oracao-195x260.jpg 195w, https:\/\/cdn.unasp.br\/unasp-noticias\/2026\/08\/31140250\/semana-de-oracao-205x273.jpg 205w, https:\/\/cdn.unasp.br\/unasp-noticias\/2026\/08\/31140250\/semana-de-oracao-480x640.jpg 480w\" sizes=\"(max-width: 600px) 100vw, 600px\" \/><figcaption class=\"wp-element-caption\">A Semana de Ora\u00e7\u00e3o de Medicina \u00e9 mais um dos momentos de conex\u00e3o espiritual. Foto: AICOM<\/figcaption><\/figure><\/div>\n\n\n<p>O doutor explica, ainda, que, mesmo quando uma pessoa est\u00e1 bem em outros aspectos, a falta de uma conex\u00e3o espiritual pode estar relacionada a outras dificuldades. Por isso, ele defende a uni\u00e3o entre a capacidade t\u00e9cnica da medicina, a miss\u00e3o e a f\u00e9. \u201c\u00c9 preciso unir a capacidade t\u00e9cnica da medicina \u00e0 miss\u00e3o, que \u00e9 o que nos move e representa o porqu\u00ea de fazermos o que fazemos, e \u00e0 f\u00e9, a partir de um olhar que compreenda o paciente como uma pessoa \u00fanica, especial e complexa, que tamb\u00e9m precisa dessa conex\u00e3o\u201d, afirma.<\/p>\n\n\n\n<p>Essa proposta tamb\u00e9m \u00e9 colocada em pr\u00e1tica durante a forma\u00e7\u00e3o dos estudantes, por meio de momentos com os pacientes e de oportunidades para que eles participem, e n\u00e3o apenas nas atividades.<\/p>\n\n\n\n<p>A futura m\u00e9dica Dane, diz que a maneira como o curso est\u00e1 organizando as pr\u00e1ticas \u00e9 muito crucial para realizar atendimentos completos. \u201cComo a medicina \u00e9 pra salvar vidas, temos que salvar a vida do paciente entendendo um pouco da realidade dele\u201d, ressalta.<\/p>\n\n\n\n<p>Leitch diz que essas experi\u00eancias contribuem para a forma\u00e7\u00e3o de profissionais mais completos e tamb\u00e9m fortalecem os pr\u00f3prios estudantes diante dos desafios da profiss\u00e3o.\u201cN\u00f3s, m\u00e9dicos, tamb\u00e9m enfrentamos problemas, situa\u00e7\u00f5es e lutas, e precisamos de toda a ajuda poss\u00edvel para lidar com elas. Nada melhor do que a ajuda do Senhor\u201d, finaliza.<\/p>\n\n\n\n<p>Assim, entre os encontros do Cincoprasete, os momentos de espiritualidade e a presen\u00e7a nas unidades de sa\u00fade, os estudantes t\u00eam experi\u00eancias que ultrapassam os limites da sala de aula e aproximam a forma\u00e7\u00e3o m\u00e9dica da realidade das pessoas que ser\u00e3o atendidas por eles no futuro.<\/p>\n\n\n\n<h2 class=\"wp-block-heading\"><strong>Vestibular aberto<\/strong><\/h2>\n\n\n\n<p>As inscri\u00e7\u00f5es para o <a href=\"https:\/\/lp.unasp.edu.br\/vestibular-medicina\/?utm_source=google&amp;utm_medium=cpc&amp;utm_campaign=mp_*fundo*_*med*_*ht*_2027_*verao*_*vestibular_medicina*&amp;gad_source=1&amp;gad_campaignid=24081772254&amp;gbraid=0AAAAAClwm7hup6wWeCyYaiWg7j9Ax8aid&amp;gclid=CjwKCAjwzNTUBhAjEiwA7zcvWpjUAuuY4Mdm-qxspAjh4iiMtHBbIi3h8PD_I_IiPuoZYOqcRHfm4BoClQ0QAvD_BwE\">Vestibular de Medicina<\/a> do UNASP 2027 est\u00e3o abertas at\u00e9 o dia 10 de setembro de 2026. A aplica\u00e7\u00e3o da prova ser\u00e1 no dia 11 de outubro e os resultados ser\u00e3o divulgados no dia 06 de novembro. Para mais informa\u00e7\u00f5es, <a href=\"https:\/\/www.concursosfcc.com.br\/rybena\/web\/index.html?file=https:\/\/www.concursosfcc.com.br\/concursos\/unasp126\/unasp126-_edital_de_abertura_medicina_final_-_revisado.pdf\">confira o edital.\u00a0<\/a><\/p>\n","protected":false},"excerpt":{"rendered":"<p>Programa\u00e7\u00f5es espirituais e atividades pr\u00e1ticas aproximam os futuros m\u00e9dicos da realidade dos pacientes desde os primeiros semestres do curso.<\/p>\n","protected":false},"author":134,"featured_media":108714,"comment_status":"closed","ping_status":"open","sticky":false,"template":"","format":"standard","meta":{"footnotes":""},"categories":[3795],"tags":[292,3275,3685,272,65,60],"yoast_head":"<!-- This site is optimized with the Yoast SEO plugin v23.5 - https:\/\/yoast.com\/wordpress\/plugins\/seo\/ -->\n<title>Medicina amplia forma\u00e7\u00e3o aliando sa\u00fade e espiritualidade<\/title>\n<meta name=\"description\" content=\"O &quot;Cincoprasete&quot;, programa\u00e7\u00e3o organizada pelos estudantes de Medicina do UNASP, marcou o in\u00edcio das atividades espirituais do semestre.\" \/>\n<meta name=\"robots\" content=\"index, follow, max-snippet:-1, max-image-preview:large, max-video-preview:-1\" \/>\n<link rel=\"canonical\" href=\"https:\/\/unasp.br\/noticias\/medicina-amplia-formacao-aliando-saude-e-espiritualidade\/\" \/>\n<meta property=\"og:locale\" content=\"pt_BR\" \/>\n<meta property=\"og:type\" content=\"article\" \/>\n<meta property=\"og:title\" content=\"Medicina amplia forma\u00e7\u00e3o aliando sa\u00fade e espiritualidade\" \/>\n<meta property=\"og:description\" content=\"O &quot;Cincoprasete&quot;, programa\u00e7\u00e3o organizada pelos estudantes de Medicina do UNASP, marcou o in\u00edcio das atividades espirituais do semestre.\" \/>\n<meta property=\"og:url\" content=\"https:\/\/unasp.br\/noticias\/medicina-amplia-formacao-aliando-saude-e-espiritualidade\/\" \/>\n<meta property=\"og:site_name\" content=\"UNASP Noticias\" \/>\n<meta property=\"article:published_time\" content=\"2026-08-31T20:06:12+00:00\" \/>\n<meta property=\"og:image\" content=\"https:\/\/cdn.unasp.br\/unasp-noticias\/2026\/08\/31130052\/ubs.jpg\" \/>\n\t<meta property=\"og:image:width\" content=\"799\" \/>\n\t<meta property=\"og:image:height\" content=\"533\" \/>\n\t<meta property=\"og:image:type\" content=\"image\/jpeg\" \/>\n<meta name=\"author\" content=\"UCB - UNASP-EC - Victor Henrique Bernardo\" \/>\n<meta name=\"twitter:card\" content=\"summary_large_image\" \/>\n<meta name=\"twitter:label1\" content=\"Escrito por\" \/>\n\t<meta name=\"twitter:data1\" content=\"UCB - UNASP-EC - Victor Henrique Bernardo\" \/>\n\t<meta name=\"twitter:label2\" content=\"Est. tempo de leitura\" \/>\n\t<meta name=\"twitter:data2\" content=\"8 minutos\" \/>\n<script type=\"application\/ld+json\" class=\"yoast-schema-graph\">{\"@context\":\"https:\/\/schema.org\",\"@graph\":[{\"@type\":\"Article\",\"@id\":\"https:\/\/unasp.br\/noticias\/medicina-amplia-formacao-aliando-saude-e-espiritualidade\/#article\",\"isPartOf\":{\"@id\":\"https:\/\/unasp.br\/noticias\/medicina-amplia-formacao-aliando-saude-e-espiritualidade\/\"},\"author\":{\"name\":\"UCB - UNASP-EC - Victor Henrique Bernardo\",\"@id\":\"https:\/\/unasp.br\/noticias\/#\/schema\/person\/0f5eb14fa22eb30432ebf767d067a349\"},\"headline\":\"Curso de Medicina do UNASP amplia experi\u00eancias de forma\u00e7\u00e3o aliando sa\u00fade e espiritualidade\",\"datePublished\":\"2026-08-31T20:06:12+00:00\",\"dateModified\":\"2026-08-31T20:06:12+00:00\",\"mainEntityOfPage\":{\"@id\":\"https:\/\/unasp.br\/noticias\/medicina-amplia-formacao-aliando-saude-e-espiritualidade\/\"},\"wordCount\":1244,\"publisher\":{\"@id\":\"https:\/\/unasp.br\/noticias\/#organization\"},\"image\":{\"@id\":\"https:\/\/unasp.br\/noticias\/medicina-amplia-formacao-aliando-saude-e-espiritualidade\/#primaryimage\"},\"thumbnailUrl\":\"https:\/\/cdn.unasp.br\/unasp-noticias\/2026\/08\/31130052\/ubs.jpg\",\"keywords\":[\"Gradua\u00e7\u00e3o\",\"Hortol\u00e2ndia\",\"medicina\",\"Miss\u00e3o\",\"sa\u00fade\",\"UNASP\"],\"articleSection\":[\"Miss\u00e3o e Espiritualidade\"],\"inLanguage\":\"pt-BR\"},{\"@type\":\"WebPage\",\"@id\":\"https:\/\/unasp.br\/noticias\/medicina-amplia-formacao-aliando-saude-e-espiritualidade\/\",\"url\":\"https:\/\/unasp.br\/noticias\/medicina-amplia-formacao-aliando-saude-e-espiritualidade\/\",\"name\":\"Medicina amplia forma\u00e7\u00e3o aliando sa\u00fade e espiritualidade\",\"isPartOf\":{\"@id\":\"https:\/\/unasp.br\/noticias\/#website\"},\"primaryImageOfPage\":{\"@id\":\"https:\/\/unasp.br\/noticias\/medicina-amplia-formacao-aliando-saude-e-espiritualidade\/#primaryimage\"},\"image\":{\"@id\":\"https:\/\/unasp.br\/noticias\/medicina-amplia-formacao-aliando-saude-e-espiritualidade\/#primaryimage\"},\"thumbnailUrl\":\"https:\/\/cdn.unasp.br\/unasp-noticias\/2026\/08\/31130052\/ubs.jpg\",\"datePublished\":\"2026-08-31T20:06:12+00:00\",\"dateModified\":\"2026-08-31T20:06:12+00:00\",\"description\":\"O \\\"Cincoprasete\\\", programa\u00e7\u00e3o organizada pelos estudantes de Medicina do UNASP, marcou o in\u00edcio das atividades espirituais do semestre.\",\"breadcrumb\":{\"@id\":\"https:\/\/unasp.br\/noticias\/medicina-amplia-formacao-aliando-saude-e-espiritualidade\/#breadcrumb\"},\"inLanguage\":\"pt-BR\",\"potentialAction\":[{\"@type\":\"ReadAction\",\"target\":[\"https:\/\/unasp.br\/noticias\/medicina-amplia-formacao-aliando-saude-e-espiritualidade\/\"]}]},{\"@type\":\"ImageObject\",\"inLanguage\":\"pt-BR\",\"@id\":\"https:\/\/unasp.br\/noticias\/medicina-amplia-formacao-aliando-saude-e-espiritualidade\/#primaryimage\",\"url\":\"https:\/\/cdn.unasp.br\/unasp-noticias\/2026\/08\/31130052\/ubs.jpg\",\"contentUrl\":\"https:\/\/cdn.unasp.br\/unasp-noticias\/2026\/08\/31130052\/ubs.jpg\",\"width\":799,\"height\":533},{\"@type\":\"BreadcrumbList\",\"@id\":\"https:\/\/unasp.br\/noticias\/medicina-amplia-formacao-aliando-saude-e-espiritualidade\/#breadcrumb\",\"itemListElement\":[{\"@type\":\"ListItem\",\"position\":1,\"name\":\"In\u00edcio\",\"item\":\"https:\/\/unasp.br\/noticias\/\"},{\"@type\":\"ListItem\",\"position\":2,\"name\":\"Curso de Medicina do UNASP amplia experi\u00eancias de forma\u00e7\u00e3o aliando sa\u00fade e espiritualidade\"}]},{\"@type\":\"WebSite\",\"@id\":\"https:\/\/unasp.br\/noticias\/#website\",\"url\":\"https:\/\/unasp.br\/noticias\/\",\"name\":\"UNASP Noticias\",\"description\":\"Centro Universit\u00e1rio Adventista de S\u00e3o Paulo\",\"publisher\":{\"@id\":\"https:\/\/unasp.br\/noticias\/#organization\"},\"potentialAction\":[{\"@type\":\"SearchAction\",\"target\":{\"@type\":\"EntryPoint\",\"urlTemplate\":\"https:\/\/unasp.br\/noticias\/?s={search_term_string}\"},\"query-input\":{\"@type\":\"PropertyValueSpecification\",\"valueRequired\":true,\"valueName\":\"search_term_string\"}}],\"inLanguage\":\"pt-BR\"},{\"@type\":\"Organization\",\"@id\":\"https:\/\/unasp.br\/noticias\/#organization\",\"name\":\"UNASP Noticias\",\"url\":\"https:\/\/unasp.br\/noticias\/\",\"logo\":{\"@type\":\"ImageObject\",\"inLanguage\":\"pt-BR\",\"@id\":\"https:\/\/unasp.br\/noticias\/#\/schema\/logo\/image\/\",\"url\":\"https:\/\/cdn.unasp.br\/noticias\/wp-content\/uploads\/2021\/09\/09152724\/logo-unasp-news.png\",\"contentUrl\":\"https:\/\/cdn.unasp.br\/noticias\/wp-content\/uploads\/2021\/09\/09152724\/logo-unasp-news.png\",\"width\":240,\"height\":41,\"caption\":\"UNASP Noticias\"},\"image\":{\"@id\":\"https:\/\/unasp.br\/noticias\/#\/schema\/logo\/image\/\"}},{\"@type\":\"Person\",\"@id\":\"https:\/\/unasp.br\/noticias\/#\/schema\/person\/0f5eb14fa22eb30432ebf767d067a349\",\"name\":\"UCB - UNASP-EC - Victor Henrique Bernardo\",\"image\":{\"@type\":\"ImageObject\",\"inLanguage\":\"pt-BR\",\"@id\":\"https:\/\/unasp.br\/noticias\/#\/schema\/person\/image\/\",\"url\":\"https:\/\/secure.gravatar.com\/avatar\/43038844a2cee72b27872396e9df5fa2?s=96&d=mm&r=g\",\"contentUrl\":\"https:\/\/secure.gravatar.com\/avatar\/43038844a2cee72b27872396e9df5fa2?s=96&d=mm&r=g\",\"caption\":\"UCB - UNASP-EC - Victor Henrique Bernardo\"},\"url\":\"https:\/\/unasp.br\/noticias\/author\/victor-bernardo\/\"}]}<\/script>\n<!-- \/ Yoast SEO plugin. -->","yoast_head_json":{"title":"Medicina amplia forma\u00e7\u00e3o aliando sa\u00fade e espiritualidade","description":"O \"Cincoprasete\", programa\u00e7\u00e3o organizada pelos estudantes de Medicina do UNASP, marcou o in\u00edcio das atividades espirituais do semestre.","robots":{"index":"index","follow":"follow","max-snippet":"max-snippet:-1","max-image-preview":"max-image-preview:large","max-video-preview":"max-video-preview:-1"},"canonical":"https:\/\/unasp.br\/noticias\/medicina-amplia-formacao-aliando-saude-e-espiritualidade\/","og_locale":"pt_BR","og_type":"article","og_title":"Medicina amplia forma\u00e7\u00e3o aliando sa\u00fade e espiritualidade","og_description":"O \"Cincoprasete\", programa\u00e7\u00e3o organizada pelos estudantes de Medicina do UNASP, marcou o in\u00edcio das atividades espirituais do semestre.","og_url":"https:\/\/unasp.br\/noticias\/medicina-amplia-formacao-aliando-saude-e-espiritualidade\/","og_site_name":"UNASP Noticias","article_published_time":"2026-08-31T20:06:12+00:00","og_image":[{"width":799,"height":533,"url":"https:\/\/cdn.unasp.br\/unasp-noticias\/2026\/08\/31130052\/ubs.jpg","type":"image\/jpeg"}],"author":"UCB - UNASP-EC - Victor Henrique Bernardo","twitter_card":"summary_large_image","twitter_misc":{"Escrito por":"UCB - UNASP-EC - Victor Henrique Bernardo","Est. tempo de leitura":"8 minutos"},"schema":{"@context":"https:\/\/schema.org","@graph":[{"@type":"Article","@id":"https:\/\/unasp.br\/noticias\/medicina-amplia-formacao-aliando-saude-e-espiritualidade\/#article","isPartOf":{"@id":"https:\/\/unasp.br\/noticias\/medicina-amplia-formacao-aliando-saude-e-espiritualidade\/"},"author":{"name":"UCB - UNASP-EC - Victor Henrique Bernardo","@id":"https:\/\/unasp.br\/noticias\/#\/schema\/person\/0f5eb14fa22eb30432ebf767d067a349"},"headline":"Curso de Medicina do UNASP amplia experi\u00eancias de forma\u00e7\u00e3o aliando sa\u00fade e espiritualidade","datePublished":"2026-08-31T20:06:12+00:00","dateModified":"2026-08-31T20:06:12+00:00","mainEntityOfPage":{"@id":"https:\/\/unasp.br\/noticias\/medicina-amplia-formacao-aliando-saude-e-espiritualidade\/"},"wordCount":1244,"publisher":{"@id":"https:\/\/unasp.br\/noticias\/#organization"},"image":{"@id":"https:\/\/unasp.br\/noticias\/medicina-amplia-formacao-aliando-saude-e-espiritualidade\/#primaryimage"},"thumbnailUrl":"https:\/\/cdn.unasp.br\/unasp-noticias\/2026\/08\/31130052\/ubs.jpg","keywords":["Gradua\u00e7\u00e3o","Hortol\u00e2ndia","medicina","Miss\u00e3o","sa\u00fade","UNASP"],"articleSection":["Miss\u00e3o e Espiritualidade"],"inLanguage":"pt-BR"},{"@type":"WebPage","@id":"https:\/\/unasp.br\/noticias\/medicina-amplia-formacao-aliando-saude-e-espiritualidade\/","url":"https:\/\/unasp.br\/noticias\/medicina-amplia-formacao-aliando-saude-e-espiritualidade\/","name":"Medicina amplia forma\u00e7\u00e3o aliando sa\u00fade e espiritualidade","isPartOf":{"@id":"https:\/\/unasp.br\/noticias\/#website"},"primaryImageOfPage":{"@id":"https:\/\/unasp.br\/noticias\/medicina-amplia-formacao-aliando-saude-e-espiritualidade\/#primaryimage"},"image":{"@id":"https:\/\/unasp.br\/noticias\/medicina-amplia-formacao-aliando-saude-e-espiritualidade\/#primaryimage"},"thumbnailUrl":"https:\/\/cdn.unasp.br\/unasp-noticias\/2026\/08\/31130052\/ubs.jpg","datePublished":"2026-08-31T20:06:12+00:00","dateModified":"2026-08-31T20:06:12+00:00","description":"O \"Cincoprasete\", programa\u00e7\u00e3o organizada pelos estudantes de Medicina do UNASP, marcou o in\u00edcio das atividades espirituais do semestre.","breadcrumb":{"@id":"https:\/\/unasp.br\/noticias\/medicina-amplia-formacao-aliando-saude-e-espiritualidade\/#breadcrumb"},"inLanguage":"pt-BR","potentialAction":[{"@type":"ReadAction","target":["https:\/\/unasp.br\/noticias\/medicina-amplia-formacao-aliando-saude-e-espiritualidade\/"]}]},{"@type":"ImageObject","inLanguage":"pt-BR","@id":"https:\/\/unasp.br\/noticias\/medicina-amplia-formacao-aliando-saude-e-espiritualidade\/#primaryimage","url":"https:\/\/cdn.unasp.br\/unasp-noticias\/2026\/08\/31130052\/ubs.jpg","contentUrl":"https:\/\/cdn.unasp.br\/unasp-noticias\/2026\/08\/31130052\/ubs.jpg","width":799,"height":533},{"@type":"BreadcrumbList","@id":"https:\/\/unasp.br\/noticias\/medicina-amplia-formacao-aliando-saude-e-espiritualidade\/#breadcrumb","itemListElement":[{"@type":"ListItem","position":1,"name":"In\u00edcio","item":"https:\/\/unasp.br\/noticias\/"},{"@type":"ListItem","position":2,"name":"Curso de Medicina do UNASP amplia experi\u00eancias de forma\u00e7\u00e3o aliando sa\u00fade e espiritualidade"}]},{"@type":"WebSite","@id":"https:\/\/unasp.br\/noticias\/#website","url":"https:\/\/unasp.br\/noticias\/","name":"UNASP Noticias","description":"Centro Universit\u00e1rio Adventista de S\u00e3o Paulo","publisher":{"@id":"https:\/\/unasp.br\/noticias\/#organization"},"potentialAction":[{"@type":"SearchAction","target":{"@type":"EntryPoint","urlTemplate":"https:\/\/unasp.br\/noticias\/?s={search_term_string}"},"query-input":{"@type":"PropertyValueSpecification","valueRequired":true,"valueName":"search_term_string"}}],"inLanguage":"pt-BR"},{"@type":"Organization","@id":"https:\/\/unasp.br\/noticias\/#organization","name":"UNASP Noticias","url":"https:\/\/unasp.br\/noticias\/","logo":{"@type":"ImageObject","inLanguage":"pt-BR","@id":"https:\/\/unasp.br\/noticias\/#\/schema\/logo\/image\/","url":"https:\/\/cdn.unasp.br\/noticias\/wp-content\/uploads\/2021\/09\/09152724\/logo-unasp-news.png","contentUrl":"https:\/\/cdn.unasp.br\/noticias\/wp-content\/uploads\/2021\/09\/09152724\/logo-unasp-news.png","width":240,"height":41,"caption":"UNASP Noticias"},"image":{"@id":"https:\/\/unasp.br\/noticias\/#\/schema\/logo\/image\/"}},{"@type":"Person","@id":"https:\/\/unasp.br\/noticias\/#\/schema\/person\/0f5eb14fa22eb30432ebf767d067a349","name":"UCB - UNASP-EC - Victor Henrique Bernardo","image":{"@type":"ImageObject","inLanguage":"pt-BR","@id":"https:\/\/unasp.br\/noticias\/#\/schema\/person\/image\/","url":"https:\/\/secure.gravatar.com\/avatar\/43038844a2cee72b27872396e9df5fa2?s=96&d=mm&r=g","contentUrl":"https:\/\/secure.gravatar.com\/avatar\/43038844a2cee72b27872396e9df5fa2?s=96&d=mm&r=g","caption":"UCB - UNASP-EC - Victor Henrique Bernardo"},"url":"https:\/\/unasp.br\/noticias\/author\/victor-bernardo\/"}]}},"_links":{"self":[{"href":"https:\/\/unasp.br\/noticias\/wp-json\/wp\/v2\/posts\/108708"}],"collection":[{"href":"https:\/\/unasp.br\/noticias\/wp-json\/wp\/v2\/posts"}],"about":[{"href":"https:\/\/unasp.br\/noticias\/wp-json\/wp\/v2\/types\/post"}],"author":[{"embeddable":true,"href":"https:\/\/unasp.br\/noticias\/wp-json\/wp\/v2\/users\/134"}],"replies":[{"embeddable":true,"href":"https:\/\/unasp.br\/noticias\/wp-json\/wp\/v2\/comments?post=108708"}],"version-history":[{"count":7,"href":"https:\/\/unasp.br\/noticias\/wp-json\/wp\/v2\/posts\/108708\/revisions"}],"predecessor-version":[{"id":108719,"href":"https:\/\/unasp.br\/noticias\/wp-json\/wp\/v2\/posts\/108708\/revisions\/108719"}],"wp:featuredmedia":[{"embeddable":true,"href":"https:\/\/unasp.br\/noticias\/wp-json\/wp\/v2\/media\/108714"}],"wp:attachment":[{"href":"https:\/\/unasp.br\/noticias\/wp-json\/wp\/v2\/media?parent=108708"}],"wp:term":[{"taxonomy":"category","embeddable":true,"href":"https:\/\/unasp.br\/noticias\/wp-json\/wp\/v2\/categories?post=108708"},{"taxonomy":"post_tag","embeddable":true,"href":"https:\/\/unasp.br\/noticias\/wp-json\/wp\/v2\/tags?post=108708"}],"curies":[{"name":"wp","href":"https:\/\/api.w.org\/{rel}","templated":true}]}}