{"id":108720,"date":"2026-09-03T13:59:47","date_gmt":"2026-09-03T16:59:47","guid":{"rendered":"https:\/\/unasp.br\/noticias\/?p=108720"},"modified":"2026-09-03T16:48:38","modified_gmt":"2026-09-03T19:48:38","slug":"onevoice27-missao-para-todos","status":"publish","type":"post","link":"https:\/\/unasp.br\/noticias\/onevoice27-missao-para-todos\/","title":{"rendered":"ONEVOICE27 &#8211; MISS\u00c3O PARA TODOS"},"content":{"rendered":"\n<p><em>Entrevista concedida a S\u00e2mela Lima nos est\u00fadios da Faculdade Adventista de Comunica\u00e7\u00e3o e Inova\u00e7\u00e3o (FACI) do UNASP, em 14 de agosto de 2026. As falas foram traduzidas do ingl\u00eas e levemente editadas para leitura, preservando o sentido original.<\/em><\/p>\n\n\n<div class=\"wp-block-image\">\n<figure class=\"alignright size-full is-resized\"><img loading=\"lazy\" decoding=\"async\" width=\"480\" height=\"853\" src=\"https:\/\/cdn.unasp.br\/unasp-noticias\/2026\/09\/03080645\/Imagem1.jpg\" alt=\"\" class=\"wp-image-108721\" style=\"width:318px;height:auto\" srcset=\"https:\/\/cdn.unasp.br\/unasp-noticias\/2026\/09\/03080645\/Imagem1.jpg 480w, https:\/\/cdn.unasp.br\/unasp-noticias\/2026\/09\/03080645\/Imagem1-169x300.jpg 169w, https:\/\/cdn.unasp.br\/unasp-noticias\/2026\/09\/03080645\/Imagem1-338x600.jpg 338w, https:\/\/cdn.unasp.br\/unasp-noticias\/2026\/09\/03080645\/Imagem1-450x800.jpg 450w, https:\/\/cdn.unasp.br\/unasp-noticias\/2026\/09\/03080645\/Imagem1-405x720.jpg 405w, https:\/\/cdn.unasp.br\/unasp-noticias\/2026\/09\/03080645\/Imagem1-281x500.jpg 281w, https:\/\/cdn.unasp.br\/unasp-noticias\/2026\/09\/03080645\/Imagem1-270x480.jpg 270w, https:\/\/cdn.unasp.br\/unasp-noticias\/2026\/09\/03080645\/Imagem1-158x280.jpg 158w, https:\/\/cdn.unasp.br\/unasp-noticias\/2026\/09\/03080645\/Imagem1-225x400.jpg 225w, https:\/\/cdn.unasp.br\/unasp-noticias\/2026\/09\/03080645\/Imagem1-113x200.jpg 113w, https:\/\/cdn.unasp.br\/unasp-noticias\/2026\/09\/03080645\/Imagem1-84x150.jpg 84w, https:\/\/cdn.unasp.br\/unasp-noticias\/2026\/09\/03080645\/Imagem1-253x450.jpg 253w, https:\/\/cdn.unasp.br\/unasp-noticias\/2026\/09\/03080645\/Imagem1-146x260.jpg 146w, https:\/\/cdn.unasp.br\/unasp-noticias\/2026\/09\/03080645\/Imagem1-205x364.jpg 205w\" sizes=\"(max-width: 480px) 100vw, 480px\" \/><figcaption class=\"wp-element-caption\">Doutora Lisa Beardsley-Hardy nos est\u00fadios da FACI. Foto: Arquivo pessoal<\/figcaption><\/figure><\/div>\n\n\n<p>O <strong>OneVoice27<\/strong> \u00e9 o <a href=\"https:\/\/onevoice27.org\/\">movimento mission\u00e1rio global<\/a> da Igreja Adventista do S\u00e9timo Dia para o per\u00edodo que vai de setembro de 2026 a setembro de 2027. A proposta \u00e9 simples de enunciar e ambiciosa de executar: durante um ano, a Igreja inteira, em todos os continentes, em todas as institui\u00e7\u00f5es, em todas as \u00e1reas do conhecimento, se organiza em torno de uma \u00fanica mensagem, <em>&#8220;Jesus faz tudo novo&#8221;<\/em>, dita por muitas vozes ao mesmo tempo. O nome vem da\u00ed: n\u00e3o \u00e9 uma voz falando para o mundo todo, s\u00e3o milhares de vozes falando a mesma coisa. Nenhuma ferramenta deve estar fora do alcance da miss\u00e3o: usaremos todas as tecnologias necess\u00e1rias para que a mensagem chegue onde as pessoas j\u00e1 est\u00e3o.<\/p>\n\n\n\n<p>Para entender de onde vem esse movimento e o papel das institui\u00e7\u00f5es de ensino nesse grande movimento, o UNASP conversou com a <strong>doutora Lisa Beardsley-Hardy, diretora mundial de educa\u00e7\u00e3o da Igreja Adventista do S\u00e9timo Dia<\/strong>.<\/p>\n\n\n\n<h2 class=\"wp-block-heading\"><strong>De uma voz para muitas vozes<\/strong><\/h2>\n\n\n\n<p>Antes de falar sobre o presente, a doutora Lisa faz quest\u00e3o de dar uma aula de hist\u00f3ria. Em 1995, a Igreja lan\u00e7ou uma nova abordagem de evangelismo usando a tecnologia de ponta da \u00e9poca: o Net 95, uma alus\u00e3o a lan\u00e7ar redes e ser pescadores de homens, s\u00f3 que &#8220;usando redes de transmiss\u00e3o satelitais&#8221;. A primeira transmiss\u00e3o saiu de Chattanooga, no Tennessee, com Mark Finley como orador e o pastor Charles D. Brooks respondendo \u00e0s perguntas b\u00edblicas enviadas pelo p\u00fablico. O salto veio tr\u00eas anos depois, em 1998, no campus da Universidade Andrews, com o pastor Dwight Nelson no p\u00falpito e dois seminaristas como \u00e2ncoras, e ela estava l\u00e1. &#8220;Foi o maior evangelismo por sat\u00e9lite j\u00e1 feito na hist\u00f3ria&#8221;, lembra. &#8220;Eram 7.600 pontos de transmiss\u00e3o em 100 pa\u00edses, com tradu\u00e7\u00e3o simult\u00e2nea em 38 idiomas. Eu tinha acabado de come\u00e7ar a trabalhar em Andrews, ent\u00e3o tive o privil\u00e9gio de estar na plateia todas as noites. O ambiente era energizado &#8211; parecia brasileiro em jogo de futebol.&#8221;<\/p>\n\n\n<div class=\"wp-block-image\">\n<figure class=\"alignleft size-full is-resized\"><img loading=\"lazy\" decoding=\"async\" width=\"322\" height=\"436\" src=\"https:\/\/cdn.unasp.br\/unasp-noticias\/2026\/09\/03080922\/Imagem2.jpg\" alt=\"\" class=\"wp-image-108723\" style=\"width:311px;height:auto\" srcset=\"https:\/\/cdn.unasp.br\/unasp-noticias\/2026\/09\/03080922\/Imagem2.jpg 322w, https:\/\/cdn.unasp.br\/unasp-noticias\/2026\/09\/03080922\/Imagem2-222x300.jpg 222w, https:\/\/cdn.unasp.br\/unasp-noticias\/2026\/09\/03080922\/Imagem2-207x280.jpg 207w, https:\/\/cdn.unasp.br\/unasp-noticias\/2026\/09\/03080922\/Imagem2-295x400.jpg 295w, https:\/\/cdn.unasp.br\/unasp-noticias\/2026\/09\/03080922\/Imagem2-148x200.jpg 148w, https:\/\/cdn.unasp.br\/unasp-noticias\/2026\/09\/03080922\/Imagem2-111x150.jpg 111w, https:\/\/cdn.unasp.br\/unasp-noticias\/2026\/09\/03080922\/Imagem2-175x237.jpg 175w, https:\/\/cdn.unasp.br\/unasp-noticias\/2026\/09\/03080922\/Imagem2-192x260.jpg 192w, https:\/\/cdn.unasp.br\/unasp-noticias\/2026\/09\/03080922\/Imagem2-205x278.jpg 205w\" sizes=\"(max-width: 322px) 100vw, 322px\" \/><figcaption class=\"wp-element-caption\">Fonte: <a href=\"https:\/\/encyclopedia.adventist.org\/article?id=HIPP\">Encyclopedia of Seventh-Day Adventists<\/a><\/figcaption><\/figure><\/div>\n\n\n<p>A mem\u00f3ria, por\u00e9m, n\u00e3o \u00e9 contada por nostalgia. Ela serve para marcar um contraste. &#8220;Naquela \u00e9poca, o modelo era um orador e m\u00faltiplos pontos de transmiss\u00e3o&#8221;, explica. A igreja local n\u00e3o estava ausente, muitos desses pontos ficavam justamente em igrejas, que convidavam vizinhos e conhecidos, mas o papel de todos era essencialmente o mesmo: &#8220;todo mundo sentava na igreja olhando para uma tela, com uma \u00fanica pessoa fazendo todo o trabalho&#8221;. \u00c9 exatamente esse arranjo que agora se desfaz. &#8220;O OneVoice27 vira esse modelo de cabe\u00e7a para baixo&#8221;, resume a doutora Lisa. &#8220;Agora, em vez de um orador e muitos pontos de transmiss\u00e3o, s\u00e3o muitos oradores ao redor do mundo, e as universidades t\u00eam um papel-chave nisso. Mas a chave \u00e9 falar com uma s\u00f3 voz.&#8221;<\/p>\n\n\n\n<h2 class=\"wp-block-heading\"><strong>O diferencial da Universidade para o OneVoice27<\/strong><\/h2>\n\n\n\n<p>Quando a conversa passa do hist\u00f3rico para o operacional, sobre o se espera, afinal, de uma institui\u00e7\u00e3o como o UNASP, a primeira resposta \u00e9 uma delimita\u00e7\u00e3o, e ela costuma tranquilizar administradores: &#8220;A lideran\u00e7a mundial da Igreja Adventista n\u00e3o est\u00e1 dizendo: voc\u00eas t\u00eam que fazer isso, ou aquilo, ou aquilo outro. Existe verdadeiramente uma abertura para a dire\u00e7\u00e3o do Esp\u00edrito Santo.&#8221; O movimento oferece um eixo comum, n\u00e3o um roteiro fechado.<\/p>\n\n\n\n<p>O que a Igreja identifica nas suas universidades \u00e9 uma vantagem que nenhuma outra institui\u00e7\u00e3o do sistema possui. &#8220;Nossas universidades t\u00eam algo que nenhuma outra institui\u00e7\u00e3o da Igreja tem. \u00c9 um recurso natural maravilhoso: estudantes &#8211; estudantes que s\u00e3o nativos digitais&#8221;, diz ela. &#8220;Eles j\u00e1 t\u00eam o aparelho, e mesmo se n\u00e3o t\u00eam, sabem us\u00e1-lo.&#8221; A partir da\u00ed, o papel do sistema educacional se desdobra em duas frentes bastante concretas.<\/p>\n\n\n\n<p>A primeira \u00e9 garantir fundamento. Para a doutora Lisa, o trabalho de professores e administradores universit\u00e1rios consiste em &#8220;ajudar a ensin\u00e1-los a usar os dispositivos digitais que j\u00e1 possuem, e a garantir que aquilo que criam como criadores de conte\u00fado seja biblicamente fundamentado e teologicamente s\u00f3lido&#8221;. Isso n\u00e3o significa formar uma gera\u00e7\u00e3o de imitadores. &#8220;Isso n\u00e3o significa que eles v\u00e3o fazer o que Mark Finley fez no Net 95. Provavelmente n\u00e3o v\u00e3o replicar aquilo, v\u00e3o encontrar um jeito novo e criativo. Mas precisam garantir esse fundamento&#8221;, destaca.<\/p>\n\n\n\n<p>A segunda frente \u00e9 garantir acesso e dom\u00ednio t\u00e9cnico, e aqui ela olha ao redor, para o est\u00fadio onde a entrevista acontece. &#8220;\u00c9 verdade que eles t\u00eam o celular, mas lugares como o UNASP podem montar est\u00fadios digitais. N\u00f3s estamos em um dos est\u00fadios de voc\u00eas agora: a ac\u00fastica \u00e9 \u00f3tima, a ilumina\u00e7\u00e3o \u00e9 \u00f3tima.&#8221; O que ela v\u00ea como oportunidade \u00e9 transformar essa infraestrutura em forma\u00e7\u00e3o: &#8220;Podemos ajudar os estudantes a aprender a usar isso, a montar pequenos est\u00fadios, diferentes fundos, chroma key, e a fazer edi\u00e7\u00e3o b\u00e1sica, para que possam usar o que produzem para compartilhar a mensagem com outros.&#8221;<\/p>\n\n\n\n<p>Perguntada sobre iniciativas j\u00e1 em andamento na rede mundial que poderiam servir de inspira\u00e7\u00e3o para as demais, a resposta foi direta e devolvida ao anfitri\u00e3o: &#8220;Se eu fosse destacar um lugar, seria este lugar. Voc\u00eas est\u00e3o fazendo um trabalho realmente de ponta.&#8221; A raz\u00e3o, segundo ela, est\u00e1 na combina\u00e7\u00e3o rara de compet\u00eancias reunidas no mesmo campus &#8211; &#8220;um departamento de comunica\u00e7\u00e3o muito forte, professores que entendem os princ\u00edpios da comunica\u00e7\u00e3o e um departamento de teologia robusto para ajudar os estudantes a garantir o fundamento b\u00edblico&#8221;\u00a0 e \u00e9 isso que a deixa curiosa para acompanhar &#8220;como o OneVoice27 crescer\u00e1 e amadurecer\u00e1 aqui&#8221;.<\/p>\n\n\n\n<h2 class=\"wp-block-heading\"><strong>Onde o OneVoice27 se encaixa: o &#8220;I Will Go&#8221;<\/strong><\/h2>\n\n\n\n<p>Um ponto que a doutora Lisa faz quest\u00e3o de esclarecer \u00e9 que o movimento n\u00e3o nasce de forma isolada. Ele se encaixa no plano estrat\u00e9gico <a href=\"https:\/\/unasp.br\/noticias\/ex-alunos-do-unasp-se-destacam-como-lideres-em-evento-mundial-da-igreja-adventista-do-setimo-dia\/\">global<\/a> da Igreja, o &#8220;Eu Irei&#8221; (<em>I Will Go<\/em>), estruturado em quatro partes: comunh\u00e3o com Deus, identidade em Cristo, unidade no Esp\u00edrito Santo e miss\u00e3o para todos. &#8220;O OneVoice27 est\u00e1 em miss\u00e3o para todos&#8221;, situa. E &#8220;miss\u00e3o para todos&#8221; \u00e9 para ser lido literalmente: &#8220;Todo mundo pode fazer alguma coisa, seja usando o celular, seja conversando por telefone com algu\u00e9m, seja simplesmente compartilhando pessoalmente algo sobre Cristo com algu\u00e9m que tem uma necessidade espec\u00edfica.&#8221;<\/p>\n\n\n\n<p>H\u00e1, embutida nessas quatro partes, uma sequ\u00eancia pedag\u00f3gica que ela descreve como o roteiro dos primeiros meses. &#8220;Muitos campi v\u00e3o come\u00e7ar pela primeira parte, comunh\u00e3o com Deus. V\u00e3o passar os primeiros meses, talvez at\u00e9 o Natal, em comunh\u00e3o com Deus &#8211; usando o livro <em>O Desejado de Todas as Na\u00e7\u00f5es<\/em>, para que as pessoas compreendam quem Jesus foi.&#8221; S\u00f3 ent\u00e3o vem a etapa seguinte, quando os estudantes j\u00e1 &#8220;aprenderam os h\u00e1bitos de ler a B\u00edblia, de orar, de entender o plano de Deus para a vida deles&#8221; e podem encontrar sua identidade em Cristo. E depois disso, diz ela, chega &#8220;a parte energizante, que \u00e9 o batismo do Esp\u00edrito Santo&#8221;, a etapa que, na sua leitura, sustenta todas as outras: &#8220;podemos ter habilidades t\u00e9cnicas, podemos ter percep\u00e7\u00e3o teol\u00f3gica, mas \u00e9 o Esp\u00edrito Santo quem vai capacitar este trabalho&#8221;.<\/p>\n\n\n\n<p>Para a \u00e1rea da Educa\u00e7\u00e3o especificamente, a <a href=\"http:\/\/translate.google.com\/translate?u=https:\/\/gc.adventist.org\/&amp;hl=pt&amp;sl=en&amp;tl=pt&amp;client=srp\">lideran\u00e7a mundial da Igreja<\/a> fez uma escolha deliberada de foco. &#8220;Para o quarto elemento, miss\u00e3o para todos, na Educa\u00e7\u00e3o n\u00f3s selecionamos um \u00fanico objetivo, entre todos os objetivos do plano estrat\u00e9gico&#8221;, conta a doutora Lisa. &#8220;Com todos os diretores de Educa\u00e7\u00e3o, escolhemos apenas um: miss\u00e3o realizada por jovens, para jovens. Esse \u00e9 o nosso \u00fanico objetivo.&#8221; O plano completo, com os quatro elementos e os objetivos espec\u00edficos da Educa\u00e7\u00e3o em todo o mundo, est\u00e1 dispon\u00edvel na internet sob o nome <a href=\"https:\/\/iwillgo.org\/\"><em>I Will Go<\/em><\/a>.<\/p>\n\n\n\n<h2 class=\"wp-block-heading\"><strong>&#8220;E se eu n\u00e3o sou da Comunica\u00e7\u00e3o nem da Teologia?&#8221;<\/strong><\/h2>\n\n\n\n<p>Esta \u00e9, provavelmente, a pergunta mais frequente: como envolver professores e alunos das Engenharias, da Sa\u00fade, da Educa\u00e7\u00e3o e tanta outras \u00e1reas presentes no UNASP em um movimento que, \u00e0 primeira vista, parece territ\u00f3rio de comunicadores e te\u00f3logos. E como isso se distingue, ou n\u00e3o, da Integra\u00e7\u00e3o F\u00e9, Ensino e Aprendizagem que as institui\u00e7\u00f5es j\u00e1 praticam. A resposta \u00e9 a parte mais pr\u00e1tica da entrevista, e come\u00e7a por uma liberdade: &#8220;\u00c9 aberto ao modo como o professor quiser adaptar.&#8221;<\/p>\n\n\n\n<p>O exemplo que ela oferece vem da sede da Igreja Adventista na \u00c1frica Centro-Ocidental, onde <em>O Desejado de Todas as Na\u00e7\u00f5es<\/em> foi rebatizado de &#8220;O Her\u00f3i Humilde&#8221; e ganhou vers\u00f5es condensadas para o ensino fundamental e m\u00e9dio, acompanhadas de cadernos de atividades, adapta\u00e7\u00e3o necess\u00e1ria num contexto em que boa parte dos estudantes das escolas adventistas n\u00e3o \u00e9 crist\u00e3. A mesma l\u00f3gica, sugere ela, vale para cada \u00e1rea do conhecimento: o material \u00e9 o mesmo, a tradu\u00e7\u00e3o \u00e9 local.<\/p>\n\n\n\n<p>A recomenda\u00e7\u00e3o metodol\u00f3gica que faz aos gestores \u00e9 clara e, significativamente, n\u00e3o exige criar nada do zero. &#8220;Toda escola, todo campus deveria ter algo chamado plano diretor espiritual, que identifica metas e objetivos de crescimento espiritual entre os estudantes&#8221;, observa. &#8220;Como o OneVoice27 se encaixa nisso \u00e9 decis\u00e3o de cada campus. A primeira coisa que eu faria \u00e9 pedir o plano diretor espiritual da escola ou da universidade para identificar como incorpor\u00e1-lo naquilo que j\u00e1 se faz.&#8221; O exemplo mais imediato \u00e9 a Semana de Ora\u00e7\u00e3o, presente em todos os campi da rede e naturalmente alinhada ao eixo &#8220;comunh\u00e3o com Deus&#8221;.<\/p>\n\n\n\n<p>E ent\u00e3o vem a frase que talvez seja a mais importante do ponto de vista de gest\u00e3o acad\u00eamica, e que responde de antem\u00e3o \u00e0 obje\u00e7\u00e3o de quem j\u00e1 tem a agenda cheia: &#8220;Isto n\u00e3o \u00e9 para acrescentar mais trabalho sobre o que voc\u00eas j\u00e1 fazem. \u00c9 para encontrar uma forma, talvez duas, de integrar aquilo que voc\u00eas j\u00e1 fazem, de modo que possam ser parte da iniciativa global.&#8221;<\/p>\n\n\n\n<h2 class=\"wp-block-heading\"><strong>Jovens n\u00e3o s\u00e3o m\u00e3o de obra &#8211; s\u00e3o minist\u00e9rio<\/strong><\/h2>\n\n\n\n<p>H\u00e1 um risco evidente em um movimento que depende de produ\u00e7\u00e3o digital em escala: enxergar os jovens apenas como for\u00e7a de trabalho t\u00e9cnica, e n\u00e3o como pessoas que t\u00eam um minist\u00e9rio e algo pr\u00f3prio a dizer. A doutora Lisa reconhece o risco de imediato: &#8220;Sim, eles s\u00e3o criadores de conte\u00fado &#8211; mas n\u00e3o s\u00e3o simplesmente um ex\u00e9rcito de oper\u00e1rios. E \u00e9 por isso que a transforma\u00e7\u00e3o precisa vir primeiro.&#8221;<\/p>\n\n\n\n<p>Para explicar por que a compet\u00eancia t\u00e9cnica, sozinha, \u00e9 insuficiente e at\u00e9 perigosa, ela recorre a um caso que havia lido na v\u00e9spera: um jovem, nos Estados Unidos, que ganha a vida produzindo &#8220;v\u00eddeos de indigna\u00e7\u00e3o&#8221; com intelig\u00eancia artificial. Ele gerou por IA a imagem de um menino em situa\u00e7\u00e3o escolar constrangedora, fabricou uma troca de mensagens falsa entre a dire\u00e7\u00e3o da escola e a m\u00e3e da crian\u00e7a e publicou tudo como se fosse real. &#8220;A publica\u00e7\u00e3o viralizou. As pessoas ficaram indignadas dos dois lados, a favor e contra &#8211; e a coisa toda era fabricada&#8221;, relata. &#8220;Mas ele \u00e9 pago para fazer isso, e \u00e9 pago t\u00e3o bem que largou o emprego regular.&#8221;<\/p>\n\n\n\n<p>A leitura que ela faz do epis\u00f3dio \u00e9 o argumento central do movimento em mat\u00e9ria de forma\u00e7\u00e3o. &#8220;Isso demonstra que n\u00e3o basta criar conte\u00fado: \u00e9 preciso faz\u00ea-lo pelas raz\u00f5es certas e de forma \u00e9tica. Por isso eu disse que come\u00e7a pela transforma\u00e7\u00e3o. Voc\u00ea pode ser um g\u00eanio t\u00e9cnico e usar isso para prop\u00f3sitos errados.&#8221;<\/p>\n\n\n\n<p>Da\u00ed a formula\u00e7\u00e3o que resume toda a proposta educacional do OneVoice27, e que ela repete como um lema: &#8220;Antes de fazer, voc\u00ea precisa ser. Voc\u00ea precisa ser aquela pessoa que tem comunh\u00e3o com Deus, cuja identidade est\u00e1 fundamentada em Cristo, que \u00e9 capacitada pelo Esp\u00edrito Santo. A\u00ed o conte\u00fado ser\u00e1 congruente com aquilo que queremos alcan\u00e7ar. Ser antes de fazer.&#8221;<\/p>\n\n\n\n<h2 class=\"wp-block-heading\"><strong>O que fica depois de setembro de 2027<\/strong><\/h2>\n\n\n\n<p>Movimentos com data para terminar correm o risco de n\u00e3o deixar nada atr\u00e1s de si. Perguntada sobre o que deve permanecer quando o ciclo se encerrar, a doutora Lisa responde no vocabul\u00e1rio da educa\u00e7\u00e3o, n\u00e3o no do evento: &#8220;O que esperamos deixar \u00e9 a mesma coisa que esperamos deixar quando fazemos qualquer tipo de educa\u00e7\u00e3o: desenvolver capacidade nos nossos estudantes, para que tenham uma vis\u00e3o maior.&#8221; E essa vis\u00e3o maior tem um conte\u00fado espec\u00edfico &#8211; a passagem de espectador a participante: &#8220;que entendam que n\u00e3o v\u00e3o apenas esperar passivamente que Mark Finley pregue, eles agora podem ser parte dessa prega\u00e7\u00e3o, sejam enfermeiros ou engenheiros, dentro do seu pr\u00f3prio contexto&#8221;.<\/p>\n\n\n\n<p>Sobre o horizonte de apenas um ano, ela responde com bom humor: &#8220;Isto dura s\u00f3 um ano. Mas n\u00f3s n\u00e3o vamos parar de orar e pregar depois do ano que vem.&#8221;<\/p>\n\n\n\n<h2 class=\"wp-block-heading\"><strong>&#8220;Jesus faz tudo novo&#8221;<\/strong><\/h2>\n\n\n\n<p>Doutora Lisa explica a din\u00e2mica comunicacional do projeto, &#8220;a primeira coisa que eu diria \u00e9 que &#8216;OneVoice27&#8217; \u00e9 conversa interna. \u00c9 como falamos entre n\u00f3s. N\u00e3o \u00e9 isso que dizemos quando falamos para fora.&#8221; O nome, explica, apenas nomeia o arranjo: &#8220;s\u00f3 enfatiza que estamos todos falando juntos, muitas pessoas fazendo, mas ainda assim com uma s\u00f3 voz, diferente do Net 95, em que era literalmente uma \u00fanica voz dizendo uma \u00fanica coisa&#8221;.<\/p>\n\n\n\n<p>Para fora, portanto, o que se comunica n\u00e3o \u00e9 a marca, e sim a mensagem. &#8220;E a mensagem \u00e9 que Jesus faz todas as coisas novas&#8221;, para quem est\u00e1 triste, para quem est\u00e1 de luto, para quem est\u00e1 doente. Ele far\u00e1 novas todas as coisas. E acrescenta a tarefa que cabe a cada \u00e1rea do conhecimento: &#8220;precisamos encontrar formas diferentes de dizer isso a partir das nossas diferentes \u00e1reas: da enfermagem, da medicina, da teologia&#8221;.<\/p>\n\n\n\n<p>O convite final \u00e9 dirigido a todos, e vem sem exig\u00eancias. &#8220;O que eu diria aos nossos professores e estudantes \u00e9: reflitam, orem para que o Esp\u00edrito Santo os guie sobre como podem fazer parte disso. Voc\u00eas n\u00e3o precisam virar a vida de cabe\u00e7a para baixo, voc\u00eas j\u00e1 t\u00eam responsabilidades muito espec\u00edficas.&#8221; O caminho, sugere, costuma estar mais perto do que se imagina: &#8220;haver\u00e1 alguma forma de participar significativamente: orientando estudantes, sendo mentores, e mesmo na pr\u00f3pria vida, enfatizando que Ele faz novas todas as coisas&#8221;. E encerra a entrevista como quem devolve a decis\u00e3o a quem ouve: &#8220;Orem sobre isso. O Esp\u00edrito Santo os guiar\u00e1. Que Deus os aben\u00e7oe.&#8221;<\/p>\n\n\n\n<h2 class=\"wp-block-heading\"><strong>Cinco pontos para entender o OneVoice27 no UNASP<\/strong><\/h2>\n\n\n\n<p><strong>1. O modelo mudou.<\/strong> N\u00e3o \u00e9 uma transmiss\u00e3o com um pregador; s\u00e3o muitas vozes, de muitos lugares, dizendo a mesma mensagem.<\/p>\n\n\n\n<p><strong>2. A universidade entra com o que s\u00f3 ela tem:<\/strong> estudantes nativos digitais, uma estrutura que domina os princ\u00edpios de comunica\u00e7\u00e3o, departamento de teologia que garante fundamento e professores e mentores que apoiam seus alunos.<\/p>\n\n\n\n<p><strong>3. N\u00e3o \u00e9 um projeto novo sobre a mesa.<\/strong> \u00c9 integrar e potencializar o que j\u00e1 existe: Semana de Ora\u00e7\u00e3o, plano diretor espiritual, projetos de curso, Integra\u00e7\u00e3o F\u00e9, Ensino, Aprendizagem a um eixo comum.<\/p>\n\n\n\n<p><strong>4. Ser antes de fazer.<\/strong> Compet\u00eancia t\u00e9cnica sem forma\u00e7\u00e3o \u00e9tica e espiritual produz conte\u00fado eficiente e errado.<\/p>\n\n\n\n<p><strong>5. A mensagem para fora \u00e9 uma s\u00f3:<\/strong> Jesus faz tudo novo. Cada \u00e1rea, sa\u00fade, engenharia, educa\u00e7\u00e3o, neg\u00f3cios, traduz isso na sua pr\u00f3pria linguagem.<\/p>\n\n\n\n<p><strong>Lan\u00e7amento oficial: 5 de setembro. Culmin\u00e2ncia: setembro de 2027.<\/strong><\/p>\n\n\n\n<p>Mais informa\u00e7\u00f5es e recursos: <a href=\"https:\/\/downloads.adventistas.org\/pt\/comunicacao\/manuais-e-guias\/onevoice27-missao-para-todos-guia-para-equipes-de-comunicacao\/\"><strong>adventistas.org<\/strong><\/a><\/p>\n","protected":false},"excerpt":{"rendered":"<p>Em entrevista ao UNASP, a doutora Lisa Beardsley-Hardy explica o que \u00e9 o OneVoice27, porque as universidades s\u00e3o pe\u00e7a-chave do movimento e qual \u00e9 o papel de cada educador.<\/p>\n","protected":false},"author":134,"featured_media":108729,"comment_status":"closed","ping_status":"open","sticky":false,"template":"","format":"standard","meta":{"footnotes":""},"categories":[3795],"tags":[102,3560,272,3843,60],"yoast_head":"<!-- This site is optimized with the Yoast SEO plugin v23.5 - https:\/\/yoast.com\/wordpress\/plugins\/seo\/ -->\n<title>ONEVOICE27 - MISS\u00c3O PARA TODOS<\/title>\n<meta name=\"description\" content=\"O OneVoice27 \u00e9 o movimento mission\u00e1rio da Igreja Adventista do S\u00e9timo Dia para o per\u00edodo que vai de setembro de 2026 a setembro de 2027.\" \/>\n<meta name=\"robots\" content=\"index, follow, max-snippet:-1, max-image-preview:large, max-video-preview:-1\" \/>\n<link rel=\"canonical\" href=\"https:\/\/unasp.br\/noticias\/onevoice27-missao-para-todos\/\" \/>\n<meta property=\"og:locale\" content=\"pt_BR\" \/>\n<meta property=\"og:type\" content=\"article\" \/>\n<meta property=\"og:title\" content=\"ONEVOICE27 - MISS\u00c3O PARA TODOS\" \/>\n<meta property=\"og:description\" content=\"O OneVoice27 \u00e9 o movimento mission\u00e1rio da Igreja Adventista do S\u00e9timo Dia para o per\u00edodo que vai de setembro de 2026 a setembro de 2027.\" \/>\n<meta property=\"og:url\" content=\"https:\/\/unasp.br\/noticias\/onevoice27-missao-para-todos\/\" \/>\n<meta property=\"og:site_name\" content=\"UNASP Noticias\" \/>\n<meta property=\"article:published_time\" content=\"2026-09-03T16:59:47+00:00\" \/>\n<meta property=\"article:modified_time\" content=\"2026-09-03T19:48:38+00:00\" \/>\n<meta property=\"og:image\" content=\"https:\/\/cdn.unasp.br\/unasp-noticias\/2026\/09\/03134824\/WhatsApp-Image-2026-09-03-at-16.46.14.jpeg\" \/>\n\t<meta property=\"og:image:width\" content=\"1590\" \/>\n\t<meta property=\"og:image:height\" content=\"810\" \/>\n\t<meta property=\"og:image:type\" content=\"image\/jpeg\" \/>\n<meta name=\"author\" content=\"UCB - UNASP-EC - Victor Henrique Bernardo\" \/>\n<meta name=\"twitter:card\" content=\"summary_large_image\" \/>\n<meta name=\"twitter:label1\" content=\"Escrito por\" \/>\n\t<meta name=\"twitter:data1\" content=\"UCB - UNASP-EC - Victor Henrique Bernardo\" \/>\n\t<meta name=\"twitter:label2\" content=\"Est. tempo de leitura\" \/>\n\t<meta name=\"twitter:data2\" content=\"15 minutos\" \/>\n<script type=\"application\/ld+json\" class=\"yoast-schema-graph\">{\"@context\":\"https:\/\/schema.org\",\"@graph\":[{\"@type\":\"Article\",\"@id\":\"https:\/\/unasp.br\/noticias\/onevoice27-missao-para-todos\/#article\",\"isPartOf\":{\"@id\":\"https:\/\/unasp.br\/noticias\/onevoice27-missao-para-todos\/\"},\"author\":{\"name\":\"UCB - UNASP-EC - Victor Henrique Bernardo\",\"@id\":\"https:\/\/unasp.br\/noticias\/#\/schema\/person\/0f5eb14fa22eb30432ebf767d067a349\"},\"headline\":\"ONEVOICE27 &#8211; MISS\u00c3O PARA TODOS\",\"datePublished\":\"2026-09-03T16:59:47+00:00\",\"dateModified\":\"2026-09-03T19:48:38+00:00\",\"mainEntityOfPage\":{\"@id\":\"https:\/\/unasp.br\/noticias\/onevoice27-missao-para-todos\/\"},\"wordCount\":2690,\"publisher\":{\"@id\":\"https:\/\/unasp.br\/noticias\/#organization\"},\"image\":{\"@id\":\"https:\/\/unasp.br\/noticias\/onevoice27-missao-para-todos\/#primaryimage\"},\"thumbnailUrl\":\"https:\/\/cdn.unasp.br\/unasp-noticias\/2026\/09\/03134824\/WhatsApp-Image-2026-09-03-at-16.46.14.jpeg\",\"keywords\":[\"educa\u00e7\u00e3o\",\"iasd\",\"Miss\u00e3o\",\"OneVoice\",\"UNASP\"],\"articleSection\":[\"Miss\u00e3o e Espiritualidade\"],\"inLanguage\":\"pt-BR\"},{\"@type\":\"WebPage\",\"@id\":\"https:\/\/unasp.br\/noticias\/onevoice27-missao-para-todos\/\",\"url\":\"https:\/\/unasp.br\/noticias\/onevoice27-missao-para-todos\/\",\"name\":\"ONEVOICE27 - MISS\u00c3O PARA TODOS\",\"isPartOf\":{\"@id\":\"https:\/\/unasp.br\/noticias\/#website\"},\"primaryImageOfPage\":{\"@id\":\"https:\/\/unasp.br\/noticias\/onevoice27-missao-para-todos\/#primaryimage\"},\"image\":{\"@id\":\"https:\/\/unasp.br\/noticias\/onevoice27-missao-para-todos\/#primaryimage\"},\"thumbnailUrl\":\"https:\/\/cdn.unasp.br\/unasp-noticias\/2026\/09\/03134824\/WhatsApp-Image-2026-09-03-at-16.46.14.jpeg\",\"datePublished\":\"2026-09-03T16:59:47+00:00\",\"dateModified\":\"2026-09-03T19:48:38+00:00\",\"description\":\"O OneVoice27 \u00e9 o movimento mission\u00e1rio da Igreja Adventista do S\u00e9timo Dia para o per\u00edodo que vai de setembro de 2026 a setembro de 2027.\",\"breadcrumb\":{\"@id\":\"https:\/\/unasp.br\/noticias\/onevoice27-missao-para-todos\/#breadcrumb\"},\"inLanguage\":\"pt-BR\",\"potentialAction\":[{\"@type\":\"ReadAction\",\"target\":[\"https:\/\/unasp.br\/noticias\/onevoice27-missao-para-todos\/\"]}]},{\"@type\":\"ImageObject\",\"inLanguage\":\"pt-BR\",\"@id\":\"https:\/\/unasp.br\/noticias\/onevoice27-missao-para-todos\/#primaryimage\",\"url\":\"https:\/\/cdn.unasp.br\/unasp-noticias\/2026\/09\/03134824\/WhatsApp-Image-2026-09-03-at-16.46.14.jpeg\",\"contentUrl\":\"https:\/\/cdn.unasp.br\/unasp-noticias\/2026\/09\/03134824\/WhatsApp-Image-2026-09-03-at-16.46.14.jpeg\",\"width\":1590,\"height\":810},{\"@type\":\"BreadcrumbList\",\"@id\":\"https:\/\/unasp.br\/noticias\/onevoice27-missao-para-todos\/#breadcrumb\",\"itemListElement\":[{\"@type\":\"ListItem\",\"position\":1,\"name\":\"In\u00edcio\",\"item\":\"https:\/\/unasp.br\/noticias\/\"},{\"@type\":\"ListItem\",\"position\":2,\"name\":\"ONEVOICE27 &#8211; MISS\u00c3O PARA TODOS\"}]},{\"@type\":\"WebSite\",\"@id\":\"https:\/\/unasp.br\/noticias\/#website\",\"url\":\"https:\/\/unasp.br\/noticias\/\",\"name\":\"UNASP Noticias\",\"description\":\"Centro Universit\u00e1rio Adventista de S\u00e3o Paulo\",\"publisher\":{\"@id\":\"https:\/\/unasp.br\/noticias\/#organization\"},\"potentialAction\":[{\"@type\":\"SearchAction\",\"target\":{\"@type\":\"EntryPoint\",\"urlTemplate\":\"https:\/\/unasp.br\/noticias\/?s={search_term_string}\"},\"query-input\":{\"@type\":\"PropertyValueSpecification\",\"valueRequired\":true,\"valueName\":\"search_term_string\"}}],\"inLanguage\":\"pt-BR\"},{\"@type\":\"Organization\",\"@id\":\"https:\/\/unasp.br\/noticias\/#organization\",\"name\":\"UNASP Noticias\",\"url\":\"https:\/\/unasp.br\/noticias\/\",\"logo\":{\"@type\":\"ImageObject\",\"inLanguage\":\"pt-BR\",\"@id\":\"https:\/\/unasp.br\/noticias\/#\/schema\/logo\/image\/\",\"url\":\"https:\/\/cdn.unasp.br\/noticias\/wp-content\/uploads\/2021\/09\/09152724\/logo-unasp-news.png\",\"contentUrl\":\"https:\/\/cdn.unasp.br\/noticias\/wp-content\/uploads\/2021\/09\/09152724\/logo-unasp-news.png\",\"width\":240,\"height\":41,\"caption\":\"UNASP Noticias\"},\"image\":{\"@id\":\"https:\/\/unasp.br\/noticias\/#\/schema\/logo\/image\/\"}},{\"@type\":\"Person\",\"@id\":\"https:\/\/unasp.br\/noticias\/#\/schema\/person\/0f5eb14fa22eb30432ebf767d067a349\",\"name\":\"UCB - UNASP-EC - Victor Henrique Bernardo\",\"image\":{\"@type\":\"ImageObject\",\"inLanguage\":\"pt-BR\",\"@id\":\"https:\/\/unasp.br\/noticias\/#\/schema\/person\/image\/\",\"url\":\"https:\/\/secure.gravatar.com\/avatar\/43038844a2cee72b27872396e9df5fa2?s=96&d=mm&r=g\",\"contentUrl\":\"https:\/\/secure.gravatar.com\/avatar\/43038844a2cee72b27872396e9df5fa2?s=96&d=mm&r=g\",\"caption\":\"UCB - UNASP-EC - Victor Henrique Bernardo\"},\"url\":\"https:\/\/unasp.br\/noticias\/author\/victor-bernardo\/\"}]}<\/script>\n<!-- \/ Yoast SEO plugin. -->","yoast_head_json":{"title":"ONEVOICE27 - MISS\u00c3O PARA TODOS","description":"O OneVoice27 \u00e9 o movimento mission\u00e1rio da Igreja Adventista do S\u00e9timo Dia para o per\u00edodo que vai de setembro de 2026 a setembro de 2027.","robots":{"index":"index","follow":"follow","max-snippet":"max-snippet:-1","max-image-preview":"max-image-preview:large","max-video-preview":"max-video-preview:-1"},"canonical":"https:\/\/unasp.br\/noticias\/onevoice27-missao-para-todos\/","og_locale":"pt_BR","og_type":"article","og_title":"ONEVOICE27 - MISS\u00c3O PARA TODOS","og_description":"O OneVoice27 \u00e9 o movimento mission\u00e1rio da Igreja Adventista do S\u00e9timo Dia para o per\u00edodo que vai de setembro de 2026 a setembro de 2027.","og_url":"https:\/\/unasp.br\/noticias\/onevoice27-missao-para-todos\/","og_site_name":"UNASP Noticias","article_published_time":"2026-09-03T16:59:47+00:00","article_modified_time":"2026-09-03T19:48:38+00:00","og_image":[{"width":1590,"height":810,"url":"https:\/\/cdn.unasp.br\/unasp-noticias\/2026\/09\/03134824\/WhatsApp-Image-2026-09-03-at-16.46.14.jpeg","type":"image\/jpeg"}],"author":"UCB - UNASP-EC - Victor Henrique Bernardo","twitter_card":"summary_large_image","twitter_misc":{"Escrito por":"UCB - UNASP-EC - Victor Henrique Bernardo","Est. tempo de leitura":"15 minutos"},"schema":{"@context":"https:\/\/schema.org","@graph":[{"@type":"Article","@id":"https:\/\/unasp.br\/noticias\/onevoice27-missao-para-todos\/#article","isPartOf":{"@id":"https:\/\/unasp.br\/noticias\/onevoice27-missao-para-todos\/"},"author":{"name":"UCB - UNASP-EC - Victor Henrique Bernardo","@id":"https:\/\/unasp.br\/noticias\/#\/schema\/person\/0f5eb14fa22eb30432ebf767d067a349"},"headline":"ONEVOICE27 &#8211; MISS\u00c3O PARA TODOS","datePublished":"2026-09-03T16:59:47+00:00","dateModified":"2026-09-03T19:48:38+00:00","mainEntityOfPage":{"@id":"https:\/\/unasp.br\/noticias\/onevoice27-missao-para-todos\/"},"wordCount":2690,"publisher":{"@id":"https:\/\/unasp.br\/noticias\/#organization"},"image":{"@id":"https:\/\/unasp.br\/noticias\/onevoice27-missao-para-todos\/#primaryimage"},"thumbnailUrl":"https:\/\/cdn.unasp.br\/unasp-noticias\/2026\/09\/03134824\/WhatsApp-Image-2026-09-03-at-16.46.14.jpeg","keywords":["educa\u00e7\u00e3o","iasd","Miss\u00e3o","OneVoice","UNASP"],"articleSection":["Miss\u00e3o e Espiritualidade"],"inLanguage":"pt-BR"},{"@type":"WebPage","@id":"https:\/\/unasp.br\/noticias\/onevoice27-missao-para-todos\/","url":"https:\/\/unasp.br\/noticias\/onevoice27-missao-para-todos\/","name":"ONEVOICE27 - MISS\u00c3O PARA TODOS","isPartOf":{"@id":"https:\/\/unasp.br\/noticias\/#website"},"primaryImageOfPage":{"@id":"https:\/\/unasp.br\/noticias\/onevoice27-missao-para-todos\/#primaryimage"},"image":{"@id":"https:\/\/unasp.br\/noticias\/onevoice27-missao-para-todos\/#primaryimage"},"thumbnailUrl":"https:\/\/cdn.unasp.br\/unasp-noticias\/2026\/09\/03134824\/WhatsApp-Image-2026-09-03-at-16.46.14.jpeg","datePublished":"2026-09-03T16:59:47+00:00","dateModified":"2026-09-03T19:48:38+00:00","description":"O OneVoice27 \u00e9 o movimento mission\u00e1rio da Igreja Adventista do S\u00e9timo Dia para o per\u00edodo que vai de setembro de 2026 a setembro de 2027.","breadcrumb":{"@id":"https:\/\/unasp.br\/noticias\/onevoice27-missao-para-todos\/#breadcrumb"},"inLanguage":"pt-BR","potentialAction":[{"@type":"ReadAction","target":["https:\/\/unasp.br\/noticias\/onevoice27-missao-para-todos\/"]}]},{"@type":"ImageObject","inLanguage":"pt-BR","@id":"https:\/\/unasp.br\/noticias\/onevoice27-missao-para-todos\/#primaryimage","url":"https:\/\/cdn.unasp.br\/unasp-noticias\/2026\/09\/03134824\/WhatsApp-Image-2026-09-03-at-16.46.14.jpeg","contentUrl":"https:\/\/cdn.unasp.br\/unasp-noticias\/2026\/09\/03134824\/WhatsApp-Image-2026-09-03-at-16.46.14.jpeg","width":1590,"height":810},{"@type":"BreadcrumbList","@id":"https:\/\/unasp.br\/noticias\/onevoice27-missao-para-todos\/#breadcrumb","itemListElement":[{"@type":"ListItem","position":1,"name":"In\u00edcio","item":"https:\/\/unasp.br\/noticias\/"},{"@type":"ListItem","position":2,"name":"ONEVOICE27 &#8211; MISS\u00c3O PARA TODOS"}]},{"@type":"WebSite","@id":"https:\/\/unasp.br\/noticias\/#website","url":"https:\/\/unasp.br\/noticias\/","name":"UNASP Noticias","description":"Centro Universit\u00e1rio Adventista de S\u00e3o Paulo","publisher":{"@id":"https:\/\/unasp.br\/noticias\/#organization"},"potentialAction":[{"@type":"SearchAction","target":{"@type":"EntryPoint","urlTemplate":"https:\/\/unasp.br\/noticias\/?s={search_term_string}"},"query-input":{"@type":"PropertyValueSpecification","valueRequired":true,"valueName":"search_term_string"}}],"inLanguage":"pt-BR"},{"@type":"Organization","@id":"https:\/\/unasp.br\/noticias\/#organization","name":"UNASP Noticias","url":"https:\/\/unasp.br\/noticias\/","logo":{"@type":"ImageObject","inLanguage":"pt-BR","@id":"https:\/\/unasp.br\/noticias\/#\/schema\/logo\/image\/","url":"https:\/\/cdn.unasp.br\/noticias\/wp-content\/uploads\/2021\/09\/09152724\/logo-unasp-news.png","contentUrl":"https:\/\/cdn.unasp.br\/noticias\/wp-content\/uploads\/2021\/09\/09152724\/logo-unasp-news.png","width":240,"height":41,"caption":"UNASP Noticias"},"image":{"@id":"https:\/\/unasp.br\/noticias\/#\/schema\/logo\/image\/"}},{"@type":"Person","@id":"https:\/\/unasp.br\/noticias\/#\/schema\/person\/0f5eb14fa22eb30432ebf767d067a349","name":"UCB - UNASP-EC - Victor Henrique Bernardo","image":{"@type":"ImageObject","inLanguage":"pt-BR","@id":"https:\/\/unasp.br\/noticias\/#\/schema\/person\/image\/","url":"https:\/\/secure.gravatar.com\/avatar\/43038844a2cee72b27872396e9df5fa2?s=96&d=mm&r=g","contentUrl":"https:\/\/secure.gravatar.com\/avatar\/43038844a2cee72b27872396e9df5fa2?s=96&d=mm&r=g","caption":"UCB - UNASP-EC - Victor Henrique Bernardo"},"url":"https:\/\/unasp.br\/noticias\/author\/victor-bernardo\/"}]}},"_links":{"self":[{"href":"https:\/\/unasp.br\/noticias\/wp-json\/wp\/v2\/posts\/108720"}],"collection":[{"href":"https:\/\/unasp.br\/noticias\/wp-json\/wp\/v2\/posts"}],"about":[{"href":"https:\/\/unasp.br\/noticias\/wp-json\/wp\/v2\/types\/post"}],"author":[{"embeddable":true,"href":"https:\/\/unasp.br\/noticias\/wp-json\/wp\/v2\/users\/134"}],"replies":[{"embeddable":true,"href":"https:\/\/unasp.br\/noticias\/wp-json\/wp\/v2\/comments?post=108720"}],"version-history":[{"count":5,"href":"https:\/\/unasp.br\/noticias\/wp-json\/wp\/v2\/posts\/108720\/revisions"}],"predecessor-version":[{"id":108727,"href":"https:\/\/unasp.br\/noticias\/wp-json\/wp\/v2\/posts\/108720\/revisions\/108727"}],"wp:featuredmedia":[{"embeddable":true,"href":"https:\/\/unasp.br\/noticias\/wp-json\/wp\/v2\/media\/108729"}],"wp:attachment":[{"href":"https:\/\/unasp.br\/noticias\/wp-json\/wp\/v2\/media?parent=108720"}],"wp:term":[{"taxonomy":"category","embeddable":true,"href":"https:\/\/unasp.br\/noticias\/wp-json\/wp\/v2\/categories?post=108720"},{"taxonomy":"post_tag","embeddable":true,"href":"https:\/\/unasp.br\/noticias\/wp-json\/wp\/v2\/tags?post=108720"}],"curies":[{"name":"wp","href":"https:\/\/api.w.org\/{rel}","templated":true}]}}