{"id":2414,"date":"2016-10-31T18:02:25","date_gmt":"2016-10-31T20:02:25","guid":{"rendered":"https:\/\/www.unasp.br\/noticias\/xviii-encont-enfatiza-a-auditoria-contabil-no-mercado-de-trabalho\/"},"modified":"2021-08-18T15:05:30","modified_gmt":"2021-08-18T18:05:30","slug":"xviii-encontro-de-ciencias-contabeis-no-unasp-enfatiza-auditoria-contabil-no-mercado-de-trabalho","status":"publish","type":"post","link":"https:\/\/unasp.br\/noticias\/xviii-encontro-de-ciencias-contabeis-no-unasp-enfatiza-auditoria-contabil-no-mercado-de-trabalho\/","title":{"rendered":"XVIII Encontro de Ci\u00eancias Cont\u00e1beis no Unasp enfatiza a auditoria cont\u00e1bil no mercado de trabalho"},"content":{"rendered":"<p>A fun\u00e7\u00e3o de averiguar a exatid\u00e3o de registros cont\u00e1beis, obter informa\u00e7\u00f5es de fontes internas e externas e analisar balan\u00e7os \u2013 registros financeiros das empresas -, \u00e9 do auditor cont\u00e1bil. Desde o ano de 2008, a presen\u00e7a desse profissional se tornou obrigat\u00f3ria dentro das empresas, al\u00e9m de ser uma das \u00e1reas mais bem-sucedidas na \u00e1rea de contabilidade em termos assalariais.<\/p>\n<p>A auditoria surgiu na na\u00e7\u00e3o pioneira em possuir grandes empresas, sendo a primeira em instituir imposto sobre a renda, Inglaterra. Com a internacionaliza\u00e7\u00e3o da contabilidade, onde as normas cont\u00e1beis passaram a ser padr\u00f5es em todo mundo, houve uma necessidade crescente de auditores, tanto no setor privado quanto no p\u00fablico. Com essa concep\u00e7\u00e3o, o curso de Ci\u00eancias Cont\u00e1beis da Universidade Adventista de S\u00e3o Paulo, campus Engenheiro Coelho, realizou o XVIII Encontro de Cont\u00e1beis (Encont).<\/p>\n<p>A inten\u00e7\u00e3o em discutir o assunto foi pela atual necessidade de auditores preparados dentro das empresas, como enfatiza o coordenador do curso Waggnoor Macieira Kettle. \u201cSe no passado esse tema j\u00e1 era importante, de uns anos para c\u00e1, se tornou ainda mais em fun\u00e7\u00e3o da legisla\u00e7\u00e3o. Nenhum outro curso pode capacitar o profissional para exercer o cargo, como Ci\u00eancias Cont\u00e1beis\u201d, prev\u00ea.<\/p>\n<p>&nbsp;<\/p>\n<p>O foco dentro da tem\u00e1tica de auditoria foi: forma\u00e7\u00e3o, desafios e perspectivas. Kettle explica que no tema \u201cforma\u00e7\u00e3o\u201d, os debates buscaram responder quest\u00f5es pessoais como: \u201cQual \u00e9 minha forma\u00e7\u00e3o? O que devo fazer? \u201d. No que diz respeito aos \u201cdesafios\u201d foram expl\u00edcitos as vantagens, desvantagens, sal\u00e1rios e problemas que possivelmente enfrentar\u00e3o no mercado. Em \u201cperspectiva\u201d, foi discutido o que os alunos devem esperar da profiss\u00e3o futuramente. A aluna Ludmila Schaida diz que o Encont foi uma forma eficiente de humanizar o curso. \u201cEssa semana agregou muito para mim na quest\u00e3o de saber em que \u00e1rea atuar e abriu minha mente sobre porque estou fazendo o curso\u201d, afirma.<\/p>\n<p>A semana aconteceu entre os dias 24 e 28 de outubro. Os alunos tiveram a oportunidade de ouvir palestras de profissionais que j\u00e1 atuam no mercado e tamb\u00e9m experi\u00eancias de rec\u00e9m-formados. \u201cConhecer a hist\u00f3ria de pessoas que se formaram agora foi extremamente importante. Os palestrantes estavam super empolgados e interagiam bastante com a gente\u201d, ressalta Ludmila.<\/p>\n<p>A tradi\u00e7\u00e3o do Encont \u00e9 a maratona cont\u00e1bil. Uma gincana em que os universit\u00e1rios trabalham em equipe, competindo entre si quest\u00f5es relacionadas \u00e0 semana. Na primeira parte da maratona os participantes precisam responder perguntas te\u00f3ricas referentes ao tema. J\u00e1 na segunda parte eles elaboram perguntas para os outros grupos. E por fim, uma comiss\u00e3o julgadora analisa as respostas e no coquetel de encerramento o resultado \u00e9 divulgado. O pr\u00eamio \u00e9 um b\u00f4nus na m\u00e9dia de algumas disciplinas, entretanto, Kettler ressalta que todos os alunos que se envolveram recebem b\u00f4nus de participa\u00e7\u00e3o. \u201cA inten\u00e7\u00e3o, al\u00e9m de ajudar o aluno, \u00e9 incentivar que outros tamb\u00e9m participem do programa\u201d, diz.<\/p>\n","protected":false},"excerpt":{"rendered":"<p>A fun\u00e7\u00e3o de averiguar a exatid\u00e3o de registros cont\u00e1beis, obter informa\u00e7\u00f5es de fontes internas e externas e [&hellip;]<\/p>\n","protected":false},"author":80,"featured_media":2415,"comment_status":"open","ping_status":"open","sticky":false,"template":"","format":"standard","meta":{"footnotes":""},"categories":[9],"tags":[],"yoast_head":"<!-- This site is optimized with the Yoast SEO plugin v23.5 - https:\/\/yoast.com\/wordpress\/plugins\/seo\/ -->\n<title>XVIII Encontro de Ci\u00eancias Cont\u00e1beis no Unasp enfatiza a auditoria cont\u00e1bil no mercado de trabalho - UNASP Noticias<\/title>\n<meta name=\"robots\" content=\"index, follow, max-snippet:-1, max-image-preview:large, max-video-preview:-1\" \/>\n<link rel=\"canonical\" href=\"https:\/\/unasp.br\/noticias\/xviii-encontro-de-ciencias-contabeis-no-unasp-enfatiza-auditoria-contabil-no-mercado-de-trabalho\/\" \/>\n<meta property=\"og:locale\" content=\"pt_BR\" \/>\n<meta property=\"og:type\" content=\"article\" \/>\n<meta property=\"og:title\" content=\"XVIII Encontro de Ci\u00eancias Cont\u00e1beis no Unasp enfatiza a auditoria cont\u00e1bil no mercado de trabalho - UNASP Noticias\" \/>\n<meta property=\"og:description\" content=\"A fun\u00e7\u00e3o de averiguar a exatid\u00e3o de registros cont\u00e1beis, obter informa\u00e7\u00f5es de fontes internas e externas e [&hellip;]\" \/>\n<meta property=\"og:url\" content=\"https:\/\/unasp.br\/noticias\/xviii-encontro-de-ciencias-contabeis-no-unasp-enfatiza-auditoria-contabil-no-mercado-de-trabalho\/\" \/>\n<meta property=\"og:site_name\" content=\"UNASP Noticias\" \/>\n<meta property=\"article:published_time\" content=\"2016-10-31T20:02:25+00:00\" \/>\n<meta property=\"article:modified_time\" content=\"2021-08-18T18:05:30+00:00\" \/>\n<meta property=\"og:image\" content=\"https:\/\/cdn.unasp.br\/noticias\/wp-content\/uploads\/2017\/07\/18082647\/httpwww.unasp-ec.edu_.brsitefilesfotos3794.jpg\" \/>\n\t<meta property=\"og:image:width\" content=\"640\" \/>\n\t<meta property=\"og:image:height\" content=\"426\" \/>\n\t<meta property=\"og:image:type\" content=\"image\/jpeg\" \/>\n<meta name=\"author\" content=\"UNASP - TI-DESENVOLVIMENTO\" \/>\n<meta name=\"twitter:card\" content=\"summary_large_image\" \/>\n<meta name=\"twitter:label1\" content=\"Escrito por\" \/>\n\t<meta name=\"twitter:data1\" content=\"UNASP - TI-DESENVOLVIMENTO\" \/>\n\t<meta name=\"twitter:label2\" content=\"Est. tempo de leitura\" \/>\n\t<meta name=\"twitter:data2\" content=\"3 minutos\" \/>\n<script type=\"application\/ld+json\" class=\"yoast-schema-graph\">{\"@context\":\"https:\/\/schema.org\",\"@graph\":[{\"@type\":\"Article\",\"@id\":\"https:\/\/unasp.br\/noticias\/xviii-encontro-de-ciencias-contabeis-no-unasp-enfatiza-auditoria-contabil-no-mercado-de-trabalho\/#article\",\"isPartOf\":{\"@id\":\"https:\/\/unasp.br\/noticias\/xviii-encontro-de-ciencias-contabeis-no-unasp-enfatiza-auditoria-contabil-no-mercado-de-trabalho\/\"},\"author\":{\"name\":\"UNASP - TI-DESENVOLVIMENTO\",\"@id\":\"https:\/\/unasp.br\/noticias\/#\/schema\/person\/e3b8f8e8b1d3759eda9f61d2bb12b6d7\"},\"headline\":\"XVIII Encontro de Ci\u00eancias Cont\u00e1beis no Unasp enfatiza a auditoria cont\u00e1bil no mercado de trabalho\",\"datePublished\":\"2016-10-31T20:02:25+00:00\",\"dateModified\":\"2021-08-18T18:05:30+00:00\",\"mainEntityOfPage\":{\"@id\":\"https:\/\/unasp.br\/noticias\/xviii-encontro-de-ciencias-contabeis-no-unasp-enfatiza-auditoria-contabil-no-mercado-de-trabalho\/\"},\"wordCount\":522,\"commentCount\":0,\"publisher\":{\"@id\":\"https:\/\/unasp.br\/noticias\/#organization\"},\"image\":{\"@id\":\"https:\/\/unasp.br\/noticias\/xviii-encontro-de-ciencias-contabeis-no-unasp-enfatiza-auditoria-contabil-no-mercado-de-trabalho\/#primaryimage\"},\"thumbnailUrl\":\"https:\/\/cdn.unasp.br\/noticias\/wp-content\/uploads\/2017\/07\/18082647\/httpwww.unasp-ec.edu_.brsitefilesfotos3794.jpg\",\"articleSection\":[\"Profiss\u00e3o e Mercado\"],\"inLanguage\":\"pt-BR\",\"potentialAction\":[{\"@type\":\"CommentAction\",\"name\":\"Comment\",\"target\":[\"https:\/\/unasp.br\/noticias\/xviii-encontro-de-ciencias-contabeis-no-unasp-enfatiza-auditoria-contabil-no-mercado-de-trabalho\/#respond\"]}]},{\"@type\":\"WebPage\",\"@id\":\"https:\/\/unasp.br\/noticias\/xviii-encontro-de-ciencias-contabeis-no-unasp-enfatiza-auditoria-contabil-no-mercado-de-trabalho\/\",\"url\":\"https:\/\/unasp.br\/noticias\/xviii-encontro-de-ciencias-contabeis-no-unasp-enfatiza-auditoria-contabil-no-mercado-de-trabalho\/\",\"name\":\"XVIII Encontro de Ci\u00eancias Cont\u00e1beis no Unasp enfatiza a auditoria cont\u00e1bil no mercado de trabalho - UNASP Noticias\",\"isPartOf\":{\"@id\":\"https:\/\/unasp.br\/noticias\/#website\"},\"primaryImageOfPage\":{\"@id\":\"https:\/\/unasp.br\/noticias\/xviii-encontro-de-ciencias-contabeis-no-unasp-enfatiza-auditoria-contabil-no-mercado-de-trabalho\/#primaryimage\"},\"image\":{\"@id\":\"https:\/\/unasp.br\/noticias\/xviii-encontro-de-ciencias-contabeis-no-unasp-enfatiza-auditoria-contabil-no-mercado-de-trabalho\/#primaryimage\"},\"thumbnailUrl\":\"https:\/\/cdn.unasp.br\/noticias\/wp-content\/uploads\/2017\/07\/18082647\/httpwww.unasp-ec.edu_.brsitefilesfotos3794.jpg\",\"datePublished\":\"2016-10-31T20:02:25+00:00\",\"dateModified\":\"2021-08-18T18:05:30+00:00\",\"breadcrumb\":{\"@id\":\"https:\/\/unasp.br\/noticias\/xviii-encontro-de-ciencias-contabeis-no-unasp-enfatiza-auditoria-contabil-no-mercado-de-trabalho\/#breadcrumb\"},\"inLanguage\":\"pt-BR\",\"potentialAction\":[{\"@type\":\"ReadAction\",\"target\":[\"https:\/\/unasp.br\/noticias\/xviii-encontro-de-ciencias-contabeis-no-unasp-enfatiza-auditoria-contabil-no-mercado-de-trabalho\/\"]}]},{\"@type\":\"ImageObject\",\"inLanguage\":\"pt-BR\",\"@id\":\"https:\/\/unasp.br\/noticias\/xviii-encontro-de-ciencias-contabeis-no-unasp-enfatiza-auditoria-contabil-no-mercado-de-trabalho\/#primaryimage\",\"url\":\"https:\/\/cdn.unasp.br\/noticias\/wp-content\/uploads\/2017\/07\/18082647\/httpwww.unasp-ec.edu_.brsitefilesfotos3794.jpg\",\"contentUrl\":\"https:\/\/cdn.unasp.br\/noticias\/wp-content\/uploads\/2017\/07\/18082647\/httpwww.unasp-ec.edu_.brsitefilesfotos3794.jpg\",\"width\":640,\"height\":426},{\"@type\":\"BreadcrumbList\",\"@id\":\"https:\/\/unasp.br\/noticias\/xviii-encontro-de-ciencias-contabeis-no-unasp-enfatiza-auditoria-contabil-no-mercado-de-trabalho\/#breadcrumb\",\"itemListElement\":[{\"@type\":\"ListItem\",\"position\":1,\"name\":\"In\u00edcio\",\"item\":\"https:\/\/unasp.br\/noticias\/\"},{\"@type\":\"ListItem\",\"position\":2,\"name\":\"XVIII Encontro de Ci\u00eancias Cont\u00e1beis no Unasp enfatiza a auditoria cont\u00e1bil no mercado de trabalho\"}]},{\"@type\":\"WebSite\",\"@id\":\"https:\/\/unasp.br\/noticias\/#website\",\"url\":\"https:\/\/unasp.br\/noticias\/\",\"name\":\"UNASP Noticias\",\"description\":\"Centro Universit\u00e1rio Adventista de S\u00e3o Paulo\",\"publisher\":{\"@id\":\"https:\/\/unasp.br\/noticias\/#organization\"},\"potentialAction\":[{\"@type\":\"SearchAction\",\"target\":{\"@type\":\"EntryPoint\",\"urlTemplate\":\"https:\/\/unasp.br\/noticias\/?s={search_term_string}\"},\"query-input\":{\"@type\":\"PropertyValueSpecification\",\"valueRequired\":true,\"valueName\":\"search_term_string\"}}],\"inLanguage\":\"pt-BR\"},{\"@type\":\"Organization\",\"@id\":\"https:\/\/unasp.br\/noticias\/#organization\",\"name\":\"UNASP Noticias\",\"url\":\"https:\/\/unasp.br\/noticias\/\",\"logo\":{\"@type\":\"ImageObject\",\"inLanguage\":\"pt-BR\",\"@id\":\"https:\/\/unasp.br\/noticias\/#\/schema\/logo\/image\/\",\"url\":\"https:\/\/cdn.unasp.br\/noticias\/wp-content\/uploads\/2021\/09\/09152724\/logo-unasp-news.png\",\"contentUrl\":\"https:\/\/cdn.unasp.br\/noticias\/wp-content\/uploads\/2021\/09\/09152724\/logo-unasp-news.png\",\"width\":240,\"height\":41,\"caption\":\"UNASP Noticias\"},\"image\":{\"@id\":\"https:\/\/unasp.br\/noticias\/#\/schema\/logo\/image\/\"}},{\"@type\":\"Person\",\"@id\":\"https:\/\/unasp.br\/noticias\/#\/schema\/person\/e3b8f8e8b1d3759eda9f61d2bb12b6d7\",\"name\":\"UNASP - TI-DESENVOLVIMENTO\",\"image\":{\"@type\":\"ImageObject\",\"inLanguage\":\"pt-BR\",\"@id\":\"https:\/\/unasp.br\/noticias\/#\/schema\/person\/image\/\",\"url\":\"https:\/\/secure.gravatar.com\/avatar\/88a02b7e6ee37f47de0ecad3877878b0?s=96&d=mm&r=g\",\"contentUrl\":\"https:\/\/secure.gravatar.com\/avatar\/88a02b7e6ee37f47de0ecad3877878b0?s=96&d=mm&r=g\",\"caption\":\"UNASP - TI-DESENVOLVIMENTO\"},\"url\":\"https:\/\/unasp.br\/noticias\/author\/admindefault-com\/\"}]}<\/script>\n<!-- \/ Yoast SEO plugin. -->","yoast_head_json":{"title":"XVIII Encontro de Ci\u00eancias Cont\u00e1beis no Unasp enfatiza a auditoria cont\u00e1bil no mercado de trabalho - UNASP Noticias","robots":{"index":"index","follow":"follow","max-snippet":"max-snippet:-1","max-image-preview":"max-image-preview:large","max-video-preview":"max-video-preview:-1"},"canonical":"https:\/\/unasp.br\/noticias\/xviii-encontro-de-ciencias-contabeis-no-unasp-enfatiza-auditoria-contabil-no-mercado-de-trabalho\/","og_locale":"pt_BR","og_type":"article","og_title":"XVIII Encontro de Ci\u00eancias Cont\u00e1beis no Unasp enfatiza a auditoria cont\u00e1bil no mercado de trabalho - UNASP Noticias","og_description":"A fun\u00e7\u00e3o de averiguar a exatid\u00e3o de registros cont\u00e1beis, obter informa\u00e7\u00f5es de fontes internas e externas e [&hellip;]","og_url":"https:\/\/unasp.br\/noticias\/xviii-encontro-de-ciencias-contabeis-no-unasp-enfatiza-auditoria-contabil-no-mercado-de-trabalho\/","og_site_name":"UNASP Noticias","article_published_time":"2016-10-31T20:02:25+00:00","article_modified_time":"2021-08-18T18:05:30+00:00","og_image":[{"width":640,"height":426,"url":"https:\/\/cdn.unasp.br\/noticias\/wp-content\/uploads\/2017\/07\/18082647\/httpwww.unasp-ec.edu_.brsitefilesfotos3794.jpg","type":"image\/jpeg"}],"author":"UNASP - TI-DESENVOLVIMENTO","twitter_card":"summary_large_image","twitter_misc":{"Escrito por":"UNASP - TI-DESENVOLVIMENTO","Est. tempo de leitura":"3 minutos"},"schema":{"@context":"https:\/\/schema.org","@graph":[{"@type":"Article","@id":"https:\/\/unasp.br\/noticias\/xviii-encontro-de-ciencias-contabeis-no-unasp-enfatiza-auditoria-contabil-no-mercado-de-trabalho\/#article","isPartOf":{"@id":"https:\/\/unasp.br\/noticias\/xviii-encontro-de-ciencias-contabeis-no-unasp-enfatiza-auditoria-contabil-no-mercado-de-trabalho\/"},"author":{"name":"UNASP - TI-DESENVOLVIMENTO","@id":"https:\/\/unasp.br\/noticias\/#\/schema\/person\/e3b8f8e8b1d3759eda9f61d2bb12b6d7"},"headline":"XVIII Encontro de Ci\u00eancias Cont\u00e1beis no Unasp enfatiza a auditoria cont\u00e1bil no mercado de trabalho","datePublished":"2016-10-31T20:02:25+00:00","dateModified":"2021-08-18T18:05:30+00:00","mainEntityOfPage":{"@id":"https:\/\/unasp.br\/noticias\/xviii-encontro-de-ciencias-contabeis-no-unasp-enfatiza-auditoria-contabil-no-mercado-de-trabalho\/"},"wordCount":522,"commentCount":0,"publisher":{"@id":"https:\/\/unasp.br\/noticias\/#organization"},"image":{"@id":"https:\/\/unasp.br\/noticias\/xviii-encontro-de-ciencias-contabeis-no-unasp-enfatiza-auditoria-contabil-no-mercado-de-trabalho\/#primaryimage"},"thumbnailUrl":"https:\/\/cdn.unasp.br\/noticias\/wp-content\/uploads\/2017\/07\/18082647\/httpwww.unasp-ec.edu_.brsitefilesfotos3794.jpg","articleSection":["Profiss\u00e3o e Mercado"],"inLanguage":"pt-BR","potentialAction":[{"@type":"CommentAction","name":"Comment","target":["https:\/\/unasp.br\/noticias\/xviii-encontro-de-ciencias-contabeis-no-unasp-enfatiza-auditoria-contabil-no-mercado-de-trabalho\/#respond"]}]},{"@type":"WebPage","@id":"https:\/\/unasp.br\/noticias\/xviii-encontro-de-ciencias-contabeis-no-unasp-enfatiza-auditoria-contabil-no-mercado-de-trabalho\/","url":"https:\/\/unasp.br\/noticias\/xviii-encontro-de-ciencias-contabeis-no-unasp-enfatiza-auditoria-contabil-no-mercado-de-trabalho\/","name":"XVIII Encontro de Ci\u00eancias Cont\u00e1beis no Unasp enfatiza a auditoria cont\u00e1bil no mercado de trabalho - UNASP Noticias","isPartOf":{"@id":"https:\/\/unasp.br\/noticias\/#website"},"primaryImageOfPage":{"@id":"https:\/\/unasp.br\/noticias\/xviii-encontro-de-ciencias-contabeis-no-unasp-enfatiza-auditoria-contabil-no-mercado-de-trabalho\/#primaryimage"},"image":{"@id":"https:\/\/unasp.br\/noticias\/xviii-encontro-de-ciencias-contabeis-no-unasp-enfatiza-auditoria-contabil-no-mercado-de-trabalho\/#primaryimage"},"thumbnailUrl":"https:\/\/cdn.unasp.br\/noticias\/wp-content\/uploads\/2017\/07\/18082647\/httpwww.unasp-ec.edu_.brsitefilesfotos3794.jpg","datePublished":"2016-10-31T20:02:25+00:00","dateModified":"2021-08-18T18:05:30+00:00","breadcrumb":{"@id":"https:\/\/unasp.br\/noticias\/xviii-encontro-de-ciencias-contabeis-no-unasp-enfatiza-auditoria-contabil-no-mercado-de-trabalho\/#breadcrumb"},"inLanguage":"pt-BR","potentialAction":[{"@type":"ReadAction","target":["https:\/\/unasp.br\/noticias\/xviii-encontro-de-ciencias-contabeis-no-unasp-enfatiza-auditoria-contabil-no-mercado-de-trabalho\/"]}]},{"@type":"ImageObject","inLanguage":"pt-BR","@id":"https:\/\/unasp.br\/noticias\/xviii-encontro-de-ciencias-contabeis-no-unasp-enfatiza-auditoria-contabil-no-mercado-de-trabalho\/#primaryimage","url":"https:\/\/cdn.unasp.br\/noticias\/wp-content\/uploads\/2017\/07\/18082647\/httpwww.unasp-ec.edu_.brsitefilesfotos3794.jpg","contentUrl":"https:\/\/cdn.unasp.br\/noticias\/wp-content\/uploads\/2017\/07\/18082647\/httpwww.unasp-ec.edu_.brsitefilesfotos3794.jpg","width":640,"height":426},{"@type":"BreadcrumbList","@id":"https:\/\/unasp.br\/noticias\/xviii-encontro-de-ciencias-contabeis-no-unasp-enfatiza-auditoria-contabil-no-mercado-de-trabalho\/#breadcrumb","itemListElement":[{"@type":"ListItem","position":1,"name":"In\u00edcio","item":"https:\/\/unasp.br\/noticias\/"},{"@type":"ListItem","position":2,"name":"XVIII Encontro de Ci\u00eancias Cont\u00e1beis no Unasp enfatiza a auditoria cont\u00e1bil no mercado de trabalho"}]},{"@type":"WebSite","@id":"https:\/\/unasp.br\/noticias\/#website","url":"https:\/\/unasp.br\/noticias\/","name":"UNASP Noticias","description":"Centro Universit\u00e1rio Adventista de S\u00e3o Paulo","publisher":{"@id":"https:\/\/unasp.br\/noticias\/#organization"},"potentialAction":[{"@type":"SearchAction","target":{"@type":"EntryPoint","urlTemplate":"https:\/\/unasp.br\/noticias\/?s={search_term_string}"},"query-input":{"@type":"PropertyValueSpecification","valueRequired":true,"valueName":"search_term_string"}}],"inLanguage":"pt-BR"},{"@type":"Organization","@id":"https:\/\/unasp.br\/noticias\/#organization","name":"UNASP Noticias","url":"https:\/\/unasp.br\/noticias\/","logo":{"@type":"ImageObject","inLanguage":"pt-BR","@id":"https:\/\/unasp.br\/noticias\/#\/schema\/logo\/image\/","url":"https:\/\/cdn.unasp.br\/noticias\/wp-content\/uploads\/2021\/09\/09152724\/logo-unasp-news.png","contentUrl":"https:\/\/cdn.unasp.br\/noticias\/wp-content\/uploads\/2021\/09\/09152724\/logo-unasp-news.png","width":240,"height":41,"caption":"UNASP Noticias"},"image":{"@id":"https:\/\/unasp.br\/noticias\/#\/schema\/logo\/image\/"}},{"@type":"Person","@id":"https:\/\/unasp.br\/noticias\/#\/schema\/person\/e3b8f8e8b1d3759eda9f61d2bb12b6d7","name":"UNASP - TI-DESENVOLVIMENTO","image":{"@type":"ImageObject","inLanguage":"pt-BR","@id":"https:\/\/unasp.br\/noticias\/#\/schema\/person\/image\/","url":"https:\/\/secure.gravatar.com\/avatar\/88a02b7e6ee37f47de0ecad3877878b0?s=96&d=mm&r=g","contentUrl":"https:\/\/secure.gravatar.com\/avatar\/88a02b7e6ee37f47de0ecad3877878b0?s=96&d=mm&r=g","caption":"UNASP - TI-DESENVOLVIMENTO"},"url":"https:\/\/unasp.br\/noticias\/author\/admindefault-com\/"}]}},"_links":{"self":[{"href":"https:\/\/unasp.br\/noticias\/wp-json\/wp\/v2\/posts\/2414"}],"collection":[{"href":"https:\/\/unasp.br\/noticias\/wp-json\/wp\/v2\/posts"}],"about":[{"href":"https:\/\/unasp.br\/noticias\/wp-json\/wp\/v2\/types\/post"}],"author":[{"embeddable":true,"href":"https:\/\/unasp.br\/noticias\/wp-json\/wp\/v2\/users\/80"}],"replies":[{"embeddable":true,"href":"https:\/\/unasp.br\/noticias\/wp-json\/wp\/v2\/comments?post=2414"}],"version-history":[{"count":2,"href":"https:\/\/unasp.br\/noticias\/wp-json\/wp\/v2\/posts\/2414\/revisions"}],"predecessor-version":[{"id":94345,"href":"https:\/\/unasp.br\/noticias\/wp-json\/wp\/v2\/posts\/2414\/revisions\/94345"}],"wp:featuredmedia":[{"embeddable":true,"href":"https:\/\/unasp.br\/noticias\/wp-json\/wp\/v2\/media\/2415"}],"wp:attachment":[{"href":"https:\/\/unasp.br\/noticias\/wp-json\/wp\/v2\/media?parent=2414"}],"wp:term":[{"taxonomy":"category","embeddable":true,"href":"https:\/\/unasp.br\/noticias\/wp-json\/wp\/v2\/categories?post=2414"},{"taxonomy":"post_tag","embeddable":true,"href":"https:\/\/unasp.br\/noticias\/wp-json\/wp\/v2\/tags?post=2414"}],"curies":[{"name":"wp","href":"https:\/\/api.w.org\/{rel}","templated":true}]}}