{"id":30315,"date":"2018-02-14T09:24:58","date_gmt":"2018-02-14T11:24:58","guid":{"rendered":"https:\/\/www.unasp.br\/noticias\/?p=30315"},"modified":"2018-02-14T09:24:59","modified_gmt":"2018-02-14T11:24:59","slug":"convenio-viabiliza-faculdade-aos-moradores-de-conchal","status":"publish","type":"post","link":"https:\/\/unasp.br\/noticias\/convenio-viabiliza-faculdade-aos-moradores-de-conchal\/","title":{"rendered":"Conv\u00eanio viabiliza faculdade aos moradores de Conchal"},"content":{"rendered":"<p><img loading=\"lazy\" decoding=\"async\" class=\"alignnone wp-image-30317\" src=\"https:\/\/www.unasp.br\/noticias\/wp-content\/uploads\/2018\/02\/Unasp-faz-parceria-com-Conchal-2-1024x683.jpg\" alt=\"\" width=\"800\" height=\"533\" srcset=\"https:\/\/cdn.unasp.br\/noticias\/wp-content\/uploads\/2018\/02\/14071833\/Unasp-faz-parceria-com-Conchal-2-1024x683.jpg 1024w, https:\/\/cdn.unasp.br\/noticias\/wp-content\/uploads\/2018\/02\/14071833\/Unasp-faz-parceria-com-Conchal-2-300x200.jpg 300w, https:\/\/cdn.unasp.br\/noticias\/wp-content\/uploads\/2018\/02\/14071833\/Unasp-faz-parceria-com-Conchal-2-768x512.jpg 768w, https:\/\/cdn.unasp.br\/noticias\/wp-content\/uploads\/2018\/02\/14071833\/Unasp-faz-parceria-com-Conchal-2-900x600.jpg 900w, https:\/\/cdn.unasp.br\/noticias\/wp-content\/uploads\/2018\/02\/14071833\/Unasp-faz-parceria-com-Conchal-2-1200x800.jpg 1200w, https:\/\/cdn.unasp.br\/noticias\/wp-content\/uploads\/2018\/02\/14071833\/Unasp-faz-parceria-com-Conchal-2-1080x720.jpg 1080w, https:\/\/cdn.unasp.br\/noticias\/wp-content\/uploads\/2018\/02\/14071833\/Unasp-faz-parceria-com-Conchal-2-800x533.jpg 800w, https:\/\/cdn.unasp.br\/noticias\/wp-content\/uploads\/2018\/02\/14071833\/Unasp-faz-parceria-com-Conchal-2-750x500.jpg 750w, https:\/\/cdn.unasp.br\/noticias\/wp-content\/uploads\/2018\/02\/14071833\/Unasp-faz-parceria-com-Conchal-2-720x480.jpg 720w, https:\/\/cdn.unasp.br\/noticias\/wp-content\/uploads\/2018\/02\/14071833\/Unasp-faz-parceria-com-Conchal-2-420x280.jpg 420w, https:\/\/cdn.unasp.br\/noticias\/wp-content\/uploads\/2018\/02\/14071833\/Unasp-faz-parceria-com-Conchal-2-500x333.jpg 500w, https:\/\/cdn.unasp.br\/noticias\/wp-content\/uploads\/2018\/02\/14071833\/Unasp-faz-parceria-com-Conchal-2-400x267.jpg 400w, https:\/\/cdn.unasp.br\/noticias\/wp-content\/uploads\/2018\/02\/14071833\/Unasp-faz-parceria-com-Conchal-2-375x250.jpg 375w, https:\/\/cdn.unasp.br\/noticias\/wp-content\/uploads\/2018\/02\/14071833\/Unasp-faz-parceria-com-Conchal-2-225x150.jpg 225w, https:\/\/cdn.unasp.br\/noticias\/wp-content\/uploads\/2018\/02\/14071833\/Unasp-faz-parceria-com-Conchal-2-175x117.jpg 175w, https:\/\/cdn.unasp.br\/noticias\/wp-content\/uploads\/2018\/02\/14071833\/Unasp-faz-parceria-com-Conchal-2-200x133.jpg 200w, https:\/\/cdn.unasp.br\/noticias\/wp-content\/uploads\/2018\/02\/14071833\/Unasp-faz-parceria-com-Conchal-2.jpg 2048w\" sizes=\"(max-width: 800px) 100vw, 800px\" \/><\/p>\n<p><em>A sonhada faculdade pode ser feita com descontos que variam de 15% a 100% para moradores e servidores p\u00fablicos conchalenses<\/em><\/p>\n<p>O Centro Universit\u00e1rio Adventista de S\u00e3o Paulo (Unasp), em Engenheiro Coelho e a Prefeitura Municipal de Conchal celebraram um conv\u00eanio de coopera\u00e7\u00e3o educacional e profissional por meio da concess\u00e3o de descontos parciais e integrais aos moradores e servidores do munic\u00edpio para o ano de 2018, al\u00e9m de subsidio para o transporte escolar. O per\u00edodo de sele\u00e7\u00e3o para interessados j\u00e1 est\u00e1 aberto.<\/p>\n<p><img loading=\"lazy\" decoding=\"async\" class=\"alignnone wp-image-30318\" src=\"https:\/\/www.unasp.br\/noticias\/wp-content\/uploads\/2018\/02\/Unasp-faz-parceria-com-Conchal-3-1024x683.jpg\" alt=\"\" width=\"800\" height=\"533\" srcset=\"https:\/\/cdn.unasp.br\/noticias\/wp-content\/uploads\/2018\/02\/14071843\/Unasp-faz-parceria-com-Conchal-3-1024x683.jpg 1024w, https:\/\/cdn.unasp.br\/noticias\/wp-content\/uploads\/2018\/02\/14071843\/Unasp-faz-parceria-com-Conchal-3-300x200.jpg 300w, https:\/\/cdn.unasp.br\/noticias\/wp-content\/uploads\/2018\/02\/14071843\/Unasp-faz-parceria-com-Conchal-3-768x512.jpg 768w, https:\/\/cdn.unasp.br\/noticias\/wp-content\/uploads\/2018\/02\/14071843\/Unasp-faz-parceria-com-Conchal-3-900x600.jpg 900w, https:\/\/cdn.unasp.br\/noticias\/wp-content\/uploads\/2018\/02\/14071843\/Unasp-faz-parceria-com-Conchal-3-1200x800.jpg 1200w, https:\/\/cdn.unasp.br\/noticias\/wp-content\/uploads\/2018\/02\/14071843\/Unasp-faz-parceria-com-Conchal-3-1080x720.jpg 1080w, https:\/\/cdn.unasp.br\/noticias\/wp-content\/uploads\/2018\/02\/14071843\/Unasp-faz-parceria-com-Conchal-3-800x533.jpg 800w, https:\/\/cdn.unasp.br\/noticias\/wp-content\/uploads\/2018\/02\/14071843\/Unasp-faz-parceria-com-Conchal-3-750x500.jpg 750w, https:\/\/cdn.unasp.br\/noticias\/wp-content\/uploads\/2018\/02\/14071843\/Unasp-faz-parceria-com-Conchal-3-720x480.jpg 720w, https:\/\/cdn.unasp.br\/noticias\/wp-content\/uploads\/2018\/02\/14071843\/Unasp-faz-parceria-com-Conchal-3-420x280.jpg 420w, https:\/\/cdn.unasp.br\/noticias\/wp-content\/uploads\/2018\/02\/14071843\/Unasp-faz-parceria-com-Conchal-3-500x333.jpg 500w, https:\/\/cdn.unasp.br\/noticias\/wp-content\/uploads\/2018\/02\/14071843\/Unasp-faz-parceria-com-Conchal-3-400x267.jpg 400w, https:\/\/cdn.unasp.br\/noticias\/wp-content\/uploads\/2018\/02\/14071843\/Unasp-faz-parceria-com-Conchal-3-375x250.jpg 375w, https:\/\/cdn.unasp.br\/noticias\/wp-content\/uploads\/2018\/02\/14071843\/Unasp-faz-parceria-com-Conchal-3-225x150.jpg 225w, https:\/\/cdn.unasp.br\/noticias\/wp-content\/uploads\/2018\/02\/14071843\/Unasp-faz-parceria-com-Conchal-3-175x117.jpg 175w, https:\/\/cdn.unasp.br\/noticias\/wp-content\/uploads\/2018\/02\/14071843\/Unasp-faz-parceria-com-Conchal-3-200x133.jpg 200w, https:\/\/cdn.unasp.br\/noticias\/wp-content\/uploads\/2018\/02\/14071843\/Unasp-faz-parceria-com-Conchal-3.jpg 2048w\" sizes=\"(max-width: 800px) 100vw, 800px\" \/><\/p>\n<p>O ato contou com a presen\u00e7a da vice-prefeita de Conchal e respons\u00e1vel pelo Fundo Social de Solidariedade, \u00c2ngela Caleffi e do diretor geral do Centro Universit\u00e1rio, Paulo Martini. O objetivo \u00e9 oferecer bolsas de estudos para mun\u00edcipes que dentro dos crit\u00e9rios e avalia\u00e7\u00f5es sociais governamentais precisam o aux\u00edlio. O programa contempla descontos em 15 cursos superiores.<\/p>\n<p>De acordo com a vice-prefeita, \u00c2ngela Caleffi, os moradores de Conchal ser\u00e3o beneficiados diretamente com o conv\u00eanio. \u201cNos sentimos muito honrados com essa parceria que o Unasp faz com nossa cidade, qualificando nossos mun\u00edcipes e tendo todo o incentivo para que os nossos jovens sejam bem acolhidos aqui nessa institui\u00e7\u00e3o\u201d, afirmou.<\/p>\n<p>O benef\u00edcio j\u00e1 \u00e9 oferecido pelo Unasp aos estudantes de Conchal. A universit\u00e1ria Roberta Sousa est\u00e1 cursando o s\u00e9timo semestre de jornalismo e reconhece que o conv\u00eanio entre a institui\u00e7\u00e3o a prefeitura fez a diferen\u00e7a. \u201cEsse desconto facilita bastante devido aos outros compromissos e custos com o curso, ou at\u00e9 mesmo em parte do transporte\u201d, relata.<\/p>\n<p>Receber alunos atrav\u00e9s do conv\u00eanio de coopera\u00e7\u00e3o educacional e profissional fortalece a proximidade com a comunidade, revela o diretor geral do Unasp, Paulo Martini. \u201cUma universidade s\u00f3 cumpre totalmente os prop\u00f3sitos para os quais foi criada quando estiver inserida na comunidade. N\u00f3s queremos estar inseridos para ajudar no seu desenvolvimento, no seu aperfei\u00e7oamento. Qualificar as pessoas n\u00e3o apenas para um emprego, mas qualificar para uma vida melhor, uma vida mais feliz, uma vida de maiores realiza\u00e7\u00f5es\u201d, declarou.<\/p>\n<p>Os interessados devem agendar no Unasp a <a href=\"https:\/\/adems.sdasystems.org\/BRA\/Admission\/UNASP\/Grad\/Inscription\/\">prova do vestibular continuado<\/a> e entregar toda a documenta\u00e7\u00e3o solicitada no <a href=\"https:\/\/cdn1.unasp.br\/ec\/wp-content\/uploads\/2017\/09\/FORMULARIO-DE-BOLSA-2018-EXTERNATO.pdf\">formul\u00e1rio de cadastro s\u00f3cio econ\u00f4mico para bolsa de estudos<\/a>.<\/p>\n<p><strong>Unasp<\/strong><\/p>\n<p>O Unasp est\u00e1 entre as principais institui\u00e7\u00f5es educacionais da Regi\u00e3o Metropolitana de Campinas. Mais de 70% dos cursos superiores receberam nota 4 ou 5 (em uma escala de 0 a 5) em avalia\u00e7\u00f5es do Minist\u00e9rio da Educa\u00e7\u00e3o.<\/p>\n<p>O Centro Universit\u00e1rio foi estruturado para formar profissionais focados em pesquisas de alto desempenho t\u00e9cnico e pr\u00e1ticas de mercado, atrav\u00e9s de metodologias ativas de ensino.<\/p>\n<p>O Unasp oferece a <a href=\"https:\/\/www.unasp.br\/ec\/agende-uma-visita\/\">oportunidade de visita\u00e7\u00e3o agendada<\/a> para conhecer a estrutura da institui\u00e7\u00e3o aos interessados em receber os benef\u00edcios do conv\u00eanio celebrado com a prefeitura de Conchal, atrav\u00e9s do <a href=\"http:\/\/www.unasp.br\/ec\">site<\/a> ou telefone (19) 3858-9000.<\/p>\n<p><img loading=\"lazy\" decoding=\"async\" class=\"alignnone wp-image-30316\" src=\"https:\/\/www.unasp.br\/noticias\/wp-content\/uploads\/2018\/02\/Unasp-faz-parceria-com-Conchal-1-1024x683.jpg\" alt=\"\" width=\"800\" height=\"533\" srcset=\"https:\/\/cdn.unasp.br\/noticias\/wp-content\/uploads\/2018\/02\/14071823\/Unasp-faz-parceria-com-Conchal-1-1024x683.jpg 1024w, https:\/\/cdn.unasp.br\/noticias\/wp-content\/uploads\/2018\/02\/14071823\/Unasp-faz-parceria-com-Conchal-1-300x200.jpg 300w, https:\/\/cdn.unasp.br\/noticias\/wp-content\/uploads\/2018\/02\/14071823\/Unasp-faz-parceria-com-Conchal-1-768x512.jpg 768w, https:\/\/cdn.unasp.br\/noticias\/wp-content\/uploads\/2018\/02\/14071823\/Unasp-faz-parceria-com-Conchal-1-900x600.jpg 900w, https:\/\/cdn.unasp.br\/noticias\/wp-content\/uploads\/2018\/02\/14071823\/Unasp-faz-parceria-com-Conchal-1-1200x800.jpg 1200w, https:\/\/cdn.unasp.br\/noticias\/wp-content\/uploads\/2018\/02\/14071823\/Unasp-faz-parceria-com-Conchal-1-1080x720.jpg 1080w, https:\/\/cdn.unasp.br\/noticias\/wp-content\/uploads\/2018\/02\/14071823\/Unasp-faz-parceria-com-Conchal-1-800x533.jpg 800w, https:\/\/cdn.unasp.br\/noticias\/wp-content\/uploads\/2018\/02\/14071823\/Unasp-faz-parceria-com-Conchal-1-750x500.jpg 750w, https:\/\/cdn.unasp.br\/noticias\/wp-content\/uploads\/2018\/02\/14071823\/Unasp-faz-parceria-com-Conchal-1-720x480.jpg 720w, https:\/\/cdn.unasp.br\/noticias\/wp-content\/uploads\/2018\/02\/14071823\/Unasp-faz-parceria-com-Conchal-1-420x280.jpg 420w, https:\/\/cdn.unasp.br\/noticias\/wp-content\/uploads\/2018\/02\/14071823\/Unasp-faz-parceria-com-Conchal-1-500x333.jpg 500w, https:\/\/cdn.unasp.br\/noticias\/wp-content\/uploads\/2018\/02\/14071823\/Unasp-faz-parceria-com-Conchal-1-400x267.jpg 400w, https:\/\/cdn.unasp.br\/noticias\/wp-content\/uploads\/2018\/02\/14071823\/Unasp-faz-parceria-com-Conchal-1-375x250.jpg 375w, https:\/\/cdn.unasp.br\/noticias\/wp-content\/uploads\/2018\/02\/14071823\/Unasp-faz-parceria-com-Conchal-1-225x150.jpg 225w, https:\/\/cdn.unasp.br\/noticias\/wp-content\/uploads\/2018\/02\/14071823\/Unasp-faz-parceria-com-Conchal-1-175x117.jpg 175w, https:\/\/cdn.unasp.br\/noticias\/wp-content\/uploads\/2018\/02\/14071823\/Unasp-faz-parceria-com-Conchal-1-200x133.jpg 200w, https:\/\/cdn.unasp.br\/noticias\/wp-content\/uploads\/2018\/02\/14071823\/Unasp-faz-parceria-com-Conchal-1.jpg 2048w\" sizes=\"(max-width: 800px) 100vw, 800px\" \/><\/p>\n","protected":false},"excerpt":{"rendered":"<p>A sonhada faculdade pode ser feita com descontos que variam de 15% a 100% para moradores e [&hellip;]<\/p>\n","protected":false},"author":80,"featured_media":30319,"comment_status":"open","ping_status":"open","sticky":false,"template":"","format":"standard","meta":{"footnotes":""},"categories":[6],"tags":[],"yoast_head":"<!-- This site is optimized with the Yoast SEO plugin v23.5 - https:\/\/yoast.com\/wordpress\/plugins\/seo\/ -->\n<title>Conv\u00eanio viabiliza faculdade aos moradores de Conchal - UNASP Noticias<\/title>\n<meta name=\"robots\" content=\"index, follow, max-snippet:-1, max-image-preview:large, max-video-preview:-1\" \/>\n<link rel=\"canonical\" href=\"https:\/\/unasp.br\/noticias\/convenio-viabiliza-faculdade-aos-moradores-de-conchal\/\" \/>\n<meta property=\"og:locale\" content=\"pt_BR\" \/>\n<meta property=\"og:type\" content=\"article\" \/>\n<meta property=\"og:title\" content=\"Conv\u00eanio viabiliza faculdade aos moradores de Conchal - UNASP Noticias\" \/>\n<meta property=\"og:description\" content=\"A sonhada faculdade pode ser feita com descontos que variam de 15% a 100% para moradores e [&hellip;]\" \/>\n<meta property=\"og:url\" content=\"https:\/\/unasp.br\/noticias\/convenio-viabiliza-faculdade-aos-moradores-de-conchal\/\" \/>\n<meta property=\"og:site_name\" content=\"UNASP Noticias\" \/>\n<meta property=\"article:published_time\" content=\"2018-02-14T11:24:58+00:00\" \/>\n<meta property=\"article:modified_time\" content=\"2018-02-14T11:24:59+00:00\" \/>\n<meta property=\"og:image\" content=\"https:\/\/cdn.unasp.br\/noticias\/wp-content\/uploads\/2018\/02\/14072358\/Unasp-faz-parceria-com-Conchal-305x280.jpg\" \/>\n\t<meta property=\"og:image:width\" content=\"305\" \/>\n\t<meta property=\"og:image:height\" content=\"280\" \/>\n\t<meta property=\"og:image:type\" content=\"image\/jpeg\" \/>\n<meta name=\"author\" content=\"UNASP - TI-DESENVOLVIMENTO\" \/>\n<meta name=\"twitter:card\" content=\"summary_large_image\" \/>\n<meta name=\"twitter:label1\" content=\"Escrito por\" \/>\n\t<meta name=\"twitter:data1\" content=\"UNASP - TI-DESENVOLVIMENTO\" \/>\n\t<meta name=\"twitter:label2\" content=\"Est. tempo de leitura\" \/>\n\t<meta name=\"twitter:data2\" content=\"2 minutos\" \/>\n<script type=\"application\/ld+json\" class=\"yoast-schema-graph\">{\"@context\":\"https:\/\/schema.org\",\"@graph\":[{\"@type\":\"Article\",\"@id\":\"https:\/\/unasp.br\/noticias\/convenio-viabiliza-faculdade-aos-moradores-de-conchal\/#article\",\"isPartOf\":{\"@id\":\"https:\/\/unasp.br\/noticias\/convenio-viabiliza-faculdade-aos-moradores-de-conchal\/\"},\"author\":{\"name\":\"UNASP - TI-DESENVOLVIMENTO\",\"@id\":\"https:\/\/unasp.br\/noticias\/#\/schema\/person\/e3b8f8e8b1d3759eda9f61d2bb12b6d7\"},\"headline\":\"Conv\u00eanio viabiliza faculdade aos moradores de Conchal\",\"datePublished\":\"2018-02-14T11:24:58+00:00\",\"dateModified\":\"2018-02-14T11:24:59+00:00\",\"mainEntityOfPage\":{\"@id\":\"https:\/\/unasp.br\/noticias\/convenio-viabiliza-faculdade-aos-moradores-de-conchal\/\"},\"wordCount\":495,\"commentCount\":0,\"publisher\":{\"@id\":\"https:\/\/unasp.br\/noticias\/#organization\"},\"image\":{\"@id\":\"https:\/\/unasp.br\/noticias\/convenio-viabiliza-faculdade-aos-moradores-de-conchal\/#primaryimage\"},\"thumbnailUrl\":\"https:\/\/cdn.unasp.br\/noticias\/wp-content\/uploads\/2018\/02\/14072358\/Unasp-faz-parceria-com-Conchal-305x280.jpg\",\"articleSection\":[\"Acontece no UNASP\"],\"inLanguage\":\"pt-BR\",\"potentialAction\":[{\"@type\":\"CommentAction\",\"name\":\"Comment\",\"target\":[\"https:\/\/unasp.br\/noticias\/convenio-viabiliza-faculdade-aos-moradores-de-conchal\/#respond\"]}]},{\"@type\":\"WebPage\",\"@id\":\"https:\/\/unasp.br\/noticias\/convenio-viabiliza-faculdade-aos-moradores-de-conchal\/\",\"url\":\"https:\/\/unasp.br\/noticias\/convenio-viabiliza-faculdade-aos-moradores-de-conchal\/\",\"name\":\"Conv\u00eanio viabiliza faculdade aos moradores de Conchal - UNASP Noticias\",\"isPartOf\":{\"@id\":\"https:\/\/unasp.br\/noticias\/#website\"},\"primaryImageOfPage\":{\"@id\":\"https:\/\/unasp.br\/noticias\/convenio-viabiliza-faculdade-aos-moradores-de-conchal\/#primaryimage\"},\"image\":{\"@id\":\"https:\/\/unasp.br\/noticias\/convenio-viabiliza-faculdade-aos-moradores-de-conchal\/#primaryimage\"},\"thumbnailUrl\":\"https:\/\/cdn.unasp.br\/noticias\/wp-content\/uploads\/2018\/02\/14072358\/Unasp-faz-parceria-com-Conchal-305x280.jpg\",\"datePublished\":\"2018-02-14T11:24:58+00:00\",\"dateModified\":\"2018-02-14T11:24:59+00:00\",\"breadcrumb\":{\"@id\":\"https:\/\/unasp.br\/noticias\/convenio-viabiliza-faculdade-aos-moradores-de-conchal\/#breadcrumb\"},\"inLanguage\":\"pt-BR\",\"potentialAction\":[{\"@type\":\"ReadAction\",\"target\":[\"https:\/\/unasp.br\/noticias\/convenio-viabiliza-faculdade-aos-moradores-de-conchal\/\"]}]},{\"@type\":\"ImageObject\",\"inLanguage\":\"pt-BR\",\"@id\":\"https:\/\/unasp.br\/noticias\/convenio-viabiliza-faculdade-aos-moradores-de-conchal\/#primaryimage\",\"url\":\"https:\/\/cdn.unasp.br\/noticias\/wp-content\/uploads\/2018\/02\/14072358\/Unasp-faz-parceria-com-Conchal-305x280.jpg\",\"contentUrl\":\"https:\/\/cdn.unasp.br\/noticias\/wp-content\/uploads\/2018\/02\/14072358\/Unasp-faz-parceria-com-Conchal-305x280.jpg\",\"width\":305,\"height\":280},{\"@type\":\"BreadcrumbList\",\"@id\":\"https:\/\/unasp.br\/noticias\/convenio-viabiliza-faculdade-aos-moradores-de-conchal\/#breadcrumb\",\"itemListElement\":[{\"@type\":\"ListItem\",\"position\":1,\"name\":\"In\u00edcio\",\"item\":\"https:\/\/unasp.br\/noticias\/\"},{\"@type\":\"ListItem\",\"position\":2,\"name\":\"Conv\u00eanio viabiliza faculdade aos moradores de Conchal\"}]},{\"@type\":\"WebSite\",\"@id\":\"https:\/\/unasp.br\/noticias\/#website\",\"url\":\"https:\/\/unasp.br\/noticias\/\",\"name\":\"UNASP Noticias\",\"description\":\"Centro Universit\u00e1rio Adventista de S\u00e3o Paulo\",\"publisher\":{\"@id\":\"https:\/\/unasp.br\/noticias\/#organization\"},\"potentialAction\":[{\"@type\":\"SearchAction\",\"target\":{\"@type\":\"EntryPoint\",\"urlTemplate\":\"https:\/\/unasp.br\/noticias\/?s={search_term_string}\"},\"query-input\":{\"@type\":\"PropertyValueSpecification\",\"valueRequired\":true,\"valueName\":\"search_term_string\"}}],\"inLanguage\":\"pt-BR\"},{\"@type\":\"Organization\",\"@id\":\"https:\/\/unasp.br\/noticias\/#organization\",\"name\":\"UNASP Noticias\",\"url\":\"https:\/\/unasp.br\/noticias\/\",\"logo\":{\"@type\":\"ImageObject\",\"inLanguage\":\"pt-BR\",\"@id\":\"https:\/\/unasp.br\/noticias\/#\/schema\/logo\/image\/\",\"url\":\"https:\/\/cdn.unasp.br\/noticias\/wp-content\/uploads\/2021\/09\/09152724\/logo-unasp-news.png\",\"contentUrl\":\"https:\/\/cdn.unasp.br\/noticias\/wp-content\/uploads\/2021\/09\/09152724\/logo-unasp-news.png\",\"width\":240,\"height\":41,\"caption\":\"UNASP Noticias\"},\"image\":{\"@id\":\"https:\/\/unasp.br\/noticias\/#\/schema\/logo\/image\/\"}},{\"@type\":\"Person\",\"@id\":\"https:\/\/unasp.br\/noticias\/#\/schema\/person\/e3b8f8e8b1d3759eda9f61d2bb12b6d7\",\"name\":\"UNASP - TI-DESENVOLVIMENTO\",\"image\":{\"@type\":\"ImageObject\",\"inLanguage\":\"pt-BR\",\"@id\":\"https:\/\/unasp.br\/noticias\/#\/schema\/person\/image\/\",\"url\":\"https:\/\/secure.gravatar.com\/avatar\/88a02b7e6ee37f47de0ecad3877878b0?s=96&d=mm&r=g\",\"contentUrl\":\"https:\/\/secure.gravatar.com\/avatar\/88a02b7e6ee37f47de0ecad3877878b0?s=96&d=mm&r=g\",\"caption\":\"UNASP - TI-DESENVOLVIMENTO\"},\"url\":\"https:\/\/unasp.br\/noticias\/author\/admindefault-com\/\"}]}<\/script>\n<!-- \/ Yoast SEO plugin. -->","yoast_head_json":{"title":"Conv\u00eanio viabiliza faculdade aos moradores de Conchal - UNASP Noticias","robots":{"index":"index","follow":"follow","max-snippet":"max-snippet:-1","max-image-preview":"max-image-preview:large","max-video-preview":"max-video-preview:-1"},"canonical":"https:\/\/unasp.br\/noticias\/convenio-viabiliza-faculdade-aos-moradores-de-conchal\/","og_locale":"pt_BR","og_type":"article","og_title":"Conv\u00eanio viabiliza faculdade aos moradores de Conchal - UNASP Noticias","og_description":"A sonhada faculdade pode ser feita com descontos que variam de 15% a 100% para moradores e [&hellip;]","og_url":"https:\/\/unasp.br\/noticias\/convenio-viabiliza-faculdade-aos-moradores-de-conchal\/","og_site_name":"UNASP Noticias","article_published_time":"2018-02-14T11:24:58+00:00","article_modified_time":"2018-02-14T11:24:59+00:00","og_image":[{"width":305,"height":280,"url":"https:\/\/cdn.unasp.br\/noticias\/wp-content\/uploads\/2018\/02\/14072358\/Unasp-faz-parceria-com-Conchal-305x280.jpg","type":"image\/jpeg"}],"author":"UNASP - TI-DESENVOLVIMENTO","twitter_card":"summary_large_image","twitter_misc":{"Escrito por":"UNASP - TI-DESENVOLVIMENTO","Est. tempo de leitura":"2 minutos"},"schema":{"@context":"https:\/\/schema.org","@graph":[{"@type":"Article","@id":"https:\/\/unasp.br\/noticias\/convenio-viabiliza-faculdade-aos-moradores-de-conchal\/#article","isPartOf":{"@id":"https:\/\/unasp.br\/noticias\/convenio-viabiliza-faculdade-aos-moradores-de-conchal\/"},"author":{"name":"UNASP - TI-DESENVOLVIMENTO","@id":"https:\/\/unasp.br\/noticias\/#\/schema\/person\/e3b8f8e8b1d3759eda9f61d2bb12b6d7"},"headline":"Conv\u00eanio viabiliza faculdade aos moradores de Conchal","datePublished":"2018-02-14T11:24:58+00:00","dateModified":"2018-02-14T11:24:59+00:00","mainEntityOfPage":{"@id":"https:\/\/unasp.br\/noticias\/convenio-viabiliza-faculdade-aos-moradores-de-conchal\/"},"wordCount":495,"commentCount":0,"publisher":{"@id":"https:\/\/unasp.br\/noticias\/#organization"},"image":{"@id":"https:\/\/unasp.br\/noticias\/convenio-viabiliza-faculdade-aos-moradores-de-conchal\/#primaryimage"},"thumbnailUrl":"https:\/\/cdn.unasp.br\/noticias\/wp-content\/uploads\/2018\/02\/14072358\/Unasp-faz-parceria-com-Conchal-305x280.jpg","articleSection":["Acontece no UNASP"],"inLanguage":"pt-BR","potentialAction":[{"@type":"CommentAction","name":"Comment","target":["https:\/\/unasp.br\/noticias\/convenio-viabiliza-faculdade-aos-moradores-de-conchal\/#respond"]}]},{"@type":"WebPage","@id":"https:\/\/unasp.br\/noticias\/convenio-viabiliza-faculdade-aos-moradores-de-conchal\/","url":"https:\/\/unasp.br\/noticias\/convenio-viabiliza-faculdade-aos-moradores-de-conchal\/","name":"Conv\u00eanio viabiliza faculdade aos moradores de Conchal - UNASP Noticias","isPartOf":{"@id":"https:\/\/unasp.br\/noticias\/#website"},"primaryImageOfPage":{"@id":"https:\/\/unasp.br\/noticias\/convenio-viabiliza-faculdade-aos-moradores-de-conchal\/#primaryimage"},"image":{"@id":"https:\/\/unasp.br\/noticias\/convenio-viabiliza-faculdade-aos-moradores-de-conchal\/#primaryimage"},"thumbnailUrl":"https:\/\/cdn.unasp.br\/noticias\/wp-content\/uploads\/2018\/02\/14072358\/Unasp-faz-parceria-com-Conchal-305x280.jpg","datePublished":"2018-02-14T11:24:58+00:00","dateModified":"2018-02-14T11:24:59+00:00","breadcrumb":{"@id":"https:\/\/unasp.br\/noticias\/convenio-viabiliza-faculdade-aos-moradores-de-conchal\/#breadcrumb"},"inLanguage":"pt-BR","potentialAction":[{"@type":"ReadAction","target":["https:\/\/unasp.br\/noticias\/convenio-viabiliza-faculdade-aos-moradores-de-conchal\/"]}]},{"@type":"ImageObject","inLanguage":"pt-BR","@id":"https:\/\/unasp.br\/noticias\/convenio-viabiliza-faculdade-aos-moradores-de-conchal\/#primaryimage","url":"https:\/\/cdn.unasp.br\/noticias\/wp-content\/uploads\/2018\/02\/14072358\/Unasp-faz-parceria-com-Conchal-305x280.jpg","contentUrl":"https:\/\/cdn.unasp.br\/noticias\/wp-content\/uploads\/2018\/02\/14072358\/Unasp-faz-parceria-com-Conchal-305x280.jpg","width":305,"height":280},{"@type":"BreadcrumbList","@id":"https:\/\/unasp.br\/noticias\/convenio-viabiliza-faculdade-aos-moradores-de-conchal\/#breadcrumb","itemListElement":[{"@type":"ListItem","position":1,"name":"In\u00edcio","item":"https:\/\/unasp.br\/noticias\/"},{"@type":"ListItem","position":2,"name":"Conv\u00eanio viabiliza faculdade aos moradores de Conchal"}]},{"@type":"WebSite","@id":"https:\/\/unasp.br\/noticias\/#website","url":"https:\/\/unasp.br\/noticias\/","name":"UNASP Noticias","description":"Centro Universit\u00e1rio Adventista de S\u00e3o Paulo","publisher":{"@id":"https:\/\/unasp.br\/noticias\/#organization"},"potentialAction":[{"@type":"SearchAction","target":{"@type":"EntryPoint","urlTemplate":"https:\/\/unasp.br\/noticias\/?s={search_term_string}"},"query-input":{"@type":"PropertyValueSpecification","valueRequired":true,"valueName":"search_term_string"}}],"inLanguage":"pt-BR"},{"@type":"Organization","@id":"https:\/\/unasp.br\/noticias\/#organization","name":"UNASP Noticias","url":"https:\/\/unasp.br\/noticias\/","logo":{"@type":"ImageObject","inLanguage":"pt-BR","@id":"https:\/\/unasp.br\/noticias\/#\/schema\/logo\/image\/","url":"https:\/\/cdn.unasp.br\/noticias\/wp-content\/uploads\/2021\/09\/09152724\/logo-unasp-news.png","contentUrl":"https:\/\/cdn.unasp.br\/noticias\/wp-content\/uploads\/2021\/09\/09152724\/logo-unasp-news.png","width":240,"height":41,"caption":"UNASP Noticias"},"image":{"@id":"https:\/\/unasp.br\/noticias\/#\/schema\/logo\/image\/"}},{"@type":"Person","@id":"https:\/\/unasp.br\/noticias\/#\/schema\/person\/e3b8f8e8b1d3759eda9f61d2bb12b6d7","name":"UNASP - TI-DESENVOLVIMENTO","image":{"@type":"ImageObject","inLanguage":"pt-BR","@id":"https:\/\/unasp.br\/noticias\/#\/schema\/person\/image\/","url":"https:\/\/secure.gravatar.com\/avatar\/88a02b7e6ee37f47de0ecad3877878b0?s=96&d=mm&r=g","contentUrl":"https:\/\/secure.gravatar.com\/avatar\/88a02b7e6ee37f47de0ecad3877878b0?s=96&d=mm&r=g","caption":"UNASP - TI-DESENVOLVIMENTO"},"url":"https:\/\/unasp.br\/noticias\/author\/admindefault-com\/"}]}},"_links":{"self":[{"href":"https:\/\/unasp.br\/noticias\/wp-json\/wp\/v2\/posts\/30315"}],"collection":[{"href":"https:\/\/unasp.br\/noticias\/wp-json\/wp\/v2\/posts"}],"about":[{"href":"https:\/\/unasp.br\/noticias\/wp-json\/wp\/v2\/types\/post"}],"author":[{"embeddable":true,"href":"https:\/\/unasp.br\/noticias\/wp-json\/wp\/v2\/users\/80"}],"replies":[{"embeddable":true,"href":"https:\/\/unasp.br\/noticias\/wp-json\/wp\/v2\/comments?post=30315"}],"version-history":[{"count":1,"href":"https:\/\/unasp.br\/noticias\/wp-json\/wp\/v2\/posts\/30315\/revisions"}],"predecessor-version":[{"id":30320,"href":"https:\/\/unasp.br\/noticias\/wp-json\/wp\/v2\/posts\/30315\/revisions\/30320"}],"wp:featuredmedia":[{"embeddable":true,"href":"https:\/\/unasp.br\/noticias\/wp-json\/wp\/v2\/media\/30319"}],"wp:attachment":[{"href":"https:\/\/unasp.br\/noticias\/wp-json\/wp\/v2\/media?parent=30315"}],"wp:term":[{"taxonomy":"category","embeddable":true,"href":"https:\/\/unasp.br\/noticias\/wp-json\/wp\/v2\/categories?post=30315"},{"taxonomy":"post_tag","embeddable":true,"href":"https:\/\/unasp.br\/noticias\/wp-json\/wp\/v2\/tags?post=30315"}],"curies":[{"name":"wp","href":"https:\/\/api.w.org\/{rel}","templated":true}]}}