{"id":33839,"date":"2018-04-02T19:22:25","date_gmt":"2018-04-02T22:22:25","guid":{"rendered":"https:\/\/www.unasp.br\/noticias\/?p=33839"},"modified":"2018-04-03T13:53:12","modified_gmt":"2018-04-03T16:53:12","slug":"psicoterapia-e-espiritualidade-sao-compativeis-e-melhoram-saude-dizem-pesquisadores","status":"publish","type":"post","link":"https:\/\/unasp.br\/noticias\/psicoterapia-e-espiritualidade-sao-compativeis-e-melhoram-saude-dizem-pesquisadores\/","title":{"rendered":"Psicoterapia e espiritualidade s\u00e3o compat\u00edveis e melhoram a sa\u00fade, dizem pesquisadores"},"content":{"rendered":"<p><em>Enquanto o Brasil, de maioria crist\u00e3, soma altos \u00edndices de depress\u00e3o e ansiedade, o curso de Psicologia do UNASP discute rela\u00e7\u00e3o entre psicoterapia e espiritualidade.<\/em><\/p>\n<p>Voc\u00ea sabia que orar, louvar e estar na igreja faz bem para a sa\u00fade emocional? Os estudiosos do campo da Psicologia confirmam isso. Segundo o doutor Esdras Vasconcellos, pesquisador da Universidade de S\u00e3o Paulo (USP), \u201co depressivo tem uma concentra\u00e7\u00e3o muito baixa de dopamina e de serotonina. O ato religioso atrav\u00e9s dos c\u00e2nticos, do louvor, da ora\u00e7\u00e3o e da adora\u00e7\u00e3o, pode elevar esses n\u00edveis de serotonina e de dopamina e fazer ent\u00e3o com que ele saia da depress\u00e3o e vivencie alegria\u201d, explicou.<\/p>\n<p>Por\u00e9m, apesar de 68% dos brasileiros se considerarem crist\u00e3os conforme o \u00faltimo levantamento do IBGE, estamos entre os pa\u00edses que mais sofrem com depress\u00e3o e ansiedade. Segundo dados divulgados pela Organiza\u00e7\u00e3o Mundial de Sa\u00fade em 2017, o Brasil lidera o ranking dos pa\u00edses com maior \u00edndice de pessoas com ansiedade. S\u00e3o 18,6 milh\u00f5es de brasileiros, o que representa 9,3% da popula\u00e7\u00e3o. Com rela\u00e7\u00e3o a depress\u00e3o, o Brasil \u00e9 o 5\u00ba pa\u00eds com maior incid\u00eancia desta enfermidade ps\u00edquica, com 11,5 milh\u00f5es de cidad\u00e3os, ou seja, 5,8 % da popula\u00e7\u00e3o.<\/p>\n<p><strong>Forma\u00e7\u00e3o para sa\u00fade mental<\/strong><\/p>\n<p>O <a href=\"https:\/\/www.unasp.br\/cursos\/sp\/graduacao\/psicologia\/\">curso de Psicologia<\/a> do UNASP campus S\u00e3o Paulo, considera ser de grande import\u00e2ncia discutir e estudar a rela\u00e7\u00e3o entre religiosidade e psicoterapia. No m\u00eas de mar\u00e7o, o curso trouxe para um simp\u00f3sio dois pesquisadores reconhecidos nacional e internacionalmente por estudar como a religi\u00e3o deve ser abordada no tratamento de sa\u00fade emocional.<\/p>\n<p>A coordenadora do curso de Psicologia do UNASP, Vivian Ara\u00fajo, explica que enquanto institui\u00e7\u00e3o de ensino confessional e formadora de psic\u00f3logos, \u00e9 de fundamental import\u00e2ncia dar embasamento para que os universit\u00e1rios entendam cientificamente como abordar as quest\u00f5es sobre a integra\u00e7\u00e3o da espiritualidade dentro da psicoterapia. \u201cIsso \u00e9 poss\u00edvel, \u00e9 importante, mas tem que ser feito com fundamenta\u00e7\u00e3o. Trazer essas pessoas que s\u00e3o expoentes dentro da psicologia tanto em n\u00edvel nacional quanto mundial para apresentar aos alunos esse conhecimento t\u00e9cnico \u00e9 fundamental para que ent\u00e3o possamos formar melhores profissionais com condi\u00e7\u00f5es de fazer essa integra\u00e7\u00e3o com o respeito e a \u00e9tica que a religi\u00e3o e a psicologia merecem\u201d, esclareceu.<\/p>\n<div id=\"attachment_33900\" style=\"width: 310px\" class=\"wp-caption alignright\"><img loading=\"lazy\" decoding=\"async\" aria-describedby=\"caption-attachment-33900\" class=\"wp-image-33900 size-medium\" src=\"https:\/\/www.unasp.br\/noticias\/wp-content\/uploads\/2018\/04\/MG_9719-300x200.jpg\" alt=\"\" width=\"300\" height=\"200\" srcset=\"https:\/\/cdn.unasp.br\/noticias\/wp-content\/uploads\/2018\/04\/03071517\/MG_9719-300x200.jpg 300w, https:\/\/cdn.unasp.br\/noticias\/wp-content\/uploads\/2018\/04\/03071517\/MG_9719-768x512.jpg 768w, https:\/\/cdn.unasp.br\/noticias\/wp-content\/uploads\/2018\/04\/03071517\/MG_9719-1024x683.jpg 1024w, https:\/\/cdn.unasp.br\/noticias\/wp-content\/uploads\/2018\/04\/03071517\/MG_9719-900x600.jpg 900w, https:\/\/cdn.unasp.br\/noticias\/wp-content\/uploads\/2018\/04\/03071517\/MG_9719-1200x800.jpg 1200w, https:\/\/cdn.unasp.br\/noticias\/wp-content\/uploads\/2018\/04\/03071517\/MG_9719-1080x720.jpg 1080w, https:\/\/cdn.unasp.br\/noticias\/wp-content\/uploads\/2018\/04\/03071517\/MG_9719-800x533.jpg 800w, https:\/\/cdn.unasp.br\/noticias\/wp-content\/uploads\/2018\/04\/03071517\/MG_9719-750x500.jpg 750w, https:\/\/cdn.unasp.br\/noticias\/wp-content\/uploads\/2018\/04\/03071517\/MG_9719-720x480.jpg 720w, https:\/\/cdn.unasp.br\/noticias\/wp-content\/uploads\/2018\/04\/03071517\/MG_9719-420x280.jpg 420w, https:\/\/cdn.unasp.br\/noticias\/wp-content\/uploads\/2018\/04\/03071517\/MG_9719-500x333.jpg 500w, https:\/\/cdn.unasp.br\/noticias\/wp-content\/uploads\/2018\/04\/03071517\/MG_9719-400x267.jpg 400w, https:\/\/cdn.unasp.br\/noticias\/wp-content\/uploads\/2018\/04\/03071517\/MG_9719-375x250.jpg 375w, https:\/\/cdn.unasp.br\/noticias\/wp-content\/uploads\/2018\/04\/03071517\/MG_9719-225x150.jpg 225w, https:\/\/cdn.unasp.br\/noticias\/wp-content\/uploads\/2018\/04\/03071517\/MG_9719-175x117.jpg 175w, https:\/\/cdn.unasp.br\/noticias\/wp-content\/uploads\/2018\/04\/03071517\/MG_9719-200x133.jpg 200w, https:\/\/cdn.unasp.br\/noticias\/wp-content\/uploads\/2018\/04\/03071517\/MG_9719.jpg 2048w\" sizes=\"(max-width: 300px) 100vw, 300px\" \/><p id=\"caption-attachment-33900\" class=\"wp-caption-text\">Doutor Esdras Vasconcellos \u00e9 pesquisador do Instituto de Psicologia da Universidade de S\u00e3o Paulo (USP).<\/p><\/div>\n<p><span style=\"font-size: 16px;\">O convidado brasileiro, doutor <\/span><a style=\"font-size: 16px;\" href=\"http:\/\/www.ip.usp.br\/portal\/index.php?option=com_content&amp;view=article&amp;id=539%3Aprincipal&amp;catid=197&amp;Itemid=76&amp;lang=pt\">Esdras Vasconcellos<\/a><span style=\"font-size: 16px;\">, pesquisa a rela\u00e7\u00e3o entre a mente, o sistema nervoso central e as rea\u00e7\u00f5es hormonais (psiconeuroend\u00f3crinas) e como essa rela\u00e7\u00e3o se manifesta em diversas esferas da vida social contempor\u00e2nea como, por exemplo, por meio do estresse. Estuda tamb\u00e9m o processo de cria\u00e7\u00e3o de mecanismos aplicados ao enfrentamento do estresse, conhecido como <\/span><em style=\"font-size: 16px;\">coping, <\/em><span style=\"font-size: 16px;\">se eles s\u00e3o eficazes e o surgimento de sintomas e patologias. Analisa ainda os processos intraps\u00edquicos, hist\u00f3ria de eventos de vida e como estes interferem nas enfermidades. Em sua palestra, apresentou como as pr\u00e1ticas religiosas se manifestam biologicamente e interferem nas emo\u00e7\u00f5es e bem-estar mental.<\/span><\/p>\n<p><strong>Psicologia X Religi\u00e3o (?)<\/strong><\/p>\n<p>No entanto, por muitos anos a psicologia e a religiosidade foram consideradas antag\u00f4nicas pela maioria dos profissionais e pesquisadores. Parte disso, se deve \u00e0s diverg\u00eancias filos\u00f3ficas que distanciaram ci\u00eancia e religi\u00e3o. As pesquisas do cientista e psic\u00f3logo norte americano, <a href=\"https:\/\/en.wikipedia.org\/wiki\/Kenneth_Pargament\">Kenneth Pargament<\/a>, reconhecido mundialmente como principal autor e expoente do assunto na comunidade cient\u00edfica tendo publicado mais de 250 artigos e o principal livro sobre psicologia da religi\u00e3o, t\u00eam ajudado a romper o preconceito e evidenciado o benef\u00edcio das abordagens que prop\u00f5e para a sa\u00fade emocional dos pacientes.<\/p>\n<p>\u201cExiste uma lacuna na forma atrav\u00e9s da qual os profissionais de sa\u00fade mental t\u00eam abordado o tratamento e infelizmente a espiritualidade tem sido negligenciada por anos. Felizmente este cen\u00e1rio come\u00e7ou a mudar e n\u00f3s temos aprendido novas e empolgantes maneiras de integrar a espiritualidade \u00e0 psicoterapia e outras formas de tratamentos em sa\u00fade mental\u201d, afirmou Pargament.<\/p>\n<div id=\"attachment_33840\" style=\"width: 310px\" class=\"wp-caption alignleft\"><img loading=\"lazy\" decoding=\"async\" aria-describedby=\"caption-attachment-33840\" class=\"wp-image-33840 size-medium\" src=\"https:\/\/www.unasp.br\/noticias\/wp-content\/uploads\/2018\/04\/MG_0090-300x200.jpg\" alt=\"\" width=\"300\" height=\"200\" srcset=\"https:\/\/cdn.unasp.br\/noticias\/wp-content\/uploads\/2018\/04\/02154433\/MG_0090-300x200.jpg 300w, https:\/\/cdn.unasp.br\/noticias\/wp-content\/uploads\/2018\/04\/02154433\/MG_0090-768x512.jpg 768w, https:\/\/cdn.unasp.br\/noticias\/wp-content\/uploads\/2018\/04\/02154433\/MG_0090-1024x683.jpg 1024w, https:\/\/cdn.unasp.br\/noticias\/wp-content\/uploads\/2018\/04\/02154433\/MG_0090-900x600.jpg 900w, https:\/\/cdn.unasp.br\/noticias\/wp-content\/uploads\/2018\/04\/02154433\/MG_0090-1200x800.jpg 1200w, https:\/\/cdn.unasp.br\/noticias\/wp-content\/uploads\/2018\/04\/02154433\/MG_0090-1080x720.jpg 1080w, https:\/\/cdn.unasp.br\/noticias\/wp-content\/uploads\/2018\/04\/02154433\/MG_0090-800x533.jpg 800w, https:\/\/cdn.unasp.br\/noticias\/wp-content\/uploads\/2018\/04\/02154433\/MG_0090-750x500.jpg 750w, https:\/\/cdn.unasp.br\/noticias\/wp-content\/uploads\/2018\/04\/02154433\/MG_0090-720x480.jpg 720w, https:\/\/cdn.unasp.br\/noticias\/wp-content\/uploads\/2018\/04\/02154433\/MG_0090-420x280.jpg 420w, https:\/\/cdn.unasp.br\/noticias\/wp-content\/uploads\/2018\/04\/02154433\/MG_0090-500x333.jpg 500w, https:\/\/cdn.unasp.br\/noticias\/wp-content\/uploads\/2018\/04\/02154433\/MG_0090-400x267.jpg 400w, https:\/\/cdn.unasp.br\/noticias\/wp-content\/uploads\/2018\/04\/02154433\/MG_0090-375x250.jpg 375w, https:\/\/cdn.unasp.br\/noticias\/wp-content\/uploads\/2018\/04\/02154433\/MG_0090-225x150.jpg 225w, https:\/\/cdn.unasp.br\/noticias\/wp-content\/uploads\/2018\/04\/02154433\/MG_0090-175x117.jpg 175w, https:\/\/cdn.unasp.br\/noticias\/wp-content\/uploads\/2018\/04\/02154433\/MG_0090-200x133.jpg 200w, https:\/\/cdn.unasp.br\/noticias\/wp-content\/uploads\/2018\/04\/02154433\/MG_0090.jpg 2048w\" sizes=\"(max-width: 300px) 100vw, 300px\" \/><p id=\"caption-attachment-33840\" class=\"wp-caption-text\">Principal refer\u00eancia mundial a respeito da espiritualidade no contexto da psicoterapia, Kennethy Pargament falou para universit\u00e1rios do UNASP-SP<\/p><\/div>\n<p>Tendo por base a popula\u00e7\u00e3o dos Estados Unidos, Pargament constatou que 96% das pessoas acreditam em Deus e buscam na religiosidade o conforto de que necessitam para lidar com eventos dif\u00edceis da vida. Ao passo em que apenas 24% dos psic\u00f3logos cl\u00ednicos se dizem crentes. Outro fator, que segundo o pesquisador influencia na dificuldade em conciliar religi\u00e3o e psicoterapia, \u00e9 a falta de forma\u00e7\u00e3o profissional adequada. Apenas 25% dos treinamentos e Ph.D em Psicologia Cl\u00ednica nos EUA e Canad\u00e1 oferecem aulas e conte\u00fado sobre religi\u00e3o e espiritualidade.<\/p>\n<p><span style=\"font-size: 16px;\">Os trabalhos de Pargament mostram que quando o psic\u00f3logo n\u00e3o tem preconceito contra a religi\u00e3o, o paciente pode ter resultados mais eficazes ao ser respeitado em suas cren\u00e7as. \u201cSabemos que os grandes dramas da vida: doen\u00e7a; morte e perdas tr\u00e1gicas\u00a0afetam as pessoas n\u00e3o apenas psicologicamente; socialmente; emocionalmente e fisicamente. Eles afetam as pessoas espiritualmente.\u00a0 Algumas quando passam pelas grandes mudan\u00e7as na vida, incluindo os problemas de sa\u00fade mental s\u00e3o sacudidas espiritualmente tamb\u00e9m\u201d, descreve exemplificando aquelas atitudes de revolta e questionamento a Deus por ocasi\u00e3o de grandes dificuldades enfrentadas.<\/span><\/p>\n<p>\u201cSabemos que estes conflitos espirituais podem estar associados a problemas de sa\u00fade mental. Em sua ess\u00eancia, eles tornam as coisas piores para as pessoas. Ent\u00e3o, mais uma vez \u00e9 importante para os profissionais de sa\u00fade mental saber como n\u00f3s ajudamos as pessoas quando elas est\u00e3o passando por per\u00edodos de conflito. Como ajudamos as pessoas quando s\u00e3o chacoalhadas em sua ess\u00eancia\u201d, enfatiza Pargamet.<\/p>\n<p>&nbsp;<\/p>\n<div id=\"attachment_33890\" style=\"width: 310px\" class=\"wp-caption alignright\"><img loading=\"lazy\" decoding=\"async\" aria-describedby=\"caption-attachment-33890\" class=\"wp-image-33890 size-medium\" src=\"https:\/\/www.unasp.br\/noticias\/wp-content\/uploads\/2018\/04\/IMG_0943-2-300x200.jpg\" alt=\"\" width=\"300\" height=\"200\" srcset=\"https:\/\/cdn.unasp.br\/noticias\/wp-content\/uploads\/2018\/04\/03064249\/IMG_0943-2-300x200.jpg 300w, https:\/\/cdn.unasp.br\/noticias\/wp-content\/uploads\/2018\/04\/03064249\/IMG_0943-2-768x512.jpg 768w, https:\/\/cdn.unasp.br\/noticias\/wp-content\/uploads\/2018\/04\/03064249\/IMG_0943-2-1024x683.jpg 1024w, https:\/\/cdn.unasp.br\/noticias\/wp-content\/uploads\/2018\/04\/03064249\/IMG_0943-2-900x600.jpg 900w, https:\/\/cdn.unasp.br\/noticias\/wp-content\/uploads\/2018\/04\/03064249\/IMG_0943-2-1200x800.jpg 1200w, https:\/\/cdn.unasp.br\/noticias\/wp-content\/uploads\/2018\/04\/03064249\/IMG_0943-2-1080x720.jpg 1080w, https:\/\/cdn.unasp.br\/noticias\/wp-content\/uploads\/2018\/04\/03064249\/IMG_0943-2-800x533.jpg 800w, https:\/\/cdn.unasp.br\/noticias\/wp-content\/uploads\/2018\/04\/03064249\/IMG_0943-2-750x500.jpg 750w, https:\/\/cdn.unasp.br\/noticias\/wp-content\/uploads\/2018\/04\/03064249\/IMG_0943-2-720x480.jpg 720w, https:\/\/cdn.unasp.br\/noticias\/wp-content\/uploads\/2018\/04\/03064249\/IMG_0943-2-420x280.jpg 420w, https:\/\/cdn.unasp.br\/noticias\/wp-content\/uploads\/2018\/04\/03064249\/IMG_0943-2-500x333.jpg 500w, https:\/\/cdn.unasp.br\/noticias\/wp-content\/uploads\/2018\/04\/03064249\/IMG_0943-2-400x267.jpg 400w, https:\/\/cdn.unasp.br\/noticias\/wp-content\/uploads\/2018\/04\/03064249\/IMG_0943-2-375x250.jpg 375w, https:\/\/cdn.unasp.br\/noticias\/wp-content\/uploads\/2018\/04\/03064249\/IMG_0943-2-225x150.jpg 225w, https:\/\/cdn.unasp.br\/noticias\/wp-content\/uploads\/2018\/04\/03064249\/IMG_0943-2-175x117.jpg 175w, https:\/\/cdn.unasp.br\/noticias\/wp-content\/uploads\/2018\/04\/03064249\/IMG_0943-2-200x133.jpg 200w, https:\/\/cdn.unasp.br\/noticias\/wp-content\/uploads\/2018\/04\/03064249\/IMG_0943-2.jpg 2048w\" sizes=\"(max-width: 300px) 100vw, 300px\" \/><p id=\"caption-attachment-33890\" class=\"wp-caption-text\">Segundo Pargament, as pesquisas t\u00eam trazido novas e empolgantes maneiras de integrar a espiritualidade \u00e0 psicoterapia. (Foto ilustrativa)<\/p><\/div>\n<p>O primeiro adventista a se tornar psic\u00f3logo no Brasil e um dos precursores para o in\u00edcio do curso de Psicologia do UNASP-SP, doutor Belis\u00e1rio Marques, come\u00e7ou a exercer a profiss\u00e3o em um per\u00edodo no qual o preconceito tamb\u00e9m vinha da religi\u00e3o para com a psicoterapia. \u201cA psicologia tamb\u00e9m n\u00e3o era muito bem aceita pelo meio religioso. Eu pego essa fase em que a psicologia n\u00e3o foi aceita e, \u00e9 claro, eu tamb\u00e9m n\u00e3o era aceito. Ent\u00e3o, eu vivi em um momento de contraste e de briga muito grande. O terapeuta n\u00e3o pode ser preconceituoso. Pode ter as cren\u00e7as, os valores e os par\u00e2metros que ele segue na vida dele, mas n\u00e3o pode impor isso em ningu\u00e9m, a nenhuma pessoa\u201d, refor\u00e7a.<\/p>\n<p>A compreens\u00e3o das pessoas foi mudando ao longo do tempo. Por\u00e9m, desde o in\u00edcio da sua carreira como psic\u00f3logo cl\u00ednico, j\u00e1 s\u00e3o 50 anos, Marques conta que v\u00ea os pacientes trazerem suas quest\u00f5es espirituais para o consult\u00f3rio. \u201c\u00c9 muito frequente n\u00e3o s\u00f3 em pacientes religiosos, mas em pacientes que n\u00e3o s\u00e3o religiosos. Chega o momento em que a pessoa pergunta de religi\u00e3o. Ent\u00e3o, como eu sou religioso, eu respondo sobre religi\u00e3o sem fazer proselitismo. Isso \u00e9, sem induzir ou doutrinar a pessoa na religi\u00e3o\u201d, assinala.<\/p>\n<p><strong>O real problema<\/strong><\/p>\n<p>Pargament apresenta que entre os fatores que evidenciam a import\u00e2ncia de se integrar a espiritualidade ao cuidado de sa\u00fade mental est\u00e3o: a religi\u00e3o \u00e9 um fato cultural; as pessoas desejam um cuidado espiritual; espiritualidade \u00e9 um recurso para muitas pessoas; espiritualidade est\u00e1 ligada a resultados positivos de sa\u00fade e, por fim, espiritualidade pode ser uma fonte de problemas.<\/p>\n<div id=\"attachment_33891\" style=\"width: 310px\" class=\"wp-caption alignright\"><img loading=\"lazy\" decoding=\"async\" aria-describedby=\"caption-attachment-33891\" class=\"wp-image-33891 size-medium\" src=\"https:\/\/www.unasp.br\/noticias\/wp-content\/uploads\/2018\/04\/IMG_1107-21-300x200.jpg\" alt=\"\" width=\"300\" height=\"200\" srcset=\"https:\/\/cdn.unasp.br\/noticias\/wp-content\/uploads\/2018\/04\/03064426\/IMG_1107-21-300x200.jpg 300w, https:\/\/cdn.unasp.br\/noticias\/wp-content\/uploads\/2018\/04\/03064426\/IMG_1107-21-768x512.jpg 768w, https:\/\/cdn.unasp.br\/noticias\/wp-content\/uploads\/2018\/04\/03064426\/IMG_1107-21-1024x683.jpg 1024w, https:\/\/cdn.unasp.br\/noticias\/wp-content\/uploads\/2018\/04\/03064426\/IMG_1107-21-900x600.jpg 900w, https:\/\/cdn.unasp.br\/noticias\/wp-content\/uploads\/2018\/04\/03064426\/IMG_1107-21-1200x800.jpg 1200w, https:\/\/cdn.unasp.br\/noticias\/wp-content\/uploads\/2018\/04\/03064426\/IMG_1107-21-1080x720.jpg 1080w, https:\/\/cdn.unasp.br\/noticias\/wp-content\/uploads\/2018\/04\/03064426\/IMG_1107-21-800x533.jpg 800w, https:\/\/cdn.unasp.br\/noticias\/wp-content\/uploads\/2018\/04\/03064426\/IMG_1107-21-750x500.jpg 750w, https:\/\/cdn.unasp.br\/noticias\/wp-content\/uploads\/2018\/04\/03064426\/IMG_1107-21-720x480.jpg 720w, https:\/\/cdn.unasp.br\/noticias\/wp-content\/uploads\/2018\/04\/03064426\/IMG_1107-21-420x280.jpg 420w, https:\/\/cdn.unasp.br\/noticias\/wp-content\/uploads\/2018\/04\/03064426\/IMG_1107-21-500x333.jpg 500w, https:\/\/cdn.unasp.br\/noticias\/wp-content\/uploads\/2018\/04\/03064426\/IMG_1107-21-400x267.jpg 400w, https:\/\/cdn.unasp.br\/noticias\/wp-content\/uploads\/2018\/04\/03064426\/IMG_1107-21-375x250.jpg 375w, https:\/\/cdn.unasp.br\/noticias\/wp-content\/uploads\/2018\/04\/03064426\/IMG_1107-21-225x150.jpg 225w, https:\/\/cdn.unasp.br\/noticias\/wp-content\/uploads\/2018\/04\/03064426\/IMG_1107-21-175x117.jpg 175w, https:\/\/cdn.unasp.br\/noticias\/wp-content\/uploads\/2018\/04\/03064426\/IMG_1107-21-200x133.jpg 200w, https:\/\/cdn.unasp.br\/noticias\/wp-content\/uploads\/2018\/04\/03064426\/IMG_1107-21.jpg 2048w\" sizes=\"(max-width: 300px) 100vw, 300px\" \/><p id=\"caption-attachment-33891\" class=\"wp-caption-text\">Para pesquisadores, o paciente obt\u00e9m melhores resultados da psicoterapia quando tem as suas cren\u00e7as respeitadas. (Foto ilustrativa)<\/p><\/div>\n<p>A respeito do \u00faltimo fator, o pesquisador cita problemas como: extremismo; preconceito; hipocrisia; culpa incapacitante; passividade e nega\u00e7\u00e3o. As lutas emocionais causadas pelos problemas citados, se manifestam em tr\u00eas dimens\u00f5es. Primeiramente, a pessoa luta com algo divino, coloca Deus, por exemplo, no \u00e2mago da sua inquieta\u00e7\u00e3o. Depois, as lutas espirituais dizem respeito aos relacionamentos interpessoais e, por \u00faltimo, as lutas acontecem de forma pessoal e intrapis\u00edquica, ou seja, a pessoa luta com ela mesma.<\/p>\n<p>Estas inquieta\u00e7\u00f5es demonstram que a espiritualidade, portanto, n\u00e3o pode ser separada do tratamento. Uma vez em que as cren\u00e7as da pessoa fazem parte do contexto emocional ao qual se encontra. Pargament, prop\u00f5e que tratamentos\u00a0 capazes de integrar a espiritualidade s\u00e3o mais promissores nos resultados.<br \/>\n<strong><br \/>\nPromo\u00e7\u00e3o da sa\u00fade mental<\/strong><\/p>\n<p>\u201cEu preciso da psicoterapia para organizar a minha mente de tal forma que essa energia que o ato religioso produz, possa ter uma reverbera\u00e7\u00e3o, uma vibra\u00e7\u00e3o ampla no meu corpo, na minha mente e gerar um estado saud\u00e1vel. Ent\u00e3o, a psicoterapia precisa da religi\u00e3o e a religi\u00e3o precisa da psicoterapia. \u00a0Eu penso que a \u00eanfase recai sobre a integra\u00e7\u00e3o do ser humano. Onde, ao lado das ci\u00eancias humanas, est\u00e3o tamb\u00e9m as ci\u00eancias exatas, a filosofia e a religi\u00e3o. Se n\u00f3s conseguirmos integrar tudo isso no modelo, certamente estaremos mais pr\u00f3ximos de gerar sa\u00fade e de menos doen\u00e7a\u201d, raciocina Vasconcellos.<\/p>\n<p>Marques, ressalta que a efic\u00e1cia da psicoterapia depende da compet\u00eancia e da \u00e9tica do psic\u00f3logo e n\u00e3o de sua cren\u00e7a. \u201cEssa ideia de que eu tenho que consultar um terapeuta por causa da religi\u00e3o \u00e9 errada. Eu posso consultar qualquer terapeuta. A \u00fanica coisa que eu preciso fazer \u00e9 procurar um terapeuta competente e que tenha refer\u00eancia. N\u00e3o \u00e9 qualquer terapeuta e nem \u00e9 pelo o pre\u00e7o que voc\u00ea vai procurar, mas deve procurar pela qualifica\u00e7\u00e3o da pessoa\u201d, refor\u00e7a.<\/p>\n<p>&nbsp;<\/p>\n<div style=\"width: 900px;\" class=\"wp-video\"><!--[if lt IE 9]><script>document.createElement('video');<\/script><![endif]-->\n<video class=\"wp-video-shortcode\" id=\"video-33839-1\" width=\"900\" height=\"506\" preload=\"metadata\" controls=\"controls\"><source type=\"video\/mp4\" src=\"https:\/\/www.unasp.br\/noticias\/wp-content\/uploads\/2018\/04\/Psicologia-e-Religiosidade-Psicologia-UNASP-SP.mp4?_=1\" \/><a href=\"https:\/\/www.unasp.br\/noticias\/wp-content\/uploads\/2018\/04\/Psicologia-e-Religiosidade-Psicologia-UNASP-SP.mp4\">https:\/\/www.unasp.br\/noticias\/wp-content\/uploads\/2018\/04\/Psicologia-e-Religiosidade-Psicologia-UNASP-SP.mp4<\/a><\/video><\/div>\n","protected":false},"excerpt":{"rendered":"<p>Enquanto o Brasil, de maioria crist\u00e3, soma altos \u00edndices de depress\u00e3o e ansiedade, o curso de Psicologia [&hellip;]<\/p>\n","protected":false},"author":80,"featured_media":33845,"comment_status":"open","ping_status":"open","sticky":false,"template":"","format":"standard","meta":{"footnotes":""},"categories":[11],"tags":[],"yoast_head":"<!-- This site is optimized with the Yoast SEO plugin v23.5 - https:\/\/yoast.com\/wordpress\/plugins\/seo\/ -->\n<title>Psicoterapia e espiritualidade s\u00e3o compat\u00edveis e melhoram a sa\u00fade, dizem pesquisadores - UNASP Noticias<\/title>\n<meta name=\"robots\" content=\"index, follow, max-snippet:-1, max-image-preview:large, max-video-preview:-1\" \/>\n<link rel=\"canonical\" href=\"https:\/\/unasp.br\/noticias\/psicoterapia-e-espiritualidade-sao-compativeis-e-melhoram-saude-dizem-pesquisadores\/\" \/>\n<meta property=\"og:locale\" content=\"pt_BR\" \/>\n<meta property=\"og:type\" content=\"article\" \/>\n<meta property=\"og:title\" content=\"Psicoterapia e espiritualidade s\u00e3o compat\u00edveis e melhoram a sa\u00fade, dizem pesquisadores - UNASP Noticias\" \/>\n<meta property=\"og:description\" content=\"Enquanto o Brasil, de maioria crist\u00e3, soma altos \u00edndices de depress\u00e3o e ansiedade, o curso de Psicologia [&hellip;]\" \/>\n<meta property=\"og:url\" content=\"https:\/\/unasp.br\/noticias\/psicoterapia-e-espiritualidade-sao-compativeis-e-melhoram-saude-dizem-pesquisadores\/\" \/>\n<meta property=\"og:site_name\" content=\"UNASP Noticias\" \/>\n<meta property=\"article:published_time\" content=\"2018-04-02T22:22:25+00:00\" \/>\n<meta property=\"article:modified_time\" content=\"2018-04-03T16:53:12+00:00\" \/>\n<meta property=\"og:image\" content=\"https:\/\/cdn.unasp.br\/noticias\/wp-content\/uploads\/2018\/04\/02161040\/IMG_1107-2.jpg\" \/>\n\t<meta property=\"og:image:width\" content=\"2048\" \/>\n\t<meta property=\"og:image:height\" content=\"1365\" \/>\n\t<meta property=\"og:image:type\" content=\"image\/jpeg\" \/>\n<meta name=\"author\" content=\"UNASP - TI-DESENVOLVIMENTO\" \/>\n<meta name=\"twitter:card\" content=\"summary_large_image\" \/>\n<meta name=\"twitter:label1\" content=\"Escrito por\" \/>\n\t<meta name=\"twitter:data1\" content=\"UNASP - TI-DESENVOLVIMENTO\" \/>\n\t<meta name=\"twitter:label2\" content=\"Est. tempo de leitura\" \/>\n\t<meta name=\"twitter:data2\" content=\"8 minutos\" \/>\n<script type=\"application\/ld+json\" class=\"yoast-schema-graph\">{\"@context\":\"https:\/\/schema.org\",\"@graph\":[{\"@type\":\"Article\",\"@id\":\"https:\/\/unasp.br\/noticias\/psicoterapia-e-espiritualidade-sao-compativeis-e-melhoram-saude-dizem-pesquisadores\/#article\",\"isPartOf\":{\"@id\":\"https:\/\/unasp.br\/noticias\/psicoterapia-e-espiritualidade-sao-compativeis-e-melhoram-saude-dizem-pesquisadores\/\"},\"author\":{\"name\":\"UNASP - TI-DESENVOLVIMENTO\",\"@id\":\"https:\/\/unasp.br\/noticias\/#\/schema\/person\/e3b8f8e8b1d3759eda9f61d2bb12b6d7\"},\"headline\":\"Psicoterapia e espiritualidade s\u00e3o compat\u00edveis e melhoram a sa\u00fade, dizem pesquisadores\",\"datePublished\":\"2018-04-02T22:22:25+00:00\",\"dateModified\":\"2018-04-03T16:53:12+00:00\",\"mainEntityOfPage\":{\"@id\":\"https:\/\/unasp.br\/noticias\/psicoterapia-e-espiritualidade-sao-compativeis-e-melhoram-saude-dizem-pesquisadores\/\"},\"wordCount\":1709,\"commentCount\":0,\"publisher\":{\"@id\":\"https:\/\/unasp.br\/noticias\/#organization\"},\"image\":{\"@id\":\"https:\/\/unasp.br\/noticias\/psicoterapia-e-espiritualidade-sao-compativeis-e-melhoram-saude-dizem-pesquisadores\/#primaryimage\"},\"thumbnailUrl\":\"https:\/\/cdn.unasp.br\/noticias\/wp-content\/uploads\/2018\/04\/02161040\/IMG_1107-2.jpg\",\"articleSection\":[\"Cultura e Arte\"],\"inLanguage\":\"pt-BR\",\"potentialAction\":[{\"@type\":\"CommentAction\",\"name\":\"Comment\",\"target\":[\"https:\/\/unasp.br\/noticias\/psicoterapia-e-espiritualidade-sao-compativeis-e-melhoram-saude-dizem-pesquisadores\/#respond\"]}]},{\"@type\":\"WebPage\",\"@id\":\"https:\/\/unasp.br\/noticias\/psicoterapia-e-espiritualidade-sao-compativeis-e-melhoram-saude-dizem-pesquisadores\/\",\"url\":\"https:\/\/unasp.br\/noticias\/psicoterapia-e-espiritualidade-sao-compativeis-e-melhoram-saude-dizem-pesquisadores\/\",\"name\":\"Psicoterapia e espiritualidade s\u00e3o compat\u00edveis e melhoram a sa\u00fade, dizem pesquisadores - UNASP Noticias\",\"isPartOf\":{\"@id\":\"https:\/\/unasp.br\/noticias\/#website\"},\"primaryImageOfPage\":{\"@id\":\"https:\/\/unasp.br\/noticias\/psicoterapia-e-espiritualidade-sao-compativeis-e-melhoram-saude-dizem-pesquisadores\/#primaryimage\"},\"image\":{\"@id\":\"https:\/\/unasp.br\/noticias\/psicoterapia-e-espiritualidade-sao-compativeis-e-melhoram-saude-dizem-pesquisadores\/#primaryimage\"},\"thumbnailUrl\":\"https:\/\/cdn.unasp.br\/noticias\/wp-content\/uploads\/2018\/04\/02161040\/IMG_1107-2.jpg\",\"datePublished\":\"2018-04-02T22:22:25+00:00\",\"dateModified\":\"2018-04-03T16:53:12+00:00\",\"breadcrumb\":{\"@id\":\"https:\/\/unasp.br\/noticias\/psicoterapia-e-espiritualidade-sao-compativeis-e-melhoram-saude-dizem-pesquisadores\/#breadcrumb\"},\"inLanguage\":\"pt-BR\",\"potentialAction\":[{\"@type\":\"ReadAction\",\"target\":[\"https:\/\/unasp.br\/noticias\/psicoterapia-e-espiritualidade-sao-compativeis-e-melhoram-saude-dizem-pesquisadores\/\"]}]},{\"@type\":\"ImageObject\",\"inLanguage\":\"pt-BR\",\"@id\":\"https:\/\/unasp.br\/noticias\/psicoterapia-e-espiritualidade-sao-compativeis-e-melhoram-saude-dizem-pesquisadores\/#primaryimage\",\"url\":\"https:\/\/cdn.unasp.br\/noticias\/wp-content\/uploads\/2018\/04\/02161040\/IMG_1107-2.jpg\",\"contentUrl\":\"https:\/\/cdn.unasp.br\/noticias\/wp-content\/uploads\/2018\/04\/02161040\/IMG_1107-2.jpg\",\"width\":2048,\"height\":1365},{\"@type\":\"BreadcrumbList\",\"@id\":\"https:\/\/unasp.br\/noticias\/psicoterapia-e-espiritualidade-sao-compativeis-e-melhoram-saude-dizem-pesquisadores\/#breadcrumb\",\"itemListElement\":[{\"@type\":\"ListItem\",\"position\":1,\"name\":\"In\u00edcio\",\"item\":\"https:\/\/unasp.br\/noticias\/\"},{\"@type\":\"ListItem\",\"position\":2,\"name\":\"Psicoterapia e espiritualidade s\u00e3o compat\u00edveis e melhoram a sa\u00fade, dizem pesquisadores\"}]},{\"@type\":\"WebSite\",\"@id\":\"https:\/\/unasp.br\/noticias\/#website\",\"url\":\"https:\/\/unasp.br\/noticias\/\",\"name\":\"UNASP Noticias\",\"description\":\"Centro Universit\u00e1rio Adventista de S\u00e3o Paulo\",\"publisher\":{\"@id\":\"https:\/\/unasp.br\/noticias\/#organization\"},\"potentialAction\":[{\"@type\":\"SearchAction\",\"target\":{\"@type\":\"EntryPoint\",\"urlTemplate\":\"https:\/\/unasp.br\/noticias\/?s={search_term_string}\"},\"query-input\":{\"@type\":\"PropertyValueSpecification\",\"valueRequired\":true,\"valueName\":\"search_term_string\"}}],\"inLanguage\":\"pt-BR\"},{\"@type\":\"Organization\",\"@id\":\"https:\/\/unasp.br\/noticias\/#organization\",\"name\":\"UNASP Noticias\",\"url\":\"https:\/\/unasp.br\/noticias\/\",\"logo\":{\"@type\":\"ImageObject\",\"inLanguage\":\"pt-BR\",\"@id\":\"https:\/\/unasp.br\/noticias\/#\/schema\/logo\/image\/\",\"url\":\"https:\/\/cdn.unasp.br\/noticias\/wp-content\/uploads\/2021\/09\/09152724\/logo-unasp-news.png\",\"contentUrl\":\"https:\/\/cdn.unasp.br\/noticias\/wp-content\/uploads\/2021\/09\/09152724\/logo-unasp-news.png\",\"width\":240,\"height\":41,\"caption\":\"UNASP Noticias\"},\"image\":{\"@id\":\"https:\/\/unasp.br\/noticias\/#\/schema\/logo\/image\/\"}},{\"@type\":\"Person\",\"@id\":\"https:\/\/unasp.br\/noticias\/#\/schema\/person\/e3b8f8e8b1d3759eda9f61d2bb12b6d7\",\"name\":\"UNASP - TI-DESENVOLVIMENTO\",\"image\":{\"@type\":\"ImageObject\",\"inLanguage\":\"pt-BR\",\"@id\":\"https:\/\/unasp.br\/noticias\/#\/schema\/person\/image\/\",\"url\":\"https:\/\/secure.gravatar.com\/avatar\/88a02b7e6ee37f47de0ecad3877878b0?s=96&d=mm&r=g\",\"contentUrl\":\"https:\/\/secure.gravatar.com\/avatar\/88a02b7e6ee37f47de0ecad3877878b0?s=96&d=mm&r=g\",\"caption\":\"UNASP - TI-DESENVOLVIMENTO\"},\"url\":\"https:\/\/unasp.br\/noticias\/author\/admindefault-com\/\"}]}<\/script>\n<!-- \/ Yoast SEO plugin. -->","yoast_head_json":{"title":"Psicoterapia e espiritualidade s\u00e3o compat\u00edveis e melhoram a sa\u00fade, dizem pesquisadores - UNASP Noticias","robots":{"index":"index","follow":"follow","max-snippet":"max-snippet:-1","max-image-preview":"max-image-preview:large","max-video-preview":"max-video-preview:-1"},"canonical":"https:\/\/unasp.br\/noticias\/psicoterapia-e-espiritualidade-sao-compativeis-e-melhoram-saude-dizem-pesquisadores\/","og_locale":"pt_BR","og_type":"article","og_title":"Psicoterapia e espiritualidade s\u00e3o compat\u00edveis e melhoram a sa\u00fade, dizem pesquisadores - UNASP Noticias","og_description":"Enquanto o Brasil, de maioria crist\u00e3, soma altos \u00edndices de depress\u00e3o e ansiedade, o curso de Psicologia [&hellip;]","og_url":"https:\/\/unasp.br\/noticias\/psicoterapia-e-espiritualidade-sao-compativeis-e-melhoram-saude-dizem-pesquisadores\/","og_site_name":"UNASP Noticias","article_published_time":"2018-04-02T22:22:25+00:00","article_modified_time":"2018-04-03T16:53:12+00:00","og_image":[{"width":2048,"height":1365,"url":"https:\/\/cdn.unasp.br\/noticias\/wp-content\/uploads\/2018\/04\/02161040\/IMG_1107-2.jpg","type":"image\/jpeg"}],"author":"UNASP - TI-DESENVOLVIMENTO","twitter_card":"summary_large_image","twitter_misc":{"Escrito por":"UNASP - TI-DESENVOLVIMENTO","Est. tempo de leitura":"8 minutos"},"schema":{"@context":"https:\/\/schema.org","@graph":[{"@type":"Article","@id":"https:\/\/unasp.br\/noticias\/psicoterapia-e-espiritualidade-sao-compativeis-e-melhoram-saude-dizem-pesquisadores\/#article","isPartOf":{"@id":"https:\/\/unasp.br\/noticias\/psicoterapia-e-espiritualidade-sao-compativeis-e-melhoram-saude-dizem-pesquisadores\/"},"author":{"name":"UNASP - TI-DESENVOLVIMENTO","@id":"https:\/\/unasp.br\/noticias\/#\/schema\/person\/e3b8f8e8b1d3759eda9f61d2bb12b6d7"},"headline":"Psicoterapia e espiritualidade s\u00e3o compat\u00edveis e melhoram a sa\u00fade, dizem pesquisadores","datePublished":"2018-04-02T22:22:25+00:00","dateModified":"2018-04-03T16:53:12+00:00","mainEntityOfPage":{"@id":"https:\/\/unasp.br\/noticias\/psicoterapia-e-espiritualidade-sao-compativeis-e-melhoram-saude-dizem-pesquisadores\/"},"wordCount":1709,"commentCount":0,"publisher":{"@id":"https:\/\/unasp.br\/noticias\/#organization"},"image":{"@id":"https:\/\/unasp.br\/noticias\/psicoterapia-e-espiritualidade-sao-compativeis-e-melhoram-saude-dizem-pesquisadores\/#primaryimage"},"thumbnailUrl":"https:\/\/cdn.unasp.br\/noticias\/wp-content\/uploads\/2018\/04\/02161040\/IMG_1107-2.jpg","articleSection":["Cultura e Arte"],"inLanguage":"pt-BR","potentialAction":[{"@type":"CommentAction","name":"Comment","target":["https:\/\/unasp.br\/noticias\/psicoterapia-e-espiritualidade-sao-compativeis-e-melhoram-saude-dizem-pesquisadores\/#respond"]}]},{"@type":"WebPage","@id":"https:\/\/unasp.br\/noticias\/psicoterapia-e-espiritualidade-sao-compativeis-e-melhoram-saude-dizem-pesquisadores\/","url":"https:\/\/unasp.br\/noticias\/psicoterapia-e-espiritualidade-sao-compativeis-e-melhoram-saude-dizem-pesquisadores\/","name":"Psicoterapia e espiritualidade s\u00e3o compat\u00edveis e melhoram a sa\u00fade, dizem pesquisadores - UNASP Noticias","isPartOf":{"@id":"https:\/\/unasp.br\/noticias\/#website"},"primaryImageOfPage":{"@id":"https:\/\/unasp.br\/noticias\/psicoterapia-e-espiritualidade-sao-compativeis-e-melhoram-saude-dizem-pesquisadores\/#primaryimage"},"image":{"@id":"https:\/\/unasp.br\/noticias\/psicoterapia-e-espiritualidade-sao-compativeis-e-melhoram-saude-dizem-pesquisadores\/#primaryimage"},"thumbnailUrl":"https:\/\/cdn.unasp.br\/noticias\/wp-content\/uploads\/2018\/04\/02161040\/IMG_1107-2.jpg","datePublished":"2018-04-02T22:22:25+00:00","dateModified":"2018-04-03T16:53:12+00:00","breadcrumb":{"@id":"https:\/\/unasp.br\/noticias\/psicoterapia-e-espiritualidade-sao-compativeis-e-melhoram-saude-dizem-pesquisadores\/#breadcrumb"},"inLanguage":"pt-BR","potentialAction":[{"@type":"ReadAction","target":["https:\/\/unasp.br\/noticias\/psicoterapia-e-espiritualidade-sao-compativeis-e-melhoram-saude-dizem-pesquisadores\/"]}]},{"@type":"ImageObject","inLanguage":"pt-BR","@id":"https:\/\/unasp.br\/noticias\/psicoterapia-e-espiritualidade-sao-compativeis-e-melhoram-saude-dizem-pesquisadores\/#primaryimage","url":"https:\/\/cdn.unasp.br\/noticias\/wp-content\/uploads\/2018\/04\/02161040\/IMG_1107-2.jpg","contentUrl":"https:\/\/cdn.unasp.br\/noticias\/wp-content\/uploads\/2018\/04\/02161040\/IMG_1107-2.jpg","width":2048,"height":1365},{"@type":"BreadcrumbList","@id":"https:\/\/unasp.br\/noticias\/psicoterapia-e-espiritualidade-sao-compativeis-e-melhoram-saude-dizem-pesquisadores\/#breadcrumb","itemListElement":[{"@type":"ListItem","position":1,"name":"In\u00edcio","item":"https:\/\/unasp.br\/noticias\/"},{"@type":"ListItem","position":2,"name":"Psicoterapia e espiritualidade s\u00e3o compat\u00edveis e melhoram a sa\u00fade, dizem pesquisadores"}]},{"@type":"WebSite","@id":"https:\/\/unasp.br\/noticias\/#website","url":"https:\/\/unasp.br\/noticias\/","name":"UNASP Noticias","description":"Centro Universit\u00e1rio Adventista de S\u00e3o Paulo","publisher":{"@id":"https:\/\/unasp.br\/noticias\/#organization"},"potentialAction":[{"@type":"SearchAction","target":{"@type":"EntryPoint","urlTemplate":"https:\/\/unasp.br\/noticias\/?s={search_term_string}"},"query-input":{"@type":"PropertyValueSpecification","valueRequired":true,"valueName":"search_term_string"}}],"inLanguage":"pt-BR"},{"@type":"Organization","@id":"https:\/\/unasp.br\/noticias\/#organization","name":"UNASP Noticias","url":"https:\/\/unasp.br\/noticias\/","logo":{"@type":"ImageObject","inLanguage":"pt-BR","@id":"https:\/\/unasp.br\/noticias\/#\/schema\/logo\/image\/","url":"https:\/\/cdn.unasp.br\/noticias\/wp-content\/uploads\/2021\/09\/09152724\/logo-unasp-news.png","contentUrl":"https:\/\/cdn.unasp.br\/noticias\/wp-content\/uploads\/2021\/09\/09152724\/logo-unasp-news.png","width":240,"height":41,"caption":"UNASP Noticias"},"image":{"@id":"https:\/\/unasp.br\/noticias\/#\/schema\/logo\/image\/"}},{"@type":"Person","@id":"https:\/\/unasp.br\/noticias\/#\/schema\/person\/e3b8f8e8b1d3759eda9f61d2bb12b6d7","name":"UNASP - TI-DESENVOLVIMENTO","image":{"@type":"ImageObject","inLanguage":"pt-BR","@id":"https:\/\/unasp.br\/noticias\/#\/schema\/person\/image\/","url":"https:\/\/secure.gravatar.com\/avatar\/88a02b7e6ee37f47de0ecad3877878b0?s=96&d=mm&r=g","contentUrl":"https:\/\/secure.gravatar.com\/avatar\/88a02b7e6ee37f47de0ecad3877878b0?s=96&d=mm&r=g","caption":"UNASP - TI-DESENVOLVIMENTO"},"url":"https:\/\/unasp.br\/noticias\/author\/admindefault-com\/"}]}},"_links":{"self":[{"href":"https:\/\/unasp.br\/noticias\/wp-json\/wp\/v2\/posts\/33839"}],"collection":[{"href":"https:\/\/unasp.br\/noticias\/wp-json\/wp\/v2\/posts"}],"about":[{"href":"https:\/\/unasp.br\/noticias\/wp-json\/wp\/v2\/types\/post"}],"author":[{"embeddable":true,"href":"https:\/\/unasp.br\/noticias\/wp-json\/wp\/v2\/users\/80"}],"replies":[{"embeddable":true,"href":"https:\/\/unasp.br\/noticias\/wp-json\/wp\/v2\/comments?post=33839"}],"version-history":[{"count":5,"href":"https:\/\/unasp.br\/noticias\/wp-json\/wp\/v2\/posts\/33839\/revisions"}],"predecessor-version":[{"id":33902,"href":"https:\/\/unasp.br\/noticias\/wp-json\/wp\/v2\/posts\/33839\/revisions\/33902"}],"wp:featuredmedia":[{"embeddable":true,"href":"https:\/\/unasp.br\/noticias\/wp-json\/wp\/v2\/media\/33845"}],"wp:attachment":[{"href":"https:\/\/unasp.br\/noticias\/wp-json\/wp\/v2\/media?parent=33839"}],"wp:term":[{"taxonomy":"category","embeddable":true,"href":"https:\/\/unasp.br\/noticias\/wp-json\/wp\/v2\/categories?post=33839"},{"taxonomy":"post_tag","embeddable":true,"href":"https:\/\/unasp.br\/noticias\/wp-json\/wp\/v2\/tags?post=33839"}],"curies":[{"name":"wp","href":"https:\/\/api.w.org\/{rel}","templated":true}]}}