{"id":44586,"date":"2018-10-01T15:17:25","date_gmt":"2018-10-01T18:17:25","guid":{"rendered":"https:\/\/www.unasp.br\/noticias\/?p=44586"},"modified":"2018-10-01T15:22:50","modified_gmt":"2018-10-01T18:22:50","slug":"feira-vida-e-saude","status":"publish","type":"post","link":"https:\/\/unasp.br\/noticias\/feira-vida-e-saude\/","title":{"rendered":"Feira Vida e Sa\u00fade atende moradores de Engenheiro Coelho"},"content":{"rendered":"<p><img loading=\"lazy\" decoding=\"async\" class=\"wp-image-44592 aligncenter\" src=\"https:\/\/www.unasp.br\/noticias\/wp-content\/uploads\/2018\/10\/Feira-de-Sa\u00fade-Unasp-2018-6.jpg\" alt=\"\" width=\"600\" height=\"400\" srcset=\"https:\/\/cdn.unasp.br\/noticias\/wp-content\/uploads\/2018\/10\/01120830\/Feira-de-Sa%C3%BAde-Unasp-2018-6.jpg 1024w, https:\/\/cdn.unasp.br\/noticias\/wp-content\/uploads\/2018\/10\/01120830\/Feira-de-Sa%C3%BAde-Unasp-2018-6-300x200.jpg 300w, https:\/\/cdn.unasp.br\/noticias\/wp-content\/uploads\/2018\/10\/01120830\/Feira-de-Sa%C3%BAde-Unasp-2018-6-768x512.jpg 768w, https:\/\/cdn.unasp.br\/noticias\/wp-content\/uploads\/2018\/10\/01120830\/Feira-de-Sa%C3%BAde-Unasp-2018-6-900x600.jpg 900w, https:\/\/cdn.unasp.br\/noticias\/wp-content\/uploads\/2018\/10\/01120830\/Feira-de-Sa%C3%BAde-Unasp-2018-6-800x534.jpg 800w, https:\/\/cdn.unasp.br\/noticias\/wp-content\/uploads\/2018\/10\/01120830\/Feira-de-Sa%C3%BAde-Unasp-2018-6-750x500.jpg 750w, https:\/\/cdn.unasp.br\/noticias\/wp-content\/uploads\/2018\/10\/01120830\/Feira-de-Sa%C3%BAde-Unasp-2018-6-720x480.jpg 720w, https:\/\/cdn.unasp.br\/noticias\/wp-content\/uploads\/2018\/10\/01120830\/Feira-de-Sa%C3%BAde-Unasp-2018-6-420x280.jpg 420w, https:\/\/cdn.unasp.br\/noticias\/wp-content\/uploads\/2018\/10\/01120830\/Feira-de-Sa%C3%BAde-Unasp-2018-6-500x333.jpg 500w, https:\/\/cdn.unasp.br\/noticias\/wp-content\/uploads\/2018\/10\/01120830\/Feira-de-Sa%C3%BAde-Unasp-2018-6-400x267.jpg 400w, https:\/\/cdn.unasp.br\/noticias\/wp-content\/uploads\/2018\/10\/01120830\/Feira-de-Sa%C3%BAde-Unasp-2018-6-375x250.jpg 375w, https:\/\/cdn.unasp.br\/noticias\/wp-content\/uploads\/2018\/10\/01120830\/Feira-de-Sa%C3%BAde-Unasp-2018-6-225x150.jpg 225w, https:\/\/cdn.unasp.br\/noticias\/wp-content\/uploads\/2018\/10\/01120830\/Feira-de-Sa%C3%BAde-Unasp-2018-6-175x117.jpg 175w, https:\/\/cdn.unasp.br\/noticias\/wp-content\/uploads\/2018\/10\/01120830\/Feira-de-Sa%C3%BAde-Unasp-2018-6-200x133.jpg 200w\" sizes=\"(max-width: 600px) 100vw, 600px\" \/><\/p>\n<p style=\"text-align: center;\"><strong><em>A Feira Vida e Sa\u00fade \u00e9 realizada por profissionais de sa\u00fade do Centro Universit\u00e1rio Adventista de S\u00e3o Paulo h\u00e1 8 anos<\/em><\/strong><\/p>\n<p style=\"text-align: justify;\">O Centro Universit\u00e1rio Adventista de S\u00e3o Paulo (Unasp), campus Engenheiro Coelho, realizou no domingo (30) a 8\u00aa edi\u00e7\u00e3o da Feira Vida e Sa\u00fade. Foram oferecidos atendimentos m\u00e9dicos gratuitos e servi\u00e7os de massagem anti-estresse, exame de bioimped\u00e2ncia, exame de glicemia, capacidade respirat\u00f3ria, c\u00e1lculo do \u00edndice de massa corp\u00f3rea (IMC), identifica\u00e7\u00e3o da idade biol\u00f3gica, aferi\u00e7\u00e3o de press\u00e3o e teste de resist\u00eancia f\u00edsica.<\/p>\n<p style=\"text-align: justify;\"><img loading=\"lazy\" decoding=\"async\" class=\" wp-image-44589 alignleft\" src=\"https:\/\/www.unasp.br\/noticias\/wp-content\/uploads\/2018\/10\/Feira-de-Sa\u00fade-Unasp-2018-3.jpg\" alt=\"\" width=\"384\" height=\"256\" srcset=\"https:\/\/cdn.unasp.br\/noticias\/wp-content\/uploads\/2018\/10\/01120821\/Feira-de-Sa%C3%BAde-Unasp-2018-3.jpg 1024w, https:\/\/cdn.unasp.br\/noticias\/wp-content\/uploads\/2018\/10\/01120821\/Feira-de-Sa%C3%BAde-Unasp-2018-3-300x200.jpg 300w, https:\/\/cdn.unasp.br\/noticias\/wp-content\/uploads\/2018\/10\/01120821\/Feira-de-Sa%C3%BAde-Unasp-2018-3-768x512.jpg 768w, https:\/\/cdn.unasp.br\/noticias\/wp-content\/uploads\/2018\/10\/01120821\/Feira-de-Sa%C3%BAde-Unasp-2018-3-900x600.jpg 900w, https:\/\/cdn.unasp.br\/noticias\/wp-content\/uploads\/2018\/10\/01120821\/Feira-de-Sa%C3%BAde-Unasp-2018-3-800x534.jpg 800w, https:\/\/cdn.unasp.br\/noticias\/wp-content\/uploads\/2018\/10\/01120821\/Feira-de-Sa%C3%BAde-Unasp-2018-3-750x500.jpg 750w, https:\/\/cdn.unasp.br\/noticias\/wp-content\/uploads\/2018\/10\/01120821\/Feira-de-Sa%C3%BAde-Unasp-2018-3-720x480.jpg 720w, https:\/\/cdn.unasp.br\/noticias\/wp-content\/uploads\/2018\/10\/01120821\/Feira-de-Sa%C3%BAde-Unasp-2018-3-420x280.jpg 420w, https:\/\/cdn.unasp.br\/noticias\/wp-content\/uploads\/2018\/10\/01120821\/Feira-de-Sa%C3%BAde-Unasp-2018-3-500x333.jpg 500w, https:\/\/cdn.unasp.br\/noticias\/wp-content\/uploads\/2018\/10\/01120821\/Feira-de-Sa%C3%BAde-Unasp-2018-3-400x267.jpg 400w, https:\/\/cdn.unasp.br\/noticias\/wp-content\/uploads\/2018\/10\/01120821\/Feira-de-Sa%C3%BAde-Unasp-2018-3-375x250.jpg 375w, https:\/\/cdn.unasp.br\/noticias\/wp-content\/uploads\/2018\/10\/01120821\/Feira-de-Sa%C3%BAde-Unasp-2018-3-225x150.jpg 225w, https:\/\/cdn.unasp.br\/noticias\/wp-content\/uploads\/2018\/10\/01120821\/Feira-de-Sa%C3%BAde-Unasp-2018-3-175x117.jpg 175w, https:\/\/cdn.unasp.br\/noticias\/wp-content\/uploads\/2018\/10\/01120821\/Feira-de-Sa%C3%BAde-Unasp-2018-3-200x133.jpg 200w\" sizes=\"(max-width: 384px) 100vw, 384px\" \/>Entre as primeiras pessoas atendidas estava a dona Maria Ribas Constantino de 62 anos. Animada, passou pelo circuito de atendimentos e exames oferecidos na Feira Vida e Sa\u00fade. \u201cSaber que nesta idade a sa\u00fade est\u00e1 bem \u00e9 a melhor not\u00edcia que eu poderia ter\u201d, destacou. A feira, al\u00e9m de oferecer promo\u00e7\u00e3o de exames e testes, especialistas que orientam sobre a preven\u00e7\u00e3o de doen\u00e7as baseadas em oito fatores indispens\u00e1veis para a vida, como luz solar, equil\u00edbrio, ar puro, nutri\u00e7\u00e3o, exerc\u00edcio f\u00edsico, \u00e1gua, descanso e confian\u00e7a.<\/p>\n<p style=\"text-align: justify;\">Outra participante foi a universit\u00e1ria Daiane Cardoso (22 anos). \u00c9 a segunda vez que ela aproveita o evento para avaliar a qualidade da sa\u00fade. Ela conta que ao entrar na universidade seu cuidado com a sa\u00fade diminuiu. \u201cAo entrar no Ensino Superior diminu\u00ed a pr\u00e1tica de exerc\u00edcios e cuidados com a sa\u00fade. Ent\u00e3o percebi que estava muito estressada com os trabalhos e rotina de estudos. Foi atrav\u00e9s da motiva\u00e7\u00e3o de minhas amigas que voltei a minha rotina de exerc\u00edcios f\u00edsicos durante seis vezes por semana. Agora j\u00e1 vejo a diferen\u00e7a\u201d, relata.<\/p>\n<p><img loading=\"lazy\" decoding=\"async\" class=\" wp-image-44590 alignright\" src=\"https:\/\/www.unasp.br\/noticias\/wp-content\/uploads\/2018\/10\/Feira-de-Sa\u00fade-Unasp-2018-4.jpg\" alt=\"\" width=\"377\" height=\"252\" srcset=\"https:\/\/cdn.unasp.br\/noticias\/wp-content\/uploads\/2018\/10\/01120824\/Feira-de-Sa%C3%BAde-Unasp-2018-4.jpg 1024w, https:\/\/cdn.unasp.br\/noticias\/wp-content\/uploads\/2018\/10\/01120824\/Feira-de-Sa%C3%BAde-Unasp-2018-4-300x200.jpg 300w, https:\/\/cdn.unasp.br\/noticias\/wp-content\/uploads\/2018\/10\/01120824\/Feira-de-Sa%C3%BAde-Unasp-2018-4-768x512.jpg 768w, https:\/\/cdn.unasp.br\/noticias\/wp-content\/uploads\/2018\/10\/01120824\/Feira-de-Sa%C3%BAde-Unasp-2018-4-900x600.jpg 900w, https:\/\/cdn.unasp.br\/noticias\/wp-content\/uploads\/2018\/10\/01120824\/Feira-de-Sa%C3%BAde-Unasp-2018-4-800x534.jpg 800w, https:\/\/cdn.unasp.br\/noticias\/wp-content\/uploads\/2018\/10\/01120824\/Feira-de-Sa%C3%BAde-Unasp-2018-4-750x500.jpg 750w, https:\/\/cdn.unasp.br\/noticias\/wp-content\/uploads\/2018\/10\/01120824\/Feira-de-Sa%C3%BAde-Unasp-2018-4-720x480.jpg 720w, https:\/\/cdn.unasp.br\/noticias\/wp-content\/uploads\/2018\/10\/01120824\/Feira-de-Sa%C3%BAde-Unasp-2018-4-420x280.jpg 420w, https:\/\/cdn.unasp.br\/noticias\/wp-content\/uploads\/2018\/10\/01120824\/Feira-de-Sa%C3%BAde-Unasp-2018-4-500x333.jpg 500w, https:\/\/cdn.unasp.br\/noticias\/wp-content\/uploads\/2018\/10\/01120824\/Feira-de-Sa%C3%BAde-Unasp-2018-4-400x267.jpg 400w, https:\/\/cdn.unasp.br\/noticias\/wp-content\/uploads\/2018\/10\/01120824\/Feira-de-Sa%C3%BAde-Unasp-2018-4-375x250.jpg 375w, https:\/\/cdn.unasp.br\/noticias\/wp-content\/uploads\/2018\/10\/01120824\/Feira-de-Sa%C3%BAde-Unasp-2018-4-225x150.jpg 225w, https:\/\/cdn.unasp.br\/noticias\/wp-content\/uploads\/2018\/10\/01120824\/Feira-de-Sa%C3%BAde-Unasp-2018-4-175x117.jpg 175w, https:\/\/cdn.unasp.br\/noticias\/wp-content\/uploads\/2018\/10\/01120824\/Feira-de-Sa%C3%BAde-Unasp-2018-4-200x133.jpg 200w\" sizes=\"(max-width: 377px) 100vw, 377px\" \/><\/p>\n<p style=\"text-align: justify;\">A biom\u00e9dica e coordenadora da a\u00e7\u00e3o, Lanny Cristina Burlandy Soares, a Feira Vida e Sa\u00fade foi um sucesso. \u201cAtendemos cerca de 450 pessoas e as atividades aconteceram dentro das expectativas\u201d, afirma. H\u00e1 cinco anos colaborando na coordena\u00e7\u00e3o da feira, o estudante, Daniel Gaspar afirma que a feira \u00e9 transformadora. \u201cVer as pessoas sa\u00edrem felizes e agradecidas \u00e9 o que me deixa feliz. Ao ver isso eu durmo tranquilo ap\u00f3s uma feira de sa\u00fade\u201d, diz expressando felicidade.<\/p>\n<p style=\"text-align: justify;\"><strong>Atendimentos<\/strong><\/p>\n<p style=\"text-align: justify;\">Foi montado um circuito de atividades, testes e exames para que o participante ter um diagn\u00f3stico amplo sobre sua sa\u00fade. No primeiro estande eram feitas medidas da estrutura corporal de cada participante e a medi\u00e7\u00e3o do IMC (\u00cdndice de Massa Corp\u00f3rea). Na sequ\u00eancia, orienta\u00e7\u00f5es sobre alimenta\u00e7\u00e3o e o tradicional teste de glicemia.<\/p>\n<p style=\"text-align: justify;\">Seguindo o carrossel de atendimento, cada participante recebeu orienta\u00e7\u00f5es sobre Luz solar, Ar puro, \u00c1gua, Exerc\u00edcios f\u00edsicos, Descanso, Temperan\u00e7a e Confian\u00e7a em Deus.<\/p>\n<p style=\"text-align: justify;\"><strong>Sa\u00fade biol\u00f3gica<\/strong><\/p>\n<p><strong style=\"text-align: justify;\"><img loading=\"lazy\" decoding=\"async\" class=\"wp-image-44591 alignright\" src=\"https:\/\/www.unasp.br\/noticias\/wp-content\/uploads\/2018\/10\/Feira-de-Sa\u00fade-Unasp-2018-5.jpg\" alt=\"\" width=\"368\" height=\"245\" srcset=\"https:\/\/cdn.unasp.br\/noticias\/wp-content\/uploads\/2018\/10\/01120827\/Feira-de-Sa%C3%BAde-Unasp-2018-5.jpg 1024w, https:\/\/cdn.unasp.br\/noticias\/wp-content\/uploads\/2018\/10\/01120827\/Feira-de-Sa%C3%BAde-Unasp-2018-5-300x200.jpg 300w, https:\/\/cdn.unasp.br\/noticias\/wp-content\/uploads\/2018\/10\/01120827\/Feira-de-Sa%C3%BAde-Unasp-2018-5-768x512.jpg 768w, https:\/\/cdn.unasp.br\/noticias\/wp-content\/uploads\/2018\/10\/01120827\/Feira-de-Sa%C3%BAde-Unasp-2018-5-900x600.jpg 900w, https:\/\/cdn.unasp.br\/noticias\/wp-content\/uploads\/2018\/10\/01120827\/Feira-de-Sa%C3%BAde-Unasp-2018-5-800x534.jpg 800w, https:\/\/cdn.unasp.br\/noticias\/wp-content\/uploads\/2018\/10\/01120827\/Feira-de-Sa%C3%BAde-Unasp-2018-5-750x500.jpg 750w, https:\/\/cdn.unasp.br\/noticias\/wp-content\/uploads\/2018\/10\/01120827\/Feira-de-Sa%C3%BAde-Unasp-2018-5-720x480.jpg 720w, https:\/\/cdn.unasp.br\/noticias\/wp-content\/uploads\/2018\/10\/01120827\/Feira-de-Sa%C3%BAde-Unasp-2018-5-420x280.jpg 420w, https:\/\/cdn.unasp.br\/noticias\/wp-content\/uploads\/2018\/10\/01120827\/Feira-de-Sa%C3%BAde-Unasp-2018-5-500x333.jpg 500w, https:\/\/cdn.unasp.br\/noticias\/wp-content\/uploads\/2018\/10\/01120827\/Feira-de-Sa%C3%BAde-Unasp-2018-5-400x267.jpg 400w, https:\/\/cdn.unasp.br\/noticias\/wp-content\/uploads\/2018\/10\/01120827\/Feira-de-Sa%C3%BAde-Unasp-2018-5-375x250.jpg 375w, https:\/\/cdn.unasp.br\/noticias\/wp-content\/uploads\/2018\/10\/01120827\/Feira-de-Sa%C3%BAde-Unasp-2018-5-225x150.jpg 225w, https:\/\/cdn.unasp.br\/noticias\/wp-content\/uploads\/2018\/10\/01120827\/Feira-de-Sa%C3%BAde-Unasp-2018-5-175x117.jpg 175w, https:\/\/cdn.unasp.br\/noticias\/wp-content\/uploads\/2018\/10\/01120827\/Feira-de-Sa%C3%BAde-Unasp-2018-5-200x133.jpg 200w\" sizes=\"(max-width: 368px) 100vw, 368px\" \/><\/strong><\/p>\n<p style=\"text-align: justify;\">Um dos testes mais aguardados era para descobrir a idade biol\u00f3gica do participante. Para Jos\u00e9 Borreli de 78 anos de idade a surpresa foi comemorada. Pelo registro a idade \u00e9 78, no entanto, a idade biol\u00f3gica \u00e9 de 59 anos. Para que sonha em manter um corpo saud\u00e1vel, Borrelli da as suas dicas. \u201cEu fa\u00e7o academia todo dia, e todos os itens tamb\u00e9m apresentados aqui na feira nos ajudam bastante para manter uma vida saud\u00e1vel\u201d, revela.<\/p>\n<p style=\"text-align: justify;\">A esposa do Borreli, a professora Maurinda Borreli, \u00e9 sua companheira e afirma que o segredo \u00e9 nunca parar de fazer exerc\u00edcios. \u201cH\u00e1 20 anos eu comecei a cuidar da sa\u00fade, fazendo caminhada e exerc\u00edcios. O importante \u00e9 n\u00e3o parar nunca\u201d, afirma.<\/p>\n<p>&nbsp;<\/p>\n<p>&nbsp;<\/p>\n","protected":false},"excerpt":{"rendered":"<p>A Feira Vida e Sa\u00fade \u00e9 realizada por profissionais de sa\u00fade do Centro Universit\u00e1rio Adventista de S\u00e3o [&hellip;]<\/p>\n","protected":false},"author":80,"featured_media":44588,"comment_status":"open","ping_status":"open","sticky":false,"template":"","format":"standard","meta":{"footnotes":""},"categories":[10],"tags":[],"yoast_head":"<!-- This site is optimized with the Yoast SEO plugin v23.5 - https:\/\/yoast.com\/wordpress\/plugins\/seo\/ -->\n<title>Unasp realiza Feira Vida e Sa\u00fade em Engenheiro Coelho<\/title>\n<meta name=\"description\" content=\"A Feira Vida e Sa\u00fade \u00e9 realizada por profissionais de sa\u00fade do Centro Universit\u00e1rio Adventista de S\u00e3o Paulo (Unasp), campus Engenheiro Coelho, h\u00e1 8 anos.\" \/>\n<meta name=\"robots\" content=\"index, follow, max-snippet:-1, max-image-preview:large, max-video-preview:-1\" \/>\n<link rel=\"canonical\" href=\"https:\/\/unasp.br\/noticias\/feira-vida-e-saude\/\" \/>\n<meta property=\"og:locale\" content=\"pt_BR\" \/>\n<meta property=\"og:type\" content=\"article\" \/>\n<meta property=\"og:title\" content=\"Unasp realiza Feira Vida e Sa\u00fade em Engenheiro Coelho\" \/>\n<meta property=\"og:description\" content=\"A Feira Vida e Sa\u00fade \u00e9 realizada por profissionais de sa\u00fade do Centro Universit\u00e1rio Adventista de S\u00e3o Paulo (Unasp), campus Engenheiro Coelho, h\u00e1 8 anos.\" \/>\n<meta property=\"og:url\" content=\"https:\/\/unasp.br\/noticias\/feira-vida-e-saude\/\" \/>\n<meta property=\"og:site_name\" content=\"UNASP Noticias\" \/>\n<meta property=\"article:published_time\" content=\"2018-10-01T18:17:25+00:00\" \/>\n<meta property=\"article:modified_time\" content=\"2018-10-01T18:22:50+00:00\" \/>\n<meta property=\"og:image\" content=\"https:\/\/cdn.unasp.br\/noticias\/wp-content\/uploads\/2018\/10\/01120819\/Feira-de-Sa%C3%BAde-Unasp-2018-2.jpg\" \/>\n\t<meta property=\"og:image:width\" content=\"1024\" \/>\n\t<meta property=\"og:image:height\" content=\"683\" \/>\n\t<meta property=\"og:image:type\" content=\"image\/jpeg\" \/>\n<meta name=\"author\" content=\"UNASP - TI-DESENVOLVIMENTO\" \/>\n<meta name=\"twitter:card\" content=\"summary_large_image\" \/>\n<meta name=\"twitter:label1\" content=\"Escrito por\" \/>\n\t<meta name=\"twitter:data1\" content=\"UNASP - TI-DESENVOLVIMENTO\" \/>\n\t<meta name=\"twitter:label2\" content=\"Est. tempo de leitura\" \/>\n\t<meta name=\"twitter:data2\" content=\"3 minutos\" \/>\n<script type=\"application\/ld+json\" class=\"yoast-schema-graph\">{\"@context\":\"https:\/\/schema.org\",\"@graph\":[{\"@type\":\"Article\",\"@id\":\"https:\/\/unasp.br\/noticias\/feira-vida-e-saude\/#article\",\"isPartOf\":{\"@id\":\"https:\/\/unasp.br\/noticias\/feira-vida-e-saude\/\"},\"author\":{\"name\":\"UNASP - TI-DESENVOLVIMENTO\",\"@id\":\"https:\/\/unasp.br\/noticias\/#\/schema\/person\/e3b8f8e8b1d3759eda9f61d2bb12b6d7\"},\"headline\":\"Feira Vida e Sa\u00fade atende moradores de Engenheiro Coelho\",\"datePublished\":\"2018-10-01T18:17:25+00:00\",\"dateModified\":\"2018-10-01T18:22:50+00:00\",\"mainEntityOfPage\":{\"@id\":\"https:\/\/unasp.br\/noticias\/feira-vida-e-saude\/\"},\"wordCount\":596,\"commentCount\":0,\"publisher\":{\"@id\":\"https:\/\/unasp.br\/noticias\/#organization\"},\"image\":{\"@id\":\"https:\/\/unasp.br\/noticias\/feira-vida-e-saude\/#primaryimage\"},\"thumbnailUrl\":\"https:\/\/cdn.unasp.br\/noticias\/wp-content\/uploads\/2018\/10\/01120819\/Feira-de-Sa%C3%BAde-Unasp-2018-2.jpg\",\"articleSection\":[\"Impacto Social\"],\"inLanguage\":\"pt-BR\",\"potentialAction\":[{\"@type\":\"CommentAction\",\"name\":\"Comment\",\"target\":[\"https:\/\/unasp.br\/noticias\/feira-vida-e-saude\/#respond\"]}]},{\"@type\":\"WebPage\",\"@id\":\"https:\/\/unasp.br\/noticias\/feira-vida-e-saude\/\",\"url\":\"https:\/\/unasp.br\/noticias\/feira-vida-e-saude\/\",\"name\":\"Unasp realiza Feira Vida e Sa\u00fade em Engenheiro Coelho\",\"isPartOf\":{\"@id\":\"https:\/\/unasp.br\/noticias\/#website\"},\"primaryImageOfPage\":{\"@id\":\"https:\/\/unasp.br\/noticias\/feira-vida-e-saude\/#primaryimage\"},\"image\":{\"@id\":\"https:\/\/unasp.br\/noticias\/feira-vida-e-saude\/#primaryimage\"},\"thumbnailUrl\":\"https:\/\/cdn.unasp.br\/noticias\/wp-content\/uploads\/2018\/10\/01120819\/Feira-de-Sa%C3%BAde-Unasp-2018-2.jpg\",\"datePublished\":\"2018-10-01T18:17:25+00:00\",\"dateModified\":\"2018-10-01T18:22:50+00:00\",\"description\":\"A Feira Vida e Sa\u00fade \u00e9 realizada por profissionais de sa\u00fade do Centro Universit\u00e1rio Adventista de S\u00e3o Paulo (Unasp), campus Engenheiro Coelho, h\u00e1 8 anos.\",\"breadcrumb\":{\"@id\":\"https:\/\/unasp.br\/noticias\/feira-vida-e-saude\/#breadcrumb\"},\"inLanguage\":\"pt-BR\",\"potentialAction\":[{\"@type\":\"ReadAction\",\"target\":[\"https:\/\/unasp.br\/noticias\/feira-vida-e-saude\/\"]}]},{\"@type\":\"ImageObject\",\"inLanguage\":\"pt-BR\",\"@id\":\"https:\/\/unasp.br\/noticias\/feira-vida-e-saude\/#primaryimage\",\"url\":\"https:\/\/cdn.unasp.br\/noticias\/wp-content\/uploads\/2018\/10\/01120819\/Feira-de-Sa%C3%BAde-Unasp-2018-2.jpg\",\"contentUrl\":\"https:\/\/cdn.unasp.br\/noticias\/wp-content\/uploads\/2018\/10\/01120819\/Feira-de-Sa%C3%BAde-Unasp-2018-2.jpg\",\"width\":1024,\"height\":683},{\"@type\":\"BreadcrumbList\",\"@id\":\"https:\/\/unasp.br\/noticias\/feira-vida-e-saude\/#breadcrumb\",\"itemListElement\":[{\"@type\":\"ListItem\",\"position\":1,\"name\":\"In\u00edcio\",\"item\":\"https:\/\/unasp.br\/noticias\/\"},{\"@type\":\"ListItem\",\"position\":2,\"name\":\"Feira Vida e Sa\u00fade atende moradores de Engenheiro Coelho\"}]},{\"@type\":\"WebSite\",\"@id\":\"https:\/\/unasp.br\/noticias\/#website\",\"url\":\"https:\/\/unasp.br\/noticias\/\",\"name\":\"UNASP Noticias\",\"description\":\"Centro Universit\u00e1rio Adventista de S\u00e3o Paulo\",\"publisher\":{\"@id\":\"https:\/\/unasp.br\/noticias\/#organization\"},\"potentialAction\":[{\"@type\":\"SearchAction\",\"target\":{\"@type\":\"EntryPoint\",\"urlTemplate\":\"https:\/\/unasp.br\/noticias\/?s={search_term_string}\"},\"query-input\":{\"@type\":\"PropertyValueSpecification\",\"valueRequired\":true,\"valueName\":\"search_term_string\"}}],\"inLanguage\":\"pt-BR\"},{\"@type\":\"Organization\",\"@id\":\"https:\/\/unasp.br\/noticias\/#organization\",\"name\":\"UNASP Noticias\",\"url\":\"https:\/\/unasp.br\/noticias\/\",\"logo\":{\"@type\":\"ImageObject\",\"inLanguage\":\"pt-BR\",\"@id\":\"https:\/\/unasp.br\/noticias\/#\/schema\/logo\/image\/\",\"url\":\"https:\/\/cdn.unasp.br\/noticias\/wp-content\/uploads\/2021\/09\/09152724\/logo-unasp-news.png\",\"contentUrl\":\"https:\/\/cdn.unasp.br\/noticias\/wp-content\/uploads\/2021\/09\/09152724\/logo-unasp-news.png\",\"width\":240,\"height\":41,\"caption\":\"UNASP Noticias\"},\"image\":{\"@id\":\"https:\/\/unasp.br\/noticias\/#\/schema\/logo\/image\/\"}},{\"@type\":\"Person\",\"@id\":\"https:\/\/unasp.br\/noticias\/#\/schema\/person\/e3b8f8e8b1d3759eda9f61d2bb12b6d7\",\"name\":\"UNASP - TI-DESENVOLVIMENTO\",\"image\":{\"@type\":\"ImageObject\",\"inLanguage\":\"pt-BR\",\"@id\":\"https:\/\/unasp.br\/noticias\/#\/schema\/person\/image\/\",\"url\":\"https:\/\/secure.gravatar.com\/avatar\/88a02b7e6ee37f47de0ecad3877878b0?s=96&d=mm&r=g\",\"contentUrl\":\"https:\/\/secure.gravatar.com\/avatar\/88a02b7e6ee37f47de0ecad3877878b0?s=96&d=mm&r=g\",\"caption\":\"UNASP - TI-DESENVOLVIMENTO\"},\"url\":\"https:\/\/unasp.br\/noticias\/author\/admindefault-com\/\"}]}<\/script>\n<!-- \/ Yoast SEO plugin. -->","yoast_head_json":{"title":"Unasp realiza Feira Vida e Sa\u00fade em Engenheiro Coelho","description":"A Feira Vida e Sa\u00fade \u00e9 realizada por profissionais de sa\u00fade do Centro Universit\u00e1rio Adventista de S\u00e3o Paulo (Unasp), campus Engenheiro Coelho, h\u00e1 8 anos.","robots":{"index":"index","follow":"follow","max-snippet":"max-snippet:-1","max-image-preview":"max-image-preview:large","max-video-preview":"max-video-preview:-1"},"canonical":"https:\/\/unasp.br\/noticias\/feira-vida-e-saude\/","og_locale":"pt_BR","og_type":"article","og_title":"Unasp realiza Feira Vida e Sa\u00fade em Engenheiro Coelho","og_description":"A Feira Vida e Sa\u00fade \u00e9 realizada por profissionais de sa\u00fade do Centro Universit\u00e1rio Adventista de S\u00e3o Paulo (Unasp), campus Engenheiro Coelho, h\u00e1 8 anos.","og_url":"https:\/\/unasp.br\/noticias\/feira-vida-e-saude\/","og_site_name":"UNASP Noticias","article_published_time":"2018-10-01T18:17:25+00:00","article_modified_time":"2018-10-01T18:22:50+00:00","og_image":[{"width":1024,"height":683,"url":"https:\/\/cdn.unasp.br\/noticias\/wp-content\/uploads\/2018\/10\/01120819\/Feira-de-Sa%C3%BAde-Unasp-2018-2.jpg","type":"image\/jpeg"}],"author":"UNASP - TI-DESENVOLVIMENTO","twitter_card":"summary_large_image","twitter_misc":{"Escrito por":"UNASP - TI-DESENVOLVIMENTO","Est. tempo de leitura":"3 minutos"},"schema":{"@context":"https:\/\/schema.org","@graph":[{"@type":"Article","@id":"https:\/\/unasp.br\/noticias\/feira-vida-e-saude\/#article","isPartOf":{"@id":"https:\/\/unasp.br\/noticias\/feira-vida-e-saude\/"},"author":{"name":"UNASP - TI-DESENVOLVIMENTO","@id":"https:\/\/unasp.br\/noticias\/#\/schema\/person\/e3b8f8e8b1d3759eda9f61d2bb12b6d7"},"headline":"Feira Vida e Sa\u00fade atende moradores de Engenheiro Coelho","datePublished":"2018-10-01T18:17:25+00:00","dateModified":"2018-10-01T18:22:50+00:00","mainEntityOfPage":{"@id":"https:\/\/unasp.br\/noticias\/feira-vida-e-saude\/"},"wordCount":596,"commentCount":0,"publisher":{"@id":"https:\/\/unasp.br\/noticias\/#organization"},"image":{"@id":"https:\/\/unasp.br\/noticias\/feira-vida-e-saude\/#primaryimage"},"thumbnailUrl":"https:\/\/cdn.unasp.br\/noticias\/wp-content\/uploads\/2018\/10\/01120819\/Feira-de-Sa%C3%BAde-Unasp-2018-2.jpg","articleSection":["Impacto Social"],"inLanguage":"pt-BR","potentialAction":[{"@type":"CommentAction","name":"Comment","target":["https:\/\/unasp.br\/noticias\/feira-vida-e-saude\/#respond"]}]},{"@type":"WebPage","@id":"https:\/\/unasp.br\/noticias\/feira-vida-e-saude\/","url":"https:\/\/unasp.br\/noticias\/feira-vida-e-saude\/","name":"Unasp realiza Feira Vida e Sa\u00fade em Engenheiro Coelho","isPartOf":{"@id":"https:\/\/unasp.br\/noticias\/#website"},"primaryImageOfPage":{"@id":"https:\/\/unasp.br\/noticias\/feira-vida-e-saude\/#primaryimage"},"image":{"@id":"https:\/\/unasp.br\/noticias\/feira-vida-e-saude\/#primaryimage"},"thumbnailUrl":"https:\/\/cdn.unasp.br\/noticias\/wp-content\/uploads\/2018\/10\/01120819\/Feira-de-Sa%C3%BAde-Unasp-2018-2.jpg","datePublished":"2018-10-01T18:17:25+00:00","dateModified":"2018-10-01T18:22:50+00:00","description":"A Feira Vida e Sa\u00fade \u00e9 realizada por profissionais de sa\u00fade do Centro Universit\u00e1rio Adventista de S\u00e3o Paulo (Unasp), campus Engenheiro Coelho, h\u00e1 8 anos.","breadcrumb":{"@id":"https:\/\/unasp.br\/noticias\/feira-vida-e-saude\/#breadcrumb"},"inLanguage":"pt-BR","potentialAction":[{"@type":"ReadAction","target":["https:\/\/unasp.br\/noticias\/feira-vida-e-saude\/"]}]},{"@type":"ImageObject","inLanguage":"pt-BR","@id":"https:\/\/unasp.br\/noticias\/feira-vida-e-saude\/#primaryimage","url":"https:\/\/cdn.unasp.br\/noticias\/wp-content\/uploads\/2018\/10\/01120819\/Feira-de-Sa%C3%BAde-Unasp-2018-2.jpg","contentUrl":"https:\/\/cdn.unasp.br\/noticias\/wp-content\/uploads\/2018\/10\/01120819\/Feira-de-Sa%C3%BAde-Unasp-2018-2.jpg","width":1024,"height":683},{"@type":"BreadcrumbList","@id":"https:\/\/unasp.br\/noticias\/feira-vida-e-saude\/#breadcrumb","itemListElement":[{"@type":"ListItem","position":1,"name":"In\u00edcio","item":"https:\/\/unasp.br\/noticias\/"},{"@type":"ListItem","position":2,"name":"Feira Vida e Sa\u00fade atende moradores de Engenheiro Coelho"}]},{"@type":"WebSite","@id":"https:\/\/unasp.br\/noticias\/#website","url":"https:\/\/unasp.br\/noticias\/","name":"UNASP Noticias","description":"Centro Universit\u00e1rio Adventista de S\u00e3o Paulo","publisher":{"@id":"https:\/\/unasp.br\/noticias\/#organization"},"potentialAction":[{"@type":"SearchAction","target":{"@type":"EntryPoint","urlTemplate":"https:\/\/unasp.br\/noticias\/?s={search_term_string}"},"query-input":{"@type":"PropertyValueSpecification","valueRequired":true,"valueName":"search_term_string"}}],"inLanguage":"pt-BR"},{"@type":"Organization","@id":"https:\/\/unasp.br\/noticias\/#organization","name":"UNASP Noticias","url":"https:\/\/unasp.br\/noticias\/","logo":{"@type":"ImageObject","inLanguage":"pt-BR","@id":"https:\/\/unasp.br\/noticias\/#\/schema\/logo\/image\/","url":"https:\/\/cdn.unasp.br\/noticias\/wp-content\/uploads\/2021\/09\/09152724\/logo-unasp-news.png","contentUrl":"https:\/\/cdn.unasp.br\/noticias\/wp-content\/uploads\/2021\/09\/09152724\/logo-unasp-news.png","width":240,"height":41,"caption":"UNASP Noticias"},"image":{"@id":"https:\/\/unasp.br\/noticias\/#\/schema\/logo\/image\/"}},{"@type":"Person","@id":"https:\/\/unasp.br\/noticias\/#\/schema\/person\/e3b8f8e8b1d3759eda9f61d2bb12b6d7","name":"UNASP - TI-DESENVOLVIMENTO","image":{"@type":"ImageObject","inLanguage":"pt-BR","@id":"https:\/\/unasp.br\/noticias\/#\/schema\/person\/image\/","url":"https:\/\/secure.gravatar.com\/avatar\/88a02b7e6ee37f47de0ecad3877878b0?s=96&d=mm&r=g","contentUrl":"https:\/\/secure.gravatar.com\/avatar\/88a02b7e6ee37f47de0ecad3877878b0?s=96&d=mm&r=g","caption":"UNASP - TI-DESENVOLVIMENTO"},"url":"https:\/\/unasp.br\/noticias\/author\/admindefault-com\/"}]}},"_links":{"self":[{"href":"https:\/\/unasp.br\/noticias\/wp-json\/wp\/v2\/posts\/44586"}],"collection":[{"href":"https:\/\/unasp.br\/noticias\/wp-json\/wp\/v2\/posts"}],"about":[{"href":"https:\/\/unasp.br\/noticias\/wp-json\/wp\/v2\/types\/post"}],"author":[{"embeddable":true,"href":"https:\/\/unasp.br\/noticias\/wp-json\/wp\/v2\/users\/80"}],"replies":[{"embeddable":true,"href":"https:\/\/unasp.br\/noticias\/wp-json\/wp\/v2\/comments?post=44586"}],"version-history":[{"count":4,"href":"https:\/\/unasp.br\/noticias\/wp-json\/wp\/v2\/posts\/44586\/revisions"}],"predecessor-version":[{"id":44596,"href":"https:\/\/unasp.br\/noticias\/wp-json\/wp\/v2\/posts\/44586\/revisions\/44596"}],"wp:featuredmedia":[{"embeddable":true,"href":"https:\/\/unasp.br\/noticias\/wp-json\/wp\/v2\/media\/44588"}],"wp:attachment":[{"href":"https:\/\/unasp.br\/noticias\/wp-json\/wp\/v2\/media?parent=44586"}],"wp:term":[{"taxonomy":"category","embeddable":true,"href":"https:\/\/unasp.br\/noticias\/wp-json\/wp\/v2\/categories?post=44586"},{"taxonomy":"post_tag","embeddable":true,"href":"https:\/\/unasp.br\/noticias\/wp-json\/wp\/v2\/tags?post=44586"}],"curies":[{"name":"wp","href":"https:\/\/api.w.org\/{rel}","templated":true}]}}