{"id":46054,"date":"2018-10-24T12:11:36","date_gmt":"2018-10-24T15:11:36","guid":{"rendered":"https:\/\/www.unasp.br\/noticias\/?p=46054"},"modified":"2018-10-25T10:00:31","modified_gmt":"2018-10-25T13:00:31","slug":"acesso-ao-unasp-recebe-melhorias","status":"publish","type":"post","link":"https:\/\/unasp.br\/noticias\/acesso-ao-unasp-recebe-melhorias\/","title":{"rendered":"Acesso ao Unasp recebe melhorias"},"content":{"rendered":"<p><img loading=\"lazy\" decoding=\"async\" class=\"size-full wp-image-46052 aligncenter\" src=\"https:\/\/www.unasp.br\/noticias\/wp-content\/uploads\/2018\/10\/45486697812_0273de8566_z1.jpg\" alt=\"\" width=\"640\" height=\"311\" \/><\/p>\n<p class=\"x_MsoNormal\"><i>A concession\u00e1ria\u00a0Rota das Bandeiras assumiu a manuten\u00e7\u00e3o da via.\u00a0Mais de 2 mil buracos ser\u00e3o tampados na primeira etapa de recapeamento da vicinal<\/i><\/p>\n<p class=\"x_MsoNormal\"><i>\u00a0<\/i>A concession\u00e1ria Rota das Bandeiras, permission\u00e1ria que atende aos usu\u00e1rios da Rodovia professor Zeferino Vaz (SP-332), assumiu nesta ter\u00e7a-feira (23), a manuten\u00e7\u00e3o da Estrada Municipal Pastor Walter Boger em Engenheiro Coelho (SP). Um canteiro de obras foi montado para fazer cortes do mato, tapa buracos e colocar uma nova sinaliza\u00e7\u00e3o de tr\u00e2nsito.<\/p>\n<p class=\"x_MsoNormal\">Aos poucos o cen\u00e1rio foi mudando ao longo dos 5,8 km de extens\u00e3o da via que interliga as Rodovias Zeferino Vaz (SP-332) a Jo\u00e3o Tosello (SP-147). Tratores e ro\u00e7adeiras cortaram o mato alto e realizaram podas nas \u00e1rvores. Limpeza que foi comemorada pelo professor e ciclista, Luis Fernando. \u201cEssa limpeza vai ajudar na seguran\u00e7a de quem utiliza a vicinal de carro ou bicicleta. Eu passo por aqui com frequ\u00eancia e o mato realmente estava alto\u201d, afirma.<\/p>\n<p class=\"x_MsoNormal\">O pedido para manuten\u00e7\u00e3o da estrada \u00e9 antigo, mas s\u00f3 agora a concession\u00e1ria Rota das Bandeiras assumiu definitivamente a manuten\u00e7\u00e3o da via. Al\u00e9m de cortar o\u00a0mato, uma opera\u00e7\u00e3o de tapa buracos deve melhorar a qualidade de trafegabilidade, como destaca a moradora Maria Almeida Ribeiro. \u201cIsso aqui realmente estava dif\u00edcil e essas melhorias chegam em um bom momento\u201d, revela.<img loading=\"lazy\" decoding=\"async\" class=\"alignright wp-image-46053\" src=\"https:\/\/www.unasp.br\/noticias\/wp-content\/uploads\/2018\/10\/45486697542_0b298f9174_z.jpg\" alt=\"\" width=\"400\" height=\"267\" \/><\/p>\n<p class=\"x_MsoNormal\">O mesmo sentimento tem o universit\u00e1rio Roberto dos Santos. &#8220;Esse recapeamento\u00a0e limpeza da via vai ajudar muito no aspecto da seguran\u00e7a. Os carros ter\u00e3o acostamento e ciclistas e pedestres mais seguran\u00e7a ao transitarem tamb\u00e9m. Todos ganharam com a iniciativa\u201d, destaca.<\/p>\n<p class=\"x_MsoNormal\">Nos primeiros 500 metros de recapeamento foram contados 600 buracos e pequenas crateras. Nos quase 6 quil\u00f4metros de extens\u00e3o a expectativa \u00e9 tampar mais de 2 mil buracos e utilizar 1,5 toneladas de massa asf\u00e1ltica.<\/p>\n<p class=\"x_MsoNormal\">A via \u00e9 utilizada pelos alunos do Unasp diariamente e com a coloca\u00e7\u00e3o da ciclofaixa, limpeza e o tapa buracos, todos ter\u00e3o mais seguran\u00e7a. \u00c9 o que afirma a universit\u00e1ria Ana Carolina Delcasale. \u201cEssa melhoria na via vai colaborar para que tenhamos um acesso mais seguro at\u00e9 a universidade\u201d,\u00a0comenta.<\/p>\n","protected":false},"excerpt":{"rendered":"<p>A concession\u00e1ria\u00a0Rota das Bandeiras assumiu a manuten\u00e7\u00e3o da via.\u00a0Mais de 2 mil buracos ser\u00e3o tampados na primeira [&hellip;]<\/p>\n","protected":false},"author":80,"featured_media":46050,"comment_status":"open","ping_status":"open","sticky":false,"template":"","format":"standard","meta":{"footnotes":""},"categories":[10],"tags":[],"yoast_head":"<!-- This site is optimized with the Yoast SEO plugin v23.5 - https:\/\/yoast.com\/wordpress\/plugins\/seo\/ -->\n<title>Acesso ao Unasp recebe melhorias - UNASP Noticias<\/title>\n<meta name=\"robots\" content=\"index, follow, max-snippet:-1, max-image-preview:large, max-video-preview:-1\" \/>\n<link rel=\"canonical\" href=\"https:\/\/unasp.br\/noticias\/acesso-ao-unasp-recebe-melhorias\/\" \/>\n<meta property=\"og:locale\" content=\"pt_BR\" \/>\n<meta property=\"og:type\" content=\"article\" \/>\n<meta property=\"og:title\" content=\"Acesso ao Unasp recebe melhorias - UNASP Noticias\" \/>\n<meta property=\"og:description\" content=\"A concession\u00e1ria\u00a0Rota das Bandeiras assumiu a manuten\u00e7\u00e3o da via.\u00a0Mais de 2 mil buracos ser\u00e3o tampados na primeira [&hellip;]\" \/>\n<meta property=\"og:url\" content=\"https:\/\/unasp.br\/noticias\/acesso-ao-unasp-recebe-melhorias\/\" \/>\n<meta property=\"og:site_name\" content=\"UNASP Noticias\" \/>\n<meta property=\"article:published_time\" content=\"2018-10-24T15:11:36+00:00\" \/>\n<meta property=\"article:modified_time\" content=\"2018-10-25T13:00:31+00:00\" \/>\n<meta property=\"og:image\" content=\"https:\/\/cdn.unasp.br\/noticias\/wp-content\/uploads\/2018\/10\/24090547\/31664586268_96b2ccb868_z.jpg\" \/>\n\t<meta property=\"og:image:width\" content=\"640\" \/>\n\t<meta property=\"og:image:height\" content=\"311\" \/>\n\t<meta property=\"og:image:type\" content=\"image\/jpeg\" \/>\n<meta name=\"author\" content=\"UNASP - TI-DESENVOLVIMENTO\" \/>\n<meta name=\"twitter:card\" content=\"summary_large_image\" \/>\n<meta name=\"twitter:label1\" content=\"Escrito por\" \/>\n\t<meta name=\"twitter:data1\" content=\"UNASP - TI-DESENVOLVIMENTO\" \/>\n\t<meta name=\"twitter:label2\" content=\"Est. tempo de leitura\" \/>\n\t<meta name=\"twitter:data2\" content=\"2 minutos\" \/>\n<script type=\"application\/ld+json\" class=\"yoast-schema-graph\">{\"@context\":\"https:\/\/schema.org\",\"@graph\":[{\"@type\":\"Article\",\"@id\":\"https:\/\/unasp.br\/noticias\/acesso-ao-unasp-recebe-melhorias\/#article\",\"isPartOf\":{\"@id\":\"https:\/\/unasp.br\/noticias\/acesso-ao-unasp-recebe-melhorias\/\"},\"author\":{\"name\":\"UNASP - TI-DESENVOLVIMENTO\",\"@id\":\"https:\/\/unasp.br\/noticias\/#\/schema\/person\/e3b8f8e8b1d3759eda9f61d2bb12b6d7\"},\"headline\":\"Acesso ao Unasp recebe melhorias\",\"datePublished\":\"2018-10-24T15:11:36+00:00\",\"dateModified\":\"2018-10-25T13:00:31+00:00\",\"mainEntityOfPage\":{\"@id\":\"https:\/\/unasp.br\/noticias\/acesso-ao-unasp-recebe-melhorias\/\"},\"wordCount\":364,\"commentCount\":0,\"publisher\":{\"@id\":\"https:\/\/unasp.br\/noticias\/#organization\"},\"image\":{\"@id\":\"https:\/\/unasp.br\/noticias\/acesso-ao-unasp-recebe-melhorias\/#primaryimage\"},\"thumbnailUrl\":\"https:\/\/cdn.unasp.br\/noticias\/wp-content\/uploads\/2018\/10\/24090547\/31664586268_96b2ccb868_z.jpg\",\"articleSection\":[\"Impacto Social\"],\"inLanguage\":\"pt-BR\",\"potentialAction\":[{\"@type\":\"CommentAction\",\"name\":\"Comment\",\"target\":[\"https:\/\/unasp.br\/noticias\/acesso-ao-unasp-recebe-melhorias\/#respond\"]}]},{\"@type\":\"WebPage\",\"@id\":\"https:\/\/unasp.br\/noticias\/acesso-ao-unasp-recebe-melhorias\/\",\"url\":\"https:\/\/unasp.br\/noticias\/acesso-ao-unasp-recebe-melhorias\/\",\"name\":\"Acesso ao Unasp recebe melhorias - UNASP Noticias\",\"isPartOf\":{\"@id\":\"https:\/\/unasp.br\/noticias\/#website\"},\"primaryImageOfPage\":{\"@id\":\"https:\/\/unasp.br\/noticias\/acesso-ao-unasp-recebe-melhorias\/#primaryimage\"},\"image\":{\"@id\":\"https:\/\/unasp.br\/noticias\/acesso-ao-unasp-recebe-melhorias\/#primaryimage\"},\"thumbnailUrl\":\"https:\/\/cdn.unasp.br\/noticias\/wp-content\/uploads\/2018\/10\/24090547\/31664586268_96b2ccb868_z.jpg\",\"datePublished\":\"2018-10-24T15:11:36+00:00\",\"dateModified\":\"2018-10-25T13:00:31+00:00\",\"breadcrumb\":{\"@id\":\"https:\/\/unasp.br\/noticias\/acesso-ao-unasp-recebe-melhorias\/#breadcrumb\"},\"inLanguage\":\"pt-BR\",\"potentialAction\":[{\"@type\":\"ReadAction\",\"target\":[\"https:\/\/unasp.br\/noticias\/acesso-ao-unasp-recebe-melhorias\/\"]}]},{\"@type\":\"ImageObject\",\"inLanguage\":\"pt-BR\",\"@id\":\"https:\/\/unasp.br\/noticias\/acesso-ao-unasp-recebe-melhorias\/#primaryimage\",\"url\":\"https:\/\/cdn.unasp.br\/noticias\/wp-content\/uploads\/2018\/10\/24090547\/31664586268_96b2ccb868_z.jpg\",\"contentUrl\":\"https:\/\/cdn.unasp.br\/noticias\/wp-content\/uploads\/2018\/10\/24090547\/31664586268_96b2ccb868_z.jpg\",\"width\":640,\"height\":311},{\"@type\":\"BreadcrumbList\",\"@id\":\"https:\/\/unasp.br\/noticias\/acesso-ao-unasp-recebe-melhorias\/#breadcrumb\",\"itemListElement\":[{\"@type\":\"ListItem\",\"position\":1,\"name\":\"In\u00edcio\",\"item\":\"https:\/\/unasp.br\/noticias\/\"},{\"@type\":\"ListItem\",\"position\":2,\"name\":\"Acesso ao Unasp recebe melhorias\"}]},{\"@type\":\"WebSite\",\"@id\":\"https:\/\/unasp.br\/noticias\/#website\",\"url\":\"https:\/\/unasp.br\/noticias\/\",\"name\":\"UNASP Noticias\",\"description\":\"Centro Universit\u00e1rio Adventista de S\u00e3o Paulo\",\"publisher\":{\"@id\":\"https:\/\/unasp.br\/noticias\/#organization\"},\"potentialAction\":[{\"@type\":\"SearchAction\",\"target\":{\"@type\":\"EntryPoint\",\"urlTemplate\":\"https:\/\/unasp.br\/noticias\/?s={search_term_string}\"},\"query-input\":{\"@type\":\"PropertyValueSpecification\",\"valueRequired\":true,\"valueName\":\"search_term_string\"}}],\"inLanguage\":\"pt-BR\"},{\"@type\":\"Organization\",\"@id\":\"https:\/\/unasp.br\/noticias\/#organization\",\"name\":\"UNASP Noticias\",\"url\":\"https:\/\/unasp.br\/noticias\/\",\"logo\":{\"@type\":\"ImageObject\",\"inLanguage\":\"pt-BR\",\"@id\":\"https:\/\/unasp.br\/noticias\/#\/schema\/logo\/image\/\",\"url\":\"https:\/\/cdn.unasp.br\/noticias\/wp-content\/uploads\/2021\/09\/09152724\/logo-unasp-news.png\",\"contentUrl\":\"https:\/\/cdn.unasp.br\/noticias\/wp-content\/uploads\/2021\/09\/09152724\/logo-unasp-news.png\",\"width\":240,\"height\":41,\"caption\":\"UNASP Noticias\"},\"image\":{\"@id\":\"https:\/\/unasp.br\/noticias\/#\/schema\/logo\/image\/\"}},{\"@type\":\"Person\",\"@id\":\"https:\/\/unasp.br\/noticias\/#\/schema\/person\/e3b8f8e8b1d3759eda9f61d2bb12b6d7\",\"name\":\"UNASP - TI-DESENVOLVIMENTO\",\"image\":{\"@type\":\"ImageObject\",\"inLanguage\":\"pt-BR\",\"@id\":\"https:\/\/unasp.br\/noticias\/#\/schema\/person\/image\/\",\"url\":\"https:\/\/secure.gravatar.com\/avatar\/88a02b7e6ee37f47de0ecad3877878b0?s=96&d=mm&r=g\",\"contentUrl\":\"https:\/\/secure.gravatar.com\/avatar\/88a02b7e6ee37f47de0ecad3877878b0?s=96&d=mm&r=g\",\"caption\":\"UNASP - TI-DESENVOLVIMENTO\"},\"url\":\"https:\/\/unasp.br\/noticias\/author\/admindefault-com\/\"}]}<\/script>\n<!-- \/ Yoast SEO plugin. -->","yoast_head_json":{"title":"Acesso ao Unasp recebe melhorias - UNASP Noticias","robots":{"index":"index","follow":"follow","max-snippet":"max-snippet:-1","max-image-preview":"max-image-preview:large","max-video-preview":"max-video-preview:-1"},"canonical":"https:\/\/unasp.br\/noticias\/acesso-ao-unasp-recebe-melhorias\/","og_locale":"pt_BR","og_type":"article","og_title":"Acesso ao Unasp recebe melhorias - UNASP Noticias","og_description":"A concession\u00e1ria\u00a0Rota das Bandeiras assumiu a manuten\u00e7\u00e3o da via.\u00a0Mais de 2 mil buracos ser\u00e3o tampados na primeira [&hellip;]","og_url":"https:\/\/unasp.br\/noticias\/acesso-ao-unasp-recebe-melhorias\/","og_site_name":"UNASP Noticias","article_published_time":"2018-10-24T15:11:36+00:00","article_modified_time":"2018-10-25T13:00:31+00:00","og_image":[{"width":640,"height":311,"url":"https:\/\/cdn.unasp.br\/noticias\/wp-content\/uploads\/2018\/10\/24090547\/31664586268_96b2ccb868_z.jpg","type":"image\/jpeg"}],"author":"UNASP - TI-DESENVOLVIMENTO","twitter_card":"summary_large_image","twitter_misc":{"Escrito por":"UNASP - TI-DESENVOLVIMENTO","Est. tempo de leitura":"2 minutos"},"schema":{"@context":"https:\/\/schema.org","@graph":[{"@type":"Article","@id":"https:\/\/unasp.br\/noticias\/acesso-ao-unasp-recebe-melhorias\/#article","isPartOf":{"@id":"https:\/\/unasp.br\/noticias\/acesso-ao-unasp-recebe-melhorias\/"},"author":{"name":"UNASP - TI-DESENVOLVIMENTO","@id":"https:\/\/unasp.br\/noticias\/#\/schema\/person\/e3b8f8e8b1d3759eda9f61d2bb12b6d7"},"headline":"Acesso ao Unasp recebe melhorias","datePublished":"2018-10-24T15:11:36+00:00","dateModified":"2018-10-25T13:00:31+00:00","mainEntityOfPage":{"@id":"https:\/\/unasp.br\/noticias\/acesso-ao-unasp-recebe-melhorias\/"},"wordCount":364,"commentCount":0,"publisher":{"@id":"https:\/\/unasp.br\/noticias\/#organization"},"image":{"@id":"https:\/\/unasp.br\/noticias\/acesso-ao-unasp-recebe-melhorias\/#primaryimage"},"thumbnailUrl":"https:\/\/cdn.unasp.br\/noticias\/wp-content\/uploads\/2018\/10\/24090547\/31664586268_96b2ccb868_z.jpg","articleSection":["Impacto Social"],"inLanguage":"pt-BR","potentialAction":[{"@type":"CommentAction","name":"Comment","target":["https:\/\/unasp.br\/noticias\/acesso-ao-unasp-recebe-melhorias\/#respond"]}]},{"@type":"WebPage","@id":"https:\/\/unasp.br\/noticias\/acesso-ao-unasp-recebe-melhorias\/","url":"https:\/\/unasp.br\/noticias\/acesso-ao-unasp-recebe-melhorias\/","name":"Acesso ao Unasp recebe melhorias - UNASP Noticias","isPartOf":{"@id":"https:\/\/unasp.br\/noticias\/#website"},"primaryImageOfPage":{"@id":"https:\/\/unasp.br\/noticias\/acesso-ao-unasp-recebe-melhorias\/#primaryimage"},"image":{"@id":"https:\/\/unasp.br\/noticias\/acesso-ao-unasp-recebe-melhorias\/#primaryimage"},"thumbnailUrl":"https:\/\/cdn.unasp.br\/noticias\/wp-content\/uploads\/2018\/10\/24090547\/31664586268_96b2ccb868_z.jpg","datePublished":"2018-10-24T15:11:36+00:00","dateModified":"2018-10-25T13:00:31+00:00","breadcrumb":{"@id":"https:\/\/unasp.br\/noticias\/acesso-ao-unasp-recebe-melhorias\/#breadcrumb"},"inLanguage":"pt-BR","potentialAction":[{"@type":"ReadAction","target":["https:\/\/unasp.br\/noticias\/acesso-ao-unasp-recebe-melhorias\/"]}]},{"@type":"ImageObject","inLanguage":"pt-BR","@id":"https:\/\/unasp.br\/noticias\/acesso-ao-unasp-recebe-melhorias\/#primaryimage","url":"https:\/\/cdn.unasp.br\/noticias\/wp-content\/uploads\/2018\/10\/24090547\/31664586268_96b2ccb868_z.jpg","contentUrl":"https:\/\/cdn.unasp.br\/noticias\/wp-content\/uploads\/2018\/10\/24090547\/31664586268_96b2ccb868_z.jpg","width":640,"height":311},{"@type":"BreadcrumbList","@id":"https:\/\/unasp.br\/noticias\/acesso-ao-unasp-recebe-melhorias\/#breadcrumb","itemListElement":[{"@type":"ListItem","position":1,"name":"In\u00edcio","item":"https:\/\/unasp.br\/noticias\/"},{"@type":"ListItem","position":2,"name":"Acesso ao Unasp recebe melhorias"}]},{"@type":"WebSite","@id":"https:\/\/unasp.br\/noticias\/#website","url":"https:\/\/unasp.br\/noticias\/","name":"UNASP Noticias","description":"Centro Universit\u00e1rio Adventista de S\u00e3o Paulo","publisher":{"@id":"https:\/\/unasp.br\/noticias\/#organization"},"potentialAction":[{"@type":"SearchAction","target":{"@type":"EntryPoint","urlTemplate":"https:\/\/unasp.br\/noticias\/?s={search_term_string}"},"query-input":{"@type":"PropertyValueSpecification","valueRequired":true,"valueName":"search_term_string"}}],"inLanguage":"pt-BR"},{"@type":"Organization","@id":"https:\/\/unasp.br\/noticias\/#organization","name":"UNASP Noticias","url":"https:\/\/unasp.br\/noticias\/","logo":{"@type":"ImageObject","inLanguage":"pt-BR","@id":"https:\/\/unasp.br\/noticias\/#\/schema\/logo\/image\/","url":"https:\/\/cdn.unasp.br\/noticias\/wp-content\/uploads\/2021\/09\/09152724\/logo-unasp-news.png","contentUrl":"https:\/\/cdn.unasp.br\/noticias\/wp-content\/uploads\/2021\/09\/09152724\/logo-unasp-news.png","width":240,"height":41,"caption":"UNASP Noticias"},"image":{"@id":"https:\/\/unasp.br\/noticias\/#\/schema\/logo\/image\/"}},{"@type":"Person","@id":"https:\/\/unasp.br\/noticias\/#\/schema\/person\/e3b8f8e8b1d3759eda9f61d2bb12b6d7","name":"UNASP - TI-DESENVOLVIMENTO","image":{"@type":"ImageObject","inLanguage":"pt-BR","@id":"https:\/\/unasp.br\/noticias\/#\/schema\/person\/image\/","url":"https:\/\/secure.gravatar.com\/avatar\/88a02b7e6ee37f47de0ecad3877878b0?s=96&d=mm&r=g","contentUrl":"https:\/\/secure.gravatar.com\/avatar\/88a02b7e6ee37f47de0ecad3877878b0?s=96&d=mm&r=g","caption":"UNASP - TI-DESENVOLVIMENTO"},"url":"https:\/\/unasp.br\/noticias\/author\/admindefault-com\/"}]}},"_links":{"self":[{"href":"https:\/\/unasp.br\/noticias\/wp-json\/wp\/v2\/posts\/46054"}],"collection":[{"href":"https:\/\/unasp.br\/noticias\/wp-json\/wp\/v2\/posts"}],"about":[{"href":"https:\/\/unasp.br\/noticias\/wp-json\/wp\/v2\/types\/post"}],"author":[{"embeddable":true,"href":"https:\/\/unasp.br\/noticias\/wp-json\/wp\/v2\/users\/80"}],"replies":[{"embeddable":true,"href":"https:\/\/unasp.br\/noticias\/wp-json\/wp\/v2\/comments?post=46054"}],"version-history":[{"count":1,"href":"https:\/\/unasp.br\/noticias\/wp-json\/wp\/v2\/posts\/46054\/revisions"}],"predecessor-version":[{"id":46055,"href":"https:\/\/unasp.br\/noticias\/wp-json\/wp\/v2\/posts\/46054\/revisions\/46055"}],"wp:featuredmedia":[{"embeddable":true,"href":"https:\/\/unasp.br\/noticias\/wp-json\/wp\/v2\/media\/46050"}],"wp:attachment":[{"href":"https:\/\/unasp.br\/noticias\/wp-json\/wp\/v2\/media?parent=46054"}],"wp:term":[{"taxonomy":"category","embeddable":true,"href":"https:\/\/unasp.br\/noticias\/wp-json\/wp\/v2\/categories?post=46054"},{"taxonomy":"post_tag","embeddable":true,"href":"https:\/\/unasp.br\/noticias\/wp-json\/wp\/v2\/tags?post=46054"}],"curies":[{"name":"wp","href":"https:\/\/api.w.org\/{rel}","templated":true}]}}