{"id":48265,"date":"2018-11-27T15:00:21","date_gmt":"2018-11-27T17:00:21","guid":{"rendered":"https:\/\/www.unasp.br\/noticias\/?p=48265"},"modified":"2018-11-27T15:17:50","modified_gmt":"2018-11-27T17:17:50","slug":"livro-reportagem-aborda-a-realidade-das-periferias-de-sao-paulo","status":"publish","type":"post","link":"https:\/\/unasp.br\/noticias\/livro-reportagem-aborda-a-realidade-das-periferias-de-sao-paulo\/","title":{"rendered":"Livro-reportagem aborda a realidade das periferias de S\u00e3o Paulo"},"content":{"rendered":"<p><img loading=\"lazy\" decoding=\"async\" class=\"aligncenter wp-image-48266\" src=\"https:\/\/www.unasp.br\/noticias\/wp-content\/uploads\/2018\/11\/Lia-cidade-cinza-300x200.jpg\" alt=\"\" width=\"700\" height=\"467\" srcset=\"https:\/\/cdn.unasp.br\/noticias\/wp-content\/uploads\/2018\/11\/27125626\/Lia-cidade-cinza-300x200.jpg 300w, https:\/\/cdn.unasp.br\/noticias\/wp-content\/uploads\/2018\/11\/27125626\/Lia-cidade-cinza-768x512.jpg 768w, https:\/\/cdn.unasp.br\/noticias\/wp-content\/uploads\/2018\/11\/27125626\/Lia-cidade-cinza-1024x683.jpg 1024w, https:\/\/cdn.unasp.br\/noticias\/wp-content\/uploads\/2018\/11\/27125626\/Lia-cidade-cinza-900x600.jpg 900w, https:\/\/cdn.unasp.br\/noticias\/wp-content\/uploads\/2018\/11\/27125626\/Lia-cidade-cinza-1200x800.jpg 1200w, https:\/\/cdn.unasp.br\/noticias\/wp-content\/uploads\/2018\/11\/27125626\/Lia-cidade-cinza-1080x720.jpg 1080w, https:\/\/cdn.unasp.br\/noticias\/wp-content\/uploads\/2018\/11\/27125626\/Lia-cidade-cinza-800x533.jpg 800w, https:\/\/cdn.unasp.br\/noticias\/wp-content\/uploads\/2018\/11\/27125626\/Lia-cidade-cinza-750x500.jpg 750w, https:\/\/cdn.unasp.br\/noticias\/wp-content\/uploads\/2018\/11\/27125626\/Lia-cidade-cinza-720x480.jpg 720w, https:\/\/cdn.unasp.br\/noticias\/wp-content\/uploads\/2018\/11\/27125626\/Lia-cidade-cinza-420x280.jpg 420w, https:\/\/cdn.unasp.br\/noticias\/wp-content\/uploads\/2018\/11\/27125626\/Lia-cidade-cinza-500x333.jpg 500w, https:\/\/cdn.unasp.br\/noticias\/wp-content\/uploads\/2018\/11\/27125626\/Lia-cidade-cinza-400x267.jpg 400w, https:\/\/cdn.unasp.br\/noticias\/wp-content\/uploads\/2018\/11\/27125626\/Lia-cidade-cinza-375x250.jpg 375w, https:\/\/cdn.unasp.br\/noticias\/wp-content\/uploads\/2018\/11\/27125626\/Lia-cidade-cinza-225x150.jpg 225w, https:\/\/cdn.unasp.br\/noticias\/wp-content\/uploads\/2018\/11\/27125626\/Lia-cidade-cinza-175x117.jpg 175w, https:\/\/cdn.unasp.br\/noticias\/wp-content\/uploads\/2018\/11\/27125626\/Lia-cidade-cinza-200x133.jpg 200w, https:\/\/cdn.unasp.br\/noticias\/wp-content\/uploads\/2018\/11\/27125626\/Lia-cidade-cinza.jpg 2048w\" sizes=\"(max-width: 700px) 100vw, 700px\" \/><\/p>\n<p style=\"text-align: center;\"><em>Ao passar 15 dias no bairro S\u00e3o Miguel na zona leste, a obra de Lia Costa traz uma vis\u00e3o diferente das periferias<\/em><\/p>\n<p style=\"text-align: justify;\">A pesquisa acad\u00eamica e as noites em claro at\u00e9 chegar ao trabalho finalizado, em muitas ocasi\u00f5es, vira um verdadeiro tormento para os estudantes dos \u00faltimos semestres da gradua\u00e7\u00e3o. Lia Costa, estudante do oitavo ano de jornalismo ao contr\u00e1rio de muitos, encarou o tem\u00edvel Trabalho de Conclus\u00e3o de Curso (TCC) como algo prazeroso.<\/p>\n<p style=\"text-align: justify;\">A aluna do Centro Universit\u00e1rio Adventista de S\u00e3o Paulo (Unasp), Campus Engenheiro Coelho escreveu o livro de romance n\u00e3o-fic\u00e7\u00e3o, com uma vis\u00e3o diferente da cultura perif\u00e9rica, sua arte e forma de vida.\u00a0 Intitulado \u201cAs cores da cidade cinza\u201d, ela buscou quebrar os paradoxos criados nas comunidades perif\u00e9ricas, pessoas que est\u00e3o \u00e0 margem da sociedade, um jornalismo diferente tornando o pouco conhecido em algo interessante.<\/p>\n<p style=\"text-align: justify;\">O livro foi dividido em quatro partes, sem uma sequ\u00eancia de come\u00e7o, meio e fim, basicamente \u00e9 atemporal. Todas as cenas foram encaixadas de acordo com a problem\u00e1tica de cada parte. O trabalho conta as hist\u00f3rias de v\u00e1rias pessoas.<\/p>\n<p style=\"text-align: justify;\">Como todo trabalho de conclus\u00e3o precisa de uma ideia muito boa, a idealiza\u00e7\u00e3o do projeto de Lia nasceu a partir de um trabalho de faculdade sobre resist\u00eancia que envolveu jovens recitando poesia no trem da cidade de S\u00e3o Paulo, mas ela n\u00e3o estava satisfeita somente em ter feito apenas a mat\u00e9ria, acreditava que esses jovens precisavam de mais espa\u00e7o. Assim, Lia decidiu escrever mais sobre eles, \u201ceu sempre quis ser escritora e livro reportagem sempre foi meu foco, e essa tem\u00e1tica me tocou bastante quando eu conheci eles\u201d, declara.<\/p>\n<p style=\"text-align: justify;\">Foi o cartunista e professor em teologia Felipe Carmo, que no segundo ano de faculdade percebeu que a estudante possu\u00eda um potencial para escrita. \u201cQuando voc\u00ea l\u00ea um tipo de livro como este parece que voc\u00ea est\u00e1 lendo hist\u00f3rias de fic\u00e7\u00e3o, mas nada do que est\u00e1 escrito \u00e9 fic\u00e7\u00e3o \u00e9 uma realidade. Coisa que o jornalismo tradicional n\u00e3o se preocupa em noticiar, por isso do ponto de vista acad\u00eamico o trabalho alcan\u00e7ou tudo o proposto. Lia fez uma abordagem liter\u00e1rio do jornalismo, foi jornalista e escritora<img loading=\"lazy\" decoding=\"async\" class=\"alignright wp-image-48267\" src=\"https:\/\/www.unasp.br\/noticias\/wp-content\/uploads\/2018\/11\/lia-cidadecinza-300x200.jpg\" alt=\"\" width=\"400\" height=\"267\" srcset=\"https:\/\/cdn.unasp.br\/noticias\/wp-content\/uploads\/2018\/11\/27125823\/lia-cidadecinza-300x200.jpg 300w, https:\/\/cdn.unasp.br\/noticias\/wp-content\/uploads\/2018\/11\/27125823\/lia-cidadecinza-768x512.jpg 768w, https:\/\/cdn.unasp.br\/noticias\/wp-content\/uploads\/2018\/11\/27125823\/lia-cidadecinza-1024x683.jpg 1024w, https:\/\/cdn.unasp.br\/noticias\/wp-content\/uploads\/2018\/11\/27125823\/lia-cidadecinza-900x600.jpg 900w, https:\/\/cdn.unasp.br\/noticias\/wp-content\/uploads\/2018\/11\/27125823\/lia-cidadecinza-1200x800.jpg 1200w, https:\/\/cdn.unasp.br\/noticias\/wp-content\/uploads\/2018\/11\/27125823\/lia-cidadecinza-1080x720.jpg 1080w, https:\/\/cdn.unasp.br\/noticias\/wp-content\/uploads\/2018\/11\/27125823\/lia-cidadecinza-800x533.jpg 800w, https:\/\/cdn.unasp.br\/noticias\/wp-content\/uploads\/2018\/11\/27125823\/lia-cidadecinza-750x500.jpg 750w, https:\/\/cdn.unasp.br\/noticias\/wp-content\/uploads\/2018\/11\/27125823\/lia-cidadecinza-720x480.jpg 720w, https:\/\/cdn.unasp.br\/noticias\/wp-content\/uploads\/2018\/11\/27125823\/lia-cidadecinza-420x280.jpg 420w, https:\/\/cdn.unasp.br\/noticias\/wp-content\/uploads\/2018\/11\/27125823\/lia-cidadecinza-500x333.jpg 500w, https:\/\/cdn.unasp.br\/noticias\/wp-content\/uploads\/2018\/11\/27125823\/lia-cidadecinza-400x267.jpg 400w, https:\/\/cdn.unasp.br\/noticias\/wp-content\/uploads\/2018\/11\/27125823\/lia-cidadecinza-375x250.jpg 375w, https:\/\/cdn.unasp.br\/noticias\/wp-content\/uploads\/2018\/11\/27125823\/lia-cidadecinza-225x150.jpg 225w, https:\/\/cdn.unasp.br\/noticias\/wp-content\/uploads\/2018\/11\/27125823\/lia-cidadecinza-175x117.jpg 175w, https:\/\/cdn.unasp.br\/noticias\/wp-content\/uploads\/2018\/11\/27125823\/lia-cidadecinza-200x133.jpg 200w, https:\/\/cdn.unasp.br\/noticias\/wp-content\/uploads\/2018\/11\/27125823\/lia-cidadecinza.jpg 2048w\" sizes=\"(max-width: 400px) 100vw, 400px\" \/> ao mesmo tempo e conseguiu emergir na periferia, mesmo n\u00e3o fazendo parte dela. Transmitir o que realmente acontece l\u00e1, acho que \u00e9 essencial para o jornalista e acima de tudo ela conseguiu dar uma beleza que a literatura e o romance acostumam dar quando se faz esse tipo de texto\u201d, afirma.<\/p>\n<p style=\"text-align: justify;\">Os parab\u00e9ns por parte dos professores e amigos tornaram a noite da futura jornalista uma das mais importantes. De acordo com J\u00f4natas Santana Luz, criador da capa do livro o tema abordado foi um assunto na qual ele se identifica muito. \u201cEu me sinto muito orgulhoso de ter feito parte desse processo, porque foi um tema social que me tocou muito, dando voz a pessoas, isso \u00e9 muito valioso e uma coisa que eu tamb\u00e9m como futuro profissional persigo esse mesmo objetivo\u201d, admite.<\/p>\n","protected":false},"excerpt":{"rendered":"<p>Ao passar 15 dias no bairro S\u00e3o Miguel na zona leste, a obra de Lia Costa traz [&hellip;]<\/p>\n","protected":false},"author":80,"featured_media":48268,"comment_status":"open","ping_status":"open","sticky":false,"template":"","format":"standard","meta":{"footnotes":""},"categories":[10],"tags":[],"yoast_head":"<!-- This site is optimized with the Yoast SEO plugin v23.5 - https:\/\/yoast.com\/wordpress\/plugins\/seo\/ -->\n<title>Livro reportagem aborda a realidade das periferias de S\u00e3o Paulo<\/title>\n<meta name=\"description\" content=\"A aluna de jornalismo do Unasp-EC, Lia Costa, transformou hist\u00f3rias de pessoas da periferia de S\u00e3o Paulo em um livro reportagem. Fruto de seu TCC de curso.\" \/>\n<meta name=\"robots\" content=\"index, follow, max-snippet:-1, max-image-preview:large, max-video-preview:-1\" \/>\n<link rel=\"canonical\" href=\"https:\/\/unasp.br\/noticias\/livro-reportagem-aborda-a-realidade-das-periferias-de-sao-paulo\/\" \/>\n<meta property=\"og:locale\" content=\"pt_BR\" \/>\n<meta property=\"og:type\" content=\"article\" \/>\n<meta property=\"og:title\" content=\"Livro reportagem aborda a realidade das periferias de S\u00e3o Paulo\" \/>\n<meta property=\"og:description\" content=\"A aluna de jornalismo do Unasp-EC, Lia Costa, transformou hist\u00f3rias de pessoas da periferia de S\u00e3o Paulo em um livro reportagem. Fruto de seu TCC de curso.\" \/>\n<meta property=\"og:url\" content=\"https:\/\/unasp.br\/noticias\/livro-reportagem-aborda-a-realidade-das-periferias-de-sao-paulo\/\" \/>\n<meta property=\"og:site_name\" content=\"UNASP Noticias\" \/>\n<meta property=\"article:published_time\" content=\"2018-11-27T17:00:21+00:00\" \/>\n<meta property=\"article:modified_time\" content=\"2018-11-27T17:17:50+00:00\" \/>\n<meta property=\"og:image\" content=\"https:\/\/cdn.unasp.br\/noticias\/wp-content\/uploads\/2018\/11\/27130011\/IMG_9802.jpg\" \/>\n\t<meta property=\"og:image:width\" content=\"2048\" \/>\n\t<meta property=\"og:image:height\" content=\"1365\" \/>\n\t<meta property=\"og:image:type\" content=\"image\/jpeg\" \/>\n<meta name=\"author\" content=\"UNASP - TI-DESENVOLVIMENTO\" \/>\n<meta name=\"twitter:card\" content=\"summary_large_image\" \/>\n<meta name=\"twitter:label1\" content=\"Escrito por\" \/>\n\t<meta name=\"twitter:data1\" content=\"UNASP - TI-DESENVOLVIMENTO\" \/>\n\t<meta name=\"twitter:label2\" content=\"Est. tempo de leitura\" \/>\n\t<meta name=\"twitter:data2\" content=\"3 minutos\" \/>\n<script type=\"application\/ld+json\" class=\"yoast-schema-graph\">{\"@context\":\"https:\/\/schema.org\",\"@graph\":[{\"@type\":\"Article\",\"@id\":\"https:\/\/unasp.br\/noticias\/livro-reportagem-aborda-a-realidade-das-periferias-de-sao-paulo\/#article\",\"isPartOf\":{\"@id\":\"https:\/\/unasp.br\/noticias\/livro-reportagem-aborda-a-realidade-das-periferias-de-sao-paulo\/\"},\"author\":{\"name\":\"UNASP - TI-DESENVOLVIMENTO\",\"@id\":\"https:\/\/unasp.br\/noticias\/#\/schema\/person\/e3b8f8e8b1d3759eda9f61d2bb12b6d7\"},\"headline\":\"Livro-reportagem aborda a realidade das periferias de S\u00e3o Paulo\",\"datePublished\":\"2018-11-27T17:00:21+00:00\",\"dateModified\":\"2018-11-27T17:17:50+00:00\",\"mainEntityOfPage\":{\"@id\":\"https:\/\/unasp.br\/noticias\/livro-reportagem-aborda-a-realidade-das-periferias-de-sao-paulo\/\"},\"wordCount\":530,\"commentCount\":0,\"publisher\":{\"@id\":\"https:\/\/unasp.br\/noticias\/#organization\"},\"image\":{\"@id\":\"https:\/\/unasp.br\/noticias\/livro-reportagem-aborda-a-realidade-das-periferias-de-sao-paulo\/#primaryimage\"},\"thumbnailUrl\":\"https:\/\/cdn.unasp.br\/noticias\/wp-content\/uploads\/2018\/11\/27130011\/IMG_9802.jpg\",\"articleSection\":[\"Impacto Social\"],\"inLanguage\":\"pt-BR\",\"potentialAction\":[{\"@type\":\"CommentAction\",\"name\":\"Comment\",\"target\":[\"https:\/\/unasp.br\/noticias\/livro-reportagem-aborda-a-realidade-das-periferias-de-sao-paulo\/#respond\"]}]},{\"@type\":\"WebPage\",\"@id\":\"https:\/\/unasp.br\/noticias\/livro-reportagem-aborda-a-realidade-das-periferias-de-sao-paulo\/\",\"url\":\"https:\/\/unasp.br\/noticias\/livro-reportagem-aborda-a-realidade-das-periferias-de-sao-paulo\/\",\"name\":\"Livro reportagem aborda a realidade das periferias de S\u00e3o Paulo\",\"isPartOf\":{\"@id\":\"https:\/\/unasp.br\/noticias\/#website\"},\"primaryImageOfPage\":{\"@id\":\"https:\/\/unasp.br\/noticias\/livro-reportagem-aborda-a-realidade-das-periferias-de-sao-paulo\/#primaryimage\"},\"image\":{\"@id\":\"https:\/\/unasp.br\/noticias\/livro-reportagem-aborda-a-realidade-das-periferias-de-sao-paulo\/#primaryimage\"},\"thumbnailUrl\":\"https:\/\/cdn.unasp.br\/noticias\/wp-content\/uploads\/2018\/11\/27130011\/IMG_9802.jpg\",\"datePublished\":\"2018-11-27T17:00:21+00:00\",\"dateModified\":\"2018-11-27T17:17:50+00:00\",\"description\":\"A aluna de jornalismo do Unasp-EC, Lia Costa, transformou hist\u00f3rias de pessoas da periferia de S\u00e3o Paulo em um livro reportagem. Fruto de seu TCC de curso.\",\"breadcrumb\":{\"@id\":\"https:\/\/unasp.br\/noticias\/livro-reportagem-aborda-a-realidade-das-periferias-de-sao-paulo\/#breadcrumb\"},\"inLanguage\":\"pt-BR\",\"potentialAction\":[{\"@type\":\"ReadAction\",\"target\":[\"https:\/\/unasp.br\/noticias\/livro-reportagem-aborda-a-realidade-das-periferias-de-sao-paulo\/\"]}]},{\"@type\":\"ImageObject\",\"inLanguage\":\"pt-BR\",\"@id\":\"https:\/\/unasp.br\/noticias\/livro-reportagem-aborda-a-realidade-das-periferias-de-sao-paulo\/#primaryimage\",\"url\":\"https:\/\/cdn.unasp.br\/noticias\/wp-content\/uploads\/2018\/11\/27130011\/IMG_9802.jpg\",\"contentUrl\":\"https:\/\/cdn.unasp.br\/noticias\/wp-content\/uploads\/2018\/11\/27130011\/IMG_9802.jpg\",\"width\":2048,\"height\":1365},{\"@type\":\"BreadcrumbList\",\"@id\":\"https:\/\/unasp.br\/noticias\/livro-reportagem-aborda-a-realidade-das-periferias-de-sao-paulo\/#breadcrumb\",\"itemListElement\":[{\"@type\":\"ListItem\",\"position\":1,\"name\":\"In\u00edcio\",\"item\":\"https:\/\/unasp.br\/noticias\/\"},{\"@type\":\"ListItem\",\"position\":2,\"name\":\"Livro-reportagem aborda a realidade das periferias de S\u00e3o Paulo\"}]},{\"@type\":\"WebSite\",\"@id\":\"https:\/\/unasp.br\/noticias\/#website\",\"url\":\"https:\/\/unasp.br\/noticias\/\",\"name\":\"UNASP Noticias\",\"description\":\"Centro Universit\u00e1rio Adventista de S\u00e3o Paulo\",\"publisher\":{\"@id\":\"https:\/\/unasp.br\/noticias\/#organization\"},\"potentialAction\":[{\"@type\":\"SearchAction\",\"target\":{\"@type\":\"EntryPoint\",\"urlTemplate\":\"https:\/\/unasp.br\/noticias\/?s={search_term_string}\"},\"query-input\":{\"@type\":\"PropertyValueSpecification\",\"valueRequired\":true,\"valueName\":\"search_term_string\"}}],\"inLanguage\":\"pt-BR\"},{\"@type\":\"Organization\",\"@id\":\"https:\/\/unasp.br\/noticias\/#organization\",\"name\":\"UNASP Noticias\",\"url\":\"https:\/\/unasp.br\/noticias\/\",\"logo\":{\"@type\":\"ImageObject\",\"inLanguage\":\"pt-BR\",\"@id\":\"https:\/\/unasp.br\/noticias\/#\/schema\/logo\/image\/\",\"url\":\"https:\/\/cdn.unasp.br\/noticias\/wp-content\/uploads\/2021\/09\/09152724\/logo-unasp-news.png\",\"contentUrl\":\"https:\/\/cdn.unasp.br\/noticias\/wp-content\/uploads\/2021\/09\/09152724\/logo-unasp-news.png\",\"width\":240,\"height\":41,\"caption\":\"UNASP Noticias\"},\"image\":{\"@id\":\"https:\/\/unasp.br\/noticias\/#\/schema\/logo\/image\/\"}},{\"@type\":\"Person\",\"@id\":\"https:\/\/unasp.br\/noticias\/#\/schema\/person\/e3b8f8e8b1d3759eda9f61d2bb12b6d7\",\"name\":\"UNASP - TI-DESENVOLVIMENTO\",\"image\":{\"@type\":\"ImageObject\",\"inLanguage\":\"pt-BR\",\"@id\":\"https:\/\/unasp.br\/noticias\/#\/schema\/person\/image\/\",\"url\":\"https:\/\/secure.gravatar.com\/avatar\/88a02b7e6ee37f47de0ecad3877878b0?s=96&d=mm&r=g\",\"contentUrl\":\"https:\/\/secure.gravatar.com\/avatar\/88a02b7e6ee37f47de0ecad3877878b0?s=96&d=mm&r=g\",\"caption\":\"UNASP - TI-DESENVOLVIMENTO\"},\"url\":\"https:\/\/unasp.br\/noticias\/author\/admindefault-com\/\"}]}<\/script>\n<!-- \/ Yoast SEO plugin. -->","yoast_head_json":{"title":"Livro reportagem aborda a realidade das periferias de S\u00e3o Paulo","description":"A aluna de jornalismo do Unasp-EC, Lia Costa, transformou hist\u00f3rias de pessoas da periferia de S\u00e3o Paulo em um livro reportagem. Fruto de seu TCC de curso.","robots":{"index":"index","follow":"follow","max-snippet":"max-snippet:-1","max-image-preview":"max-image-preview:large","max-video-preview":"max-video-preview:-1"},"canonical":"https:\/\/unasp.br\/noticias\/livro-reportagem-aborda-a-realidade-das-periferias-de-sao-paulo\/","og_locale":"pt_BR","og_type":"article","og_title":"Livro reportagem aborda a realidade das periferias de S\u00e3o Paulo","og_description":"A aluna de jornalismo do Unasp-EC, Lia Costa, transformou hist\u00f3rias de pessoas da periferia de S\u00e3o Paulo em um livro reportagem. Fruto de seu TCC de curso.","og_url":"https:\/\/unasp.br\/noticias\/livro-reportagem-aborda-a-realidade-das-periferias-de-sao-paulo\/","og_site_name":"UNASP Noticias","article_published_time":"2018-11-27T17:00:21+00:00","article_modified_time":"2018-11-27T17:17:50+00:00","og_image":[{"width":2048,"height":1365,"url":"https:\/\/cdn.unasp.br\/noticias\/wp-content\/uploads\/2018\/11\/27130011\/IMG_9802.jpg","type":"image\/jpeg"}],"author":"UNASP - TI-DESENVOLVIMENTO","twitter_card":"summary_large_image","twitter_misc":{"Escrito por":"UNASP - TI-DESENVOLVIMENTO","Est. tempo de leitura":"3 minutos"},"schema":{"@context":"https:\/\/schema.org","@graph":[{"@type":"Article","@id":"https:\/\/unasp.br\/noticias\/livro-reportagem-aborda-a-realidade-das-periferias-de-sao-paulo\/#article","isPartOf":{"@id":"https:\/\/unasp.br\/noticias\/livro-reportagem-aborda-a-realidade-das-periferias-de-sao-paulo\/"},"author":{"name":"UNASP - TI-DESENVOLVIMENTO","@id":"https:\/\/unasp.br\/noticias\/#\/schema\/person\/e3b8f8e8b1d3759eda9f61d2bb12b6d7"},"headline":"Livro-reportagem aborda a realidade das periferias de S\u00e3o Paulo","datePublished":"2018-11-27T17:00:21+00:00","dateModified":"2018-11-27T17:17:50+00:00","mainEntityOfPage":{"@id":"https:\/\/unasp.br\/noticias\/livro-reportagem-aborda-a-realidade-das-periferias-de-sao-paulo\/"},"wordCount":530,"commentCount":0,"publisher":{"@id":"https:\/\/unasp.br\/noticias\/#organization"},"image":{"@id":"https:\/\/unasp.br\/noticias\/livro-reportagem-aborda-a-realidade-das-periferias-de-sao-paulo\/#primaryimage"},"thumbnailUrl":"https:\/\/cdn.unasp.br\/noticias\/wp-content\/uploads\/2018\/11\/27130011\/IMG_9802.jpg","articleSection":["Impacto Social"],"inLanguage":"pt-BR","potentialAction":[{"@type":"CommentAction","name":"Comment","target":["https:\/\/unasp.br\/noticias\/livro-reportagem-aborda-a-realidade-das-periferias-de-sao-paulo\/#respond"]}]},{"@type":"WebPage","@id":"https:\/\/unasp.br\/noticias\/livro-reportagem-aborda-a-realidade-das-periferias-de-sao-paulo\/","url":"https:\/\/unasp.br\/noticias\/livro-reportagem-aborda-a-realidade-das-periferias-de-sao-paulo\/","name":"Livro reportagem aborda a realidade das periferias de S\u00e3o Paulo","isPartOf":{"@id":"https:\/\/unasp.br\/noticias\/#website"},"primaryImageOfPage":{"@id":"https:\/\/unasp.br\/noticias\/livro-reportagem-aborda-a-realidade-das-periferias-de-sao-paulo\/#primaryimage"},"image":{"@id":"https:\/\/unasp.br\/noticias\/livro-reportagem-aborda-a-realidade-das-periferias-de-sao-paulo\/#primaryimage"},"thumbnailUrl":"https:\/\/cdn.unasp.br\/noticias\/wp-content\/uploads\/2018\/11\/27130011\/IMG_9802.jpg","datePublished":"2018-11-27T17:00:21+00:00","dateModified":"2018-11-27T17:17:50+00:00","description":"A aluna de jornalismo do Unasp-EC, Lia Costa, transformou hist\u00f3rias de pessoas da periferia de S\u00e3o Paulo em um livro reportagem. Fruto de seu TCC de curso.","breadcrumb":{"@id":"https:\/\/unasp.br\/noticias\/livro-reportagem-aborda-a-realidade-das-periferias-de-sao-paulo\/#breadcrumb"},"inLanguage":"pt-BR","potentialAction":[{"@type":"ReadAction","target":["https:\/\/unasp.br\/noticias\/livro-reportagem-aborda-a-realidade-das-periferias-de-sao-paulo\/"]}]},{"@type":"ImageObject","inLanguage":"pt-BR","@id":"https:\/\/unasp.br\/noticias\/livro-reportagem-aborda-a-realidade-das-periferias-de-sao-paulo\/#primaryimage","url":"https:\/\/cdn.unasp.br\/noticias\/wp-content\/uploads\/2018\/11\/27130011\/IMG_9802.jpg","contentUrl":"https:\/\/cdn.unasp.br\/noticias\/wp-content\/uploads\/2018\/11\/27130011\/IMG_9802.jpg","width":2048,"height":1365},{"@type":"BreadcrumbList","@id":"https:\/\/unasp.br\/noticias\/livro-reportagem-aborda-a-realidade-das-periferias-de-sao-paulo\/#breadcrumb","itemListElement":[{"@type":"ListItem","position":1,"name":"In\u00edcio","item":"https:\/\/unasp.br\/noticias\/"},{"@type":"ListItem","position":2,"name":"Livro-reportagem aborda a realidade das periferias de S\u00e3o Paulo"}]},{"@type":"WebSite","@id":"https:\/\/unasp.br\/noticias\/#website","url":"https:\/\/unasp.br\/noticias\/","name":"UNASP Noticias","description":"Centro Universit\u00e1rio Adventista de S\u00e3o Paulo","publisher":{"@id":"https:\/\/unasp.br\/noticias\/#organization"},"potentialAction":[{"@type":"SearchAction","target":{"@type":"EntryPoint","urlTemplate":"https:\/\/unasp.br\/noticias\/?s={search_term_string}"},"query-input":{"@type":"PropertyValueSpecification","valueRequired":true,"valueName":"search_term_string"}}],"inLanguage":"pt-BR"},{"@type":"Organization","@id":"https:\/\/unasp.br\/noticias\/#organization","name":"UNASP Noticias","url":"https:\/\/unasp.br\/noticias\/","logo":{"@type":"ImageObject","inLanguage":"pt-BR","@id":"https:\/\/unasp.br\/noticias\/#\/schema\/logo\/image\/","url":"https:\/\/cdn.unasp.br\/noticias\/wp-content\/uploads\/2021\/09\/09152724\/logo-unasp-news.png","contentUrl":"https:\/\/cdn.unasp.br\/noticias\/wp-content\/uploads\/2021\/09\/09152724\/logo-unasp-news.png","width":240,"height":41,"caption":"UNASP Noticias"},"image":{"@id":"https:\/\/unasp.br\/noticias\/#\/schema\/logo\/image\/"}},{"@type":"Person","@id":"https:\/\/unasp.br\/noticias\/#\/schema\/person\/e3b8f8e8b1d3759eda9f61d2bb12b6d7","name":"UNASP - TI-DESENVOLVIMENTO","image":{"@type":"ImageObject","inLanguage":"pt-BR","@id":"https:\/\/unasp.br\/noticias\/#\/schema\/person\/image\/","url":"https:\/\/secure.gravatar.com\/avatar\/88a02b7e6ee37f47de0ecad3877878b0?s=96&d=mm&r=g","contentUrl":"https:\/\/secure.gravatar.com\/avatar\/88a02b7e6ee37f47de0ecad3877878b0?s=96&d=mm&r=g","caption":"UNASP - TI-DESENVOLVIMENTO"},"url":"https:\/\/unasp.br\/noticias\/author\/admindefault-com\/"}]}},"_links":{"self":[{"href":"https:\/\/unasp.br\/noticias\/wp-json\/wp\/v2\/posts\/48265"}],"collection":[{"href":"https:\/\/unasp.br\/noticias\/wp-json\/wp\/v2\/posts"}],"about":[{"href":"https:\/\/unasp.br\/noticias\/wp-json\/wp\/v2\/types\/post"}],"author":[{"embeddable":true,"href":"https:\/\/unasp.br\/noticias\/wp-json\/wp\/v2\/users\/80"}],"replies":[{"embeddable":true,"href":"https:\/\/unasp.br\/noticias\/wp-json\/wp\/v2\/comments?post=48265"}],"version-history":[{"count":2,"href":"https:\/\/unasp.br\/noticias\/wp-json\/wp\/v2\/posts\/48265\/revisions"}],"predecessor-version":[{"id":48270,"href":"https:\/\/unasp.br\/noticias\/wp-json\/wp\/v2\/posts\/48265\/revisions\/48270"}],"wp:featuredmedia":[{"embeddable":true,"href":"https:\/\/unasp.br\/noticias\/wp-json\/wp\/v2\/media\/48268"}],"wp:attachment":[{"href":"https:\/\/unasp.br\/noticias\/wp-json\/wp\/v2\/media?parent=48265"}],"wp:term":[{"taxonomy":"category","embeddable":true,"href":"https:\/\/unasp.br\/noticias\/wp-json\/wp\/v2\/categories?post=48265"},{"taxonomy":"post_tag","embeddable":true,"href":"https:\/\/unasp.br\/noticias\/wp-json\/wp\/v2\/tags?post=48265"}],"curies":[{"name":"wp","href":"https:\/\/api.w.org\/{rel}","templated":true}]}}