{"id":48393,"date":"2018-11-29T10:27:14","date_gmt":"2018-11-29T12:27:14","guid":{"rendered":"https:\/\/www.unasp.br\/noticias\/?p=48393"},"modified":"2018-11-29T10:27:14","modified_gmt":"2018-11-29T12:27:14","slug":"alunas-de-jornalismo-retratam-em-livro-o-universo-do-autismo","status":"publish","type":"post","link":"https:\/\/unasp.br\/noticias\/alunas-de-jornalismo-retratam-em-livro-o-universo-do-autismo\/","title":{"rendered":"Alunas de jornalismo retratam em livro o universo do autismo"},"content":{"rendered":"<p><img loading=\"lazy\" decoding=\"async\" class=\"wp-image-48395 aligncenter\" src=\"https:\/\/www.unasp.br\/noticias\/wp-content\/uploads\/2018\/11\/tcc-autismo-jornalismo-300x200.jpg\" alt=\"\" width=\"700\" height=\"467\" srcset=\"https:\/\/cdn.unasp.br\/noticias\/wp-content\/uploads\/2018\/11\/29082134\/tcc-autismo-jornalismo-300x200.jpg 300w, https:\/\/cdn.unasp.br\/noticias\/wp-content\/uploads\/2018\/11\/29082134\/tcc-autismo-jornalismo-768x512.jpg 768w, https:\/\/cdn.unasp.br\/noticias\/wp-content\/uploads\/2018\/11\/29082134\/tcc-autismo-jornalismo-1024x683.jpg 1024w, https:\/\/cdn.unasp.br\/noticias\/wp-content\/uploads\/2018\/11\/29082134\/tcc-autismo-jornalismo-900x600.jpg 900w, https:\/\/cdn.unasp.br\/noticias\/wp-content\/uploads\/2018\/11\/29082134\/tcc-autismo-jornalismo-1200x800.jpg 1200w, https:\/\/cdn.unasp.br\/noticias\/wp-content\/uploads\/2018\/11\/29082134\/tcc-autismo-jornalismo-1080x720.jpg 1080w, https:\/\/cdn.unasp.br\/noticias\/wp-content\/uploads\/2018\/11\/29082134\/tcc-autismo-jornalismo-800x533.jpg 800w, https:\/\/cdn.unasp.br\/noticias\/wp-content\/uploads\/2018\/11\/29082134\/tcc-autismo-jornalismo-750x500.jpg 750w, https:\/\/cdn.unasp.br\/noticias\/wp-content\/uploads\/2018\/11\/29082134\/tcc-autismo-jornalismo-720x480.jpg 720w, https:\/\/cdn.unasp.br\/noticias\/wp-content\/uploads\/2018\/11\/29082134\/tcc-autismo-jornalismo-420x280.jpg 420w, https:\/\/cdn.unasp.br\/noticias\/wp-content\/uploads\/2018\/11\/29082134\/tcc-autismo-jornalismo-500x333.jpg 500w, https:\/\/cdn.unasp.br\/noticias\/wp-content\/uploads\/2018\/11\/29082134\/tcc-autismo-jornalismo-400x267.jpg 400w, https:\/\/cdn.unasp.br\/noticias\/wp-content\/uploads\/2018\/11\/29082134\/tcc-autismo-jornalismo-375x250.jpg 375w, https:\/\/cdn.unasp.br\/noticias\/wp-content\/uploads\/2018\/11\/29082134\/tcc-autismo-jornalismo-225x150.jpg 225w, https:\/\/cdn.unasp.br\/noticias\/wp-content\/uploads\/2018\/11\/29082134\/tcc-autismo-jornalismo-175x117.jpg 175w, https:\/\/cdn.unasp.br\/noticias\/wp-content\/uploads\/2018\/11\/29082134\/tcc-autismo-jornalismo-200x133.jpg 200w, https:\/\/cdn.unasp.br\/noticias\/wp-content\/uploads\/2018\/11\/29082134\/tcc-autismo-jornalismo.jpg 2048w\" sizes=\"(max-width: 700px) 100vw, 700px\" \/><\/p>\n<p style=\"text-align: center;\"><em>O livro-reportagem das alunas concluintes da faculdade de jornalismo do Unasp visou quebrar estere\u00f3tipos sobre o autismo<\/em><\/p>\n<p style=\"text-align: justify;\">Segundo dados da Organiza\u00e7\u00e3o Mundial da Sa\u00fade (OMS), no Brasil h\u00e1 cerca de dois milh\u00f5es de autistas. No mundo, este n\u00famero sobe para 70 milh\u00f5es de pessoas. Um novo relat\u00f3rio do Centro de Controle e Preven\u00e7\u00e3o de Doen\u00e7as, dos Estados Unidos, mostrou um aumento de 15% no n\u00famero de\u00a0crian\u00e7as que fazem parte do transtorno do espectro autista (TEA)\u00a0em rela\u00e7\u00e3o aos dois anos anteriores. Isso significa um caso para cada 59 crian\u00e7as (estimativas de 2014, divulgadas em abril deste ano) contra 1 em cada 68 (estimativas de 2012, divulgadas em 2016). Mesmo que os dados mostrem crescimento no n\u00famero de pessoas que tenham TEA, a sociedade como um todo, parece n\u00e3o compreender este fen\u00f4meno.<\/p>\n<p style=\"text-align: justify;\">Com inova\u00e7\u00e3o, delicadeza e dom\u00ednio da escrita, as alunas do curso de Bacharelado em Jornalismo do Centro Universit\u00e1rio<img loading=\"lazy\" decoding=\"async\" class=\"alignright wp-image-48396\" src=\"https:\/\/www.unasp.br\/noticias\/wp-content\/uploads\/2018\/11\/tcc-jornalismo-autismo-300x200.jpg\" alt=\"\" width=\"400\" height=\"267\" srcset=\"https:\/\/cdn.unasp.br\/noticias\/wp-content\/uploads\/2018\/11\/29082251\/tcc-jornalismo-autismo-300x200.jpg 300w, https:\/\/cdn.unasp.br\/noticias\/wp-content\/uploads\/2018\/11\/29082251\/tcc-jornalismo-autismo-768x512.jpg 768w, https:\/\/cdn.unasp.br\/noticias\/wp-content\/uploads\/2018\/11\/29082251\/tcc-jornalismo-autismo-1024x683.jpg 1024w, https:\/\/cdn.unasp.br\/noticias\/wp-content\/uploads\/2018\/11\/29082251\/tcc-jornalismo-autismo-900x600.jpg 900w, https:\/\/cdn.unasp.br\/noticias\/wp-content\/uploads\/2018\/11\/29082251\/tcc-jornalismo-autismo-1200x800.jpg 1200w, https:\/\/cdn.unasp.br\/noticias\/wp-content\/uploads\/2018\/11\/29082251\/tcc-jornalismo-autismo-1080x720.jpg 1080w, https:\/\/cdn.unasp.br\/noticias\/wp-content\/uploads\/2018\/11\/29082251\/tcc-jornalismo-autismo-800x533.jpg 800w, https:\/\/cdn.unasp.br\/noticias\/wp-content\/uploads\/2018\/11\/29082251\/tcc-jornalismo-autismo-750x500.jpg 750w, https:\/\/cdn.unasp.br\/noticias\/wp-content\/uploads\/2018\/11\/29082251\/tcc-jornalismo-autismo-720x480.jpg 720w, https:\/\/cdn.unasp.br\/noticias\/wp-content\/uploads\/2018\/11\/29082251\/tcc-jornalismo-autismo-420x280.jpg 420w, https:\/\/cdn.unasp.br\/noticias\/wp-content\/uploads\/2018\/11\/29082251\/tcc-jornalismo-autismo-500x333.jpg 500w, https:\/\/cdn.unasp.br\/noticias\/wp-content\/uploads\/2018\/11\/29082251\/tcc-jornalismo-autismo-400x267.jpg 400w, https:\/\/cdn.unasp.br\/noticias\/wp-content\/uploads\/2018\/11\/29082251\/tcc-jornalismo-autismo-375x250.jpg 375w, https:\/\/cdn.unasp.br\/noticias\/wp-content\/uploads\/2018\/11\/29082251\/tcc-jornalismo-autismo-225x150.jpg 225w, https:\/\/cdn.unasp.br\/noticias\/wp-content\/uploads\/2018\/11\/29082251\/tcc-jornalismo-autismo-175x117.jpg 175w, https:\/\/cdn.unasp.br\/noticias\/wp-content\/uploads\/2018\/11\/29082251\/tcc-jornalismo-autismo-200x133.jpg 200w, https:\/\/cdn.unasp.br\/noticias\/wp-content\/uploads\/2018\/11\/29082251\/tcc-jornalismo-autismo.jpg 2048w\" sizes=\"(max-width: 400px) 100vw, 400px\" \/> Adventista de S\u00e3o Paulo (Unasp), campus Engenheiro Coelho, Tha\u00eds Alencar e Victoria Coelho produziram um livro-reportagem que aborda o assunto do autismo. O livro intitulado \u201c<em>Atrav\u00e9s do Espelho: uma viagem ao universo do autismo\u201d<\/em>, foi escrito com uma figura de linguagem nada habitual. As escritoras fazem uma analogia liter\u00e1ria com a fic\u00e7\u00e3o de Lewis Carroll, <em>Alice atrav\u00e9s do espelho<\/em> (1871). Na obra de Carroll, a personagem principal consegue passar atrav\u00e9s do espelho e sair num mundo completamente diferente. Vive situa\u00e7\u00f5es engra\u00e7adas, estranhas, perigosas e absurdas, sempre de maneira natural e sem estranhamentos.<\/p>\n<p style=\"text-align: justify;\">\u201cN\u00f3s tivemos a oportunidade de trabalhar o autismo de forma inusitada. O livro-reportagem nos proporciona trabalhar temas sociais com uma abordagem liter\u00e1ria. Esta analogia entre o mundo m\u00e1gico de Alice e as vivencias \u00fanicas de cada autista fez a gente se empenhar em produzir este material\u201d conta Tha\u00eds com emo\u00e7\u00e3o. \u201cNa introdu\u00e7\u00e3o de cada cap\u00edtulo, Tha\u00eds descreve este lado do espelho mais fantasiosa e eu estou na parte real. Na realidade, \u00e9 onde apresentamos pessoas com autismo, falas de especialistas e afirma\u00e7\u00f5es que corroborem a ideia principal deste livro que \u00e9: informar a sociedade sobre um tema que \u00e9 t\u00e3o estereotipado\u201d declara Victoria.<\/p>\n<p style=\"text-align: justify;\"><img loading=\"lazy\" decoding=\"async\" class=\"alignleft wp-image-48397\" src=\"https:\/\/www.unasp.br\/noticias\/wp-content\/uploads\/2018\/11\/IMG_9892-300x200.jpg\" alt=\"\" width=\"400\" height=\"267\" srcset=\"https:\/\/cdn.unasp.br\/noticias\/wp-content\/uploads\/2018\/11\/29082351\/IMG_9892-300x200.jpg 300w, https:\/\/cdn.unasp.br\/noticias\/wp-content\/uploads\/2018\/11\/29082351\/IMG_9892-768x512.jpg 768w, https:\/\/cdn.unasp.br\/noticias\/wp-content\/uploads\/2018\/11\/29082351\/IMG_9892-1024x683.jpg 1024w, https:\/\/cdn.unasp.br\/noticias\/wp-content\/uploads\/2018\/11\/29082351\/IMG_9892-900x600.jpg 900w, https:\/\/cdn.unasp.br\/noticias\/wp-content\/uploads\/2018\/11\/29082351\/IMG_9892-1200x800.jpg 1200w, https:\/\/cdn.unasp.br\/noticias\/wp-content\/uploads\/2018\/11\/29082351\/IMG_9892-1080x720.jpg 1080w, https:\/\/cdn.unasp.br\/noticias\/wp-content\/uploads\/2018\/11\/29082351\/IMG_9892-800x533.jpg 800w, https:\/\/cdn.unasp.br\/noticias\/wp-content\/uploads\/2018\/11\/29082351\/IMG_9892-750x500.jpg 750w, https:\/\/cdn.unasp.br\/noticias\/wp-content\/uploads\/2018\/11\/29082351\/IMG_9892-720x480.jpg 720w, https:\/\/cdn.unasp.br\/noticias\/wp-content\/uploads\/2018\/11\/29082351\/IMG_9892-420x280.jpg 420w, https:\/\/cdn.unasp.br\/noticias\/wp-content\/uploads\/2018\/11\/29082351\/IMG_9892-500x333.jpg 500w, https:\/\/cdn.unasp.br\/noticias\/wp-content\/uploads\/2018\/11\/29082351\/IMG_9892-400x267.jpg 400w, https:\/\/cdn.unasp.br\/noticias\/wp-content\/uploads\/2018\/11\/29082351\/IMG_9892-375x250.jpg 375w, https:\/\/cdn.unasp.br\/noticias\/wp-content\/uploads\/2018\/11\/29082351\/IMG_9892-225x150.jpg 225w, https:\/\/cdn.unasp.br\/noticias\/wp-content\/uploads\/2018\/11\/29082351\/IMG_9892-175x117.jpg 175w, https:\/\/cdn.unasp.br\/noticias\/wp-content\/uploads\/2018\/11\/29082351\/IMG_9892-200x133.jpg 200w, https:\/\/cdn.unasp.br\/noticias\/wp-content\/uploads\/2018\/11\/29082351\/IMG_9892.jpg 2048w\" sizes=\"(max-width: 400px) 100vw, 400px\" \/>Al\u00e9m de terem estudado por quatro anos juntas no curso e terem escrito um livro-reportagem em dupla estar\u00e1 mais dois anos pr\u00f3ximas, pois Tha\u00eds e Vict\u00f3ria prestaram as provas e foram aprovadas no curso de p\u00f3s-gradua\u00e7\u00e3o do mestrado em Divulga\u00e7\u00e3o Cient\u00edfica e Cultural da Unicamp, uma das p\u00f3s-gradua\u00e7\u00f5es mais conceituadas na Am\u00e9rica Latina vinculado ao Laborat\u00f3rio de Estudos Avan\u00e7ados em Jornalismo (Labjor).<\/p>\n","protected":false},"excerpt":{"rendered":"<p>O livro-reportagem das alunas concluintes da faculdade de jornalismo do Unasp visou quebrar estere\u00f3tipos sobre o autismo [&hellip;]<\/p>\n","protected":false},"author":80,"featured_media":48398,"comment_status":"open","ping_status":"open","sticky":false,"template":"","format":"standard","meta":{"footnotes":""},"categories":[10],"tags":[],"yoast_head":"<!-- This site is optimized with the Yoast SEO plugin v23.5 - https:\/\/yoast.com\/wordpress\/plugins\/seo\/ -->\n<title>Alunas de jornalismo retratam em livro o universo do autismo<\/title>\n<meta name=\"description\" content=\"O livro-reportagem produzido pelas alunas concluintes de jornalismo do Unasp, campus Engenheiro Coelho, \u00e9 um convite para uma nova vis\u00e3o sobre autismo.\" \/>\n<meta name=\"robots\" content=\"index, follow, max-snippet:-1, max-image-preview:large, max-video-preview:-1\" \/>\n<link rel=\"canonical\" href=\"https:\/\/unasp.br\/noticias\/alunas-de-jornalismo-retratam-em-livro-o-universo-do-autismo\/\" \/>\n<meta property=\"og:locale\" content=\"pt_BR\" \/>\n<meta property=\"og:type\" content=\"article\" \/>\n<meta property=\"og:title\" content=\"Alunas de jornalismo retratam em livro o universo do autismo\" \/>\n<meta property=\"og:description\" content=\"O livro-reportagem produzido pelas alunas concluintes de jornalismo do Unasp, campus Engenheiro Coelho, \u00e9 um convite para uma nova vis\u00e3o sobre autismo.\" \/>\n<meta property=\"og:url\" content=\"https:\/\/unasp.br\/noticias\/alunas-de-jornalismo-retratam-em-livro-o-universo-do-autismo\/\" \/>\n<meta property=\"og:site_name\" content=\"UNASP Noticias\" \/>\n<meta property=\"article:published_time\" content=\"2018-11-29T12:27:14+00:00\" \/>\n<meta property=\"og:image\" content=\"https:\/\/cdn.unasp.br\/noticias\/wp-content\/uploads\/2018\/11\/29082509\/tcc-atrav%C3%A9s-do-espelho.jpg\" \/>\n\t<meta property=\"og:image:width\" content=\"2048\" \/>\n\t<meta property=\"og:image:height\" content=\"1365\" \/>\n\t<meta property=\"og:image:type\" content=\"image\/jpeg\" \/>\n<meta name=\"author\" content=\"UNASP - TI-DESENVOLVIMENTO\" \/>\n<meta name=\"twitter:card\" content=\"summary_large_image\" \/>\n<meta name=\"twitter:label1\" content=\"Escrito por\" \/>\n\t<meta name=\"twitter:data1\" content=\"UNASP - TI-DESENVOLVIMENTO\" \/>\n\t<meta name=\"twitter:label2\" content=\"Est. tempo de leitura\" \/>\n\t<meta name=\"twitter:data2\" content=\"2 minutos\" \/>\n<script type=\"application\/ld+json\" class=\"yoast-schema-graph\">{\"@context\":\"https:\/\/schema.org\",\"@graph\":[{\"@type\":\"Article\",\"@id\":\"https:\/\/unasp.br\/noticias\/alunas-de-jornalismo-retratam-em-livro-o-universo-do-autismo\/#article\",\"isPartOf\":{\"@id\":\"https:\/\/unasp.br\/noticias\/alunas-de-jornalismo-retratam-em-livro-o-universo-do-autismo\/\"},\"author\":{\"name\":\"UNASP - TI-DESENVOLVIMENTO\",\"@id\":\"https:\/\/unasp.br\/noticias\/#\/schema\/person\/e3b8f8e8b1d3759eda9f61d2bb12b6d7\"},\"headline\":\"Alunas de jornalismo retratam em livro o universo do autismo\",\"datePublished\":\"2018-11-29T12:27:14+00:00\",\"dateModified\":\"2018-11-29T12:27:14+00:00\",\"mainEntityOfPage\":{\"@id\":\"https:\/\/unasp.br\/noticias\/alunas-de-jornalismo-retratam-em-livro-o-universo-do-autismo\/\"},\"wordCount\":456,\"commentCount\":0,\"publisher\":{\"@id\":\"https:\/\/unasp.br\/noticias\/#organization\"},\"image\":{\"@id\":\"https:\/\/unasp.br\/noticias\/alunas-de-jornalismo-retratam-em-livro-o-universo-do-autismo\/#primaryimage\"},\"thumbnailUrl\":\"https:\/\/cdn.unasp.br\/noticias\/wp-content\/uploads\/2018\/11\/29082509\/tcc-atrav%C3%A9s-do-espelho.jpg\",\"articleSection\":[\"Impacto Social\"],\"inLanguage\":\"pt-BR\",\"potentialAction\":[{\"@type\":\"CommentAction\",\"name\":\"Comment\",\"target\":[\"https:\/\/unasp.br\/noticias\/alunas-de-jornalismo-retratam-em-livro-o-universo-do-autismo\/#respond\"]}]},{\"@type\":\"WebPage\",\"@id\":\"https:\/\/unasp.br\/noticias\/alunas-de-jornalismo-retratam-em-livro-o-universo-do-autismo\/\",\"url\":\"https:\/\/unasp.br\/noticias\/alunas-de-jornalismo-retratam-em-livro-o-universo-do-autismo\/\",\"name\":\"Alunas de jornalismo retratam em livro o universo do autismo\",\"isPartOf\":{\"@id\":\"https:\/\/unasp.br\/noticias\/#website\"},\"primaryImageOfPage\":{\"@id\":\"https:\/\/unasp.br\/noticias\/alunas-de-jornalismo-retratam-em-livro-o-universo-do-autismo\/#primaryimage\"},\"image\":{\"@id\":\"https:\/\/unasp.br\/noticias\/alunas-de-jornalismo-retratam-em-livro-o-universo-do-autismo\/#primaryimage\"},\"thumbnailUrl\":\"https:\/\/cdn.unasp.br\/noticias\/wp-content\/uploads\/2018\/11\/29082509\/tcc-atrav%C3%A9s-do-espelho.jpg\",\"datePublished\":\"2018-11-29T12:27:14+00:00\",\"dateModified\":\"2018-11-29T12:27:14+00:00\",\"description\":\"O livro-reportagem produzido pelas alunas concluintes de jornalismo do Unasp, campus Engenheiro Coelho, \u00e9 um convite para uma nova vis\u00e3o sobre autismo.\",\"breadcrumb\":{\"@id\":\"https:\/\/unasp.br\/noticias\/alunas-de-jornalismo-retratam-em-livro-o-universo-do-autismo\/#breadcrumb\"},\"inLanguage\":\"pt-BR\",\"potentialAction\":[{\"@type\":\"ReadAction\",\"target\":[\"https:\/\/unasp.br\/noticias\/alunas-de-jornalismo-retratam-em-livro-o-universo-do-autismo\/\"]}]},{\"@type\":\"ImageObject\",\"inLanguage\":\"pt-BR\",\"@id\":\"https:\/\/unasp.br\/noticias\/alunas-de-jornalismo-retratam-em-livro-o-universo-do-autismo\/#primaryimage\",\"url\":\"https:\/\/cdn.unasp.br\/noticias\/wp-content\/uploads\/2018\/11\/29082509\/tcc-atrav%C3%A9s-do-espelho.jpg\",\"contentUrl\":\"https:\/\/cdn.unasp.br\/noticias\/wp-content\/uploads\/2018\/11\/29082509\/tcc-atrav%C3%A9s-do-espelho.jpg\",\"width\":2048,\"height\":1365},{\"@type\":\"BreadcrumbList\",\"@id\":\"https:\/\/unasp.br\/noticias\/alunas-de-jornalismo-retratam-em-livro-o-universo-do-autismo\/#breadcrumb\",\"itemListElement\":[{\"@type\":\"ListItem\",\"position\":1,\"name\":\"In\u00edcio\",\"item\":\"https:\/\/unasp.br\/noticias\/\"},{\"@type\":\"ListItem\",\"position\":2,\"name\":\"Alunas de jornalismo retratam em livro o universo do autismo\"}]},{\"@type\":\"WebSite\",\"@id\":\"https:\/\/unasp.br\/noticias\/#website\",\"url\":\"https:\/\/unasp.br\/noticias\/\",\"name\":\"UNASP Noticias\",\"description\":\"Centro Universit\u00e1rio Adventista de S\u00e3o Paulo\",\"publisher\":{\"@id\":\"https:\/\/unasp.br\/noticias\/#organization\"},\"potentialAction\":[{\"@type\":\"SearchAction\",\"target\":{\"@type\":\"EntryPoint\",\"urlTemplate\":\"https:\/\/unasp.br\/noticias\/?s={search_term_string}\"},\"query-input\":{\"@type\":\"PropertyValueSpecification\",\"valueRequired\":true,\"valueName\":\"search_term_string\"}}],\"inLanguage\":\"pt-BR\"},{\"@type\":\"Organization\",\"@id\":\"https:\/\/unasp.br\/noticias\/#organization\",\"name\":\"UNASP Noticias\",\"url\":\"https:\/\/unasp.br\/noticias\/\",\"logo\":{\"@type\":\"ImageObject\",\"inLanguage\":\"pt-BR\",\"@id\":\"https:\/\/unasp.br\/noticias\/#\/schema\/logo\/image\/\",\"url\":\"https:\/\/cdn.unasp.br\/noticias\/wp-content\/uploads\/2021\/09\/09152724\/logo-unasp-news.png\",\"contentUrl\":\"https:\/\/cdn.unasp.br\/noticias\/wp-content\/uploads\/2021\/09\/09152724\/logo-unasp-news.png\",\"width\":240,\"height\":41,\"caption\":\"UNASP Noticias\"},\"image\":{\"@id\":\"https:\/\/unasp.br\/noticias\/#\/schema\/logo\/image\/\"}},{\"@type\":\"Person\",\"@id\":\"https:\/\/unasp.br\/noticias\/#\/schema\/person\/e3b8f8e8b1d3759eda9f61d2bb12b6d7\",\"name\":\"UNASP - TI-DESENVOLVIMENTO\",\"image\":{\"@type\":\"ImageObject\",\"inLanguage\":\"pt-BR\",\"@id\":\"https:\/\/unasp.br\/noticias\/#\/schema\/person\/image\/\",\"url\":\"https:\/\/secure.gravatar.com\/avatar\/88a02b7e6ee37f47de0ecad3877878b0?s=96&d=mm&r=g\",\"contentUrl\":\"https:\/\/secure.gravatar.com\/avatar\/88a02b7e6ee37f47de0ecad3877878b0?s=96&d=mm&r=g\",\"caption\":\"UNASP - TI-DESENVOLVIMENTO\"},\"url\":\"https:\/\/unasp.br\/noticias\/author\/admindefault-com\/\"}]}<\/script>\n<!-- \/ Yoast SEO plugin. -->","yoast_head_json":{"title":"Alunas de jornalismo retratam em livro o universo do autismo","description":"O livro-reportagem produzido pelas alunas concluintes de jornalismo do Unasp, campus Engenheiro Coelho, \u00e9 um convite para uma nova vis\u00e3o sobre autismo.","robots":{"index":"index","follow":"follow","max-snippet":"max-snippet:-1","max-image-preview":"max-image-preview:large","max-video-preview":"max-video-preview:-1"},"canonical":"https:\/\/unasp.br\/noticias\/alunas-de-jornalismo-retratam-em-livro-o-universo-do-autismo\/","og_locale":"pt_BR","og_type":"article","og_title":"Alunas de jornalismo retratam em livro o universo do autismo","og_description":"O livro-reportagem produzido pelas alunas concluintes de jornalismo do Unasp, campus Engenheiro Coelho, \u00e9 um convite para uma nova vis\u00e3o sobre autismo.","og_url":"https:\/\/unasp.br\/noticias\/alunas-de-jornalismo-retratam-em-livro-o-universo-do-autismo\/","og_site_name":"UNASP Noticias","article_published_time":"2018-11-29T12:27:14+00:00","og_image":[{"width":2048,"height":1365,"url":"https:\/\/cdn.unasp.br\/noticias\/wp-content\/uploads\/2018\/11\/29082509\/tcc-atrav%C3%A9s-do-espelho.jpg","type":"image\/jpeg"}],"author":"UNASP - TI-DESENVOLVIMENTO","twitter_card":"summary_large_image","twitter_misc":{"Escrito por":"UNASP - TI-DESENVOLVIMENTO","Est. tempo de leitura":"2 minutos"},"schema":{"@context":"https:\/\/schema.org","@graph":[{"@type":"Article","@id":"https:\/\/unasp.br\/noticias\/alunas-de-jornalismo-retratam-em-livro-o-universo-do-autismo\/#article","isPartOf":{"@id":"https:\/\/unasp.br\/noticias\/alunas-de-jornalismo-retratam-em-livro-o-universo-do-autismo\/"},"author":{"name":"UNASP - TI-DESENVOLVIMENTO","@id":"https:\/\/unasp.br\/noticias\/#\/schema\/person\/e3b8f8e8b1d3759eda9f61d2bb12b6d7"},"headline":"Alunas de jornalismo retratam em livro o universo do autismo","datePublished":"2018-11-29T12:27:14+00:00","dateModified":"2018-11-29T12:27:14+00:00","mainEntityOfPage":{"@id":"https:\/\/unasp.br\/noticias\/alunas-de-jornalismo-retratam-em-livro-o-universo-do-autismo\/"},"wordCount":456,"commentCount":0,"publisher":{"@id":"https:\/\/unasp.br\/noticias\/#organization"},"image":{"@id":"https:\/\/unasp.br\/noticias\/alunas-de-jornalismo-retratam-em-livro-o-universo-do-autismo\/#primaryimage"},"thumbnailUrl":"https:\/\/cdn.unasp.br\/noticias\/wp-content\/uploads\/2018\/11\/29082509\/tcc-atrav%C3%A9s-do-espelho.jpg","articleSection":["Impacto Social"],"inLanguage":"pt-BR","potentialAction":[{"@type":"CommentAction","name":"Comment","target":["https:\/\/unasp.br\/noticias\/alunas-de-jornalismo-retratam-em-livro-o-universo-do-autismo\/#respond"]}]},{"@type":"WebPage","@id":"https:\/\/unasp.br\/noticias\/alunas-de-jornalismo-retratam-em-livro-o-universo-do-autismo\/","url":"https:\/\/unasp.br\/noticias\/alunas-de-jornalismo-retratam-em-livro-o-universo-do-autismo\/","name":"Alunas de jornalismo retratam em livro o universo do autismo","isPartOf":{"@id":"https:\/\/unasp.br\/noticias\/#website"},"primaryImageOfPage":{"@id":"https:\/\/unasp.br\/noticias\/alunas-de-jornalismo-retratam-em-livro-o-universo-do-autismo\/#primaryimage"},"image":{"@id":"https:\/\/unasp.br\/noticias\/alunas-de-jornalismo-retratam-em-livro-o-universo-do-autismo\/#primaryimage"},"thumbnailUrl":"https:\/\/cdn.unasp.br\/noticias\/wp-content\/uploads\/2018\/11\/29082509\/tcc-atrav%C3%A9s-do-espelho.jpg","datePublished":"2018-11-29T12:27:14+00:00","dateModified":"2018-11-29T12:27:14+00:00","description":"O livro-reportagem produzido pelas alunas concluintes de jornalismo do Unasp, campus Engenheiro Coelho, \u00e9 um convite para uma nova vis\u00e3o sobre autismo.","breadcrumb":{"@id":"https:\/\/unasp.br\/noticias\/alunas-de-jornalismo-retratam-em-livro-o-universo-do-autismo\/#breadcrumb"},"inLanguage":"pt-BR","potentialAction":[{"@type":"ReadAction","target":["https:\/\/unasp.br\/noticias\/alunas-de-jornalismo-retratam-em-livro-o-universo-do-autismo\/"]}]},{"@type":"ImageObject","inLanguage":"pt-BR","@id":"https:\/\/unasp.br\/noticias\/alunas-de-jornalismo-retratam-em-livro-o-universo-do-autismo\/#primaryimage","url":"https:\/\/cdn.unasp.br\/noticias\/wp-content\/uploads\/2018\/11\/29082509\/tcc-atrav%C3%A9s-do-espelho.jpg","contentUrl":"https:\/\/cdn.unasp.br\/noticias\/wp-content\/uploads\/2018\/11\/29082509\/tcc-atrav%C3%A9s-do-espelho.jpg","width":2048,"height":1365},{"@type":"BreadcrumbList","@id":"https:\/\/unasp.br\/noticias\/alunas-de-jornalismo-retratam-em-livro-o-universo-do-autismo\/#breadcrumb","itemListElement":[{"@type":"ListItem","position":1,"name":"In\u00edcio","item":"https:\/\/unasp.br\/noticias\/"},{"@type":"ListItem","position":2,"name":"Alunas de jornalismo retratam em livro o universo do autismo"}]},{"@type":"WebSite","@id":"https:\/\/unasp.br\/noticias\/#website","url":"https:\/\/unasp.br\/noticias\/","name":"UNASP Noticias","description":"Centro Universit\u00e1rio Adventista de S\u00e3o Paulo","publisher":{"@id":"https:\/\/unasp.br\/noticias\/#organization"},"potentialAction":[{"@type":"SearchAction","target":{"@type":"EntryPoint","urlTemplate":"https:\/\/unasp.br\/noticias\/?s={search_term_string}"},"query-input":{"@type":"PropertyValueSpecification","valueRequired":true,"valueName":"search_term_string"}}],"inLanguage":"pt-BR"},{"@type":"Organization","@id":"https:\/\/unasp.br\/noticias\/#organization","name":"UNASP Noticias","url":"https:\/\/unasp.br\/noticias\/","logo":{"@type":"ImageObject","inLanguage":"pt-BR","@id":"https:\/\/unasp.br\/noticias\/#\/schema\/logo\/image\/","url":"https:\/\/cdn.unasp.br\/noticias\/wp-content\/uploads\/2021\/09\/09152724\/logo-unasp-news.png","contentUrl":"https:\/\/cdn.unasp.br\/noticias\/wp-content\/uploads\/2021\/09\/09152724\/logo-unasp-news.png","width":240,"height":41,"caption":"UNASP Noticias"},"image":{"@id":"https:\/\/unasp.br\/noticias\/#\/schema\/logo\/image\/"}},{"@type":"Person","@id":"https:\/\/unasp.br\/noticias\/#\/schema\/person\/e3b8f8e8b1d3759eda9f61d2bb12b6d7","name":"UNASP - TI-DESENVOLVIMENTO","image":{"@type":"ImageObject","inLanguage":"pt-BR","@id":"https:\/\/unasp.br\/noticias\/#\/schema\/person\/image\/","url":"https:\/\/secure.gravatar.com\/avatar\/88a02b7e6ee37f47de0ecad3877878b0?s=96&d=mm&r=g","contentUrl":"https:\/\/secure.gravatar.com\/avatar\/88a02b7e6ee37f47de0ecad3877878b0?s=96&d=mm&r=g","caption":"UNASP - TI-DESENVOLVIMENTO"},"url":"https:\/\/unasp.br\/noticias\/author\/admindefault-com\/"}]}},"_links":{"self":[{"href":"https:\/\/unasp.br\/noticias\/wp-json\/wp\/v2\/posts\/48393"}],"collection":[{"href":"https:\/\/unasp.br\/noticias\/wp-json\/wp\/v2\/posts"}],"about":[{"href":"https:\/\/unasp.br\/noticias\/wp-json\/wp\/v2\/types\/post"}],"author":[{"embeddable":true,"href":"https:\/\/unasp.br\/noticias\/wp-json\/wp\/v2\/users\/80"}],"replies":[{"embeddable":true,"href":"https:\/\/unasp.br\/noticias\/wp-json\/wp\/v2\/comments?post=48393"}],"version-history":[{"count":1,"href":"https:\/\/unasp.br\/noticias\/wp-json\/wp\/v2\/posts\/48393\/revisions"}],"predecessor-version":[{"id":48399,"href":"https:\/\/unasp.br\/noticias\/wp-json\/wp\/v2\/posts\/48393\/revisions\/48399"}],"wp:featuredmedia":[{"embeddable":true,"href":"https:\/\/unasp.br\/noticias\/wp-json\/wp\/v2\/media\/48398"}],"wp:attachment":[{"href":"https:\/\/unasp.br\/noticias\/wp-json\/wp\/v2\/media?parent=48393"}],"wp:term":[{"taxonomy":"category","embeddable":true,"href":"https:\/\/unasp.br\/noticias\/wp-json\/wp\/v2\/categories?post=48393"},{"taxonomy":"post_tag","embeddable":true,"href":"https:\/\/unasp.br\/noticias\/wp-json\/wp\/v2\/tags?post=48393"}],"curies":[{"name":"wp","href":"https:\/\/api.w.org\/{rel}","templated":true}]}}