{"id":53737,"date":"2019-02-27T12:09:50","date_gmt":"2019-02-27T15:09:50","guid":{"rendered":"https:\/\/www.unasp.br\/noticias\/?p=53737"},"modified":"2019-02-27T12:14:20","modified_gmt":"2019-02-27T15:14:20","slug":"alunos-do-colegio-unasp-participam-de-caminhada-da-saude","status":"publish","type":"post","link":"https:\/\/unasp.br\/noticias\/alunos-do-colegio-unasp-participam-de-caminhada-da-saude\/","title":{"rendered":"Alunos do Col\u00e9gio Unasp participam de caminhada da sa\u00fade"},"content":{"rendered":"<p><img loading=\"lazy\" decoding=\"async\" class=\"aligncenter wp-image-53738\" src=\"https:\/\/www.unasp.br\/noticias\/wp-content\/uploads\/2019\/02\/bal\u00f5es-na-caminhada-da-sa\u00fade-col\u00e9gio-Unasp-ec.jpg\" alt=\"\" width=\"700\" height=\"467\" srcset=\"https:\/\/cdn.unasp.br\/noticias\/wp-content\/uploads\/2019\/02\/27090034\/bal%C3%B5es-na-caminhada-da-sa%C3%BAde-col%C3%A9gio-Unasp-ec.jpg 2048w, https:\/\/cdn.unasp.br\/noticias\/wp-content\/uploads\/2019\/02\/27090034\/bal%C3%B5es-na-caminhada-da-sa%C3%BAde-col%C3%A9gio-Unasp-ec-300x200.jpg 300w, https:\/\/cdn.unasp.br\/noticias\/wp-content\/uploads\/2019\/02\/27090034\/bal%C3%B5es-na-caminhada-da-sa%C3%BAde-col%C3%A9gio-Unasp-ec-768x512.jpg 768w, https:\/\/cdn.unasp.br\/noticias\/wp-content\/uploads\/2019\/02\/27090034\/bal%C3%B5es-na-caminhada-da-sa%C3%BAde-col%C3%A9gio-Unasp-ec-1024x683.jpg 1024w, https:\/\/cdn.unasp.br\/noticias\/wp-content\/uploads\/2019\/02\/27090034\/bal%C3%B5es-na-caminhada-da-sa%C3%BAde-col%C3%A9gio-Unasp-ec-900x600.jpg 900w, https:\/\/cdn.unasp.br\/noticias\/wp-content\/uploads\/2019\/02\/27090034\/bal%C3%B5es-na-caminhada-da-sa%C3%BAde-col%C3%A9gio-Unasp-ec-1200x800.jpg 1200w, https:\/\/cdn.unasp.br\/noticias\/wp-content\/uploads\/2019\/02\/27090034\/bal%C3%B5es-na-caminhada-da-sa%C3%BAde-col%C3%A9gio-Unasp-ec-1080x720.jpg 1080w, https:\/\/cdn.unasp.br\/noticias\/wp-content\/uploads\/2019\/02\/27090034\/bal%C3%B5es-na-caminhada-da-sa%C3%BAde-col%C3%A9gio-Unasp-ec-800x533.jpg 800w, https:\/\/cdn.unasp.br\/noticias\/wp-content\/uploads\/2019\/02\/27090034\/bal%C3%B5es-na-caminhada-da-sa%C3%BAde-col%C3%A9gio-Unasp-ec-750x500.jpg 750w, https:\/\/cdn.unasp.br\/noticias\/wp-content\/uploads\/2019\/02\/27090034\/bal%C3%B5es-na-caminhada-da-sa%C3%BAde-col%C3%A9gio-Unasp-ec-720x480.jpg 720w, https:\/\/cdn.unasp.br\/noticias\/wp-content\/uploads\/2019\/02\/27090034\/bal%C3%B5es-na-caminhada-da-sa%C3%BAde-col%C3%A9gio-Unasp-ec-420x280.jpg 420w, https:\/\/cdn.unasp.br\/noticias\/wp-content\/uploads\/2019\/02\/27090034\/bal%C3%B5es-na-caminhada-da-sa%C3%BAde-col%C3%A9gio-Unasp-ec-500x333.jpg 500w, https:\/\/cdn.unasp.br\/noticias\/wp-content\/uploads\/2019\/02\/27090034\/bal%C3%B5es-na-caminhada-da-sa%C3%BAde-col%C3%A9gio-Unasp-ec-400x267.jpg 400w, https:\/\/cdn.unasp.br\/noticias\/wp-content\/uploads\/2019\/02\/27090034\/bal%C3%B5es-na-caminhada-da-sa%C3%BAde-col%C3%A9gio-Unasp-ec-375x250.jpg 375w, https:\/\/cdn.unasp.br\/noticias\/wp-content\/uploads\/2019\/02\/27090034\/bal%C3%B5es-na-caminhada-da-sa%C3%BAde-col%C3%A9gio-Unasp-ec-225x150.jpg 225w, https:\/\/cdn.unasp.br\/noticias\/wp-content\/uploads\/2019\/02\/27090034\/bal%C3%B5es-na-caminhada-da-sa%C3%BAde-col%C3%A9gio-Unasp-ec-175x117.jpg 175w, https:\/\/cdn.unasp.br\/noticias\/wp-content\/uploads\/2019\/02\/27090034\/bal%C3%B5es-na-caminhada-da-sa%C3%BAde-col%C3%A9gio-Unasp-ec-200x133.jpg 200w\" sizes=\"(max-width: 700px) 100vw, 700px\" \/><\/p>\n<p style=\"text-align: center;\"><em>Bal\u00f5es com mensagens de motiva\u00e7\u00e3o trouxeram cor ao c\u00e9u de Engenheiro Coelho<\/em><\/p>\n<p style=\"text-align: justify;\">O dia amanheceu nublado e tudo indicava uma manh\u00e3 chuvosa. O in\u00edcio da tarde foi de chuva intensa. Mas o clima n\u00e3o foi um empecilho para os quase mil alunos do Col\u00e9gio Unasp que sa\u00edram nesta segunda-feira (26) em uma caminhada de um quil\u00f4metro e meio em prol da sa\u00fade.<\/p>\n<p style=\"text-align: justify;\">A atividade foi realizada pela manh\u00e3, com quase 700 alunos do Ensino Fundamental I at\u00e9 o 3\u00b0 ano do Ensino M\u00e9dio, e tamb\u00e9m a tarde com os estudantes do per\u00edodo vespertino. Alunos, professores, monitores e demais gestores do col\u00e9gio sa\u00edram com bal\u00f5es coloridos nas m\u00e3os entoando can\u00e7\u00f5es e dizeres de incentivo a atividade f\u00edsica.<\/p>\n<p style=\"text-align: justify;\">O diretor da escola, Henrique Romaneli, destacou a import\u00e2ncia de trabalhar esse assunto entre os menores. \u201cTodo conte\u00fado <img loading=\"lazy\" decoding=\"async\" class=\"alignleft wp-image-53739\" src=\"https:\/\/www.unasp.br\/noticias\/wp-content\/uploads\/2019\/02\/caminhada-saude-unasp-ec-300x200.jpg\" alt=\"\" width=\"400\" height=\"267\" srcset=\"https:\/\/cdn.unasp.br\/noticias\/wp-content\/uploads\/2019\/02\/27090545\/caminhada-saude-unasp-ec-300x200.jpg 300w, https:\/\/cdn.unasp.br\/noticias\/wp-content\/uploads\/2019\/02\/27090545\/caminhada-saude-unasp-ec-768x512.jpg 768w, https:\/\/cdn.unasp.br\/noticias\/wp-content\/uploads\/2019\/02\/27090545\/caminhada-saude-unasp-ec-1024x683.jpg 1024w, https:\/\/cdn.unasp.br\/noticias\/wp-content\/uploads\/2019\/02\/27090545\/caminhada-saude-unasp-ec-900x600.jpg 900w, https:\/\/cdn.unasp.br\/noticias\/wp-content\/uploads\/2019\/02\/27090545\/caminhada-saude-unasp-ec-1200x800.jpg 1200w, https:\/\/cdn.unasp.br\/noticias\/wp-content\/uploads\/2019\/02\/27090545\/caminhada-saude-unasp-ec-1080x720.jpg 1080w, https:\/\/cdn.unasp.br\/noticias\/wp-content\/uploads\/2019\/02\/27090545\/caminhada-saude-unasp-ec-800x533.jpg 800w, https:\/\/cdn.unasp.br\/noticias\/wp-content\/uploads\/2019\/02\/27090545\/caminhada-saude-unasp-ec-750x500.jpg 750w, https:\/\/cdn.unasp.br\/noticias\/wp-content\/uploads\/2019\/02\/27090545\/caminhada-saude-unasp-ec-720x480.jpg 720w, https:\/\/cdn.unasp.br\/noticias\/wp-content\/uploads\/2019\/02\/27090545\/caminhada-saude-unasp-ec-420x280.jpg 420w, https:\/\/cdn.unasp.br\/noticias\/wp-content\/uploads\/2019\/02\/27090545\/caminhada-saude-unasp-ec-500x333.jpg 500w, https:\/\/cdn.unasp.br\/noticias\/wp-content\/uploads\/2019\/02\/27090545\/caminhada-saude-unasp-ec-400x267.jpg 400w, https:\/\/cdn.unasp.br\/noticias\/wp-content\/uploads\/2019\/02\/27090545\/caminhada-saude-unasp-ec-375x250.jpg 375w, https:\/\/cdn.unasp.br\/noticias\/wp-content\/uploads\/2019\/02\/27090545\/caminhada-saude-unasp-ec-225x150.jpg 225w, https:\/\/cdn.unasp.br\/noticias\/wp-content\/uploads\/2019\/02\/27090545\/caminhada-saude-unasp-ec-175x117.jpg 175w, https:\/\/cdn.unasp.br\/noticias\/wp-content\/uploads\/2019\/02\/27090545\/caminhada-saude-unasp-ec-200x133.jpg 200w, https:\/\/cdn.unasp.br\/noticias\/wp-content\/uploads\/2019\/02\/27090545\/caminhada-saude-unasp-ec.jpg 2048w\" sizes=\"(max-width: 400px) 100vw, 400px\" \/>ensinado a crian\u00e7a na escola, automaticamente \u00e9 replicado em casa. E isso ajuda a melhorar a sa\u00fade de toda a fam\u00edlia\u201d, destacou o gestor.<\/p>\n<p style=\"text-align: justify;\">\u201cO projeto \u00e9 muito importante porque ajuda a desenvolver nosso corpo e a mensagem dentro dos bal\u00f5es vai incentivar as outras pessoas a se exercitarem tamb\u00e9m\u201d, explicou sorridente a aluna do 8\u00b0 ano, Giovanna de S\u00e1, que se exercitava durante todo o trajeto com as demais crian\u00e7as.<\/p>\n<p style=\"text-align: justify;\">A caminhada terminou na rotat\u00f3ria da bandeira, ponto conhecido do Unasp. No local, os alunos participaram de um alongamento e ap\u00f3s uma contagem regressiva soltaram as bexigas pelo c\u00e9u da cidade. O objetivo \u00e9 alcan\u00e7ar moradores da regi\u00e3o e conscientiz\u00e1-los sobre a import\u00e2ncia de cuidar da sa\u00fade.<\/p>\n<p style=\"text-align: justify;\">Para o professor de Educa\u00e7\u00e3o F\u00edsica Andr\u00e9 Carvalho a atividade proporciona maior interatividade dos alunos com assuntos ligados a sa\u00fade e qualidade de vida. \u201cEles come\u00e7am a perceber desde cedo, atrav\u00e9s do projeto pedag\u00f3gico, em momentos de conscientiza\u00e7\u00e3o corporal e de atitudes relacionadas a qualidade de vida a import\u00e2ncia de se manter h\u00e1bitos saud\u00e1veis\u201d, acrescentou o docente.<\/p>\n<p style=\"text-align: justify;\"><strong>Escola de Esportes<\/strong><\/p>\n<p style=\"text-align: justify;\">Ap\u00f3s uma pesquisa realizada entre alunos da escola e comunidade acad\u00eamica do Unasp, o col\u00e9gio montou o projeto Escola de Esportes, que a partir do m\u00eas de mar\u00e7o ir\u00e1 oferecer modalidades esportivas diversas para estudantes da institui\u00e7\u00e3o e moradores da regi\u00e3o.<\/p>\n<p style=\"text-align: justify;\">\u00a0\u201cEstamos com um projeto de Escola de Esportes para que todos os alunos continuem desenvolvendo as suas habilidades, e iremos oferecer esportes como nata\u00e7\u00e3o, v\u00f4lei, gin\u00e1stica r\u00edtmica, dentre outros\u201d, explicou a orientadora educacional, Tatiana Palamini.<\/p>\n<p style=\"text-align: justify;\"><strong>Vida E Sa\u00fade<\/strong><\/p>\n<p style=\"text-align: justify;\">A a\u00e7\u00e3o desta segunda-feira faz parte do projeto \u201cVida e Sa\u00fade\u201d planejado para ser aplicado em todas as escolas da rede<img loading=\"lazy\" decoding=\"async\" class=\"alignright wp-image-53740\" src=\"https:\/\/www.unasp.br\/noticias\/wp-content\/uploads\/2019\/02\/caminhada-da-sa\u00fade-col\u00e9gio-unasp.jpg\" alt=\"\" width=\"400\" height=\"267\" srcset=\"https:\/\/cdn.unasp.br\/noticias\/wp-content\/uploads\/2019\/02\/27090917\/caminhada-da-sa%C3%BAde-col%C3%A9gio-unasp.jpg 2048w, https:\/\/cdn.unasp.br\/noticias\/wp-content\/uploads\/2019\/02\/27090917\/caminhada-da-sa%C3%BAde-col%C3%A9gio-unasp-300x200.jpg 300w, https:\/\/cdn.unasp.br\/noticias\/wp-content\/uploads\/2019\/02\/27090917\/caminhada-da-sa%C3%BAde-col%C3%A9gio-unasp-768x512.jpg 768w, https:\/\/cdn.unasp.br\/noticias\/wp-content\/uploads\/2019\/02\/27090917\/caminhada-da-sa%C3%BAde-col%C3%A9gio-unasp-1024x683.jpg 1024w, https:\/\/cdn.unasp.br\/noticias\/wp-content\/uploads\/2019\/02\/27090917\/caminhada-da-sa%C3%BAde-col%C3%A9gio-unasp-900x600.jpg 900w, https:\/\/cdn.unasp.br\/noticias\/wp-content\/uploads\/2019\/02\/27090917\/caminhada-da-sa%C3%BAde-col%C3%A9gio-unasp-1200x800.jpg 1200w, https:\/\/cdn.unasp.br\/noticias\/wp-content\/uploads\/2019\/02\/27090917\/caminhada-da-sa%C3%BAde-col%C3%A9gio-unasp-1080x720.jpg 1080w, https:\/\/cdn.unasp.br\/noticias\/wp-content\/uploads\/2019\/02\/27090917\/caminhada-da-sa%C3%BAde-col%C3%A9gio-unasp-800x533.jpg 800w, https:\/\/cdn.unasp.br\/noticias\/wp-content\/uploads\/2019\/02\/27090917\/caminhada-da-sa%C3%BAde-col%C3%A9gio-unasp-750x500.jpg 750w, https:\/\/cdn.unasp.br\/noticias\/wp-content\/uploads\/2019\/02\/27090917\/caminhada-da-sa%C3%BAde-col%C3%A9gio-unasp-720x480.jpg 720w, https:\/\/cdn.unasp.br\/noticias\/wp-content\/uploads\/2019\/02\/27090917\/caminhada-da-sa%C3%BAde-col%C3%A9gio-unasp-420x280.jpg 420w, https:\/\/cdn.unasp.br\/noticias\/wp-content\/uploads\/2019\/02\/27090917\/caminhada-da-sa%C3%BAde-col%C3%A9gio-unasp-500x333.jpg 500w, https:\/\/cdn.unasp.br\/noticias\/wp-content\/uploads\/2019\/02\/27090917\/caminhada-da-sa%C3%BAde-col%C3%A9gio-unasp-400x267.jpg 400w, https:\/\/cdn.unasp.br\/noticias\/wp-content\/uploads\/2019\/02\/27090917\/caminhada-da-sa%C3%BAde-col%C3%A9gio-unasp-375x250.jpg 375w, https:\/\/cdn.unasp.br\/noticias\/wp-content\/uploads\/2019\/02\/27090917\/caminhada-da-sa%C3%BAde-col%C3%A9gio-unasp-225x150.jpg 225w, https:\/\/cdn.unasp.br\/noticias\/wp-content\/uploads\/2019\/02\/27090917\/caminhada-da-sa%C3%BAde-col%C3%A9gio-unasp-175x117.jpg 175w, https:\/\/cdn.unasp.br\/noticias\/wp-content\/uploads\/2019\/02\/27090917\/caminhada-da-sa%C3%BAde-col%C3%A9gio-unasp-200x133.jpg 200w\" sizes=\"(max-width: 400px) 100vw, 400px\" \/> adventista da Divis\u00e3o Sul Americana neste ano de 2019.\u00a0 Durante o ano letivo tr\u00eas princ\u00edpios de sa\u00fade ser\u00e3o destacados: luz solar, \u00e1gua e atividade f\u00edsica. O objetivo \u00e9 mobilizar alunos, colaboradores da escola, familiares e toda a sociedade a cuidar da sa\u00fade.<\/p>\n<p style=\"text-align: justify;\">O dia 26 de fevereiro foi separado pela Rede Adventista para dar in\u00edcio ao projeto em todo o Brasil. Atividades sobre a import\u00e2ncia da \u00e1gua e da luz solar para o corpo ser\u00e3o realizadas em outras a\u00e7\u00f5es durante o ano.<\/p>\n<p style=\"text-align: justify;\">O Col\u00e9gio Unasp est\u00e1 localizado na Estrada Municipal Pastor Walter Boger e atende do maternal ao ensino m\u00e9dio. Para informa\u00e7\u00f5es acesse o site <a href=\"https:\/\/www.unasp.br\/ec\/educacao-basica\/\">https:\/\/www.unasp.br\/ec\/educacao-basica\/<\/a> ou ligue 19 3858-9017.<\/p>\n","protected":false},"excerpt":{"rendered":"<p>Bal\u00f5es com mensagens de motiva\u00e7\u00e3o trouxeram cor ao c\u00e9u de Engenheiro Coelho O dia amanheceu nublado e [&hellip;]<\/p>\n","protected":false},"author":80,"featured_media":53738,"comment_status":"open","ping_status":"open","sticky":false,"template":"","format":"standard","meta":{"footnotes":""},"categories":[10],"tags":[],"yoast_head":"<!-- This site is optimized with the Yoast SEO plugin v23.5 - https:\/\/yoast.com\/wordpress\/plugins\/seo\/ -->\n<title>Alunos do Col\u00e9gio Unasp participam de caminhada da sa\u00fade<\/title>\n<meta name=\"description\" content=\"Alunos e professores do Col\u00e9gio Unasp que sa\u00edram nesta segunda-feira (26) em uma caminhada de um quil\u00f4metro e meio em prol da sa\u00fade.\" \/>\n<meta name=\"robots\" content=\"index, follow, max-snippet:-1, max-image-preview:large, max-video-preview:-1\" \/>\n<link rel=\"canonical\" href=\"https:\/\/unasp.br\/noticias\/alunos-do-colegio-unasp-participam-de-caminhada-da-saude\/\" \/>\n<meta property=\"og:locale\" content=\"pt_BR\" \/>\n<meta property=\"og:type\" content=\"article\" \/>\n<meta property=\"og:title\" content=\"Alunos do Col\u00e9gio Unasp participam de caminhada da sa\u00fade\" \/>\n<meta property=\"og:description\" content=\"Alunos e professores do Col\u00e9gio Unasp que sa\u00edram nesta segunda-feira (26) em uma caminhada de um quil\u00f4metro e meio em prol da sa\u00fade.\" \/>\n<meta property=\"og:url\" content=\"https:\/\/unasp.br\/noticias\/alunos-do-colegio-unasp-participam-de-caminhada-da-saude\/\" \/>\n<meta property=\"og:site_name\" content=\"UNASP Noticias\" \/>\n<meta property=\"article:published_time\" content=\"2019-02-27T15:09:50+00:00\" \/>\n<meta property=\"article:modified_time\" content=\"2019-02-27T15:14:20+00:00\" \/>\n<meta property=\"og:image\" content=\"https:\/\/cdn.unasp.br\/noticias\/wp-content\/uploads\/2019\/02\/27090034\/bal%C3%B5es-na-caminhada-da-sa%C3%BAde-col%C3%A9gio-Unasp-ec.jpg\" \/>\n\t<meta property=\"og:image:width\" content=\"2048\" \/>\n\t<meta property=\"og:image:height\" content=\"1365\" \/>\n\t<meta property=\"og:image:type\" content=\"image\/jpeg\" \/>\n<meta name=\"author\" content=\"UNASP - TI-DESENVOLVIMENTO\" \/>\n<meta name=\"twitter:card\" content=\"summary_large_image\" \/>\n<meta name=\"twitter:label1\" content=\"Escrito por\" \/>\n\t<meta name=\"twitter:data1\" content=\"UNASP - TI-DESENVOLVIMENTO\" \/>\n\t<meta name=\"twitter:label2\" content=\"Est. tempo de leitura\" \/>\n\t<meta name=\"twitter:data2\" content=\"3 minutos\" \/>\n<script type=\"application\/ld+json\" class=\"yoast-schema-graph\">{\"@context\":\"https:\/\/schema.org\",\"@graph\":[{\"@type\":\"Article\",\"@id\":\"https:\/\/unasp.br\/noticias\/alunos-do-colegio-unasp-participam-de-caminhada-da-saude\/#article\",\"isPartOf\":{\"@id\":\"https:\/\/unasp.br\/noticias\/alunos-do-colegio-unasp-participam-de-caminhada-da-saude\/\"},\"author\":{\"name\":\"UNASP - TI-DESENVOLVIMENTO\",\"@id\":\"https:\/\/unasp.br\/noticias\/#\/schema\/person\/e3b8f8e8b1d3759eda9f61d2bb12b6d7\"},\"headline\":\"Alunos do Col\u00e9gio Unasp participam de caminhada da sa\u00fade\",\"datePublished\":\"2019-02-27T15:09:50+00:00\",\"dateModified\":\"2019-02-27T15:14:20+00:00\",\"mainEntityOfPage\":{\"@id\":\"https:\/\/unasp.br\/noticias\/alunos-do-colegio-unasp-participam-de-caminhada-da-saude\/\"},\"wordCount\":599,\"commentCount\":0,\"publisher\":{\"@id\":\"https:\/\/unasp.br\/noticias\/#organization\"},\"image\":{\"@id\":\"https:\/\/unasp.br\/noticias\/alunos-do-colegio-unasp-participam-de-caminhada-da-saude\/#primaryimage\"},\"thumbnailUrl\":\"https:\/\/cdn.unasp.br\/noticias\/wp-content\/uploads\/2019\/02\/27090034\/bal%C3%B5es-na-caminhada-da-sa%C3%BAde-col%C3%A9gio-Unasp-ec.jpg\",\"articleSection\":[\"Impacto Social\"],\"inLanguage\":\"pt-BR\",\"potentialAction\":[{\"@type\":\"CommentAction\",\"name\":\"Comment\",\"target\":[\"https:\/\/unasp.br\/noticias\/alunos-do-colegio-unasp-participam-de-caminhada-da-saude\/#respond\"]}]},{\"@type\":\"WebPage\",\"@id\":\"https:\/\/unasp.br\/noticias\/alunos-do-colegio-unasp-participam-de-caminhada-da-saude\/\",\"url\":\"https:\/\/unasp.br\/noticias\/alunos-do-colegio-unasp-participam-de-caminhada-da-saude\/\",\"name\":\"Alunos do Col\u00e9gio Unasp participam de caminhada da sa\u00fade\",\"isPartOf\":{\"@id\":\"https:\/\/unasp.br\/noticias\/#website\"},\"primaryImageOfPage\":{\"@id\":\"https:\/\/unasp.br\/noticias\/alunos-do-colegio-unasp-participam-de-caminhada-da-saude\/#primaryimage\"},\"image\":{\"@id\":\"https:\/\/unasp.br\/noticias\/alunos-do-colegio-unasp-participam-de-caminhada-da-saude\/#primaryimage\"},\"thumbnailUrl\":\"https:\/\/cdn.unasp.br\/noticias\/wp-content\/uploads\/2019\/02\/27090034\/bal%C3%B5es-na-caminhada-da-sa%C3%BAde-col%C3%A9gio-Unasp-ec.jpg\",\"datePublished\":\"2019-02-27T15:09:50+00:00\",\"dateModified\":\"2019-02-27T15:14:20+00:00\",\"description\":\"Alunos e professores do Col\u00e9gio Unasp que sa\u00edram nesta segunda-feira (26) em uma caminhada de um quil\u00f4metro e meio em prol da sa\u00fade.\",\"breadcrumb\":{\"@id\":\"https:\/\/unasp.br\/noticias\/alunos-do-colegio-unasp-participam-de-caminhada-da-saude\/#breadcrumb\"},\"inLanguage\":\"pt-BR\",\"potentialAction\":[{\"@type\":\"ReadAction\",\"target\":[\"https:\/\/unasp.br\/noticias\/alunos-do-colegio-unasp-participam-de-caminhada-da-saude\/\"]}]},{\"@type\":\"ImageObject\",\"inLanguage\":\"pt-BR\",\"@id\":\"https:\/\/unasp.br\/noticias\/alunos-do-colegio-unasp-participam-de-caminhada-da-saude\/#primaryimage\",\"url\":\"https:\/\/cdn.unasp.br\/noticias\/wp-content\/uploads\/2019\/02\/27090034\/bal%C3%B5es-na-caminhada-da-sa%C3%BAde-col%C3%A9gio-Unasp-ec.jpg\",\"contentUrl\":\"https:\/\/cdn.unasp.br\/noticias\/wp-content\/uploads\/2019\/02\/27090034\/bal%C3%B5es-na-caminhada-da-sa%C3%BAde-col%C3%A9gio-Unasp-ec.jpg\",\"width\":2048,\"height\":1365},{\"@type\":\"BreadcrumbList\",\"@id\":\"https:\/\/unasp.br\/noticias\/alunos-do-colegio-unasp-participam-de-caminhada-da-saude\/#breadcrumb\",\"itemListElement\":[{\"@type\":\"ListItem\",\"position\":1,\"name\":\"In\u00edcio\",\"item\":\"https:\/\/unasp.br\/noticias\/\"},{\"@type\":\"ListItem\",\"position\":2,\"name\":\"Alunos do Col\u00e9gio Unasp participam de caminhada da sa\u00fade\"}]},{\"@type\":\"WebSite\",\"@id\":\"https:\/\/unasp.br\/noticias\/#website\",\"url\":\"https:\/\/unasp.br\/noticias\/\",\"name\":\"UNASP Noticias\",\"description\":\"Centro Universit\u00e1rio Adventista de S\u00e3o Paulo\",\"publisher\":{\"@id\":\"https:\/\/unasp.br\/noticias\/#organization\"},\"potentialAction\":[{\"@type\":\"SearchAction\",\"target\":{\"@type\":\"EntryPoint\",\"urlTemplate\":\"https:\/\/unasp.br\/noticias\/?s={search_term_string}\"},\"query-input\":{\"@type\":\"PropertyValueSpecification\",\"valueRequired\":true,\"valueName\":\"search_term_string\"}}],\"inLanguage\":\"pt-BR\"},{\"@type\":\"Organization\",\"@id\":\"https:\/\/unasp.br\/noticias\/#organization\",\"name\":\"UNASP Noticias\",\"url\":\"https:\/\/unasp.br\/noticias\/\",\"logo\":{\"@type\":\"ImageObject\",\"inLanguage\":\"pt-BR\",\"@id\":\"https:\/\/unasp.br\/noticias\/#\/schema\/logo\/image\/\",\"url\":\"https:\/\/cdn.unasp.br\/noticias\/wp-content\/uploads\/2021\/09\/09152724\/logo-unasp-news.png\",\"contentUrl\":\"https:\/\/cdn.unasp.br\/noticias\/wp-content\/uploads\/2021\/09\/09152724\/logo-unasp-news.png\",\"width\":240,\"height\":41,\"caption\":\"UNASP Noticias\"},\"image\":{\"@id\":\"https:\/\/unasp.br\/noticias\/#\/schema\/logo\/image\/\"}},{\"@type\":\"Person\",\"@id\":\"https:\/\/unasp.br\/noticias\/#\/schema\/person\/e3b8f8e8b1d3759eda9f61d2bb12b6d7\",\"name\":\"UNASP - TI-DESENVOLVIMENTO\",\"image\":{\"@type\":\"ImageObject\",\"inLanguage\":\"pt-BR\",\"@id\":\"https:\/\/unasp.br\/noticias\/#\/schema\/person\/image\/\",\"url\":\"https:\/\/secure.gravatar.com\/avatar\/88a02b7e6ee37f47de0ecad3877878b0?s=96&d=mm&r=g\",\"contentUrl\":\"https:\/\/secure.gravatar.com\/avatar\/88a02b7e6ee37f47de0ecad3877878b0?s=96&d=mm&r=g\",\"caption\":\"UNASP - TI-DESENVOLVIMENTO\"},\"url\":\"https:\/\/unasp.br\/noticias\/author\/admindefault-com\/\"}]}<\/script>\n<!-- \/ Yoast SEO plugin. -->","yoast_head_json":{"title":"Alunos do Col\u00e9gio Unasp participam de caminhada da sa\u00fade","description":"Alunos e professores do Col\u00e9gio Unasp que sa\u00edram nesta segunda-feira (26) em uma caminhada de um quil\u00f4metro e meio em prol da sa\u00fade.","robots":{"index":"index","follow":"follow","max-snippet":"max-snippet:-1","max-image-preview":"max-image-preview:large","max-video-preview":"max-video-preview:-1"},"canonical":"https:\/\/unasp.br\/noticias\/alunos-do-colegio-unasp-participam-de-caminhada-da-saude\/","og_locale":"pt_BR","og_type":"article","og_title":"Alunos do Col\u00e9gio Unasp participam de caminhada da sa\u00fade","og_description":"Alunos e professores do Col\u00e9gio Unasp que sa\u00edram nesta segunda-feira (26) em uma caminhada de um quil\u00f4metro e meio em prol da sa\u00fade.","og_url":"https:\/\/unasp.br\/noticias\/alunos-do-colegio-unasp-participam-de-caminhada-da-saude\/","og_site_name":"UNASP Noticias","article_published_time":"2019-02-27T15:09:50+00:00","article_modified_time":"2019-02-27T15:14:20+00:00","og_image":[{"width":2048,"height":1365,"url":"https:\/\/cdn.unasp.br\/noticias\/wp-content\/uploads\/2019\/02\/27090034\/bal%C3%B5es-na-caminhada-da-sa%C3%BAde-col%C3%A9gio-Unasp-ec.jpg","type":"image\/jpeg"}],"author":"UNASP - TI-DESENVOLVIMENTO","twitter_card":"summary_large_image","twitter_misc":{"Escrito por":"UNASP - TI-DESENVOLVIMENTO","Est. tempo de leitura":"3 minutos"},"schema":{"@context":"https:\/\/schema.org","@graph":[{"@type":"Article","@id":"https:\/\/unasp.br\/noticias\/alunos-do-colegio-unasp-participam-de-caminhada-da-saude\/#article","isPartOf":{"@id":"https:\/\/unasp.br\/noticias\/alunos-do-colegio-unasp-participam-de-caminhada-da-saude\/"},"author":{"name":"UNASP - TI-DESENVOLVIMENTO","@id":"https:\/\/unasp.br\/noticias\/#\/schema\/person\/e3b8f8e8b1d3759eda9f61d2bb12b6d7"},"headline":"Alunos do Col\u00e9gio Unasp participam de caminhada da sa\u00fade","datePublished":"2019-02-27T15:09:50+00:00","dateModified":"2019-02-27T15:14:20+00:00","mainEntityOfPage":{"@id":"https:\/\/unasp.br\/noticias\/alunos-do-colegio-unasp-participam-de-caminhada-da-saude\/"},"wordCount":599,"commentCount":0,"publisher":{"@id":"https:\/\/unasp.br\/noticias\/#organization"},"image":{"@id":"https:\/\/unasp.br\/noticias\/alunos-do-colegio-unasp-participam-de-caminhada-da-saude\/#primaryimage"},"thumbnailUrl":"https:\/\/cdn.unasp.br\/noticias\/wp-content\/uploads\/2019\/02\/27090034\/bal%C3%B5es-na-caminhada-da-sa%C3%BAde-col%C3%A9gio-Unasp-ec.jpg","articleSection":["Impacto Social"],"inLanguage":"pt-BR","potentialAction":[{"@type":"CommentAction","name":"Comment","target":["https:\/\/unasp.br\/noticias\/alunos-do-colegio-unasp-participam-de-caminhada-da-saude\/#respond"]}]},{"@type":"WebPage","@id":"https:\/\/unasp.br\/noticias\/alunos-do-colegio-unasp-participam-de-caminhada-da-saude\/","url":"https:\/\/unasp.br\/noticias\/alunos-do-colegio-unasp-participam-de-caminhada-da-saude\/","name":"Alunos do Col\u00e9gio Unasp participam de caminhada da sa\u00fade","isPartOf":{"@id":"https:\/\/unasp.br\/noticias\/#website"},"primaryImageOfPage":{"@id":"https:\/\/unasp.br\/noticias\/alunos-do-colegio-unasp-participam-de-caminhada-da-saude\/#primaryimage"},"image":{"@id":"https:\/\/unasp.br\/noticias\/alunos-do-colegio-unasp-participam-de-caminhada-da-saude\/#primaryimage"},"thumbnailUrl":"https:\/\/cdn.unasp.br\/noticias\/wp-content\/uploads\/2019\/02\/27090034\/bal%C3%B5es-na-caminhada-da-sa%C3%BAde-col%C3%A9gio-Unasp-ec.jpg","datePublished":"2019-02-27T15:09:50+00:00","dateModified":"2019-02-27T15:14:20+00:00","description":"Alunos e professores do Col\u00e9gio Unasp que sa\u00edram nesta segunda-feira (26) em uma caminhada de um quil\u00f4metro e meio em prol da sa\u00fade.","breadcrumb":{"@id":"https:\/\/unasp.br\/noticias\/alunos-do-colegio-unasp-participam-de-caminhada-da-saude\/#breadcrumb"},"inLanguage":"pt-BR","potentialAction":[{"@type":"ReadAction","target":["https:\/\/unasp.br\/noticias\/alunos-do-colegio-unasp-participam-de-caminhada-da-saude\/"]}]},{"@type":"ImageObject","inLanguage":"pt-BR","@id":"https:\/\/unasp.br\/noticias\/alunos-do-colegio-unasp-participam-de-caminhada-da-saude\/#primaryimage","url":"https:\/\/cdn.unasp.br\/noticias\/wp-content\/uploads\/2019\/02\/27090034\/bal%C3%B5es-na-caminhada-da-sa%C3%BAde-col%C3%A9gio-Unasp-ec.jpg","contentUrl":"https:\/\/cdn.unasp.br\/noticias\/wp-content\/uploads\/2019\/02\/27090034\/bal%C3%B5es-na-caminhada-da-sa%C3%BAde-col%C3%A9gio-Unasp-ec.jpg","width":2048,"height":1365},{"@type":"BreadcrumbList","@id":"https:\/\/unasp.br\/noticias\/alunos-do-colegio-unasp-participam-de-caminhada-da-saude\/#breadcrumb","itemListElement":[{"@type":"ListItem","position":1,"name":"In\u00edcio","item":"https:\/\/unasp.br\/noticias\/"},{"@type":"ListItem","position":2,"name":"Alunos do Col\u00e9gio Unasp participam de caminhada da sa\u00fade"}]},{"@type":"WebSite","@id":"https:\/\/unasp.br\/noticias\/#website","url":"https:\/\/unasp.br\/noticias\/","name":"UNASP Noticias","description":"Centro Universit\u00e1rio Adventista de S\u00e3o Paulo","publisher":{"@id":"https:\/\/unasp.br\/noticias\/#organization"},"potentialAction":[{"@type":"SearchAction","target":{"@type":"EntryPoint","urlTemplate":"https:\/\/unasp.br\/noticias\/?s={search_term_string}"},"query-input":{"@type":"PropertyValueSpecification","valueRequired":true,"valueName":"search_term_string"}}],"inLanguage":"pt-BR"},{"@type":"Organization","@id":"https:\/\/unasp.br\/noticias\/#organization","name":"UNASP Noticias","url":"https:\/\/unasp.br\/noticias\/","logo":{"@type":"ImageObject","inLanguage":"pt-BR","@id":"https:\/\/unasp.br\/noticias\/#\/schema\/logo\/image\/","url":"https:\/\/cdn.unasp.br\/noticias\/wp-content\/uploads\/2021\/09\/09152724\/logo-unasp-news.png","contentUrl":"https:\/\/cdn.unasp.br\/noticias\/wp-content\/uploads\/2021\/09\/09152724\/logo-unasp-news.png","width":240,"height":41,"caption":"UNASP Noticias"},"image":{"@id":"https:\/\/unasp.br\/noticias\/#\/schema\/logo\/image\/"}},{"@type":"Person","@id":"https:\/\/unasp.br\/noticias\/#\/schema\/person\/e3b8f8e8b1d3759eda9f61d2bb12b6d7","name":"UNASP - TI-DESENVOLVIMENTO","image":{"@type":"ImageObject","inLanguage":"pt-BR","@id":"https:\/\/unasp.br\/noticias\/#\/schema\/person\/image\/","url":"https:\/\/secure.gravatar.com\/avatar\/88a02b7e6ee37f47de0ecad3877878b0?s=96&d=mm&r=g","contentUrl":"https:\/\/secure.gravatar.com\/avatar\/88a02b7e6ee37f47de0ecad3877878b0?s=96&d=mm&r=g","caption":"UNASP - TI-DESENVOLVIMENTO"},"url":"https:\/\/unasp.br\/noticias\/author\/admindefault-com\/"}]}},"_links":{"self":[{"href":"https:\/\/unasp.br\/noticias\/wp-json\/wp\/v2\/posts\/53737"}],"collection":[{"href":"https:\/\/unasp.br\/noticias\/wp-json\/wp\/v2\/posts"}],"about":[{"href":"https:\/\/unasp.br\/noticias\/wp-json\/wp\/v2\/types\/post"}],"author":[{"embeddable":true,"href":"https:\/\/unasp.br\/noticias\/wp-json\/wp\/v2\/users\/80"}],"replies":[{"embeddable":true,"href":"https:\/\/unasp.br\/noticias\/wp-json\/wp\/v2\/comments?post=53737"}],"version-history":[{"count":1,"href":"https:\/\/unasp.br\/noticias\/wp-json\/wp\/v2\/posts\/53737\/revisions"}],"predecessor-version":[{"id":53741,"href":"https:\/\/unasp.br\/noticias\/wp-json\/wp\/v2\/posts\/53737\/revisions\/53741"}],"wp:featuredmedia":[{"embeddable":true,"href":"https:\/\/unasp.br\/noticias\/wp-json\/wp\/v2\/media\/53738"}],"wp:attachment":[{"href":"https:\/\/unasp.br\/noticias\/wp-json\/wp\/v2\/media?parent=53737"}],"wp:term":[{"taxonomy":"category","embeddable":true,"href":"https:\/\/unasp.br\/noticias\/wp-json\/wp\/v2\/categories?post=53737"},{"taxonomy":"post_tag","embeddable":true,"href":"https:\/\/unasp.br\/noticias\/wp-json\/wp\/v2\/tags?post=53737"}],"curies":[{"name":"wp","href":"https:\/\/api.w.org\/{rel}","templated":true}]}}