{"id":55340,"date":"2019-03-22T15:58:09","date_gmt":"2019-03-22T18:58:09","guid":{"rendered":"https:\/\/www.unasp.br\/noticias\/?p=55340"},"modified":"2019-03-22T16:01:47","modified_gmt":"2019-03-22T19:01:47","slug":"unasp-no-projeto-mao-amiga-de-campinas","status":"publish","type":"post","link":"https:\/\/unasp.br\/noticias\/unasp-no-projeto-mao-amiga-de-campinas\/","title":{"rendered":"Unasp renova com Programa M\u00e3o Amiga em Campinas"},"content":{"rendered":"<p><img loading=\"lazy\" decoding=\"async\" class=\"wp-image-55341 aligncenter\" src=\"https:\/\/www.unasp.br\/noticias\/wp-content\/uploads\/2019\/03\/Projeto-M\u00e3o-Amiga.jpg\" alt=\"\" width=\"600\" height=\"432\" srcset=\"https:\/\/cdn.unasp.br\/noticias\/wp-content\/uploads\/2019\/03\/22123645\/Projeto-M%C3%A3o-Amiga.jpg 555w, https:\/\/cdn.unasp.br\/noticias\/wp-content\/uploads\/2019\/03\/22123645\/Projeto-M%C3%A3o-Amiga-300x216.jpg 300w, https:\/\/cdn.unasp.br\/noticias\/wp-content\/uploads\/2019\/03\/22123645\/Projeto-M%C3%A3o-Amiga-389x280.jpg 389w, https:\/\/cdn.unasp.br\/noticias\/wp-content\/uploads\/2019\/03\/22123645\/Projeto-M%C3%A3o-Amiga-500x360.jpg 500w, https:\/\/cdn.unasp.br\/noticias\/wp-content\/uploads\/2019\/03\/22123645\/Projeto-M%C3%A3o-Amiga-400x288.jpg 400w, https:\/\/cdn.unasp.br\/noticias\/wp-content\/uploads\/2019\/03\/22123645\/Projeto-M%C3%A3o-Amiga-347x250.jpg 347w, https:\/\/cdn.unasp.br\/noticias\/wp-content\/uploads\/2019\/03\/22123645\/Projeto-M%C3%A3o-Amiga-278x200.jpg 278w, https:\/\/cdn.unasp.br\/noticias\/wp-content\/uploads\/2019\/03\/22123645\/Projeto-M%C3%A3o-Amiga-208x150.jpg 208w, https:\/\/cdn.unasp.br\/noticias\/wp-content\/uploads\/2019\/03\/22123645\/Projeto-M%C3%A3o-Amiga-175x126.jpg 175w, https:\/\/cdn.unasp.br\/noticias\/wp-content\/uploads\/2019\/03\/22123645\/Projeto-M%C3%A3o-Amiga-200x144.jpg 200w\" sizes=\"(max-width: 600px) 100vw, 600px\" \/><\/p>\n<p style=\"text-align: center;\"><em>A capacita\u00e7\u00e3o oferecida traz no\u00e7\u00f5es b\u00e1sicas de constru\u00e7\u00e3o civil. O projeto \u00e9 in\u00e9dito na Regi\u00e3o Metropolitana de Campinas<\/em><\/p>\n<p style=\"text-align: justify;\">O Centro Universit\u00e1rio Adventista de S\u00e3o Paulo, campus Engenheiro Coelho, renovou com a Prefeitura Municipal de Campinas o conv\u00eanio de forma\u00e7\u00e3o profissional no Programa M\u00e3o Amiga, que atende pessoas em situa\u00e7\u00e3o de rua para reinser\u00e7\u00e3o no conv\u00edvio familiar e social. Est\u00e1 ser\u00e1 a 4\u00aa turma beneficiada com aulas sobre constru\u00e7\u00e3o civil. Universit\u00e1rios de Engenharia Civil e Arquitetura atuam no programa como monitores.<\/p>\n<p style=\"text-align: justify;\">O curso de \u201cNo\u00e7\u00f5es de Constru\u00e7\u00e3o Civil\u201d ministrado pelo Centro Universit\u00e1rio Adventista (Unasp), campus Engenheiro Coelho, \u00e9 acompanhado por professores, mestres e doutores, das faculdades de Engenharia Civil e Arquitetura e Urbanismo. Os cursos incluem aulas te\u00f3ricas e pr\u00e1ticas e contam com a participa\u00e7\u00e3o de universit\u00e1rios sendo monitores dos alunos do Programa M\u00e3o Amiga.<\/p>\n<div id=\"attachment_55343\" style=\"width: 489px\" class=\"wp-caption alignright\"><img loading=\"lazy\" decoding=\"async\" aria-describedby=\"caption-attachment-55343\" class=\"wp-image-55343\" src=\"https:\/\/www.unasp.br\/noticias\/wp-content\/uploads\/2019\/03\/M\u00e3o-Amiga-2.jpg\" alt=\"\" width=\"479\" height=\"308\" srcset=\"https:\/\/cdn.unasp.br\/noticias\/wp-content\/uploads\/2019\/03\/22123655\/M%C3%A3o-Amiga-2.jpg 927w, https:\/\/cdn.unasp.br\/noticias\/wp-content\/uploads\/2019\/03\/22123655\/M%C3%A3o-Amiga-2-300x193.jpg 300w, https:\/\/cdn.unasp.br\/noticias\/wp-content\/uploads\/2019\/03\/22123655\/M%C3%A3o-Amiga-2-768x493.jpg 768w, https:\/\/cdn.unasp.br\/noticias\/wp-content\/uploads\/2019\/03\/22123655\/M%C3%A3o-Amiga-2-800x513.jpg 800w, https:\/\/cdn.unasp.br\/noticias\/wp-content\/uploads\/2019\/03\/22123655\/M%C3%A3o-Amiga-2-750x481.jpg 750w, https:\/\/cdn.unasp.br\/noticias\/wp-content\/uploads\/2019\/03\/22123655\/M%C3%A3o-Amiga-2-720x462.jpg 720w, https:\/\/cdn.unasp.br\/noticias\/wp-content\/uploads\/2019\/03\/22123655\/M%C3%A3o-Amiga-2-436x280.jpg 436w, https:\/\/cdn.unasp.br\/noticias\/wp-content\/uploads\/2019\/03\/22123655\/M%C3%A3o-Amiga-2-500x321.jpg 500w, https:\/\/cdn.unasp.br\/noticias\/wp-content\/uploads\/2019\/03\/22123655\/M%C3%A3o-Amiga-2-400x257.jpg 400w, https:\/\/cdn.unasp.br\/noticias\/wp-content\/uploads\/2019\/03\/22123655\/M%C3%A3o-Amiga-2-389x250.jpg 389w, https:\/\/cdn.unasp.br\/noticias\/wp-content\/uploads\/2019\/03\/22123655\/M%C3%A3o-Amiga-2-312x200.jpg 312w, https:\/\/cdn.unasp.br\/noticias\/wp-content\/uploads\/2019\/03\/22123655\/M%C3%A3o-Amiga-2-234x150.jpg 234w, https:\/\/cdn.unasp.br\/noticias\/wp-content\/uploads\/2019\/03\/22123655\/M%C3%A3o-Amiga-2-175x112.jpg 175w, https:\/\/cdn.unasp.br\/noticias\/wp-content\/uploads\/2019\/03\/22123655\/M%C3%A3o-Amiga-2-200x128.jpg 200w\" sizes=\"(max-width: 479px) 100vw, 479px\" \/><p id=\"caption-attachment-55343\" class=\"wp-caption-text\">&#8220;Eles refor\u00e7am o conhecimento aprendido em classe, ensinando e fazendo a diferen\u00e7a na vida de outras pessoas&#8221;, Paulo Stheling.<\/p><\/div>\n<p style=\"text-align: justify;\">Para o coordenador do projeto no Unasp, o professor mestre, Paulo Stheling, refor\u00e7a a relev\u00e2ncia do projeto. \u201cEsses futuros engenheiros tem a oportunidade de ensinar pessoas em situa\u00e7\u00e3o de vulnerabilidade a serem profissionais da constru\u00e7\u00e3o civil com conte\u00fado que eles aprendem aqui na gradua\u00e7\u00e3o. Eles refor\u00e7am o conhecimento aprendido em classe, ensinando e fazendo a diferen\u00e7a na vida de outras pessoas\u201d, comentou.<\/p>\n<p style=\"text-align: justify;\">O projeto beneficia todos os participantes, como destaca a diretora de p\u00f3s-gradua\u00e7\u00e3o, pesquisa e extens\u00e3o do Unasp, doutora Lanny Soares. \u201cTodos ganham. Os alunos s\u00e3o capacitados e conseguem ser inseridos no mercado de trabalho, a universidade cumpre seu papel agindo na comunidade trazendo contribui\u00e7\u00f5es e os universit\u00e1rios tendo um aprendizado diferente e aplicado\u201d, afirmou.<\/p>\n<div id=\"attachment_55344\" style=\"width: 477px\" class=\"wp-caption alignleft\"><img loading=\"lazy\" decoding=\"async\" aria-describedby=\"caption-attachment-55344\" class=\"wp-image-55344\" src=\"https:\/\/www.unasp.br\/noticias\/wp-content\/uploads\/2019\/03\/M\u00e3o-amiga-3.jpg\" alt=\"\" width=\"467\" height=\"335\" srcset=\"https:\/\/cdn.unasp.br\/noticias\/wp-content\/uploads\/2019\/03\/22123700\/M%C3%A3o-amiga-3.jpg 788w, https:\/\/cdn.unasp.br\/noticias\/wp-content\/uploads\/2019\/03\/22123700\/M%C3%A3o-amiga-3-300x215.jpg 300w, https:\/\/cdn.unasp.br\/noticias\/wp-content\/uploads\/2019\/03\/22123700\/M%C3%A3o-amiga-3-768x552.jpg 768w, https:\/\/cdn.unasp.br\/noticias\/wp-content\/uploads\/2019\/03\/22123700\/M%C3%A3o-amiga-3-696x500.jpg 696w, https:\/\/cdn.unasp.br\/noticias\/wp-content\/uploads\/2019\/03\/22123700\/M%C3%A3o-amiga-3-668x480.jpg 668w, https:\/\/cdn.unasp.br\/noticias\/wp-content\/uploads\/2019\/03\/22123700\/M%C3%A3o-amiga-3-390x280.jpg 390w, https:\/\/cdn.unasp.br\/noticias\/wp-content\/uploads\/2019\/03\/22123700\/M%C3%A3o-amiga-3-500x359.jpg 500w, https:\/\/cdn.unasp.br\/noticias\/wp-content\/uploads\/2019\/03\/22123700\/M%C3%A3o-amiga-3-400x287.jpg 400w, https:\/\/cdn.unasp.br\/noticias\/wp-content\/uploads\/2019\/03\/22123700\/M%C3%A3o-amiga-3-348x250.jpg 348w, https:\/\/cdn.unasp.br\/noticias\/wp-content\/uploads\/2019\/03\/22123700\/M%C3%A3o-amiga-3-278x200.jpg 278w, https:\/\/cdn.unasp.br\/noticias\/wp-content\/uploads\/2019\/03\/22123700\/M%C3%A3o-amiga-3-209x150.jpg 209w, https:\/\/cdn.unasp.br\/noticias\/wp-content\/uploads\/2019\/03\/22123700\/M%C3%A3o-amiga-3-175x126.jpg 175w, https:\/\/cdn.unasp.br\/noticias\/wp-content\/uploads\/2019\/03\/22123700\/M%C3%A3o-amiga-3-200x144.jpg 200w\" sizes=\"(max-width: 467px) 100vw, 467px\" \/><p id=\"caption-attachment-55344\" class=\"wp-caption-text\">Doutora Lanny Soares. Diretora de p\u00f3s-gradua\u00e7\u00e3o, pesquisa e extens\u00e3o do Unasp em Engenheiro Coelho.<\/p><\/div>\n<p style=\"text-align: justify;\"><strong>Aula Magna<br \/>\n<\/strong>O prefeito de Campinas, Jonas Donizette, fez a sauda\u00e7\u00e3o da aula inaugural, no Sal\u00e3o Vermelho do Pa\u00e7o Municipal e anunciou a entrada de 30 novos bolsistas no programa e comemorou o ingresso no mercado de trabalho de sete participantes da edi\u00e7\u00e3o anterior do M\u00e3o Amiga. Jonas Donizette destacou a determina\u00e7\u00e3o dos novos profissionais, que souberam aproveitar a oportunidade oferecida e agora est\u00e3o iniciando uma nova fase em suas vidas.<\/p>\n<p style=\"text-align: justify;\">\u201cEsta \u00e9 a quarta turma de pessoas em situa\u00e7\u00e3o de rua para as quais damos um novo horizonte de vida. A partir de agora, v\u00e3o aprender jardinagem e no\u00e7\u00f5es de constru\u00e7\u00e3o civil para que possam ingressar no mercado de trabalho, como j\u00e1 aconteceu com alguns formandos da turma anterior\u201d, destacou o prefeito.<\/p>\n<div id=\"attachment_55345\" style=\"width: 604px\" class=\"wp-caption alignright\"><img loading=\"lazy\" decoding=\"async\" aria-describedby=\"caption-attachment-55345\" class=\"wp-image-55345\" src=\"https:\/\/www.unasp.br\/noticias\/wp-content\/uploads\/2019\/03\/M\u00e3o-Amiga-4.jpg\" alt=\"\" width=\"594\" height=\"281\" srcset=\"https:\/\/cdn.unasp.br\/noticias\/wp-content\/uploads\/2019\/03\/22123711\/M%C3%A3o-Amiga-4.jpg 1174w, https:\/\/cdn.unasp.br\/noticias\/wp-content\/uploads\/2019\/03\/22123711\/M%C3%A3o-Amiga-4-300x142.jpg 300w, https:\/\/cdn.unasp.br\/noticias\/wp-content\/uploads\/2019\/03\/22123711\/M%C3%A3o-Amiga-4-768x364.jpg 768w, https:\/\/cdn.unasp.br\/noticias\/wp-content\/uploads\/2019\/03\/22123711\/M%C3%A3o-Amiga-4-1024x486.jpg 1024w, https:\/\/cdn.unasp.br\/noticias\/wp-content\/uploads\/2019\/03\/22123711\/M%C3%A3o-Amiga-4-800x380.jpg 800w, https:\/\/cdn.unasp.br\/noticias\/wp-content\/uploads\/2019\/03\/22123711\/M%C3%A3o-Amiga-4-750x356.jpg 750w, https:\/\/cdn.unasp.br\/noticias\/wp-content\/uploads\/2019\/03\/22123711\/M%C3%A3o-Amiga-4-720x342.jpg 720w, https:\/\/cdn.unasp.br\/noticias\/wp-content\/uploads\/2019\/03\/22123711\/M%C3%A3o-Amiga-4-590x280.jpg 590w, https:\/\/cdn.unasp.br\/noticias\/wp-content\/uploads\/2019\/03\/22123711\/M%C3%A3o-Amiga-4-512x243.jpg 512w, https:\/\/cdn.unasp.br\/noticias\/wp-content\/uploads\/2019\/03\/22123711\/M%C3%A3o-Amiga-4-500x237.jpg 500w, https:\/\/cdn.unasp.br\/noticias\/wp-content\/uploads\/2019\/03\/22123711\/M%C3%A3o-Amiga-4-400x190.jpg 400w, https:\/\/cdn.unasp.br\/noticias\/wp-content\/uploads\/2019\/03\/22123711\/M%C3%A3o-Amiga-4-175x83.jpg 175w, https:\/\/cdn.unasp.br\/noticias\/wp-content\/uploads\/2019\/03\/22123711\/M%C3%A3o-Amiga-4-200x95.jpg 200w\" sizes=\"(max-width: 594px) 100vw, 594px\" \/><p id=\"caption-attachment-55345\" class=\"wp-caption-text\">Aulas acontecem na sede do Museu da Imagem e Som de Campinas.<\/p><\/div>\n<p style=\"text-align: justify;\">Al\u00e9m do Unasp, outros parceiros participam da iniciativa campineira, e foram elogiados pelo prefeito da cidade. \u201cEste \u00e9 um programa intersetorial, que envolve v\u00e1rias secretarias municipais e conta com importantes parcerias como o Sinduscon (Sindicato da Ind\u00fastria da Constru\u00e7\u00e3o Civil), o Centro Universit\u00e1rio Adventista (Unasp \u2013 Engenheiro Coelho) e a empresa MRV Engenharia que t\u00eam possibilitado a efetiva inser\u00e7\u00e3o dos formandos no mercado de trabalho\u201d, ressaltou.<\/p>\n<h2 style=\"text-align: justify;\">\u201cTodos ganham. Os alunos s\u00e3o capacitados e conseguem ser inseridos no mercado de trabalho e os universit\u00e1rios tendo um aprendizado diferente e aplicado\u201d, Lanny Soares.<\/h2>\n<p style=\"text-align: justify;\"><strong>Sobre o programa<br \/>\n<\/strong>Com o ingresso desses 30 novos alunos, 44 bolsistas integrar\u00e3o o programa, sendo 14 remanescentes da 3\u00aa turma. Outros 70 j\u00e1 foram capacitados pelo M\u00e3o Amiga. Cada bolsista recebe R$ 976,75 por m\u00eas, o equivalente a 277 Unidades Fiscais (Ufics).<\/p>\n<p style=\"text-align: justify;\">Para fazer parte do M\u00e3o Amiga, os alunos s\u00e3o indicados pelos servi\u00e7os socioassistenciais que atendem esse segmento da popula\u00e7\u00e3o. Na sequ\u00eancia, passam por um processo seletivo para iniciarem o curso.<\/p>\n<p style=\"text-align: justify;\">O programa come\u00e7ou em 2016, voltado especificamente para pessoas que vivem em situa\u00e7\u00e3o de rua.<\/p>\n<p>&nbsp;<\/p>\n<p>&nbsp;<\/p>\n<p>&nbsp;<\/p>\n<p>&nbsp;<\/p>\n<p>&nbsp;<\/p>\n<p>&nbsp;<\/p>\n<p>&nbsp;<\/p>\n<p>&nbsp;<\/p>\n<p>&nbsp;<\/p>\n<p>&nbsp;<\/p>\n<p>&nbsp;<\/p>\n","protected":false},"excerpt":{"rendered":"<p>A capacita\u00e7\u00e3o oferecida traz no\u00e7\u00f5es b\u00e1sicas de constru\u00e7\u00e3o civil. O projeto \u00e9 in\u00e9dito na Regi\u00e3o Metropolitana de [&hellip;]<\/p>\n","protected":false},"author":80,"featured_media":55342,"comment_status":"open","ping_status":"open","sticky":false,"template":"","format":"standard","meta":{"footnotes":""},"categories":[10],"tags":[],"yoast_head":"<!-- This site is optimized with the Yoast SEO plugin v23.5 - https:\/\/yoast.com\/wordpress\/plugins\/seo\/ -->\n<title>Unasp renova com Programa M\u00e3o Amiga em Campinas - UNASP Noticias<\/title>\n<meta name=\"description\" content=\"A capacita\u00e7\u00e3o oferecida pelo Unasp traz no\u00e7\u00f5es b\u00e1sicas de constru\u00e7\u00e3o civil. O projeto \u00e9 in\u00e9dito na Regi\u00e3o Metropolitana de Campinas.\" \/>\n<meta name=\"robots\" content=\"index, follow, max-snippet:-1, max-image-preview:large, max-video-preview:-1\" \/>\n<link rel=\"canonical\" href=\"https:\/\/unasp.br\/noticias\/unasp-no-projeto-mao-amiga-de-campinas\/\" \/>\n<meta property=\"og:locale\" content=\"pt_BR\" \/>\n<meta property=\"og:type\" content=\"article\" \/>\n<meta property=\"og:title\" content=\"Unasp renova com Programa M\u00e3o Amiga em Campinas - UNASP Noticias\" \/>\n<meta property=\"og:description\" content=\"A capacita\u00e7\u00e3o oferecida pelo Unasp traz no\u00e7\u00f5es b\u00e1sicas de constru\u00e7\u00e3o civil. O projeto \u00e9 in\u00e9dito na Regi\u00e3o Metropolitana de Campinas.\" \/>\n<meta property=\"og:url\" content=\"https:\/\/unasp.br\/noticias\/unasp-no-projeto-mao-amiga-de-campinas\/\" \/>\n<meta property=\"og:site_name\" content=\"UNASP Noticias\" \/>\n<meta property=\"article:published_time\" content=\"2019-03-22T18:58:09+00:00\" \/>\n<meta property=\"article:modified_time\" content=\"2019-03-22T19:01:47+00:00\" \/>\n<meta property=\"og:image\" content=\"https:\/\/cdn.unasp.br\/noticias\/wp-content\/uploads\/2019\/03\/22123652\/M%C3%A3o-amiga-1.jpg\" \/>\n\t<meta property=\"og:image:width\" content=\"924\" \/>\n\t<meta property=\"og:image:height\" content=\"644\" \/>\n\t<meta property=\"og:image:type\" content=\"image\/jpeg\" \/>\n<meta name=\"author\" content=\"UNASP - TI-DESENVOLVIMENTO\" \/>\n<meta name=\"twitter:card\" content=\"summary_large_image\" \/>\n<meta name=\"twitter:label1\" content=\"Escrito por\" \/>\n\t<meta name=\"twitter:data1\" content=\"UNASP - TI-DESENVOLVIMENTO\" \/>\n\t<meta name=\"twitter:label2\" content=\"Est. tempo de leitura\" \/>\n\t<meta name=\"twitter:data2\" content=\"3 minutos\" \/>\n<script type=\"application\/ld+json\" class=\"yoast-schema-graph\">{\"@context\":\"https:\/\/schema.org\",\"@graph\":[{\"@type\":\"Article\",\"@id\":\"https:\/\/unasp.br\/noticias\/unasp-no-projeto-mao-amiga-de-campinas\/#article\",\"isPartOf\":{\"@id\":\"https:\/\/unasp.br\/noticias\/unasp-no-projeto-mao-amiga-de-campinas\/\"},\"author\":{\"name\":\"UNASP - TI-DESENVOLVIMENTO\",\"@id\":\"https:\/\/unasp.br\/noticias\/#\/schema\/person\/e3b8f8e8b1d3759eda9f61d2bb12b6d7\"},\"headline\":\"Unasp renova com Programa M\u00e3o Amiga em Campinas\",\"datePublished\":\"2019-03-22T18:58:09+00:00\",\"dateModified\":\"2019-03-22T19:01:47+00:00\",\"mainEntityOfPage\":{\"@id\":\"https:\/\/unasp.br\/noticias\/unasp-no-projeto-mao-amiga-de-campinas\/\"},\"wordCount\":696,\"commentCount\":0,\"publisher\":{\"@id\":\"https:\/\/unasp.br\/noticias\/#organization\"},\"image\":{\"@id\":\"https:\/\/unasp.br\/noticias\/unasp-no-projeto-mao-amiga-de-campinas\/#primaryimage\"},\"thumbnailUrl\":\"https:\/\/cdn.unasp.br\/noticias\/wp-content\/uploads\/2019\/03\/22123652\/M%C3%A3o-amiga-1.jpg\",\"articleSection\":[\"Impacto Social\"],\"inLanguage\":\"pt-BR\",\"potentialAction\":[{\"@type\":\"CommentAction\",\"name\":\"Comment\",\"target\":[\"https:\/\/unasp.br\/noticias\/unasp-no-projeto-mao-amiga-de-campinas\/#respond\"]}]},{\"@type\":\"WebPage\",\"@id\":\"https:\/\/unasp.br\/noticias\/unasp-no-projeto-mao-amiga-de-campinas\/\",\"url\":\"https:\/\/unasp.br\/noticias\/unasp-no-projeto-mao-amiga-de-campinas\/\",\"name\":\"Unasp renova com Programa M\u00e3o Amiga em Campinas - UNASP Noticias\",\"isPartOf\":{\"@id\":\"https:\/\/unasp.br\/noticias\/#website\"},\"primaryImageOfPage\":{\"@id\":\"https:\/\/unasp.br\/noticias\/unasp-no-projeto-mao-amiga-de-campinas\/#primaryimage\"},\"image\":{\"@id\":\"https:\/\/unasp.br\/noticias\/unasp-no-projeto-mao-amiga-de-campinas\/#primaryimage\"},\"thumbnailUrl\":\"https:\/\/cdn.unasp.br\/noticias\/wp-content\/uploads\/2019\/03\/22123652\/M%C3%A3o-amiga-1.jpg\",\"datePublished\":\"2019-03-22T18:58:09+00:00\",\"dateModified\":\"2019-03-22T19:01:47+00:00\",\"description\":\"A capacita\u00e7\u00e3o oferecida pelo Unasp traz no\u00e7\u00f5es b\u00e1sicas de constru\u00e7\u00e3o civil. O projeto \u00e9 in\u00e9dito na Regi\u00e3o Metropolitana de Campinas.\",\"breadcrumb\":{\"@id\":\"https:\/\/unasp.br\/noticias\/unasp-no-projeto-mao-amiga-de-campinas\/#breadcrumb\"},\"inLanguage\":\"pt-BR\",\"potentialAction\":[{\"@type\":\"ReadAction\",\"target\":[\"https:\/\/unasp.br\/noticias\/unasp-no-projeto-mao-amiga-de-campinas\/\"]}]},{\"@type\":\"ImageObject\",\"inLanguage\":\"pt-BR\",\"@id\":\"https:\/\/unasp.br\/noticias\/unasp-no-projeto-mao-amiga-de-campinas\/#primaryimage\",\"url\":\"https:\/\/cdn.unasp.br\/noticias\/wp-content\/uploads\/2019\/03\/22123652\/M%C3%A3o-amiga-1.jpg\",\"contentUrl\":\"https:\/\/cdn.unasp.br\/noticias\/wp-content\/uploads\/2019\/03\/22123652\/M%C3%A3o-amiga-1.jpg\",\"width\":924,\"height\":644},{\"@type\":\"BreadcrumbList\",\"@id\":\"https:\/\/unasp.br\/noticias\/unasp-no-projeto-mao-amiga-de-campinas\/#breadcrumb\",\"itemListElement\":[{\"@type\":\"ListItem\",\"position\":1,\"name\":\"In\u00edcio\",\"item\":\"https:\/\/unasp.br\/noticias\/\"},{\"@type\":\"ListItem\",\"position\":2,\"name\":\"Unasp renova com Programa M\u00e3o Amiga em Campinas\"}]},{\"@type\":\"WebSite\",\"@id\":\"https:\/\/unasp.br\/noticias\/#website\",\"url\":\"https:\/\/unasp.br\/noticias\/\",\"name\":\"UNASP Noticias\",\"description\":\"Centro Universit\u00e1rio Adventista de S\u00e3o Paulo\",\"publisher\":{\"@id\":\"https:\/\/unasp.br\/noticias\/#organization\"},\"potentialAction\":[{\"@type\":\"SearchAction\",\"target\":{\"@type\":\"EntryPoint\",\"urlTemplate\":\"https:\/\/unasp.br\/noticias\/?s={search_term_string}\"},\"query-input\":{\"@type\":\"PropertyValueSpecification\",\"valueRequired\":true,\"valueName\":\"search_term_string\"}}],\"inLanguage\":\"pt-BR\"},{\"@type\":\"Organization\",\"@id\":\"https:\/\/unasp.br\/noticias\/#organization\",\"name\":\"UNASP Noticias\",\"url\":\"https:\/\/unasp.br\/noticias\/\",\"logo\":{\"@type\":\"ImageObject\",\"inLanguage\":\"pt-BR\",\"@id\":\"https:\/\/unasp.br\/noticias\/#\/schema\/logo\/image\/\",\"url\":\"https:\/\/cdn.unasp.br\/noticias\/wp-content\/uploads\/2021\/09\/09152724\/logo-unasp-news.png\",\"contentUrl\":\"https:\/\/cdn.unasp.br\/noticias\/wp-content\/uploads\/2021\/09\/09152724\/logo-unasp-news.png\",\"width\":240,\"height\":41,\"caption\":\"UNASP Noticias\"},\"image\":{\"@id\":\"https:\/\/unasp.br\/noticias\/#\/schema\/logo\/image\/\"}},{\"@type\":\"Person\",\"@id\":\"https:\/\/unasp.br\/noticias\/#\/schema\/person\/e3b8f8e8b1d3759eda9f61d2bb12b6d7\",\"name\":\"UNASP - TI-DESENVOLVIMENTO\",\"image\":{\"@type\":\"ImageObject\",\"inLanguage\":\"pt-BR\",\"@id\":\"https:\/\/unasp.br\/noticias\/#\/schema\/person\/image\/\",\"url\":\"https:\/\/secure.gravatar.com\/avatar\/88a02b7e6ee37f47de0ecad3877878b0?s=96&d=mm&r=g\",\"contentUrl\":\"https:\/\/secure.gravatar.com\/avatar\/88a02b7e6ee37f47de0ecad3877878b0?s=96&d=mm&r=g\",\"caption\":\"UNASP - TI-DESENVOLVIMENTO\"},\"url\":\"https:\/\/unasp.br\/noticias\/author\/admindefault-com\/\"}]}<\/script>\n<!-- \/ Yoast SEO plugin. -->","yoast_head_json":{"title":"Unasp renova com Programa M\u00e3o Amiga em Campinas - UNASP Noticias","description":"A capacita\u00e7\u00e3o oferecida pelo Unasp traz no\u00e7\u00f5es b\u00e1sicas de constru\u00e7\u00e3o civil. O projeto \u00e9 in\u00e9dito na Regi\u00e3o Metropolitana de Campinas.","robots":{"index":"index","follow":"follow","max-snippet":"max-snippet:-1","max-image-preview":"max-image-preview:large","max-video-preview":"max-video-preview:-1"},"canonical":"https:\/\/unasp.br\/noticias\/unasp-no-projeto-mao-amiga-de-campinas\/","og_locale":"pt_BR","og_type":"article","og_title":"Unasp renova com Programa M\u00e3o Amiga em Campinas - UNASP Noticias","og_description":"A capacita\u00e7\u00e3o oferecida pelo Unasp traz no\u00e7\u00f5es b\u00e1sicas de constru\u00e7\u00e3o civil. O projeto \u00e9 in\u00e9dito na Regi\u00e3o Metropolitana de Campinas.","og_url":"https:\/\/unasp.br\/noticias\/unasp-no-projeto-mao-amiga-de-campinas\/","og_site_name":"UNASP Noticias","article_published_time":"2019-03-22T18:58:09+00:00","article_modified_time":"2019-03-22T19:01:47+00:00","og_image":[{"width":924,"height":644,"url":"https:\/\/cdn.unasp.br\/noticias\/wp-content\/uploads\/2019\/03\/22123652\/M%C3%A3o-amiga-1.jpg","type":"image\/jpeg"}],"author":"UNASP - TI-DESENVOLVIMENTO","twitter_card":"summary_large_image","twitter_misc":{"Escrito por":"UNASP - TI-DESENVOLVIMENTO","Est. tempo de leitura":"3 minutos"},"schema":{"@context":"https:\/\/schema.org","@graph":[{"@type":"Article","@id":"https:\/\/unasp.br\/noticias\/unasp-no-projeto-mao-amiga-de-campinas\/#article","isPartOf":{"@id":"https:\/\/unasp.br\/noticias\/unasp-no-projeto-mao-amiga-de-campinas\/"},"author":{"name":"UNASP - TI-DESENVOLVIMENTO","@id":"https:\/\/unasp.br\/noticias\/#\/schema\/person\/e3b8f8e8b1d3759eda9f61d2bb12b6d7"},"headline":"Unasp renova com Programa M\u00e3o Amiga em Campinas","datePublished":"2019-03-22T18:58:09+00:00","dateModified":"2019-03-22T19:01:47+00:00","mainEntityOfPage":{"@id":"https:\/\/unasp.br\/noticias\/unasp-no-projeto-mao-amiga-de-campinas\/"},"wordCount":696,"commentCount":0,"publisher":{"@id":"https:\/\/unasp.br\/noticias\/#organization"},"image":{"@id":"https:\/\/unasp.br\/noticias\/unasp-no-projeto-mao-amiga-de-campinas\/#primaryimage"},"thumbnailUrl":"https:\/\/cdn.unasp.br\/noticias\/wp-content\/uploads\/2019\/03\/22123652\/M%C3%A3o-amiga-1.jpg","articleSection":["Impacto Social"],"inLanguage":"pt-BR","potentialAction":[{"@type":"CommentAction","name":"Comment","target":["https:\/\/unasp.br\/noticias\/unasp-no-projeto-mao-amiga-de-campinas\/#respond"]}]},{"@type":"WebPage","@id":"https:\/\/unasp.br\/noticias\/unasp-no-projeto-mao-amiga-de-campinas\/","url":"https:\/\/unasp.br\/noticias\/unasp-no-projeto-mao-amiga-de-campinas\/","name":"Unasp renova com Programa M\u00e3o Amiga em Campinas - UNASP Noticias","isPartOf":{"@id":"https:\/\/unasp.br\/noticias\/#website"},"primaryImageOfPage":{"@id":"https:\/\/unasp.br\/noticias\/unasp-no-projeto-mao-amiga-de-campinas\/#primaryimage"},"image":{"@id":"https:\/\/unasp.br\/noticias\/unasp-no-projeto-mao-amiga-de-campinas\/#primaryimage"},"thumbnailUrl":"https:\/\/cdn.unasp.br\/noticias\/wp-content\/uploads\/2019\/03\/22123652\/M%C3%A3o-amiga-1.jpg","datePublished":"2019-03-22T18:58:09+00:00","dateModified":"2019-03-22T19:01:47+00:00","description":"A capacita\u00e7\u00e3o oferecida pelo Unasp traz no\u00e7\u00f5es b\u00e1sicas de constru\u00e7\u00e3o civil. O projeto \u00e9 in\u00e9dito na Regi\u00e3o Metropolitana de Campinas.","breadcrumb":{"@id":"https:\/\/unasp.br\/noticias\/unasp-no-projeto-mao-amiga-de-campinas\/#breadcrumb"},"inLanguage":"pt-BR","potentialAction":[{"@type":"ReadAction","target":["https:\/\/unasp.br\/noticias\/unasp-no-projeto-mao-amiga-de-campinas\/"]}]},{"@type":"ImageObject","inLanguage":"pt-BR","@id":"https:\/\/unasp.br\/noticias\/unasp-no-projeto-mao-amiga-de-campinas\/#primaryimage","url":"https:\/\/cdn.unasp.br\/noticias\/wp-content\/uploads\/2019\/03\/22123652\/M%C3%A3o-amiga-1.jpg","contentUrl":"https:\/\/cdn.unasp.br\/noticias\/wp-content\/uploads\/2019\/03\/22123652\/M%C3%A3o-amiga-1.jpg","width":924,"height":644},{"@type":"BreadcrumbList","@id":"https:\/\/unasp.br\/noticias\/unasp-no-projeto-mao-amiga-de-campinas\/#breadcrumb","itemListElement":[{"@type":"ListItem","position":1,"name":"In\u00edcio","item":"https:\/\/unasp.br\/noticias\/"},{"@type":"ListItem","position":2,"name":"Unasp renova com Programa M\u00e3o Amiga em Campinas"}]},{"@type":"WebSite","@id":"https:\/\/unasp.br\/noticias\/#website","url":"https:\/\/unasp.br\/noticias\/","name":"UNASP Noticias","description":"Centro Universit\u00e1rio Adventista de S\u00e3o Paulo","publisher":{"@id":"https:\/\/unasp.br\/noticias\/#organization"},"potentialAction":[{"@type":"SearchAction","target":{"@type":"EntryPoint","urlTemplate":"https:\/\/unasp.br\/noticias\/?s={search_term_string}"},"query-input":{"@type":"PropertyValueSpecification","valueRequired":true,"valueName":"search_term_string"}}],"inLanguage":"pt-BR"},{"@type":"Organization","@id":"https:\/\/unasp.br\/noticias\/#organization","name":"UNASP Noticias","url":"https:\/\/unasp.br\/noticias\/","logo":{"@type":"ImageObject","inLanguage":"pt-BR","@id":"https:\/\/unasp.br\/noticias\/#\/schema\/logo\/image\/","url":"https:\/\/cdn.unasp.br\/noticias\/wp-content\/uploads\/2021\/09\/09152724\/logo-unasp-news.png","contentUrl":"https:\/\/cdn.unasp.br\/noticias\/wp-content\/uploads\/2021\/09\/09152724\/logo-unasp-news.png","width":240,"height":41,"caption":"UNASP Noticias"},"image":{"@id":"https:\/\/unasp.br\/noticias\/#\/schema\/logo\/image\/"}},{"@type":"Person","@id":"https:\/\/unasp.br\/noticias\/#\/schema\/person\/e3b8f8e8b1d3759eda9f61d2bb12b6d7","name":"UNASP - TI-DESENVOLVIMENTO","image":{"@type":"ImageObject","inLanguage":"pt-BR","@id":"https:\/\/unasp.br\/noticias\/#\/schema\/person\/image\/","url":"https:\/\/secure.gravatar.com\/avatar\/88a02b7e6ee37f47de0ecad3877878b0?s=96&d=mm&r=g","contentUrl":"https:\/\/secure.gravatar.com\/avatar\/88a02b7e6ee37f47de0ecad3877878b0?s=96&d=mm&r=g","caption":"UNASP - TI-DESENVOLVIMENTO"},"url":"https:\/\/unasp.br\/noticias\/author\/admindefault-com\/"}]}},"_links":{"self":[{"href":"https:\/\/unasp.br\/noticias\/wp-json\/wp\/v2\/posts\/55340"}],"collection":[{"href":"https:\/\/unasp.br\/noticias\/wp-json\/wp\/v2\/posts"}],"about":[{"href":"https:\/\/unasp.br\/noticias\/wp-json\/wp\/v2\/types\/post"}],"author":[{"embeddable":true,"href":"https:\/\/unasp.br\/noticias\/wp-json\/wp\/v2\/users\/80"}],"replies":[{"embeddable":true,"href":"https:\/\/unasp.br\/noticias\/wp-json\/wp\/v2\/comments?post=55340"}],"version-history":[{"count":4,"href":"https:\/\/unasp.br\/noticias\/wp-json\/wp\/v2\/posts\/55340\/revisions"}],"predecessor-version":[{"id":55349,"href":"https:\/\/unasp.br\/noticias\/wp-json\/wp\/v2\/posts\/55340\/revisions\/55349"}],"wp:featuredmedia":[{"embeddable":true,"href":"https:\/\/unasp.br\/noticias\/wp-json\/wp\/v2\/media\/55342"}],"wp:attachment":[{"href":"https:\/\/unasp.br\/noticias\/wp-json\/wp\/v2\/media?parent=55340"}],"wp:term":[{"taxonomy":"category","embeddable":true,"href":"https:\/\/unasp.br\/noticias\/wp-json\/wp\/v2\/categories?post=55340"},{"taxonomy":"post_tag","embeddable":true,"href":"https:\/\/unasp.br\/noticias\/wp-json\/wp\/v2\/tags?post=55340"}],"curies":[{"name":"wp","href":"https:\/\/api.w.org\/{rel}","templated":true}]}}