{"id":56946,"date":"2019-04-15T16:52:33","date_gmt":"2019-04-15T19:52:33","guid":{"rendered":"https:\/\/www.unasp.br\/noticias\/?p=56946"},"modified":"2019-04-16T10:06:42","modified_gmt":"2019-04-16T13:06:42","slug":"irpf-no-unasp","status":"publish","type":"post","link":"https:\/\/unasp.br\/noticias\/irpf-no-unasp\/","title":{"rendered":"Unasp realiza mutir\u00e3o de declara\u00e7\u00e3o do Imposto de Renda"},"content":{"rendered":"<p><img loading=\"lazy\" decoding=\"async\" class=\"wp-image-56948 aligncenter\" src=\"https:\/\/www.unasp.br\/noticias\/wp-content\/uploads\/2019\/04\/Declara\u00e7\u00e3o-do-imposto-de-renda-2.jpeg\" alt=\"\" width=\"600\" height=\"338\" srcset=\"https:\/\/cdn.unasp.br\/noticias\/wp-content\/uploads\/2019\/04\/15134910\/Declara%C3%A7%C3%A3o-do-imposto-de-renda-2.jpeg 1032w, https:\/\/cdn.unasp.br\/noticias\/wp-content\/uploads\/2019\/04\/15134910\/Declara%C3%A7%C3%A3o-do-imposto-de-renda-2-300x169.jpeg 300w, https:\/\/cdn.unasp.br\/noticias\/wp-content\/uploads\/2019\/04\/15134910\/Declara%C3%A7%C3%A3o-do-imposto-de-renda-2-768x432.jpeg 768w, https:\/\/cdn.unasp.br\/noticias\/wp-content\/uploads\/2019\/04\/15134910\/Declara%C3%A7%C3%A3o-do-imposto-de-renda-2-1024x576.jpeg 1024w, https:\/\/cdn.unasp.br\/noticias\/wp-content\/uploads\/2019\/04\/15134910\/Declara%C3%A7%C3%A3o-do-imposto-de-renda-2-800x450.jpeg 800w, https:\/\/cdn.unasp.br\/noticias\/wp-content\/uploads\/2019\/04\/15134910\/Declara%C3%A7%C3%A3o-do-imposto-de-renda-2-750x422.jpeg 750w, https:\/\/cdn.unasp.br\/noticias\/wp-content\/uploads\/2019\/04\/15134910\/Declara%C3%A7%C3%A3o-do-imposto-de-renda-2-720x405.jpeg 720w, https:\/\/cdn.unasp.br\/noticias\/wp-content\/uploads\/2019\/04\/15134910\/Declara%C3%A7%C3%A3o-do-imposto-de-renda-2-497x280.jpeg 497w, https:\/\/cdn.unasp.br\/noticias\/wp-content\/uploads\/2019\/04\/15134910\/Declara%C3%A7%C3%A3o-do-imposto-de-renda-2-500x281.jpeg 500w, https:\/\/cdn.unasp.br\/noticias\/wp-content\/uploads\/2019\/04\/15134910\/Declara%C3%A7%C3%A3o-do-imposto-de-renda-2-400x225.jpeg 400w, https:\/\/cdn.unasp.br\/noticias\/wp-content\/uploads\/2019\/04\/15134910\/Declara%C3%A7%C3%A3o-do-imposto-de-renda-2-355x200.jpeg 355w, https:\/\/cdn.unasp.br\/noticias\/wp-content\/uploads\/2019\/04\/15134910\/Declara%C3%A7%C3%A3o-do-imposto-de-renda-2-266x150.jpeg 266w, https:\/\/cdn.unasp.br\/noticias\/wp-content\/uploads\/2019\/04\/15134910\/Declara%C3%A7%C3%A3o-do-imposto-de-renda-2-175x99.jpeg 175w, https:\/\/cdn.unasp.br\/noticias\/wp-content\/uploads\/2019\/04\/15134910\/Declara%C3%A7%C3%A3o-do-imposto-de-renda-2-200x113.jpeg 200w\" sizes=\"(max-width: 600px) 100vw, 600px\" \/><\/p>\n<p style=\"text-align: center;\"><em>A atividade acontece todos os anos e beneficia moradores de Engenheiro Coelho e Artur Nogueira<\/em><\/p>\n<p style=\"text-align: justify;\">A Faculdade de Ci\u00eancias Cont\u00e1beis do Centro Universit\u00e1rio Adventista de S\u00e3o Paulo (Unasp), campus Engenheiro Coelho, realizou no domingo (14) o mutir\u00e3o de declara\u00e7\u00e3o do Imposto de Renda para Pessoa F\u00edsica (IRPF). A a\u00e7\u00e3o solid\u00e1ria foi oferecida em benef\u00edcio dos moradores de Engenheiro Coelho e Artur Nogueira (SP).<\/p>\n<p style=\"text-align: justify;\">Faltando 15 dias para o encerramento do prazo do IRPF apenas 43% dos contribuintes declarantes de Engenheiro Coelho enviaram as informa\u00e7\u00f5es necess\u00e1rias. em Artur Nogueira apenas 43,48% da popula\u00e7\u00e3o prestou contas. A Receita Federal espera receber nas duas cidades 9.986 declara\u00e7\u00f5es este ano.<\/p>\n<p style=\"text-align: justify;\">Para muitos, o momento da declara\u00e7\u00e3o do Imposto de Renda gera d\u00favidas sobre o que deve ser feito. Pensando nisso, professores e alunos do Unasp oferecem o servi\u00e7o h\u00e1 10 anos para a comunidade sanando questionamentos e prestando aux\u00edlio aos moradores da regi\u00e3o.<\/p>\n<p style=\"text-align: justify;\">A professora aposentada, Dalva Regina Castanho, encontrou apoio na ajuda prestada pelo Centro Universit\u00e1rio e confirmou presen\u00e7a pelo segundo ano consecutivo no projeto. \u201cFacilita muito pra n\u00f3s. Sempre acontece no mesmo n\u00facleo, no mesmo lugar. \u00c9 um meio facilitador para n\u00f3s que somos da terceira idade e queremos manter nossa documenta\u00e7\u00e3o correta. Sem contar que o atendimento \u00e9 \u00f3timo, todos s\u00e3o muito am\u00e1veis e prestativos\u201d, afirma.<\/p>\n<p style=\"text-align: justify;\"><strong>Pr\u00e1tica acad\u00eamica<\/strong><\/p>\n<p style=\"text-align: justify;\">Os servi\u00e7os envolvem alunos de Contabilidade, Administra\u00e7\u00e3o e Direito que prestam orienta\u00e7\u00f5es nas \u00e1reas administrativa e jur\u00eddica. Kensley Lima cursa o terceiro ano de Direito no Unasp e participou pela primeira vez do mutir\u00e3o solid\u00e1rio.<\/p>\n<p style=\"text-align: justify;\">O estudante conta que tanto quem recebe quanto quem faz o servi\u00e7o sai beneficiado. \u201cEu acredito que todos esses programas que o Unasp oferece s\u00e3o uma oportunidade de conhecimento. Tudo isso que n\u00f3s estamos fazendo, al\u00e9m de ajudar as pessoas estamos desenvolvendo a parte acad\u00eamica. Isso faz toda a diferen\u00e7a\u201d, enfatiza.<\/p>\n<p style=\"text-align: justify;\">Na a\u00e7\u00e3o de domingo cada declarante levou uma doa\u00e7\u00e3o simb\u00f3lica de 3 litros de leite longa vida. Foram arrecadados 50 litros que ser\u00e3o revertidos para doa\u00e7\u00f5es a pessoas carentes. Aqueles que desejarem receber a presta\u00e7\u00e3o de servi\u00e7o ainda podem agendar at\u00e9 o dia 19 de abril pelos telefones (19) 99927-0150 e 3858-9585 ou pelo e-mail <a href=\"mailto:metta.consultoria@ucb.org.br\">metta.consultoria@ucb.org.br<\/a>.<\/p>\n","protected":false},"excerpt":{"rendered":"<p>A atividade acontece todos os anos e beneficia moradores de Engenheiro Coelho e Artur Nogueira A Faculdade [&hellip;]<\/p>\n","protected":false},"author":80,"featured_media":56947,"comment_status":"open","ping_status":"open","sticky":false,"template":"","format":"standard","meta":{"footnotes":""},"categories":[10],"tags":[],"yoast_head":"<!-- This site is optimized with the Yoast SEO plugin v23.5 - https:\/\/yoast.com\/wordpress\/plugins\/seo\/ -->\n<title>Unasp realiza declara\u00e7\u00e3o solid\u00e1ria do IRPF 2019 em Engenheiro Coelho<\/title>\n<meta name=\"description\" content=\"A Faculdade de Ci\u00eancias Cont\u00e1beis do Unasp, em Engenheiro Coelho, realizou o mutir\u00e3o de declara\u00e7\u00e3o do Imposto de Renda para Pessoa F\u00edsica 2019.\" \/>\n<meta name=\"robots\" content=\"index, follow, max-snippet:-1, max-image-preview:large, max-video-preview:-1\" \/>\n<link rel=\"canonical\" href=\"https:\/\/unasp.br\/noticias\/irpf-no-unasp\/\" \/>\n<meta property=\"og:locale\" content=\"pt_BR\" \/>\n<meta property=\"og:type\" content=\"article\" \/>\n<meta property=\"og:title\" content=\"Unasp realiza declara\u00e7\u00e3o solid\u00e1ria do IRPF 2019 em Engenheiro Coelho\" \/>\n<meta property=\"og:description\" content=\"A Faculdade de Ci\u00eancias Cont\u00e1beis do Unasp, em Engenheiro Coelho, realizou o mutir\u00e3o de declara\u00e7\u00e3o do Imposto de Renda para Pessoa F\u00edsica 2019.\" \/>\n<meta property=\"og:url\" content=\"https:\/\/unasp.br\/noticias\/irpf-no-unasp\/\" \/>\n<meta property=\"og:site_name\" content=\"UNASP Noticias\" \/>\n<meta property=\"article:published_time\" content=\"2019-04-15T19:52:33+00:00\" \/>\n<meta property=\"article:modified_time\" content=\"2019-04-16T13:06:42+00:00\" \/>\n<meta property=\"og:image\" content=\"https:\/\/cdn.unasp.br\/noticias\/wp-content\/uploads\/2019\/04\/15134718\/Declara%C3%A7%C3%A3o-do-imposto-de-renda.jpeg\" \/>\n\t<meta property=\"og:image:width\" content=\"1032\" \/>\n\t<meta property=\"og:image:height\" content=\"774\" \/>\n\t<meta property=\"og:image:type\" content=\"image\/jpeg\" \/>\n<meta name=\"author\" content=\"UNASP - TI-DESENVOLVIMENTO\" \/>\n<meta name=\"twitter:card\" content=\"summary_large_image\" \/>\n<meta name=\"twitter:label1\" content=\"Escrito por\" \/>\n\t<meta name=\"twitter:data1\" content=\"UNASP - TI-DESENVOLVIMENTO\" \/>\n\t<meta name=\"twitter:label2\" content=\"Est. tempo de leitura\" \/>\n\t<meta name=\"twitter:data2\" content=\"2 minutos\" \/>\n<script type=\"application\/ld+json\" class=\"yoast-schema-graph\">{\"@context\":\"https:\/\/schema.org\",\"@graph\":[{\"@type\":\"Article\",\"@id\":\"https:\/\/unasp.br\/noticias\/irpf-no-unasp\/#article\",\"isPartOf\":{\"@id\":\"https:\/\/unasp.br\/noticias\/irpf-no-unasp\/\"},\"author\":{\"name\":\"UNASP - TI-DESENVOLVIMENTO\",\"@id\":\"https:\/\/unasp.br\/noticias\/#\/schema\/person\/e3b8f8e8b1d3759eda9f61d2bb12b6d7\"},\"headline\":\"Unasp realiza mutir\u00e3o de declara\u00e7\u00e3o do Imposto de Renda\",\"datePublished\":\"2019-04-15T19:52:33+00:00\",\"dateModified\":\"2019-04-16T13:06:42+00:00\",\"mainEntityOfPage\":{\"@id\":\"https:\/\/unasp.br\/noticias\/irpf-no-unasp\/\"},\"wordCount\":410,\"commentCount\":0,\"publisher\":{\"@id\":\"https:\/\/unasp.br\/noticias\/#organization\"},\"image\":{\"@id\":\"https:\/\/unasp.br\/noticias\/irpf-no-unasp\/#primaryimage\"},\"thumbnailUrl\":\"https:\/\/cdn.unasp.br\/noticias\/wp-content\/uploads\/2019\/04\/15134718\/Declara%C3%A7%C3%A3o-do-imposto-de-renda.jpeg\",\"articleSection\":[\"Impacto Social\"],\"inLanguage\":\"pt-BR\",\"potentialAction\":[{\"@type\":\"CommentAction\",\"name\":\"Comment\",\"target\":[\"https:\/\/unasp.br\/noticias\/irpf-no-unasp\/#respond\"]}]},{\"@type\":\"WebPage\",\"@id\":\"https:\/\/unasp.br\/noticias\/irpf-no-unasp\/\",\"url\":\"https:\/\/unasp.br\/noticias\/irpf-no-unasp\/\",\"name\":\"Unasp realiza declara\u00e7\u00e3o solid\u00e1ria do IRPF 2019 em Engenheiro Coelho\",\"isPartOf\":{\"@id\":\"https:\/\/unasp.br\/noticias\/#website\"},\"primaryImageOfPage\":{\"@id\":\"https:\/\/unasp.br\/noticias\/irpf-no-unasp\/#primaryimage\"},\"image\":{\"@id\":\"https:\/\/unasp.br\/noticias\/irpf-no-unasp\/#primaryimage\"},\"thumbnailUrl\":\"https:\/\/cdn.unasp.br\/noticias\/wp-content\/uploads\/2019\/04\/15134718\/Declara%C3%A7%C3%A3o-do-imposto-de-renda.jpeg\",\"datePublished\":\"2019-04-15T19:52:33+00:00\",\"dateModified\":\"2019-04-16T13:06:42+00:00\",\"description\":\"A Faculdade de Ci\u00eancias Cont\u00e1beis do Unasp, em Engenheiro Coelho, realizou o mutir\u00e3o de declara\u00e7\u00e3o do Imposto de Renda para Pessoa F\u00edsica 2019.\",\"breadcrumb\":{\"@id\":\"https:\/\/unasp.br\/noticias\/irpf-no-unasp\/#breadcrumb\"},\"inLanguage\":\"pt-BR\",\"potentialAction\":[{\"@type\":\"ReadAction\",\"target\":[\"https:\/\/unasp.br\/noticias\/irpf-no-unasp\/\"]}]},{\"@type\":\"ImageObject\",\"inLanguage\":\"pt-BR\",\"@id\":\"https:\/\/unasp.br\/noticias\/irpf-no-unasp\/#primaryimage\",\"url\":\"https:\/\/cdn.unasp.br\/noticias\/wp-content\/uploads\/2019\/04\/15134718\/Declara%C3%A7%C3%A3o-do-imposto-de-renda.jpeg\",\"contentUrl\":\"https:\/\/cdn.unasp.br\/noticias\/wp-content\/uploads\/2019\/04\/15134718\/Declara%C3%A7%C3%A3o-do-imposto-de-renda.jpeg\",\"width\":1032,\"height\":774},{\"@type\":\"BreadcrumbList\",\"@id\":\"https:\/\/unasp.br\/noticias\/irpf-no-unasp\/#breadcrumb\",\"itemListElement\":[{\"@type\":\"ListItem\",\"position\":1,\"name\":\"In\u00edcio\",\"item\":\"https:\/\/unasp.br\/noticias\/\"},{\"@type\":\"ListItem\",\"position\":2,\"name\":\"Unasp realiza mutir\u00e3o de declara\u00e7\u00e3o do Imposto de Renda\"}]},{\"@type\":\"WebSite\",\"@id\":\"https:\/\/unasp.br\/noticias\/#website\",\"url\":\"https:\/\/unasp.br\/noticias\/\",\"name\":\"UNASP Noticias\",\"description\":\"Centro Universit\u00e1rio Adventista de S\u00e3o Paulo\",\"publisher\":{\"@id\":\"https:\/\/unasp.br\/noticias\/#organization\"},\"potentialAction\":[{\"@type\":\"SearchAction\",\"target\":{\"@type\":\"EntryPoint\",\"urlTemplate\":\"https:\/\/unasp.br\/noticias\/?s={search_term_string}\"},\"query-input\":{\"@type\":\"PropertyValueSpecification\",\"valueRequired\":true,\"valueName\":\"search_term_string\"}}],\"inLanguage\":\"pt-BR\"},{\"@type\":\"Organization\",\"@id\":\"https:\/\/unasp.br\/noticias\/#organization\",\"name\":\"UNASP Noticias\",\"url\":\"https:\/\/unasp.br\/noticias\/\",\"logo\":{\"@type\":\"ImageObject\",\"inLanguage\":\"pt-BR\",\"@id\":\"https:\/\/unasp.br\/noticias\/#\/schema\/logo\/image\/\",\"url\":\"https:\/\/cdn.unasp.br\/noticias\/wp-content\/uploads\/2021\/09\/09152724\/logo-unasp-news.png\",\"contentUrl\":\"https:\/\/cdn.unasp.br\/noticias\/wp-content\/uploads\/2021\/09\/09152724\/logo-unasp-news.png\",\"width\":240,\"height\":41,\"caption\":\"UNASP Noticias\"},\"image\":{\"@id\":\"https:\/\/unasp.br\/noticias\/#\/schema\/logo\/image\/\"}},{\"@type\":\"Person\",\"@id\":\"https:\/\/unasp.br\/noticias\/#\/schema\/person\/e3b8f8e8b1d3759eda9f61d2bb12b6d7\",\"name\":\"UNASP - TI-DESENVOLVIMENTO\",\"image\":{\"@type\":\"ImageObject\",\"inLanguage\":\"pt-BR\",\"@id\":\"https:\/\/unasp.br\/noticias\/#\/schema\/person\/image\/\",\"url\":\"https:\/\/secure.gravatar.com\/avatar\/88a02b7e6ee37f47de0ecad3877878b0?s=96&d=mm&r=g\",\"contentUrl\":\"https:\/\/secure.gravatar.com\/avatar\/88a02b7e6ee37f47de0ecad3877878b0?s=96&d=mm&r=g\",\"caption\":\"UNASP - TI-DESENVOLVIMENTO\"},\"url\":\"https:\/\/unasp.br\/noticias\/author\/admindefault-com\/\"}]}<\/script>\n<!-- \/ Yoast SEO plugin. -->","yoast_head_json":{"title":"Unasp realiza declara\u00e7\u00e3o solid\u00e1ria do IRPF 2019 em Engenheiro Coelho","description":"A Faculdade de Ci\u00eancias Cont\u00e1beis do Unasp, em Engenheiro Coelho, realizou o mutir\u00e3o de declara\u00e7\u00e3o do Imposto de Renda para Pessoa F\u00edsica 2019.","robots":{"index":"index","follow":"follow","max-snippet":"max-snippet:-1","max-image-preview":"max-image-preview:large","max-video-preview":"max-video-preview:-1"},"canonical":"https:\/\/unasp.br\/noticias\/irpf-no-unasp\/","og_locale":"pt_BR","og_type":"article","og_title":"Unasp realiza declara\u00e7\u00e3o solid\u00e1ria do IRPF 2019 em Engenheiro Coelho","og_description":"A Faculdade de Ci\u00eancias Cont\u00e1beis do Unasp, em Engenheiro Coelho, realizou o mutir\u00e3o de declara\u00e7\u00e3o do Imposto de Renda para Pessoa F\u00edsica 2019.","og_url":"https:\/\/unasp.br\/noticias\/irpf-no-unasp\/","og_site_name":"UNASP Noticias","article_published_time":"2019-04-15T19:52:33+00:00","article_modified_time":"2019-04-16T13:06:42+00:00","og_image":[{"width":1032,"height":774,"url":"https:\/\/cdn.unasp.br\/noticias\/wp-content\/uploads\/2019\/04\/15134718\/Declara%C3%A7%C3%A3o-do-imposto-de-renda.jpeg","type":"image\/jpeg"}],"author":"UNASP - TI-DESENVOLVIMENTO","twitter_card":"summary_large_image","twitter_misc":{"Escrito por":"UNASP - TI-DESENVOLVIMENTO","Est. tempo de leitura":"2 minutos"},"schema":{"@context":"https:\/\/schema.org","@graph":[{"@type":"Article","@id":"https:\/\/unasp.br\/noticias\/irpf-no-unasp\/#article","isPartOf":{"@id":"https:\/\/unasp.br\/noticias\/irpf-no-unasp\/"},"author":{"name":"UNASP - TI-DESENVOLVIMENTO","@id":"https:\/\/unasp.br\/noticias\/#\/schema\/person\/e3b8f8e8b1d3759eda9f61d2bb12b6d7"},"headline":"Unasp realiza mutir\u00e3o de declara\u00e7\u00e3o do Imposto de Renda","datePublished":"2019-04-15T19:52:33+00:00","dateModified":"2019-04-16T13:06:42+00:00","mainEntityOfPage":{"@id":"https:\/\/unasp.br\/noticias\/irpf-no-unasp\/"},"wordCount":410,"commentCount":0,"publisher":{"@id":"https:\/\/unasp.br\/noticias\/#organization"},"image":{"@id":"https:\/\/unasp.br\/noticias\/irpf-no-unasp\/#primaryimage"},"thumbnailUrl":"https:\/\/cdn.unasp.br\/noticias\/wp-content\/uploads\/2019\/04\/15134718\/Declara%C3%A7%C3%A3o-do-imposto-de-renda.jpeg","articleSection":["Impacto Social"],"inLanguage":"pt-BR","potentialAction":[{"@type":"CommentAction","name":"Comment","target":["https:\/\/unasp.br\/noticias\/irpf-no-unasp\/#respond"]}]},{"@type":"WebPage","@id":"https:\/\/unasp.br\/noticias\/irpf-no-unasp\/","url":"https:\/\/unasp.br\/noticias\/irpf-no-unasp\/","name":"Unasp realiza declara\u00e7\u00e3o solid\u00e1ria do IRPF 2019 em Engenheiro Coelho","isPartOf":{"@id":"https:\/\/unasp.br\/noticias\/#website"},"primaryImageOfPage":{"@id":"https:\/\/unasp.br\/noticias\/irpf-no-unasp\/#primaryimage"},"image":{"@id":"https:\/\/unasp.br\/noticias\/irpf-no-unasp\/#primaryimage"},"thumbnailUrl":"https:\/\/cdn.unasp.br\/noticias\/wp-content\/uploads\/2019\/04\/15134718\/Declara%C3%A7%C3%A3o-do-imposto-de-renda.jpeg","datePublished":"2019-04-15T19:52:33+00:00","dateModified":"2019-04-16T13:06:42+00:00","description":"A Faculdade de Ci\u00eancias Cont\u00e1beis do Unasp, em Engenheiro Coelho, realizou o mutir\u00e3o de declara\u00e7\u00e3o do Imposto de Renda para Pessoa F\u00edsica 2019.","breadcrumb":{"@id":"https:\/\/unasp.br\/noticias\/irpf-no-unasp\/#breadcrumb"},"inLanguage":"pt-BR","potentialAction":[{"@type":"ReadAction","target":["https:\/\/unasp.br\/noticias\/irpf-no-unasp\/"]}]},{"@type":"ImageObject","inLanguage":"pt-BR","@id":"https:\/\/unasp.br\/noticias\/irpf-no-unasp\/#primaryimage","url":"https:\/\/cdn.unasp.br\/noticias\/wp-content\/uploads\/2019\/04\/15134718\/Declara%C3%A7%C3%A3o-do-imposto-de-renda.jpeg","contentUrl":"https:\/\/cdn.unasp.br\/noticias\/wp-content\/uploads\/2019\/04\/15134718\/Declara%C3%A7%C3%A3o-do-imposto-de-renda.jpeg","width":1032,"height":774},{"@type":"BreadcrumbList","@id":"https:\/\/unasp.br\/noticias\/irpf-no-unasp\/#breadcrumb","itemListElement":[{"@type":"ListItem","position":1,"name":"In\u00edcio","item":"https:\/\/unasp.br\/noticias\/"},{"@type":"ListItem","position":2,"name":"Unasp realiza mutir\u00e3o de declara\u00e7\u00e3o do Imposto de Renda"}]},{"@type":"WebSite","@id":"https:\/\/unasp.br\/noticias\/#website","url":"https:\/\/unasp.br\/noticias\/","name":"UNASP Noticias","description":"Centro Universit\u00e1rio Adventista de S\u00e3o Paulo","publisher":{"@id":"https:\/\/unasp.br\/noticias\/#organization"},"potentialAction":[{"@type":"SearchAction","target":{"@type":"EntryPoint","urlTemplate":"https:\/\/unasp.br\/noticias\/?s={search_term_string}"},"query-input":{"@type":"PropertyValueSpecification","valueRequired":true,"valueName":"search_term_string"}}],"inLanguage":"pt-BR"},{"@type":"Organization","@id":"https:\/\/unasp.br\/noticias\/#organization","name":"UNASP Noticias","url":"https:\/\/unasp.br\/noticias\/","logo":{"@type":"ImageObject","inLanguage":"pt-BR","@id":"https:\/\/unasp.br\/noticias\/#\/schema\/logo\/image\/","url":"https:\/\/cdn.unasp.br\/noticias\/wp-content\/uploads\/2021\/09\/09152724\/logo-unasp-news.png","contentUrl":"https:\/\/cdn.unasp.br\/noticias\/wp-content\/uploads\/2021\/09\/09152724\/logo-unasp-news.png","width":240,"height":41,"caption":"UNASP Noticias"},"image":{"@id":"https:\/\/unasp.br\/noticias\/#\/schema\/logo\/image\/"}},{"@type":"Person","@id":"https:\/\/unasp.br\/noticias\/#\/schema\/person\/e3b8f8e8b1d3759eda9f61d2bb12b6d7","name":"UNASP - TI-DESENVOLVIMENTO","image":{"@type":"ImageObject","inLanguage":"pt-BR","@id":"https:\/\/unasp.br\/noticias\/#\/schema\/person\/image\/","url":"https:\/\/secure.gravatar.com\/avatar\/88a02b7e6ee37f47de0ecad3877878b0?s=96&d=mm&r=g","contentUrl":"https:\/\/secure.gravatar.com\/avatar\/88a02b7e6ee37f47de0ecad3877878b0?s=96&d=mm&r=g","caption":"UNASP - TI-DESENVOLVIMENTO"},"url":"https:\/\/unasp.br\/noticias\/author\/admindefault-com\/"}]}},"_links":{"self":[{"href":"https:\/\/unasp.br\/noticias\/wp-json\/wp\/v2\/posts\/56946"}],"collection":[{"href":"https:\/\/unasp.br\/noticias\/wp-json\/wp\/v2\/posts"}],"about":[{"href":"https:\/\/unasp.br\/noticias\/wp-json\/wp\/v2\/types\/post"}],"author":[{"embeddable":true,"href":"https:\/\/unasp.br\/noticias\/wp-json\/wp\/v2\/users\/80"}],"replies":[{"embeddable":true,"href":"https:\/\/unasp.br\/noticias\/wp-json\/wp\/v2\/comments?post=56946"}],"version-history":[{"count":2,"href":"https:\/\/unasp.br\/noticias\/wp-json\/wp\/v2\/posts\/56946\/revisions"}],"predecessor-version":[{"id":57006,"href":"https:\/\/unasp.br\/noticias\/wp-json\/wp\/v2\/posts\/56946\/revisions\/57006"}],"wp:featuredmedia":[{"embeddable":true,"href":"https:\/\/unasp.br\/noticias\/wp-json\/wp\/v2\/media\/56947"}],"wp:attachment":[{"href":"https:\/\/unasp.br\/noticias\/wp-json\/wp\/v2\/media?parent=56946"}],"wp:term":[{"taxonomy":"category","embeddable":true,"href":"https:\/\/unasp.br\/noticias\/wp-json\/wp\/v2\/categories?post=56946"},{"taxonomy":"post_tag","embeddable":true,"href":"https:\/\/unasp.br\/noticias\/wp-json\/wp\/v2\/tags?post=56946"}],"curies":[{"name":"wp","href":"https:\/\/api.w.org\/{rel}","templated":true}]}}