{"id":57064,"date":"2019-04-17T10:56:52","date_gmt":"2019-04-17T13:56:52","guid":{"rendered":"https:\/\/www.unasp.br\/noticias\/?p=57064"},"modified":"2019-04-17T11:02:59","modified_gmt":"2019-04-17T14:02:59","slug":"surdos-ainda-tem-muitos-desafios-relacionados-a-inclusao-no-mercado-de-trabalho-diz-pesquisa","status":"publish","type":"post","link":"https:\/\/unasp.br\/noticias\/surdos-ainda-tem-muitos-desafios-relacionados-a-inclusao-no-mercado-de-trabalho-diz-pesquisa\/","title":{"rendered":"Surdos ainda t\u00eam muitos desafios relacionados \u00e0 inclus\u00e3o no mercado de trabalho, diz pesquisa"},"content":{"rendered":"<div id=\"attachment_57065\" style=\"width: 621px\" class=\"wp-caption aligncenter\"><img loading=\"lazy\" decoding=\"async\" aria-describedby=\"caption-attachment-57065\" class=\" wp-image-57065\" src=\"https:\/\/www.unasp.br\/noticias\/wp-content\/uploads\/2019\/04\/fsdf-300x225.png\" alt=\"\" width=\"611\" height=\"458\" srcset=\"https:\/\/cdn.unasp.br\/noticias\/wp-content\/uploads\/2019\/04\/17074147\/fsdf-300x225.png 300w, https:\/\/cdn.unasp.br\/noticias\/wp-content\/uploads\/2019\/04\/17074147\/fsdf-768x576.png 768w, https:\/\/cdn.unasp.br\/noticias\/wp-content\/uploads\/2019\/04\/17074147\/fsdf-800x600.png 800w, https:\/\/cdn.unasp.br\/noticias\/wp-content\/uploads\/2019\/04\/17074147\/fsdf-667x500.png 667w, https:\/\/cdn.unasp.br\/noticias\/wp-content\/uploads\/2019\/04\/17074147\/fsdf-640x480.png 640w, https:\/\/cdn.unasp.br\/noticias\/wp-content\/uploads\/2019\/04\/17074147\/fsdf-373x280.png 373w, https:\/\/cdn.unasp.br\/noticias\/wp-content\/uploads\/2019\/04\/17074147\/fsdf-500x375.png 500w, https:\/\/cdn.unasp.br\/noticias\/wp-content\/uploads\/2019\/04\/17074147\/fsdf-400x300.png 400w, https:\/\/cdn.unasp.br\/noticias\/wp-content\/uploads\/2019\/04\/17074147\/fsdf-333x250.png 333w, https:\/\/cdn.unasp.br\/noticias\/wp-content\/uploads\/2019\/04\/17074147\/fsdf-267x200.png 267w, https:\/\/cdn.unasp.br\/noticias\/wp-content\/uploads\/2019\/04\/17074147\/fsdf-200x150.png 200w, https:\/\/cdn.unasp.br\/noticias\/wp-content\/uploads\/2019\/04\/17074147\/fsdf-175x131.png 175w, https:\/\/cdn.unasp.br\/noticias\/wp-content\/uploads\/2019\/04\/17074147\/fsdf.png 960w\" sizes=\"(max-width: 611px) 100vw, 611px\" \/><p id=\"caption-attachment-57065\" class=\"wp-caption-text\">Aluno Edson Loxe ap\u00f3s defender seu TCC, junto com os professores dr. Fabio Bergamo e me. Walter Rubini, bem como a convidada da banca, a profissional surda Michele Estrela.<\/p><\/div>\n<p style=\"text-align: justify;\">Falta conscientiza\u00e7\u00e3o das empresas e da sociedade em geral sobre a import\u00e2ncia da inclus\u00e3o social dos surdos no mercado de trabalho. Esta foi a principal conclus\u00e3o da rec\u00e9m-publicada\u00a0pesquisa realizada pelo egresso do Curso de Administra\u00e7\u00e3o do Unasp S\u00e3o Paulo, Edson Gomes Loxe. Com o t\u00edtulo \u201cA Inclus\u00e3o do Surdo no Mercado de Trabalho\u201d, a pesquisa de Loxe apresentou um panorama da percep\u00e7\u00e3o dos surdos no que diz respeito \u00e0 inser\u00e7\u00e3o deles no mercado de trabalho. O estudo foi apresentado como Trabalho de Conclus\u00e3o de Curso por Loxe, e acaba de ser publicada no caderno de educa\u00e7\u00e3o e cultura do peri\u00f3dico cient\u00edfico \u201cFormadores\u201d, em seu d\u00e9cimo segundo volume.<\/p>\n<p style=\"text-align: justify;\">A pesquisa teve como foco entender como os pr\u00f3prios surdos se percebem na sua jornada de busca e efetiva\u00e7\u00e3o em uma coloca\u00e7\u00e3o no mercado de trabalho. \u201cO que me motivou a pesquisar sobre esse tema foi o meu trabalho volunt\u00e1rio de anos que realizo com os surdos. Al\u00e9m disso, na busca por estudos anteriores, percebe-se que o tema \u00e9 uma lacuna real na literatura cient\u00edfica brasileira de gest\u00e3o de pessoas\u201d, afirma Loxe, o autor. Os resultados apontam para uma falta de entendimento da sociedade de que a cultura surda \u00e9 diferente e que isso se reflete no mercado de trabalho.<\/p>\n<p style=\"text-align: justify;\">Apesar do apoio da fam\u00edlia, que muitas vezes se esfor\u00e7a para apoiar o surdo em sua jornada, a falta de prepara\u00e7\u00e3o do mercado para receber esse profissional prejudica sua inclus\u00e3o. Mesmo que existam legisla\u00e7\u00f5es espec\u00edficas para o tema, como a Lei de Cotas para Deficientes, vigente desde 2009 e amplamente debatida na pesquisa, h\u00e1 ainda um longo caminho para a inclus\u00e3o definitiva desse grupo de pessoas no mercado. A pesquisa mostra, atrav\u00e9s de entrevistas com v\u00e1rios profissionais surdos, que para mero cumprimento da legisla\u00e7\u00e3o se contrata pessoas para cargos que muitas vezes ele tem at\u00e9 forma\u00e7\u00e3o em n\u00edvel maior que o necess\u00e1rio para aquela fun\u00e7\u00e3o. Contudo, a falta de estrutura para recebimento desse profissional surdo (como int\u00e9rpretes em Linguagem de Sinais, por exemplo) faz com que ele seja colocado em fun\u00e7\u00f5es de n\u00edveis inferiores \u00e0 sua plena capacidade.<\/p>\n<p style=\"text-align: justify;\">Para o autor, \u00e9 necess\u00e1ria a conscientiza\u00e7\u00e3o da sociedade e do meio corporativo da inclus\u00e3o de pessoas surdas que, segundo o \u00faltimo censo do IBGE, s\u00e3o quase 10 milh\u00f5es no pa\u00eds. Deve-se \u201centender a import\u00e2ncia de estabelecer uma sociedade inclusiva, atrav\u00e9s de quebra de paradigmas e tabus, onde qualquer tipo de preconceito e discrimina\u00e7\u00e3o devem ser banidos e as leis garantam o cumprimento de a\u00e7\u00f5es que conduza o Surdo a ter as mesmas oportunidades que um Ouvinte, e por fim, as pol\u00edticas sociais funcionem de fato para garantir o tratamento igualit\u00e1rio entre Surdos e Ouvintes\u201d, como prop\u00f5e Loxe em suas considera\u00e7\u00f5es finais da sua pesquisa.<\/p>\n<p style=\"text-align: justify;\"><strong>Inclus\u00e3o como tema transversal <\/strong><\/p>\n<p style=\"text-align: justify;\">O Unasp trata o tema da inclus\u00e3o como transversal, proposto por seu plano pedag\u00f3gico institucional. Isto se traduz nas v\u00e1rias pesquisas realizadas no tema dentro dos Trabalhos de Conclus\u00e3o de Curso e que tem originado publica\u00e7\u00f5es como a de Loxe. O me. Walter Rubini, um dos co-autores da pesquisa e tamb\u00e9m coordenador do curso de Direito afirma que a publica\u00e7\u00e3o \u00e9 louv\u00e1vel e saiu em boa hora. \u201cA inclus\u00e3o do Surdo no mercado de trabalho apresentado nesta pesquisa, realizada no curso de Administra\u00e7\u00e3o, vem ao encontro do GEDAIS, Grupo de Estudo em Direito, Acessibilidade e Inclus\u00e3o Social que est\u00e1 em implanta\u00e7\u00e3o no exato momento. Isto mostra a interdisciplinaridade e as poss\u00edveis parcerias que s\u00e3o fomentadas dentro do Unasp entre os mais variados cursos e iniciativas\u201d, afirma o coordenador.<\/p>\n<p style=\"text-align: justify;\">A pesquisa, proveniente dos trabalhos de conclus\u00e3o de curso de Administra\u00e7\u00e3o, tem como co-autores do trabalho, al\u00e9m do professor me. Walter Rubini, a professora especialista Jackeline Mennon, orientadora da pesquisa, e o professor dr. Fabio Bergamo, orientador de pesquisa do curso de Administra\u00e7\u00e3o. O artigo completo contendo a pesquisa pode ser acessada clicando <a href=\"http:\/\/www.seer-adventista.com.br\/ojs\/index.php\/formadores\/article\/view\/993\/803\">aqui<\/a>.<\/p>\n","protected":false},"excerpt":{"rendered":"<p>Falta conscientiza\u00e7\u00e3o das empresas e da sociedade em geral sobre a import\u00e2ncia da inclus\u00e3o social dos surdos [&hellip;]<\/p>\n","protected":false},"author":30,"featured_media":57065,"comment_status":"open","ping_status":"open","sticky":false,"template":"","format":"standard","meta":{"footnotes":""},"categories":[10],"tags":[],"yoast_head":"<!-- This site is optimized with the Yoast SEO plugin v23.5 - https:\/\/yoast.com\/wordpress\/plugins\/seo\/ -->\n<title>Surdos ainda t\u00eam muitos desafios relacionados \u00e0 inclus\u00e3o no mercado de trabalho, diz pesquisa - UNASP Noticias<\/title>\n<meta name=\"robots\" content=\"index, follow, max-snippet:-1, max-image-preview:large, max-video-preview:-1\" \/>\n<link rel=\"canonical\" href=\"https:\/\/unasp.br\/noticias\/surdos-ainda-tem-muitos-desafios-relacionados-a-inclusao-no-mercado-de-trabalho-diz-pesquisa\/\" \/>\n<meta property=\"og:locale\" content=\"pt_BR\" \/>\n<meta property=\"og:type\" content=\"article\" \/>\n<meta property=\"og:title\" content=\"Surdos ainda t\u00eam muitos desafios relacionados \u00e0 inclus\u00e3o no mercado de trabalho, diz pesquisa - UNASP Noticias\" \/>\n<meta property=\"og:description\" content=\"Falta conscientiza\u00e7\u00e3o das empresas e da sociedade em geral sobre a import\u00e2ncia da inclus\u00e3o social dos surdos [&hellip;]\" \/>\n<meta property=\"og:url\" content=\"https:\/\/unasp.br\/noticias\/surdos-ainda-tem-muitos-desafios-relacionados-a-inclusao-no-mercado-de-trabalho-diz-pesquisa\/\" \/>\n<meta property=\"og:site_name\" content=\"UNASP Noticias\" \/>\n<meta property=\"article:published_time\" content=\"2019-04-17T13:56:52+00:00\" \/>\n<meta property=\"article:modified_time\" content=\"2019-04-17T14:02:59+00:00\" \/>\n<meta property=\"og:image\" content=\"https:\/\/cdn.unasp.br\/noticias\/wp-content\/uploads\/2019\/04\/17074147\/fsdf.png\" \/>\n\t<meta property=\"og:image:width\" content=\"960\" \/>\n\t<meta property=\"og:image:height\" content=\"720\" \/>\n\t<meta property=\"og:image:type\" content=\"image\/png\" \/>\n<meta name=\"author\" content=\"Aira Almeida\" \/>\n<meta name=\"twitter:card\" content=\"summary_large_image\" \/>\n<meta name=\"twitter:label1\" content=\"Escrito por\" \/>\n\t<meta name=\"twitter:data1\" content=\"Aira Almeida\" \/>\n\t<meta name=\"twitter:label2\" content=\"Est. tempo de leitura\" \/>\n\t<meta name=\"twitter:data2\" content=\"4 minutos\" \/>\n<script type=\"application\/ld+json\" class=\"yoast-schema-graph\">{\"@context\":\"https:\/\/schema.org\",\"@graph\":[{\"@type\":\"Article\",\"@id\":\"https:\/\/unasp.br\/noticias\/surdos-ainda-tem-muitos-desafios-relacionados-a-inclusao-no-mercado-de-trabalho-diz-pesquisa\/#article\",\"isPartOf\":{\"@id\":\"https:\/\/unasp.br\/noticias\/surdos-ainda-tem-muitos-desafios-relacionados-a-inclusao-no-mercado-de-trabalho-diz-pesquisa\/\"},\"author\":{\"name\":\"Aira Almeida\",\"@id\":\"https:\/\/unasp.br\/noticias\/#\/schema\/person\/80f09a3ec674501e6bb13144ffa2489f\"},\"headline\":\"Surdos ainda t\u00eam muitos desafios relacionados \u00e0 inclus\u00e3o no mercado de trabalho, diz pesquisa\",\"datePublished\":\"2019-04-17T13:56:52+00:00\",\"dateModified\":\"2019-04-17T14:02:59+00:00\",\"mainEntityOfPage\":{\"@id\":\"https:\/\/unasp.br\/noticias\/surdos-ainda-tem-muitos-desafios-relacionados-a-inclusao-no-mercado-de-trabalho-diz-pesquisa\/\"},\"wordCount\":754,\"commentCount\":0,\"publisher\":{\"@id\":\"https:\/\/unasp.br\/noticias\/#organization\"},\"image\":{\"@id\":\"https:\/\/unasp.br\/noticias\/surdos-ainda-tem-muitos-desafios-relacionados-a-inclusao-no-mercado-de-trabalho-diz-pesquisa\/#primaryimage\"},\"thumbnailUrl\":\"https:\/\/cdn.unasp.br\/noticias\/wp-content\/uploads\/2019\/04\/17074147\/fsdf.png\",\"articleSection\":[\"Impacto Social\"],\"inLanguage\":\"pt-BR\",\"potentialAction\":[{\"@type\":\"CommentAction\",\"name\":\"Comment\",\"target\":[\"https:\/\/unasp.br\/noticias\/surdos-ainda-tem-muitos-desafios-relacionados-a-inclusao-no-mercado-de-trabalho-diz-pesquisa\/#respond\"]}]},{\"@type\":\"WebPage\",\"@id\":\"https:\/\/unasp.br\/noticias\/surdos-ainda-tem-muitos-desafios-relacionados-a-inclusao-no-mercado-de-trabalho-diz-pesquisa\/\",\"url\":\"https:\/\/unasp.br\/noticias\/surdos-ainda-tem-muitos-desafios-relacionados-a-inclusao-no-mercado-de-trabalho-diz-pesquisa\/\",\"name\":\"Surdos ainda t\u00eam muitos desafios relacionados \u00e0 inclus\u00e3o no mercado de trabalho, diz pesquisa - UNASP Noticias\",\"isPartOf\":{\"@id\":\"https:\/\/unasp.br\/noticias\/#website\"},\"primaryImageOfPage\":{\"@id\":\"https:\/\/unasp.br\/noticias\/surdos-ainda-tem-muitos-desafios-relacionados-a-inclusao-no-mercado-de-trabalho-diz-pesquisa\/#primaryimage\"},\"image\":{\"@id\":\"https:\/\/unasp.br\/noticias\/surdos-ainda-tem-muitos-desafios-relacionados-a-inclusao-no-mercado-de-trabalho-diz-pesquisa\/#primaryimage\"},\"thumbnailUrl\":\"https:\/\/cdn.unasp.br\/noticias\/wp-content\/uploads\/2019\/04\/17074147\/fsdf.png\",\"datePublished\":\"2019-04-17T13:56:52+00:00\",\"dateModified\":\"2019-04-17T14:02:59+00:00\",\"breadcrumb\":{\"@id\":\"https:\/\/unasp.br\/noticias\/surdos-ainda-tem-muitos-desafios-relacionados-a-inclusao-no-mercado-de-trabalho-diz-pesquisa\/#breadcrumb\"},\"inLanguage\":\"pt-BR\",\"potentialAction\":[{\"@type\":\"ReadAction\",\"target\":[\"https:\/\/unasp.br\/noticias\/surdos-ainda-tem-muitos-desafios-relacionados-a-inclusao-no-mercado-de-trabalho-diz-pesquisa\/\"]}]},{\"@type\":\"ImageObject\",\"inLanguage\":\"pt-BR\",\"@id\":\"https:\/\/unasp.br\/noticias\/surdos-ainda-tem-muitos-desafios-relacionados-a-inclusao-no-mercado-de-trabalho-diz-pesquisa\/#primaryimage\",\"url\":\"https:\/\/cdn.unasp.br\/noticias\/wp-content\/uploads\/2019\/04\/17074147\/fsdf.png\",\"contentUrl\":\"https:\/\/cdn.unasp.br\/noticias\/wp-content\/uploads\/2019\/04\/17074147\/fsdf.png\",\"width\":960,\"height\":720,\"caption\":\"Aluno Edson Loxe por ocasi\u00e3o da defesa do seu TCC, junto com os professores Fabio Bergamo e Walter Rubini, bem como a convidada da banca, a profissional surda Michele Estrela.\"},{\"@type\":\"BreadcrumbList\",\"@id\":\"https:\/\/unasp.br\/noticias\/surdos-ainda-tem-muitos-desafios-relacionados-a-inclusao-no-mercado-de-trabalho-diz-pesquisa\/#breadcrumb\",\"itemListElement\":[{\"@type\":\"ListItem\",\"position\":1,\"name\":\"In\u00edcio\",\"item\":\"https:\/\/unasp.br\/noticias\/\"},{\"@type\":\"ListItem\",\"position\":2,\"name\":\"Surdos ainda t\u00eam muitos desafios relacionados \u00e0 inclus\u00e3o no mercado de trabalho, diz pesquisa\"}]},{\"@type\":\"WebSite\",\"@id\":\"https:\/\/unasp.br\/noticias\/#website\",\"url\":\"https:\/\/unasp.br\/noticias\/\",\"name\":\"UNASP Noticias\",\"description\":\"Centro Universit\u00e1rio Adventista de S\u00e3o Paulo\",\"publisher\":{\"@id\":\"https:\/\/unasp.br\/noticias\/#organization\"},\"potentialAction\":[{\"@type\":\"SearchAction\",\"target\":{\"@type\":\"EntryPoint\",\"urlTemplate\":\"https:\/\/unasp.br\/noticias\/?s={search_term_string}\"},\"query-input\":{\"@type\":\"PropertyValueSpecification\",\"valueRequired\":true,\"valueName\":\"search_term_string\"}}],\"inLanguage\":\"pt-BR\"},{\"@type\":\"Organization\",\"@id\":\"https:\/\/unasp.br\/noticias\/#organization\",\"name\":\"UNASP Noticias\",\"url\":\"https:\/\/unasp.br\/noticias\/\",\"logo\":{\"@type\":\"ImageObject\",\"inLanguage\":\"pt-BR\",\"@id\":\"https:\/\/unasp.br\/noticias\/#\/schema\/logo\/image\/\",\"url\":\"https:\/\/cdn.unasp.br\/noticias\/wp-content\/uploads\/2021\/09\/09152724\/logo-unasp-news.png\",\"contentUrl\":\"https:\/\/cdn.unasp.br\/noticias\/wp-content\/uploads\/2021\/09\/09152724\/logo-unasp-news.png\",\"width\":240,\"height\":41,\"caption\":\"UNASP Noticias\"},\"image\":{\"@id\":\"https:\/\/unasp.br\/noticias\/#\/schema\/logo\/image\/\"}},{\"@type\":\"Person\",\"@id\":\"https:\/\/unasp.br\/noticias\/#\/schema\/person\/80f09a3ec674501e6bb13144ffa2489f\",\"name\":\"Aira Almeida\",\"image\":{\"@type\":\"ImageObject\",\"inLanguage\":\"pt-BR\",\"@id\":\"https:\/\/unasp.br\/noticias\/#\/schema\/person\/image\/\",\"url\":\"https:\/\/secure.gravatar.com\/avatar\/e30ea867fdd5a41ec6a0cb350dcd108e?s=96&d=mm&r=g\",\"contentUrl\":\"https:\/\/secure.gravatar.com\/avatar\/e30ea867fdd5a41ec6a0cb350dcd108e?s=96&d=mm&r=g\",\"caption\":\"Aira Almeida\"},\"url\":\"https:\/\/unasp.br\/noticias\/author\/aira-almeidaedu-unasp-br\/\"}]}<\/script>\n<!-- \/ Yoast SEO plugin. -->","yoast_head_json":{"title":"Surdos ainda t\u00eam muitos desafios relacionados \u00e0 inclus\u00e3o no mercado de trabalho, diz pesquisa - UNASP Noticias","robots":{"index":"index","follow":"follow","max-snippet":"max-snippet:-1","max-image-preview":"max-image-preview:large","max-video-preview":"max-video-preview:-1"},"canonical":"https:\/\/unasp.br\/noticias\/surdos-ainda-tem-muitos-desafios-relacionados-a-inclusao-no-mercado-de-trabalho-diz-pesquisa\/","og_locale":"pt_BR","og_type":"article","og_title":"Surdos ainda t\u00eam muitos desafios relacionados \u00e0 inclus\u00e3o no mercado de trabalho, diz pesquisa - UNASP Noticias","og_description":"Falta conscientiza\u00e7\u00e3o das empresas e da sociedade em geral sobre a import\u00e2ncia da inclus\u00e3o social dos surdos [&hellip;]","og_url":"https:\/\/unasp.br\/noticias\/surdos-ainda-tem-muitos-desafios-relacionados-a-inclusao-no-mercado-de-trabalho-diz-pesquisa\/","og_site_name":"UNASP Noticias","article_published_time":"2019-04-17T13:56:52+00:00","article_modified_time":"2019-04-17T14:02:59+00:00","og_image":[{"width":960,"height":720,"url":"https:\/\/cdn.unasp.br\/noticias\/wp-content\/uploads\/2019\/04\/17074147\/fsdf.png","type":"image\/png"}],"author":"Aira Almeida","twitter_card":"summary_large_image","twitter_misc":{"Escrito por":"Aira Almeida","Est. tempo de leitura":"4 minutos"},"schema":{"@context":"https:\/\/schema.org","@graph":[{"@type":"Article","@id":"https:\/\/unasp.br\/noticias\/surdos-ainda-tem-muitos-desafios-relacionados-a-inclusao-no-mercado-de-trabalho-diz-pesquisa\/#article","isPartOf":{"@id":"https:\/\/unasp.br\/noticias\/surdos-ainda-tem-muitos-desafios-relacionados-a-inclusao-no-mercado-de-trabalho-diz-pesquisa\/"},"author":{"name":"Aira Almeida","@id":"https:\/\/unasp.br\/noticias\/#\/schema\/person\/80f09a3ec674501e6bb13144ffa2489f"},"headline":"Surdos ainda t\u00eam muitos desafios relacionados \u00e0 inclus\u00e3o no mercado de trabalho, diz pesquisa","datePublished":"2019-04-17T13:56:52+00:00","dateModified":"2019-04-17T14:02:59+00:00","mainEntityOfPage":{"@id":"https:\/\/unasp.br\/noticias\/surdos-ainda-tem-muitos-desafios-relacionados-a-inclusao-no-mercado-de-trabalho-diz-pesquisa\/"},"wordCount":754,"commentCount":0,"publisher":{"@id":"https:\/\/unasp.br\/noticias\/#organization"},"image":{"@id":"https:\/\/unasp.br\/noticias\/surdos-ainda-tem-muitos-desafios-relacionados-a-inclusao-no-mercado-de-trabalho-diz-pesquisa\/#primaryimage"},"thumbnailUrl":"https:\/\/cdn.unasp.br\/noticias\/wp-content\/uploads\/2019\/04\/17074147\/fsdf.png","articleSection":["Impacto Social"],"inLanguage":"pt-BR","potentialAction":[{"@type":"CommentAction","name":"Comment","target":["https:\/\/unasp.br\/noticias\/surdos-ainda-tem-muitos-desafios-relacionados-a-inclusao-no-mercado-de-trabalho-diz-pesquisa\/#respond"]}]},{"@type":"WebPage","@id":"https:\/\/unasp.br\/noticias\/surdos-ainda-tem-muitos-desafios-relacionados-a-inclusao-no-mercado-de-trabalho-diz-pesquisa\/","url":"https:\/\/unasp.br\/noticias\/surdos-ainda-tem-muitos-desafios-relacionados-a-inclusao-no-mercado-de-trabalho-diz-pesquisa\/","name":"Surdos ainda t\u00eam muitos desafios relacionados \u00e0 inclus\u00e3o no mercado de trabalho, diz pesquisa - UNASP Noticias","isPartOf":{"@id":"https:\/\/unasp.br\/noticias\/#website"},"primaryImageOfPage":{"@id":"https:\/\/unasp.br\/noticias\/surdos-ainda-tem-muitos-desafios-relacionados-a-inclusao-no-mercado-de-trabalho-diz-pesquisa\/#primaryimage"},"image":{"@id":"https:\/\/unasp.br\/noticias\/surdos-ainda-tem-muitos-desafios-relacionados-a-inclusao-no-mercado-de-trabalho-diz-pesquisa\/#primaryimage"},"thumbnailUrl":"https:\/\/cdn.unasp.br\/noticias\/wp-content\/uploads\/2019\/04\/17074147\/fsdf.png","datePublished":"2019-04-17T13:56:52+00:00","dateModified":"2019-04-17T14:02:59+00:00","breadcrumb":{"@id":"https:\/\/unasp.br\/noticias\/surdos-ainda-tem-muitos-desafios-relacionados-a-inclusao-no-mercado-de-trabalho-diz-pesquisa\/#breadcrumb"},"inLanguage":"pt-BR","potentialAction":[{"@type":"ReadAction","target":["https:\/\/unasp.br\/noticias\/surdos-ainda-tem-muitos-desafios-relacionados-a-inclusao-no-mercado-de-trabalho-diz-pesquisa\/"]}]},{"@type":"ImageObject","inLanguage":"pt-BR","@id":"https:\/\/unasp.br\/noticias\/surdos-ainda-tem-muitos-desafios-relacionados-a-inclusao-no-mercado-de-trabalho-diz-pesquisa\/#primaryimage","url":"https:\/\/cdn.unasp.br\/noticias\/wp-content\/uploads\/2019\/04\/17074147\/fsdf.png","contentUrl":"https:\/\/cdn.unasp.br\/noticias\/wp-content\/uploads\/2019\/04\/17074147\/fsdf.png","width":960,"height":720,"caption":"Aluno Edson Loxe por ocasi\u00e3o da defesa do seu TCC, junto com os professores Fabio Bergamo e Walter Rubini, bem como a convidada da banca, a profissional surda Michele Estrela."},{"@type":"BreadcrumbList","@id":"https:\/\/unasp.br\/noticias\/surdos-ainda-tem-muitos-desafios-relacionados-a-inclusao-no-mercado-de-trabalho-diz-pesquisa\/#breadcrumb","itemListElement":[{"@type":"ListItem","position":1,"name":"In\u00edcio","item":"https:\/\/unasp.br\/noticias\/"},{"@type":"ListItem","position":2,"name":"Surdos ainda t\u00eam muitos desafios relacionados \u00e0 inclus\u00e3o no mercado de trabalho, diz pesquisa"}]},{"@type":"WebSite","@id":"https:\/\/unasp.br\/noticias\/#website","url":"https:\/\/unasp.br\/noticias\/","name":"UNASP Noticias","description":"Centro Universit\u00e1rio Adventista de S\u00e3o Paulo","publisher":{"@id":"https:\/\/unasp.br\/noticias\/#organization"},"potentialAction":[{"@type":"SearchAction","target":{"@type":"EntryPoint","urlTemplate":"https:\/\/unasp.br\/noticias\/?s={search_term_string}"},"query-input":{"@type":"PropertyValueSpecification","valueRequired":true,"valueName":"search_term_string"}}],"inLanguage":"pt-BR"},{"@type":"Organization","@id":"https:\/\/unasp.br\/noticias\/#organization","name":"UNASP Noticias","url":"https:\/\/unasp.br\/noticias\/","logo":{"@type":"ImageObject","inLanguage":"pt-BR","@id":"https:\/\/unasp.br\/noticias\/#\/schema\/logo\/image\/","url":"https:\/\/cdn.unasp.br\/noticias\/wp-content\/uploads\/2021\/09\/09152724\/logo-unasp-news.png","contentUrl":"https:\/\/cdn.unasp.br\/noticias\/wp-content\/uploads\/2021\/09\/09152724\/logo-unasp-news.png","width":240,"height":41,"caption":"UNASP Noticias"},"image":{"@id":"https:\/\/unasp.br\/noticias\/#\/schema\/logo\/image\/"}},{"@type":"Person","@id":"https:\/\/unasp.br\/noticias\/#\/schema\/person\/80f09a3ec674501e6bb13144ffa2489f","name":"Aira Almeida","image":{"@type":"ImageObject","inLanguage":"pt-BR","@id":"https:\/\/unasp.br\/noticias\/#\/schema\/person\/image\/","url":"https:\/\/secure.gravatar.com\/avatar\/e30ea867fdd5a41ec6a0cb350dcd108e?s=96&d=mm&r=g","contentUrl":"https:\/\/secure.gravatar.com\/avatar\/e30ea867fdd5a41ec6a0cb350dcd108e?s=96&d=mm&r=g","caption":"Aira Almeida"},"url":"https:\/\/unasp.br\/noticias\/author\/aira-almeidaedu-unasp-br\/"}]}},"_links":{"self":[{"href":"https:\/\/unasp.br\/noticias\/wp-json\/wp\/v2\/posts\/57064"}],"collection":[{"href":"https:\/\/unasp.br\/noticias\/wp-json\/wp\/v2\/posts"}],"about":[{"href":"https:\/\/unasp.br\/noticias\/wp-json\/wp\/v2\/types\/post"}],"author":[{"embeddable":true,"href":"https:\/\/unasp.br\/noticias\/wp-json\/wp\/v2\/users\/30"}],"replies":[{"embeddable":true,"href":"https:\/\/unasp.br\/noticias\/wp-json\/wp\/v2\/comments?post=57064"}],"version-history":[{"count":3,"href":"https:\/\/unasp.br\/noticias\/wp-json\/wp\/v2\/posts\/57064\/revisions"}],"predecessor-version":[{"id":57071,"href":"https:\/\/unasp.br\/noticias\/wp-json\/wp\/v2\/posts\/57064\/revisions\/57071"}],"wp:featuredmedia":[{"embeddable":true,"href":"https:\/\/unasp.br\/noticias\/wp-json\/wp\/v2\/media\/57065"}],"wp:attachment":[{"href":"https:\/\/unasp.br\/noticias\/wp-json\/wp\/v2\/media?parent=57064"}],"wp:term":[{"taxonomy":"category","embeddable":true,"href":"https:\/\/unasp.br\/noticias\/wp-json\/wp\/v2\/categories?post=57064"},{"taxonomy":"post_tag","embeddable":true,"href":"https:\/\/unasp.br\/noticias\/wp-json\/wp\/v2\/tags?post=57064"}],"curies":[{"name":"wp","href":"https:\/\/api.w.org\/{rel}","templated":true}]}}