{"id":57129,"date":"2019-04-18T19:34:49","date_gmt":"2019-04-18T22:34:49","guid":{"rendered":"https:\/\/www.unasp.br\/noticias\/?p=57129"},"modified":"2019-04-18T19:37:13","modified_gmt":"2019-04-18T22:37:13","slug":"universitarios-usam-criatividade-para-falar-sobre-pascoa-em-creche-publica","status":"publish","type":"post","link":"https:\/\/unasp.br\/noticias\/universitarios-usam-criatividade-para-falar-sobre-pascoa-em-creche-publica\/","title":{"rendered":"Universit\u00e1rios usam criatividade para falar sobre P\u00e1scoa em creche p\u00fablica de Engenheiro Coelho"},"content":{"rendered":"<p style=\"text-align: center;\"><strong><img loading=\"lazy\" decoding=\"async\" class=\"aligncenter wp-image-57131\" src=\"https:\/\/www.unasp.br\/noticias\/wp-content\/uploads\/2019\/04\/Universit\u00e1rios-em-creche-2.jpeg\" alt=\"\" width=\"900\" height=\"675\" srcset=\"https:\/\/cdn.unasp.br\/noticias\/wp-content\/uploads\/2019\/04\/18162749\/Universit%C3%A1rios-em-creche-2.jpeg 1280w, https:\/\/cdn.unasp.br\/noticias\/wp-content\/uploads\/2019\/04\/18162749\/Universit%C3%A1rios-em-creche-2-300x225.jpeg 300w, https:\/\/cdn.unasp.br\/noticias\/wp-content\/uploads\/2019\/04\/18162749\/Universit%C3%A1rios-em-creche-2-768x576.jpeg 768w, https:\/\/cdn.unasp.br\/noticias\/wp-content\/uploads\/2019\/04\/18162749\/Universit%C3%A1rios-em-creche-2-1024x768.jpeg 1024w, https:\/\/cdn.unasp.br\/noticias\/wp-content\/uploads\/2019\/04\/18162749\/Universit%C3%A1rios-em-creche-2-800x600.jpeg 800w, https:\/\/cdn.unasp.br\/noticias\/wp-content\/uploads\/2019\/04\/18162749\/Universit%C3%A1rios-em-creche-2-1067x800.jpeg 1067w, https:\/\/cdn.unasp.br\/noticias\/wp-content\/uploads\/2019\/04\/18162749\/Universit%C3%A1rios-em-creche-2-960x720.jpeg 960w, https:\/\/cdn.unasp.br\/noticias\/wp-content\/uploads\/2019\/04\/18162749\/Universit%C3%A1rios-em-creche-2-667x500.jpeg 667w, https:\/\/cdn.unasp.br\/noticias\/wp-content\/uploads\/2019\/04\/18162749\/Universit%C3%A1rios-em-creche-2-640x480.jpeg 640w, https:\/\/cdn.unasp.br\/noticias\/wp-content\/uploads\/2019\/04\/18162749\/Universit%C3%A1rios-em-creche-2-373x280.jpeg 373w, https:\/\/cdn.unasp.br\/noticias\/wp-content\/uploads\/2019\/04\/18162749\/Universit%C3%A1rios-em-creche-2-500x375.jpeg 500w, https:\/\/cdn.unasp.br\/noticias\/wp-content\/uploads\/2019\/04\/18162749\/Universit%C3%A1rios-em-creche-2-400x300.jpeg 400w, https:\/\/cdn.unasp.br\/noticias\/wp-content\/uploads\/2019\/04\/18162749\/Universit%C3%A1rios-em-creche-2-333x250.jpeg 333w, https:\/\/cdn.unasp.br\/noticias\/wp-content\/uploads\/2019\/04\/18162749\/Universit%C3%A1rios-em-creche-2-267x200.jpeg 267w, https:\/\/cdn.unasp.br\/noticias\/wp-content\/uploads\/2019\/04\/18162749\/Universit%C3%A1rios-em-creche-2-200x150.jpeg 200w, https:\/\/cdn.unasp.br\/noticias\/wp-content\/uploads\/2019\/04\/18162749\/Universit%C3%A1rios-em-creche-2-175x131.jpeg 175w\" sizes=\"(max-width: 900px) 100vw, 900px\" \/><\/strong><em>Eles apresentaram para crian\u00e7as de creche de Engenheiro Coelho (SP) a real hist\u00f3ria da P\u00e1scoa.<\/em><\/p>\n<p><em>\u00a0\u00a0\u00a0<\/em><\/p>\n<p style=\"text-align: justify;\">A celebra\u00e7\u00e3o de P\u00e1scoa chegou de uma forma diferente aos alunos da creche municipal do bairro Cidade Universit\u00e1ria em Engenheiro Coelho (SP). O projeto \u201cAtos Kids\u201d, desenvolvido pela Pastoral Universit\u00e1ria do Unasp, campus Engenheiro Coelho, levou alegria e esperan\u00e7a atrav\u00e9s da verdadeira hist\u00f3ria de P\u00e1scoa.<\/p>\n<div id=\"attachment_57130\" style=\"width: 428px\" class=\"wp-caption alignright\"><img loading=\"lazy\" decoding=\"async\" aria-describedby=\"caption-attachment-57130\" class=\"wp-image-57130\" src=\"https:\/\/www.unasp.br\/noticias\/wp-content\/uploads\/2019\/04\/Universit\u00e1rios-em-creche-1.jpeg\" alt=\"\" width=\"418\" height=\"557\" srcset=\"https:\/\/cdn.unasp.br\/noticias\/wp-content\/uploads\/2019\/04\/18162744\/Universit%C3%A1rios-em-creche-1.jpeg 960w, https:\/\/cdn.unasp.br\/noticias\/wp-content\/uploads\/2019\/04\/18162744\/Universit%C3%A1rios-em-creche-1-225x300.jpeg 225w, https:\/\/cdn.unasp.br\/noticias\/wp-content\/uploads\/2019\/04\/18162744\/Universit%C3%A1rios-em-creche-1-768x1024.jpeg 768w, https:\/\/cdn.unasp.br\/noticias\/wp-content\/uploads\/2019\/04\/18162744\/Universit%C3%A1rios-em-creche-1-450x600.jpeg 450w, https:\/\/cdn.unasp.br\/noticias\/wp-content\/uploads\/2019\/04\/18162744\/Universit%C3%A1rios-em-creche-1-600x800.jpeg 600w, https:\/\/cdn.unasp.br\/noticias\/wp-content\/uploads\/2019\/04\/18162744\/Universit%C3%A1rios-em-creche-1-540x720.jpeg 540w, https:\/\/cdn.unasp.br\/noticias\/wp-content\/uploads\/2019\/04\/18162744\/Universit%C3%A1rios-em-creche-1-375x500.jpeg 375w, https:\/\/cdn.unasp.br\/noticias\/wp-content\/uploads\/2019\/04\/18162744\/Universit%C3%A1rios-em-creche-1-360x480.jpeg 360w, https:\/\/cdn.unasp.br\/noticias\/wp-content\/uploads\/2019\/04\/18162744\/Universit%C3%A1rios-em-creche-1-210x280.jpeg 210w, https:\/\/cdn.unasp.br\/noticias\/wp-content\/uploads\/2019\/04\/18162744\/Universit%C3%A1rios-em-creche-1-300x400.jpeg 300w, https:\/\/cdn.unasp.br\/noticias\/wp-content\/uploads\/2019\/04\/18162744\/Universit%C3%A1rios-em-creche-1-188x250.jpeg 188w, https:\/\/cdn.unasp.br\/noticias\/wp-content\/uploads\/2019\/04\/18162744\/Universit%C3%A1rios-em-creche-1-150x200.jpeg 150w, https:\/\/cdn.unasp.br\/noticias\/wp-content\/uploads\/2019\/04\/18162744\/Universit%C3%A1rios-em-creche-1-113x150.jpeg 113w, https:\/\/cdn.unasp.br\/noticias\/wp-content\/uploads\/2019\/04\/18162744\/Universit%C3%A1rios-em-creche-1-175x233.jpeg 175w\" sizes=\"(max-width: 418px) 100vw, 418px\" \/><p id=\"caption-attachment-57130\" class=\"wp-caption-text\">Universit\u00e1rio do Unasp vestido de soldado romano e apresentando o desenho da Cruz feito pela crian\u00e7a.<\/p><\/div>\n<p style=\"text-align: justify;\">Muito al\u00e9m do consumo de ovos de chocolate, o per\u00edodo da p\u00e1scoa \u00e9 considerado uma das principais datas lembradas pelo cristianismo. O relato b\u00edblico da morte, descanso e ressurrei\u00e7\u00e3o de Jesus Cristo foi lembrado de forma l\u00fadica e interativa. As cenas tristes foram adequadas para crian\u00e7as e ganharam suavidade sem perder a veracidade.<\/p>\n<h3>\u201cAtividades assim s\u00e3o importante para a forma\u00e7\u00e3o do profissional em qualquer \u00e1rea\u201d, destaca\u00a0Jos\u00e9 Misael.<\/h3>\n<p style=\"text-align: justify;\">Para a l\u00edder do projeto, Yasmin de Freitas, o momento teve o objetivo de plantar boas sementes no cora\u00e7\u00e3o dos alunos. \u201cO objetivo \u00e9 mostrar as crian\u00e7as sobre Jesus, priorizando ensinamentos \u00e9ticos, moral e cristoc\u00eantrico. Para que quando ela fique maior n\u00e3o se esque\u00e7a desses ensinamentos e sempre leve Jesus com elas\u201d, explica.<\/p>\n<p style=\"text-align: justify;\"><b>Atos Kids<\/b><br \/>\nA iniciativa da pastoral universit\u00e1ria do Unasp, envolve universit\u00e1rios volunt\u00e1rios, em projetos de atendimento a creches e unidades de acolhimento de crian\u00e7as abandonadas ou sem a presen\u00e7a dos pais. A a\u00e7\u00e3o atende atualmente seis polos nos munic\u00edpios de Cosm\u00f3polis e Conchal, al\u00e9m de Engenheiro Coelho.<\/p>\n<p style=\"text-align: justify;\">O universit\u00e1rio e futuro administrador de empresas, Jos\u00e9 Misael, lidera as a\u00e7\u00f5es desenvolvidas na creche do bairro Cidade Universit\u00e1ria. Para ele o envolvimento humaniza e fortalece as rela\u00e7\u00f5es. \u201cAtividades assim s\u00e3o importante para a forma\u00e7\u00e3o do profissional em qualquer \u00e1rea. J\u00e1 que desenvolve nele o seu lado humano com as pessoas. S\u00e3o pessoas iguais a todos e precisam da nossa aten\u00e7\u00e3o\u201d, destaca.<\/p>\n<p style=\"text-align: justify;\">O \u201cAtos Kids\u201d integra o n\u00facleo de projetos volunt\u00e1rios \u201cAtos 29\u201d que recebe universit\u00e1rios do Unasp interessados em doar tempo e talento em benef\u00edcio de outras pessoas.<\/p>\n","protected":false},"excerpt":{"rendered":"<p>Eles apresentaram para crian\u00e7as de creche de Engenheiro Coelho (SP) a real hist\u00f3ria da P\u00e1scoa. \u00a0\u00a0\u00a0 A [&hellip;]<\/p>\n","protected":false},"author":80,"featured_media":57130,"comment_status":"open","ping_status":"open","sticky":false,"template":"","format":"standard","meta":{"footnotes":""},"categories":[10],"tags":[],"yoast_head":"<!-- This site is optimized with the Yoast SEO plugin v23.5 - https:\/\/yoast.com\/wordpress\/plugins\/seo\/ -->\n<title>Universit\u00e1rios usam criatividade para falar sobre P\u00e1scoa em creche p\u00fablica de Engenheiro Coelho - UNASP Noticias<\/title>\n<meta name=\"robots\" content=\"index, follow, max-snippet:-1, max-image-preview:large, max-video-preview:-1\" \/>\n<link rel=\"canonical\" href=\"https:\/\/unasp.br\/noticias\/universitarios-usam-criatividade-para-falar-sobre-pascoa-em-creche-publica\/\" \/>\n<meta property=\"og:locale\" content=\"pt_BR\" \/>\n<meta property=\"og:type\" content=\"article\" \/>\n<meta property=\"og:title\" content=\"Universit\u00e1rios usam criatividade para falar sobre P\u00e1scoa em creche p\u00fablica de Engenheiro Coelho - UNASP Noticias\" \/>\n<meta property=\"og:description\" content=\"Eles apresentaram para crian\u00e7as de creche de Engenheiro Coelho (SP) a real hist\u00f3ria da P\u00e1scoa. \u00a0\u00a0\u00a0 A [&hellip;]\" \/>\n<meta property=\"og:url\" content=\"https:\/\/unasp.br\/noticias\/universitarios-usam-criatividade-para-falar-sobre-pascoa-em-creche-publica\/\" \/>\n<meta property=\"og:site_name\" content=\"UNASP Noticias\" \/>\n<meta property=\"article:published_time\" content=\"2019-04-18T22:34:49+00:00\" \/>\n<meta property=\"article:modified_time\" content=\"2019-04-18T22:37:13+00:00\" \/>\n<meta property=\"og:image\" content=\"https:\/\/cdn.unasp.br\/noticias\/wp-content\/uploads\/2019\/04\/18162744\/Universit%C3%A1rios-em-creche-1.jpeg\" \/>\n\t<meta property=\"og:image:width\" content=\"960\" \/>\n\t<meta property=\"og:image:height\" content=\"1280\" \/>\n\t<meta property=\"og:image:type\" content=\"image\/jpeg\" \/>\n<meta name=\"author\" content=\"UNASP - TI-DESENVOLVIMENTO\" \/>\n<meta name=\"twitter:card\" content=\"summary_large_image\" \/>\n<meta name=\"twitter:label1\" content=\"Escrito por\" \/>\n\t<meta name=\"twitter:data1\" content=\"UNASP - TI-DESENVOLVIMENTO\" \/>\n\t<meta name=\"twitter:label2\" content=\"Est. tempo de leitura\" \/>\n\t<meta name=\"twitter:data2\" content=\"2 minutos\" \/>\n<script type=\"application\/ld+json\" class=\"yoast-schema-graph\">{\"@context\":\"https:\/\/schema.org\",\"@graph\":[{\"@type\":\"Article\",\"@id\":\"https:\/\/unasp.br\/noticias\/universitarios-usam-criatividade-para-falar-sobre-pascoa-em-creche-publica\/#article\",\"isPartOf\":{\"@id\":\"https:\/\/unasp.br\/noticias\/universitarios-usam-criatividade-para-falar-sobre-pascoa-em-creche-publica\/\"},\"author\":{\"name\":\"UNASP - TI-DESENVOLVIMENTO\",\"@id\":\"https:\/\/unasp.br\/noticias\/#\/schema\/person\/e3b8f8e8b1d3759eda9f61d2bb12b6d7\"},\"headline\":\"Universit\u00e1rios usam criatividade para falar sobre P\u00e1scoa em creche p\u00fablica de Engenheiro Coelho\",\"datePublished\":\"2019-04-18T22:34:49+00:00\",\"dateModified\":\"2019-04-18T22:37:13+00:00\",\"mainEntityOfPage\":{\"@id\":\"https:\/\/unasp.br\/noticias\/universitarios-usam-criatividade-para-falar-sobre-pascoa-em-creche-publica\/\"},\"wordCount\":402,\"commentCount\":0,\"publisher\":{\"@id\":\"https:\/\/unasp.br\/noticias\/#organization\"},\"image\":{\"@id\":\"https:\/\/unasp.br\/noticias\/universitarios-usam-criatividade-para-falar-sobre-pascoa-em-creche-publica\/#primaryimage\"},\"thumbnailUrl\":\"https:\/\/cdn.unasp.br\/noticias\/wp-content\/uploads\/2019\/04\/18162744\/Universit%C3%A1rios-em-creche-1.jpeg\",\"articleSection\":[\"Impacto Social\"],\"inLanguage\":\"pt-BR\",\"potentialAction\":[{\"@type\":\"CommentAction\",\"name\":\"Comment\",\"target\":[\"https:\/\/unasp.br\/noticias\/universitarios-usam-criatividade-para-falar-sobre-pascoa-em-creche-publica\/#respond\"]}]},{\"@type\":\"WebPage\",\"@id\":\"https:\/\/unasp.br\/noticias\/universitarios-usam-criatividade-para-falar-sobre-pascoa-em-creche-publica\/\",\"url\":\"https:\/\/unasp.br\/noticias\/universitarios-usam-criatividade-para-falar-sobre-pascoa-em-creche-publica\/\",\"name\":\"Universit\u00e1rios usam criatividade para falar sobre P\u00e1scoa em creche p\u00fablica de Engenheiro Coelho - UNASP Noticias\",\"isPartOf\":{\"@id\":\"https:\/\/unasp.br\/noticias\/#website\"},\"primaryImageOfPage\":{\"@id\":\"https:\/\/unasp.br\/noticias\/universitarios-usam-criatividade-para-falar-sobre-pascoa-em-creche-publica\/#primaryimage\"},\"image\":{\"@id\":\"https:\/\/unasp.br\/noticias\/universitarios-usam-criatividade-para-falar-sobre-pascoa-em-creche-publica\/#primaryimage\"},\"thumbnailUrl\":\"https:\/\/cdn.unasp.br\/noticias\/wp-content\/uploads\/2019\/04\/18162744\/Universit%C3%A1rios-em-creche-1.jpeg\",\"datePublished\":\"2019-04-18T22:34:49+00:00\",\"dateModified\":\"2019-04-18T22:37:13+00:00\",\"breadcrumb\":{\"@id\":\"https:\/\/unasp.br\/noticias\/universitarios-usam-criatividade-para-falar-sobre-pascoa-em-creche-publica\/#breadcrumb\"},\"inLanguage\":\"pt-BR\",\"potentialAction\":[{\"@type\":\"ReadAction\",\"target\":[\"https:\/\/unasp.br\/noticias\/universitarios-usam-criatividade-para-falar-sobre-pascoa-em-creche-publica\/\"]}]},{\"@type\":\"ImageObject\",\"inLanguage\":\"pt-BR\",\"@id\":\"https:\/\/unasp.br\/noticias\/universitarios-usam-criatividade-para-falar-sobre-pascoa-em-creche-publica\/#primaryimage\",\"url\":\"https:\/\/cdn.unasp.br\/noticias\/wp-content\/uploads\/2019\/04\/18162744\/Universit%C3%A1rios-em-creche-1.jpeg\",\"contentUrl\":\"https:\/\/cdn.unasp.br\/noticias\/wp-content\/uploads\/2019\/04\/18162744\/Universit%C3%A1rios-em-creche-1.jpeg\",\"width\":960,\"height\":1280},{\"@type\":\"BreadcrumbList\",\"@id\":\"https:\/\/unasp.br\/noticias\/universitarios-usam-criatividade-para-falar-sobre-pascoa-em-creche-publica\/#breadcrumb\",\"itemListElement\":[{\"@type\":\"ListItem\",\"position\":1,\"name\":\"In\u00edcio\",\"item\":\"https:\/\/unasp.br\/noticias\/\"},{\"@type\":\"ListItem\",\"position\":2,\"name\":\"Universit\u00e1rios usam criatividade para falar sobre P\u00e1scoa em creche p\u00fablica de Engenheiro Coelho\"}]},{\"@type\":\"WebSite\",\"@id\":\"https:\/\/unasp.br\/noticias\/#website\",\"url\":\"https:\/\/unasp.br\/noticias\/\",\"name\":\"UNASP Noticias\",\"description\":\"Centro Universit\u00e1rio Adventista de S\u00e3o Paulo\",\"publisher\":{\"@id\":\"https:\/\/unasp.br\/noticias\/#organization\"},\"potentialAction\":[{\"@type\":\"SearchAction\",\"target\":{\"@type\":\"EntryPoint\",\"urlTemplate\":\"https:\/\/unasp.br\/noticias\/?s={search_term_string}\"},\"query-input\":{\"@type\":\"PropertyValueSpecification\",\"valueRequired\":true,\"valueName\":\"search_term_string\"}}],\"inLanguage\":\"pt-BR\"},{\"@type\":\"Organization\",\"@id\":\"https:\/\/unasp.br\/noticias\/#organization\",\"name\":\"UNASP Noticias\",\"url\":\"https:\/\/unasp.br\/noticias\/\",\"logo\":{\"@type\":\"ImageObject\",\"inLanguage\":\"pt-BR\",\"@id\":\"https:\/\/unasp.br\/noticias\/#\/schema\/logo\/image\/\",\"url\":\"https:\/\/cdn.unasp.br\/noticias\/wp-content\/uploads\/2021\/09\/09152724\/logo-unasp-news.png\",\"contentUrl\":\"https:\/\/cdn.unasp.br\/noticias\/wp-content\/uploads\/2021\/09\/09152724\/logo-unasp-news.png\",\"width\":240,\"height\":41,\"caption\":\"UNASP Noticias\"},\"image\":{\"@id\":\"https:\/\/unasp.br\/noticias\/#\/schema\/logo\/image\/\"}},{\"@type\":\"Person\",\"@id\":\"https:\/\/unasp.br\/noticias\/#\/schema\/person\/e3b8f8e8b1d3759eda9f61d2bb12b6d7\",\"name\":\"UNASP - TI-DESENVOLVIMENTO\",\"image\":{\"@type\":\"ImageObject\",\"inLanguage\":\"pt-BR\",\"@id\":\"https:\/\/unasp.br\/noticias\/#\/schema\/person\/image\/\",\"url\":\"https:\/\/secure.gravatar.com\/avatar\/88a02b7e6ee37f47de0ecad3877878b0?s=96&d=mm&r=g\",\"contentUrl\":\"https:\/\/secure.gravatar.com\/avatar\/88a02b7e6ee37f47de0ecad3877878b0?s=96&d=mm&r=g\",\"caption\":\"UNASP - TI-DESENVOLVIMENTO\"},\"url\":\"https:\/\/unasp.br\/noticias\/author\/admindefault-com\/\"}]}<\/script>\n<!-- \/ Yoast SEO plugin. -->","yoast_head_json":{"title":"Universit\u00e1rios usam criatividade para falar sobre P\u00e1scoa em creche p\u00fablica de Engenheiro Coelho - UNASP Noticias","robots":{"index":"index","follow":"follow","max-snippet":"max-snippet:-1","max-image-preview":"max-image-preview:large","max-video-preview":"max-video-preview:-1"},"canonical":"https:\/\/unasp.br\/noticias\/universitarios-usam-criatividade-para-falar-sobre-pascoa-em-creche-publica\/","og_locale":"pt_BR","og_type":"article","og_title":"Universit\u00e1rios usam criatividade para falar sobre P\u00e1scoa em creche p\u00fablica de Engenheiro Coelho - UNASP Noticias","og_description":"Eles apresentaram para crian\u00e7as de creche de Engenheiro Coelho (SP) a real hist\u00f3ria da P\u00e1scoa. \u00a0\u00a0\u00a0 A [&hellip;]","og_url":"https:\/\/unasp.br\/noticias\/universitarios-usam-criatividade-para-falar-sobre-pascoa-em-creche-publica\/","og_site_name":"UNASP Noticias","article_published_time":"2019-04-18T22:34:49+00:00","article_modified_time":"2019-04-18T22:37:13+00:00","og_image":[{"width":960,"height":1280,"url":"https:\/\/cdn.unasp.br\/noticias\/wp-content\/uploads\/2019\/04\/18162744\/Universit%C3%A1rios-em-creche-1.jpeg","type":"image\/jpeg"}],"author":"UNASP - TI-DESENVOLVIMENTO","twitter_card":"summary_large_image","twitter_misc":{"Escrito por":"UNASP - TI-DESENVOLVIMENTO","Est. tempo de leitura":"2 minutos"},"schema":{"@context":"https:\/\/schema.org","@graph":[{"@type":"Article","@id":"https:\/\/unasp.br\/noticias\/universitarios-usam-criatividade-para-falar-sobre-pascoa-em-creche-publica\/#article","isPartOf":{"@id":"https:\/\/unasp.br\/noticias\/universitarios-usam-criatividade-para-falar-sobre-pascoa-em-creche-publica\/"},"author":{"name":"UNASP - TI-DESENVOLVIMENTO","@id":"https:\/\/unasp.br\/noticias\/#\/schema\/person\/e3b8f8e8b1d3759eda9f61d2bb12b6d7"},"headline":"Universit\u00e1rios usam criatividade para falar sobre P\u00e1scoa em creche p\u00fablica de Engenheiro Coelho","datePublished":"2019-04-18T22:34:49+00:00","dateModified":"2019-04-18T22:37:13+00:00","mainEntityOfPage":{"@id":"https:\/\/unasp.br\/noticias\/universitarios-usam-criatividade-para-falar-sobre-pascoa-em-creche-publica\/"},"wordCount":402,"commentCount":0,"publisher":{"@id":"https:\/\/unasp.br\/noticias\/#organization"},"image":{"@id":"https:\/\/unasp.br\/noticias\/universitarios-usam-criatividade-para-falar-sobre-pascoa-em-creche-publica\/#primaryimage"},"thumbnailUrl":"https:\/\/cdn.unasp.br\/noticias\/wp-content\/uploads\/2019\/04\/18162744\/Universit%C3%A1rios-em-creche-1.jpeg","articleSection":["Impacto Social"],"inLanguage":"pt-BR","potentialAction":[{"@type":"CommentAction","name":"Comment","target":["https:\/\/unasp.br\/noticias\/universitarios-usam-criatividade-para-falar-sobre-pascoa-em-creche-publica\/#respond"]}]},{"@type":"WebPage","@id":"https:\/\/unasp.br\/noticias\/universitarios-usam-criatividade-para-falar-sobre-pascoa-em-creche-publica\/","url":"https:\/\/unasp.br\/noticias\/universitarios-usam-criatividade-para-falar-sobre-pascoa-em-creche-publica\/","name":"Universit\u00e1rios usam criatividade para falar sobre P\u00e1scoa em creche p\u00fablica de Engenheiro Coelho - UNASP Noticias","isPartOf":{"@id":"https:\/\/unasp.br\/noticias\/#website"},"primaryImageOfPage":{"@id":"https:\/\/unasp.br\/noticias\/universitarios-usam-criatividade-para-falar-sobre-pascoa-em-creche-publica\/#primaryimage"},"image":{"@id":"https:\/\/unasp.br\/noticias\/universitarios-usam-criatividade-para-falar-sobre-pascoa-em-creche-publica\/#primaryimage"},"thumbnailUrl":"https:\/\/cdn.unasp.br\/noticias\/wp-content\/uploads\/2019\/04\/18162744\/Universit%C3%A1rios-em-creche-1.jpeg","datePublished":"2019-04-18T22:34:49+00:00","dateModified":"2019-04-18T22:37:13+00:00","breadcrumb":{"@id":"https:\/\/unasp.br\/noticias\/universitarios-usam-criatividade-para-falar-sobre-pascoa-em-creche-publica\/#breadcrumb"},"inLanguage":"pt-BR","potentialAction":[{"@type":"ReadAction","target":["https:\/\/unasp.br\/noticias\/universitarios-usam-criatividade-para-falar-sobre-pascoa-em-creche-publica\/"]}]},{"@type":"ImageObject","inLanguage":"pt-BR","@id":"https:\/\/unasp.br\/noticias\/universitarios-usam-criatividade-para-falar-sobre-pascoa-em-creche-publica\/#primaryimage","url":"https:\/\/cdn.unasp.br\/noticias\/wp-content\/uploads\/2019\/04\/18162744\/Universit%C3%A1rios-em-creche-1.jpeg","contentUrl":"https:\/\/cdn.unasp.br\/noticias\/wp-content\/uploads\/2019\/04\/18162744\/Universit%C3%A1rios-em-creche-1.jpeg","width":960,"height":1280},{"@type":"BreadcrumbList","@id":"https:\/\/unasp.br\/noticias\/universitarios-usam-criatividade-para-falar-sobre-pascoa-em-creche-publica\/#breadcrumb","itemListElement":[{"@type":"ListItem","position":1,"name":"In\u00edcio","item":"https:\/\/unasp.br\/noticias\/"},{"@type":"ListItem","position":2,"name":"Universit\u00e1rios usam criatividade para falar sobre P\u00e1scoa em creche p\u00fablica de Engenheiro Coelho"}]},{"@type":"WebSite","@id":"https:\/\/unasp.br\/noticias\/#website","url":"https:\/\/unasp.br\/noticias\/","name":"UNASP Noticias","description":"Centro Universit\u00e1rio Adventista de S\u00e3o Paulo","publisher":{"@id":"https:\/\/unasp.br\/noticias\/#organization"},"potentialAction":[{"@type":"SearchAction","target":{"@type":"EntryPoint","urlTemplate":"https:\/\/unasp.br\/noticias\/?s={search_term_string}"},"query-input":{"@type":"PropertyValueSpecification","valueRequired":true,"valueName":"search_term_string"}}],"inLanguage":"pt-BR"},{"@type":"Organization","@id":"https:\/\/unasp.br\/noticias\/#organization","name":"UNASP Noticias","url":"https:\/\/unasp.br\/noticias\/","logo":{"@type":"ImageObject","inLanguage":"pt-BR","@id":"https:\/\/unasp.br\/noticias\/#\/schema\/logo\/image\/","url":"https:\/\/cdn.unasp.br\/noticias\/wp-content\/uploads\/2021\/09\/09152724\/logo-unasp-news.png","contentUrl":"https:\/\/cdn.unasp.br\/noticias\/wp-content\/uploads\/2021\/09\/09152724\/logo-unasp-news.png","width":240,"height":41,"caption":"UNASP Noticias"},"image":{"@id":"https:\/\/unasp.br\/noticias\/#\/schema\/logo\/image\/"}},{"@type":"Person","@id":"https:\/\/unasp.br\/noticias\/#\/schema\/person\/e3b8f8e8b1d3759eda9f61d2bb12b6d7","name":"UNASP - TI-DESENVOLVIMENTO","image":{"@type":"ImageObject","inLanguage":"pt-BR","@id":"https:\/\/unasp.br\/noticias\/#\/schema\/person\/image\/","url":"https:\/\/secure.gravatar.com\/avatar\/88a02b7e6ee37f47de0ecad3877878b0?s=96&d=mm&r=g","contentUrl":"https:\/\/secure.gravatar.com\/avatar\/88a02b7e6ee37f47de0ecad3877878b0?s=96&d=mm&r=g","caption":"UNASP - TI-DESENVOLVIMENTO"},"url":"https:\/\/unasp.br\/noticias\/author\/admindefault-com\/"}]}},"_links":{"self":[{"href":"https:\/\/unasp.br\/noticias\/wp-json\/wp\/v2\/posts\/57129"}],"collection":[{"href":"https:\/\/unasp.br\/noticias\/wp-json\/wp\/v2\/posts"}],"about":[{"href":"https:\/\/unasp.br\/noticias\/wp-json\/wp\/v2\/types\/post"}],"author":[{"embeddable":true,"href":"https:\/\/unasp.br\/noticias\/wp-json\/wp\/v2\/users\/80"}],"replies":[{"embeddable":true,"href":"https:\/\/unasp.br\/noticias\/wp-json\/wp\/v2\/comments?post=57129"}],"version-history":[{"count":2,"href":"https:\/\/unasp.br\/noticias\/wp-json\/wp\/v2\/posts\/57129\/revisions"}],"predecessor-version":[{"id":57134,"href":"https:\/\/unasp.br\/noticias\/wp-json\/wp\/v2\/posts\/57129\/revisions\/57134"}],"wp:featuredmedia":[{"embeddable":true,"href":"https:\/\/unasp.br\/noticias\/wp-json\/wp\/v2\/media\/57130"}],"wp:attachment":[{"href":"https:\/\/unasp.br\/noticias\/wp-json\/wp\/v2\/media?parent=57129"}],"wp:term":[{"taxonomy":"category","embeddable":true,"href":"https:\/\/unasp.br\/noticias\/wp-json\/wp\/v2\/categories?post=57129"},{"taxonomy":"post_tag","embeddable":true,"href":"https:\/\/unasp.br\/noticias\/wp-json\/wp\/v2\/tags?post=57129"}],"curies":[{"name":"wp","href":"https:\/\/api.w.org\/{rel}","templated":true}]}}