{"id":57309,"date":"2019-04-21T18:45:15","date_gmt":"2019-04-21T21:45:15","guid":{"rendered":"https:\/\/www.unasp.br\/noticias\/?p=57309"},"modified":"2019-04-24T15:11:30","modified_gmt":"2019-04-24T18:11:30","slug":"universitarios-do-unasp-realizam-acao-social-na-apae","status":"publish","type":"post","link":"https:\/\/unasp.br\/noticias\/universitarios-do-unasp-realizam-acao-social-na-apae\/","title":{"rendered":"Universit\u00e1rios do Unasp realizam a\u00e7\u00e3o social na APAE"},"content":{"rendered":"<div id=\"attachment_57311\" style=\"width: 464px\" class=\"wp-caption alignleft\"><img loading=\"lazy\" decoding=\"async\" aria-describedby=\"caption-attachment-57311\" class=\"wp-image-57311 size-full\" src=\"https:\/\/www.unasp.br\/noticias\/wp-content\/uploads\/2019\/04\/Captura-de-Tela-2019-04-21-a\u0300s-18.34.16.png\" alt=\"\" width=\"454\" height=\"625\" srcset=\"https:\/\/cdn.unasp.br\/noticias\/wp-content\/uploads\/2019\/04\/21154225\/Captura-de-Tela-2019-04-21-a%CC%80s-18.34.16.png 454w, https:\/\/cdn.unasp.br\/noticias\/wp-content\/uploads\/2019\/04\/21154225\/Captura-de-Tela-2019-04-21-a%CC%80s-18.34.16-218x300.png 218w, https:\/\/cdn.unasp.br\/noticias\/wp-content\/uploads\/2019\/04\/21154225\/Captura-de-Tela-2019-04-21-a%CC%80s-18.34.16-436x600.png 436w, https:\/\/cdn.unasp.br\/noticias\/wp-content\/uploads\/2019\/04\/21154225\/Captura-de-Tela-2019-04-21-a%CC%80s-18.34.16-363x500.png 363w, https:\/\/cdn.unasp.br\/noticias\/wp-content\/uploads\/2019\/04\/21154225\/Captura-de-Tela-2019-04-21-a%CC%80s-18.34.16-349x480.png 349w, https:\/\/cdn.unasp.br\/noticias\/wp-content\/uploads\/2019\/04\/21154225\/Captura-de-Tela-2019-04-21-a%CC%80s-18.34.16-203x280.png 203w, https:\/\/cdn.unasp.br\/noticias\/wp-content\/uploads\/2019\/04\/21154225\/Captura-de-Tela-2019-04-21-a%CC%80s-18.34.16-291x400.png 291w, https:\/\/cdn.unasp.br\/noticias\/wp-content\/uploads\/2019\/04\/21154225\/Captura-de-Tela-2019-04-21-a%CC%80s-18.34.16-182x250.png 182w, https:\/\/cdn.unasp.br\/noticias\/wp-content\/uploads\/2019\/04\/21154225\/Captura-de-Tela-2019-04-21-a%CC%80s-18.34.16-145x200.png 145w, https:\/\/cdn.unasp.br\/noticias\/wp-content\/uploads\/2019\/04\/21154225\/Captura-de-Tela-2019-04-21-a%CC%80s-18.34.16-109x150.png 109w, https:\/\/cdn.unasp.br\/noticias\/wp-content\/uploads\/2019\/04\/21154225\/Captura-de-Tela-2019-04-21-a%CC%80s-18.34.16-175x241.png 175w\" sizes=\"(max-width: 454px) 100vw, 454px\" \/><p id=\"caption-attachment-57311\" class=\"wp-caption-text\">Alunos do curso de administra\u00e7\u00e3o arrecadaram mais de 350 caixas de bombons para entregar para crian\u00e7as da APAE, em Campinas, SP.<\/p><\/div>\n<p style=\"text-align: justify;\">Na \u00faltima semana, nos dias 16, 17 e 18 de abril, os alunos do curso de <a href=\"https:\/\/www.unasp.br\/cursos\/ht\/graduacao\/administracao-ht\/\">Administra\u00e7\u00e3o<\/a> do Unasp Hortol\u00e2ndia entregaram caixas de bombom na Associa\u00e7\u00e3o de Pais e Amigos dos Excepcionais (<a href=\"https:\/\/apae.com.br\/\"><strong>APAE<\/strong><\/a>) da cidade de Campinas, SP. Cerca de 430 caixas foram arrecadadas pelos alunos no in\u00edcio do m\u00eas e com a proximidade da p\u00e1scoa, os bombons foram direcionados \u00e0 Associa\u00e7\u00e3o, onde crian\u00e7as e adultos foram contemplados com a lembran\u00e7a.<\/p>\n<p style=\"text-align: justify;\">Sandra Pontes, coordenadora do Programa Escola da APAE, conta que est\u00e1 sempre em busca de empresas e parceiros que possam estar participando das a\u00e7\u00f5es que acontecem na APAE. \u201cNeste ano, convidei a professora Magda para ser uma volunt\u00e1ria e nos ajudar. Ela amadureceu a ideia sobre as caixas de bombons e trouxe, junto com o Unasp Hortol\u00e2ndia, este presente para as crian\u00e7as\u201d, conta a coordenadora.<\/p>\n<p style=\"text-align: justify;\">Esta foi a primeira vez que os alunos da APAE receberam individualmente uma caixa de bombom. De acordo com Sandra, \u201cao trabalhar com crian\u00e7as com vulnerabilidade social, temos que realizar a\u00e7\u00f5es que reiterem esses eventos de forma l\u00fadica. De fato, a p\u00e1scoa n\u00e3o se resume apenas em chocolates, por isso, os alunos al\u00e9m de trazerem estes presentes, trouxeram afeto, alegria e amor para as crian\u00e7as daqui da Associa\u00e7\u00e3o\u201d.<\/p>\n<p style=\"text-align: justify;\">Magda Andrade falou sobre a experi\u00eancia que viveu nesta semana de a\u00e7\u00f5es solid\u00e1rias na APAE; \u201cfazer esse tipo de a\u00e7\u00e3o \u00e9, para mim, uma realiza\u00e7\u00e3o pois sou apaixonada em levar alegria para outras pessoas. N\u00f3s pudemos viver a emo\u00e7\u00e3o e o sentimento de amar o pr\u00f3ximo, de ajudar institui\u00e7\u00f5es necessitadas. Meu objetivo como professora \u00e9 de que os alunos desenvolvam a partir disso, um querer pr\u00f3prio de entender que podemos fazer mais e alcan\u00e7ar um n\u00famero maior de pessoas\u201d.<\/p>\n<p style=\"text-align: justify;\">Paula Maximiano, m\u00e3e do Jo\u00e3o Vitor, aluno da APAE se emocionou com a iniciativa dos universit\u00e1rios. \u201cA entrega foi linda! Meu filho adorou e eu tamb\u00e9m. Para ele este momento da entrega foi muito bom. Ele ficou muito feliz e, para mim como m\u00e3e, \u00e9 isso o que importa, mesmo porque, nesta p\u00e1scoa eu n\u00e3o poderia dar nada para ele\u201d expressa Paula.<\/p>\n<p style=\"text-align: justify;\">\n","protected":false},"excerpt":{"rendered":"<p>Na \u00faltima semana, nos dias 16, 17 e 18 de abril, os alunos do curso de Administra\u00e7\u00e3o [&hellip;]<\/p>\n","protected":false},"author":73,"featured_media":57310,"comment_status":"open","ping_status":"open","sticky":false,"template":"","format":"standard","meta":{"footnotes":""},"categories":[10],"tags":[],"yoast_head":"<!-- This site is optimized with the Yoast SEO plugin v23.5 - https:\/\/yoast.com\/wordpress\/plugins\/seo\/ -->\n<title>Universit\u00e1rios do Unasp realizam a\u00e7\u00e3o social na APAE - UNASP Noticias<\/title>\n<meta name=\"robots\" content=\"index, follow, max-snippet:-1, max-image-preview:large, max-video-preview:-1\" \/>\n<link rel=\"canonical\" href=\"https:\/\/unasp.br\/noticias\/universitarios-do-unasp-realizam-acao-social-na-apae\/\" \/>\n<meta property=\"og:locale\" content=\"pt_BR\" \/>\n<meta property=\"og:type\" content=\"article\" \/>\n<meta property=\"og:title\" content=\"Universit\u00e1rios do Unasp realizam a\u00e7\u00e3o social na APAE - UNASP Noticias\" \/>\n<meta property=\"og:description\" content=\"Na \u00faltima semana, nos dias 16, 17 e 18 de abril, os alunos do curso de Administra\u00e7\u00e3o [&hellip;]\" \/>\n<meta property=\"og:url\" content=\"https:\/\/unasp.br\/noticias\/universitarios-do-unasp-realizam-acao-social-na-apae\/\" \/>\n<meta property=\"og:site_name\" content=\"UNASP Noticias\" \/>\n<meta property=\"article:published_time\" content=\"2019-04-21T21:45:15+00:00\" \/>\n<meta property=\"article:modified_time\" content=\"2019-04-24T18:11:30+00:00\" \/>\n<meta property=\"og:image\" content=\"https:\/\/cdn.unasp.br\/noticias\/wp-content\/uploads\/2019\/04\/21154153\/Captura-de-Tela-2019-04-21-a%CC%80s-18.38.51.png\" \/>\n\t<meta property=\"og:image:width\" content=\"846\" \/>\n\t<meta property=\"og:image:height\" content=\"603\" \/>\n\t<meta property=\"og:image:type\" content=\"image\/png\" \/>\n<meta name=\"author\" content=\"Maria da Gl\u00f3ria Marques de Paula Barreto\" \/>\n<meta name=\"twitter:card\" content=\"summary_large_image\" \/>\n<meta name=\"twitter:label1\" content=\"Escrito por\" \/>\n\t<meta name=\"twitter:data1\" content=\"Maria da Gl\u00f3ria Marques de Paula Barreto\" \/>\n\t<meta name=\"twitter:label2\" content=\"Est. tempo de leitura\" \/>\n\t<meta name=\"twitter:data2\" content=\"2 minutos\" \/>\n<script type=\"application\/ld+json\" class=\"yoast-schema-graph\">{\"@context\":\"https:\/\/schema.org\",\"@graph\":[{\"@type\":\"Article\",\"@id\":\"https:\/\/unasp.br\/noticias\/universitarios-do-unasp-realizam-acao-social-na-apae\/#article\",\"isPartOf\":{\"@id\":\"https:\/\/unasp.br\/noticias\/universitarios-do-unasp-realizam-acao-social-na-apae\/\"},\"author\":{\"name\":\"Maria da Gl\u00f3ria Marques de Paula Barreto\",\"@id\":\"https:\/\/unasp.br\/noticias\/#\/schema\/person\/f3393a032491eabc46fadb3656375334\"},\"headline\":\"Universit\u00e1rios do Unasp realizam a\u00e7\u00e3o social na APAE\",\"datePublished\":\"2019-04-21T21:45:15+00:00\",\"dateModified\":\"2019-04-24T18:11:30+00:00\",\"mainEntityOfPage\":{\"@id\":\"https:\/\/unasp.br\/noticias\/universitarios-do-unasp-realizam-acao-social-na-apae\/\"},\"wordCount\":416,\"commentCount\":0,\"publisher\":{\"@id\":\"https:\/\/unasp.br\/noticias\/#organization\"},\"image\":{\"@id\":\"https:\/\/unasp.br\/noticias\/universitarios-do-unasp-realizam-acao-social-na-apae\/#primaryimage\"},\"thumbnailUrl\":\"https:\/\/cdn.unasp.br\/noticias\/wp-content\/uploads\/2019\/04\/21154153\/Captura-de-Tela-2019-04-21-a%CC%80s-18.38.51.png\",\"articleSection\":[\"Impacto Social\"],\"inLanguage\":\"pt-BR\",\"potentialAction\":[{\"@type\":\"CommentAction\",\"name\":\"Comment\",\"target\":[\"https:\/\/unasp.br\/noticias\/universitarios-do-unasp-realizam-acao-social-na-apae\/#respond\"]}]},{\"@type\":\"WebPage\",\"@id\":\"https:\/\/unasp.br\/noticias\/universitarios-do-unasp-realizam-acao-social-na-apae\/\",\"url\":\"https:\/\/unasp.br\/noticias\/universitarios-do-unasp-realizam-acao-social-na-apae\/\",\"name\":\"Universit\u00e1rios do Unasp realizam a\u00e7\u00e3o social na APAE - UNASP Noticias\",\"isPartOf\":{\"@id\":\"https:\/\/unasp.br\/noticias\/#website\"},\"primaryImageOfPage\":{\"@id\":\"https:\/\/unasp.br\/noticias\/universitarios-do-unasp-realizam-acao-social-na-apae\/#primaryimage\"},\"image\":{\"@id\":\"https:\/\/unasp.br\/noticias\/universitarios-do-unasp-realizam-acao-social-na-apae\/#primaryimage\"},\"thumbnailUrl\":\"https:\/\/cdn.unasp.br\/noticias\/wp-content\/uploads\/2019\/04\/21154153\/Captura-de-Tela-2019-04-21-a%CC%80s-18.38.51.png\",\"datePublished\":\"2019-04-21T21:45:15+00:00\",\"dateModified\":\"2019-04-24T18:11:30+00:00\",\"breadcrumb\":{\"@id\":\"https:\/\/unasp.br\/noticias\/universitarios-do-unasp-realizam-acao-social-na-apae\/#breadcrumb\"},\"inLanguage\":\"pt-BR\",\"potentialAction\":[{\"@type\":\"ReadAction\",\"target\":[\"https:\/\/unasp.br\/noticias\/universitarios-do-unasp-realizam-acao-social-na-apae\/\"]}]},{\"@type\":\"ImageObject\",\"inLanguage\":\"pt-BR\",\"@id\":\"https:\/\/unasp.br\/noticias\/universitarios-do-unasp-realizam-acao-social-na-apae\/#primaryimage\",\"url\":\"https:\/\/cdn.unasp.br\/noticias\/wp-content\/uploads\/2019\/04\/21154153\/Captura-de-Tela-2019-04-21-a%CC%80s-18.38.51.png\",\"contentUrl\":\"https:\/\/cdn.unasp.br\/noticias\/wp-content\/uploads\/2019\/04\/21154153\/Captura-de-Tela-2019-04-21-a%CC%80s-18.38.51.png\",\"width\":846,\"height\":603},{\"@type\":\"BreadcrumbList\",\"@id\":\"https:\/\/unasp.br\/noticias\/universitarios-do-unasp-realizam-acao-social-na-apae\/#breadcrumb\",\"itemListElement\":[{\"@type\":\"ListItem\",\"position\":1,\"name\":\"In\u00edcio\",\"item\":\"https:\/\/unasp.br\/noticias\/\"},{\"@type\":\"ListItem\",\"position\":2,\"name\":\"Universit\u00e1rios do Unasp realizam a\u00e7\u00e3o social na APAE\"}]},{\"@type\":\"WebSite\",\"@id\":\"https:\/\/unasp.br\/noticias\/#website\",\"url\":\"https:\/\/unasp.br\/noticias\/\",\"name\":\"UNASP Noticias\",\"description\":\"Centro Universit\u00e1rio Adventista de S\u00e3o Paulo\",\"publisher\":{\"@id\":\"https:\/\/unasp.br\/noticias\/#organization\"},\"potentialAction\":[{\"@type\":\"SearchAction\",\"target\":{\"@type\":\"EntryPoint\",\"urlTemplate\":\"https:\/\/unasp.br\/noticias\/?s={search_term_string}\"},\"query-input\":{\"@type\":\"PropertyValueSpecification\",\"valueRequired\":true,\"valueName\":\"search_term_string\"}}],\"inLanguage\":\"pt-BR\"},{\"@type\":\"Organization\",\"@id\":\"https:\/\/unasp.br\/noticias\/#organization\",\"name\":\"UNASP Noticias\",\"url\":\"https:\/\/unasp.br\/noticias\/\",\"logo\":{\"@type\":\"ImageObject\",\"inLanguage\":\"pt-BR\",\"@id\":\"https:\/\/unasp.br\/noticias\/#\/schema\/logo\/image\/\",\"url\":\"https:\/\/cdn.unasp.br\/noticias\/wp-content\/uploads\/2021\/09\/09152724\/logo-unasp-news.png\",\"contentUrl\":\"https:\/\/cdn.unasp.br\/noticias\/wp-content\/uploads\/2021\/09\/09152724\/logo-unasp-news.png\",\"width\":240,\"height\":41,\"caption\":\"UNASP Noticias\"},\"image\":{\"@id\":\"https:\/\/unasp.br\/noticias\/#\/schema\/logo\/image\/\"}},{\"@type\":\"Person\",\"@id\":\"https:\/\/unasp.br\/noticias\/#\/schema\/person\/f3393a032491eabc46fadb3656375334\",\"name\":\"Maria da Gl\u00f3ria Marques de Paula Barreto\",\"image\":{\"@type\":\"ImageObject\",\"inLanguage\":\"pt-BR\",\"@id\":\"https:\/\/unasp.br\/noticias\/#\/schema\/person\/image\/\",\"url\":\"https:\/\/secure.gravatar.com\/avatar\/3c23babfa2a847f4ce1e1403fe341fa3?s=96&d=mm&r=g\",\"contentUrl\":\"https:\/\/secure.gravatar.com\/avatar\/3c23babfa2a847f4ce1e1403fe341fa3?s=96&d=mm&r=g\",\"caption\":\"Maria da Gl\u00f3ria Marques de Paula Barreto\"},\"url\":\"https:\/\/unasp.br\/noticias\/author\/gloria-barretoadventistas-org\/\"}]}<\/script>\n<!-- \/ Yoast SEO plugin. -->","yoast_head_json":{"title":"Universit\u00e1rios do Unasp realizam a\u00e7\u00e3o social na APAE - UNASP Noticias","robots":{"index":"index","follow":"follow","max-snippet":"max-snippet:-1","max-image-preview":"max-image-preview:large","max-video-preview":"max-video-preview:-1"},"canonical":"https:\/\/unasp.br\/noticias\/universitarios-do-unasp-realizam-acao-social-na-apae\/","og_locale":"pt_BR","og_type":"article","og_title":"Universit\u00e1rios do Unasp realizam a\u00e7\u00e3o social na APAE - UNASP Noticias","og_description":"Na \u00faltima semana, nos dias 16, 17 e 18 de abril, os alunos do curso de Administra\u00e7\u00e3o [&hellip;]","og_url":"https:\/\/unasp.br\/noticias\/universitarios-do-unasp-realizam-acao-social-na-apae\/","og_site_name":"UNASP Noticias","article_published_time":"2019-04-21T21:45:15+00:00","article_modified_time":"2019-04-24T18:11:30+00:00","og_image":[{"width":846,"height":603,"url":"https:\/\/cdn.unasp.br\/noticias\/wp-content\/uploads\/2019\/04\/21154153\/Captura-de-Tela-2019-04-21-a%CC%80s-18.38.51.png","type":"image\/png"}],"author":"Maria da Gl\u00f3ria Marques de Paula Barreto","twitter_card":"summary_large_image","twitter_misc":{"Escrito por":"Maria da Gl\u00f3ria Marques de Paula Barreto","Est. tempo de leitura":"2 minutos"},"schema":{"@context":"https:\/\/schema.org","@graph":[{"@type":"Article","@id":"https:\/\/unasp.br\/noticias\/universitarios-do-unasp-realizam-acao-social-na-apae\/#article","isPartOf":{"@id":"https:\/\/unasp.br\/noticias\/universitarios-do-unasp-realizam-acao-social-na-apae\/"},"author":{"name":"Maria da Gl\u00f3ria Marques de Paula Barreto","@id":"https:\/\/unasp.br\/noticias\/#\/schema\/person\/f3393a032491eabc46fadb3656375334"},"headline":"Universit\u00e1rios do Unasp realizam a\u00e7\u00e3o social na APAE","datePublished":"2019-04-21T21:45:15+00:00","dateModified":"2019-04-24T18:11:30+00:00","mainEntityOfPage":{"@id":"https:\/\/unasp.br\/noticias\/universitarios-do-unasp-realizam-acao-social-na-apae\/"},"wordCount":416,"commentCount":0,"publisher":{"@id":"https:\/\/unasp.br\/noticias\/#organization"},"image":{"@id":"https:\/\/unasp.br\/noticias\/universitarios-do-unasp-realizam-acao-social-na-apae\/#primaryimage"},"thumbnailUrl":"https:\/\/cdn.unasp.br\/noticias\/wp-content\/uploads\/2019\/04\/21154153\/Captura-de-Tela-2019-04-21-a%CC%80s-18.38.51.png","articleSection":["Impacto Social"],"inLanguage":"pt-BR","potentialAction":[{"@type":"CommentAction","name":"Comment","target":["https:\/\/unasp.br\/noticias\/universitarios-do-unasp-realizam-acao-social-na-apae\/#respond"]}]},{"@type":"WebPage","@id":"https:\/\/unasp.br\/noticias\/universitarios-do-unasp-realizam-acao-social-na-apae\/","url":"https:\/\/unasp.br\/noticias\/universitarios-do-unasp-realizam-acao-social-na-apae\/","name":"Universit\u00e1rios do Unasp realizam a\u00e7\u00e3o social na APAE - UNASP Noticias","isPartOf":{"@id":"https:\/\/unasp.br\/noticias\/#website"},"primaryImageOfPage":{"@id":"https:\/\/unasp.br\/noticias\/universitarios-do-unasp-realizam-acao-social-na-apae\/#primaryimage"},"image":{"@id":"https:\/\/unasp.br\/noticias\/universitarios-do-unasp-realizam-acao-social-na-apae\/#primaryimage"},"thumbnailUrl":"https:\/\/cdn.unasp.br\/noticias\/wp-content\/uploads\/2019\/04\/21154153\/Captura-de-Tela-2019-04-21-a%CC%80s-18.38.51.png","datePublished":"2019-04-21T21:45:15+00:00","dateModified":"2019-04-24T18:11:30+00:00","breadcrumb":{"@id":"https:\/\/unasp.br\/noticias\/universitarios-do-unasp-realizam-acao-social-na-apae\/#breadcrumb"},"inLanguage":"pt-BR","potentialAction":[{"@type":"ReadAction","target":["https:\/\/unasp.br\/noticias\/universitarios-do-unasp-realizam-acao-social-na-apae\/"]}]},{"@type":"ImageObject","inLanguage":"pt-BR","@id":"https:\/\/unasp.br\/noticias\/universitarios-do-unasp-realizam-acao-social-na-apae\/#primaryimage","url":"https:\/\/cdn.unasp.br\/noticias\/wp-content\/uploads\/2019\/04\/21154153\/Captura-de-Tela-2019-04-21-a%CC%80s-18.38.51.png","contentUrl":"https:\/\/cdn.unasp.br\/noticias\/wp-content\/uploads\/2019\/04\/21154153\/Captura-de-Tela-2019-04-21-a%CC%80s-18.38.51.png","width":846,"height":603},{"@type":"BreadcrumbList","@id":"https:\/\/unasp.br\/noticias\/universitarios-do-unasp-realizam-acao-social-na-apae\/#breadcrumb","itemListElement":[{"@type":"ListItem","position":1,"name":"In\u00edcio","item":"https:\/\/unasp.br\/noticias\/"},{"@type":"ListItem","position":2,"name":"Universit\u00e1rios do Unasp realizam a\u00e7\u00e3o social na APAE"}]},{"@type":"WebSite","@id":"https:\/\/unasp.br\/noticias\/#website","url":"https:\/\/unasp.br\/noticias\/","name":"UNASP Noticias","description":"Centro Universit\u00e1rio Adventista de S\u00e3o Paulo","publisher":{"@id":"https:\/\/unasp.br\/noticias\/#organization"},"potentialAction":[{"@type":"SearchAction","target":{"@type":"EntryPoint","urlTemplate":"https:\/\/unasp.br\/noticias\/?s={search_term_string}"},"query-input":{"@type":"PropertyValueSpecification","valueRequired":true,"valueName":"search_term_string"}}],"inLanguage":"pt-BR"},{"@type":"Organization","@id":"https:\/\/unasp.br\/noticias\/#organization","name":"UNASP Noticias","url":"https:\/\/unasp.br\/noticias\/","logo":{"@type":"ImageObject","inLanguage":"pt-BR","@id":"https:\/\/unasp.br\/noticias\/#\/schema\/logo\/image\/","url":"https:\/\/cdn.unasp.br\/noticias\/wp-content\/uploads\/2021\/09\/09152724\/logo-unasp-news.png","contentUrl":"https:\/\/cdn.unasp.br\/noticias\/wp-content\/uploads\/2021\/09\/09152724\/logo-unasp-news.png","width":240,"height":41,"caption":"UNASP Noticias"},"image":{"@id":"https:\/\/unasp.br\/noticias\/#\/schema\/logo\/image\/"}},{"@type":"Person","@id":"https:\/\/unasp.br\/noticias\/#\/schema\/person\/f3393a032491eabc46fadb3656375334","name":"Maria da Gl\u00f3ria Marques de Paula Barreto","image":{"@type":"ImageObject","inLanguage":"pt-BR","@id":"https:\/\/unasp.br\/noticias\/#\/schema\/person\/image\/","url":"https:\/\/secure.gravatar.com\/avatar\/3c23babfa2a847f4ce1e1403fe341fa3?s=96&d=mm&r=g","contentUrl":"https:\/\/secure.gravatar.com\/avatar\/3c23babfa2a847f4ce1e1403fe341fa3?s=96&d=mm&r=g","caption":"Maria da Gl\u00f3ria Marques de Paula Barreto"},"url":"https:\/\/unasp.br\/noticias\/author\/gloria-barretoadventistas-org\/"}]}},"_links":{"self":[{"href":"https:\/\/unasp.br\/noticias\/wp-json\/wp\/v2\/posts\/57309"}],"collection":[{"href":"https:\/\/unasp.br\/noticias\/wp-json\/wp\/v2\/posts"}],"about":[{"href":"https:\/\/unasp.br\/noticias\/wp-json\/wp\/v2\/types\/post"}],"author":[{"embeddable":true,"href":"https:\/\/unasp.br\/noticias\/wp-json\/wp\/v2\/users\/73"}],"replies":[{"embeddable":true,"href":"https:\/\/unasp.br\/noticias\/wp-json\/wp\/v2\/comments?post=57309"}],"version-history":[{"count":3,"href":"https:\/\/unasp.br\/noticias\/wp-json\/wp\/v2\/posts\/57309\/revisions"}],"predecessor-version":[{"id":80978,"href":"https:\/\/unasp.br\/noticias\/wp-json\/wp\/v2\/posts\/57309\/revisions\/80978"}],"wp:featuredmedia":[{"embeddable":true,"href":"https:\/\/unasp.br\/noticias\/wp-json\/wp\/v2\/media\/57310"}],"wp:attachment":[{"href":"https:\/\/unasp.br\/noticias\/wp-json\/wp\/v2\/media?parent=57309"}],"wp:term":[{"taxonomy":"category","embeddable":true,"href":"https:\/\/unasp.br\/noticias\/wp-json\/wp\/v2\/categories?post=57309"},{"taxonomy":"post_tag","embeddable":true,"href":"https:\/\/unasp.br\/noticias\/wp-json\/wp\/v2\/tags?post=57309"}],"curies":[{"name":"wp","href":"https:\/\/api.w.org\/{rel}","templated":true}]}}