{"id":57564,"date":"2019-04-25T08:56:48","date_gmt":"2019-04-25T11:56:48","guid":{"rendered":"https:\/\/www.unasp.br\/noticias\/?p=57564"},"modified":"2019-04-25T08:56:48","modified_gmt":"2019-04-25T11:56:48","slug":"evento-de-empreendedorismo-inovacao-e-criatividade-abre-as-portas-em-periferia-de-sao-paulo","status":"publish","type":"post","link":"https:\/\/unasp.br\/noticias\/evento-de-empreendedorismo-inovacao-e-criatividade-abre-as-portas-em-periferia-de-sao-paulo\/","title":{"rendered":"Evento de empreendedorismo, inova\u00e7\u00e3o e criatividade abre as portas em periferia de S\u00e3o Paulo"},"content":{"rendered":"<p style=\"text-align: center;\"><em>Unasp S\u00e3o Paulo ser\u00e1 pioneiro na cria\u00e7\u00e3o desse tipo de evento na regi\u00e3o<\/em><\/p>\n<p style=\"text-align: justify;\"><img loading=\"lazy\" decoding=\"async\" class=\"wp-image-57592 alignleft\" src=\"https:\/\/www.unasp.br\/noticias\/wp-content\/uploads\/2019\/04\/58378163_1284568495054680_6820972386095988736_n-300x200.jpg\" alt=\"\" width=\"393\" height=\"262\" srcset=\"https:\/\/cdn.unasp.br\/noticias\/wp-content\/uploads\/2019\/04\/25053734\/58378163_1284568495054680_6820972386095988736_n-300x200.jpg 300w, https:\/\/cdn.unasp.br\/noticias\/wp-content\/uploads\/2019\/04\/25053734\/58378163_1284568495054680_6820972386095988736_n-768x512.jpg 768w, https:\/\/cdn.unasp.br\/noticias\/wp-content\/uploads\/2019\/04\/25053734\/58378163_1284568495054680_6820972386095988736_n-900x600.jpg 900w, https:\/\/cdn.unasp.br\/noticias\/wp-content\/uploads\/2019\/04\/25053734\/58378163_1284568495054680_6820972386095988736_n-800x533.jpg 800w, https:\/\/cdn.unasp.br\/noticias\/wp-content\/uploads\/2019\/04\/25053734\/58378163_1284568495054680_6820972386095988736_n-750x500.jpg 750w, https:\/\/cdn.unasp.br\/noticias\/wp-content\/uploads\/2019\/04\/25053734\/58378163_1284568495054680_6820972386095988736_n-720x480.jpg 720w, https:\/\/cdn.unasp.br\/noticias\/wp-content\/uploads\/2019\/04\/25053734\/58378163_1284568495054680_6820972386095988736_n-420x280.jpg 420w, https:\/\/cdn.unasp.br\/noticias\/wp-content\/uploads\/2019\/04\/25053734\/58378163_1284568495054680_6820972386095988736_n-500x333.jpg 500w, https:\/\/cdn.unasp.br\/noticias\/wp-content\/uploads\/2019\/04\/25053734\/58378163_1284568495054680_6820972386095988736_n-400x267.jpg 400w, https:\/\/cdn.unasp.br\/noticias\/wp-content\/uploads\/2019\/04\/25053734\/58378163_1284568495054680_6820972386095988736_n-375x250.jpg 375w, https:\/\/cdn.unasp.br\/noticias\/wp-content\/uploads\/2019\/04\/25053734\/58378163_1284568495054680_6820972386095988736_n-225x150.jpg 225w, https:\/\/cdn.unasp.br\/noticias\/wp-content\/uploads\/2019\/04\/25053734\/58378163_1284568495054680_6820972386095988736_n-175x117.jpg 175w, https:\/\/cdn.unasp.br\/noticias\/wp-content\/uploads\/2019\/04\/25053734\/58378163_1284568495054680_6820972386095988736_n-200x133.jpg 200w, https:\/\/cdn.unasp.br\/noticias\/wp-content\/uploads\/2019\/04\/25053734\/58378163_1284568495054680_6820972386095988736_n.jpg 960w\" sizes=\"(max-width: 393px) 100vw, 393px\" \/>O Cap\u00e3o Redondo \u00e9 uma das maiores regi\u00f5es perif\u00e9ricas da cidade de S\u00e3o Paulo, e em constante crescimento. Todavia, a popula\u00e7\u00e3o que vive nesse local ainda tem menos acesso a determinados eventos devido a diversos fatores, como por exemplo, dist\u00e2ncia dos locais onde ocorrem as programa\u00e7\u00f5es. Pensando nessa realidade, o Centro Universit\u00e1rio Adventista de S\u00e3o Paulo (Unasp) idealizou o evento Cap\u00e3o Summit, com o objetivo de dar oportunidade gratuita para quem deseja aprender mais ou para quem sonha em ter seu pr\u00f3prio neg\u00f3cio lucrativo, principalmente na \u00e1rea tecnol\u00f3gica.<\/p>\n<p style=\"text-align: justify;\">\u201cO Cap\u00e3o Summit \u00e9 o primeiro grande esfor\u00e7o de unir propostas que possuem objetivos em comum: o debate sobre empreendedorismo, inova\u00e7\u00e3o e criatividade, levando a cultura empreendedora n\u00e3o s\u00f3 aos alunos do Unasp, mas para a regi\u00e3o toda\u201d, explica o Dr. F\u00e1bio Bergamo, coordenador do curso de Administra\u00e7\u00e3o do Unasp.<\/p>\n<p style=\"text-align: justify;\">O evento, que ocorrer\u00e1 dia 13 a 19 de maio, est\u00e1 sendo organizado pelos professores Dr. F\u00e1bio Bergamo (coordenador do curso de Administra\u00e7\u00e3o) e Me. Gustavo Caetano (coordenador do curso de An\u00e1lise e Desenvolvimento de Sistemas). A programa\u00e7\u00e3o contar\u00e1 com palestrantes de peso no mercado, al\u00e9m de mentorias, Shark Tank, Networking e Hackathon.<\/p>\n<p style=\"text-align: justify;\">\u201cPara a comunidade, um evento desse aqui no extremo sul de S\u00e3o Paulo \u00e9 um alento, porque \u00e9 muito dif\u00edcil os moradores dessa regi\u00e3o se locomoverem at\u00e9 o centro da cidade por conta da longa dist\u00e2ncia\u201d, explica o professor Dr. F\u00e1bio Bergamo.<\/p>\n<p style=\"text-align: justify;\">Segundo o professor Me. Gustavo Caetano, o mundo est\u00e1 com os olhos voltados para as Startups (empresas rec\u00e9m-criadas ainda em fase de desenvolvimento), e o Cap\u00e3o Summit vem para fomentar as discuss\u00f5es relacionadas a este assunto. \u201cMais de 90% das Startups hoje envolvem tecnologias, como por exemplo, cria\u00e7\u00e3o de aplicativos\u201d, ressalta.<\/p>\n<p style=\"text-align: justify;\">Entre os principais convidados, estar\u00e3o presentes:<\/p>\n<p style=\"text-align: justify;\"><strong>Wesley Ribeiro<\/strong> \u2013 Diretor da An Lab, hub de inova\u00e7\u00e3o. Profissional com mais de 20 anos de experi\u00eancia na \u00e1rea comercial, principalmente no setor de varejo de moda. Hoje auxilia empresas e startups da \u00e1rea a desenvolverem suas trilhas de inova\u00e7\u00e3o.<\/p>\n<p style=\"text-align: justify;\"><strong>S\u00e9rgio Gama<\/strong> \u2013 L\u00edder de Desenvolvimento na IBM (empresa americana voltada para a \u00e1rea de inform\u00e1tica), e o maior evangelista da \u00e1rea de Intelig\u00eancia Artificial da Am\u00e9rica Latina. Apresentando as Solu\u00e7\u00f5es Cognitivas da maior plataforma de Intelig\u00eancia Artificial j\u00e1 criada pelo homem, o IBM Watson.<\/p>\n<p style=\"text-align: justify;\"><strong>Edgard Giorgi<\/strong> \u2013\u00a0 S\u00f3cio-Propriet\u00e1rio e Diretor de Cria\u00e7\u00e3o da Cagi Propaganda e Eventos, empresa que atua no mercado desde 1989.<\/p>\n<p style=\"text-align: justify;\"><strong>Nerdz\u00e3o<\/strong> \u2013 Grupo de promo\u00e7\u00e3o de Networking e dissemina\u00e7\u00e3o de conhecimento sobre tecnologias digitais de forma divertida e irreverente, quebrando paradigmas da complexidade do aprendizado destes temas.<\/p>\n<p style=\"text-align: justify;\">Para inscri\u00e7\u00f5es e mais informa\u00e7\u00f5es, acesse o site: <a href=\"http:\/\/capaosummit.com.br\/\">http:\/\/capaosummit.com.br\/<\/a><\/p>\n","protected":false},"excerpt":{"rendered":"<p>Unasp S\u00e3o Paulo ser\u00e1 pioneiro na cria\u00e7\u00e3o desse tipo de evento na regi\u00e3o O Cap\u00e3o Redondo \u00e9 [&hellip;]<\/p>\n","protected":false},"author":30,"featured_media":57592,"comment_status":"open","ping_status":"open","sticky":false,"template":"","format":"standard","meta":{"footnotes":""},"categories":[10],"tags":[],"yoast_head":"<!-- This site is optimized with the Yoast SEO plugin v23.5 - https:\/\/yoast.com\/wordpress\/plugins\/seo\/ -->\n<title>Evento de empreendedorismo, inova\u00e7\u00e3o e criatividade abre as portas em periferia de S\u00e3o Paulo - UNASP Noticias<\/title>\n<meta name=\"robots\" content=\"index, follow, max-snippet:-1, max-image-preview:large, max-video-preview:-1\" \/>\n<link rel=\"canonical\" href=\"https:\/\/unasp.br\/noticias\/evento-de-empreendedorismo-inovacao-e-criatividade-abre-as-portas-em-periferia-de-sao-paulo\/\" \/>\n<meta property=\"og:locale\" content=\"pt_BR\" \/>\n<meta property=\"og:type\" content=\"article\" \/>\n<meta property=\"og:title\" content=\"Evento de empreendedorismo, inova\u00e7\u00e3o e criatividade abre as portas em periferia de S\u00e3o Paulo - UNASP Noticias\" \/>\n<meta property=\"og:description\" content=\"Unasp S\u00e3o Paulo ser\u00e1 pioneiro na cria\u00e7\u00e3o desse tipo de evento na regi\u00e3o O Cap\u00e3o Redondo \u00e9 [&hellip;]\" \/>\n<meta property=\"og:url\" content=\"https:\/\/unasp.br\/noticias\/evento-de-empreendedorismo-inovacao-e-criatividade-abre-as-portas-em-periferia-de-sao-paulo\/\" \/>\n<meta property=\"og:site_name\" content=\"UNASP Noticias\" \/>\n<meta property=\"article:published_time\" content=\"2019-04-25T11:56:48+00:00\" \/>\n<meta property=\"og:image\" content=\"https:\/\/cdn.unasp.br\/noticias\/wp-content\/uploads\/2019\/04\/25053734\/58378163_1284568495054680_6820972386095988736_n.jpg\" \/>\n\t<meta property=\"og:image:width\" content=\"960\" \/>\n\t<meta property=\"og:image:height\" content=\"640\" \/>\n\t<meta property=\"og:image:type\" content=\"image\/jpeg\" \/>\n<meta name=\"author\" content=\"Aira Almeida\" \/>\n<meta name=\"twitter:card\" content=\"summary_large_image\" \/>\n<meta name=\"twitter:label1\" content=\"Escrito por\" \/>\n\t<meta name=\"twitter:data1\" content=\"Aira Almeida\" \/>\n\t<meta name=\"twitter:label2\" content=\"Est. tempo de leitura\" \/>\n\t<meta name=\"twitter:data2\" content=\"2 minutos\" \/>\n<script type=\"application\/ld+json\" class=\"yoast-schema-graph\">{\"@context\":\"https:\/\/schema.org\",\"@graph\":[{\"@type\":\"Article\",\"@id\":\"https:\/\/unasp.br\/noticias\/evento-de-empreendedorismo-inovacao-e-criatividade-abre-as-portas-em-periferia-de-sao-paulo\/#article\",\"isPartOf\":{\"@id\":\"https:\/\/unasp.br\/noticias\/evento-de-empreendedorismo-inovacao-e-criatividade-abre-as-portas-em-periferia-de-sao-paulo\/\"},\"author\":{\"name\":\"Aira Almeida\",\"@id\":\"https:\/\/unasp.br\/noticias\/#\/schema\/person\/80f09a3ec674501e6bb13144ffa2489f\"},\"headline\":\"Evento de empreendedorismo, inova\u00e7\u00e3o e criatividade abre as portas em periferia de S\u00e3o Paulo\",\"datePublished\":\"2019-04-25T11:56:48+00:00\",\"dateModified\":\"2019-04-25T11:56:48+00:00\",\"mainEntityOfPage\":{\"@id\":\"https:\/\/unasp.br\/noticias\/evento-de-empreendedorismo-inovacao-e-criatividade-abre-as-portas-em-periferia-de-sao-paulo\/\"},\"wordCount\":507,\"commentCount\":0,\"publisher\":{\"@id\":\"https:\/\/unasp.br\/noticias\/#organization\"},\"image\":{\"@id\":\"https:\/\/unasp.br\/noticias\/evento-de-empreendedorismo-inovacao-e-criatividade-abre-as-portas-em-periferia-de-sao-paulo\/#primaryimage\"},\"thumbnailUrl\":\"https:\/\/cdn.unasp.br\/noticias\/wp-content\/uploads\/2019\/04\/25053734\/58378163_1284568495054680_6820972386095988736_n.jpg\",\"articleSection\":[\"Impacto Social\"],\"inLanguage\":\"pt-BR\",\"potentialAction\":[{\"@type\":\"CommentAction\",\"name\":\"Comment\",\"target\":[\"https:\/\/unasp.br\/noticias\/evento-de-empreendedorismo-inovacao-e-criatividade-abre-as-portas-em-periferia-de-sao-paulo\/#respond\"]}]},{\"@type\":\"WebPage\",\"@id\":\"https:\/\/unasp.br\/noticias\/evento-de-empreendedorismo-inovacao-e-criatividade-abre-as-portas-em-periferia-de-sao-paulo\/\",\"url\":\"https:\/\/unasp.br\/noticias\/evento-de-empreendedorismo-inovacao-e-criatividade-abre-as-portas-em-periferia-de-sao-paulo\/\",\"name\":\"Evento de empreendedorismo, inova\u00e7\u00e3o e criatividade abre as portas em periferia de S\u00e3o Paulo - UNASP Noticias\",\"isPartOf\":{\"@id\":\"https:\/\/unasp.br\/noticias\/#website\"},\"primaryImageOfPage\":{\"@id\":\"https:\/\/unasp.br\/noticias\/evento-de-empreendedorismo-inovacao-e-criatividade-abre-as-portas-em-periferia-de-sao-paulo\/#primaryimage\"},\"image\":{\"@id\":\"https:\/\/unasp.br\/noticias\/evento-de-empreendedorismo-inovacao-e-criatividade-abre-as-portas-em-periferia-de-sao-paulo\/#primaryimage\"},\"thumbnailUrl\":\"https:\/\/cdn.unasp.br\/noticias\/wp-content\/uploads\/2019\/04\/25053734\/58378163_1284568495054680_6820972386095988736_n.jpg\",\"datePublished\":\"2019-04-25T11:56:48+00:00\",\"dateModified\":\"2019-04-25T11:56:48+00:00\",\"breadcrumb\":{\"@id\":\"https:\/\/unasp.br\/noticias\/evento-de-empreendedorismo-inovacao-e-criatividade-abre-as-portas-em-periferia-de-sao-paulo\/#breadcrumb\"},\"inLanguage\":\"pt-BR\",\"potentialAction\":[{\"@type\":\"ReadAction\",\"target\":[\"https:\/\/unasp.br\/noticias\/evento-de-empreendedorismo-inovacao-e-criatividade-abre-as-portas-em-periferia-de-sao-paulo\/\"]}]},{\"@type\":\"ImageObject\",\"inLanguage\":\"pt-BR\",\"@id\":\"https:\/\/unasp.br\/noticias\/evento-de-empreendedorismo-inovacao-e-criatividade-abre-as-portas-em-periferia-de-sao-paulo\/#primaryimage\",\"url\":\"https:\/\/cdn.unasp.br\/noticias\/wp-content\/uploads\/2019\/04\/25053734\/58378163_1284568495054680_6820972386095988736_n.jpg\",\"contentUrl\":\"https:\/\/cdn.unasp.br\/noticias\/wp-content\/uploads\/2019\/04\/25053734\/58378163_1284568495054680_6820972386095988736_n.jpg\",\"width\":960,\"height\":640},{\"@type\":\"BreadcrumbList\",\"@id\":\"https:\/\/unasp.br\/noticias\/evento-de-empreendedorismo-inovacao-e-criatividade-abre-as-portas-em-periferia-de-sao-paulo\/#breadcrumb\",\"itemListElement\":[{\"@type\":\"ListItem\",\"position\":1,\"name\":\"In\u00edcio\",\"item\":\"https:\/\/unasp.br\/noticias\/\"},{\"@type\":\"ListItem\",\"position\":2,\"name\":\"Evento de empreendedorismo, inova\u00e7\u00e3o e criatividade abre as portas em periferia de S\u00e3o Paulo\"}]},{\"@type\":\"WebSite\",\"@id\":\"https:\/\/unasp.br\/noticias\/#website\",\"url\":\"https:\/\/unasp.br\/noticias\/\",\"name\":\"UNASP Noticias\",\"description\":\"Centro Universit\u00e1rio Adventista de S\u00e3o Paulo\",\"publisher\":{\"@id\":\"https:\/\/unasp.br\/noticias\/#organization\"},\"potentialAction\":[{\"@type\":\"SearchAction\",\"target\":{\"@type\":\"EntryPoint\",\"urlTemplate\":\"https:\/\/unasp.br\/noticias\/?s={search_term_string}\"},\"query-input\":{\"@type\":\"PropertyValueSpecification\",\"valueRequired\":true,\"valueName\":\"search_term_string\"}}],\"inLanguage\":\"pt-BR\"},{\"@type\":\"Organization\",\"@id\":\"https:\/\/unasp.br\/noticias\/#organization\",\"name\":\"UNASP Noticias\",\"url\":\"https:\/\/unasp.br\/noticias\/\",\"logo\":{\"@type\":\"ImageObject\",\"inLanguage\":\"pt-BR\",\"@id\":\"https:\/\/unasp.br\/noticias\/#\/schema\/logo\/image\/\",\"url\":\"https:\/\/cdn.unasp.br\/noticias\/wp-content\/uploads\/2021\/09\/09152724\/logo-unasp-news.png\",\"contentUrl\":\"https:\/\/cdn.unasp.br\/noticias\/wp-content\/uploads\/2021\/09\/09152724\/logo-unasp-news.png\",\"width\":240,\"height\":41,\"caption\":\"UNASP Noticias\"},\"image\":{\"@id\":\"https:\/\/unasp.br\/noticias\/#\/schema\/logo\/image\/\"}},{\"@type\":\"Person\",\"@id\":\"https:\/\/unasp.br\/noticias\/#\/schema\/person\/80f09a3ec674501e6bb13144ffa2489f\",\"name\":\"Aira Almeida\",\"image\":{\"@type\":\"ImageObject\",\"inLanguage\":\"pt-BR\",\"@id\":\"https:\/\/unasp.br\/noticias\/#\/schema\/person\/image\/\",\"url\":\"https:\/\/secure.gravatar.com\/avatar\/e30ea867fdd5a41ec6a0cb350dcd108e?s=96&d=mm&r=g\",\"contentUrl\":\"https:\/\/secure.gravatar.com\/avatar\/e30ea867fdd5a41ec6a0cb350dcd108e?s=96&d=mm&r=g\",\"caption\":\"Aira Almeida\"},\"url\":\"https:\/\/unasp.br\/noticias\/author\/aira-almeidaedu-unasp-br\/\"}]}<\/script>\n<!-- \/ Yoast SEO plugin. -->","yoast_head_json":{"title":"Evento de empreendedorismo, inova\u00e7\u00e3o e criatividade abre as portas em periferia de S\u00e3o Paulo - UNASP Noticias","robots":{"index":"index","follow":"follow","max-snippet":"max-snippet:-1","max-image-preview":"max-image-preview:large","max-video-preview":"max-video-preview:-1"},"canonical":"https:\/\/unasp.br\/noticias\/evento-de-empreendedorismo-inovacao-e-criatividade-abre-as-portas-em-periferia-de-sao-paulo\/","og_locale":"pt_BR","og_type":"article","og_title":"Evento de empreendedorismo, inova\u00e7\u00e3o e criatividade abre as portas em periferia de S\u00e3o Paulo - UNASP Noticias","og_description":"Unasp S\u00e3o Paulo ser\u00e1 pioneiro na cria\u00e7\u00e3o desse tipo de evento na regi\u00e3o O Cap\u00e3o Redondo \u00e9 [&hellip;]","og_url":"https:\/\/unasp.br\/noticias\/evento-de-empreendedorismo-inovacao-e-criatividade-abre-as-portas-em-periferia-de-sao-paulo\/","og_site_name":"UNASP Noticias","article_published_time":"2019-04-25T11:56:48+00:00","og_image":[{"width":960,"height":640,"url":"https:\/\/cdn.unasp.br\/noticias\/wp-content\/uploads\/2019\/04\/25053734\/58378163_1284568495054680_6820972386095988736_n.jpg","type":"image\/jpeg"}],"author":"Aira Almeida","twitter_card":"summary_large_image","twitter_misc":{"Escrito por":"Aira Almeida","Est. tempo de leitura":"2 minutos"},"schema":{"@context":"https:\/\/schema.org","@graph":[{"@type":"Article","@id":"https:\/\/unasp.br\/noticias\/evento-de-empreendedorismo-inovacao-e-criatividade-abre-as-portas-em-periferia-de-sao-paulo\/#article","isPartOf":{"@id":"https:\/\/unasp.br\/noticias\/evento-de-empreendedorismo-inovacao-e-criatividade-abre-as-portas-em-periferia-de-sao-paulo\/"},"author":{"name":"Aira Almeida","@id":"https:\/\/unasp.br\/noticias\/#\/schema\/person\/80f09a3ec674501e6bb13144ffa2489f"},"headline":"Evento de empreendedorismo, inova\u00e7\u00e3o e criatividade abre as portas em periferia de S\u00e3o Paulo","datePublished":"2019-04-25T11:56:48+00:00","dateModified":"2019-04-25T11:56:48+00:00","mainEntityOfPage":{"@id":"https:\/\/unasp.br\/noticias\/evento-de-empreendedorismo-inovacao-e-criatividade-abre-as-portas-em-periferia-de-sao-paulo\/"},"wordCount":507,"commentCount":0,"publisher":{"@id":"https:\/\/unasp.br\/noticias\/#organization"},"image":{"@id":"https:\/\/unasp.br\/noticias\/evento-de-empreendedorismo-inovacao-e-criatividade-abre-as-portas-em-periferia-de-sao-paulo\/#primaryimage"},"thumbnailUrl":"https:\/\/cdn.unasp.br\/noticias\/wp-content\/uploads\/2019\/04\/25053734\/58378163_1284568495054680_6820972386095988736_n.jpg","articleSection":["Impacto Social"],"inLanguage":"pt-BR","potentialAction":[{"@type":"CommentAction","name":"Comment","target":["https:\/\/unasp.br\/noticias\/evento-de-empreendedorismo-inovacao-e-criatividade-abre-as-portas-em-periferia-de-sao-paulo\/#respond"]}]},{"@type":"WebPage","@id":"https:\/\/unasp.br\/noticias\/evento-de-empreendedorismo-inovacao-e-criatividade-abre-as-portas-em-periferia-de-sao-paulo\/","url":"https:\/\/unasp.br\/noticias\/evento-de-empreendedorismo-inovacao-e-criatividade-abre-as-portas-em-periferia-de-sao-paulo\/","name":"Evento de empreendedorismo, inova\u00e7\u00e3o e criatividade abre as portas em periferia de S\u00e3o Paulo - UNASP Noticias","isPartOf":{"@id":"https:\/\/unasp.br\/noticias\/#website"},"primaryImageOfPage":{"@id":"https:\/\/unasp.br\/noticias\/evento-de-empreendedorismo-inovacao-e-criatividade-abre-as-portas-em-periferia-de-sao-paulo\/#primaryimage"},"image":{"@id":"https:\/\/unasp.br\/noticias\/evento-de-empreendedorismo-inovacao-e-criatividade-abre-as-portas-em-periferia-de-sao-paulo\/#primaryimage"},"thumbnailUrl":"https:\/\/cdn.unasp.br\/noticias\/wp-content\/uploads\/2019\/04\/25053734\/58378163_1284568495054680_6820972386095988736_n.jpg","datePublished":"2019-04-25T11:56:48+00:00","dateModified":"2019-04-25T11:56:48+00:00","breadcrumb":{"@id":"https:\/\/unasp.br\/noticias\/evento-de-empreendedorismo-inovacao-e-criatividade-abre-as-portas-em-periferia-de-sao-paulo\/#breadcrumb"},"inLanguage":"pt-BR","potentialAction":[{"@type":"ReadAction","target":["https:\/\/unasp.br\/noticias\/evento-de-empreendedorismo-inovacao-e-criatividade-abre-as-portas-em-periferia-de-sao-paulo\/"]}]},{"@type":"ImageObject","inLanguage":"pt-BR","@id":"https:\/\/unasp.br\/noticias\/evento-de-empreendedorismo-inovacao-e-criatividade-abre-as-portas-em-periferia-de-sao-paulo\/#primaryimage","url":"https:\/\/cdn.unasp.br\/noticias\/wp-content\/uploads\/2019\/04\/25053734\/58378163_1284568495054680_6820972386095988736_n.jpg","contentUrl":"https:\/\/cdn.unasp.br\/noticias\/wp-content\/uploads\/2019\/04\/25053734\/58378163_1284568495054680_6820972386095988736_n.jpg","width":960,"height":640},{"@type":"BreadcrumbList","@id":"https:\/\/unasp.br\/noticias\/evento-de-empreendedorismo-inovacao-e-criatividade-abre-as-portas-em-periferia-de-sao-paulo\/#breadcrumb","itemListElement":[{"@type":"ListItem","position":1,"name":"In\u00edcio","item":"https:\/\/unasp.br\/noticias\/"},{"@type":"ListItem","position":2,"name":"Evento de empreendedorismo, inova\u00e7\u00e3o e criatividade abre as portas em periferia de S\u00e3o Paulo"}]},{"@type":"WebSite","@id":"https:\/\/unasp.br\/noticias\/#website","url":"https:\/\/unasp.br\/noticias\/","name":"UNASP Noticias","description":"Centro Universit\u00e1rio Adventista de S\u00e3o Paulo","publisher":{"@id":"https:\/\/unasp.br\/noticias\/#organization"},"potentialAction":[{"@type":"SearchAction","target":{"@type":"EntryPoint","urlTemplate":"https:\/\/unasp.br\/noticias\/?s={search_term_string}"},"query-input":{"@type":"PropertyValueSpecification","valueRequired":true,"valueName":"search_term_string"}}],"inLanguage":"pt-BR"},{"@type":"Organization","@id":"https:\/\/unasp.br\/noticias\/#organization","name":"UNASP Noticias","url":"https:\/\/unasp.br\/noticias\/","logo":{"@type":"ImageObject","inLanguage":"pt-BR","@id":"https:\/\/unasp.br\/noticias\/#\/schema\/logo\/image\/","url":"https:\/\/cdn.unasp.br\/noticias\/wp-content\/uploads\/2021\/09\/09152724\/logo-unasp-news.png","contentUrl":"https:\/\/cdn.unasp.br\/noticias\/wp-content\/uploads\/2021\/09\/09152724\/logo-unasp-news.png","width":240,"height":41,"caption":"UNASP Noticias"},"image":{"@id":"https:\/\/unasp.br\/noticias\/#\/schema\/logo\/image\/"}},{"@type":"Person","@id":"https:\/\/unasp.br\/noticias\/#\/schema\/person\/80f09a3ec674501e6bb13144ffa2489f","name":"Aira Almeida","image":{"@type":"ImageObject","inLanguage":"pt-BR","@id":"https:\/\/unasp.br\/noticias\/#\/schema\/person\/image\/","url":"https:\/\/secure.gravatar.com\/avatar\/e30ea867fdd5a41ec6a0cb350dcd108e?s=96&d=mm&r=g","contentUrl":"https:\/\/secure.gravatar.com\/avatar\/e30ea867fdd5a41ec6a0cb350dcd108e?s=96&d=mm&r=g","caption":"Aira Almeida"},"url":"https:\/\/unasp.br\/noticias\/author\/aira-almeidaedu-unasp-br\/"}]}},"_links":{"self":[{"href":"https:\/\/unasp.br\/noticias\/wp-json\/wp\/v2\/posts\/57564"}],"collection":[{"href":"https:\/\/unasp.br\/noticias\/wp-json\/wp\/v2\/posts"}],"about":[{"href":"https:\/\/unasp.br\/noticias\/wp-json\/wp\/v2\/types\/post"}],"author":[{"embeddable":true,"href":"https:\/\/unasp.br\/noticias\/wp-json\/wp\/v2\/users\/30"}],"replies":[{"embeddable":true,"href":"https:\/\/unasp.br\/noticias\/wp-json\/wp\/v2\/comments?post=57564"}],"version-history":[{"count":13,"href":"https:\/\/unasp.br\/noticias\/wp-json\/wp\/v2\/posts\/57564\/revisions"}],"predecessor-version":[{"id":57605,"href":"https:\/\/unasp.br\/noticias\/wp-json\/wp\/v2\/posts\/57564\/revisions\/57605"}],"wp:featuredmedia":[{"embeddable":true,"href":"https:\/\/unasp.br\/noticias\/wp-json\/wp\/v2\/media\/57592"}],"wp:attachment":[{"href":"https:\/\/unasp.br\/noticias\/wp-json\/wp\/v2\/media?parent=57564"}],"wp:term":[{"taxonomy":"category","embeddable":true,"href":"https:\/\/unasp.br\/noticias\/wp-json\/wp\/v2\/categories?post=57564"},{"taxonomy":"post_tag","embeddable":true,"href":"https:\/\/unasp.br\/noticias\/wp-json\/wp\/v2\/tags?post=57564"}],"curies":[{"name":"wp","href":"https:\/\/api.w.org\/{rel}","templated":true}]}}