{"id":57917,"date":"2019-04-30T14:41:38","date_gmt":"2019-04-30T17:41:38","guid":{"rendered":"https:\/\/www.unasp.br\/noticias\/?p=57917"},"modified":"2019-05-02T10:26:58","modified_gmt":"2019-05-02T13:26:58","slug":"curso-de-educacao-fisica-cria-escolinha-de-futebol-social-para-atender-criancas-carentes","status":"publish","type":"post","link":"https:\/\/unasp.br\/noticias\/curso-de-educacao-fisica-cria-escolinha-de-futebol-social-para-atender-criancas-carentes\/","title":{"rendered":"Curso de educa\u00e7\u00e3o f\u00edsica cria Escolinha de Futebol Social para atender crian\u00e7as carentes"},"content":{"rendered":"<div id=\"attachment_57923\" style=\"width: 681px\" class=\"wp-caption aligncenter\"><img loading=\"lazy\" decoding=\"async\" aria-describedby=\"caption-attachment-57923\" class=\"wp-image-57923 size-full\" src=\"https:\/\/www.unasp.br\/noticias\/wp-content\/uploads\/2019\/04\/Captura-de-Tela-2019-04-30-a\u0300s-14.30.34.png\" alt=\"\" width=\"671\" height=\"485\" srcset=\"https:\/\/cdn.unasp.br\/noticias\/wp-content\/uploads\/2019\/04\/30113849\/Captura-de-Tela-2019-04-30-a%CC%80s-14.30.34.png 671w, https:\/\/cdn.unasp.br\/noticias\/wp-content\/uploads\/2019\/04\/30113849\/Captura-de-Tela-2019-04-30-a%CC%80s-14.30.34-300x217.png 300w, https:\/\/cdn.unasp.br\/noticias\/wp-content\/uploads\/2019\/04\/30113849\/Captura-de-Tela-2019-04-30-a%CC%80s-14.30.34-664x480.png 664w, https:\/\/cdn.unasp.br\/noticias\/wp-content\/uploads\/2019\/04\/30113849\/Captura-de-Tela-2019-04-30-a%CC%80s-14.30.34-387x280.png 387w, https:\/\/cdn.unasp.br\/noticias\/wp-content\/uploads\/2019\/04\/30113849\/Captura-de-Tela-2019-04-30-a%CC%80s-14.30.34-500x361.png 500w, https:\/\/cdn.unasp.br\/noticias\/wp-content\/uploads\/2019\/04\/30113849\/Captura-de-Tela-2019-04-30-a%CC%80s-14.30.34-400x289.png 400w, https:\/\/cdn.unasp.br\/noticias\/wp-content\/uploads\/2019\/04\/30113849\/Captura-de-Tela-2019-04-30-a%CC%80s-14.30.34-346x250.png 346w, https:\/\/cdn.unasp.br\/noticias\/wp-content\/uploads\/2019\/04\/30113849\/Captura-de-Tela-2019-04-30-a%CC%80s-14.30.34-277x200.png 277w, https:\/\/cdn.unasp.br\/noticias\/wp-content\/uploads\/2019\/04\/30113849\/Captura-de-Tela-2019-04-30-a%CC%80s-14.30.34-208x150.png 208w, https:\/\/cdn.unasp.br\/noticias\/wp-content\/uploads\/2019\/04\/30113849\/Captura-de-Tela-2019-04-30-a%CC%80s-14.30.34-175x126.png 175w, https:\/\/cdn.unasp.br\/noticias\/wp-content\/uploads\/2019\/04\/30113849\/Captura-de-Tela-2019-04-30-a%CC%80s-14.30.34-200x145.png 200w\" sizes=\"(max-width: 671px) 100vw, 671px\" \/><p id=\"caption-attachment-57923\" class=\"wp-caption-text\">Alunos da Escola de Futebol Social em Hortol\u00e2ndia, SP.<\/p><\/div>\n<p style=\"text-align: justify;\">No in\u00edcio do m\u00eas de abril, come\u00e7ou a funcionar a Escolinha de Futebol Social no bairro Amanda, na cidade de Hortol\u00e2ndia,\u00a0 SP, sob o comando de estudantes do curso de educa\u00e7\u00e3o f\u00edsica do Unasp. Esse projeto de extens\u00e3o \u00e9 desenvolvido pelo campus Hortol\u00e2ndia em parceria com a Igreja Adventista de Terra Preta, voltado para crian\u00e7as e adolescentes de 10 a 15 anos. O objetivo \u00e9 desenvolv\u00ea-los integralmente, incentivando assim a pr\u00e1tica de esportes e disponibilizando o acesso dos mais necessitados \u00e0 conhecimentos necess\u00e1rios para seu crescimento.<\/p>\n<p style=\"text-align: justify;\">Tendo como foco principal crian\u00e7as de baixa renda, os professores e alunos da gradua\u00e7\u00e3o de <a href=\"https:\/\/www.unasp.br\/cursos\/ht\/graduacao\/educacao-fisica\/&lt;\">Educa\u00e7\u00e3o F\u00edsica do Unasp Hortol\u00e2ndia<\/a>\u00a0buscam facilitar o acesso desses \u00e0 escola de futebol, desenvolvendo seu intelecto, seu f\u00edsico e promovendo o relacionamento social.<\/p>\n<h3 style=\"text-align: justify;\">Os quatro princ\u00edpios pedag\u00f3gicos<\/h3>\n<p style=\"text-align: justify;\">Na busca do desenvolvimento integral, o projeto ir\u00e1 lan\u00e7ar m\u00e3o de quatro princ\u00edpios pedag\u00f3gicos; ensinar futebol para todos, ensinar bem o futebol, ensinar mais que futebol para todos, ensinar a gostar de esportes. \u201cDentro dos princ\u00edpios pedag\u00f3gicos propostos, talvez o mais importante para este projeto seja o de ensinar mais que futebol\u201d, conta o prof. Ms. Tercio Alves, coordenador do projeto. Ele continua: \u201cnem toda crian\u00e7a que faz escolinha de futebol ser\u00e1 futuramente um jogador profissional, entretanto, todas elas ser\u00e3o cidad\u00e3os. Com esse olhar, ensinar mais que futebol \u00e9 desenvolver nas crian\u00e7as, valores e princ\u00edpios morais e espirituais para que tenham a percep\u00e7\u00e3o que \u00e9 poss\u00edvel ter uma vida melhor quando se tem as quest\u00f5es morais e espiritual bem resolvidas\u201d.<\/p>\n<h3 style=\"text-align: justify;\">Sobre o projeto<\/h3>\n<p style=\"text-align: justify;\">Os encontros acontecem \u00e0s segundas e ter\u00e7as-feiras. Divididos por faixa et\u00e1ria, os alunos do projeto que est\u00e3o entre 10 a 12 anos participam do primeiro hor\u00e1rio (14h \u00e0s 15h30) e os adolescentes entre 13 e 15 anos, participam do segundo (15h30 \u00e0s 17h).<\/p>\n<p style=\"text-align: justify;\">\u201cA parceria realizada entre o Unasp Hortol\u00e2ndia e a Igreja Adventista de Terra Preta, proporciona o desenvolvimento das crian\u00e7as atrav\u00e9s do esporte e levar os valores crist\u00e3os (servir o pr\u00f3ximo) e do Unasp (levar para a comunidade aquilo que \u00e9 produzido no Centro Universit\u00e1rio) para crian\u00e7as e adolescentes. O projeto tamb\u00e9m contribuir\u00e1 para o desenvolvimento de alunos estudantes de Educa\u00e7\u00e3o F\u00edsica do Unasp a partir do momento que os incentiva a serem os professores dos jovens que est\u00e3o na escolinha de futebol social\u201d,\u00a0 conclui professor Alves.<\/p>\n<p style=\"text-align: justify;\"><img loading=\"lazy\" decoding=\"async\" class=\"aligncenter size-large wp-image-57924\" src=\"https:\/\/www.unasp.br\/noticias\/wp-content\/uploads\/2019\/04\/IMG_20190415_145728393_HDR-1024x768.jpg\" alt=\"\" width=\"900\" height=\"675\" srcset=\"https:\/\/cdn.unasp.br\/noticias\/wp-content\/uploads\/2019\/04\/30114040\/IMG_20190415_145728393_HDR-1024x768.jpg 1024w, https:\/\/cdn.unasp.br\/noticias\/wp-content\/uploads\/2019\/04\/30114040\/IMG_20190415_145728393_HDR-300x225.jpg 300w, https:\/\/cdn.unasp.br\/noticias\/wp-content\/uploads\/2019\/04\/30114040\/IMG_20190415_145728393_HDR-768x576.jpg 768w, https:\/\/cdn.unasp.br\/noticias\/wp-content\/uploads\/2019\/04\/30114040\/IMG_20190415_145728393_HDR-800x600.jpg 800w, https:\/\/cdn.unasp.br\/noticias\/wp-content\/uploads\/2019\/04\/30114040\/IMG_20190415_145728393_HDR-1067x800.jpg 1067w, https:\/\/cdn.unasp.br\/noticias\/wp-content\/uploads\/2019\/04\/30114040\/IMG_20190415_145728393_HDR-960x720.jpg 960w, https:\/\/cdn.unasp.br\/noticias\/wp-content\/uploads\/2019\/04\/30114040\/IMG_20190415_145728393_HDR-667x500.jpg 667w, https:\/\/cdn.unasp.br\/noticias\/wp-content\/uploads\/2019\/04\/30114040\/IMG_20190415_145728393_HDR-640x480.jpg 640w, https:\/\/cdn.unasp.br\/noticias\/wp-content\/uploads\/2019\/04\/30114040\/IMG_20190415_145728393_HDR-373x280.jpg 373w, https:\/\/cdn.unasp.br\/noticias\/wp-content\/uploads\/2019\/04\/30114040\/IMG_20190415_145728393_HDR-500x375.jpg 500w, https:\/\/cdn.unasp.br\/noticias\/wp-content\/uploads\/2019\/04\/30114040\/IMG_20190415_145728393_HDR-400x300.jpg 400w, https:\/\/cdn.unasp.br\/noticias\/wp-content\/uploads\/2019\/04\/30114040\/IMG_20190415_145728393_HDR-333x250.jpg 333w, https:\/\/cdn.unasp.br\/noticias\/wp-content\/uploads\/2019\/04\/30114040\/IMG_20190415_145728393_HDR-267x200.jpg 267w, https:\/\/cdn.unasp.br\/noticias\/wp-content\/uploads\/2019\/04\/30114040\/IMG_20190415_145728393_HDR-200x150.jpg 200w, https:\/\/cdn.unasp.br\/noticias\/wp-content\/uploads\/2019\/04\/30114040\/IMG_20190415_145728393_HDR-175x131.jpg 175w, https:\/\/cdn.unasp.br\/noticias\/wp-content\/uploads\/2019\/04\/30114040\/IMG_20190415_145728393_HDR.jpg 2048w\" sizes=\"(max-width: 900px) 100vw, 900px\" \/><\/p>\n","protected":false},"excerpt":{"rendered":"<p>No in\u00edcio do m\u00eas de abril, come\u00e7ou a funcionar a Escolinha de Futebol Social no bairro Amanda, [&hellip;]<\/p>\n","protected":false},"author":73,"featured_media":57920,"comment_status":"open","ping_status":"open","sticky":false,"template":"","format":"standard","meta":{"footnotes":""},"categories":[10],"tags":[],"yoast_head":"<!-- This site is optimized with the Yoast SEO plugin v23.5 - https:\/\/yoast.com\/wordpress\/plugins\/seo\/ -->\n<title>Curso de educa\u00e7\u00e3o f\u00edsica cria Escolinha de Futebol Social para atender crian\u00e7as carentes - UNASP Noticias<\/title>\n<meta name=\"robots\" content=\"index, follow, max-snippet:-1, max-image-preview:large, max-video-preview:-1\" \/>\n<link rel=\"canonical\" href=\"https:\/\/unasp.br\/noticias\/curso-de-educacao-fisica-cria-escolinha-de-futebol-social-para-atender-criancas-carentes\/\" \/>\n<meta property=\"og:locale\" content=\"pt_BR\" \/>\n<meta property=\"og:type\" content=\"article\" \/>\n<meta property=\"og:title\" content=\"Curso de educa\u00e7\u00e3o f\u00edsica cria Escolinha de Futebol Social para atender crian\u00e7as carentes - UNASP Noticias\" \/>\n<meta property=\"og:description\" content=\"No in\u00edcio do m\u00eas de abril, come\u00e7ou a funcionar a Escolinha de Futebol Social no bairro Amanda, [&hellip;]\" \/>\n<meta property=\"og:url\" content=\"https:\/\/unasp.br\/noticias\/curso-de-educacao-fisica-cria-escolinha-de-futebol-social-para-atender-criancas-carentes\/\" \/>\n<meta property=\"og:site_name\" content=\"UNASP Noticias\" \/>\n<meta property=\"article:published_time\" content=\"2019-04-30T17:41:38+00:00\" \/>\n<meta property=\"article:modified_time\" content=\"2019-05-02T13:26:58+00:00\" \/>\n<meta property=\"og:image\" content=\"https:\/\/cdn.unasp.br\/noticias\/wp-content\/uploads\/2019\/04\/30113617\/old-ball-3347395_1920.jpg\" \/>\n\t<meta property=\"og:image:width\" content=\"1920\" \/>\n\t<meta property=\"og:image:height\" content=\"1280\" \/>\n\t<meta property=\"og:image:type\" content=\"image\/jpeg\" \/>\n<meta name=\"author\" content=\"Maria da Gl\u00f3ria Marques de Paula Barreto\" \/>\n<meta name=\"twitter:card\" content=\"summary_large_image\" \/>\n<meta name=\"twitter:label1\" content=\"Escrito por\" \/>\n\t<meta name=\"twitter:data1\" content=\"Maria da Gl\u00f3ria Marques de Paula Barreto\" \/>\n\t<meta name=\"twitter:label2\" content=\"Est. tempo de leitura\" \/>\n\t<meta name=\"twitter:data2\" content=\"2 minutos\" \/>\n<script type=\"application\/ld+json\" class=\"yoast-schema-graph\">{\"@context\":\"https:\/\/schema.org\",\"@graph\":[{\"@type\":\"Article\",\"@id\":\"https:\/\/unasp.br\/noticias\/curso-de-educacao-fisica-cria-escolinha-de-futebol-social-para-atender-criancas-carentes\/#article\",\"isPartOf\":{\"@id\":\"https:\/\/unasp.br\/noticias\/curso-de-educacao-fisica-cria-escolinha-de-futebol-social-para-atender-criancas-carentes\/\"},\"author\":{\"name\":\"Maria da Gl\u00f3ria Marques de Paula Barreto\",\"@id\":\"https:\/\/unasp.br\/noticias\/#\/schema\/person\/f3393a032491eabc46fadb3656375334\"},\"headline\":\"Curso de educa\u00e7\u00e3o f\u00edsica cria Escolinha de Futebol Social para atender crian\u00e7as carentes\",\"datePublished\":\"2019-04-30T17:41:38+00:00\",\"dateModified\":\"2019-05-02T13:26:58+00:00\",\"mainEntityOfPage\":{\"@id\":\"https:\/\/unasp.br\/noticias\/curso-de-educacao-fisica-cria-escolinha-de-futebol-social-para-atender-criancas-carentes\/\"},\"wordCount\":450,\"commentCount\":0,\"publisher\":{\"@id\":\"https:\/\/unasp.br\/noticias\/#organization\"},\"image\":{\"@id\":\"https:\/\/unasp.br\/noticias\/curso-de-educacao-fisica-cria-escolinha-de-futebol-social-para-atender-criancas-carentes\/#primaryimage\"},\"thumbnailUrl\":\"https:\/\/cdn.unasp.br\/noticias\/wp-content\/uploads\/2019\/04\/30113617\/old-ball-3347395_1920.jpg\",\"articleSection\":[\"Impacto Social\"],\"inLanguage\":\"pt-BR\",\"potentialAction\":[{\"@type\":\"CommentAction\",\"name\":\"Comment\",\"target\":[\"https:\/\/unasp.br\/noticias\/curso-de-educacao-fisica-cria-escolinha-de-futebol-social-para-atender-criancas-carentes\/#respond\"]}]},{\"@type\":\"WebPage\",\"@id\":\"https:\/\/unasp.br\/noticias\/curso-de-educacao-fisica-cria-escolinha-de-futebol-social-para-atender-criancas-carentes\/\",\"url\":\"https:\/\/unasp.br\/noticias\/curso-de-educacao-fisica-cria-escolinha-de-futebol-social-para-atender-criancas-carentes\/\",\"name\":\"Curso de educa\u00e7\u00e3o f\u00edsica cria Escolinha de Futebol Social para atender crian\u00e7as carentes - UNASP Noticias\",\"isPartOf\":{\"@id\":\"https:\/\/unasp.br\/noticias\/#website\"},\"primaryImageOfPage\":{\"@id\":\"https:\/\/unasp.br\/noticias\/curso-de-educacao-fisica-cria-escolinha-de-futebol-social-para-atender-criancas-carentes\/#primaryimage\"},\"image\":{\"@id\":\"https:\/\/unasp.br\/noticias\/curso-de-educacao-fisica-cria-escolinha-de-futebol-social-para-atender-criancas-carentes\/#primaryimage\"},\"thumbnailUrl\":\"https:\/\/cdn.unasp.br\/noticias\/wp-content\/uploads\/2019\/04\/30113617\/old-ball-3347395_1920.jpg\",\"datePublished\":\"2019-04-30T17:41:38+00:00\",\"dateModified\":\"2019-05-02T13:26:58+00:00\",\"breadcrumb\":{\"@id\":\"https:\/\/unasp.br\/noticias\/curso-de-educacao-fisica-cria-escolinha-de-futebol-social-para-atender-criancas-carentes\/#breadcrumb\"},\"inLanguage\":\"pt-BR\",\"potentialAction\":[{\"@type\":\"ReadAction\",\"target\":[\"https:\/\/unasp.br\/noticias\/curso-de-educacao-fisica-cria-escolinha-de-futebol-social-para-atender-criancas-carentes\/\"]}]},{\"@type\":\"ImageObject\",\"inLanguage\":\"pt-BR\",\"@id\":\"https:\/\/unasp.br\/noticias\/curso-de-educacao-fisica-cria-escolinha-de-futebol-social-para-atender-criancas-carentes\/#primaryimage\",\"url\":\"https:\/\/cdn.unasp.br\/noticias\/wp-content\/uploads\/2019\/04\/30113617\/old-ball-3347395_1920.jpg\",\"contentUrl\":\"https:\/\/cdn.unasp.br\/noticias\/wp-content\/uploads\/2019\/04\/30113617\/old-ball-3347395_1920.jpg\",\"width\":1920,\"height\":1280},{\"@type\":\"BreadcrumbList\",\"@id\":\"https:\/\/unasp.br\/noticias\/curso-de-educacao-fisica-cria-escolinha-de-futebol-social-para-atender-criancas-carentes\/#breadcrumb\",\"itemListElement\":[{\"@type\":\"ListItem\",\"position\":1,\"name\":\"In\u00edcio\",\"item\":\"https:\/\/unasp.br\/noticias\/\"},{\"@type\":\"ListItem\",\"position\":2,\"name\":\"Curso de educa\u00e7\u00e3o f\u00edsica cria Escolinha de Futebol Social para atender crian\u00e7as carentes\"}]},{\"@type\":\"WebSite\",\"@id\":\"https:\/\/unasp.br\/noticias\/#website\",\"url\":\"https:\/\/unasp.br\/noticias\/\",\"name\":\"UNASP Noticias\",\"description\":\"Centro Universit\u00e1rio Adventista de S\u00e3o Paulo\",\"publisher\":{\"@id\":\"https:\/\/unasp.br\/noticias\/#organization\"},\"potentialAction\":[{\"@type\":\"SearchAction\",\"target\":{\"@type\":\"EntryPoint\",\"urlTemplate\":\"https:\/\/unasp.br\/noticias\/?s={search_term_string}\"},\"query-input\":{\"@type\":\"PropertyValueSpecification\",\"valueRequired\":true,\"valueName\":\"search_term_string\"}}],\"inLanguage\":\"pt-BR\"},{\"@type\":\"Organization\",\"@id\":\"https:\/\/unasp.br\/noticias\/#organization\",\"name\":\"UNASP Noticias\",\"url\":\"https:\/\/unasp.br\/noticias\/\",\"logo\":{\"@type\":\"ImageObject\",\"inLanguage\":\"pt-BR\",\"@id\":\"https:\/\/unasp.br\/noticias\/#\/schema\/logo\/image\/\",\"url\":\"https:\/\/cdn.unasp.br\/noticias\/wp-content\/uploads\/2021\/09\/09152724\/logo-unasp-news.png\",\"contentUrl\":\"https:\/\/cdn.unasp.br\/noticias\/wp-content\/uploads\/2021\/09\/09152724\/logo-unasp-news.png\",\"width\":240,\"height\":41,\"caption\":\"UNASP Noticias\"},\"image\":{\"@id\":\"https:\/\/unasp.br\/noticias\/#\/schema\/logo\/image\/\"}},{\"@type\":\"Person\",\"@id\":\"https:\/\/unasp.br\/noticias\/#\/schema\/person\/f3393a032491eabc46fadb3656375334\",\"name\":\"Maria da Gl\u00f3ria Marques de Paula Barreto\",\"image\":{\"@type\":\"ImageObject\",\"inLanguage\":\"pt-BR\",\"@id\":\"https:\/\/unasp.br\/noticias\/#\/schema\/person\/image\/\",\"url\":\"https:\/\/secure.gravatar.com\/avatar\/3c23babfa2a847f4ce1e1403fe341fa3?s=96&d=mm&r=g\",\"contentUrl\":\"https:\/\/secure.gravatar.com\/avatar\/3c23babfa2a847f4ce1e1403fe341fa3?s=96&d=mm&r=g\",\"caption\":\"Maria da Gl\u00f3ria Marques de Paula Barreto\"},\"url\":\"https:\/\/unasp.br\/noticias\/author\/gloria-barretoadventistas-org\/\"}]}<\/script>\n<!-- \/ Yoast SEO plugin. -->","yoast_head_json":{"title":"Curso de educa\u00e7\u00e3o f\u00edsica cria Escolinha de Futebol Social para atender crian\u00e7as carentes - UNASP Noticias","robots":{"index":"index","follow":"follow","max-snippet":"max-snippet:-1","max-image-preview":"max-image-preview:large","max-video-preview":"max-video-preview:-1"},"canonical":"https:\/\/unasp.br\/noticias\/curso-de-educacao-fisica-cria-escolinha-de-futebol-social-para-atender-criancas-carentes\/","og_locale":"pt_BR","og_type":"article","og_title":"Curso de educa\u00e7\u00e3o f\u00edsica cria Escolinha de Futebol Social para atender crian\u00e7as carentes - UNASP Noticias","og_description":"No in\u00edcio do m\u00eas de abril, come\u00e7ou a funcionar a Escolinha de Futebol Social no bairro Amanda, [&hellip;]","og_url":"https:\/\/unasp.br\/noticias\/curso-de-educacao-fisica-cria-escolinha-de-futebol-social-para-atender-criancas-carentes\/","og_site_name":"UNASP Noticias","article_published_time":"2019-04-30T17:41:38+00:00","article_modified_time":"2019-05-02T13:26:58+00:00","og_image":[{"width":1920,"height":1280,"url":"https:\/\/cdn.unasp.br\/noticias\/wp-content\/uploads\/2019\/04\/30113617\/old-ball-3347395_1920.jpg","type":"image\/jpeg"}],"author":"Maria da Gl\u00f3ria Marques de Paula Barreto","twitter_card":"summary_large_image","twitter_misc":{"Escrito por":"Maria da Gl\u00f3ria Marques de Paula Barreto","Est. tempo de leitura":"2 minutos"},"schema":{"@context":"https:\/\/schema.org","@graph":[{"@type":"Article","@id":"https:\/\/unasp.br\/noticias\/curso-de-educacao-fisica-cria-escolinha-de-futebol-social-para-atender-criancas-carentes\/#article","isPartOf":{"@id":"https:\/\/unasp.br\/noticias\/curso-de-educacao-fisica-cria-escolinha-de-futebol-social-para-atender-criancas-carentes\/"},"author":{"name":"Maria da Gl\u00f3ria Marques de Paula Barreto","@id":"https:\/\/unasp.br\/noticias\/#\/schema\/person\/f3393a032491eabc46fadb3656375334"},"headline":"Curso de educa\u00e7\u00e3o f\u00edsica cria Escolinha de Futebol Social para atender crian\u00e7as carentes","datePublished":"2019-04-30T17:41:38+00:00","dateModified":"2019-05-02T13:26:58+00:00","mainEntityOfPage":{"@id":"https:\/\/unasp.br\/noticias\/curso-de-educacao-fisica-cria-escolinha-de-futebol-social-para-atender-criancas-carentes\/"},"wordCount":450,"commentCount":0,"publisher":{"@id":"https:\/\/unasp.br\/noticias\/#organization"},"image":{"@id":"https:\/\/unasp.br\/noticias\/curso-de-educacao-fisica-cria-escolinha-de-futebol-social-para-atender-criancas-carentes\/#primaryimage"},"thumbnailUrl":"https:\/\/cdn.unasp.br\/noticias\/wp-content\/uploads\/2019\/04\/30113617\/old-ball-3347395_1920.jpg","articleSection":["Impacto Social"],"inLanguage":"pt-BR","potentialAction":[{"@type":"CommentAction","name":"Comment","target":["https:\/\/unasp.br\/noticias\/curso-de-educacao-fisica-cria-escolinha-de-futebol-social-para-atender-criancas-carentes\/#respond"]}]},{"@type":"WebPage","@id":"https:\/\/unasp.br\/noticias\/curso-de-educacao-fisica-cria-escolinha-de-futebol-social-para-atender-criancas-carentes\/","url":"https:\/\/unasp.br\/noticias\/curso-de-educacao-fisica-cria-escolinha-de-futebol-social-para-atender-criancas-carentes\/","name":"Curso de educa\u00e7\u00e3o f\u00edsica cria Escolinha de Futebol Social para atender crian\u00e7as carentes - UNASP Noticias","isPartOf":{"@id":"https:\/\/unasp.br\/noticias\/#website"},"primaryImageOfPage":{"@id":"https:\/\/unasp.br\/noticias\/curso-de-educacao-fisica-cria-escolinha-de-futebol-social-para-atender-criancas-carentes\/#primaryimage"},"image":{"@id":"https:\/\/unasp.br\/noticias\/curso-de-educacao-fisica-cria-escolinha-de-futebol-social-para-atender-criancas-carentes\/#primaryimage"},"thumbnailUrl":"https:\/\/cdn.unasp.br\/noticias\/wp-content\/uploads\/2019\/04\/30113617\/old-ball-3347395_1920.jpg","datePublished":"2019-04-30T17:41:38+00:00","dateModified":"2019-05-02T13:26:58+00:00","breadcrumb":{"@id":"https:\/\/unasp.br\/noticias\/curso-de-educacao-fisica-cria-escolinha-de-futebol-social-para-atender-criancas-carentes\/#breadcrumb"},"inLanguage":"pt-BR","potentialAction":[{"@type":"ReadAction","target":["https:\/\/unasp.br\/noticias\/curso-de-educacao-fisica-cria-escolinha-de-futebol-social-para-atender-criancas-carentes\/"]}]},{"@type":"ImageObject","inLanguage":"pt-BR","@id":"https:\/\/unasp.br\/noticias\/curso-de-educacao-fisica-cria-escolinha-de-futebol-social-para-atender-criancas-carentes\/#primaryimage","url":"https:\/\/cdn.unasp.br\/noticias\/wp-content\/uploads\/2019\/04\/30113617\/old-ball-3347395_1920.jpg","contentUrl":"https:\/\/cdn.unasp.br\/noticias\/wp-content\/uploads\/2019\/04\/30113617\/old-ball-3347395_1920.jpg","width":1920,"height":1280},{"@type":"BreadcrumbList","@id":"https:\/\/unasp.br\/noticias\/curso-de-educacao-fisica-cria-escolinha-de-futebol-social-para-atender-criancas-carentes\/#breadcrumb","itemListElement":[{"@type":"ListItem","position":1,"name":"In\u00edcio","item":"https:\/\/unasp.br\/noticias\/"},{"@type":"ListItem","position":2,"name":"Curso de educa\u00e7\u00e3o f\u00edsica cria Escolinha de Futebol Social para atender crian\u00e7as carentes"}]},{"@type":"WebSite","@id":"https:\/\/unasp.br\/noticias\/#website","url":"https:\/\/unasp.br\/noticias\/","name":"UNASP Noticias","description":"Centro Universit\u00e1rio Adventista de S\u00e3o Paulo","publisher":{"@id":"https:\/\/unasp.br\/noticias\/#organization"},"potentialAction":[{"@type":"SearchAction","target":{"@type":"EntryPoint","urlTemplate":"https:\/\/unasp.br\/noticias\/?s={search_term_string}"},"query-input":{"@type":"PropertyValueSpecification","valueRequired":true,"valueName":"search_term_string"}}],"inLanguage":"pt-BR"},{"@type":"Organization","@id":"https:\/\/unasp.br\/noticias\/#organization","name":"UNASP Noticias","url":"https:\/\/unasp.br\/noticias\/","logo":{"@type":"ImageObject","inLanguage":"pt-BR","@id":"https:\/\/unasp.br\/noticias\/#\/schema\/logo\/image\/","url":"https:\/\/cdn.unasp.br\/noticias\/wp-content\/uploads\/2021\/09\/09152724\/logo-unasp-news.png","contentUrl":"https:\/\/cdn.unasp.br\/noticias\/wp-content\/uploads\/2021\/09\/09152724\/logo-unasp-news.png","width":240,"height":41,"caption":"UNASP Noticias"},"image":{"@id":"https:\/\/unasp.br\/noticias\/#\/schema\/logo\/image\/"}},{"@type":"Person","@id":"https:\/\/unasp.br\/noticias\/#\/schema\/person\/f3393a032491eabc46fadb3656375334","name":"Maria da Gl\u00f3ria Marques de Paula Barreto","image":{"@type":"ImageObject","inLanguage":"pt-BR","@id":"https:\/\/unasp.br\/noticias\/#\/schema\/person\/image\/","url":"https:\/\/secure.gravatar.com\/avatar\/3c23babfa2a847f4ce1e1403fe341fa3?s=96&d=mm&r=g","contentUrl":"https:\/\/secure.gravatar.com\/avatar\/3c23babfa2a847f4ce1e1403fe341fa3?s=96&d=mm&r=g","caption":"Maria da Gl\u00f3ria Marques de Paula Barreto"},"url":"https:\/\/unasp.br\/noticias\/author\/gloria-barretoadventistas-org\/"}]}},"_links":{"self":[{"href":"https:\/\/unasp.br\/noticias\/wp-json\/wp\/v2\/posts\/57917"}],"collection":[{"href":"https:\/\/unasp.br\/noticias\/wp-json\/wp\/v2\/posts"}],"about":[{"href":"https:\/\/unasp.br\/noticias\/wp-json\/wp\/v2\/types\/post"}],"author":[{"embeddable":true,"href":"https:\/\/unasp.br\/noticias\/wp-json\/wp\/v2\/users\/73"}],"replies":[{"embeddable":true,"href":"https:\/\/unasp.br\/noticias\/wp-json\/wp\/v2\/comments?post=57917"}],"version-history":[{"count":3,"href":"https:\/\/unasp.br\/noticias\/wp-json\/wp\/v2\/posts\/57917\/revisions"}],"predecessor-version":[{"id":58102,"href":"https:\/\/unasp.br\/noticias\/wp-json\/wp\/v2\/posts\/57917\/revisions\/58102"}],"wp:featuredmedia":[{"embeddable":true,"href":"https:\/\/unasp.br\/noticias\/wp-json\/wp\/v2\/media\/57920"}],"wp:attachment":[{"href":"https:\/\/unasp.br\/noticias\/wp-json\/wp\/v2\/media?parent=57917"}],"wp:term":[{"taxonomy":"category","embeddable":true,"href":"https:\/\/unasp.br\/noticias\/wp-json\/wp\/v2\/categories?post=57917"},{"taxonomy":"post_tag","embeddable":true,"href":"https:\/\/unasp.br\/noticias\/wp-json\/wp\/v2\/tags?post=57917"}],"curies":[{"name":"wp","href":"https:\/\/api.w.org\/{rel}","templated":true}]}}