{"id":58469,"date":"2019-05-08T17:29:57","date_gmt":"2019-05-08T20:29:57","guid":{"rendered":"https:\/\/www.unasp.br\/noticias\/?p=58469"},"modified":"2019-05-08T17:29:57","modified_gmt":"2019-05-08T20:29:57","slug":"acao-solidaria-do-unasp-homenageia-as-maes-no-projeto-adote-uma-mae","status":"publish","type":"post","link":"https:\/\/unasp.br\/noticias\/acao-solidaria-do-unasp-homenageia-as-maes-no-projeto-adote-uma-mae\/","title":{"rendered":"A\u00e7\u00e3o solid\u00e1ria do Unasp homenageia as m\u00e3es no projeto Adote Uma M\u00e3e"},"content":{"rendered":"<div id=\"attachment_58471\" style=\"width: 470px\" class=\"wp-caption alignleft\"><img loading=\"lazy\" decoding=\"async\" aria-describedby=\"caption-attachment-58471\" class=\"size-full wp-image-58471\" src=\"https:\/\/www.unasp.br\/noticias\/wp-content\/uploads\/2019\/05\/Captura-de-Tela-2019-05-08-a\u0300s-17.21.33.png\" alt=\"\" width=\"460\" height=\"652\" srcset=\"https:\/\/cdn.unasp.br\/noticias\/wp-content\/uploads\/2019\/05\/08142204\/Captura-de-Tela-2019-05-08-a%CC%80s-17.21.33.png 460w, https:\/\/cdn.unasp.br\/noticias\/wp-content\/uploads\/2019\/05\/08142204\/Captura-de-Tela-2019-05-08-a%CC%80s-17.21.33-212x300.png 212w, https:\/\/cdn.unasp.br\/noticias\/wp-content\/uploads\/2019\/05\/08142204\/Captura-de-Tela-2019-05-08-a%CC%80s-17.21.33-423x600.png 423w, https:\/\/cdn.unasp.br\/noticias\/wp-content\/uploads\/2019\/05\/08142204\/Captura-de-Tela-2019-05-08-a%CC%80s-17.21.33-353x500.png 353w, https:\/\/cdn.unasp.br\/noticias\/wp-content\/uploads\/2019\/05\/08142204\/Captura-de-Tela-2019-05-08-a%CC%80s-17.21.33-339x480.png 339w, https:\/\/cdn.unasp.br\/noticias\/wp-content\/uploads\/2019\/05\/08142204\/Captura-de-Tela-2019-05-08-a%CC%80s-17.21.33-198x280.png 198w, https:\/\/cdn.unasp.br\/noticias\/wp-content\/uploads\/2019\/05\/08142204\/Captura-de-Tela-2019-05-08-a%CC%80s-17.21.33-282x400.png 282w, https:\/\/cdn.unasp.br\/noticias\/wp-content\/uploads\/2019\/05\/08142204\/Captura-de-Tela-2019-05-08-a%CC%80s-17.21.33-176x250.png 176w, https:\/\/cdn.unasp.br\/noticias\/wp-content\/uploads\/2019\/05\/08142204\/Captura-de-Tela-2019-05-08-a%CC%80s-17.21.33-141x200.png 141w, https:\/\/cdn.unasp.br\/noticias\/wp-content\/uploads\/2019\/05\/08142204\/Captura-de-Tela-2019-05-08-a%CC%80s-17.21.33-106x150.png 106w, https:\/\/cdn.unasp.br\/noticias\/wp-content\/uploads\/2019\/05\/08142204\/Captura-de-Tela-2019-05-08-a%CC%80s-17.21.33-175x248.png 175w\" sizes=\"(max-width: 460px) 100vw, 460px\" \/><p id=\"caption-attachment-58471\" class=\"wp-caption-text\">Flyer da campanha Adote uma m\u00e3e.<\/p><\/div>\n<p style=\"text-align: justify;\"><em>Estudantes fazem arrecada\u00e7\u00f5es e entregam banheiras com produtos de higiene e roupinhas de beb\u00eas para gr\u00e1vidas carentes, em homenagem ao Dia das M\u00e3es.<\/em><\/p>\n<p style=\"text-align: justify;\">Alunos do <a href=\"https:\/\/www.unasp.br\/ht\/educacao-basica\/\">Col\u00e9gio Unasp Hortol\u00e2ndia<\/a> v\u00e3o homenagear as m\u00e3es com uma a\u00e7\u00e3o solid\u00e1ria, no projeto: <strong><em>Adote uma m\u00e3e<\/em><\/strong><em>.<\/em> Durante os meses de abril e maio, cada umas das \u00a0turmas t\u00eam arrecadando produtos de higiene, fraldas e roupinhas para beb\u00eas. Os itens arrecadados ser\u00e3o doados a m\u00e3es selecionadas pela assist\u00eancia social do Hospital e Maternidade Municipal Governador M\u00e1rio Covas. A entrega ser\u00e1 feita na maternidade do hospital, por representantes de turmas e acontecer\u00e1 em duas ocasi\u00f5es: a primeira est\u00e1 marcada para o dia 10 de maio, \u00e0s 10 horas, e a segunda no dia 17 de maio, no mesmo hor\u00e1rio.<\/p>\n<p style=\"text-align: justify;\">Este \u00e9 o terceiro ano do projeto, em 2017 os alunos conseguiram coletar itens para encher 55 banheiras, em 2018 com o apoio da EPTV atrav\u00e9s da divulga\u00e7\u00e3o do projeto em uma <a href=\"https:\/\/globoplay.globo.com\/v\/6726681\/\">reportagem no programa Mais Caminhos<\/a> a arrecada\u00e7\u00e3o subiu para 114 banheiras e neste ano a a\u00e7\u00e3o continua e pretende manter o n\u00famero de produtos coletados para contemplar v\u00e1rias mam\u00e3es.<\/p>\n<p style=\"text-align: justify;\">De acordo com a dire\u00e7\u00e3o do col\u00e9gio o projeto valoriza o <em>Dia das M\u00e3es<\/em> de forma diferente, pois envolve toda a fam\u00edlia. \u201cEssa campanha de solidariedade, desperta no estudante um sentimento altru\u00edsta e ensina a valorizar ainda mais seu lar. Ele conhece outras realidades e se engaja em um movimento pelo bem do outro\u201d, explica o diretor do col\u00e9gio, \u00a0Marcel Barreto.<\/p>\n<p style=\"text-align: justify;\">Al\u00e9m de ajudar a comunidade, o projeto sensibiliza alunos a trabalharem pelo pr\u00f3ximo. A estudante, Ana Clara Lopes, de 7 anos, conta porque resolveu ajudar com suas doa\u00e7\u00f5es: \u201ceu tenho uma irm\u00e3zinha e ela usa fralda, sabonete, shampoo, usa len\u00e7o, pomada, um monte de coisas e acho que se a gente d\u00e1 tudo isso de gra\u00e7a, vai ajudar as mam\u00e3es e os bebezinhos delas\u201d.<\/p>\n<p style=\"text-align: justify;\">Para quem quiser participar com doa\u00e7\u00f5es, poder\u00e1 levar os produtos at\u00e9 o campus Hortol\u00e2ndia, em hor\u00e1rio comercial.<\/p>\n<p style=\"text-align: justify;\"><strong>Endere\u00e7o:<\/strong><\/p>\n<p style=\"text-align: justify;\">Unasp Hortol\u00e2ndia &#8211; <a href=\"https:\/\/www.google.com.br\/search?site=async\/lcl_akp&amp;q=iasp+-+unasp-ht+endere%C3%A7o&amp;stick=H4sIAAAAAAAAAOPgE-LVT9c3NEw2zCtOL8rK0ZLNTrbSz8lPTizJzM-DM6wSU1KKUouLAX5HXAYwAAAA&amp;sa=X&amp;ved=2ahUKEwiH8ouCtsHaAhWMI5AKHeX5DdcQ6BMwA3oECAAQDw\">Endere\u00e7o<\/a>:\u00a0Rua Pastor Hugo Gegembauer, 265 &#8211; Portaria &#8211; Parque Ortol\u00e2ndia, Hortol\u00e2ndia &#8211; SP, 13184-010<\/p>\n<p style=\"text-align: justify;\">\n<p style=\"text-align: justify;\"><strong>Datas das entregas: <\/strong><\/p>\n<ul style=\"text-align: justify;\">\n<li>Primeira entrega: 10\/05\/2018 (sexta-feira) \u00e0s 10h.<\/li>\n<li>Segunda entrega: 17\/05\/2018 ( sexta-feira) \u00e0s 10h.<\/li>\n<\/ul>\n<p style=\"text-align: justify;\">\n<p style=\"text-align: justify;\"><strong>Maternidade a ser contemplada:<\/strong> Hospital M\u00e1rio Covas, Rua Osvaldo Ribeiro Carrilho, 10 (Jardim Mirante) 13186-214 Hortol\u00e2ndia, S\u00e3o Paulo SP<\/p>\n<p style=\"text-align: justify;\">\n<p style=\"text-align: justify;\">\n","protected":false},"excerpt":{"rendered":"<p>Estudantes fazem arrecada\u00e7\u00f5es e entregam banheiras com produtos de higiene e roupinhas de beb\u00eas para gr\u00e1vidas carentes, [&hellip;]<\/p>\n","protected":false},"author":73,"featured_media":58470,"comment_status":"open","ping_status":"open","sticky":false,"template":"","format":"standard","meta":{"footnotes":""},"categories":[10],"tags":[],"yoast_head":"<!-- This site is optimized with the Yoast SEO plugin v23.5 - https:\/\/yoast.com\/wordpress\/plugins\/seo\/ -->\n<title>A\u00e7\u00e3o solid\u00e1ria do Unasp homenageia as m\u00e3es no projeto Adote Uma M\u00e3e - UNASP Noticias<\/title>\n<meta name=\"robots\" content=\"index, follow, max-snippet:-1, max-image-preview:large, max-video-preview:-1\" \/>\n<link rel=\"canonical\" href=\"https:\/\/unasp.br\/noticias\/acao-solidaria-do-unasp-homenageia-as-maes-no-projeto-adote-uma-mae\/\" \/>\n<meta property=\"og:locale\" content=\"pt_BR\" \/>\n<meta property=\"og:type\" content=\"article\" \/>\n<meta property=\"og:title\" content=\"A\u00e7\u00e3o solid\u00e1ria do Unasp homenageia as m\u00e3es no projeto Adote Uma M\u00e3e - UNASP Noticias\" \/>\n<meta property=\"og:description\" content=\"Estudantes fazem arrecada\u00e7\u00f5es e entregam banheiras com produtos de higiene e roupinhas de beb\u00eas para gr\u00e1vidas carentes, [&hellip;]\" \/>\n<meta property=\"og:url\" content=\"https:\/\/unasp.br\/noticias\/acao-solidaria-do-unasp-homenageia-as-maes-no-projeto-adote-uma-mae\/\" \/>\n<meta property=\"og:site_name\" content=\"UNASP Noticias\" \/>\n<meta property=\"article:published_time\" content=\"2019-05-08T20:29:57+00:00\" \/>\n<meta property=\"og:image\" content=\"https:\/\/cdn.unasp.br\/noticias\/wp-content\/uploads\/2019\/05\/08142022\/Captura-de-Tela-2019-05-08-a%CC%80s-17.13.06.png\" \/>\n\t<meta property=\"og:image:width\" content=\"501\" \/>\n\t<meta property=\"og:image:height\" content=\"423\" \/>\n\t<meta property=\"og:image:type\" content=\"image\/png\" \/>\n<meta name=\"author\" content=\"Maria da Gl\u00f3ria Marques de Paula Barreto\" \/>\n<meta name=\"twitter:card\" content=\"summary_large_image\" \/>\n<meta name=\"twitter:label1\" content=\"Escrito por\" \/>\n\t<meta name=\"twitter:data1\" content=\"Maria da Gl\u00f3ria Marques de Paula Barreto\" \/>\n\t<meta name=\"twitter:label2\" content=\"Est. tempo de leitura\" \/>\n\t<meta name=\"twitter:data2\" content=\"2 minutos\" \/>\n<script type=\"application\/ld+json\" class=\"yoast-schema-graph\">{\"@context\":\"https:\/\/schema.org\",\"@graph\":[{\"@type\":\"Article\",\"@id\":\"https:\/\/unasp.br\/noticias\/acao-solidaria-do-unasp-homenageia-as-maes-no-projeto-adote-uma-mae\/#article\",\"isPartOf\":{\"@id\":\"https:\/\/unasp.br\/noticias\/acao-solidaria-do-unasp-homenageia-as-maes-no-projeto-adote-uma-mae\/\"},\"author\":{\"name\":\"Maria da Gl\u00f3ria Marques de Paula Barreto\",\"@id\":\"https:\/\/unasp.br\/noticias\/#\/schema\/person\/f3393a032491eabc46fadb3656375334\"},\"headline\":\"A\u00e7\u00e3o solid\u00e1ria do Unasp homenageia as m\u00e3es no projeto Adote Uma M\u00e3e\",\"datePublished\":\"2019-05-08T20:29:57+00:00\",\"dateModified\":\"2019-05-08T20:29:57+00:00\",\"mainEntityOfPage\":{\"@id\":\"https:\/\/unasp.br\/noticias\/acao-solidaria-do-unasp-homenageia-as-maes-no-projeto-adote-uma-mae\/\"},\"wordCount\":445,\"commentCount\":0,\"publisher\":{\"@id\":\"https:\/\/unasp.br\/noticias\/#organization\"},\"image\":{\"@id\":\"https:\/\/unasp.br\/noticias\/acao-solidaria-do-unasp-homenageia-as-maes-no-projeto-adote-uma-mae\/#primaryimage\"},\"thumbnailUrl\":\"https:\/\/cdn.unasp.br\/noticias\/wp-content\/uploads\/2019\/05\/08142022\/Captura-de-Tela-2019-05-08-a%CC%80s-17.13.06.png\",\"articleSection\":[\"Impacto Social\"],\"inLanguage\":\"pt-BR\",\"potentialAction\":[{\"@type\":\"CommentAction\",\"name\":\"Comment\",\"target\":[\"https:\/\/unasp.br\/noticias\/acao-solidaria-do-unasp-homenageia-as-maes-no-projeto-adote-uma-mae\/#respond\"]}]},{\"@type\":\"WebPage\",\"@id\":\"https:\/\/unasp.br\/noticias\/acao-solidaria-do-unasp-homenageia-as-maes-no-projeto-adote-uma-mae\/\",\"url\":\"https:\/\/unasp.br\/noticias\/acao-solidaria-do-unasp-homenageia-as-maes-no-projeto-adote-uma-mae\/\",\"name\":\"A\u00e7\u00e3o solid\u00e1ria do Unasp homenageia as m\u00e3es no projeto Adote Uma M\u00e3e - UNASP Noticias\",\"isPartOf\":{\"@id\":\"https:\/\/unasp.br\/noticias\/#website\"},\"primaryImageOfPage\":{\"@id\":\"https:\/\/unasp.br\/noticias\/acao-solidaria-do-unasp-homenageia-as-maes-no-projeto-adote-uma-mae\/#primaryimage\"},\"image\":{\"@id\":\"https:\/\/unasp.br\/noticias\/acao-solidaria-do-unasp-homenageia-as-maes-no-projeto-adote-uma-mae\/#primaryimage\"},\"thumbnailUrl\":\"https:\/\/cdn.unasp.br\/noticias\/wp-content\/uploads\/2019\/05\/08142022\/Captura-de-Tela-2019-05-08-a%CC%80s-17.13.06.png\",\"datePublished\":\"2019-05-08T20:29:57+00:00\",\"dateModified\":\"2019-05-08T20:29:57+00:00\",\"breadcrumb\":{\"@id\":\"https:\/\/unasp.br\/noticias\/acao-solidaria-do-unasp-homenageia-as-maes-no-projeto-adote-uma-mae\/#breadcrumb\"},\"inLanguage\":\"pt-BR\",\"potentialAction\":[{\"@type\":\"ReadAction\",\"target\":[\"https:\/\/unasp.br\/noticias\/acao-solidaria-do-unasp-homenageia-as-maes-no-projeto-adote-uma-mae\/\"]}]},{\"@type\":\"ImageObject\",\"inLanguage\":\"pt-BR\",\"@id\":\"https:\/\/unasp.br\/noticias\/acao-solidaria-do-unasp-homenageia-as-maes-no-projeto-adote-uma-mae\/#primaryimage\",\"url\":\"https:\/\/cdn.unasp.br\/noticias\/wp-content\/uploads\/2019\/05\/08142022\/Captura-de-Tela-2019-05-08-a%CC%80s-17.13.06.png\",\"contentUrl\":\"https:\/\/cdn.unasp.br\/noticias\/wp-content\/uploads\/2019\/05\/08142022\/Captura-de-Tela-2019-05-08-a%CC%80s-17.13.06.png\",\"width\":501,\"height\":423},{\"@type\":\"BreadcrumbList\",\"@id\":\"https:\/\/unasp.br\/noticias\/acao-solidaria-do-unasp-homenageia-as-maes-no-projeto-adote-uma-mae\/#breadcrumb\",\"itemListElement\":[{\"@type\":\"ListItem\",\"position\":1,\"name\":\"In\u00edcio\",\"item\":\"https:\/\/unasp.br\/noticias\/\"},{\"@type\":\"ListItem\",\"position\":2,\"name\":\"A\u00e7\u00e3o solid\u00e1ria do Unasp homenageia as m\u00e3es no projeto Adote Uma M\u00e3e\"}]},{\"@type\":\"WebSite\",\"@id\":\"https:\/\/unasp.br\/noticias\/#website\",\"url\":\"https:\/\/unasp.br\/noticias\/\",\"name\":\"UNASP Noticias\",\"description\":\"Centro Universit\u00e1rio Adventista de S\u00e3o Paulo\",\"publisher\":{\"@id\":\"https:\/\/unasp.br\/noticias\/#organization\"},\"potentialAction\":[{\"@type\":\"SearchAction\",\"target\":{\"@type\":\"EntryPoint\",\"urlTemplate\":\"https:\/\/unasp.br\/noticias\/?s={search_term_string}\"},\"query-input\":{\"@type\":\"PropertyValueSpecification\",\"valueRequired\":true,\"valueName\":\"search_term_string\"}}],\"inLanguage\":\"pt-BR\"},{\"@type\":\"Organization\",\"@id\":\"https:\/\/unasp.br\/noticias\/#organization\",\"name\":\"UNASP Noticias\",\"url\":\"https:\/\/unasp.br\/noticias\/\",\"logo\":{\"@type\":\"ImageObject\",\"inLanguage\":\"pt-BR\",\"@id\":\"https:\/\/unasp.br\/noticias\/#\/schema\/logo\/image\/\",\"url\":\"https:\/\/cdn.unasp.br\/noticias\/wp-content\/uploads\/2021\/09\/09152724\/logo-unasp-news.png\",\"contentUrl\":\"https:\/\/cdn.unasp.br\/noticias\/wp-content\/uploads\/2021\/09\/09152724\/logo-unasp-news.png\",\"width\":240,\"height\":41,\"caption\":\"UNASP Noticias\"},\"image\":{\"@id\":\"https:\/\/unasp.br\/noticias\/#\/schema\/logo\/image\/\"}},{\"@type\":\"Person\",\"@id\":\"https:\/\/unasp.br\/noticias\/#\/schema\/person\/f3393a032491eabc46fadb3656375334\",\"name\":\"Maria da Gl\u00f3ria Marques de Paula Barreto\",\"image\":{\"@type\":\"ImageObject\",\"inLanguage\":\"pt-BR\",\"@id\":\"https:\/\/unasp.br\/noticias\/#\/schema\/person\/image\/\",\"url\":\"https:\/\/secure.gravatar.com\/avatar\/3c23babfa2a847f4ce1e1403fe341fa3?s=96&d=mm&r=g\",\"contentUrl\":\"https:\/\/secure.gravatar.com\/avatar\/3c23babfa2a847f4ce1e1403fe341fa3?s=96&d=mm&r=g\",\"caption\":\"Maria da Gl\u00f3ria Marques de Paula Barreto\"},\"url\":\"https:\/\/unasp.br\/noticias\/author\/gloria-barretoadventistas-org\/\"}]}<\/script>\n<!-- \/ Yoast SEO plugin. -->","yoast_head_json":{"title":"A\u00e7\u00e3o solid\u00e1ria do Unasp homenageia as m\u00e3es no projeto Adote Uma M\u00e3e - UNASP Noticias","robots":{"index":"index","follow":"follow","max-snippet":"max-snippet:-1","max-image-preview":"max-image-preview:large","max-video-preview":"max-video-preview:-1"},"canonical":"https:\/\/unasp.br\/noticias\/acao-solidaria-do-unasp-homenageia-as-maes-no-projeto-adote-uma-mae\/","og_locale":"pt_BR","og_type":"article","og_title":"A\u00e7\u00e3o solid\u00e1ria do Unasp homenageia as m\u00e3es no projeto Adote Uma M\u00e3e - UNASP Noticias","og_description":"Estudantes fazem arrecada\u00e7\u00f5es e entregam banheiras com produtos de higiene e roupinhas de beb\u00eas para gr\u00e1vidas carentes, [&hellip;]","og_url":"https:\/\/unasp.br\/noticias\/acao-solidaria-do-unasp-homenageia-as-maes-no-projeto-adote-uma-mae\/","og_site_name":"UNASP Noticias","article_published_time":"2019-05-08T20:29:57+00:00","og_image":[{"width":501,"height":423,"url":"https:\/\/cdn.unasp.br\/noticias\/wp-content\/uploads\/2019\/05\/08142022\/Captura-de-Tela-2019-05-08-a%CC%80s-17.13.06.png","type":"image\/png"}],"author":"Maria da Gl\u00f3ria Marques de Paula Barreto","twitter_card":"summary_large_image","twitter_misc":{"Escrito por":"Maria da Gl\u00f3ria Marques de Paula Barreto","Est. tempo de leitura":"2 minutos"},"schema":{"@context":"https:\/\/schema.org","@graph":[{"@type":"Article","@id":"https:\/\/unasp.br\/noticias\/acao-solidaria-do-unasp-homenageia-as-maes-no-projeto-adote-uma-mae\/#article","isPartOf":{"@id":"https:\/\/unasp.br\/noticias\/acao-solidaria-do-unasp-homenageia-as-maes-no-projeto-adote-uma-mae\/"},"author":{"name":"Maria da Gl\u00f3ria Marques de Paula Barreto","@id":"https:\/\/unasp.br\/noticias\/#\/schema\/person\/f3393a032491eabc46fadb3656375334"},"headline":"A\u00e7\u00e3o solid\u00e1ria do Unasp homenageia as m\u00e3es no projeto Adote Uma M\u00e3e","datePublished":"2019-05-08T20:29:57+00:00","dateModified":"2019-05-08T20:29:57+00:00","mainEntityOfPage":{"@id":"https:\/\/unasp.br\/noticias\/acao-solidaria-do-unasp-homenageia-as-maes-no-projeto-adote-uma-mae\/"},"wordCount":445,"commentCount":0,"publisher":{"@id":"https:\/\/unasp.br\/noticias\/#organization"},"image":{"@id":"https:\/\/unasp.br\/noticias\/acao-solidaria-do-unasp-homenageia-as-maes-no-projeto-adote-uma-mae\/#primaryimage"},"thumbnailUrl":"https:\/\/cdn.unasp.br\/noticias\/wp-content\/uploads\/2019\/05\/08142022\/Captura-de-Tela-2019-05-08-a%CC%80s-17.13.06.png","articleSection":["Impacto Social"],"inLanguage":"pt-BR","potentialAction":[{"@type":"CommentAction","name":"Comment","target":["https:\/\/unasp.br\/noticias\/acao-solidaria-do-unasp-homenageia-as-maes-no-projeto-adote-uma-mae\/#respond"]}]},{"@type":"WebPage","@id":"https:\/\/unasp.br\/noticias\/acao-solidaria-do-unasp-homenageia-as-maes-no-projeto-adote-uma-mae\/","url":"https:\/\/unasp.br\/noticias\/acao-solidaria-do-unasp-homenageia-as-maes-no-projeto-adote-uma-mae\/","name":"A\u00e7\u00e3o solid\u00e1ria do Unasp homenageia as m\u00e3es no projeto Adote Uma M\u00e3e - UNASP Noticias","isPartOf":{"@id":"https:\/\/unasp.br\/noticias\/#website"},"primaryImageOfPage":{"@id":"https:\/\/unasp.br\/noticias\/acao-solidaria-do-unasp-homenageia-as-maes-no-projeto-adote-uma-mae\/#primaryimage"},"image":{"@id":"https:\/\/unasp.br\/noticias\/acao-solidaria-do-unasp-homenageia-as-maes-no-projeto-adote-uma-mae\/#primaryimage"},"thumbnailUrl":"https:\/\/cdn.unasp.br\/noticias\/wp-content\/uploads\/2019\/05\/08142022\/Captura-de-Tela-2019-05-08-a%CC%80s-17.13.06.png","datePublished":"2019-05-08T20:29:57+00:00","dateModified":"2019-05-08T20:29:57+00:00","breadcrumb":{"@id":"https:\/\/unasp.br\/noticias\/acao-solidaria-do-unasp-homenageia-as-maes-no-projeto-adote-uma-mae\/#breadcrumb"},"inLanguage":"pt-BR","potentialAction":[{"@type":"ReadAction","target":["https:\/\/unasp.br\/noticias\/acao-solidaria-do-unasp-homenageia-as-maes-no-projeto-adote-uma-mae\/"]}]},{"@type":"ImageObject","inLanguage":"pt-BR","@id":"https:\/\/unasp.br\/noticias\/acao-solidaria-do-unasp-homenageia-as-maes-no-projeto-adote-uma-mae\/#primaryimage","url":"https:\/\/cdn.unasp.br\/noticias\/wp-content\/uploads\/2019\/05\/08142022\/Captura-de-Tela-2019-05-08-a%CC%80s-17.13.06.png","contentUrl":"https:\/\/cdn.unasp.br\/noticias\/wp-content\/uploads\/2019\/05\/08142022\/Captura-de-Tela-2019-05-08-a%CC%80s-17.13.06.png","width":501,"height":423},{"@type":"BreadcrumbList","@id":"https:\/\/unasp.br\/noticias\/acao-solidaria-do-unasp-homenageia-as-maes-no-projeto-adote-uma-mae\/#breadcrumb","itemListElement":[{"@type":"ListItem","position":1,"name":"In\u00edcio","item":"https:\/\/unasp.br\/noticias\/"},{"@type":"ListItem","position":2,"name":"A\u00e7\u00e3o solid\u00e1ria do Unasp homenageia as m\u00e3es no projeto Adote Uma M\u00e3e"}]},{"@type":"WebSite","@id":"https:\/\/unasp.br\/noticias\/#website","url":"https:\/\/unasp.br\/noticias\/","name":"UNASP Noticias","description":"Centro Universit\u00e1rio Adventista de S\u00e3o Paulo","publisher":{"@id":"https:\/\/unasp.br\/noticias\/#organization"},"potentialAction":[{"@type":"SearchAction","target":{"@type":"EntryPoint","urlTemplate":"https:\/\/unasp.br\/noticias\/?s={search_term_string}"},"query-input":{"@type":"PropertyValueSpecification","valueRequired":true,"valueName":"search_term_string"}}],"inLanguage":"pt-BR"},{"@type":"Organization","@id":"https:\/\/unasp.br\/noticias\/#organization","name":"UNASP Noticias","url":"https:\/\/unasp.br\/noticias\/","logo":{"@type":"ImageObject","inLanguage":"pt-BR","@id":"https:\/\/unasp.br\/noticias\/#\/schema\/logo\/image\/","url":"https:\/\/cdn.unasp.br\/noticias\/wp-content\/uploads\/2021\/09\/09152724\/logo-unasp-news.png","contentUrl":"https:\/\/cdn.unasp.br\/noticias\/wp-content\/uploads\/2021\/09\/09152724\/logo-unasp-news.png","width":240,"height":41,"caption":"UNASP Noticias"},"image":{"@id":"https:\/\/unasp.br\/noticias\/#\/schema\/logo\/image\/"}},{"@type":"Person","@id":"https:\/\/unasp.br\/noticias\/#\/schema\/person\/f3393a032491eabc46fadb3656375334","name":"Maria da Gl\u00f3ria Marques de Paula Barreto","image":{"@type":"ImageObject","inLanguage":"pt-BR","@id":"https:\/\/unasp.br\/noticias\/#\/schema\/person\/image\/","url":"https:\/\/secure.gravatar.com\/avatar\/3c23babfa2a847f4ce1e1403fe341fa3?s=96&d=mm&r=g","contentUrl":"https:\/\/secure.gravatar.com\/avatar\/3c23babfa2a847f4ce1e1403fe341fa3?s=96&d=mm&r=g","caption":"Maria da Gl\u00f3ria Marques de Paula Barreto"},"url":"https:\/\/unasp.br\/noticias\/author\/gloria-barretoadventistas-org\/"}]}},"_links":{"self":[{"href":"https:\/\/unasp.br\/noticias\/wp-json\/wp\/v2\/posts\/58469"}],"collection":[{"href":"https:\/\/unasp.br\/noticias\/wp-json\/wp\/v2\/posts"}],"about":[{"href":"https:\/\/unasp.br\/noticias\/wp-json\/wp\/v2\/types\/post"}],"author":[{"embeddable":true,"href":"https:\/\/unasp.br\/noticias\/wp-json\/wp\/v2\/users\/73"}],"replies":[{"embeddable":true,"href":"https:\/\/unasp.br\/noticias\/wp-json\/wp\/v2\/comments?post=58469"}],"version-history":[{"count":3,"href":"https:\/\/unasp.br\/noticias\/wp-json\/wp\/v2\/posts\/58469\/revisions"}],"predecessor-version":[{"id":58474,"href":"https:\/\/unasp.br\/noticias\/wp-json\/wp\/v2\/posts\/58469\/revisions\/58474"}],"wp:featuredmedia":[{"embeddable":true,"href":"https:\/\/unasp.br\/noticias\/wp-json\/wp\/v2\/media\/58470"}],"wp:attachment":[{"href":"https:\/\/unasp.br\/noticias\/wp-json\/wp\/v2\/media?parent=58469"}],"wp:term":[{"taxonomy":"category","embeddable":true,"href":"https:\/\/unasp.br\/noticias\/wp-json\/wp\/v2\/categories?post=58469"},{"taxonomy":"post_tag","embeddable":true,"href":"https:\/\/unasp.br\/noticias\/wp-json\/wp\/v2\/tags?post=58469"}],"curies":[{"name":"wp","href":"https:\/\/api.w.org\/{rel}","templated":true}]}}