{"id":59034,"date":"2019-05-16T08:59:19","date_gmt":"2019-05-16T11:59:19","guid":{"rendered":"https:\/\/www.unasp.br\/noticias\/?p=59034"},"modified":"2019-05-16T08:59:19","modified_gmt":"2019-05-16T11:59:19","slug":"estudantes-de-psicologia-realizam-uma-acao-no-centro-de-atendimento-psicossocial","status":"publish","type":"post","link":"https:\/\/unasp.br\/noticias\/estudantes-de-psicologia-realizam-uma-acao-no-centro-de-atendimento-psicossocial\/","title":{"rendered":"Estudantes de psicologia realizam uma a\u00e7\u00e3o no Centro de Atendimento Psicossocial"},"content":{"rendered":"<div id=\"attachment_59037\" style=\"width: 235px\" class=\"wp-caption alignleft\"><img loading=\"lazy\" decoding=\"async\" aria-describedby=\"caption-attachment-59037\" class=\"wp-image-59037 size-medium\" src=\"https:\/\/www.unasp.br\/noticias\/wp-content\/uploads\/2019\/05\/WhatsApp-Image-2019-05-15-at-21.25.00-225x300.jpeg\" alt=\"\" width=\"225\" height=\"300\" srcset=\"https:\/\/cdn.unasp.br\/noticias\/wp-content\/uploads\/2019\/05\/16055535\/WhatsApp-Image-2019-05-15-at-21.25.00-225x300.jpeg 225w, https:\/\/cdn.unasp.br\/noticias\/wp-content\/uploads\/2019\/05\/16055535\/WhatsApp-Image-2019-05-15-at-21.25.00-768x1024.jpeg 768w, https:\/\/cdn.unasp.br\/noticias\/wp-content\/uploads\/2019\/05\/16055535\/WhatsApp-Image-2019-05-15-at-21.25.00-450x600.jpeg 450w, https:\/\/cdn.unasp.br\/noticias\/wp-content\/uploads\/2019\/05\/16055535\/WhatsApp-Image-2019-05-15-at-21.25.00-600x800.jpeg 600w, https:\/\/cdn.unasp.br\/noticias\/wp-content\/uploads\/2019\/05\/16055535\/WhatsApp-Image-2019-05-15-at-21.25.00-540x720.jpeg 540w, https:\/\/cdn.unasp.br\/noticias\/wp-content\/uploads\/2019\/05\/16055535\/WhatsApp-Image-2019-05-15-at-21.25.00-375x500.jpeg 375w, https:\/\/cdn.unasp.br\/noticias\/wp-content\/uploads\/2019\/05\/16055535\/WhatsApp-Image-2019-05-15-at-21.25.00-360x480.jpeg 360w, https:\/\/cdn.unasp.br\/noticias\/wp-content\/uploads\/2019\/05\/16055535\/WhatsApp-Image-2019-05-15-at-21.25.00-210x280.jpeg 210w, https:\/\/cdn.unasp.br\/noticias\/wp-content\/uploads\/2019\/05\/16055535\/WhatsApp-Image-2019-05-15-at-21.25.00-300x400.jpeg 300w, https:\/\/cdn.unasp.br\/noticias\/wp-content\/uploads\/2019\/05\/16055535\/WhatsApp-Image-2019-05-15-at-21.25.00-188x250.jpeg 188w, https:\/\/cdn.unasp.br\/noticias\/wp-content\/uploads\/2019\/05\/16055535\/WhatsApp-Image-2019-05-15-at-21.25.00-150x200.jpeg 150w, https:\/\/cdn.unasp.br\/noticias\/wp-content\/uploads\/2019\/05\/16055535\/WhatsApp-Image-2019-05-15-at-21.25.00-113x150.jpeg 113w, https:\/\/cdn.unasp.br\/noticias\/wp-content\/uploads\/2019\/05\/16055535\/WhatsApp-Image-2019-05-15-at-21.25.00-175x233.jpeg 175w, https:\/\/cdn.unasp.br\/noticias\/wp-content\/uploads\/2019\/05\/16055535\/WhatsApp-Image-2019-05-15-at-21.25.00.jpeg 960w\" sizes=\"(max-width: 225px) 100vw, 225px\" \/><p id=\"caption-attachment-59037\" class=\"wp-caption-text\">Estudantes de psicologia pintaram o muro da CAPs Vida em Hortol\u00e2ndia, SP.<\/p><\/div>\n<p style=\"text-align: justify;\">Na manh\u00e3 desta quarta-feira, 15 de maio, estudantes do <a href=\"https:\/\/www.unasp.br\/cursos\/ht\/graduacao\/psicologia-ht\/\">curso de psicologia<\/a> foram auxiliar na pintura do muro do <a href=\"https:\/\/caps-contato.site\/caps-em-hortolandia-sp\/\">Centro de Atendimento Psicossocial (CAPs) III Vida<\/a>, do munic\u00edpio de Hortol\u00e2ndia. \u00a0A a\u00e7\u00e3o social \u00e9 o resultado de uma parceria entre o Unasp e a coordena\u00e7\u00e3o de sa\u00fade mental da prefeitura.<\/p>\n<p style=\"text-align: justify;\">O curso e psicologia do Unasp junto a secretaria de sa\u00fade do munic\u00edpio, est\u00e3o promovendo neste no m\u00eas de maio diversas atividades em celebra\u00e7\u00e3o ao dia 18 de maio, que se comemora o Dia Nacional da Luta Antimanicomial. O projeto envolve v\u00e1rias atividades como palestras, rodas de conversas, encontros e nesta quarta a atividade foi mais pr\u00e1tica, pois pintura do muro do CAPs \u00e9 uma a\u00e7\u00e3o social em benef\u00edcio da comunidade.<\/p>\n<p style=\"text-align: justify;\">O Caps Vida que fica na rua Jo\u00e3o Cacian, 161, no parque Ortol\u00e2ndia atende adultos com transtornos psiqui\u00e1tricos do munic\u00edpio e atualmente presta atendimento de segunda a sexta, das 7 \u00e0s 17 horas. Por\u00e9m, a partir deste s\u00e1bado (18) passar\u00e1 a funcionar em per\u00edodo integral, todos os dias da semana. Atendendo usu\u00e1rios que est\u00e3o em situa\u00e7\u00e3o de crise e precisam desta retaguarda.<\/p>\n<p style=\"text-align: justify;\">Diante da iminente inaugura\u00e7\u00e3o, al\u00e9m dos alunos de psicologia, muitas pessoas estavam envolvidas em melhorias necess\u00e1rias para que a estrutura f\u00edsica possa atender o p\u00fablico. \u201cHoje estamos organizando v\u00e1rios detalhes para deixar o espa\u00e7o mais bonito e funcional para tornar poss\u00edvel o atendimento 24 horas. E para isso, contamos com usu\u00e1rios, profissionais da CAPs e com os alunos do Unasp. E essa ajuda \u00e9 muito importante para n\u00f3s\u201d, declarou a respons\u00e1vel pelo apoio a Gest\u00e3o de Sa\u00fade Mental do munic\u00edpio, Leice Santos .<\/p>\n<div id=\"attachment_59038\" style=\"width: 910px\" class=\"wp-caption aligncenter\"><img loading=\"lazy\" decoding=\"async\" aria-describedby=\"caption-attachment-59038\" class=\"size-large wp-image-59038\" src=\"https:\/\/www.unasp.br\/noticias\/wp-content\/uploads\/2019\/05\/WhatsApp-Image-2019-05-15-at-17.04.31-1-1024x768.jpeg\" alt=\"\" width=\"900\" height=\"675\" srcset=\"https:\/\/cdn.unasp.br\/noticias\/wp-content\/uploads\/2019\/05\/16055659\/WhatsApp-Image-2019-05-15-at-17.04.31-1-1024x768.jpeg 1024w, https:\/\/cdn.unasp.br\/noticias\/wp-content\/uploads\/2019\/05\/16055659\/WhatsApp-Image-2019-05-15-at-17.04.31-1-300x225.jpeg 300w, https:\/\/cdn.unasp.br\/noticias\/wp-content\/uploads\/2019\/05\/16055659\/WhatsApp-Image-2019-05-15-at-17.04.31-1-768x576.jpeg 768w, https:\/\/cdn.unasp.br\/noticias\/wp-content\/uploads\/2019\/05\/16055659\/WhatsApp-Image-2019-05-15-at-17.04.31-1-800x600.jpeg 800w, https:\/\/cdn.unasp.br\/noticias\/wp-content\/uploads\/2019\/05\/16055659\/WhatsApp-Image-2019-05-15-at-17.04.31-1-1067x800.jpeg 1067w, https:\/\/cdn.unasp.br\/noticias\/wp-content\/uploads\/2019\/05\/16055659\/WhatsApp-Image-2019-05-15-at-17.04.31-1-960x720.jpeg 960w, https:\/\/cdn.unasp.br\/noticias\/wp-content\/uploads\/2019\/05\/16055659\/WhatsApp-Image-2019-05-15-at-17.04.31-1-667x500.jpeg 667w, https:\/\/cdn.unasp.br\/noticias\/wp-content\/uploads\/2019\/05\/16055659\/WhatsApp-Image-2019-05-15-at-17.04.31-1-640x480.jpeg 640w, https:\/\/cdn.unasp.br\/noticias\/wp-content\/uploads\/2019\/05\/16055659\/WhatsApp-Image-2019-05-15-at-17.04.31-1-373x280.jpeg 373w, https:\/\/cdn.unasp.br\/noticias\/wp-content\/uploads\/2019\/05\/16055659\/WhatsApp-Image-2019-05-15-at-17.04.31-1-500x375.jpeg 500w, https:\/\/cdn.unasp.br\/noticias\/wp-content\/uploads\/2019\/05\/16055659\/WhatsApp-Image-2019-05-15-at-17.04.31-1-400x300.jpeg 400w, https:\/\/cdn.unasp.br\/noticias\/wp-content\/uploads\/2019\/05\/16055659\/WhatsApp-Image-2019-05-15-at-17.04.31-1-333x250.jpeg 333w, https:\/\/cdn.unasp.br\/noticias\/wp-content\/uploads\/2019\/05\/16055659\/WhatsApp-Image-2019-05-15-at-17.04.31-1-267x200.jpeg 267w, https:\/\/cdn.unasp.br\/noticias\/wp-content\/uploads\/2019\/05\/16055659\/WhatsApp-Image-2019-05-15-at-17.04.31-1-200x150.jpeg 200w, https:\/\/cdn.unasp.br\/noticias\/wp-content\/uploads\/2019\/05\/16055659\/WhatsApp-Image-2019-05-15-at-17.04.31-1-175x131.jpeg 175w, https:\/\/cdn.unasp.br\/noticias\/wp-content\/uploads\/2019\/05\/16055659\/WhatsApp-Image-2019-05-15-at-17.04.31-1.jpeg 1280w\" sizes=\"(max-width: 900px) 100vw, 900px\" \/><p id=\"caption-attachment-59038\" class=\"wp-caption-text\">E esse foi o resultado final da pintura.<\/p><\/div>\n<p style=\"text-align: justify;\">Para a coordenadora do curso de psicologia, J\u00e9ssica Silva, que acompanhou e ajudou os alunos na pintura do muro, esse tipo de parceria insere o estudante na realidade social do munic\u00edpio. \u201cA psicologia \u00e9 uma profiss\u00e3o que tem como objetivo fazer a diferen\u00e7a social, gerar transforma\u00e7\u00e3o social. Ent\u00e3o poder fazer com que meu aluno, j\u00e1 no primeiro semestre, possa observar e fazer pequenas a\u00e7\u00f5es, que s\u00e3o muito mais a\u00e7\u00f5es sociais do que t\u00e9cnicas, j\u00e1 traz para eles uma forma\u00e7\u00e3o importante. Eles j\u00e1 est\u00e3o dentro do contexto, vendo uma das possibilidades do campo de trabalho e melhor do que isso, fazendo uma boa a\u00e7\u00e3o\u201d.<\/p>\n<p style=\"text-align: justify;\">O estudante de psicologia, Rafael Gustordi, explica que a principio decidiu participar pelas horas complementares, mas que tem aprendido muito nestas atividades. \u201cA gente j\u00e1 participou de algumas palestras que aconteceram l\u00e1 no Unasp, e agora chegou a hora da gente vir ajudar, botar a m\u00e3o na massa. Essa parceria nos ajuda a conhecer um pouco mais destes trabalhos que s\u00e3o muito importantes para a sociedade e para n\u00f3s tamb\u00e9m\u201d, conclui Gustordi.<\/p>\n<p style=\"text-align: justify;\">\n<p style=\"text-align: justify;\">\n","protected":false},"excerpt":{"rendered":"<p>Na manh\u00e3 desta quarta-feira, 15 de maio, estudantes do curso de psicologia foram auxiliar na pintura do [&hellip;]<\/p>\n","protected":false},"author":73,"featured_media":59036,"comment_status":"open","ping_status":"open","sticky":false,"template":"","format":"standard","meta":{"footnotes":""},"categories":[10],"tags":[],"yoast_head":"<!-- This site is optimized with the Yoast SEO plugin v23.5 - https:\/\/yoast.com\/wordpress\/plugins\/seo\/ -->\n<title>Estudantes de psicologia realizam uma a\u00e7\u00e3o no Centro de Atendimento Psicossocial - UNASP Noticias<\/title>\n<meta name=\"robots\" content=\"index, follow, max-snippet:-1, max-image-preview:large, max-video-preview:-1\" \/>\n<link rel=\"canonical\" href=\"https:\/\/unasp.br\/noticias\/estudantes-de-psicologia-realizam-uma-acao-no-centro-de-atendimento-psicossocial\/\" \/>\n<meta property=\"og:locale\" content=\"pt_BR\" \/>\n<meta property=\"og:type\" content=\"article\" \/>\n<meta property=\"og:title\" content=\"Estudantes de psicologia realizam uma a\u00e7\u00e3o no Centro de Atendimento Psicossocial - UNASP Noticias\" \/>\n<meta property=\"og:description\" content=\"Na manh\u00e3 desta quarta-feira, 15 de maio, estudantes do curso de psicologia foram auxiliar na pintura do [&hellip;]\" \/>\n<meta property=\"og:url\" content=\"https:\/\/unasp.br\/noticias\/estudantes-de-psicologia-realizam-uma-acao-no-centro-de-atendimento-psicossocial\/\" \/>\n<meta property=\"og:site_name\" content=\"UNASP Noticias\" \/>\n<meta property=\"article:published_time\" content=\"2019-05-16T11:59:19+00:00\" \/>\n<meta property=\"og:image\" content=\"https:\/\/cdn.unasp.br\/noticias\/wp-content\/uploads\/2019\/05\/16055336\/IMG_5542.jpg\" \/>\n\t<meta property=\"og:image:width\" content=\"850\" \/>\n\t<meta property=\"og:image:height\" content=\"541\" \/>\n\t<meta property=\"og:image:type\" content=\"image\/jpeg\" \/>\n<meta name=\"author\" content=\"Maria da Gl\u00f3ria Marques de Paula Barreto\" \/>\n<meta name=\"twitter:card\" content=\"summary_large_image\" \/>\n<meta name=\"twitter:label1\" content=\"Escrito por\" \/>\n\t<meta name=\"twitter:data1\" content=\"Maria da Gl\u00f3ria Marques de Paula Barreto\" \/>\n\t<meta name=\"twitter:label2\" content=\"Est. tempo de leitura\" \/>\n\t<meta name=\"twitter:data2\" content=\"3 minutos\" \/>\n<script type=\"application\/ld+json\" class=\"yoast-schema-graph\">{\"@context\":\"https:\/\/schema.org\",\"@graph\":[{\"@type\":\"Article\",\"@id\":\"https:\/\/unasp.br\/noticias\/estudantes-de-psicologia-realizam-uma-acao-no-centro-de-atendimento-psicossocial\/#article\",\"isPartOf\":{\"@id\":\"https:\/\/unasp.br\/noticias\/estudantes-de-psicologia-realizam-uma-acao-no-centro-de-atendimento-psicossocial\/\"},\"author\":{\"name\":\"Maria da Gl\u00f3ria Marques de Paula Barreto\",\"@id\":\"https:\/\/unasp.br\/noticias\/#\/schema\/person\/f3393a032491eabc46fadb3656375334\"},\"headline\":\"Estudantes de psicologia realizam uma a\u00e7\u00e3o no Centro de Atendimento Psicossocial\",\"datePublished\":\"2019-05-16T11:59:19+00:00\",\"dateModified\":\"2019-05-16T11:59:19+00:00\",\"mainEntityOfPage\":{\"@id\":\"https:\/\/unasp.br\/noticias\/estudantes-de-psicologia-realizam-uma-acao-no-centro-de-atendimento-psicossocial\/\"},\"wordCount\":531,\"commentCount\":0,\"publisher\":{\"@id\":\"https:\/\/unasp.br\/noticias\/#organization\"},\"image\":{\"@id\":\"https:\/\/unasp.br\/noticias\/estudantes-de-psicologia-realizam-uma-acao-no-centro-de-atendimento-psicossocial\/#primaryimage\"},\"thumbnailUrl\":\"https:\/\/cdn.unasp.br\/noticias\/wp-content\/uploads\/2019\/05\/16055336\/IMG_5542.jpg\",\"articleSection\":[\"Impacto Social\"],\"inLanguage\":\"pt-BR\",\"potentialAction\":[{\"@type\":\"CommentAction\",\"name\":\"Comment\",\"target\":[\"https:\/\/unasp.br\/noticias\/estudantes-de-psicologia-realizam-uma-acao-no-centro-de-atendimento-psicossocial\/#respond\"]}]},{\"@type\":\"WebPage\",\"@id\":\"https:\/\/unasp.br\/noticias\/estudantes-de-psicologia-realizam-uma-acao-no-centro-de-atendimento-psicossocial\/\",\"url\":\"https:\/\/unasp.br\/noticias\/estudantes-de-psicologia-realizam-uma-acao-no-centro-de-atendimento-psicossocial\/\",\"name\":\"Estudantes de psicologia realizam uma a\u00e7\u00e3o no Centro de Atendimento Psicossocial - UNASP Noticias\",\"isPartOf\":{\"@id\":\"https:\/\/unasp.br\/noticias\/#website\"},\"primaryImageOfPage\":{\"@id\":\"https:\/\/unasp.br\/noticias\/estudantes-de-psicologia-realizam-uma-acao-no-centro-de-atendimento-psicossocial\/#primaryimage\"},\"image\":{\"@id\":\"https:\/\/unasp.br\/noticias\/estudantes-de-psicologia-realizam-uma-acao-no-centro-de-atendimento-psicossocial\/#primaryimage\"},\"thumbnailUrl\":\"https:\/\/cdn.unasp.br\/noticias\/wp-content\/uploads\/2019\/05\/16055336\/IMG_5542.jpg\",\"datePublished\":\"2019-05-16T11:59:19+00:00\",\"dateModified\":\"2019-05-16T11:59:19+00:00\",\"breadcrumb\":{\"@id\":\"https:\/\/unasp.br\/noticias\/estudantes-de-psicologia-realizam-uma-acao-no-centro-de-atendimento-psicossocial\/#breadcrumb\"},\"inLanguage\":\"pt-BR\",\"potentialAction\":[{\"@type\":\"ReadAction\",\"target\":[\"https:\/\/unasp.br\/noticias\/estudantes-de-psicologia-realizam-uma-acao-no-centro-de-atendimento-psicossocial\/\"]}]},{\"@type\":\"ImageObject\",\"inLanguage\":\"pt-BR\",\"@id\":\"https:\/\/unasp.br\/noticias\/estudantes-de-psicologia-realizam-uma-acao-no-centro-de-atendimento-psicossocial\/#primaryimage\",\"url\":\"https:\/\/cdn.unasp.br\/noticias\/wp-content\/uploads\/2019\/05\/16055336\/IMG_5542.jpg\",\"contentUrl\":\"https:\/\/cdn.unasp.br\/noticias\/wp-content\/uploads\/2019\/05\/16055336\/IMG_5542.jpg\",\"width\":850,\"height\":541},{\"@type\":\"BreadcrumbList\",\"@id\":\"https:\/\/unasp.br\/noticias\/estudantes-de-psicologia-realizam-uma-acao-no-centro-de-atendimento-psicossocial\/#breadcrumb\",\"itemListElement\":[{\"@type\":\"ListItem\",\"position\":1,\"name\":\"In\u00edcio\",\"item\":\"https:\/\/unasp.br\/noticias\/\"},{\"@type\":\"ListItem\",\"position\":2,\"name\":\"Estudantes de psicologia realizam uma a\u00e7\u00e3o no Centro de Atendimento Psicossocial\"}]},{\"@type\":\"WebSite\",\"@id\":\"https:\/\/unasp.br\/noticias\/#website\",\"url\":\"https:\/\/unasp.br\/noticias\/\",\"name\":\"UNASP Noticias\",\"description\":\"Centro Universit\u00e1rio Adventista de S\u00e3o Paulo\",\"publisher\":{\"@id\":\"https:\/\/unasp.br\/noticias\/#organization\"},\"potentialAction\":[{\"@type\":\"SearchAction\",\"target\":{\"@type\":\"EntryPoint\",\"urlTemplate\":\"https:\/\/unasp.br\/noticias\/?s={search_term_string}\"},\"query-input\":{\"@type\":\"PropertyValueSpecification\",\"valueRequired\":true,\"valueName\":\"search_term_string\"}}],\"inLanguage\":\"pt-BR\"},{\"@type\":\"Organization\",\"@id\":\"https:\/\/unasp.br\/noticias\/#organization\",\"name\":\"UNASP Noticias\",\"url\":\"https:\/\/unasp.br\/noticias\/\",\"logo\":{\"@type\":\"ImageObject\",\"inLanguage\":\"pt-BR\",\"@id\":\"https:\/\/unasp.br\/noticias\/#\/schema\/logo\/image\/\",\"url\":\"https:\/\/cdn.unasp.br\/noticias\/wp-content\/uploads\/2021\/09\/09152724\/logo-unasp-news.png\",\"contentUrl\":\"https:\/\/cdn.unasp.br\/noticias\/wp-content\/uploads\/2021\/09\/09152724\/logo-unasp-news.png\",\"width\":240,\"height\":41,\"caption\":\"UNASP Noticias\"},\"image\":{\"@id\":\"https:\/\/unasp.br\/noticias\/#\/schema\/logo\/image\/\"}},{\"@type\":\"Person\",\"@id\":\"https:\/\/unasp.br\/noticias\/#\/schema\/person\/f3393a032491eabc46fadb3656375334\",\"name\":\"Maria da Gl\u00f3ria Marques de Paula Barreto\",\"image\":{\"@type\":\"ImageObject\",\"inLanguage\":\"pt-BR\",\"@id\":\"https:\/\/unasp.br\/noticias\/#\/schema\/person\/image\/\",\"url\":\"https:\/\/secure.gravatar.com\/avatar\/3c23babfa2a847f4ce1e1403fe341fa3?s=96&d=mm&r=g\",\"contentUrl\":\"https:\/\/secure.gravatar.com\/avatar\/3c23babfa2a847f4ce1e1403fe341fa3?s=96&d=mm&r=g\",\"caption\":\"Maria da Gl\u00f3ria Marques de Paula Barreto\"},\"url\":\"https:\/\/unasp.br\/noticias\/author\/gloria-barretoadventistas-org\/\"}]}<\/script>\n<!-- \/ Yoast SEO plugin. -->","yoast_head_json":{"title":"Estudantes de psicologia realizam uma a\u00e7\u00e3o no Centro de Atendimento Psicossocial - UNASP Noticias","robots":{"index":"index","follow":"follow","max-snippet":"max-snippet:-1","max-image-preview":"max-image-preview:large","max-video-preview":"max-video-preview:-1"},"canonical":"https:\/\/unasp.br\/noticias\/estudantes-de-psicologia-realizam-uma-acao-no-centro-de-atendimento-psicossocial\/","og_locale":"pt_BR","og_type":"article","og_title":"Estudantes de psicologia realizam uma a\u00e7\u00e3o no Centro de Atendimento Psicossocial - UNASP Noticias","og_description":"Na manh\u00e3 desta quarta-feira, 15 de maio, estudantes do curso de psicologia foram auxiliar na pintura do [&hellip;]","og_url":"https:\/\/unasp.br\/noticias\/estudantes-de-psicologia-realizam-uma-acao-no-centro-de-atendimento-psicossocial\/","og_site_name":"UNASP Noticias","article_published_time":"2019-05-16T11:59:19+00:00","og_image":[{"width":850,"height":541,"url":"https:\/\/cdn.unasp.br\/noticias\/wp-content\/uploads\/2019\/05\/16055336\/IMG_5542.jpg","type":"image\/jpeg"}],"author":"Maria da Gl\u00f3ria Marques de Paula Barreto","twitter_card":"summary_large_image","twitter_misc":{"Escrito por":"Maria da Gl\u00f3ria Marques de Paula Barreto","Est. tempo de leitura":"3 minutos"},"schema":{"@context":"https:\/\/schema.org","@graph":[{"@type":"Article","@id":"https:\/\/unasp.br\/noticias\/estudantes-de-psicologia-realizam-uma-acao-no-centro-de-atendimento-psicossocial\/#article","isPartOf":{"@id":"https:\/\/unasp.br\/noticias\/estudantes-de-psicologia-realizam-uma-acao-no-centro-de-atendimento-psicossocial\/"},"author":{"name":"Maria da Gl\u00f3ria Marques de Paula Barreto","@id":"https:\/\/unasp.br\/noticias\/#\/schema\/person\/f3393a032491eabc46fadb3656375334"},"headline":"Estudantes de psicologia realizam uma a\u00e7\u00e3o no Centro de Atendimento Psicossocial","datePublished":"2019-05-16T11:59:19+00:00","dateModified":"2019-05-16T11:59:19+00:00","mainEntityOfPage":{"@id":"https:\/\/unasp.br\/noticias\/estudantes-de-psicologia-realizam-uma-acao-no-centro-de-atendimento-psicossocial\/"},"wordCount":531,"commentCount":0,"publisher":{"@id":"https:\/\/unasp.br\/noticias\/#organization"},"image":{"@id":"https:\/\/unasp.br\/noticias\/estudantes-de-psicologia-realizam-uma-acao-no-centro-de-atendimento-psicossocial\/#primaryimage"},"thumbnailUrl":"https:\/\/cdn.unasp.br\/noticias\/wp-content\/uploads\/2019\/05\/16055336\/IMG_5542.jpg","articleSection":["Impacto Social"],"inLanguage":"pt-BR","potentialAction":[{"@type":"CommentAction","name":"Comment","target":["https:\/\/unasp.br\/noticias\/estudantes-de-psicologia-realizam-uma-acao-no-centro-de-atendimento-psicossocial\/#respond"]}]},{"@type":"WebPage","@id":"https:\/\/unasp.br\/noticias\/estudantes-de-psicologia-realizam-uma-acao-no-centro-de-atendimento-psicossocial\/","url":"https:\/\/unasp.br\/noticias\/estudantes-de-psicologia-realizam-uma-acao-no-centro-de-atendimento-psicossocial\/","name":"Estudantes de psicologia realizam uma a\u00e7\u00e3o no Centro de Atendimento Psicossocial - UNASP Noticias","isPartOf":{"@id":"https:\/\/unasp.br\/noticias\/#website"},"primaryImageOfPage":{"@id":"https:\/\/unasp.br\/noticias\/estudantes-de-psicologia-realizam-uma-acao-no-centro-de-atendimento-psicossocial\/#primaryimage"},"image":{"@id":"https:\/\/unasp.br\/noticias\/estudantes-de-psicologia-realizam-uma-acao-no-centro-de-atendimento-psicossocial\/#primaryimage"},"thumbnailUrl":"https:\/\/cdn.unasp.br\/noticias\/wp-content\/uploads\/2019\/05\/16055336\/IMG_5542.jpg","datePublished":"2019-05-16T11:59:19+00:00","dateModified":"2019-05-16T11:59:19+00:00","breadcrumb":{"@id":"https:\/\/unasp.br\/noticias\/estudantes-de-psicologia-realizam-uma-acao-no-centro-de-atendimento-psicossocial\/#breadcrumb"},"inLanguage":"pt-BR","potentialAction":[{"@type":"ReadAction","target":["https:\/\/unasp.br\/noticias\/estudantes-de-psicologia-realizam-uma-acao-no-centro-de-atendimento-psicossocial\/"]}]},{"@type":"ImageObject","inLanguage":"pt-BR","@id":"https:\/\/unasp.br\/noticias\/estudantes-de-psicologia-realizam-uma-acao-no-centro-de-atendimento-psicossocial\/#primaryimage","url":"https:\/\/cdn.unasp.br\/noticias\/wp-content\/uploads\/2019\/05\/16055336\/IMG_5542.jpg","contentUrl":"https:\/\/cdn.unasp.br\/noticias\/wp-content\/uploads\/2019\/05\/16055336\/IMG_5542.jpg","width":850,"height":541},{"@type":"BreadcrumbList","@id":"https:\/\/unasp.br\/noticias\/estudantes-de-psicologia-realizam-uma-acao-no-centro-de-atendimento-psicossocial\/#breadcrumb","itemListElement":[{"@type":"ListItem","position":1,"name":"In\u00edcio","item":"https:\/\/unasp.br\/noticias\/"},{"@type":"ListItem","position":2,"name":"Estudantes de psicologia realizam uma a\u00e7\u00e3o no Centro de Atendimento Psicossocial"}]},{"@type":"WebSite","@id":"https:\/\/unasp.br\/noticias\/#website","url":"https:\/\/unasp.br\/noticias\/","name":"UNASP Noticias","description":"Centro Universit\u00e1rio Adventista de S\u00e3o Paulo","publisher":{"@id":"https:\/\/unasp.br\/noticias\/#organization"},"potentialAction":[{"@type":"SearchAction","target":{"@type":"EntryPoint","urlTemplate":"https:\/\/unasp.br\/noticias\/?s={search_term_string}"},"query-input":{"@type":"PropertyValueSpecification","valueRequired":true,"valueName":"search_term_string"}}],"inLanguage":"pt-BR"},{"@type":"Organization","@id":"https:\/\/unasp.br\/noticias\/#organization","name":"UNASP Noticias","url":"https:\/\/unasp.br\/noticias\/","logo":{"@type":"ImageObject","inLanguage":"pt-BR","@id":"https:\/\/unasp.br\/noticias\/#\/schema\/logo\/image\/","url":"https:\/\/cdn.unasp.br\/noticias\/wp-content\/uploads\/2021\/09\/09152724\/logo-unasp-news.png","contentUrl":"https:\/\/cdn.unasp.br\/noticias\/wp-content\/uploads\/2021\/09\/09152724\/logo-unasp-news.png","width":240,"height":41,"caption":"UNASP Noticias"},"image":{"@id":"https:\/\/unasp.br\/noticias\/#\/schema\/logo\/image\/"}},{"@type":"Person","@id":"https:\/\/unasp.br\/noticias\/#\/schema\/person\/f3393a032491eabc46fadb3656375334","name":"Maria da Gl\u00f3ria Marques de Paula Barreto","image":{"@type":"ImageObject","inLanguage":"pt-BR","@id":"https:\/\/unasp.br\/noticias\/#\/schema\/person\/image\/","url":"https:\/\/secure.gravatar.com\/avatar\/3c23babfa2a847f4ce1e1403fe341fa3?s=96&d=mm&r=g","contentUrl":"https:\/\/secure.gravatar.com\/avatar\/3c23babfa2a847f4ce1e1403fe341fa3?s=96&d=mm&r=g","caption":"Maria da Gl\u00f3ria Marques de Paula Barreto"},"url":"https:\/\/unasp.br\/noticias\/author\/gloria-barretoadventistas-org\/"}]}},"_links":{"self":[{"href":"https:\/\/unasp.br\/noticias\/wp-json\/wp\/v2\/posts\/59034"}],"collection":[{"href":"https:\/\/unasp.br\/noticias\/wp-json\/wp\/v2\/posts"}],"about":[{"href":"https:\/\/unasp.br\/noticias\/wp-json\/wp\/v2\/types\/post"}],"author":[{"embeddable":true,"href":"https:\/\/unasp.br\/noticias\/wp-json\/wp\/v2\/users\/73"}],"replies":[{"embeddable":true,"href":"https:\/\/unasp.br\/noticias\/wp-json\/wp\/v2\/comments?post=59034"}],"version-history":[{"count":2,"href":"https:\/\/unasp.br\/noticias\/wp-json\/wp\/v2\/posts\/59034\/revisions"}],"predecessor-version":[{"id":59040,"href":"https:\/\/unasp.br\/noticias\/wp-json\/wp\/v2\/posts\/59034\/revisions\/59040"}],"wp:featuredmedia":[{"embeddable":true,"href":"https:\/\/unasp.br\/noticias\/wp-json\/wp\/v2\/media\/59036"}],"wp:attachment":[{"href":"https:\/\/unasp.br\/noticias\/wp-json\/wp\/v2\/media?parent=59034"}],"wp:term":[{"taxonomy":"category","embeddable":true,"href":"https:\/\/unasp.br\/noticias\/wp-json\/wp\/v2\/categories?post=59034"},{"taxonomy":"post_tag","embeddable":true,"href":"https:\/\/unasp.br\/noticias\/wp-json\/wp\/v2\/tags?post=59034"}],"curies":[{"name":"wp","href":"https:\/\/api.w.org\/{rel}","templated":true}]}}