{"id":59808,"date":"2019-05-27T09:27:16","date_gmt":"2019-05-27T12:27:16","guid":{"rendered":"https:\/\/www.unasp.br\/noticias\/?p=59808"},"modified":"2019-05-27T09:27:16","modified_gmt":"2019-05-27T12:27:16","slug":"unasp-sao-paulo-participa-de-mais-uma-edicao-do-impacto-esperanca","status":"publish","type":"post","link":"https:\/\/unasp.br\/noticias\/unasp-sao-paulo-participa-de-mais-uma-edicao-do-impacto-esperanca\/","title":{"rendered":"Unasp S\u00e3o Paulo participa de mais uma edi\u00e7\u00e3o do Impacto Esperan\u00e7a"},"content":{"rendered":"<div id=\"attachment_59809\" style=\"width: 593px\" class=\"wp-caption aligncenter\"><img loading=\"lazy\" decoding=\"async\" aria-describedby=\"caption-attachment-59809\" class=\"wp-image-59809 \" src=\"https:\/\/www.unasp.br\/noticias\/wp-content\/uploads\/2019\/05\/60251539_145081339986650_2449825154518495110_n-300x200.jpg\" alt=\"\" width=\"583\" height=\"389\" srcset=\"https:\/\/cdn.unasp.br\/noticias\/wp-content\/uploads\/2019\/05\/27062545\/60251539_145081339986650_2449825154518495110_n-300x200.jpg 300w, https:\/\/cdn.unasp.br\/noticias\/wp-content\/uploads\/2019\/05\/27062545\/60251539_145081339986650_2449825154518495110_n-768x511.jpg 768w, https:\/\/cdn.unasp.br\/noticias\/wp-content\/uploads\/2019\/05\/27062545\/60251539_145081339986650_2449825154518495110_n-800x533.jpg 800w, https:\/\/cdn.unasp.br\/noticias\/wp-content\/uploads\/2019\/05\/27062545\/60251539_145081339986650_2449825154518495110_n-750x500.jpg 750w, https:\/\/cdn.unasp.br\/noticias\/wp-content\/uploads\/2019\/05\/27062545\/60251539_145081339986650_2449825154518495110_n-720x480.jpg 720w, https:\/\/cdn.unasp.br\/noticias\/wp-content\/uploads\/2019\/05\/27062545\/60251539_145081339986650_2449825154518495110_n-420x280.jpg 420w, https:\/\/cdn.unasp.br\/noticias\/wp-content\/uploads\/2019\/05\/27062545\/60251539_145081339986650_2449825154518495110_n-500x333.jpg 500w, https:\/\/cdn.unasp.br\/noticias\/wp-content\/uploads\/2019\/05\/27062545\/60251539_145081339986650_2449825154518495110_n-400x266.jpg 400w, https:\/\/cdn.unasp.br\/noticias\/wp-content\/uploads\/2019\/05\/27062545\/60251539_145081339986650_2449825154518495110_n-375x250.jpg 375w, https:\/\/cdn.unasp.br\/noticias\/wp-content\/uploads\/2019\/05\/27062545\/60251539_145081339986650_2449825154518495110_n-225x150.jpg 225w, https:\/\/cdn.unasp.br\/noticias\/wp-content\/uploads\/2019\/05\/27062545\/60251539_145081339986650_2449825154518495110_n-175x117.jpg 175w, https:\/\/cdn.unasp.br\/noticias\/wp-content\/uploads\/2019\/05\/27062545\/60251539_145081339986650_2449825154518495110_n-200x133.jpg 200w, https:\/\/cdn.unasp.br\/noticias\/wp-content\/uploads\/2019\/05\/27062545\/60251539_145081339986650_2449825154518495110_n.jpg 853w\" sizes=\"(max-width: 583px) 100vw, 583px\" \/><p id=\"caption-attachment-59809\" class=\"wp-caption-text\">Alunos e servidores durante a distribui\u00e7\u00e3o dos livros &#8220;Esperan\u00e7a para a fam\u00edlia&#8221;<\/p><\/div>\n<p style=\"text-align: justify;\">O Impacto Esperan\u00e7a \u00e9 um programa que incentiva a leitura e prov\u00ea a distribui\u00e7\u00e3o anual em massa de livros por parte dos adventistas do s\u00e9timo dia no territ\u00f3rio da Am\u00e9rica do Sul. O Unasp S\u00e3o Paulo, fazendo parte desse territ\u00f3rio, participou pela 12\u00aa vez do projeto. A cada ano o livro distribu\u00eddo tem um foco diferente. Em 2019, a abordagem foi assuntos relacionados a fam\u00edlia, com o t\u00edtulo \u201cEsperan\u00e7a para a fam\u00edlia\u201d.<\/p>\n<p style=\"text-align: justify;\">O Unasp-SP participou da distribui\u00e7\u00e3o na cidade de Tabo\u00e3o da Serra, no bairro Jardim Am\u00e9rica, em parceria com a Associa\u00e7\u00e3o Paulista Sul da Igreja Adventista do S\u00e9timo Dia. Antes de iniciarem a movimenta\u00e7\u00e3o, os participantes se reuniram para ouvir uma mensagem motivacional do l\u00edder da IASD no Estado de S\u00e3o Paulo, pastor Domingos Souza, e orarem pedindo a Deus que preparasse o cora\u00e7\u00e3o das pessoas fossem receber os livros.<\/p>\n<p style=\"text-align: justify;\">Cerca de 400 alunos, 100 funcion\u00e1rios, 200 desbravadores, em 15 \u00f4nibus sa\u00edram \u00e0s ruas da regi\u00e3o distribuindo 15.000 mil exemplares do livro. Al\u00e9m disso, nos dias 02\/06 e 09\/06, feiras de sa\u00fade ser\u00e3o realizadas pelos cursos de gradua\u00e7\u00e3o da institui\u00e7\u00e3o, com o intuito de atrair pessoas para uma s\u00e9rie de evangelismo que ter\u00e1 in\u00edcio no m\u00eas de junho, onde o Unasp-SP participar\u00e1 com seus corais e duplas mission\u00e1rias para estudos b\u00edblicos durante a programa\u00e7\u00e3o. Uma movimenta\u00e7\u00e3o grande com um objetivo ainda maior: estabelecer uma igreja como fruto do Impacto Esperan\u00e7a 2019.<\/p>\n","protected":false},"excerpt":{"rendered":"<p>O Impacto Esperan\u00e7a \u00e9 um programa que incentiva a leitura e prov\u00ea a distribui\u00e7\u00e3o anual em massa [&hellip;]<\/p>\n","protected":false},"author":30,"featured_media":59809,"comment_status":"open","ping_status":"open","sticky":false,"template":"","format":"standard","meta":{"footnotes":""},"categories":[10],"tags":[],"yoast_head":"<!-- This site is optimized with the Yoast SEO plugin v23.5 - https:\/\/yoast.com\/wordpress\/plugins\/seo\/ -->\n<title>Unasp S\u00e3o Paulo participa de mais uma edi\u00e7\u00e3o do Impacto Esperan\u00e7a - UNASP Noticias<\/title>\n<meta name=\"robots\" content=\"index, follow, max-snippet:-1, max-image-preview:large, max-video-preview:-1\" \/>\n<link rel=\"canonical\" href=\"https:\/\/unasp.br\/noticias\/unasp-sao-paulo-participa-de-mais-uma-edicao-do-impacto-esperanca\/\" \/>\n<meta property=\"og:locale\" content=\"pt_BR\" \/>\n<meta property=\"og:type\" content=\"article\" \/>\n<meta property=\"og:title\" content=\"Unasp S\u00e3o Paulo participa de mais uma edi\u00e7\u00e3o do Impacto Esperan\u00e7a - UNASP Noticias\" \/>\n<meta property=\"og:description\" content=\"O Impacto Esperan\u00e7a \u00e9 um programa que incentiva a leitura e prov\u00ea a distribui\u00e7\u00e3o anual em massa [&hellip;]\" \/>\n<meta property=\"og:url\" content=\"https:\/\/unasp.br\/noticias\/unasp-sao-paulo-participa-de-mais-uma-edicao-do-impacto-esperanca\/\" \/>\n<meta property=\"og:site_name\" content=\"UNASP Noticias\" \/>\n<meta property=\"article:published_time\" content=\"2019-05-27T12:27:16+00:00\" \/>\n<meta property=\"og:image\" content=\"https:\/\/cdn.unasp.br\/noticias\/wp-content\/uploads\/2019\/05\/27062545\/60251539_145081339986650_2449825154518495110_n.jpg\" \/>\n\t<meta property=\"og:image:width\" content=\"853\" \/>\n\t<meta property=\"og:image:height\" content=\"568\" \/>\n\t<meta property=\"og:image:type\" content=\"image\/jpeg\" \/>\n<meta name=\"author\" content=\"Aira Almeida\" \/>\n<meta name=\"twitter:card\" content=\"summary_large_image\" \/>\n<meta name=\"twitter:label1\" content=\"Escrito por\" \/>\n\t<meta name=\"twitter:data1\" content=\"Aira Almeida\" \/>\n\t<meta name=\"twitter:label2\" content=\"Est. tempo de leitura\" \/>\n\t<meta name=\"twitter:data2\" content=\"1 minuto\" \/>\n<script type=\"application\/ld+json\" class=\"yoast-schema-graph\">{\"@context\":\"https:\/\/schema.org\",\"@graph\":[{\"@type\":\"Article\",\"@id\":\"https:\/\/unasp.br\/noticias\/unasp-sao-paulo-participa-de-mais-uma-edicao-do-impacto-esperanca\/#article\",\"isPartOf\":{\"@id\":\"https:\/\/unasp.br\/noticias\/unasp-sao-paulo-participa-de-mais-uma-edicao-do-impacto-esperanca\/\"},\"author\":{\"name\":\"Aira Almeida\",\"@id\":\"https:\/\/unasp.br\/noticias\/#\/schema\/person\/80f09a3ec674501e6bb13144ffa2489f\"},\"headline\":\"Unasp S\u00e3o Paulo participa de mais uma edi\u00e7\u00e3o do Impacto Esperan\u00e7a\",\"datePublished\":\"2019-05-27T12:27:16+00:00\",\"dateModified\":\"2019-05-27T12:27:16+00:00\",\"mainEntityOfPage\":{\"@id\":\"https:\/\/unasp.br\/noticias\/unasp-sao-paulo-participa-de-mais-uma-edicao-do-impacto-esperanca\/\"},\"wordCount\":294,\"commentCount\":0,\"publisher\":{\"@id\":\"https:\/\/unasp.br\/noticias\/#organization\"},\"image\":{\"@id\":\"https:\/\/unasp.br\/noticias\/unasp-sao-paulo-participa-de-mais-uma-edicao-do-impacto-esperanca\/#primaryimage\"},\"thumbnailUrl\":\"https:\/\/cdn.unasp.br\/noticias\/wp-content\/uploads\/2019\/05\/27062545\/60251539_145081339986650_2449825154518495110_n.jpg\",\"articleSection\":[\"Impacto Social\"],\"inLanguage\":\"pt-BR\",\"potentialAction\":[{\"@type\":\"CommentAction\",\"name\":\"Comment\",\"target\":[\"https:\/\/unasp.br\/noticias\/unasp-sao-paulo-participa-de-mais-uma-edicao-do-impacto-esperanca\/#respond\"]}]},{\"@type\":\"WebPage\",\"@id\":\"https:\/\/unasp.br\/noticias\/unasp-sao-paulo-participa-de-mais-uma-edicao-do-impacto-esperanca\/\",\"url\":\"https:\/\/unasp.br\/noticias\/unasp-sao-paulo-participa-de-mais-uma-edicao-do-impacto-esperanca\/\",\"name\":\"Unasp S\u00e3o Paulo participa de mais uma edi\u00e7\u00e3o do Impacto Esperan\u00e7a - UNASP Noticias\",\"isPartOf\":{\"@id\":\"https:\/\/unasp.br\/noticias\/#website\"},\"primaryImageOfPage\":{\"@id\":\"https:\/\/unasp.br\/noticias\/unasp-sao-paulo-participa-de-mais-uma-edicao-do-impacto-esperanca\/#primaryimage\"},\"image\":{\"@id\":\"https:\/\/unasp.br\/noticias\/unasp-sao-paulo-participa-de-mais-uma-edicao-do-impacto-esperanca\/#primaryimage\"},\"thumbnailUrl\":\"https:\/\/cdn.unasp.br\/noticias\/wp-content\/uploads\/2019\/05\/27062545\/60251539_145081339986650_2449825154518495110_n.jpg\",\"datePublished\":\"2019-05-27T12:27:16+00:00\",\"dateModified\":\"2019-05-27T12:27:16+00:00\",\"breadcrumb\":{\"@id\":\"https:\/\/unasp.br\/noticias\/unasp-sao-paulo-participa-de-mais-uma-edicao-do-impacto-esperanca\/#breadcrumb\"},\"inLanguage\":\"pt-BR\",\"potentialAction\":[{\"@type\":\"ReadAction\",\"target\":[\"https:\/\/unasp.br\/noticias\/unasp-sao-paulo-participa-de-mais-uma-edicao-do-impacto-esperanca\/\"]}]},{\"@type\":\"ImageObject\",\"inLanguage\":\"pt-BR\",\"@id\":\"https:\/\/unasp.br\/noticias\/unasp-sao-paulo-participa-de-mais-uma-edicao-do-impacto-esperanca\/#primaryimage\",\"url\":\"https:\/\/cdn.unasp.br\/noticias\/wp-content\/uploads\/2019\/05\/27062545\/60251539_145081339986650_2449825154518495110_n.jpg\",\"contentUrl\":\"https:\/\/cdn.unasp.br\/noticias\/wp-content\/uploads\/2019\/05\/27062545\/60251539_145081339986650_2449825154518495110_n.jpg\",\"width\":853,\"height\":568},{\"@type\":\"BreadcrumbList\",\"@id\":\"https:\/\/unasp.br\/noticias\/unasp-sao-paulo-participa-de-mais-uma-edicao-do-impacto-esperanca\/#breadcrumb\",\"itemListElement\":[{\"@type\":\"ListItem\",\"position\":1,\"name\":\"In\u00edcio\",\"item\":\"https:\/\/unasp.br\/noticias\/\"},{\"@type\":\"ListItem\",\"position\":2,\"name\":\"Unasp S\u00e3o Paulo participa de mais uma edi\u00e7\u00e3o do Impacto Esperan\u00e7a\"}]},{\"@type\":\"WebSite\",\"@id\":\"https:\/\/unasp.br\/noticias\/#website\",\"url\":\"https:\/\/unasp.br\/noticias\/\",\"name\":\"UNASP Noticias\",\"description\":\"Centro Universit\u00e1rio Adventista de S\u00e3o Paulo\",\"publisher\":{\"@id\":\"https:\/\/unasp.br\/noticias\/#organization\"},\"potentialAction\":[{\"@type\":\"SearchAction\",\"target\":{\"@type\":\"EntryPoint\",\"urlTemplate\":\"https:\/\/unasp.br\/noticias\/?s={search_term_string}\"},\"query-input\":{\"@type\":\"PropertyValueSpecification\",\"valueRequired\":true,\"valueName\":\"search_term_string\"}}],\"inLanguage\":\"pt-BR\"},{\"@type\":\"Organization\",\"@id\":\"https:\/\/unasp.br\/noticias\/#organization\",\"name\":\"UNASP Noticias\",\"url\":\"https:\/\/unasp.br\/noticias\/\",\"logo\":{\"@type\":\"ImageObject\",\"inLanguage\":\"pt-BR\",\"@id\":\"https:\/\/unasp.br\/noticias\/#\/schema\/logo\/image\/\",\"url\":\"https:\/\/cdn.unasp.br\/noticias\/wp-content\/uploads\/2021\/09\/09152724\/logo-unasp-news.png\",\"contentUrl\":\"https:\/\/cdn.unasp.br\/noticias\/wp-content\/uploads\/2021\/09\/09152724\/logo-unasp-news.png\",\"width\":240,\"height\":41,\"caption\":\"UNASP Noticias\"},\"image\":{\"@id\":\"https:\/\/unasp.br\/noticias\/#\/schema\/logo\/image\/\"}},{\"@type\":\"Person\",\"@id\":\"https:\/\/unasp.br\/noticias\/#\/schema\/person\/80f09a3ec674501e6bb13144ffa2489f\",\"name\":\"Aira Almeida\",\"image\":{\"@type\":\"ImageObject\",\"inLanguage\":\"pt-BR\",\"@id\":\"https:\/\/unasp.br\/noticias\/#\/schema\/person\/image\/\",\"url\":\"https:\/\/secure.gravatar.com\/avatar\/e30ea867fdd5a41ec6a0cb350dcd108e?s=96&d=mm&r=g\",\"contentUrl\":\"https:\/\/secure.gravatar.com\/avatar\/e30ea867fdd5a41ec6a0cb350dcd108e?s=96&d=mm&r=g\",\"caption\":\"Aira Almeida\"},\"url\":\"https:\/\/unasp.br\/noticias\/author\/aira-almeidaedu-unasp-br\/\"}]}<\/script>\n<!-- \/ Yoast SEO plugin. -->","yoast_head_json":{"title":"Unasp S\u00e3o Paulo participa de mais uma edi\u00e7\u00e3o do Impacto Esperan\u00e7a - UNASP Noticias","robots":{"index":"index","follow":"follow","max-snippet":"max-snippet:-1","max-image-preview":"max-image-preview:large","max-video-preview":"max-video-preview:-1"},"canonical":"https:\/\/unasp.br\/noticias\/unasp-sao-paulo-participa-de-mais-uma-edicao-do-impacto-esperanca\/","og_locale":"pt_BR","og_type":"article","og_title":"Unasp S\u00e3o Paulo participa de mais uma edi\u00e7\u00e3o do Impacto Esperan\u00e7a - UNASP Noticias","og_description":"O Impacto Esperan\u00e7a \u00e9 um programa que incentiva a leitura e prov\u00ea a distribui\u00e7\u00e3o anual em massa [&hellip;]","og_url":"https:\/\/unasp.br\/noticias\/unasp-sao-paulo-participa-de-mais-uma-edicao-do-impacto-esperanca\/","og_site_name":"UNASP Noticias","article_published_time":"2019-05-27T12:27:16+00:00","og_image":[{"width":853,"height":568,"url":"https:\/\/cdn.unasp.br\/noticias\/wp-content\/uploads\/2019\/05\/27062545\/60251539_145081339986650_2449825154518495110_n.jpg","type":"image\/jpeg"}],"author":"Aira Almeida","twitter_card":"summary_large_image","twitter_misc":{"Escrito por":"Aira Almeida","Est. tempo de leitura":"1 minuto"},"schema":{"@context":"https:\/\/schema.org","@graph":[{"@type":"Article","@id":"https:\/\/unasp.br\/noticias\/unasp-sao-paulo-participa-de-mais-uma-edicao-do-impacto-esperanca\/#article","isPartOf":{"@id":"https:\/\/unasp.br\/noticias\/unasp-sao-paulo-participa-de-mais-uma-edicao-do-impacto-esperanca\/"},"author":{"name":"Aira Almeida","@id":"https:\/\/unasp.br\/noticias\/#\/schema\/person\/80f09a3ec674501e6bb13144ffa2489f"},"headline":"Unasp S\u00e3o Paulo participa de mais uma edi\u00e7\u00e3o do Impacto Esperan\u00e7a","datePublished":"2019-05-27T12:27:16+00:00","dateModified":"2019-05-27T12:27:16+00:00","mainEntityOfPage":{"@id":"https:\/\/unasp.br\/noticias\/unasp-sao-paulo-participa-de-mais-uma-edicao-do-impacto-esperanca\/"},"wordCount":294,"commentCount":0,"publisher":{"@id":"https:\/\/unasp.br\/noticias\/#organization"},"image":{"@id":"https:\/\/unasp.br\/noticias\/unasp-sao-paulo-participa-de-mais-uma-edicao-do-impacto-esperanca\/#primaryimage"},"thumbnailUrl":"https:\/\/cdn.unasp.br\/noticias\/wp-content\/uploads\/2019\/05\/27062545\/60251539_145081339986650_2449825154518495110_n.jpg","articleSection":["Impacto Social"],"inLanguage":"pt-BR","potentialAction":[{"@type":"CommentAction","name":"Comment","target":["https:\/\/unasp.br\/noticias\/unasp-sao-paulo-participa-de-mais-uma-edicao-do-impacto-esperanca\/#respond"]}]},{"@type":"WebPage","@id":"https:\/\/unasp.br\/noticias\/unasp-sao-paulo-participa-de-mais-uma-edicao-do-impacto-esperanca\/","url":"https:\/\/unasp.br\/noticias\/unasp-sao-paulo-participa-de-mais-uma-edicao-do-impacto-esperanca\/","name":"Unasp S\u00e3o Paulo participa de mais uma edi\u00e7\u00e3o do Impacto Esperan\u00e7a - UNASP Noticias","isPartOf":{"@id":"https:\/\/unasp.br\/noticias\/#website"},"primaryImageOfPage":{"@id":"https:\/\/unasp.br\/noticias\/unasp-sao-paulo-participa-de-mais-uma-edicao-do-impacto-esperanca\/#primaryimage"},"image":{"@id":"https:\/\/unasp.br\/noticias\/unasp-sao-paulo-participa-de-mais-uma-edicao-do-impacto-esperanca\/#primaryimage"},"thumbnailUrl":"https:\/\/cdn.unasp.br\/noticias\/wp-content\/uploads\/2019\/05\/27062545\/60251539_145081339986650_2449825154518495110_n.jpg","datePublished":"2019-05-27T12:27:16+00:00","dateModified":"2019-05-27T12:27:16+00:00","breadcrumb":{"@id":"https:\/\/unasp.br\/noticias\/unasp-sao-paulo-participa-de-mais-uma-edicao-do-impacto-esperanca\/#breadcrumb"},"inLanguage":"pt-BR","potentialAction":[{"@type":"ReadAction","target":["https:\/\/unasp.br\/noticias\/unasp-sao-paulo-participa-de-mais-uma-edicao-do-impacto-esperanca\/"]}]},{"@type":"ImageObject","inLanguage":"pt-BR","@id":"https:\/\/unasp.br\/noticias\/unasp-sao-paulo-participa-de-mais-uma-edicao-do-impacto-esperanca\/#primaryimage","url":"https:\/\/cdn.unasp.br\/noticias\/wp-content\/uploads\/2019\/05\/27062545\/60251539_145081339986650_2449825154518495110_n.jpg","contentUrl":"https:\/\/cdn.unasp.br\/noticias\/wp-content\/uploads\/2019\/05\/27062545\/60251539_145081339986650_2449825154518495110_n.jpg","width":853,"height":568},{"@type":"BreadcrumbList","@id":"https:\/\/unasp.br\/noticias\/unasp-sao-paulo-participa-de-mais-uma-edicao-do-impacto-esperanca\/#breadcrumb","itemListElement":[{"@type":"ListItem","position":1,"name":"In\u00edcio","item":"https:\/\/unasp.br\/noticias\/"},{"@type":"ListItem","position":2,"name":"Unasp S\u00e3o Paulo participa de mais uma edi\u00e7\u00e3o do Impacto Esperan\u00e7a"}]},{"@type":"WebSite","@id":"https:\/\/unasp.br\/noticias\/#website","url":"https:\/\/unasp.br\/noticias\/","name":"UNASP Noticias","description":"Centro Universit\u00e1rio Adventista de S\u00e3o Paulo","publisher":{"@id":"https:\/\/unasp.br\/noticias\/#organization"},"potentialAction":[{"@type":"SearchAction","target":{"@type":"EntryPoint","urlTemplate":"https:\/\/unasp.br\/noticias\/?s={search_term_string}"},"query-input":{"@type":"PropertyValueSpecification","valueRequired":true,"valueName":"search_term_string"}}],"inLanguage":"pt-BR"},{"@type":"Organization","@id":"https:\/\/unasp.br\/noticias\/#organization","name":"UNASP Noticias","url":"https:\/\/unasp.br\/noticias\/","logo":{"@type":"ImageObject","inLanguage":"pt-BR","@id":"https:\/\/unasp.br\/noticias\/#\/schema\/logo\/image\/","url":"https:\/\/cdn.unasp.br\/noticias\/wp-content\/uploads\/2021\/09\/09152724\/logo-unasp-news.png","contentUrl":"https:\/\/cdn.unasp.br\/noticias\/wp-content\/uploads\/2021\/09\/09152724\/logo-unasp-news.png","width":240,"height":41,"caption":"UNASP Noticias"},"image":{"@id":"https:\/\/unasp.br\/noticias\/#\/schema\/logo\/image\/"}},{"@type":"Person","@id":"https:\/\/unasp.br\/noticias\/#\/schema\/person\/80f09a3ec674501e6bb13144ffa2489f","name":"Aira Almeida","image":{"@type":"ImageObject","inLanguage":"pt-BR","@id":"https:\/\/unasp.br\/noticias\/#\/schema\/person\/image\/","url":"https:\/\/secure.gravatar.com\/avatar\/e30ea867fdd5a41ec6a0cb350dcd108e?s=96&d=mm&r=g","contentUrl":"https:\/\/secure.gravatar.com\/avatar\/e30ea867fdd5a41ec6a0cb350dcd108e?s=96&d=mm&r=g","caption":"Aira Almeida"},"url":"https:\/\/unasp.br\/noticias\/author\/aira-almeidaedu-unasp-br\/"}]}},"_links":{"self":[{"href":"https:\/\/unasp.br\/noticias\/wp-json\/wp\/v2\/posts\/59808"}],"collection":[{"href":"https:\/\/unasp.br\/noticias\/wp-json\/wp\/v2\/posts"}],"about":[{"href":"https:\/\/unasp.br\/noticias\/wp-json\/wp\/v2\/types\/post"}],"author":[{"embeddable":true,"href":"https:\/\/unasp.br\/noticias\/wp-json\/wp\/v2\/users\/30"}],"replies":[{"embeddable":true,"href":"https:\/\/unasp.br\/noticias\/wp-json\/wp\/v2\/comments?post=59808"}],"version-history":[{"count":2,"href":"https:\/\/unasp.br\/noticias\/wp-json\/wp\/v2\/posts\/59808\/revisions"}],"predecessor-version":[{"id":59811,"href":"https:\/\/unasp.br\/noticias\/wp-json\/wp\/v2\/posts\/59808\/revisions\/59811"}],"wp:featuredmedia":[{"embeddable":true,"href":"https:\/\/unasp.br\/noticias\/wp-json\/wp\/v2\/media\/59809"}],"wp:attachment":[{"href":"https:\/\/unasp.br\/noticias\/wp-json\/wp\/v2\/media?parent=59808"}],"wp:term":[{"taxonomy":"category","embeddable":true,"href":"https:\/\/unasp.br\/noticias\/wp-json\/wp\/v2\/categories?post=59808"},{"taxonomy":"post_tag","embeddable":true,"href":"https:\/\/unasp.br\/noticias\/wp-json\/wp\/v2\/tags?post=59808"}],"curies":[{"name":"wp","href":"https:\/\/api.w.org\/{rel}","templated":true}]}}