{"id":59812,"date":"2019-05-27T11:34:28","date_gmt":"2019-05-27T14:34:28","guid":{"rendered":"https:\/\/www.unasp.br\/noticias\/?p=59812"},"modified":"2019-05-27T11:49:34","modified_gmt":"2019-05-27T14:49:34","slug":"universitarios-adventistas-entregam-livros-em-campanha-sul-americano-do-impacto-esperanca","status":"publish","type":"post","link":"https:\/\/unasp.br\/noticias\/universitarios-adventistas-entregam-livros-em-campanha-sul-americano-do-impacto-esperanca\/","title":{"rendered":"Universit\u00e1rios adventistas entregam livros em campanha sul-americano do Impacto Esperan\u00e7a"},"content":{"rendered":"<div id=\"attachment_239893\" style=\"width: 566px\" class=\"wp-caption aligncenter\"><a href=\"https:\/\/files.adventistas.org\/noticias\/pt\/2019\/05\/27110550\/WhatsApp-Image-2019-05-25-at-11.40.18.jpeg\"><img loading=\"lazy\" decoding=\"async\" aria-describedby=\"caption-attachment-239893\" class=\"wp-image-239893 \" src=\"https:\/\/files.adventistas.org\/noticias\/pt\/2019\/05\/27110550\/WhatsApp-Image-2019-05-25-at-11.40.18-617x460.jpeg\" alt=\"\" width=\"556\" height=\"414\" \/><\/a><p id=\"caption-attachment-239893\" class=\"wp-caption-text\">Elis Molina se batizou na sexta-feira e no s\u00e1bado vestiu a camisa para distribuir esperan\u00e7a<\/p><\/div>\n<p>Estudantes, professores e colaboradores dos tr\u00eas campi do Centro Universit\u00e1rio Adventista de S\u00e3o Paulo (Unasp) deixaram de lado suas atividades pessoais e religiosas no \u00faltimo s\u00e1bado para participar do 12\u00ba Impacto Esperan\u00e7a, uma campanha sul-americana da Igreja Adventista. Ao todo, 65 \u00f4nibus se dirigiram \u00e0s cidades de Tabo\u00e3o da Serra, Limeira, Capivari e Rafard para a distribui\u00e7\u00e3o de livros e a\u00e7\u00f5es do bem no \u00faltimo dia 25 de maio.<\/p>\n<p>A prepara\u00e7\u00e3o nos campi come\u00e7ou antes mesmo do dia nacional de Impacto, durante a semana j\u00e1 era poss\u00edvel encontrar caixas de livros pelas igrejas e corredores da faculdade. \u00a0Na sexta-feira (24), no campus Hortol\u00e2ndia a estudante Elis Molina, de 16 anos, tomou a decis\u00e3o pelo batismo como parte do seu envolvimento na campanha dos livros. Elis n\u00e3o nasceu em um lar crist\u00e3o, mas em 2017 foi cursar o Ensino M\u00e9dio no Unasp, l\u00e1 ela se interessou em conhecer mais de Deusa e em 2018 come\u00e7ou a estudar a B\u00edblia. No come\u00e7o deste ano ela sentiu que estava pronta para a decis\u00e3o p\u00fablica, mas queria fazer em uma data especial.<\/p>\n<p>\u201cEscolhi essa data, pois queria que minha participa\u00e7\u00e3o no evento da Igreja fosse completo, queria tamb\u00e9m dar meu exemplo para meus amigos e pais, que ainda n\u00e3o s\u00e3o batizados e vieram l\u00e1 de Jacare\u00ed (SP) s\u00f3 pra ver esse momento\u201d conta Elis.<\/p>\n<p>Ela j\u00e1 tinha participado em 2017 e 2018 da distribui\u00e7\u00e3o dos livros, mas em 2019 esse movimento teve um significado especial.\u00a0 \u201cA mesma esperan\u00e7a que chegou para mim, quero agora compartilhar para outras pessoas\u201d, comenta a estudante.<\/p>\n<p>Este ano, todos os envolvidos no Impacto Esperan\u00e7a pelo Unasp vestiram a mesma camiseta. Com o slogan \u201cSomos da fam\u00edlia Unasp\u201d, a camiseta quis trazer o contexto de unidade e integra\u00e7\u00e3o da institui\u00e7\u00e3o, al\u00e9m de fazer refer\u00eancia ao tema do livro esse ano que abordou Esperan\u00e7a para a Fam\u00edlia.<\/p>\n<p><strong>A\u00e7\u00e3o em Limeira<\/strong><\/p>\n<p><div id=\"attachment_239895\" style=\"width: 300px\" class=\"wp-caption alignleft\"><a class=\"cboxElement\" title=\"Universit\u00e1rios adventistas entregam livros em campanha sul-americano do Impacto Esperan\u00e7a\" href=\"https:\/\/files.adventistas.org\/noticias\/pt\/2019\/05\/27111126\/WhatsApp-Image-2019-05-25-at-16.34.42.jpeg\" data-lightboxplus=\"lightbox[239892]\"><img loading=\"lazy\" decoding=\"async\" aria-describedby=\"caption-attachment-239895\" class=\"wp-image-239895 size-medium\" src=\"https:\/\/files.adventistas.org\/noticias\/pt\/2019\/05\/27111126\/WhatsApp-Image-2019-05-25-at-16.34.42-290x220.jpeg\" sizes=\"(max-width: 290px) 100vw, 290px\" srcset=\"https:\/\/files.adventistas.org\/noticias\/pt\/2019\/05\/27111126\/WhatsApp-Image-2019-05-25-at-16.34.42-290x220.jpeg 290w, https:\/\/files.adventistas.org\/noticias\/pt\/2019\/05\/27111126\/WhatsApp-Image-2019-05-25-at-16.34.42.jpeg 1280w\" alt=\"\" width=\"290\" height=\"220\" data-attachment-id=\"239895\" data-permalink=\"https:\/\/noticias.adventistas.org\/pt\/noticia\/educacao\/universitarios-adventistas-entregam-livros-em-campanha-sul-americano-do-impacto-esperanca\/whatsapp-image-2019-05-25-at-16-34-42\/\" data-orig-file=\"https:\/\/files.adventistas.org\/noticias\/pt\/2019\/05\/27111126\/WhatsApp-Image-2019-05-25-at-16.34.42.jpeg\" data-orig-size=\"1280,960\" data-comments-opened=\"1\" data-image-meta=\"{&quot;aperture&quot;:&quot;0&quot;,&quot;credit&quot;:&quot;&quot;,&quot;camera&quot;:&quot;&quot;,&quot;caption&quot;:&quot;&quot;,&quot;created_timestamp&quot;:&quot;0&quot;,&quot;copyright&quot;:&quot;&quot;,&quot;focal_length&quot;:&quot;0&quot;,&quot;iso&quot;:&quot;0&quot;,&quot;shutter_speed&quot;:&quot;0&quot;,&quot;title&quot;:&quot;&quot;,&quot;orientation&quot;:&quot;0&quot;}\" data-image-title=\"WhatsApp-Image-2019-05-25-at-16.34.42\" data-image-description=\"\" data-medium-file=\"https:\/\/files.adventistas.org\/noticias\/pt\/2019\/05\/27111126\/WhatsApp-Image-2019-05-25-at-16.34.42-290x220.jpeg\" data-large-file=\"https:\/\/files.adventistas.org\/noticias\/pt\/2019\/05\/27111126\/WhatsApp-Image-2019-05-25-at-16.34.42-617x460.jpeg\" \/><\/a><p id=\"caption-attachment-239895\" class=\"wp-caption-text\">Celebra\u00e7\u00e3o ao fim do dia em Limeira<\/p><\/div>No s\u00e1bado, a caravana do campus Engenheiro Coelho se dirigiu \u00e0 cidade de Limeira (SP) com 32 \u00f4nibus. Al\u00e9m da distribui\u00e7\u00e3o dos impressos tamb\u00e9m ocorreu uma feira de sa\u00fade na Pra\u00e7a Toledo de Barros, no centro da cidade, que atendeu cerca de 500 pessoas. Entre os servi\u00e7os estavam a medi\u00e7\u00e3o de press\u00e3o arterial, palestra sobre doen\u00e7as emocionais, massagem, exerc\u00edcios, entre outros. Ao fim do dia aconteceu uma celebra\u00e7\u00e3o musical com coral, grupos e banda sinf\u00f4nica do Unasp-EC.<\/p>\n<p>O projeto n\u00e3o impactou somente quem recebeu o livro. \u201cFoi lindo! Eu me senti realmente usada por Deus em cada livro distribu\u00eddo e a cada ora\u00e7\u00e3o feita, principalmente por esse ano trazer um tema t\u00e3o importante para a fam\u00edlia. Eu mesma me interessei por este livro\u201d, conta Milena Nunes, universit\u00e1ria do Unasp.<\/p>\n<p><strong>A\u00e7\u00e3o em Capivari e Rafard<\/strong><\/p>\n<p>Cerca de 800 pessoas em 16 \u00f4nibus sa\u00edram do Unasp Hortol\u00e2ndia com destino \u00e0s cidades de Capivari e Rafard (SP). Na Pra\u00e7a Central de Capivari aconteceu uma apresenta\u00e7\u00e3o do Coral Canto Livre e uma feira de sa\u00fade que atendeu em torno de 200 pessoas.<\/p>\n<p>Luiz Campanholi \u00e9 morador de Rafard e ficou surpreso com a a\u00e7\u00e3o dos jovens. \u201cEu achei bem interessante principalmente por serem tantos jovens envolvidos em uma causa importante que \u00e9 a fam\u00edlia, poderiam estar fazendo outra atividade neste s\u00e1bado, mas est\u00e3o distribuindo esse material. Com certeza vou ler\u201d, comentou Campanholi.<\/p>\n<div id=\"attachment_239898\" style=\"width: 242px\" class=\"wp-caption alignleft\"><a class=\"cboxElement\" title=\"Universit\u00e1rios adventistas entregam livros em campanha sul-americano do Impacto Esperan\u00e7a\" href=\"https:\/\/files.adventistas.org\/noticias\/pt\/2019\/05\/27111212\/WhatsApp-Image-2019-05-25-at-12.25.31.jpeg\" data-lightboxplus=\"lightbox[239892]\"><img loading=\"lazy\" decoding=\"async\" aria-describedby=\"caption-attachment-239898\" class=\"wp-image-239898\" src=\"https:\/\/files.adventistas.org\/noticias\/pt\/2019\/05\/27111212\/WhatsApp-Image-2019-05-25-at-12.25.31-290x220.jpeg\" sizes=\"(max-width: 232px) 100vw, 232px\" srcset=\"https:\/\/files.adventistas.org\/noticias\/pt\/2019\/05\/27111212\/WhatsApp-Image-2019-05-25-at-12.25.31-290x220.jpeg 290w, https:\/\/files.adventistas.org\/noticias\/pt\/2019\/05\/27111212\/WhatsApp-Image-2019-05-25-at-12.25.31.jpeg 1280w\" alt=\"\" width=\"232\" height=\"176\" data-attachment-id=\"239898\" data-permalink=\"https:\/\/noticias.adventistas.org\/pt\/noticia\/educacao\/universitarios-adventistas-entregam-livros-em-campanha-sul-americano-do-impacto-esperanca\/whatsapp-image-2019-05-25-at-12-25-31\/\" data-orig-file=\"https:\/\/files.adventistas.org\/noticias\/pt\/2019\/05\/27111212\/WhatsApp-Image-2019-05-25-at-12.25.31.jpeg\" data-orig-size=\"1280,960\" data-comments-opened=\"1\" data-image-meta=\"{&quot;aperture&quot;:&quot;0&quot;,&quot;credit&quot;:&quot;&quot;,&quot;camera&quot;:&quot;&quot;,&quot;caption&quot;:&quot;&quot;,&quot;created_timestamp&quot;:&quot;0&quot;,&quot;copyright&quot;:&quot;&quot;,&quot;focal_length&quot;:&quot;0&quot;,&quot;iso&quot;:&quot;0&quot;,&quot;shutter_speed&quot;:&quot;0&quot;,&quot;title&quot;:&quot;&quot;,&quot;orientation&quot;:&quot;0&quot;}\" data-image-title=\"WhatsApp-Image-2019-05-25-at-12.25.31\" data-image-description=\"\" data-medium-file=\"https:\/\/files.adventistas.org\/noticias\/pt\/2019\/05\/27111212\/WhatsApp-Image-2019-05-25-at-12.25.31-290x220.jpeg\" data-large-file=\"https:\/\/files.adventistas.org\/noticias\/pt\/2019\/05\/27111212\/WhatsApp-Image-2019-05-25-at-12.25.31-617x460.jpeg\" \/><\/a><p id=\"caption-attachment-239898\" class=\"wp-caption-text\">Ant\u00f4nia aguardava ansiosa seu livro<\/p><\/div>\n<p class=\"wp-caption-text\">A universit\u00e1ria Bianca Bueno participou da distribui\u00e7\u00e3o em Capivari e conta que na a\u00e7\u00e3o conheceu a aposentada Ant\u00f4nia Silva que pareceu muito feliz em receber o livro. \u201cQuando chegamos em sua casa ela nos recebeu com um sorriso e disse com toda a alegria que estava nos esperando. Ela contou que havia escutado na r\u00e1dio que o livro chegaria em sua casa. Ficamos sem rea\u00e7\u00e3o, mas muito felizes\u201d, exp\u00f5e Bianca.<\/p>\n<p><strong>A\u00e7\u00e3o em Tabo\u00e3o da Serra<\/strong><\/p>\n<p><div id=\"attachment_239900\" style=\"width: 282px\" class=\"wp-caption alignright\"><a class=\"cboxElement\" title=\"Universit\u00e1rios adventistas entregam livros em campanha sul-americano do Impacto Esperan\u00e7a\" href=\"https:\/\/files.adventistas.org\/noticias\/pt\/2019\/05\/27111505\/WhatsApp-Image-2019-05-25-at-12.51.42.jpeg\" data-lightboxplus=\"lightbox[239892]\"><img loading=\"lazy\" decoding=\"async\" aria-describedby=\"caption-attachment-239900\" class=\"wp-image-239900\" src=\"https:\/\/files.adventistas.org\/noticias\/pt\/2019\/05\/27111505\/WhatsApp-Image-2019-05-25-at-12.51.42-290x220.jpeg\" sizes=\"(max-width: 272px) 100vw, 272px\" srcset=\"https:\/\/files.adventistas.org\/noticias\/pt\/2019\/05\/27111505\/WhatsApp-Image-2019-05-25-at-12.51.42-290x220.jpeg 290w, https:\/\/files.adventistas.org\/noticias\/pt\/2019\/05\/27111505\/WhatsApp-Image-2019-05-25-at-12.51.42.jpeg 1040w\" alt=\"\" width=\"272\" height=\"206\" data-attachment-id=\"239900\" data-permalink=\"https:\/\/noticias.adventistas.org\/pt\/noticia\/educacao\/universitarios-adventistas-entregam-livros-em-campanha-sul-americano-do-impacto-esperanca\/whatsapp-image-2019-05-25-at-12-51-42\/\" data-orig-file=\"https:\/\/files.adventistas.org\/noticias\/pt\/2019\/05\/27111505\/WhatsApp-Image-2019-05-25-at-12.51.42.jpeg\" data-orig-size=\"1040,780\" data-comments-opened=\"1\" data-image-meta=\"{&quot;aperture&quot;:&quot;0&quot;,&quot;credit&quot;:&quot;&quot;,&quot;camera&quot;:&quot;&quot;,&quot;caption&quot;:&quot;&quot;,&quot;created_timestamp&quot;:&quot;0&quot;,&quot;copyright&quot;:&quot;&quot;,&quot;focal_length&quot;:&quot;0&quot;,&quot;iso&quot;:&quot;0&quot;,&quot;shutter_speed&quot;:&quot;0&quot;,&quot;title&quot;:&quot;&quot;,&quot;orientation&quot;:&quot;0&quot;}\" data-image-title=\"WhatsApp-Image-2019-05-25-at-12.51.42\" data-image-description=\"\" data-medium-file=\"https:\/\/files.adventistas.org\/noticias\/pt\/2019\/05\/27111505\/WhatsApp-Image-2019-05-25-at-12.51.42-290x220.jpeg\" data-large-file=\"https:\/\/files.adventistas.org\/noticias\/pt\/2019\/05\/27111505\/WhatsApp-Image-2019-05-25-at-12.51.42-617x460.jpeg\" \/><\/a><p id=\"caption-attachment-239900\" class=\"wp-caption-text\">Alunos do campus SP distribu\u00edram livros e abra\u00e7os<\/p><\/div>Tabo\u00e3o da Serra foi impactado por cerca de 700 pessoas do Unasp S\u00e3o Paulo. Al\u00e9m da a\u00e7\u00e3o no dia 25, alunos e colaboradores devem estar presentes em uma feira de sa\u00fade durante a semana do dia 2 a 7 de junho no bairro Jd. Am\u00e9rica, onde ser\u00e1 feita uma confer\u00eancia evangel\u00edstica.<\/p>\n<p>O funcion\u00e1rio Marcelo Rasquinho contou que em sua \u00faltima oferta conheceu a costureira Meire Silva que ficou feliz e contou que j\u00e1 conhecia os Adventistas do S\u00e9timo Dia. &#8220;Ao oferecermos o livro ela se identificou sendo da Igreja Batista Memorial. O que nos chamou a aten\u00e7\u00e3o foi que ela \u00e9 \u2018Um Anjo da Esperan\u00e7a\u2019. Gosta dos programas da Novo Tempo e pelo conhecimento que adquiriu pela tv j\u00e1 deixou de realizar trabalhos no s\u00e1bado\u201d, descreve Rasquinho.<\/p>\n<p>Assim como aconteceu neste \u00faltimo final de semana, as a\u00e7\u00f5es de extens\u00e3o universit\u00e1ria do Unasp, pr\u00f3prias ou em parceria, continuam nos pr\u00f3ximos meses.<\/p>\n<p>\u201cQueremos formar alunos completos, humanos. O Unasp se importa com atividades como essas que impactam n\u00e3o s\u00f3 quem recebe o material, mas tamb\u00e9m quem realiza. Transformar pessoas e locais \u00e9 um dos princ\u00edpios b\u00e1sicos do nosso Centro Universit\u00e1rio. Queremos salvar pessoas\u201d, afirma o reitor do Unasp, pastor Martin Kuhn.<\/p>\n<p>Tradicional no meio adventista desde 2006, o Impacto Esperan\u00e7a envolve n\u00e3o apenas os fi\u00e9is dos templos, mas tamb\u00e9m os servidores das diferentes institui\u00e7\u00f5es da organiza\u00e7\u00e3o crist\u00e3. Para este ano, o tema da campanha foi relacionamento familiar com o t\u00edtulo do livro: Esperan\u00e7a para as fam\u00edlias: O Caminho Para Um Final Feliz, dos autores Willie e Elaine Oliver.<\/p>\n<p><strong>Unasp realiza Impacto Esperan\u00e7a virtual<\/strong><\/p>\n<p>Os funcion\u00e1rios do servi\u00e7o EaD realizaram o Impacto Esperan\u00e7a de forma virtual, com o envio de 1500 exemplares para os e-mails dos alunos matriculados em algum dos 75 polos espalhados pelo pa\u00eds.<\/p>\n<p>Ap\u00f3s um momento especial de consagra\u00e7\u00e3o pelo movimento evangel\u00edstico sul-americano que acontece h\u00e1 12 anos, os funcion\u00e1rios fizeram uma entrega simb\u00f3lica dos livros por meio do envio dos livros. Os servidores do Unasp EaD tamb\u00e9m participaram da a\u00e7\u00e3o de s\u00e1bado na cidade de Limeira.<\/p>\n\n\t\t<style type=\"text\/css\">\n\t\t\t#gallery-1 {\n\t\t\t\tmargin: auto;\n\t\t\t}\n\t\t\t#gallery-1 .gallery-item {\n\t\t\t\tfloat: left;\n\t\t\t\tmargin-top: 10px;\n\t\t\t\ttext-align: center;\n\t\t\t\twidth: 33%;\n\t\t\t}\n\t\t\t#gallery-1 img {\n\t\t\t\tborder: 2px solid #cfcfcf;\n\t\t\t}\n\t\t\t#gallery-1 .gallery-caption {\n\t\t\t\tmargin-left: 0;\n\t\t\t}\n\t\t\t\/* see gallery_shortcode() in wp-includes\/media.php *\/\n\t\t<\/style>\n\t\t<div id='gallery-1' class='gallery galleryid-59812 gallery-columns-3 gallery-size-medium'><dl class='gallery-item'>\n\t\t\t<dt class='gallery-icon landscape'>\n\t\t\t\t<a href='https:\/\/unasp.br\/noticias\/universitarios-adventistas-entregam-livros-em-campanha-sul-americano-do-impacto-esperanca\/whatsapp-image-2019-05-25-at-13-56-20\/'><img loading=\"lazy\" decoding=\"async\" width=\"300\" height=\"200\" src=\"https:\/\/cdn.unasp.br\/noticias\/wp-content\/uploads\/2019\/05\/27084755\/WhatsApp-Image-2019-05-25-at-13.56.20-300x200.jpeg\" class=\"attachment-medium size-medium\" alt=\"\" srcset=\"https:\/\/cdn.unasp.br\/noticias\/wp-content\/uploads\/2019\/05\/27084755\/WhatsApp-Image-2019-05-25-at-13.56.20-300x200.jpeg 300w, https:\/\/cdn.unasp.br\/noticias\/wp-content\/uploads\/2019\/05\/27084755\/WhatsApp-Image-2019-05-25-at-13.56.20-768x512.jpeg 768w, https:\/\/cdn.unasp.br\/noticias\/wp-content\/uploads\/2019\/05\/27084755\/WhatsApp-Image-2019-05-25-at-13.56.20-1024x682.jpeg 1024w, https:\/\/cdn.unasp.br\/noticias\/wp-content\/uploads\/2019\/05\/27084755\/WhatsApp-Image-2019-05-25-at-13.56.20-900x600.jpeg 900w, https:\/\/cdn.unasp.br\/noticias\/wp-content\/uploads\/2019\/05\/27084755\/WhatsApp-Image-2019-05-25-at-13.56.20-1200x800.jpeg 1200w, https:\/\/cdn.unasp.br\/noticias\/wp-content\/uploads\/2019\/05\/27084755\/WhatsApp-Image-2019-05-25-at-13.56.20-1080x720.jpeg 1080w, https:\/\/cdn.unasp.br\/noticias\/wp-content\/uploads\/2019\/05\/27084755\/WhatsApp-Image-2019-05-25-at-13.56.20-800x533.jpeg 800w, https:\/\/cdn.unasp.br\/noticias\/wp-content\/uploads\/2019\/05\/27084755\/WhatsApp-Image-2019-05-25-at-13.56.20-750x500.jpeg 750w, https:\/\/cdn.unasp.br\/noticias\/wp-content\/uploads\/2019\/05\/27084755\/WhatsApp-Image-2019-05-25-at-13.56.20-720x480.jpeg 720w, https:\/\/cdn.unasp.br\/noticias\/wp-content\/uploads\/2019\/05\/27084755\/WhatsApp-Image-2019-05-25-at-13.56.20-420x280.jpeg 420w, https:\/\/cdn.unasp.br\/noticias\/wp-content\/uploads\/2019\/05\/27084755\/WhatsApp-Image-2019-05-25-at-13.56.20-500x333.jpeg 500w, https:\/\/cdn.unasp.br\/noticias\/wp-content\/uploads\/2019\/05\/27084755\/WhatsApp-Image-2019-05-25-at-13.56.20-400x267.jpeg 400w, https:\/\/cdn.unasp.br\/noticias\/wp-content\/uploads\/2019\/05\/27084755\/WhatsApp-Image-2019-05-25-at-13.56.20-375x250.jpeg 375w, https:\/\/cdn.unasp.br\/noticias\/wp-content\/uploads\/2019\/05\/27084755\/WhatsApp-Image-2019-05-25-at-13.56.20-225x150.jpeg 225w, https:\/\/cdn.unasp.br\/noticias\/wp-content\/uploads\/2019\/05\/27084755\/WhatsApp-Image-2019-05-25-at-13.56.20-175x117.jpeg 175w, https:\/\/cdn.unasp.br\/noticias\/wp-content\/uploads\/2019\/05\/27084755\/WhatsApp-Image-2019-05-25-at-13.56.20-200x133.jpeg 200w, https:\/\/cdn.unasp.br\/noticias\/wp-content\/uploads\/2019\/05\/27084755\/WhatsApp-Image-2019-05-25-at-13.56.20.jpeg 1280w\" sizes=\"(max-width: 300px) 100vw, 300px\" \/><\/a>\n\t\t\t<\/dt><\/dl><dl class='gallery-item'>\n\t\t\t<dt class='gallery-icon landscape'>\n\t\t\t\t<a href='https:\/\/unasp.br\/noticias\/universitarios-adventistas-entregam-livros-em-campanha-sul-americano-do-impacto-esperanca\/whatsapp-image-2019-05-25-at-13-07-16\/'><img loading=\"lazy\" decoding=\"async\" width=\"300\" height=\"200\" src=\"https:\/\/cdn.unasp.br\/noticias\/wp-content\/uploads\/2019\/05\/27084752\/WhatsApp-Image-2019-05-25-at-13.07.16-300x200.jpeg\" class=\"attachment-medium size-medium\" alt=\"\" srcset=\"https:\/\/cdn.unasp.br\/noticias\/wp-content\/uploads\/2019\/05\/27084752\/WhatsApp-Image-2019-05-25-at-13.07.16-300x200.jpeg 300w, https:\/\/cdn.unasp.br\/noticias\/wp-content\/uploads\/2019\/05\/27084752\/WhatsApp-Image-2019-05-25-at-13.07.16-768x512.jpeg 768w, https:\/\/cdn.unasp.br\/noticias\/wp-content\/uploads\/2019\/05\/27084752\/WhatsApp-Image-2019-05-25-at-13.07.16-1024x682.jpeg 1024w, https:\/\/cdn.unasp.br\/noticias\/wp-content\/uploads\/2019\/05\/27084752\/WhatsApp-Image-2019-05-25-at-13.07.16-900x600.jpeg 900w, https:\/\/cdn.unasp.br\/noticias\/wp-content\/uploads\/2019\/05\/27084752\/WhatsApp-Image-2019-05-25-at-13.07.16-1200x800.jpeg 1200w, https:\/\/cdn.unasp.br\/noticias\/wp-content\/uploads\/2019\/05\/27084752\/WhatsApp-Image-2019-05-25-at-13.07.16-1080x720.jpeg 1080w, https:\/\/cdn.unasp.br\/noticias\/wp-content\/uploads\/2019\/05\/27084752\/WhatsApp-Image-2019-05-25-at-13.07.16-800x533.jpeg 800w, https:\/\/cdn.unasp.br\/noticias\/wp-content\/uploads\/2019\/05\/27084752\/WhatsApp-Image-2019-05-25-at-13.07.16-750x500.jpeg 750w, https:\/\/cdn.unasp.br\/noticias\/wp-content\/uploads\/2019\/05\/27084752\/WhatsApp-Image-2019-05-25-at-13.07.16-720x480.jpeg 720w, https:\/\/cdn.unasp.br\/noticias\/wp-content\/uploads\/2019\/05\/27084752\/WhatsApp-Image-2019-05-25-at-13.07.16-420x280.jpeg 420w, https:\/\/cdn.unasp.br\/noticias\/wp-content\/uploads\/2019\/05\/27084752\/WhatsApp-Image-2019-05-25-at-13.07.16-500x333.jpeg 500w, https:\/\/cdn.unasp.br\/noticias\/wp-content\/uploads\/2019\/05\/27084752\/WhatsApp-Image-2019-05-25-at-13.07.16-400x267.jpeg 400w, https:\/\/cdn.unasp.br\/noticias\/wp-content\/uploads\/2019\/05\/27084752\/WhatsApp-Image-2019-05-25-at-13.07.16-375x250.jpeg 375w, https:\/\/cdn.unasp.br\/noticias\/wp-content\/uploads\/2019\/05\/27084752\/WhatsApp-Image-2019-05-25-at-13.07.16-225x150.jpeg 225w, https:\/\/cdn.unasp.br\/noticias\/wp-content\/uploads\/2019\/05\/27084752\/WhatsApp-Image-2019-05-25-at-13.07.16-175x117.jpeg 175w, https:\/\/cdn.unasp.br\/noticias\/wp-content\/uploads\/2019\/05\/27084752\/WhatsApp-Image-2019-05-25-at-13.07.16-200x133.jpeg 200w, https:\/\/cdn.unasp.br\/noticias\/wp-content\/uploads\/2019\/05\/27084752\/WhatsApp-Image-2019-05-25-at-13.07.16.jpeg 1280w\" sizes=\"(max-width: 300px) 100vw, 300px\" \/><\/a>\n\t\t\t<\/dt><\/dl><dl class='gallery-item'>\n\t\t\t<dt class='gallery-icon landscape'>\n\t\t\t\t<a href='https:\/\/unasp.br\/noticias\/universitarios-adventistas-entregam-livros-em-campanha-sul-americano-do-impacto-esperanca\/whatsapp-image-2019-05-25-at-13-07-14\/'><img loading=\"lazy\" decoding=\"async\" width=\"300\" height=\"200\" src=\"https:\/\/cdn.unasp.br\/noticias\/wp-content\/uploads\/2019\/05\/27084750\/WhatsApp-Image-2019-05-25-at-13.07.14-300x200.jpeg\" class=\"attachment-medium size-medium\" alt=\"\" srcset=\"https:\/\/cdn.unasp.br\/noticias\/wp-content\/uploads\/2019\/05\/27084750\/WhatsApp-Image-2019-05-25-at-13.07.14-300x200.jpeg 300w, https:\/\/cdn.unasp.br\/noticias\/wp-content\/uploads\/2019\/05\/27084750\/WhatsApp-Image-2019-05-25-at-13.07.14-768x512.jpeg 768w, https:\/\/cdn.unasp.br\/noticias\/wp-content\/uploads\/2019\/05\/27084750\/WhatsApp-Image-2019-05-25-at-13.07.14-1024x682.jpeg 1024w, https:\/\/cdn.unasp.br\/noticias\/wp-content\/uploads\/2019\/05\/27084750\/WhatsApp-Image-2019-05-25-at-13.07.14-900x600.jpeg 900w, https:\/\/cdn.unasp.br\/noticias\/wp-content\/uploads\/2019\/05\/27084750\/WhatsApp-Image-2019-05-25-at-13.07.14-1200x800.jpeg 1200w, https:\/\/cdn.unasp.br\/noticias\/wp-content\/uploads\/2019\/05\/27084750\/WhatsApp-Image-2019-05-25-at-13.07.14-1080x720.jpeg 1080w, https:\/\/cdn.unasp.br\/noticias\/wp-content\/uploads\/2019\/05\/27084750\/WhatsApp-Image-2019-05-25-at-13.07.14-800x533.jpeg 800w, https:\/\/cdn.unasp.br\/noticias\/wp-content\/uploads\/2019\/05\/27084750\/WhatsApp-Image-2019-05-25-at-13.07.14-750x500.jpeg 750w, https:\/\/cdn.unasp.br\/noticias\/wp-content\/uploads\/2019\/05\/27084750\/WhatsApp-Image-2019-05-25-at-13.07.14-720x480.jpeg 720w, https:\/\/cdn.unasp.br\/noticias\/wp-content\/uploads\/2019\/05\/27084750\/WhatsApp-Image-2019-05-25-at-13.07.14-420x280.jpeg 420w, https:\/\/cdn.unasp.br\/noticias\/wp-content\/uploads\/2019\/05\/27084750\/WhatsApp-Image-2019-05-25-at-13.07.14-500x333.jpeg 500w, https:\/\/cdn.unasp.br\/noticias\/wp-content\/uploads\/2019\/05\/27084750\/WhatsApp-Image-2019-05-25-at-13.07.14-400x267.jpeg 400w, https:\/\/cdn.unasp.br\/noticias\/wp-content\/uploads\/2019\/05\/27084750\/WhatsApp-Image-2019-05-25-at-13.07.14-375x250.jpeg 375w, https:\/\/cdn.unasp.br\/noticias\/wp-content\/uploads\/2019\/05\/27084750\/WhatsApp-Image-2019-05-25-at-13.07.14-225x150.jpeg 225w, https:\/\/cdn.unasp.br\/noticias\/wp-content\/uploads\/2019\/05\/27084750\/WhatsApp-Image-2019-05-25-at-13.07.14-175x117.jpeg 175w, https:\/\/cdn.unasp.br\/noticias\/wp-content\/uploads\/2019\/05\/27084750\/WhatsApp-Image-2019-05-25-at-13.07.14-200x133.jpeg 200w, https:\/\/cdn.unasp.br\/noticias\/wp-content\/uploads\/2019\/05\/27084750\/WhatsApp-Image-2019-05-25-at-13.07.14.jpeg 1280w\" sizes=\"(max-width: 300px) 100vw, 300px\" \/><\/a>\n\t\t\t<\/dt><\/dl><br style=\"clear: both\" \/><dl class='gallery-item'>\n\t\t\t<dt class='gallery-icon landscape'>\n\t\t\t\t<a href='https:\/\/unasp.br\/noticias\/universitarios-adventistas-entregam-livros-em-campanha-sul-americano-do-impacto-esperanca\/whatsapp-image-2019-05-25-at-13-07-13\/'><img loading=\"lazy\" decoding=\"async\" width=\"300\" height=\"200\" src=\"https:\/\/cdn.unasp.br\/noticias\/wp-content\/uploads\/2019\/05\/27084748\/WhatsApp-Image-2019-05-25-at-13.07.13-300x200.jpeg\" class=\"attachment-medium size-medium\" alt=\"\" srcset=\"https:\/\/cdn.unasp.br\/noticias\/wp-content\/uploads\/2019\/05\/27084748\/WhatsApp-Image-2019-05-25-at-13.07.13-300x200.jpeg 300w, https:\/\/cdn.unasp.br\/noticias\/wp-content\/uploads\/2019\/05\/27084748\/WhatsApp-Image-2019-05-25-at-13.07.13-768x512.jpeg 768w, https:\/\/cdn.unasp.br\/noticias\/wp-content\/uploads\/2019\/05\/27084748\/WhatsApp-Image-2019-05-25-at-13.07.13-1024x682.jpeg 1024w, https:\/\/cdn.unasp.br\/noticias\/wp-content\/uploads\/2019\/05\/27084748\/WhatsApp-Image-2019-05-25-at-13.07.13-900x600.jpeg 900w, https:\/\/cdn.unasp.br\/noticias\/wp-content\/uploads\/2019\/05\/27084748\/WhatsApp-Image-2019-05-25-at-13.07.13-1200x800.jpeg 1200w, https:\/\/cdn.unasp.br\/noticias\/wp-content\/uploads\/2019\/05\/27084748\/WhatsApp-Image-2019-05-25-at-13.07.13-1080x720.jpeg 1080w, https:\/\/cdn.unasp.br\/noticias\/wp-content\/uploads\/2019\/05\/27084748\/WhatsApp-Image-2019-05-25-at-13.07.13-800x533.jpeg 800w, https:\/\/cdn.unasp.br\/noticias\/wp-content\/uploads\/2019\/05\/27084748\/WhatsApp-Image-2019-05-25-at-13.07.13-750x500.jpeg 750w, https:\/\/cdn.unasp.br\/noticias\/wp-content\/uploads\/2019\/05\/27084748\/WhatsApp-Image-2019-05-25-at-13.07.13-720x480.jpeg 720w, https:\/\/cdn.unasp.br\/noticias\/wp-content\/uploads\/2019\/05\/27084748\/WhatsApp-Image-2019-05-25-at-13.07.13-420x280.jpeg 420w, https:\/\/cdn.unasp.br\/noticias\/wp-content\/uploads\/2019\/05\/27084748\/WhatsApp-Image-2019-05-25-at-13.07.13-500x333.jpeg 500w, https:\/\/cdn.unasp.br\/noticias\/wp-content\/uploads\/2019\/05\/27084748\/WhatsApp-Image-2019-05-25-at-13.07.13-400x267.jpeg 400w, https:\/\/cdn.unasp.br\/noticias\/wp-content\/uploads\/2019\/05\/27084748\/WhatsApp-Image-2019-05-25-at-13.07.13-375x250.jpeg 375w, https:\/\/cdn.unasp.br\/noticias\/wp-content\/uploads\/2019\/05\/27084748\/WhatsApp-Image-2019-05-25-at-13.07.13-225x150.jpeg 225w, https:\/\/cdn.unasp.br\/noticias\/wp-content\/uploads\/2019\/05\/27084748\/WhatsApp-Image-2019-05-25-at-13.07.13-175x117.jpeg 175w, https:\/\/cdn.unasp.br\/noticias\/wp-content\/uploads\/2019\/05\/27084748\/WhatsApp-Image-2019-05-25-at-13.07.13-200x133.jpeg 200w, https:\/\/cdn.unasp.br\/noticias\/wp-content\/uploads\/2019\/05\/27084748\/WhatsApp-Image-2019-05-25-at-13.07.13.jpeg 1280w\" sizes=\"(max-width: 300px) 100vw, 300px\" \/><\/a>\n\t\t\t<\/dt><\/dl><dl class='gallery-item'>\n\t\t\t<dt class='gallery-icon landscape'>\n\t\t\t\t<a href='https:\/\/unasp.br\/noticias\/universitarios-adventistas-entregam-livros-em-campanha-sul-americano-do-impacto-esperanca\/whatsapp-image-2019-05-25-at-12-53-25\/'><img loading=\"lazy\" decoding=\"async\" width=\"300\" height=\"225\" src=\"https:\/\/cdn.unasp.br\/noticias\/wp-content\/uploads\/2019\/05\/27084746\/WhatsApp-Image-2019-05-25-at-12.53.25-300x225.jpeg\" class=\"attachment-medium size-medium\" alt=\"\" srcset=\"https:\/\/cdn.unasp.br\/noticias\/wp-content\/uploads\/2019\/05\/27084746\/WhatsApp-Image-2019-05-25-at-12.53.25-300x225.jpeg 300w, https:\/\/cdn.unasp.br\/noticias\/wp-content\/uploads\/2019\/05\/27084746\/WhatsApp-Image-2019-05-25-at-12.53.25-768x576.jpeg 768w, https:\/\/cdn.unasp.br\/noticias\/wp-content\/uploads\/2019\/05\/27084746\/WhatsApp-Image-2019-05-25-at-12.53.25-1024x768.jpeg 1024w, https:\/\/cdn.unasp.br\/noticias\/wp-content\/uploads\/2019\/05\/27084746\/WhatsApp-Image-2019-05-25-at-12.53.25-800x600.jpeg 800w, https:\/\/cdn.unasp.br\/noticias\/wp-content\/uploads\/2019\/05\/27084746\/WhatsApp-Image-2019-05-25-at-12.53.25-1067x800.jpeg 1067w, https:\/\/cdn.unasp.br\/noticias\/wp-content\/uploads\/2019\/05\/27084746\/WhatsApp-Image-2019-05-25-at-12.53.25-960x720.jpeg 960w, https:\/\/cdn.unasp.br\/noticias\/wp-content\/uploads\/2019\/05\/27084746\/WhatsApp-Image-2019-05-25-at-12.53.25-667x500.jpeg 667w, https:\/\/cdn.unasp.br\/noticias\/wp-content\/uploads\/2019\/05\/27084746\/WhatsApp-Image-2019-05-25-at-12.53.25-640x480.jpeg 640w, https:\/\/cdn.unasp.br\/noticias\/wp-content\/uploads\/2019\/05\/27084746\/WhatsApp-Image-2019-05-25-at-12.53.25-373x280.jpeg 373w, https:\/\/cdn.unasp.br\/noticias\/wp-content\/uploads\/2019\/05\/27084746\/WhatsApp-Image-2019-05-25-at-12.53.25-500x375.jpeg 500w, https:\/\/cdn.unasp.br\/noticias\/wp-content\/uploads\/2019\/05\/27084746\/WhatsApp-Image-2019-05-25-at-12.53.25-400x300.jpeg 400w, https:\/\/cdn.unasp.br\/noticias\/wp-content\/uploads\/2019\/05\/27084746\/WhatsApp-Image-2019-05-25-at-12.53.25-333x250.jpeg 333w, https:\/\/cdn.unasp.br\/noticias\/wp-content\/uploads\/2019\/05\/27084746\/WhatsApp-Image-2019-05-25-at-12.53.25-267x200.jpeg 267w, https:\/\/cdn.unasp.br\/noticias\/wp-content\/uploads\/2019\/05\/27084746\/WhatsApp-Image-2019-05-25-at-12.53.25-200x150.jpeg 200w, https:\/\/cdn.unasp.br\/noticias\/wp-content\/uploads\/2019\/05\/27084746\/WhatsApp-Image-2019-05-25-at-12.53.25-175x131.jpeg 175w, https:\/\/cdn.unasp.br\/noticias\/wp-content\/uploads\/2019\/05\/27084746\/WhatsApp-Image-2019-05-25-at-12.53.25.jpeg 1280w\" sizes=\"(max-width: 300px) 100vw, 300px\" \/><\/a>\n\t\t\t<\/dt><\/dl><dl class='gallery-item'>\n\t\t\t<dt class='gallery-icon landscape'>\n\t\t\t\t<a href='https:\/\/unasp.br\/noticias\/universitarios-adventistas-entregam-livros-em-campanha-sul-americano-do-impacto-esperanca\/whatsapp-image-2019-05-25-at-12-07-13\/'><img loading=\"lazy\" decoding=\"async\" width=\"300\" height=\"225\" src=\"https:\/\/cdn.unasp.br\/noticias\/wp-content\/uploads\/2019\/05\/27084739\/WhatsApp-Image-2019-05-25-at-12.07.13-300x225.jpeg\" class=\"attachment-medium size-medium\" alt=\"\" srcset=\"https:\/\/cdn.unasp.br\/noticias\/wp-content\/uploads\/2019\/05\/27084739\/WhatsApp-Image-2019-05-25-at-12.07.13-300x225.jpeg 300w, https:\/\/cdn.unasp.br\/noticias\/wp-content\/uploads\/2019\/05\/27084739\/WhatsApp-Image-2019-05-25-at-12.07.13-768x577.jpeg 768w, https:\/\/cdn.unasp.br\/noticias\/wp-content\/uploads\/2019\/05\/27084739\/WhatsApp-Image-2019-05-25-at-12.07.13-1024x770.jpeg 1024w, https:\/\/cdn.unasp.br\/noticias\/wp-content\/uploads\/2019\/05\/27084739\/WhatsApp-Image-2019-05-25-at-12.07.13-798x600.jpeg 798w, https:\/\/cdn.unasp.br\/noticias\/wp-content\/uploads\/2019\/05\/27084739\/WhatsApp-Image-2019-05-25-at-12.07.13-1064x800.jpeg 1064w, https:\/\/cdn.unasp.br\/noticias\/wp-content\/uploads\/2019\/05\/27084739\/WhatsApp-Image-2019-05-25-at-12.07.13-958x720.jpeg 958w, https:\/\/cdn.unasp.br\/noticias\/wp-content\/uploads\/2019\/05\/27084739\/WhatsApp-Image-2019-05-25-at-12.07.13-800x601.jpeg 800w, https:\/\/cdn.unasp.br\/noticias\/wp-content\/uploads\/2019\/05\/27084739\/WhatsApp-Image-2019-05-25-at-12.07.13-665x500.jpeg 665w, https:\/\/cdn.unasp.br\/noticias\/wp-content\/uploads\/2019\/05\/27084739\/WhatsApp-Image-2019-05-25-at-12.07.13-639x480.jpeg 639w, https:\/\/cdn.unasp.br\/noticias\/wp-content\/uploads\/2019\/05\/27084739\/WhatsApp-Image-2019-05-25-at-12.07.13-373x280.jpeg 373w, https:\/\/cdn.unasp.br\/noticias\/wp-content\/uploads\/2019\/05\/27084739\/WhatsApp-Image-2019-05-25-at-12.07.13-500x376.jpeg 500w, https:\/\/cdn.unasp.br\/noticias\/wp-content\/uploads\/2019\/05\/27084739\/WhatsApp-Image-2019-05-25-at-12.07.13-400x301.jpeg 400w, https:\/\/cdn.unasp.br\/noticias\/wp-content\/uploads\/2019\/05\/27084739\/WhatsApp-Image-2019-05-25-at-12.07.13-333x250.jpeg 333w, https:\/\/cdn.unasp.br\/noticias\/wp-content\/uploads\/2019\/05\/27084739\/WhatsApp-Image-2019-05-25-at-12.07.13-266x200.jpeg 266w, https:\/\/cdn.unasp.br\/noticias\/wp-content\/uploads\/2019\/05\/27084739\/WhatsApp-Image-2019-05-25-at-12.07.13-200x150.jpeg 200w, https:\/\/cdn.unasp.br\/noticias\/wp-content\/uploads\/2019\/05\/27084739\/WhatsApp-Image-2019-05-25-at-12.07.13-175x132.jpeg 175w, https:\/\/cdn.unasp.br\/noticias\/wp-content\/uploads\/2019\/05\/27084739\/WhatsApp-Image-2019-05-25-at-12.07.13.jpeg 1280w\" sizes=\"(max-width: 300px) 100vw, 300px\" \/><\/a>\n\t\t\t<\/dt><\/dl><br style=\"clear: both\" \/><dl class='gallery-item'>\n\t\t\t<dt class='gallery-icon portrait'>\n\t\t\t\t<a href='https:\/\/unasp.br\/noticias\/universitarios-adventistas-entregam-livros-em-campanha-sul-americano-do-impacto-esperanca\/whatsapp-image-2019-05-25-at-11-54-05\/'><img loading=\"lazy\" decoding=\"async\" width=\"225\" height=\"300\" src=\"https:\/\/cdn.unasp.br\/noticias\/wp-content\/uploads\/2019\/05\/27084736\/WhatsApp-Image-2019-05-25-at-11.54.05-225x300.jpeg\" class=\"attachment-medium size-medium\" alt=\"\" srcset=\"https:\/\/cdn.unasp.br\/noticias\/wp-content\/uploads\/2019\/05\/27084736\/WhatsApp-Image-2019-05-25-at-11.54.05-225x300.jpeg 225w, https:\/\/cdn.unasp.br\/noticias\/wp-content\/uploads\/2019\/05\/27084736\/WhatsApp-Image-2019-05-25-at-11.54.05-768x1024.jpeg 768w, https:\/\/cdn.unasp.br\/noticias\/wp-content\/uploads\/2019\/05\/27084736\/WhatsApp-Image-2019-05-25-at-11.54.05-450x600.jpeg 450w, https:\/\/cdn.unasp.br\/noticias\/wp-content\/uploads\/2019\/05\/27084736\/WhatsApp-Image-2019-05-25-at-11.54.05-600x800.jpeg 600w, https:\/\/cdn.unasp.br\/noticias\/wp-content\/uploads\/2019\/05\/27084736\/WhatsApp-Image-2019-05-25-at-11.54.05-540x720.jpeg 540w, https:\/\/cdn.unasp.br\/noticias\/wp-content\/uploads\/2019\/05\/27084736\/WhatsApp-Image-2019-05-25-at-11.54.05-375x500.jpeg 375w, https:\/\/cdn.unasp.br\/noticias\/wp-content\/uploads\/2019\/05\/27084736\/WhatsApp-Image-2019-05-25-at-11.54.05-360x480.jpeg 360w, https:\/\/cdn.unasp.br\/noticias\/wp-content\/uploads\/2019\/05\/27084736\/WhatsApp-Image-2019-05-25-at-11.54.05-210x280.jpeg 210w, https:\/\/cdn.unasp.br\/noticias\/wp-content\/uploads\/2019\/05\/27084736\/WhatsApp-Image-2019-05-25-at-11.54.05-300x400.jpeg 300w, https:\/\/cdn.unasp.br\/noticias\/wp-content\/uploads\/2019\/05\/27084736\/WhatsApp-Image-2019-05-25-at-11.54.05-188x250.jpeg 188w, https:\/\/cdn.unasp.br\/noticias\/wp-content\/uploads\/2019\/05\/27084736\/WhatsApp-Image-2019-05-25-at-11.54.05-150x200.jpeg 150w, https:\/\/cdn.unasp.br\/noticias\/wp-content\/uploads\/2019\/05\/27084736\/WhatsApp-Image-2019-05-25-at-11.54.05-113x150.jpeg 113w, https:\/\/cdn.unasp.br\/noticias\/wp-content\/uploads\/2019\/05\/27084736\/WhatsApp-Image-2019-05-25-at-11.54.05-175x233.jpeg 175w, https:\/\/cdn.unasp.br\/noticias\/wp-content\/uploads\/2019\/05\/27084736\/WhatsApp-Image-2019-05-25-at-11.54.05.jpeg 960w\" sizes=\"(max-width: 225px) 100vw, 225px\" \/><\/a>\n\t\t\t<\/dt><\/dl><dl class='gallery-item'>\n\t\t\t<dt class='gallery-icon portrait'>\n\t\t\t\t<a href='https:\/\/unasp.br\/noticias\/universitarios-adventistas-entregam-livros-em-campanha-sul-americano-do-impacto-esperanca\/whatsapp-image-2019-05-25-at-11-53-21\/'><img loading=\"lazy\" decoding=\"async\" width=\"169\" height=\"300\" src=\"https:\/\/cdn.unasp.br\/noticias\/wp-content\/uploads\/2019\/05\/27084734\/WhatsApp-Image-2019-05-25-at-11.53.21-169x300.jpeg\" class=\"attachment-medium size-medium\" alt=\"\" srcset=\"https:\/\/cdn.unasp.br\/noticias\/wp-content\/uploads\/2019\/05\/27084734\/WhatsApp-Image-2019-05-25-at-11.53.21-169x300.jpeg 169w, https:\/\/cdn.unasp.br\/noticias\/wp-content\/uploads\/2019\/05\/27084734\/WhatsApp-Image-2019-05-25-at-11.53.21-576x1024.jpeg 576w, https:\/\/cdn.unasp.br\/noticias\/wp-content\/uploads\/2019\/05\/27084734\/WhatsApp-Image-2019-05-25-at-11.53.21-338x600.jpeg 338w, https:\/\/cdn.unasp.br\/noticias\/wp-content\/uploads\/2019\/05\/27084734\/WhatsApp-Image-2019-05-25-at-11.53.21-450x800.jpeg 450w, https:\/\/cdn.unasp.br\/noticias\/wp-content\/uploads\/2019\/05\/27084734\/WhatsApp-Image-2019-05-25-at-11.53.21-405x720.jpeg 405w, https:\/\/cdn.unasp.br\/noticias\/wp-content\/uploads\/2019\/05\/27084734\/WhatsApp-Image-2019-05-25-at-11.53.21-281x500.jpeg 281w, https:\/\/cdn.unasp.br\/noticias\/wp-content\/uploads\/2019\/05\/27084734\/WhatsApp-Image-2019-05-25-at-11.53.21-270x480.jpeg 270w, https:\/\/cdn.unasp.br\/noticias\/wp-content\/uploads\/2019\/05\/27084734\/WhatsApp-Image-2019-05-25-at-11.53.21-158x280.jpeg 158w, https:\/\/cdn.unasp.br\/noticias\/wp-content\/uploads\/2019\/05\/27084734\/WhatsApp-Image-2019-05-25-at-11.53.21-225x400.jpeg 225w, https:\/\/cdn.unasp.br\/noticias\/wp-content\/uploads\/2019\/05\/27084734\/WhatsApp-Image-2019-05-25-at-11.53.21-141x250.jpeg 141w, https:\/\/cdn.unasp.br\/noticias\/wp-content\/uploads\/2019\/05\/27084734\/WhatsApp-Image-2019-05-25-at-11.53.21-113x200.jpeg 113w, https:\/\/cdn.unasp.br\/noticias\/wp-content\/uploads\/2019\/05\/27084734\/WhatsApp-Image-2019-05-25-at-11.53.21-84x150.jpeg 84w, https:\/\/cdn.unasp.br\/noticias\/wp-content\/uploads\/2019\/05\/27084734\/WhatsApp-Image-2019-05-25-at-11.53.21.jpeg 720w\" sizes=\"(max-width: 169px) 100vw, 169px\" \/><\/a>\n\t\t\t<\/dt><\/dl><dl class='gallery-item'>\n\t\t\t<dt class='gallery-icon portrait'>\n\t\t\t\t<a href='https:\/\/unasp.br\/noticias\/universitarios-adventistas-entregam-livros-em-campanha-sul-americano-do-impacto-esperanca\/whatsapp-image-2019-05-25-at-11-49-37\/'><img loading=\"lazy\" decoding=\"async\" width=\"169\" height=\"300\" src=\"https:\/\/cdn.unasp.br\/noticias\/wp-content\/uploads\/2019\/05\/27084732\/WhatsApp-Image-2019-05-25-at-11.49.37-169x300.jpeg\" class=\"attachment-medium size-medium\" alt=\"\" srcset=\"https:\/\/cdn.unasp.br\/noticias\/wp-content\/uploads\/2019\/05\/27084732\/WhatsApp-Image-2019-05-25-at-11.49.37-169x300.jpeg 169w, https:\/\/cdn.unasp.br\/noticias\/wp-content\/uploads\/2019\/05\/27084732\/WhatsApp-Image-2019-05-25-at-11.49.37-576x1024.jpeg 576w, https:\/\/cdn.unasp.br\/noticias\/wp-content\/uploads\/2019\/05\/27084732\/WhatsApp-Image-2019-05-25-at-11.49.37-338x600.jpeg 338w, https:\/\/cdn.unasp.br\/noticias\/wp-content\/uploads\/2019\/05\/27084732\/WhatsApp-Image-2019-05-25-at-11.49.37-450x800.jpeg 450w, https:\/\/cdn.unasp.br\/noticias\/wp-content\/uploads\/2019\/05\/27084732\/WhatsApp-Image-2019-05-25-at-11.49.37-405x720.jpeg 405w, https:\/\/cdn.unasp.br\/noticias\/wp-content\/uploads\/2019\/05\/27084732\/WhatsApp-Image-2019-05-25-at-11.49.37-281x500.jpeg 281w, https:\/\/cdn.unasp.br\/noticias\/wp-content\/uploads\/2019\/05\/27084732\/WhatsApp-Image-2019-05-25-at-11.49.37-270x480.jpeg 270w, https:\/\/cdn.unasp.br\/noticias\/wp-content\/uploads\/2019\/05\/27084732\/WhatsApp-Image-2019-05-25-at-11.49.37-158x280.jpeg 158w, https:\/\/cdn.unasp.br\/noticias\/wp-content\/uploads\/2019\/05\/27084732\/WhatsApp-Image-2019-05-25-at-11.49.37-225x400.jpeg 225w, https:\/\/cdn.unasp.br\/noticias\/wp-content\/uploads\/2019\/05\/27084732\/WhatsApp-Image-2019-05-25-at-11.49.37-141x250.jpeg 141w, https:\/\/cdn.unasp.br\/noticias\/wp-content\/uploads\/2019\/05\/27084732\/WhatsApp-Image-2019-05-25-at-11.49.37-113x200.jpeg 113w, https:\/\/cdn.unasp.br\/noticias\/wp-content\/uploads\/2019\/05\/27084732\/WhatsApp-Image-2019-05-25-at-11.49.37-84x150.jpeg 84w, https:\/\/cdn.unasp.br\/noticias\/wp-content\/uploads\/2019\/05\/27084732\/WhatsApp-Image-2019-05-25-at-11.49.37.jpeg 720w\" sizes=\"(max-width: 169px) 100vw, 169px\" \/><\/a>\n\t\t\t<\/dt><\/dl><br style=\"clear: both\" \/>\n\t\t<\/div>\n\n","protected":false},"excerpt":{"rendered":"<p>Estudantes, professores e colaboradores dos tr\u00eas campi do Centro Universit\u00e1rio Adventista de S\u00e3o Paulo (Unasp) deixaram de [&hellip;]<\/p>\n","protected":false},"author":30,"featured_media":59813,"comment_status":"open","ping_status":"open","sticky":false,"template":"","format":"standard","meta":{"footnotes":""},"categories":[10],"tags":[],"yoast_head":"<!-- This site is optimized with the Yoast SEO plugin v23.5 - https:\/\/yoast.com\/wordpress\/plugins\/seo\/ -->\n<title>Universit\u00e1rios adventistas entregam livros em campanha sul-americano do Impacto Esperan\u00e7a - UNASP Noticias<\/title>\n<meta name=\"description\" content=\"Universit\u00e1rios, colaboradores e a comunidade dos tr\u00eas campi do Unasp participaram neste s\u00e1bado do Impacto Esperan\u00e7a em quatro cidades do estado de S\u00e3o Paulo\" \/>\n<meta name=\"robots\" content=\"index, follow, max-snippet:-1, max-image-preview:large, max-video-preview:-1\" \/>\n<link rel=\"canonical\" href=\"https:\/\/unasp.br\/noticias\/universitarios-adventistas-entregam-livros-em-campanha-sul-americano-do-impacto-esperanca\/\" \/>\n<meta property=\"og:locale\" content=\"pt_BR\" \/>\n<meta property=\"og:type\" content=\"article\" \/>\n<meta property=\"og:title\" content=\"Universit\u00e1rios adventistas entregam livros em campanha sul-americano do Impacto Esperan\u00e7a - UNASP Noticias\" \/>\n<meta property=\"og:description\" content=\"Universit\u00e1rios, colaboradores e a comunidade dos tr\u00eas campi do Unasp participaram neste s\u00e1bado do Impacto Esperan\u00e7a em quatro cidades do estado de S\u00e3o Paulo\" \/>\n<meta property=\"og:url\" content=\"https:\/\/unasp.br\/noticias\/universitarios-adventistas-entregam-livros-em-campanha-sul-americano-do-impacto-esperanca\/\" \/>\n<meta property=\"og:site_name\" content=\"UNASP Noticias\" \/>\n<meta property=\"article:published_time\" content=\"2019-05-27T14:34:28+00:00\" \/>\n<meta property=\"article:modified_time\" content=\"2019-05-27T14:49:34+00:00\" \/>\n<meta property=\"og:image\" content=\"https:\/\/cdn.unasp.br\/noticias\/wp-content\/uploads\/2019\/05\/27083037\/WhatsApp-Image-2019-05-25-at-11.40.18.jpeg\" \/>\n\t<meta property=\"og:image:width\" content=\"1280\" \/>\n\t<meta property=\"og:image:height\" content=\"853\" \/>\n\t<meta property=\"og:image:type\" content=\"image\/jpeg\" \/>\n<meta name=\"author\" content=\"Aira Almeida\" \/>\n<meta name=\"twitter:card\" content=\"summary_large_image\" \/>\n<meta name=\"twitter:label1\" content=\"Escrito por\" \/>\n\t<meta name=\"twitter:data1\" content=\"Aira Almeida\" \/>\n\t<meta name=\"twitter:label2\" content=\"Est. tempo de leitura\" \/>\n\t<meta name=\"twitter:data2\" content=\"6 minutos\" \/>\n<script type=\"application\/ld+json\" class=\"yoast-schema-graph\">{\"@context\":\"https:\/\/schema.org\",\"@graph\":[{\"@type\":\"Article\",\"@id\":\"https:\/\/unasp.br\/noticias\/universitarios-adventistas-entregam-livros-em-campanha-sul-americano-do-impacto-esperanca\/#article\",\"isPartOf\":{\"@id\":\"https:\/\/unasp.br\/noticias\/universitarios-adventistas-entregam-livros-em-campanha-sul-americano-do-impacto-esperanca\/\"},\"author\":{\"name\":\"Aira Almeida\",\"@id\":\"https:\/\/unasp.br\/noticias\/#\/schema\/person\/80f09a3ec674501e6bb13144ffa2489f\"},\"headline\":\"Universit\u00e1rios adventistas entregam livros em campanha sul-americano do Impacto Esperan\u00e7a\",\"datePublished\":\"2019-05-27T14:34:28+00:00\",\"dateModified\":\"2019-05-27T14:49:34+00:00\",\"mainEntityOfPage\":{\"@id\":\"https:\/\/unasp.br\/noticias\/universitarios-adventistas-entregam-livros-em-campanha-sul-americano-do-impacto-esperanca\/\"},\"wordCount\":1128,\"commentCount\":0,\"publisher\":{\"@id\":\"https:\/\/unasp.br\/noticias\/#organization\"},\"image\":{\"@id\":\"https:\/\/unasp.br\/noticias\/universitarios-adventistas-entregam-livros-em-campanha-sul-americano-do-impacto-esperanca\/#primaryimage\"},\"thumbnailUrl\":\"https:\/\/cdn.unasp.br\/noticias\/wp-content\/uploads\/2019\/05\/27083037\/WhatsApp-Image-2019-05-25-at-11.40.18.jpeg\",\"articleSection\":[\"Impacto Social\"],\"inLanguage\":\"pt-BR\",\"potentialAction\":[{\"@type\":\"CommentAction\",\"name\":\"Comment\",\"target\":[\"https:\/\/unasp.br\/noticias\/universitarios-adventistas-entregam-livros-em-campanha-sul-americano-do-impacto-esperanca\/#respond\"]}]},{\"@type\":\"WebPage\",\"@id\":\"https:\/\/unasp.br\/noticias\/universitarios-adventistas-entregam-livros-em-campanha-sul-americano-do-impacto-esperanca\/\",\"url\":\"https:\/\/unasp.br\/noticias\/universitarios-adventistas-entregam-livros-em-campanha-sul-americano-do-impacto-esperanca\/\",\"name\":\"Universit\u00e1rios adventistas entregam livros em campanha sul-americano do Impacto Esperan\u00e7a - UNASP Noticias\",\"isPartOf\":{\"@id\":\"https:\/\/unasp.br\/noticias\/#website\"},\"primaryImageOfPage\":{\"@id\":\"https:\/\/unasp.br\/noticias\/universitarios-adventistas-entregam-livros-em-campanha-sul-americano-do-impacto-esperanca\/#primaryimage\"},\"image\":{\"@id\":\"https:\/\/unasp.br\/noticias\/universitarios-adventistas-entregam-livros-em-campanha-sul-americano-do-impacto-esperanca\/#primaryimage\"},\"thumbnailUrl\":\"https:\/\/cdn.unasp.br\/noticias\/wp-content\/uploads\/2019\/05\/27083037\/WhatsApp-Image-2019-05-25-at-11.40.18.jpeg\",\"datePublished\":\"2019-05-27T14:34:28+00:00\",\"dateModified\":\"2019-05-27T14:49:34+00:00\",\"description\":\"Universit\u00e1rios, colaboradores e a comunidade dos tr\u00eas campi do Unasp participaram neste s\u00e1bado do Impacto Esperan\u00e7a em quatro cidades do estado de S\u00e3o Paulo\",\"breadcrumb\":{\"@id\":\"https:\/\/unasp.br\/noticias\/universitarios-adventistas-entregam-livros-em-campanha-sul-americano-do-impacto-esperanca\/#breadcrumb\"},\"inLanguage\":\"pt-BR\",\"potentialAction\":[{\"@type\":\"ReadAction\",\"target\":[\"https:\/\/unasp.br\/noticias\/universitarios-adventistas-entregam-livros-em-campanha-sul-americano-do-impacto-esperanca\/\"]}]},{\"@type\":\"ImageObject\",\"inLanguage\":\"pt-BR\",\"@id\":\"https:\/\/unasp.br\/noticias\/universitarios-adventistas-entregam-livros-em-campanha-sul-americano-do-impacto-esperanca\/#primaryimage\",\"url\":\"https:\/\/cdn.unasp.br\/noticias\/wp-content\/uploads\/2019\/05\/27083037\/WhatsApp-Image-2019-05-25-at-11.40.18.jpeg\",\"contentUrl\":\"https:\/\/cdn.unasp.br\/noticias\/wp-content\/uploads\/2019\/05\/27083037\/WhatsApp-Image-2019-05-25-at-11.40.18.jpeg\",\"width\":1280,\"height\":853},{\"@type\":\"BreadcrumbList\",\"@id\":\"https:\/\/unasp.br\/noticias\/universitarios-adventistas-entregam-livros-em-campanha-sul-americano-do-impacto-esperanca\/#breadcrumb\",\"itemListElement\":[{\"@type\":\"ListItem\",\"position\":1,\"name\":\"In\u00edcio\",\"item\":\"https:\/\/unasp.br\/noticias\/\"},{\"@type\":\"ListItem\",\"position\":2,\"name\":\"Universit\u00e1rios adventistas entregam livros em campanha sul-americano do Impacto Esperan\u00e7a\"}]},{\"@type\":\"WebSite\",\"@id\":\"https:\/\/unasp.br\/noticias\/#website\",\"url\":\"https:\/\/unasp.br\/noticias\/\",\"name\":\"UNASP Noticias\",\"description\":\"Centro Universit\u00e1rio Adventista de S\u00e3o Paulo\",\"publisher\":{\"@id\":\"https:\/\/unasp.br\/noticias\/#organization\"},\"potentialAction\":[{\"@type\":\"SearchAction\",\"target\":{\"@type\":\"EntryPoint\",\"urlTemplate\":\"https:\/\/unasp.br\/noticias\/?s={search_term_string}\"},\"query-input\":{\"@type\":\"PropertyValueSpecification\",\"valueRequired\":true,\"valueName\":\"search_term_string\"}}],\"inLanguage\":\"pt-BR\"},{\"@type\":\"Organization\",\"@id\":\"https:\/\/unasp.br\/noticias\/#organization\",\"name\":\"UNASP Noticias\",\"url\":\"https:\/\/unasp.br\/noticias\/\",\"logo\":{\"@type\":\"ImageObject\",\"inLanguage\":\"pt-BR\",\"@id\":\"https:\/\/unasp.br\/noticias\/#\/schema\/logo\/image\/\",\"url\":\"https:\/\/cdn.unasp.br\/noticias\/wp-content\/uploads\/2021\/09\/09152724\/logo-unasp-news.png\",\"contentUrl\":\"https:\/\/cdn.unasp.br\/noticias\/wp-content\/uploads\/2021\/09\/09152724\/logo-unasp-news.png\",\"width\":240,\"height\":41,\"caption\":\"UNASP Noticias\"},\"image\":{\"@id\":\"https:\/\/unasp.br\/noticias\/#\/schema\/logo\/image\/\"}},{\"@type\":\"Person\",\"@id\":\"https:\/\/unasp.br\/noticias\/#\/schema\/person\/80f09a3ec674501e6bb13144ffa2489f\",\"name\":\"Aira Almeida\",\"image\":{\"@type\":\"ImageObject\",\"inLanguage\":\"pt-BR\",\"@id\":\"https:\/\/unasp.br\/noticias\/#\/schema\/person\/image\/\",\"url\":\"https:\/\/secure.gravatar.com\/avatar\/e30ea867fdd5a41ec6a0cb350dcd108e?s=96&d=mm&r=g\",\"contentUrl\":\"https:\/\/secure.gravatar.com\/avatar\/e30ea867fdd5a41ec6a0cb350dcd108e?s=96&d=mm&r=g\",\"caption\":\"Aira Almeida\"},\"url\":\"https:\/\/unasp.br\/noticias\/author\/aira-almeidaedu-unasp-br\/\"}]}<\/script>\n<!-- \/ Yoast SEO plugin. -->","yoast_head_json":{"title":"Universit\u00e1rios adventistas entregam livros em campanha sul-americano do Impacto Esperan\u00e7a - UNASP Noticias","description":"Universit\u00e1rios, colaboradores e a comunidade dos tr\u00eas campi do Unasp participaram neste s\u00e1bado do Impacto Esperan\u00e7a em quatro cidades do estado de S\u00e3o Paulo","robots":{"index":"index","follow":"follow","max-snippet":"max-snippet:-1","max-image-preview":"max-image-preview:large","max-video-preview":"max-video-preview:-1"},"canonical":"https:\/\/unasp.br\/noticias\/universitarios-adventistas-entregam-livros-em-campanha-sul-americano-do-impacto-esperanca\/","og_locale":"pt_BR","og_type":"article","og_title":"Universit\u00e1rios adventistas entregam livros em campanha sul-americano do Impacto Esperan\u00e7a - UNASP Noticias","og_description":"Universit\u00e1rios, colaboradores e a comunidade dos tr\u00eas campi do Unasp participaram neste s\u00e1bado do Impacto Esperan\u00e7a em quatro cidades do estado de S\u00e3o Paulo","og_url":"https:\/\/unasp.br\/noticias\/universitarios-adventistas-entregam-livros-em-campanha-sul-americano-do-impacto-esperanca\/","og_site_name":"UNASP Noticias","article_published_time":"2019-05-27T14:34:28+00:00","article_modified_time":"2019-05-27T14:49:34+00:00","og_image":[{"width":1280,"height":853,"url":"https:\/\/cdn.unasp.br\/noticias\/wp-content\/uploads\/2019\/05\/27083037\/WhatsApp-Image-2019-05-25-at-11.40.18.jpeg","type":"image\/jpeg"}],"author":"Aira Almeida","twitter_card":"summary_large_image","twitter_misc":{"Escrito por":"Aira Almeida","Est. tempo de leitura":"6 minutos"},"schema":{"@context":"https:\/\/schema.org","@graph":[{"@type":"Article","@id":"https:\/\/unasp.br\/noticias\/universitarios-adventistas-entregam-livros-em-campanha-sul-americano-do-impacto-esperanca\/#article","isPartOf":{"@id":"https:\/\/unasp.br\/noticias\/universitarios-adventistas-entregam-livros-em-campanha-sul-americano-do-impacto-esperanca\/"},"author":{"name":"Aira Almeida","@id":"https:\/\/unasp.br\/noticias\/#\/schema\/person\/80f09a3ec674501e6bb13144ffa2489f"},"headline":"Universit\u00e1rios adventistas entregam livros em campanha sul-americano do Impacto Esperan\u00e7a","datePublished":"2019-05-27T14:34:28+00:00","dateModified":"2019-05-27T14:49:34+00:00","mainEntityOfPage":{"@id":"https:\/\/unasp.br\/noticias\/universitarios-adventistas-entregam-livros-em-campanha-sul-americano-do-impacto-esperanca\/"},"wordCount":1128,"commentCount":0,"publisher":{"@id":"https:\/\/unasp.br\/noticias\/#organization"},"image":{"@id":"https:\/\/unasp.br\/noticias\/universitarios-adventistas-entregam-livros-em-campanha-sul-americano-do-impacto-esperanca\/#primaryimage"},"thumbnailUrl":"https:\/\/cdn.unasp.br\/noticias\/wp-content\/uploads\/2019\/05\/27083037\/WhatsApp-Image-2019-05-25-at-11.40.18.jpeg","articleSection":["Impacto Social"],"inLanguage":"pt-BR","potentialAction":[{"@type":"CommentAction","name":"Comment","target":["https:\/\/unasp.br\/noticias\/universitarios-adventistas-entregam-livros-em-campanha-sul-americano-do-impacto-esperanca\/#respond"]}]},{"@type":"WebPage","@id":"https:\/\/unasp.br\/noticias\/universitarios-adventistas-entregam-livros-em-campanha-sul-americano-do-impacto-esperanca\/","url":"https:\/\/unasp.br\/noticias\/universitarios-adventistas-entregam-livros-em-campanha-sul-americano-do-impacto-esperanca\/","name":"Universit\u00e1rios adventistas entregam livros em campanha sul-americano do Impacto Esperan\u00e7a - UNASP Noticias","isPartOf":{"@id":"https:\/\/unasp.br\/noticias\/#website"},"primaryImageOfPage":{"@id":"https:\/\/unasp.br\/noticias\/universitarios-adventistas-entregam-livros-em-campanha-sul-americano-do-impacto-esperanca\/#primaryimage"},"image":{"@id":"https:\/\/unasp.br\/noticias\/universitarios-adventistas-entregam-livros-em-campanha-sul-americano-do-impacto-esperanca\/#primaryimage"},"thumbnailUrl":"https:\/\/cdn.unasp.br\/noticias\/wp-content\/uploads\/2019\/05\/27083037\/WhatsApp-Image-2019-05-25-at-11.40.18.jpeg","datePublished":"2019-05-27T14:34:28+00:00","dateModified":"2019-05-27T14:49:34+00:00","description":"Universit\u00e1rios, colaboradores e a comunidade dos tr\u00eas campi do Unasp participaram neste s\u00e1bado do Impacto Esperan\u00e7a em quatro cidades do estado de S\u00e3o Paulo","breadcrumb":{"@id":"https:\/\/unasp.br\/noticias\/universitarios-adventistas-entregam-livros-em-campanha-sul-americano-do-impacto-esperanca\/#breadcrumb"},"inLanguage":"pt-BR","potentialAction":[{"@type":"ReadAction","target":["https:\/\/unasp.br\/noticias\/universitarios-adventistas-entregam-livros-em-campanha-sul-americano-do-impacto-esperanca\/"]}]},{"@type":"ImageObject","inLanguage":"pt-BR","@id":"https:\/\/unasp.br\/noticias\/universitarios-adventistas-entregam-livros-em-campanha-sul-americano-do-impacto-esperanca\/#primaryimage","url":"https:\/\/cdn.unasp.br\/noticias\/wp-content\/uploads\/2019\/05\/27083037\/WhatsApp-Image-2019-05-25-at-11.40.18.jpeg","contentUrl":"https:\/\/cdn.unasp.br\/noticias\/wp-content\/uploads\/2019\/05\/27083037\/WhatsApp-Image-2019-05-25-at-11.40.18.jpeg","width":1280,"height":853},{"@type":"BreadcrumbList","@id":"https:\/\/unasp.br\/noticias\/universitarios-adventistas-entregam-livros-em-campanha-sul-americano-do-impacto-esperanca\/#breadcrumb","itemListElement":[{"@type":"ListItem","position":1,"name":"In\u00edcio","item":"https:\/\/unasp.br\/noticias\/"},{"@type":"ListItem","position":2,"name":"Universit\u00e1rios adventistas entregam livros em campanha sul-americano do Impacto Esperan\u00e7a"}]},{"@type":"WebSite","@id":"https:\/\/unasp.br\/noticias\/#website","url":"https:\/\/unasp.br\/noticias\/","name":"UNASP Noticias","description":"Centro Universit\u00e1rio Adventista de S\u00e3o Paulo","publisher":{"@id":"https:\/\/unasp.br\/noticias\/#organization"},"potentialAction":[{"@type":"SearchAction","target":{"@type":"EntryPoint","urlTemplate":"https:\/\/unasp.br\/noticias\/?s={search_term_string}"},"query-input":{"@type":"PropertyValueSpecification","valueRequired":true,"valueName":"search_term_string"}}],"inLanguage":"pt-BR"},{"@type":"Organization","@id":"https:\/\/unasp.br\/noticias\/#organization","name":"UNASP Noticias","url":"https:\/\/unasp.br\/noticias\/","logo":{"@type":"ImageObject","inLanguage":"pt-BR","@id":"https:\/\/unasp.br\/noticias\/#\/schema\/logo\/image\/","url":"https:\/\/cdn.unasp.br\/noticias\/wp-content\/uploads\/2021\/09\/09152724\/logo-unasp-news.png","contentUrl":"https:\/\/cdn.unasp.br\/noticias\/wp-content\/uploads\/2021\/09\/09152724\/logo-unasp-news.png","width":240,"height":41,"caption":"UNASP Noticias"},"image":{"@id":"https:\/\/unasp.br\/noticias\/#\/schema\/logo\/image\/"}},{"@type":"Person","@id":"https:\/\/unasp.br\/noticias\/#\/schema\/person\/80f09a3ec674501e6bb13144ffa2489f","name":"Aira Almeida","image":{"@type":"ImageObject","inLanguage":"pt-BR","@id":"https:\/\/unasp.br\/noticias\/#\/schema\/person\/image\/","url":"https:\/\/secure.gravatar.com\/avatar\/e30ea867fdd5a41ec6a0cb350dcd108e?s=96&d=mm&r=g","contentUrl":"https:\/\/secure.gravatar.com\/avatar\/e30ea867fdd5a41ec6a0cb350dcd108e?s=96&d=mm&r=g","caption":"Aira Almeida"},"url":"https:\/\/unasp.br\/noticias\/author\/aira-almeidaedu-unasp-br\/"}]}},"_links":{"self":[{"href":"https:\/\/unasp.br\/noticias\/wp-json\/wp\/v2\/posts\/59812"}],"collection":[{"href":"https:\/\/unasp.br\/noticias\/wp-json\/wp\/v2\/posts"}],"about":[{"href":"https:\/\/unasp.br\/noticias\/wp-json\/wp\/v2\/types\/post"}],"author":[{"embeddable":true,"href":"https:\/\/unasp.br\/noticias\/wp-json\/wp\/v2\/users\/30"}],"replies":[{"embeddable":true,"href":"https:\/\/unasp.br\/noticias\/wp-json\/wp\/v2\/comments?post=59812"}],"version-history":[{"count":3,"href":"https:\/\/unasp.br\/noticias\/wp-json\/wp\/v2\/posts\/59812\/revisions"}],"predecessor-version":[{"id":59831,"href":"https:\/\/unasp.br\/noticias\/wp-json\/wp\/v2\/posts\/59812\/revisions\/59831"}],"wp:featuredmedia":[{"embeddable":true,"href":"https:\/\/unasp.br\/noticias\/wp-json\/wp\/v2\/media\/59813"}],"wp:attachment":[{"href":"https:\/\/unasp.br\/noticias\/wp-json\/wp\/v2\/media?parent=59812"}],"wp:term":[{"taxonomy":"category","embeddable":true,"href":"https:\/\/unasp.br\/noticias\/wp-json\/wp\/v2\/categories?post=59812"},{"taxonomy":"post_tag","embeddable":true,"href":"https:\/\/unasp.br\/noticias\/wp-json\/wp\/v2\/tags?post=59812"}],"curies":[{"name":"wp","href":"https:\/\/api.w.org\/{rel}","templated":true}]}}