{"id":59833,"date":"2019-05-27T18:18:23","date_gmt":"2019-05-27T21:18:23","guid":{"rendered":"https:\/\/www.unasp.br\/noticias\/?p=59833"},"modified":"2019-05-27T18:18:23","modified_gmt":"2019-05-27T21:18:23","slug":"alunos-e-funcionarios-do-unasp-hortolandia-ajudam-familias-de-capivari-e-rafard","status":"publish","type":"post","link":"https:\/\/unasp.br\/noticias\/alunos-e-funcionarios-do-unasp-hortolandia-ajudam-familias-de-capivari-e-rafard\/","title":{"rendered":"Alunos e funcion\u00e1rios do Unasp Hortol\u00e2ndia ajudam fam\u00edlias de Capivari e Rafard"},"content":{"rendered":"<p>Neste s\u00e1bado, 25 de maio, mais de 800 pessoas, entre alunos, professores, funcion\u00e1rios e comunidade escolar, realizaram uma a\u00e7\u00e3o social nas cidades de Capivari e Rafard. Foram v\u00e1rias iniciativas como: feira de sa\u00fade, apresenta\u00e7\u00f5es musicais e a entrega de mais de 15 mil livros <a href=\"http:\/\/livro.esperanca.com.br\/esperanca-para-a-familia\/\"><em>Esperan\u00e7a para a Fam\u00edlia<\/em><\/a> para os moradores de ambas cidades.<\/p>\n<p>Se voc\u00ea quiser pode ter uma c\u00f3pia digital do livro <a href=\"http:\/\/livro.esperanca.com.br\/esperanca-para-a-familia\/\">Esperan\u00e7a para a Fam\u00edlia, clicando aqui<\/a>.<\/p>\n<p>Confira como aconteceu esse projeto, assistindo o v\u00eddeo abaixo:<\/p>\n<p><iframe loading=\"lazy\" src=\"https:\/\/www.youtube.com\/embed\/qph6OxDa51s\" width=\"560\" height=\"315\" frameborder=\"0\" allowfullscreen=\"allowfullscreen\"><\/iframe><\/p>\n<p>&nbsp;<\/p>\n","protected":false},"excerpt":{"rendered":"<p>Neste s\u00e1bado, 25 de maio, mais de 800 pessoas, entre alunos, professores, funcion\u00e1rios e comunidade escolar, realizaram [&hellip;]<\/p>\n","protected":false},"author":73,"featured_media":59834,"comment_status":"open","ping_status":"open","sticky":false,"template":"","format":"standard","meta":{"footnotes":""},"categories":[10],"tags":[],"yoast_head":"<!-- This site is optimized with the Yoast SEO plugin v23.5 - https:\/\/yoast.com\/wordpress\/plugins\/seo\/ -->\n<title>Alunos e funcion\u00e1rios do Unasp Hortol\u00e2ndia ajudam fam\u00edlias de Capivari e Rafard - UNASP Noticias<\/title>\n<meta name=\"robots\" content=\"index, follow, max-snippet:-1, max-image-preview:large, max-video-preview:-1\" \/>\n<link rel=\"canonical\" href=\"https:\/\/unasp.br\/noticias\/alunos-e-funcionarios-do-unasp-hortolandia-ajudam-familias-de-capivari-e-rafard\/\" \/>\n<meta property=\"og:locale\" content=\"pt_BR\" \/>\n<meta property=\"og:type\" content=\"article\" \/>\n<meta property=\"og:title\" content=\"Alunos e funcion\u00e1rios do Unasp Hortol\u00e2ndia ajudam fam\u00edlias de Capivari e Rafard - UNASP Noticias\" \/>\n<meta property=\"og:description\" content=\"Neste s\u00e1bado, 25 de maio, mais de 800 pessoas, entre alunos, professores, funcion\u00e1rios e comunidade escolar, realizaram [&hellip;]\" \/>\n<meta property=\"og:url\" content=\"https:\/\/unasp.br\/noticias\/alunos-e-funcionarios-do-unasp-hortolandia-ajudam-familias-de-capivari-e-rafard\/\" \/>\n<meta property=\"og:site_name\" content=\"UNASP Noticias\" \/>\n<meta property=\"article:published_time\" content=\"2019-05-27T21:18:23+00:00\" \/>\n<meta property=\"og:image\" content=\"https:\/\/cdn.unasp.br\/noticias\/wp-content\/uploads\/2019\/05\/27151731\/Captura-de-Tela-2019-05-27-a%CC%80s-18.16.42.png\" \/>\n\t<meta property=\"og:image:width\" content=\"1019\" \/>\n\t<meta property=\"og:image:height\" content=\"656\" \/>\n\t<meta property=\"og:image:type\" content=\"image\/png\" \/>\n<meta name=\"author\" content=\"Maria da Gl\u00f3ria Marques de Paula Barreto\" \/>\n<meta name=\"twitter:card\" content=\"summary_large_image\" \/>\n<meta name=\"twitter:label1\" content=\"Escrito por\" \/>\n\t<meta name=\"twitter:data1\" content=\"Maria da Gl\u00f3ria Marques de Paula Barreto\" \/>\n<script type=\"application\/ld+json\" class=\"yoast-schema-graph\">{\"@context\":\"https:\/\/schema.org\",\"@graph\":[{\"@type\":\"Article\",\"@id\":\"https:\/\/unasp.br\/noticias\/alunos-e-funcionarios-do-unasp-hortolandia-ajudam-familias-de-capivari-e-rafard\/#article\",\"isPartOf\":{\"@id\":\"https:\/\/unasp.br\/noticias\/alunos-e-funcionarios-do-unasp-hortolandia-ajudam-familias-de-capivari-e-rafard\/\"},\"author\":{\"name\":\"Maria da Gl\u00f3ria Marques de Paula Barreto\",\"@id\":\"https:\/\/unasp.br\/noticias\/#\/schema\/person\/f3393a032491eabc46fadb3656375334\"},\"headline\":\"Alunos e funcion\u00e1rios do Unasp Hortol\u00e2ndia ajudam fam\u00edlias de Capivari e Rafard\",\"datePublished\":\"2019-05-27T21:18:23+00:00\",\"dateModified\":\"2019-05-27T21:18:23+00:00\",\"mainEntityOfPage\":{\"@id\":\"https:\/\/unasp.br\/noticias\/alunos-e-funcionarios-do-unasp-hortolandia-ajudam-familias-de-capivari-e-rafard\/\"},\"wordCount\":104,\"commentCount\":0,\"publisher\":{\"@id\":\"https:\/\/unasp.br\/noticias\/#organization\"},\"image\":{\"@id\":\"https:\/\/unasp.br\/noticias\/alunos-e-funcionarios-do-unasp-hortolandia-ajudam-familias-de-capivari-e-rafard\/#primaryimage\"},\"thumbnailUrl\":\"https:\/\/cdn.unasp.br\/noticias\/wp-content\/uploads\/2019\/05\/27151731\/Captura-de-Tela-2019-05-27-a%CC%80s-18.16.42.png\",\"articleSection\":[\"Impacto Social\"],\"inLanguage\":\"pt-BR\",\"potentialAction\":[{\"@type\":\"CommentAction\",\"name\":\"Comment\",\"target\":[\"https:\/\/unasp.br\/noticias\/alunos-e-funcionarios-do-unasp-hortolandia-ajudam-familias-de-capivari-e-rafard\/#respond\"]}]},{\"@type\":\"WebPage\",\"@id\":\"https:\/\/unasp.br\/noticias\/alunos-e-funcionarios-do-unasp-hortolandia-ajudam-familias-de-capivari-e-rafard\/\",\"url\":\"https:\/\/unasp.br\/noticias\/alunos-e-funcionarios-do-unasp-hortolandia-ajudam-familias-de-capivari-e-rafard\/\",\"name\":\"Alunos e funcion\u00e1rios do Unasp Hortol\u00e2ndia ajudam fam\u00edlias de Capivari e Rafard - UNASP Noticias\",\"isPartOf\":{\"@id\":\"https:\/\/unasp.br\/noticias\/#website\"},\"primaryImageOfPage\":{\"@id\":\"https:\/\/unasp.br\/noticias\/alunos-e-funcionarios-do-unasp-hortolandia-ajudam-familias-de-capivari-e-rafard\/#primaryimage\"},\"image\":{\"@id\":\"https:\/\/unasp.br\/noticias\/alunos-e-funcionarios-do-unasp-hortolandia-ajudam-familias-de-capivari-e-rafard\/#primaryimage\"},\"thumbnailUrl\":\"https:\/\/cdn.unasp.br\/noticias\/wp-content\/uploads\/2019\/05\/27151731\/Captura-de-Tela-2019-05-27-a%CC%80s-18.16.42.png\",\"datePublished\":\"2019-05-27T21:18:23+00:00\",\"dateModified\":\"2019-05-27T21:18:23+00:00\",\"breadcrumb\":{\"@id\":\"https:\/\/unasp.br\/noticias\/alunos-e-funcionarios-do-unasp-hortolandia-ajudam-familias-de-capivari-e-rafard\/#breadcrumb\"},\"inLanguage\":\"pt-BR\",\"potentialAction\":[{\"@type\":\"ReadAction\",\"target\":[\"https:\/\/unasp.br\/noticias\/alunos-e-funcionarios-do-unasp-hortolandia-ajudam-familias-de-capivari-e-rafard\/\"]}]},{\"@type\":\"ImageObject\",\"inLanguage\":\"pt-BR\",\"@id\":\"https:\/\/unasp.br\/noticias\/alunos-e-funcionarios-do-unasp-hortolandia-ajudam-familias-de-capivari-e-rafard\/#primaryimage\",\"url\":\"https:\/\/cdn.unasp.br\/noticias\/wp-content\/uploads\/2019\/05\/27151731\/Captura-de-Tela-2019-05-27-a%CC%80s-18.16.42.png\",\"contentUrl\":\"https:\/\/cdn.unasp.br\/noticias\/wp-content\/uploads\/2019\/05\/27151731\/Captura-de-Tela-2019-05-27-a%CC%80s-18.16.42.png\",\"width\":1019,\"height\":656},{\"@type\":\"BreadcrumbList\",\"@id\":\"https:\/\/unasp.br\/noticias\/alunos-e-funcionarios-do-unasp-hortolandia-ajudam-familias-de-capivari-e-rafard\/#breadcrumb\",\"itemListElement\":[{\"@type\":\"ListItem\",\"position\":1,\"name\":\"In\u00edcio\",\"item\":\"https:\/\/unasp.br\/noticias\/\"},{\"@type\":\"ListItem\",\"position\":2,\"name\":\"Alunos e funcion\u00e1rios do Unasp Hortol\u00e2ndia ajudam fam\u00edlias de Capivari e Rafard\"}]},{\"@type\":\"WebSite\",\"@id\":\"https:\/\/unasp.br\/noticias\/#website\",\"url\":\"https:\/\/unasp.br\/noticias\/\",\"name\":\"UNASP Noticias\",\"description\":\"Centro Universit\u00e1rio Adventista de S\u00e3o Paulo\",\"publisher\":{\"@id\":\"https:\/\/unasp.br\/noticias\/#organization\"},\"potentialAction\":[{\"@type\":\"SearchAction\",\"target\":{\"@type\":\"EntryPoint\",\"urlTemplate\":\"https:\/\/unasp.br\/noticias\/?s={search_term_string}\"},\"query-input\":{\"@type\":\"PropertyValueSpecification\",\"valueRequired\":true,\"valueName\":\"search_term_string\"}}],\"inLanguage\":\"pt-BR\"},{\"@type\":\"Organization\",\"@id\":\"https:\/\/unasp.br\/noticias\/#organization\",\"name\":\"UNASP Noticias\",\"url\":\"https:\/\/unasp.br\/noticias\/\",\"logo\":{\"@type\":\"ImageObject\",\"inLanguage\":\"pt-BR\",\"@id\":\"https:\/\/unasp.br\/noticias\/#\/schema\/logo\/image\/\",\"url\":\"https:\/\/cdn.unasp.br\/noticias\/wp-content\/uploads\/2021\/09\/09152724\/logo-unasp-news.png\",\"contentUrl\":\"https:\/\/cdn.unasp.br\/noticias\/wp-content\/uploads\/2021\/09\/09152724\/logo-unasp-news.png\",\"width\":240,\"height\":41,\"caption\":\"UNASP Noticias\"},\"image\":{\"@id\":\"https:\/\/unasp.br\/noticias\/#\/schema\/logo\/image\/\"}},{\"@type\":\"Person\",\"@id\":\"https:\/\/unasp.br\/noticias\/#\/schema\/person\/f3393a032491eabc46fadb3656375334\",\"name\":\"Maria da Gl\u00f3ria Marques de Paula Barreto\",\"image\":{\"@type\":\"ImageObject\",\"inLanguage\":\"pt-BR\",\"@id\":\"https:\/\/unasp.br\/noticias\/#\/schema\/person\/image\/\",\"url\":\"https:\/\/secure.gravatar.com\/avatar\/3c23babfa2a847f4ce1e1403fe341fa3?s=96&d=mm&r=g\",\"contentUrl\":\"https:\/\/secure.gravatar.com\/avatar\/3c23babfa2a847f4ce1e1403fe341fa3?s=96&d=mm&r=g\",\"caption\":\"Maria da Gl\u00f3ria Marques de Paula Barreto\"},\"url\":\"https:\/\/unasp.br\/noticias\/author\/gloria-barretoadventistas-org\/\"}]}<\/script>\n<!-- \/ Yoast SEO plugin. -->","yoast_head_json":{"title":"Alunos e funcion\u00e1rios do Unasp Hortol\u00e2ndia ajudam fam\u00edlias de Capivari e Rafard - UNASP Noticias","robots":{"index":"index","follow":"follow","max-snippet":"max-snippet:-1","max-image-preview":"max-image-preview:large","max-video-preview":"max-video-preview:-1"},"canonical":"https:\/\/unasp.br\/noticias\/alunos-e-funcionarios-do-unasp-hortolandia-ajudam-familias-de-capivari-e-rafard\/","og_locale":"pt_BR","og_type":"article","og_title":"Alunos e funcion\u00e1rios do Unasp Hortol\u00e2ndia ajudam fam\u00edlias de Capivari e Rafard - UNASP Noticias","og_description":"Neste s\u00e1bado, 25 de maio, mais de 800 pessoas, entre alunos, professores, funcion\u00e1rios e comunidade escolar, realizaram [&hellip;]","og_url":"https:\/\/unasp.br\/noticias\/alunos-e-funcionarios-do-unasp-hortolandia-ajudam-familias-de-capivari-e-rafard\/","og_site_name":"UNASP Noticias","article_published_time":"2019-05-27T21:18:23+00:00","og_image":[{"width":1019,"height":656,"url":"https:\/\/cdn.unasp.br\/noticias\/wp-content\/uploads\/2019\/05\/27151731\/Captura-de-Tela-2019-05-27-a%CC%80s-18.16.42.png","type":"image\/png"}],"author":"Maria da Gl\u00f3ria Marques de Paula Barreto","twitter_card":"summary_large_image","twitter_misc":{"Escrito por":"Maria da Gl\u00f3ria Marques de Paula Barreto"},"schema":{"@context":"https:\/\/schema.org","@graph":[{"@type":"Article","@id":"https:\/\/unasp.br\/noticias\/alunos-e-funcionarios-do-unasp-hortolandia-ajudam-familias-de-capivari-e-rafard\/#article","isPartOf":{"@id":"https:\/\/unasp.br\/noticias\/alunos-e-funcionarios-do-unasp-hortolandia-ajudam-familias-de-capivari-e-rafard\/"},"author":{"name":"Maria da Gl\u00f3ria Marques de Paula Barreto","@id":"https:\/\/unasp.br\/noticias\/#\/schema\/person\/f3393a032491eabc46fadb3656375334"},"headline":"Alunos e funcion\u00e1rios do Unasp Hortol\u00e2ndia ajudam fam\u00edlias de Capivari e Rafard","datePublished":"2019-05-27T21:18:23+00:00","dateModified":"2019-05-27T21:18:23+00:00","mainEntityOfPage":{"@id":"https:\/\/unasp.br\/noticias\/alunos-e-funcionarios-do-unasp-hortolandia-ajudam-familias-de-capivari-e-rafard\/"},"wordCount":104,"commentCount":0,"publisher":{"@id":"https:\/\/unasp.br\/noticias\/#organization"},"image":{"@id":"https:\/\/unasp.br\/noticias\/alunos-e-funcionarios-do-unasp-hortolandia-ajudam-familias-de-capivari-e-rafard\/#primaryimage"},"thumbnailUrl":"https:\/\/cdn.unasp.br\/noticias\/wp-content\/uploads\/2019\/05\/27151731\/Captura-de-Tela-2019-05-27-a%CC%80s-18.16.42.png","articleSection":["Impacto Social"],"inLanguage":"pt-BR","potentialAction":[{"@type":"CommentAction","name":"Comment","target":["https:\/\/unasp.br\/noticias\/alunos-e-funcionarios-do-unasp-hortolandia-ajudam-familias-de-capivari-e-rafard\/#respond"]}]},{"@type":"WebPage","@id":"https:\/\/unasp.br\/noticias\/alunos-e-funcionarios-do-unasp-hortolandia-ajudam-familias-de-capivari-e-rafard\/","url":"https:\/\/unasp.br\/noticias\/alunos-e-funcionarios-do-unasp-hortolandia-ajudam-familias-de-capivari-e-rafard\/","name":"Alunos e funcion\u00e1rios do Unasp Hortol\u00e2ndia ajudam fam\u00edlias de Capivari e Rafard - UNASP Noticias","isPartOf":{"@id":"https:\/\/unasp.br\/noticias\/#website"},"primaryImageOfPage":{"@id":"https:\/\/unasp.br\/noticias\/alunos-e-funcionarios-do-unasp-hortolandia-ajudam-familias-de-capivari-e-rafard\/#primaryimage"},"image":{"@id":"https:\/\/unasp.br\/noticias\/alunos-e-funcionarios-do-unasp-hortolandia-ajudam-familias-de-capivari-e-rafard\/#primaryimage"},"thumbnailUrl":"https:\/\/cdn.unasp.br\/noticias\/wp-content\/uploads\/2019\/05\/27151731\/Captura-de-Tela-2019-05-27-a%CC%80s-18.16.42.png","datePublished":"2019-05-27T21:18:23+00:00","dateModified":"2019-05-27T21:18:23+00:00","breadcrumb":{"@id":"https:\/\/unasp.br\/noticias\/alunos-e-funcionarios-do-unasp-hortolandia-ajudam-familias-de-capivari-e-rafard\/#breadcrumb"},"inLanguage":"pt-BR","potentialAction":[{"@type":"ReadAction","target":["https:\/\/unasp.br\/noticias\/alunos-e-funcionarios-do-unasp-hortolandia-ajudam-familias-de-capivari-e-rafard\/"]}]},{"@type":"ImageObject","inLanguage":"pt-BR","@id":"https:\/\/unasp.br\/noticias\/alunos-e-funcionarios-do-unasp-hortolandia-ajudam-familias-de-capivari-e-rafard\/#primaryimage","url":"https:\/\/cdn.unasp.br\/noticias\/wp-content\/uploads\/2019\/05\/27151731\/Captura-de-Tela-2019-05-27-a%CC%80s-18.16.42.png","contentUrl":"https:\/\/cdn.unasp.br\/noticias\/wp-content\/uploads\/2019\/05\/27151731\/Captura-de-Tela-2019-05-27-a%CC%80s-18.16.42.png","width":1019,"height":656},{"@type":"BreadcrumbList","@id":"https:\/\/unasp.br\/noticias\/alunos-e-funcionarios-do-unasp-hortolandia-ajudam-familias-de-capivari-e-rafard\/#breadcrumb","itemListElement":[{"@type":"ListItem","position":1,"name":"In\u00edcio","item":"https:\/\/unasp.br\/noticias\/"},{"@type":"ListItem","position":2,"name":"Alunos e funcion\u00e1rios do Unasp Hortol\u00e2ndia ajudam fam\u00edlias de Capivari e Rafard"}]},{"@type":"WebSite","@id":"https:\/\/unasp.br\/noticias\/#website","url":"https:\/\/unasp.br\/noticias\/","name":"UNASP Noticias","description":"Centro Universit\u00e1rio Adventista de S\u00e3o Paulo","publisher":{"@id":"https:\/\/unasp.br\/noticias\/#organization"},"potentialAction":[{"@type":"SearchAction","target":{"@type":"EntryPoint","urlTemplate":"https:\/\/unasp.br\/noticias\/?s={search_term_string}"},"query-input":{"@type":"PropertyValueSpecification","valueRequired":true,"valueName":"search_term_string"}}],"inLanguage":"pt-BR"},{"@type":"Organization","@id":"https:\/\/unasp.br\/noticias\/#organization","name":"UNASP Noticias","url":"https:\/\/unasp.br\/noticias\/","logo":{"@type":"ImageObject","inLanguage":"pt-BR","@id":"https:\/\/unasp.br\/noticias\/#\/schema\/logo\/image\/","url":"https:\/\/cdn.unasp.br\/noticias\/wp-content\/uploads\/2021\/09\/09152724\/logo-unasp-news.png","contentUrl":"https:\/\/cdn.unasp.br\/noticias\/wp-content\/uploads\/2021\/09\/09152724\/logo-unasp-news.png","width":240,"height":41,"caption":"UNASP Noticias"},"image":{"@id":"https:\/\/unasp.br\/noticias\/#\/schema\/logo\/image\/"}},{"@type":"Person","@id":"https:\/\/unasp.br\/noticias\/#\/schema\/person\/f3393a032491eabc46fadb3656375334","name":"Maria da Gl\u00f3ria Marques de Paula Barreto","image":{"@type":"ImageObject","inLanguage":"pt-BR","@id":"https:\/\/unasp.br\/noticias\/#\/schema\/person\/image\/","url":"https:\/\/secure.gravatar.com\/avatar\/3c23babfa2a847f4ce1e1403fe341fa3?s=96&d=mm&r=g","contentUrl":"https:\/\/secure.gravatar.com\/avatar\/3c23babfa2a847f4ce1e1403fe341fa3?s=96&d=mm&r=g","caption":"Maria da Gl\u00f3ria Marques de Paula Barreto"},"url":"https:\/\/unasp.br\/noticias\/author\/gloria-barretoadventistas-org\/"}]}},"_links":{"self":[{"href":"https:\/\/unasp.br\/noticias\/wp-json\/wp\/v2\/posts\/59833"}],"collection":[{"href":"https:\/\/unasp.br\/noticias\/wp-json\/wp\/v2\/posts"}],"about":[{"href":"https:\/\/unasp.br\/noticias\/wp-json\/wp\/v2\/types\/post"}],"author":[{"embeddable":true,"href":"https:\/\/unasp.br\/noticias\/wp-json\/wp\/v2\/users\/73"}],"replies":[{"embeddable":true,"href":"https:\/\/unasp.br\/noticias\/wp-json\/wp\/v2\/comments?post=59833"}],"version-history":[{"count":1,"href":"https:\/\/unasp.br\/noticias\/wp-json\/wp\/v2\/posts\/59833\/revisions"}],"predecessor-version":[{"id":59835,"href":"https:\/\/unasp.br\/noticias\/wp-json\/wp\/v2\/posts\/59833\/revisions\/59835"}],"wp:featuredmedia":[{"embeddable":true,"href":"https:\/\/unasp.br\/noticias\/wp-json\/wp\/v2\/media\/59834"}],"wp:attachment":[{"href":"https:\/\/unasp.br\/noticias\/wp-json\/wp\/v2\/media?parent=59833"}],"wp:term":[{"taxonomy":"category","embeddable":true,"href":"https:\/\/unasp.br\/noticias\/wp-json\/wp\/v2\/categories?post=59833"},{"taxonomy":"post_tag","embeddable":true,"href":"https:\/\/unasp.br\/noticias\/wp-json\/wp\/v2\/tags?post=59833"}],"curies":[{"name":"wp","href":"https:\/\/api.w.org\/{rel}","templated":true}]}}