{"id":59910,"date":"2019-05-28T11:40:45","date_gmt":"2019-05-28T14:40:45","guid":{"rendered":"https:\/\/www.unasp.br\/noticias\/?p=59910"},"modified":"2019-05-28T11:40:45","modified_gmt":"2019-05-28T14:40:45","slug":"estudantes-aprendem-sobre-a-equacao-de-igualdade-social","status":"publish","type":"post","link":"https:\/\/unasp.br\/noticias\/estudantes-aprendem-sobre-a-equacao-de-igualdade-social\/","title":{"rendered":"Estudantes aprendem sobre a Equa\u00e7\u00e3o de Igualdade Social"},"content":{"rendered":"<div id=\"attachment_59915\" style=\"width: 910px\" class=\"wp-caption aligncenter\"><img loading=\"lazy\" decoding=\"async\" aria-describedby=\"caption-attachment-59915\" class=\"wp-image-59915 size-large\" src=\"https:\/\/www.unasp.br\/noticias\/wp-content\/uploads\/2019\/05\/WhatsApp-Image-2019-05-27-at-10.03.17-1024x768.jpeg\" alt=\"\" width=\"900\" height=\"675\" srcset=\"https:\/\/cdn.unasp.br\/noticias\/wp-content\/uploads\/2019\/05\/28083732\/WhatsApp-Image-2019-05-27-at-10.03.17-1024x768.jpeg 1024w, https:\/\/cdn.unasp.br\/noticias\/wp-content\/uploads\/2019\/05\/28083732\/WhatsApp-Image-2019-05-27-at-10.03.17-300x225.jpeg 300w, https:\/\/cdn.unasp.br\/noticias\/wp-content\/uploads\/2019\/05\/28083732\/WhatsApp-Image-2019-05-27-at-10.03.17-768x576.jpeg 768w, https:\/\/cdn.unasp.br\/noticias\/wp-content\/uploads\/2019\/05\/28083732\/WhatsApp-Image-2019-05-27-at-10.03.17-800x600.jpeg 800w, https:\/\/cdn.unasp.br\/noticias\/wp-content\/uploads\/2019\/05\/28083732\/WhatsApp-Image-2019-05-27-at-10.03.17-1067x800.jpeg 1067w, https:\/\/cdn.unasp.br\/noticias\/wp-content\/uploads\/2019\/05\/28083732\/WhatsApp-Image-2019-05-27-at-10.03.17-960x720.jpeg 960w, https:\/\/cdn.unasp.br\/noticias\/wp-content\/uploads\/2019\/05\/28083732\/WhatsApp-Image-2019-05-27-at-10.03.17-667x500.jpeg 667w, https:\/\/cdn.unasp.br\/noticias\/wp-content\/uploads\/2019\/05\/28083732\/WhatsApp-Image-2019-05-27-at-10.03.17-640x480.jpeg 640w, https:\/\/cdn.unasp.br\/noticias\/wp-content\/uploads\/2019\/05\/28083732\/WhatsApp-Image-2019-05-27-at-10.03.17-373x280.jpeg 373w, https:\/\/cdn.unasp.br\/noticias\/wp-content\/uploads\/2019\/05\/28083732\/WhatsApp-Image-2019-05-27-at-10.03.17-500x375.jpeg 500w, https:\/\/cdn.unasp.br\/noticias\/wp-content\/uploads\/2019\/05\/28083732\/WhatsApp-Image-2019-05-27-at-10.03.17-400x300.jpeg 400w, https:\/\/cdn.unasp.br\/noticias\/wp-content\/uploads\/2019\/05\/28083732\/WhatsApp-Image-2019-05-27-at-10.03.17-333x250.jpeg 333w, https:\/\/cdn.unasp.br\/noticias\/wp-content\/uploads\/2019\/05\/28083732\/WhatsApp-Image-2019-05-27-at-10.03.17-267x200.jpeg 267w, https:\/\/cdn.unasp.br\/noticias\/wp-content\/uploads\/2019\/05\/28083732\/WhatsApp-Image-2019-05-27-at-10.03.17-200x150.jpeg 200w, https:\/\/cdn.unasp.br\/noticias\/wp-content\/uploads\/2019\/05\/28083732\/WhatsApp-Image-2019-05-27-at-10.03.17-175x131.jpeg 175w, https:\/\/cdn.unasp.br\/noticias\/wp-content\/uploads\/2019\/05\/28083732\/WhatsApp-Image-2019-05-27-at-10.03.17.jpeg 1280w\" sizes=\"(max-width: 900px) 100vw, 900px\" \/><p id=\"caption-attachment-59915\" class=\"wp-caption-text\">Estudantes do s\u00e9timo ano participam de a\u00e7\u00e3o social em benef\u00edcio das crian\u00e7as do PAICA.<\/p><\/div>\n<p style=\"text-align: justify;\">Estudantes do s\u00e9timo ano, do <a href=\"https:\/\/www.unasp.br\/ht\/educacao-basica\/\">Ensino Fundamental II do Unasp Hortol\u00e2ndia<\/a>, participaram de uma aula de equa\u00e7\u00e3o diferenciada chamada: Equa\u00e7\u00e3o da Igualdade Social. O professor de matem\u00e1tica e idealizador do projeto, Luciano Arantes, explica que o projeto consiste em um dos conte\u00fados ensinados no s\u00e9timo ano, o princ\u00edpio da equa\u00e7\u00e3o do 1\u00b0 grau. Por\u00e9m, nesta vers\u00e3o a equa\u00e7\u00e3o inclui os valores b\u00edblicos de amar o pr\u00f3ximo como a ti mesmo e na busca da igualdade:<\/p>\n<h3 style=\"text-align: center;\"><strong>&#8211; indiferen\u00e7as = + a\u00e7\u00f5es<\/strong><\/h3>\n<h3 style=\"text-align: center;\"><strong>\u00f7 meu tempo = x o amor<\/strong><\/h3>\n<p style=\"text-align: justify;\">Segundo Arantes neste c\u00e1lculo, \u201cna subtra\u00e7\u00e3o das indiferen\u00e7as, somada com nossas a\u00e7\u00f5es, dividindo o nosso tempo e doa\u00e7\u00f5es, multiplicaremos o amor na nossa sociedade\u201d.<\/p>\n<p style=\"text-align: justify;\">\n<p style=\"text-align: justify;\"><strong>Equa\u00e7\u00f5es da igualdade na pr\u00e1tica<\/strong><\/p>\n<div id=\"attachment_59916\" style=\"width: 235px\" class=\"wp-caption alignright\"><img loading=\"lazy\" decoding=\"async\" aria-describedby=\"caption-attachment-59916\" class=\"size-medium wp-image-59916\" src=\"https:\/\/www.unasp.br\/noticias\/wp-content\/uploads\/2019\/05\/WhatsApp-Image-2019-05-27-at-10.03.09-225x300.jpeg\" alt=\"\" width=\"225\" height=\"300\" srcset=\"https:\/\/cdn.unasp.br\/noticias\/wp-content\/uploads\/2019\/05\/28083816\/WhatsApp-Image-2019-05-27-at-10.03.09-225x300.jpeg 225w, https:\/\/cdn.unasp.br\/noticias\/wp-content\/uploads\/2019\/05\/28083816\/WhatsApp-Image-2019-05-27-at-10.03.09-768x1024.jpeg 768w, https:\/\/cdn.unasp.br\/noticias\/wp-content\/uploads\/2019\/05\/28083816\/WhatsApp-Image-2019-05-27-at-10.03.09-450x600.jpeg 450w, https:\/\/cdn.unasp.br\/noticias\/wp-content\/uploads\/2019\/05\/28083816\/WhatsApp-Image-2019-05-27-at-10.03.09-600x800.jpeg 600w, https:\/\/cdn.unasp.br\/noticias\/wp-content\/uploads\/2019\/05\/28083816\/WhatsApp-Image-2019-05-27-at-10.03.09-540x720.jpeg 540w, https:\/\/cdn.unasp.br\/noticias\/wp-content\/uploads\/2019\/05\/28083816\/WhatsApp-Image-2019-05-27-at-10.03.09-375x500.jpeg 375w, https:\/\/cdn.unasp.br\/noticias\/wp-content\/uploads\/2019\/05\/28083816\/WhatsApp-Image-2019-05-27-at-10.03.09-360x480.jpeg 360w, https:\/\/cdn.unasp.br\/noticias\/wp-content\/uploads\/2019\/05\/28083816\/WhatsApp-Image-2019-05-27-at-10.03.09-210x280.jpeg 210w, https:\/\/cdn.unasp.br\/noticias\/wp-content\/uploads\/2019\/05\/28083816\/WhatsApp-Image-2019-05-27-at-10.03.09-300x400.jpeg 300w, https:\/\/cdn.unasp.br\/noticias\/wp-content\/uploads\/2019\/05\/28083816\/WhatsApp-Image-2019-05-27-at-10.03.09-188x250.jpeg 188w, https:\/\/cdn.unasp.br\/noticias\/wp-content\/uploads\/2019\/05\/28083816\/WhatsApp-Image-2019-05-27-at-10.03.09-150x200.jpeg 150w, https:\/\/cdn.unasp.br\/noticias\/wp-content\/uploads\/2019\/05\/28083816\/WhatsApp-Image-2019-05-27-at-10.03.09-113x150.jpeg 113w, https:\/\/cdn.unasp.br\/noticias\/wp-content\/uploads\/2019\/05\/28083816\/WhatsApp-Image-2019-05-27-at-10.03.09-175x233.jpeg 175w, https:\/\/cdn.unasp.br\/noticias\/wp-content\/uploads\/2019\/05\/28083816\/WhatsApp-Image-2019-05-27-at-10.03.09.jpeg 960w\" sizes=\"(max-width: 225px) 100vw, 225px\" \/><p id=\"caption-attachment-59916\" class=\"wp-caption-text\">Foram arrecadados 60 brinquedos em bom estado, que foram entregues as crian\u00e7as do PAICA.<\/p><\/div>\n<p style=\"text-align: justify;\">Para colocar em pr\u00e1tica tal conceito, os alunos arrecadaram mais de 60 brinquedos, em bom estado, para doarem para crian\u00e7as do <a href=\"http:\/\/www.paica.org.br\/sobre-nos\/\">PAICA<\/a> (Programa de Aten\u00e7\u00e3o Integral da Crian\u00e7a e do Adolescente) de Hortol\u00e2ndia. A entrega dos brinquedos aconteceu no dia do Impacto Esperan\u00e7a, 25 de maio, onde ocorreram brincadeiras e atividades entre os alunos do Unasp e as crian\u00e7as do PAICA.<\/p>\n<p style=\"text-align: justify;\">O aluno Pedro Novaes, conta o que sentiu a participar da a\u00e7\u00e3o. \u201cEu me sensibilizei muito e vi que preciso agradecer muito a fam\u00edlia que eu tenho. Fiquei muito feliz ao entregar os brinquedos paras crian\u00e7as e gostaria de participar muitas outras vezes\u201d, destacou o estudante.<\/p>\n<p style=\"text-align: justify;\">\n<p style=\"text-align: justify;\">\n<p style=\"text-align: justify;\">\n","protected":false},"excerpt":{"rendered":"<p>Estudantes do s\u00e9timo ano, do Ensino Fundamental II do Unasp Hortol\u00e2ndia, participaram de uma aula de equa\u00e7\u00e3o [&hellip;]<\/p>\n","protected":false},"author":73,"featured_media":59913,"comment_status":"open","ping_status":"open","sticky":false,"template":"","format":"standard","meta":{"footnotes":""},"categories":[10],"tags":[],"yoast_head":"<!-- This site is optimized with the Yoast SEO plugin v23.5 - https:\/\/yoast.com\/wordpress\/plugins\/seo\/ -->\n<title>Estudantes aprendem sobre a Equa\u00e7\u00e3o de Igualdade Social - UNASP Noticias<\/title>\n<meta name=\"robots\" content=\"index, follow, max-snippet:-1, max-image-preview:large, max-video-preview:-1\" \/>\n<link rel=\"canonical\" href=\"https:\/\/unasp.br\/noticias\/estudantes-aprendem-sobre-a-equacao-de-igualdade-social\/\" \/>\n<meta property=\"og:locale\" content=\"pt_BR\" \/>\n<meta property=\"og:type\" content=\"article\" \/>\n<meta property=\"og:title\" content=\"Estudantes aprendem sobre a Equa\u00e7\u00e3o de Igualdade Social - UNASP Noticias\" \/>\n<meta property=\"og:description\" content=\"Estudantes do s\u00e9timo ano, do Ensino Fundamental II do Unasp Hortol\u00e2ndia, participaram de uma aula de equa\u00e7\u00e3o [&hellip;]\" \/>\n<meta property=\"og:url\" content=\"https:\/\/unasp.br\/noticias\/estudantes-aprendem-sobre-a-equacao-de-igualdade-social\/\" \/>\n<meta property=\"og:site_name\" content=\"UNASP Noticias\" \/>\n<meta property=\"article:published_time\" content=\"2019-05-28T14:40:45+00:00\" \/>\n<meta property=\"og:image\" content=\"https:\/\/cdn.unasp.br\/noticias\/wp-content\/uploads\/2019\/05\/28083313\/Captura-de-Tela-2019-05-28-a%CC%80s-11.32.29.png\" \/>\n\t<meta property=\"og:image:width\" content=\"519\" \/>\n\t<meta property=\"og:image:height\" content=\"324\" \/>\n\t<meta property=\"og:image:type\" content=\"image\/png\" \/>\n<meta name=\"author\" content=\"Maria da Gl\u00f3ria Marques de Paula Barreto\" \/>\n<meta name=\"twitter:card\" content=\"summary_large_image\" \/>\n<meta name=\"twitter:label1\" content=\"Escrito por\" \/>\n\t<meta name=\"twitter:data1\" content=\"Maria da Gl\u00f3ria Marques de Paula Barreto\" \/>\n\t<meta name=\"twitter:label2\" content=\"Est. tempo de leitura\" \/>\n\t<meta name=\"twitter:data2\" content=\"1 minuto\" \/>\n<script type=\"application\/ld+json\" class=\"yoast-schema-graph\">{\"@context\":\"https:\/\/schema.org\",\"@graph\":[{\"@type\":\"Article\",\"@id\":\"https:\/\/unasp.br\/noticias\/estudantes-aprendem-sobre-a-equacao-de-igualdade-social\/#article\",\"isPartOf\":{\"@id\":\"https:\/\/unasp.br\/noticias\/estudantes-aprendem-sobre-a-equacao-de-igualdade-social\/\"},\"author\":{\"name\":\"Maria da Gl\u00f3ria Marques de Paula Barreto\",\"@id\":\"https:\/\/unasp.br\/noticias\/#\/schema\/person\/f3393a032491eabc46fadb3656375334\"},\"headline\":\"Estudantes aprendem sobre a Equa\u00e7\u00e3o de Igualdade Social\",\"datePublished\":\"2019-05-28T14:40:45+00:00\",\"dateModified\":\"2019-05-28T14:40:45+00:00\",\"mainEntityOfPage\":{\"@id\":\"https:\/\/unasp.br\/noticias\/estudantes-aprendem-sobre-a-equacao-de-igualdade-social\/\"},\"wordCount\":304,\"commentCount\":0,\"publisher\":{\"@id\":\"https:\/\/unasp.br\/noticias\/#organization\"},\"image\":{\"@id\":\"https:\/\/unasp.br\/noticias\/estudantes-aprendem-sobre-a-equacao-de-igualdade-social\/#primaryimage\"},\"thumbnailUrl\":\"https:\/\/cdn.unasp.br\/noticias\/wp-content\/uploads\/2019\/05\/28083313\/Captura-de-Tela-2019-05-28-a%CC%80s-11.32.29.png\",\"articleSection\":[\"Impacto Social\"],\"inLanguage\":\"pt-BR\",\"potentialAction\":[{\"@type\":\"CommentAction\",\"name\":\"Comment\",\"target\":[\"https:\/\/unasp.br\/noticias\/estudantes-aprendem-sobre-a-equacao-de-igualdade-social\/#respond\"]}]},{\"@type\":\"WebPage\",\"@id\":\"https:\/\/unasp.br\/noticias\/estudantes-aprendem-sobre-a-equacao-de-igualdade-social\/\",\"url\":\"https:\/\/unasp.br\/noticias\/estudantes-aprendem-sobre-a-equacao-de-igualdade-social\/\",\"name\":\"Estudantes aprendem sobre a Equa\u00e7\u00e3o de Igualdade Social - UNASP Noticias\",\"isPartOf\":{\"@id\":\"https:\/\/unasp.br\/noticias\/#website\"},\"primaryImageOfPage\":{\"@id\":\"https:\/\/unasp.br\/noticias\/estudantes-aprendem-sobre-a-equacao-de-igualdade-social\/#primaryimage\"},\"image\":{\"@id\":\"https:\/\/unasp.br\/noticias\/estudantes-aprendem-sobre-a-equacao-de-igualdade-social\/#primaryimage\"},\"thumbnailUrl\":\"https:\/\/cdn.unasp.br\/noticias\/wp-content\/uploads\/2019\/05\/28083313\/Captura-de-Tela-2019-05-28-a%CC%80s-11.32.29.png\",\"datePublished\":\"2019-05-28T14:40:45+00:00\",\"dateModified\":\"2019-05-28T14:40:45+00:00\",\"breadcrumb\":{\"@id\":\"https:\/\/unasp.br\/noticias\/estudantes-aprendem-sobre-a-equacao-de-igualdade-social\/#breadcrumb\"},\"inLanguage\":\"pt-BR\",\"potentialAction\":[{\"@type\":\"ReadAction\",\"target\":[\"https:\/\/unasp.br\/noticias\/estudantes-aprendem-sobre-a-equacao-de-igualdade-social\/\"]}]},{\"@type\":\"ImageObject\",\"inLanguage\":\"pt-BR\",\"@id\":\"https:\/\/unasp.br\/noticias\/estudantes-aprendem-sobre-a-equacao-de-igualdade-social\/#primaryimage\",\"url\":\"https:\/\/cdn.unasp.br\/noticias\/wp-content\/uploads\/2019\/05\/28083313\/Captura-de-Tela-2019-05-28-a%CC%80s-11.32.29.png\",\"contentUrl\":\"https:\/\/cdn.unasp.br\/noticias\/wp-content\/uploads\/2019\/05\/28083313\/Captura-de-Tela-2019-05-28-a%CC%80s-11.32.29.png\",\"width\":519,\"height\":324},{\"@type\":\"BreadcrumbList\",\"@id\":\"https:\/\/unasp.br\/noticias\/estudantes-aprendem-sobre-a-equacao-de-igualdade-social\/#breadcrumb\",\"itemListElement\":[{\"@type\":\"ListItem\",\"position\":1,\"name\":\"In\u00edcio\",\"item\":\"https:\/\/unasp.br\/noticias\/\"},{\"@type\":\"ListItem\",\"position\":2,\"name\":\"Estudantes aprendem sobre a Equa\u00e7\u00e3o de Igualdade Social\"}]},{\"@type\":\"WebSite\",\"@id\":\"https:\/\/unasp.br\/noticias\/#website\",\"url\":\"https:\/\/unasp.br\/noticias\/\",\"name\":\"UNASP Noticias\",\"description\":\"Centro Universit\u00e1rio Adventista de S\u00e3o Paulo\",\"publisher\":{\"@id\":\"https:\/\/unasp.br\/noticias\/#organization\"},\"potentialAction\":[{\"@type\":\"SearchAction\",\"target\":{\"@type\":\"EntryPoint\",\"urlTemplate\":\"https:\/\/unasp.br\/noticias\/?s={search_term_string}\"},\"query-input\":{\"@type\":\"PropertyValueSpecification\",\"valueRequired\":true,\"valueName\":\"search_term_string\"}}],\"inLanguage\":\"pt-BR\"},{\"@type\":\"Organization\",\"@id\":\"https:\/\/unasp.br\/noticias\/#organization\",\"name\":\"UNASP Noticias\",\"url\":\"https:\/\/unasp.br\/noticias\/\",\"logo\":{\"@type\":\"ImageObject\",\"inLanguage\":\"pt-BR\",\"@id\":\"https:\/\/unasp.br\/noticias\/#\/schema\/logo\/image\/\",\"url\":\"https:\/\/cdn.unasp.br\/noticias\/wp-content\/uploads\/2021\/09\/09152724\/logo-unasp-news.png\",\"contentUrl\":\"https:\/\/cdn.unasp.br\/noticias\/wp-content\/uploads\/2021\/09\/09152724\/logo-unasp-news.png\",\"width\":240,\"height\":41,\"caption\":\"UNASP Noticias\"},\"image\":{\"@id\":\"https:\/\/unasp.br\/noticias\/#\/schema\/logo\/image\/\"}},{\"@type\":\"Person\",\"@id\":\"https:\/\/unasp.br\/noticias\/#\/schema\/person\/f3393a032491eabc46fadb3656375334\",\"name\":\"Maria da Gl\u00f3ria Marques de Paula Barreto\",\"image\":{\"@type\":\"ImageObject\",\"inLanguage\":\"pt-BR\",\"@id\":\"https:\/\/unasp.br\/noticias\/#\/schema\/person\/image\/\",\"url\":\"https:\/\/secure.gravatar.com\/avatar\/3c23babfa2a847f4ce1e1403fe341fa3?s=96&d=mm&r=g\",\"contentUrl\":\"https:\/\/secure.gravatar.com\/avatar\/3c23babfa2a847f4ce1e1403fe341fa3?s=96&d=mm&r=g\",\"caption\":\"Maria da Gl\u00f3ria Marques de Paula Barreto\"},\"url\":\"https:\/\/unasp.br\/noticias\/author\/gloria-barretoadventistas-org\/\"}]}<\/script>\n<!-- \/ Yoast SEO plugin. -->","yoast_head_json":{"title":"Estudantes aprendem sobre a Equa\u00e7\u00e3o de Igualdade Social - UNASP Noticias","robots":{"index":"index","follow":"follow","max-snippet":"max-snippet:-1","max-image-preview":"max-image-preview:large","max-video-preview":"max-video-preview:-1"},"canonical":"https:\/\/unasp.br\/noticias\/estudantes-aprendem-sobre-a-equacao-de-igualdade-social\/","og_locale":"pt_BR","og_type":"article","og_title":"Estudantes aprendem sobre a Equa\u00e7\u00e3o de Igualdade Social - UNASP Noticias","og_description":"Estudantes do s\u00e9timo ano, do Ensino Fundamental II do Unasp Hortol\u00e2ndia, participaram de uma aula de equa\u00e7\u00e3o [&hellip;]","og_url":"https:\/\/unasp.br\/noticias\/estudantes-aprendem-sobre-a-equacao-de-igualdade-social\/","og_site_name":"UNASP Noticias","article_published_time":"2019-05-28T14:40:45+00:00","og_image":[{"width":519,"height":324,"url":"https:\/\/cdn.unasp.br\/noticias\/wp-content\/uploads\/2019\/05\/28083313\/Captura-de-Tela-2019-05-28-a%CC%80s-11.32.29.png","type":"image\/png"}],"author":"Maria da Gl\u00f3ria Marques de Paula Barreto","twitter_card":"summary_large_image","twitter_misc":{"Escrito por":"Maria da Gl\u00f3ria Marques de Paula Barreto","Est. tempo de leitura":"1 minuto"},"schema":{"@context":"https:\/\/schema.org","@graph":[{"@type":"Article","@id":"https:\/\/unasp.br\/noticias\/estudantes-aprendem-sobre-a-equacao-de-igualdade-social\/#article","isPartOf":{"@id":"https:\/\/unasp.br\/noticias\/estudantes-aprendem-sobre-a-equacao-de-igualdade-social\/"},"author":{"name":"Maria da Gl\u00f3ria Marques de Paula Barreto","@id":"https:\/\/unasp.br\/noticias\/#\/schema\/person\/f3393a032491eabc46fadb3656375334"},"headline":"Estudantes aprendem sobre a Equa\u00e7\u00e3o de Igualdade Social","datePublished":"2019-05-28T14:40:45+00:00","dateModified":"2019-05-28T14:40:45+00:00","mainEntityOfPage":{"@id":"https:\/\/unasp.br\/noticias\/estudantes-aprendem-sobre-a-equacao-de-igualdade-social\/"},"wordCount":304,"commentCount":0,"publisher":{"@id":"https:\/\/unasp.br\/noticias\/#organization"},"image":{"@id":"https:\/\/unasp.br\/noticias\/estudantes-aprendem-sobre-a-equacao-de-igualdade-social\/#primaryimage"},"thumbnailUrl":"https:\/\/cdn.unasp.br\/noticias\/wp-content\/uploads\/2019\/05\/28083313\/Captura-de-Tela-2019-05-28-a%CC%80s-11.32.29.png","articleSection":["Impacto Social"],"inLanguage":"pt-BR","potentialAction":[{"@type":"CommentAction","name":"Comment","target":["https:\/\/unasp.br\/noticias\/estudantes-aprendem-sobre-a-equacao-de-igualdade-social\/#respond"]}]},{"@type":"WebPage","@id":"https:\/\/unasp.br\/noticias\/estudantes-aprendem-sobre-a-equacao-de-igualdade-social\/","url":"https:\/\/unasp.br\/noticias\/estudantes-aprendem-sobre-a-equacao-de-igualdade-social\/","name":"Estudantes aprendem sobre a Equa\u00e7\u00e3o de Igualdade Social - UNASP Noticias","isPartOf":{"@id":"https:\/\/unasp.br\/noticias\/#website"},"primaryImageOfPage":{"@id":"https:\/\/unasp.br\/noticias\/estudantes-aprendem-sobre-a-equacao-de-igualdade-social\/#primaryimage"},"image":{"@id":"https:\/\/unasp.br\/noticias\/estudantes-aprendem-sobre-a-equacao-de-igualdade-social\/#primaryimage"},"thumbnailUrl":"https:\/\/cdn.unasp.br\/noticias\/wp-content\/uploads\/2019\/05\/28083313\/Captura-de-Tela-2019-05-28-a%CC%80s-11.32.29.png","datePublished":"2019-05-28T14:40:45+00:00","dateModified":"2019-05-28T14:40:45+00:00","breadcrumb":{"@id":"https:\/\/unasp.br\/noticias\/estudantes-aprendem-sobre-a-equacao-de-igualdade-social\/#breadcrumb"},"inLanguage":"pt-BR","potentialAction":[{"@type":"ReadAction","target":["https:\/\/unasp.br\/noticias\/estudantes-aprendem-sobre-a-equacao-de-igualdade-social\/"]}]},{"@type":"ImageObject","inLanguage":"pt-BR","@id":"https:\/\/unasp.br\/noticias\/estudantes-aprendem-sobre-a-equacao-de-igualdade-social\/#primaryimage","url":"https:\/\/cdn.unasp.br\/noticias\/wp-content\/uploads\/2019\/05\/28083313\/Captura-de-Tela-2019-05-28-a%CC%80s-11.32.29.png","contentUrl":"https:\/\/cdn.unasp.br\/noticias\/wp-content\/uploads\/2019\/05\/28083313\/Captura-de-Tela-2019-05-28-a%CC%80s-11.32.29.png","width":519,"height":324},{"@type":"BreadcrumbList","@id":"https:\/\/unasp.br\/noticias\/estudantes-aprendem-sobre-a-equacao-de-igualdade-social\/#breadcrumb","itemListElement":[{"@type":"ListItem","position":1,"name":"In\u00edcio","item":"https:\/\/unasp.br\/noticias\/"},{"@type":"ListItem","position":2,"name":"Estudantes aprendem sobre a Equa\u00e7\u00e3o de Igualdade Social"}]},{"@type":"WebSite","@id":"https:\/\/unasp.br\/noticias\/#website","url":"https:\/\/unasp.br\/noticias\/","name":"UNASP Noticias","description":"Centro Universit\u00e1rio Adventista de S\u00e3o Paulo","publisher":{"@id":"https:\/\/unasp.br\/noticias\/#organization"},"potentialAction":[{"@type":"SearchAction","target":{"@type":"EntryPoint","urlTemplate":"https:\/\/unasp.br\/noticias\/?s={search_term_string}"},"query-input":{"@type":"PropertyValueSpecification","valueRequired":true,"valueName":"search_term_string"}}],"inLanguage":"pt-BR"},{"@type":"Organization","@id":"https:\/\/unasp.br\/noticias\/#organization","name":"UNASP Noticias","url":"https:\/\/unasp.br\/noticias\/","logo":{"@type":"ImageObject","inLanguage":"pt-BR","@id":"https:\/\/unasp.br\/noticias\/#\/schema\/logo\/image\/","url":"https:\/\/cdn.unasp.br\/noticias\/wp-content\/uploads\/2021\/09\/09152724\/logo-unasp-news.png","contentUrl":"https:\/\/cdn.unasp.br\/noticias\/wp-content\/uploads\/2021\/09\/09152724\/logo-unasp-news.png","width":240,"height":41,"caption":"UNASP Noticias"},"image":{"@id":"https:\/\/unasp.br\/noticias\/#\/schema\/logo\/image\/"}},{"@type":"Person","@id":"https:\/\/unasp.br\/noticias\/#\/schema\/person\/f3393a032491eabc46fadb3656375334","name":"Maria da Gl\u00f3ria Marques de Paula Barreto","image":{"@type":"ImageObject","inLanguage":"pt-BR","@id":"https:\/\/unasp.br\/noticias\/#\/schema\/person\/image\/","url":"https:\/\/secure.gravatar.com\/avatar\/3c23babfa2a847f4ce1e1403fe341fa3?s=96&d=mm&r=g","contentUrl":"https:\/\/secure.gravatar.com\/avatar\/3c23babfa2a847f4ce1e1403fe341fa3?s=96&d=mm&r=g","caption":"Maria da Gl\u00f3ria Marques de Paula Barreto"},"url":"https:\/\/unasp.br\/noticias\/author\/gloria-barretoadventistas-org\/"}]}},"_links":{"self":[{"href":"https:\/\/unasp.br\/noticias\/wp-json\/wp\/v2\/posts\/59910"}],"collection":[{"href":"https:\/\/unasp.br\/noticias\/wp-json\/wp\/v2\/posts"}],"about":[{"href":"https:\/\/unasp.br\/noticias\/wp-json\/wp\/v2\/types\/post"}],"author":[{"embeddable":true,"href":"https:\/\/unasp.br\/noticias\/wp-json\/wp\/v2\/users\/73"}],"replies":[{"embeddable":true,"href":"https:\/\/unasp.br\/noticias\/wp-json\/wp\/v2\/comments?post=59910"}],"version-history":[{"count":1,"href":"https:\/\/unasp.br\/noticias\/wp-json\/wp\/v2\/posts\/59910\/revisions"}],"predecessor-version":[{"id":59917,"href":"https:\/\/unasp.br\/noticias\/wp-json\/wp\/v2\/posts\/59910\/revisions\/59917"}],"wp:featuredmedia":[{"embeddable":true,"href":"https:\/\/unasp.br\/noticias\/wp-json\/wp\/v2\/media\/59913"}],"wp:attachment":[{"href":"https:\/\/unasp.br\/noticias\/wp-json\/wp\/v2\/media?parent=59910"}],"wp:term":[{"taxonomy":"category","embeddable":true,"href":"https:\/\/unasp.br\/noticias\/wp-json\/wp\/v2\/categories?post=59910"},{"taxonomy":"post_tag","embeddable":true,"href":"https:\/\/unasp.br\/noticias\/wp-json\/wp\/v2\/tags?post=59910"}],"curies":[{"name":"wp","href":"https:\/\/api.w.org\/{rel}","templated":true}]}}