{"id":60341,"date":"2019-06-03T12:22:48","date_gmt":"2019-06-03T15:22:48","guid":{"rendered":"https:\/\/www.unasp.br\/noticias\/?p=60341"},"modified":"2019-06-03T12:22:48","modified_gmt":"2019-06-03T15:22:48","slug":"feira-de-saude-mobiliza-comunidade-do-unasp","status":"publish","type":"post","link":"https:\/\/unasp.br\/noticias\/feira-de-saude-mobiliza-comunidade-do-unasp\/","title":{"rendered":"Feira de sa\u00fade mobiliza comunidade do Unasp"},"content":{"rendered":"<p><img loading=\"lazy\" decoding=\"async\" class=\"aligncenter wp-image-60342\" src=\"https:\/\/www.unasp.br\/noticias\/wp-content\/uploads\/2019\/06\/Feira-de-sa\u00fade-do-Unasp.jpeg\" alt=\"\" width=\"600\" height=\"450\" srcset=\"https:\/\/cdn.unasp.br\/noticias\/wp-content\/uploads\/2019\/06\/03091942\/Feira-de-sa%C3%BAde-do-Unasp.jpeg 1280w, https:\/\/cdn.unasp.br\/noticias\/wp-content\/uploads\/2019\/06\/03091942\/Feira-de-sa%C3%BAde-do-Unasp-300x225.jpeg 300w, https:\/\/cdn.unasp.br\/noticias\/wp-content\/uploads\/2019\/06\/03091942\/Feira-de-sa%C3%BAde-do-Unasp-768x576.jpeg 768w, https:\/\/cdn.unasp.br\/noticias\/wp-content\/uploads\/2019\/06\/03091942\/Feira-de-sa%C3%BAde-do-Unasp-1024x768.jpeg 1024w, https:\/\/cdn.unasp.br\/noticias\/wp-content\/uploads\/2019\/06\/03091942\/Feira-de-sa%C3%BAde-do-Unasp-800x600.jpeg 800w, https:\/\/cdn.unasp.br\/noticias\/wp-content\/uploads\/2019\/06\/03091942\/Feira-de-sa%C3%BAde-do-Unasp-1067x800.jpeg 1067w, https:\/\/cdn.unasp.br\/noticias\/wp-content\/uploads\/2019\/06\/03091942\/Feira-de-sa%C3%BAde-do-Unasp-960x720.jpeg 960w, https:\/\/cdn.unasp.br\/noticias\/wp-content\/uploads\/2019\/06\/03091942\/Feira-de-sa%C3%BAde-do-Unasp-667x500.jpeg 667w, https:\/\/cdn.unasp.br\/noticias\/wp-content\/uploads\/2019\/06\/03091942\/Feira-de-sa%C3%BAde-do-Unasp-640x480.jpeg 640w, https:\/\/cdn.unasp.br\/noticias\/wp-content\/uploads\/2019\/06\/03091942\/Feira-de-sa%C3%BAde-do-Unasp-373x280.jpeg 373w, https:\/\/cdn.unasp.br\/noticias\/wp-content\/uploads\/2019\/06\/03091942\/Feira-de-sa%C3%BAde-do-Unasp-500x375.jpeg 500w, https:\/\/cdn.unasp.br\/noticias\/wp-content\/uploads\/2019\/06\/03091942\/Feira-de-sa%C3%BAde-do-Unasp-400x300.jpeg 400w, https:\/\/cdn.unasp.br\/noticias\/wp-content\/uploads\/2019\/06\/03091942\/Feira-de-sa%C3%BAde-do-Unasp-333x250.jpeg 333w, https:\/\/cdn.unasp.br\/noticias\/wp-content\/uploads\/2019\/06\/03091942\/Feira-de-sa%C3%BAde-do-Unasp-267x200.jpeg 267w, https:\/\/cdn.unasp.br\/noticias\/wp-content\/uploads\/2019\/06\/03091942\/Feira-de-sa%C3%BAde-do-Unasp-200x150.jpeg 200w, https:\/\/cdn.unasp.br\/noticias\/wp-content\/uploads\/2019\/06\/03091942\/Feira-de-sa%C3%BAde-do-Unasp-175x131.jpeg 175w\" sizes=\"(max-width: 600px) 100vw, 600px\" \/><\/p>\n<p style=\"text-align: center;\"><em>Alunos e moradores receberam atendimento especializado e dicas para uma vida saud\u00e1vel<\/em><\/p>\n<p style=\"text-align: justify;\">O Centro Universit\u00e1rio Adventista de S\u00e3o Paulo (Unasp), campus Engenheiro Coelho, realizou no domingo (2) uma feira de sa\u00fade. O evento foi aberto \u00e0 comunidade para facilitar o acesso aos profissionais e incentivar exames regularmente. O programa iniciou com uma palestra sobre vida saud\u00e1vel e cuidados b\u00e1sicos incentivados pelo Minist\u00e9rio da Sa\u00fade.<\/p>\n<p style=\"text-align: justify;\">Exames para aferir press\u00e3o, teste de glicemia, altura, media capacidade pulmonar, entre outros, estavam dispon\u00edveis aos participantes. O diferencial foi a balan\u00e7a de bioimped\u00e2ncia, capaz de analisar a massa corporal, m\u00fasculos, gorduras, ossos e at\u00e9 a idade que o corpo apresenta pelos resultados. Aos 93 anos, Estephan Sucki ainda se mantem ativo. J\u00e1 participou de v\u00e1rias feiras e acha muito importante \u201cpara saber qual a situa\u00e7\u00e3o atual da sa\u00fade\u201d. Sucki foi diagnosticado com a idade biol\u00f3gica de apenas 60 anos e contou que os exerc\u00edcios f\u00edsicos di\u00e1rios ajudam em qualquer idade.<\/p>\n<p style=\"text-align: justify;\">Para colocar em pr\u00e1tica os ensinamentos obtidos, todos fizeram uma caminhada e alongamentos com a instru\u00e7\u00e3o de especialistas. \u201cNa feira de sa\u00fade a gente mede de forma f\u00e1cil e r\u00e1pida a situa\u00e7\u00e3o da pessoa e tenta apresentar uma qualidade de vida melhor se necess\u00e1rio. Serve para mostrar que elas podem mudar o estilo de vida com atitudes simples, mas transformadoras\u201d, explicou o organizador Lucas Oliveira.<\/p>\n<div id=\"attachment_60343\" style=\"width: 310px\" class=\"wp-caption alignright\"><img loading=\"lazy\" decoding=\"async\" aria-describedby=\"caption-attachment-60343\" class=\"wp-image-60343 size-medium\" src=\"https:\/\/www.unasp.br\/noticias\/wp-content\/uploads\/2019\/06\/feira-de-sa\u00fade-do-unasp-movimenta-comunidade.jpeg\" alt=\"\" width=\"300\" height=\"225\" srcset=\"https:\/\/cdn.unasp.br\/noticias\/wp-content\/uploads\/2019\/06\/03092052\/feira-de-sa%C3%BAde-do-unasp-movimenta-comunidade.jpeg 1280w, https:\/\/cdn.unasp.br\/noticias\/wp-content\/uploads\/2019\/06\/03092052\/feira-de-sa%C3%BAde-do-unasp-movimenta-comunidade-300x225.jpeg 300w, https:\/\/cdn.unasp.br\/noticias\/wp-content\/uploads\/2019\/06\/03092052\/feira-de-sa%C3%BAde-do-unasp-movimenta-comunidade-768x576.jpeg 768w, https:\/\/cdn.unasp.br\/noticias\/wp-content\/uploads\/2019\/06\/03092052\/feira-de-sa%C3%BAde-do-unasp-movimenta-comunidade-1024x768.jpeg 1024w, https:\/\/cdn.unasp.br\/noticias\/wp-content\/uploads\/2019\/06\/03092052\/feira-de-sa%C3%BAde-do-unasp-movimenta-comunidade-800x600.jpeg 800w, https:\/\/cdn.unasp.br\/noticias\/wp-content\/uploads\/2019\/06\/03092052\/feira-de-sa%C3%BAde-do-unasp-movimenta-comunidade-1067x800.jpeg 1067w, https:\/\/cdn.unasp.br\/noticias\/wp-content\/uploads\/2019\/06\/03092052\/feira-de-sa%C3%BAde-do-unasp-movimenta-comunidade-960x720.jpeg 960w, https:\/\/cdn.unasp.br\/noticias\/wp-content\/uploads\/2019\/06\/03092052\/feira-de-sa%C3%BAde-do-unasp-movimenta-comunidade-667x500.jpeg 667w, https:\/\/cdn.unasp.br\/noticias\/wp-content\/uploads\/2019\/06\/03092052\/feira-de-sa%C3%BAde-do-unasp-movimenta-comunidade-640x480.jpeg 640w, https:\/\/cdn.unasp.br\/noticias\/wp-content\/uploads\/2019\/06\/03092052\/feira-de-sa%C3%BAde-do-unasp-movimenta-comunidade-373x280.jpeg 373w, https:\/\/cdn.unasp.br\/noticias\/wp-content\/uploads\/2019\/06\/03092052\/feira-de-sa%C3%BAde-do-unasp-movimenta-comunidade-500x375.jpeg 500w, https:\/\/cdn.unasp.br\/noticias\/wp-content\/uploads\/2019\/06\/03092052\/feira-de-sa%C3%BAde-do-unasp-movimenta-comunidade-400x300.jpeg 400w, https:\/\/cdn.unasp.br\/noticias\/wp-content\/uploads\/2019\/06\/03092052\/feira-de-sa%C3%BAde-do-unasp-movimenta-comunidade-333x250.jpeg 333w, https:\/\/cdn.unasp.br\/noticias\/wp-content\/uploads\/2019\/06\/03092052\/feira-de-sa%C3%BAde-do-unasp-movimenta-comunidade-267x200.jpeg 267w, https:\/\/cdn.unasp.br\/noticias\/wp-content\/uploads\/2019\/06\/03092052\/feira-de-sa%C3%BAde-do-unasp-movimenta-comunidade-200x150.jpeg 200w, https:\/\/cdn.unasp.br\/noticias\/wp-content\/uploads\/2019\/06\/03092052\/feira-de-sa%C3%BAde-do-unasp-movimenta-comunidade-175x131.jpeg 175w\" sizes=\"(max-width: 300px) 100vw, 300px\" \/><p id=\"caption-attachment-60343\" class=\"wp-caption-text\">A feira de sa\u00fade fez parte do programa &#8220;Stop Stress&#8221; promovido para moradores da regi\u00e3o do Unasp.<\/p><\/div>\n<p style=\"text-align: justify;\">As atividades foram finalizadas com a apresenta\u00e7\u00e3o do grupo de gin\u00e1stica r\u00edtmica da escola esportiva do Unasp. A feira de sa\u00fade acontece ao longo do ano e possibilita a intera\u00e7\u00e3o com os moradores locais. Al\u00e9m de oferecer atendimento com especialistas e direcionar quais os devidos procedimentos devem ser tomados.<\/p>\n","protected":false},"excerpt":{"rendered":"<p>Alunos e moradores receberam atendimento especializado e dicas para uma vida saud\u00e1vel O Centro Universit\u00e1rio Adventista de [&hellip;]<\/p>\n","protected":false},"author":80,"featured_media":60342,"comment_status":"open","ping_status":"open","sticky":false,"template":"","format":"standard","meta":{"footnotes":""},"categories":[10],"tags":[],"yoast_head":"<!-- This site is optimized with the Yoast SEO plugin v23.5 - https:\/\/yoast.com\/wordpress\/plugins\/seo\/ -->\n<title>Feira de sa\u00fade mobiliza comunidade do Unasp<\/title>\n<meta name=\"description\" content=\"O Unasp realizou no domingo (2) uma feira de sa\u00fade. O evento foi aberto \u00e0 comunidade para o acesso aos profissionais e incentivar exames regularmente.\" \/>\n<meta name=\"robots\" content=\"index, follow, max-snippet:-1, max-image-preview:large, max-video-preview:-1\" \/>\n<link rel=\"canonical\" href=\"https:\/\/unasp.br\/noticias\/feira-de-saude-mobiliza-comunidade-do-unasp\/\" \/>\n<meta property=\"og:locale\" content=\"pt_BR\" \/>\n<meta property=\"og:type\" content=\"article\" \/>\n<meta property=\"og:title\" content=\"Feira de sa\u00fade mobiliza comunidade do Unasp\" \/>\n<meta property=\"og:description\" content=\"O Unasp realizou no domingo (2) uma feira de sa\u00fade. O evento foi aberto \u00e0 comunidade para o acesso aos profissionais e incentivar exames regularmente.\" \/>\n<meta property=\"og:url\" content=\"https:\/\/unasp.br\/noticias\/feira-de-saude-mobiliza-comunidade-do-unasp\/\" \/>\n<meta property=\"og:site_name\" content=\"UNASP Noticias\" \/>\n<meta property=\"article:published_time\" content=\"2019-06-03T15:22:48+00:00\" \/>\n<meta property=\"og:image\" content=\"https:\/\/cdn.unasp.br\/noticias\/wp-content\/uploads\/2019\/06\/03091942\/Feira-de-sa%C3%BAde-do-Unasp.jpeg\" \/>\n\t<meta property=\"og:image:width\" content=\"1280\" \/>\n\t<meta property=\"og:image:height\" content=\"960\" \/>\n\t<meta property=\"og:image:type\" content=\"image\/jpeg\" \/>\n<meta name=\"author\" content=\"UNASP - TI-DESENVOLVIMENTO\" \/>\n<meta name=\"twitter:card\" content=\"summary_large_image\" \/>\n<meta name=\"twitter:label1\" content=\"Escrito por\" \/>\n\t<meta name=\"twitter:data1\" content=\"UNASP - TI-DESENVOLVIMENTO\" \/>\n\t<meta name=\"twitter:label2\" content=\"Est. tempo de leitura\" \/>\n\t<meta name=\"twitter:data2\" content=\"2 minutos\" \/>\n<script type=\"application\/ld+json\" class=\"yoast-schema-graph\">{\"@context\":\"https:\/\/schema.org\",\"@graph\":[{\"@type\":\"Article\",\"@id\":\"https:\/\/unasp.br\/noticias\/feira-de-saude-mobiliza-comunidade-do-unasp\/#article\",\"isPartOf\":{\"@id\":\"https:\/\/unasp.br\/noticias\/feira-de-saude-mobiliza-comunidade-do-unasp\/\"},\"author\":{\"name\":\"UNASP - TI-DESENVOLVIMENTO\",\"@id\":\"https:\/\/unasp.br\/noticias\/#\/schema\/person\/e3b8f8e8b1d3759eda9f61d2bb12b6d7\"},\"headline\":\"Feira de sa\u00fade mobiliza comunidade do Unasp\",\"datePublished\":\"2019-06-03T15:22:48+00:00\",\"dateModified\":\"2019-06-03T15:22:48+00:00\",\"mainEntityOfPage\":{\"@id\":\"https:\/\/unasp.br\/noticias\/feira-de-saude-mobiliza-comunidade-do-unasp\/\"},\"wordCount\":332,\"commentCount\":0,\"publisher\":{\"@id\":\"https:\/\/unasp.br\/noticias\/#organization\"},\"image\":{\"@id\":\"https:\/\/unasp.br\/noticias\/feira-de-saude-mobiliza-comunidade-do-unasp\/#primaryimage\"},\"thumbnailUrl\":\"https:\/\/cdn.unasp.br\/noticias\/wp-content\/uploads\/2019\/06\/03091942\/Feira-de-sa%C3%BAde-do-Unasp.jpeg\",\"articleSection\":[\"Impacto Social\"],\"inLanguage\":\"pt-BR\",\"potentialAction\":[{\"@type\":\"CommentAction\",\"name\":\"Comment\",\"target\":[\"https:\/\/unasp.br\/noticias\/feira-de-saude-mobiliza-comunidade-do-unasp\/#respond\"]}]},{\"@type\":\"WebPage\",\"@id\":\"https:\/\/unasp.br\/noticias\/feira-de-saude-mobiliza-comunidade-do-unasp\/\",\"url\":\"https:\/\/unasp.br\/noticias\/feira-de-saude-mobiliza-comunidade-do-unasp\/\",\"name\":\"Feira de sa\u00fade mobiliza comunidade do Unasp\",\"isPartOf\":{\"@id\":\"https:\/\/unasp.br\/noticias\/#website\"},\"primaryImageOfPage\":{\"@id\":\"https:\/\/unasp.br\/noticias\/feira-de-saude-mobiliza-comunidade-do-unasp\/#primaryimage\"},\"image\":{\"@id\":\"https:\/\/unasp.br\/noticias\/feira-de-saude-mobiliza-comunidade-do-unasp\/#primaryimage\"},\"thumbnailUrl\":\"https:\/\/cdn.unasp.br\/noticias\/wp-content\/uploads\/2019\/06\/03091942\/Feira-de-sa%C3%BAde-do-Unasp.jpeg\",\"datePublished\":\"2019-06-03T15:22:48+00:00\",\"dateModified\":\"2019-06-03T15:22:48+00:00\",\"description\":\"O Unasp realizou no domingo (2) uma feira de sa\u00fade. O evento foi aberto \u00e0 comunidade para o acesso aos profissionais e incentivar exames regularmente.\",\"breadcrumb\":{\"@id\":\"https:\/\/unasp.br\/noticias\/feira-de-saude-mobiliza-comunidade-do-unasp\/#breadcrumb\"},\"inLanguage\":\"pt-BR\",\"potentialAction\":[{\"@type\":\"ReadAction\",\"target\":[\"https:\/\/unasp.br\/noticias\/feira-de-saude-mobiliza-comunidade-do-unasp\/\"]}]},{\"@type\":\"ImageObject\",\"inLanguage\":\"pt-BR\",\"@id\":\"https:\/\/unasp.br\/noticias\/feira-de-saude-mobiliza-comunidade-do-unasp\/#primaryimage\",\"url\":\"https:\/\/cdn.unasp.br\/noticias\/wp-content\/uploads\/2019\/06\/03091942\/Feira-de-sa%C3%BAde-do-Unasp.jpeg\",\"contentUrl\":\"https:\/\/cdn.unasp.br\/noticias\/wp-content\/uploads\/2019\/06\/03091942\/Feira-de-sa%C3%BAde-do-Unasp.jpeg\",\"width\":1280,\"height\":960},{\"@type\":\"BreadcrumbList\",\"@id\":\"https:\/\/unasp.br\/noticias\/feira-de-saude-mobiliza-comunidade-do-unasp\/#breadcrumb\",\"itemListElement\":[{\"@type\":\"ListItem\",\"position\":1,\"name\":\"In\u00edcio\",\"item\":\"https:\/\/unasp.br\/noticias\/\"},{\"@type\":\"ListItem\",\"position\":2,\"name\":\"Feira de sa\u00fade mobiliza comunidade do Unasp\"}]},{\"@type\":\"WebSite\",\"@id\":\"https:\/\/unasp.br\/noticias\/#website\",\"url\":\"https:\/\/unasp.br\/noticias\/\",\"name\":\"UNASP Noticias\",\"description\":\"Centro Universit\u00e1rio Adventista de S\u00e3o Paulo\",\"publisher\":{\"@id\":\"https:\/\/unasp.br\/noticias\/#organization\"},\"potentialAction\":[{\"@type\":\"SearchAction\",\"target\":{\"@type\":\"EntryPoint\",\"urlTemplate\":\"https:\/\/unasp.br\/noticias\/?s={search_term_string}\"},\"query-input\":{\"@type\":\"PropertyValueSpecification\",\"valueRequired\":true,\"valueName\":\"search_term_string\"}}],\"inLanguage\":\"pt-BR\"},{\"@type\":\"Organization\",\"@id\":\"https:\/\/unasp.br\/noticias\/#organization\",\"name\":\"UNASP Noticias\",\"url\":\"https:\/\/unasp.br\/noticias\/\",\"logo\":{\"@type\":\"ImageObject\",\"inLanguage\":\"pt-BR\",\"@id\":\"https:\/\/unasp.br\/noticias\/#\/schema\/logo\/image\/\",\"url\":\"https:\/\/cdn.unasp.br\/noticias\/wp-content\/uploads\/2021\/09\/09152724\/logo-unasp-news.png\",\"contentUrl\":\"https:\/\/cdn.unasp.br\/noticias\/wp-content\/uploads\/2021\/09\/09152724\/logo-unasp-news.png\",\"width\":240,\"height\":41,\"caption\":\"UNASP Noticias\"},\"image\":{\"@id\":\"https:\/\/unasp.br\/noticias\/#\/schema\/logo\/image\/\"}},{\"@type\":\"Person\",\"@id\":\"https:\/\/unasp.br\/noticias\/#\/schema\/person\/e3b8f8e8b1d3759eda9f61d2bb12b6d7\",\"name\":\"UNASP - TI-DESENVOLVIMENTO\",\"image\":{\"@type\":\"ImageObject\",\"inLanguage\":\"pt-BR\",\"@id\":\"https:\/\/unasp.br\/noticias\/#\/schema\/person\/image\/\",\"url\":\"https:\/\/secure.gravatar.com\/avatar\/88a02b7e6ee37f47de0ecad3877878b0?s=96&d=mm&r=g\",\"contentUrl\":\"https:\/\/secure.gravatar.com\/avatar\/88a02b7e6ee37f47de0ecad3877878b0?s=96&d=mm&r=g\",\"caption\":\"UNASP - TI-DESENVOLVIMENTO\"},\"url\":\"https:\/\/unasp.br\/noticias\/author\/admindefault-com\/\"}]}<\/script>\n<!-- \/ Yoast SEO plugin. -->","yoast_head_json":{"title":"Feira de sa\u00fade mobiliza comunidade do Unasp","description":"O Unasp realizou no domingo (2) uma feira de sa\u00fade. O evento foi aberto \u00e0 comunidade para o acesso aos profissionais e incentivar exames regularmente.","robots":{"index":"index","follow":"follow","max-snippet":"max-snippet:-1","max-image-preview":"max-image-preview:large","max-video-preview":"max-video-preview:-1"},"canonical":"https:\/\/unasp.br\/noticias\/feira-de-saude-mobiliza-comunidade-do-unasp\/","og_locale":"pt_BR","og_type":"article","og_title":"Feira de sa\u00fade mobiliza comunidade do Unasp","og_description":"O Unasp realizou no domingo (2) uma feira de sa\u00fade. O evento foi aberto \u00e0 comunidade para o acesso aos profissionais e incentivar exames regularmente.","og_url":"https:\/\/unasp.br\/noticias\/feira-de-saude-mobiliza-comunidade-do-unasp\/","og_site_name":"UNASP Noticias","article_published_time":"2019-06-03T15:22:48+00:00","og_image":[{"width":1280,"height":960,"url":"https:\/\/cdn.unasp.br\/noticias\/wp-content\/uploads\/2019\/06\/03091942\/Feira-de-sa%C3%BAde-do-Unasp.jpeg","type":"image\/jpeg"}],"author":"UNASP - TI-DESENVOLVIMENTO","twitter_card":"summary_large_image","twitter_misc":{"Escrito por":"UNASP - TI-DESENVOLVIMENTO","Est. tempo de leitura":"2 minutos"},"schema":{"@context":"https:\/\/schema.org","@graph":[{"@type":"Article","@id":"https:\/\/unasp.br\/noticias\/feira-de-saude-mobiliza-comunidade-do-unasp\/#article","isPartOf":{"@id":"https:\/\/unasp.br\/noticias\/feira-de-saude-mobiliza-comunidade-do-unasp\/"},"author":{"name":"UNASP - TI-DESENVOLVIMENTO","@id":"https:\/\/unasp.br\/noticias\/#\/schema\/person\/e3b8f8e8b1d3759eda9f61d2bb12b6d7"},"headline":"Feira de sa\u00fade mobiliza comunidade do Unasp","datePublished":"2019-06-03T15:22:48+00:00","dateModified":"2019-06-03T15:22:48+00:00","mainEntityOfPage":{"@id":"https:\/\/unasp.br\/noticias\/feira-de-saude-mobiliza-comunidade-do-unasp\/"},"wordCount":332,"commentCount":0,"publisher":{"@id":"https:\/\/unasp.br\/noticias\/#organization"},"image":{"@id":"https:\/\/unasp.br\/noticias\/feira-de-saude-mobiliza-comunidade-do-unasp\/#primaryimage"},"thumbnailUrl":"https:\/\/cdn.unasp.br\/noticias\/wp-content\/uploads\/2019\/06\/03091942\/Feira-de-sa%C3%BAde-do-Unasp.jpeg","articleSection":["Impacto Social"],"inLanguage":"pt-BR","potentialAction":[{"@type":"CommentAction","name":"Comment","target":["https:\/\/unasp.br\/noticias\/feira-de-saude-mobiliza-comunidade-do-unasp\/#respond"]}]},{"@type":"WebPage","@id":"https:\/\/unasp.br\/noticias\/feira-de-saude-mobiliza-comunidade-do-unasp\/","url":"https:\/\/unasp.br\/noticias\/feira-de-saude-mobiliza-comunidade-do-unasp\/","name":"Feira de sa\u00fade mobiliza comunidade do Unasp","isPartOf":{"@id":"https:\/\/unasp.br\/noticias\/#website"},"primaryImageOfPage":{"@id":"https:\/\/unasp.br\/noticias\/feira-de-saude-mobiliza-comunidade-do-unasp\/#primaryimage"},"image":{"@id":"https:\/\/unasp.br\/noticias\/feira-de-saude-mobiliza-comunidade-do-unasp\/#primaryimage"},"thumbnailUrl":"https:\/\/cdn.unasp.br\/noticias\/wp-content\/uploads\/2019\/06\/03091942\/Feira-de-sa%C3%BAde-do-Unasp.jpeg","datePublished":"2019-06-03T15:22:48+00:00","dateModified":"2019-06-03T15:22:48+00:00","description":"O Unasp realizou no domingo (2) uma feira de sa\u00fade. O evento foi aberto \u00e0 comunidade para o acesso aos profissionais e incentivar exames regularmente.","breadcrumb":{"@id":"https:\/\/unasp.br\/noticias\/feira-de-saude-mobiliza-comunidade-do-unasp\/#breadcrumb"},"inLanguage":"pt-BR","potentialAction":[{"@type":"ReadAction","target":["https:\/\/unasp.br\/noticias\/feira-de-saude-mobiliza-comunidade-do-unasp\/"]}]},{"@type":"ImageObject","inLanguage":"pt-BR","@id":"https:\/\/unasp.br\/noticias\/feira-de-saude-mobiliza-comunidade-do-unasp\/#primaryimage","url":"https:\/\/cdn.unasp.br\/noticias\/wp-content\/uploads\/2019\/06\/03091942\/Feira-de-sa%C3%BAde-do-Unasp.jpeg","contentUrl":"https:\/\/cdn.unasp.br\/noticias\/wp-content\/uploads\/2019\/06\/03091942\/Feira-de-sa%C3%BAde-do-Unasp.jpeg","width":1280,"height":960},{"@type":"BreadcrumbList","@id":"https:\/\/unasp.br\/noticias\/feira-de-saude-mobiliza-comunidade-do-unasp\/#breadcrumb","itemListElement":[{"@type":"ListItem","position":1,"name":"In\u00edcio","item":"https:\/\/unasp.br\/noticias\/"},{"@type":"ListItem","position":2,"name":"Feira de sa\u00fade mobiliza comunidade do Unasp"}]},{"@type":"WebSite","@id":"https:\/\/unasp.br\/noticias\/#website","url":"https:\/\/unasp.br\/noticias\/","name":"UNASP Noticias","description":"Centro Universit\u00e1rio Adventista de S\u00e3o Paulo","publisher":{"@id":"https:\/\/unasp.br\/noticias\/#organization"},"potentialAction":[{"@type":"SearchAction","target":{"@type":"EntryPoint","urlTemplate":"https:\/\/unasp.br\/noticias\/?s={search_term_string}"},"query-input":{"@type":"PropertyValueSpecification","valueRequired":true,"valueName":"search_term_string"}}],"inLanguage":"pt-BR"},{"@type":"Organization","@id":"https:\/\/unasp.br\/noticias\/#organization","name":"UNASP Noticias","url":"https:\/\/unasp.br\/noticias\/","logo":{"@type":"ImageObject","inLanguage":"pt-BR","@id":"https:\/\/unasp.br\/noticias\/#\/schema\/logo\/image\/","url":"https:\/\/cdn.unasp.br\/noticias\/wp-content\/uploads\/2021\/09\/09152724\/logo-unasp-news.png","contentUrl":"https:\/\/cdn.unasp.br\/noticias\/wp-content\/uploads\/2021\/09\/09152724\/logo-unasp-news.png","width":240,"height":41,"caption":"UNASP Noticias"},"image":{"@id":"https:\/\/unasp.br\/noticias\/#\/schema\/logo\/image\/"}},{"@type":"Person","@id":"https:\/\/unasp.br\/noticias\/#\/schema\/person\/e3b8f8e8b1d3759eda9f61d2bb12b6d7","name":"UNASP - TI-DESENVOLVIMENTO","image":{"@type":"ImageObject","inLanguage":"pt-BR","@id":"https:\/\/unasp.br\/noticias\/#\/schema\/person\/image\/","url":"https:\/\/secure.gravatar.com\/avatar\/88a02b7e6ee37f47de0ecad3877878b0?s=96&d=mm&r=g","contentUrl":"https:\/\/secure.gravatar.com\/avatar\/88a02b7e6ee37f47de0ecad3877878b0?s=96&d=mm&r=g","caption":"UNASP - TI-DESENVOLVIMENTO"},"url":"https:\/\/unasp.br\/noticias\/author\/admindefault-com\/"}]}},"_links":{"self":[{"href":"https:\/\/unasp.br\/noticias\/wp-json\/wp\/v2\/posts\/60341"}],"collection":[{"href":"https:\/\/unasp.br\/noticias\/wp-json\/wp\/v2\/posts"}],"about":[{"href":"https:\/\/unasp.br\/noticias\/wp-json\/wp\/v2\/types\/post"}],"author":[{"embeddable":true,"href":"https:\/\/unasp.br\/noticias\/wp-json\/wp\/v2\/users\/80"}],"replies":[{"embeddable":true,"href":"https:\/\/unasp.br\/noticias\/wp-json\/wp\/v2\/comments?post=60341"}],"version-history":[{"count":1,"href":"https:\/\/unasp.br\/noticias\/wp-json\/wp\/v2\/posts\/60341\/revisions"}],"predecessor-version":[{"id":60344,"href":"https:\/\/unasp.br\/noticias\/wp-json\/wp\/v2\/posts\/60341\/revisions\/60344"}],"wp:featuredmedia":[{"embeddable":true,"href":"https:\/\/unasp.br\/noticias\/wp-json\/wp\/v2\/media\/60342"}],"wp:attachment":[{"href":"https:\/\/unasp.br\/noticias\/wp-json\/wp\/v2\/media?parent=60341"}],"wp:term":[{"taxonomy":"category","embeddable":true,"href":"https:\/\/unasp.br\/noticias\/wp-json\/wp\/v2\/categories?post=60341"},{"taxonomy":"post_tag","embeddable":true,"href":"https:\/\/unasp.br\/noticias\/wp-json\/wp\/v2\/tags?post=60341"}],"curies":[{"name":"wp","href":"https:\/\/api.w.org\/{rel}","templated":true}]}}